{"id":30338,"date":"2023-08-26T21:04:47","date_gmt":"2023-08-26T21:04:47","guid":{"rendered":"https:\/\/noti-america.com\/site\/venezuela\/?p=30338"},"modified":"2023-08-26T21:04:47","modified_gmt":"2023-08-26T21:04:47","slug":"en-lagunillas-continuan-acciones-concretas-por-la-recuperacion-del-lago-de-maracaibo","status":"publish","type":"post","link":"https:\/\/noti-america.com\/site\/venezuela\/2023\/08\/26\/en-lagunillas-continuan-acciones-concretas-por-la-recuperacion-del-lago-de-maracaibo\/","title":{"rendered":"En Lagunillas contin\u00faan acciones concretas por la recuperaci\u00f3n del Lago de Maracaibo"},"content":{"rendered":"<p style=\"text-align: justify\"><!--more--><img loading=\"lazy\" decoding=\"async\" class=\"size-medium wp-image-30330 aligncenter\" src=\"https:\/\/noti-america.com\/site\/venezuela\/wp-content\/uploads\/sites\/2\/2023\/08\/IMG-20230825-WA0229-300x169.jpg\" alt=\"\" width=\"300\" height=\"169\" srcset=\"https:\/\/noti-america.com\/site\/venezuela\/wp-content\/uploads\/sites\/2\/2023\/08\/IMG-20230825-WA0229-300x169.jpg 300w, https:\/\/noti-america.com\/site\/venezuela\/wp-content\/uploads\/sites\/2\/2023\/08\/IMG-20230825-WA0229-1024x576.jpg 1024w, https:\/\/noti-america.com\/site\/venezuela\/wp-content\/uploads\/sites\/2\/2023\/08\/IMG-20230825-WA0229-768x432.jpg 768w, https:\/\/noti-america.com\/site\/venezuela\/wp-content\/uploads\/sites\/2\/2023\/08\/IMG-20230825-WA0229.jpg 1280w\" sizes=\"auto, (max-width: 300px) 100vw, 300px\" \/><\/p>\r\n\r\n<p style=\"text-align: justify\"><br \/><strong>Continuando con el Plan de Rescate y Salvamento de las riberas del Lago de Maracaibo, este viernes 25 de agosto, el alcalde del municipio Lagunillas, Jos\u00e9 Mosquera Adarme, en compa\u00f1\u00eda de los organismos de prevenci\u00f3n y seguridad, primera dama, concejales, direcciones de la Alcald\u00eda y personal del ayuntamiento local, llevaron a cabo las cuartas jornadas de limpieza de las costas del estuario.<\/strong><br \/><img loading=\"lazy\" decoding=\"async\" class=\"size-medium wp-image-30331 aligncenter\" src=\"https:\/\/noti-america.com\/site\/venezuela\/wp-content\/uploads\/sites\/2\/2023\/08\/IMG-20230825-WA0228-300x169.jpg\" alt=\"\" width=\"300\" height=\"169\" srcset=\"https:\/\/noti-america.com\/site\/venezuela\/wp-content\/uploads\/sites\/2\/2023\/08\/IMG-20230825-WA0228-300x169.jpg 300w, https:\/\/noti-america.com\/site\/venezuela\/wp-content\/uploads\/sites\/2\/2023\/08\/IMG-20230825-WA0228-1024x576.jpg 1024w, https:\/\/noti-america.com\/site\/venezuela\/wp-content\/uploads\/sites\/2\/2023\/08\/IMG-20230825-WA0228-768x432.jpg 768w, https:\/\/noti-america.com\/site\/venezuela\/wp-content\/uploads\/sites\/2\/2023\/08\/IMG-20230825-WA0228.jpg 1280w\" sizes=\"auto, (max-width: 300px) 100vw, 300px\" \/><br \/>El sector Altagracia, parroquia Venezuela, municipio Lagunillas, fue el escenario en el que se dio cita un grupo de m\u00e1s de 200 personas que realizaron labores de recolecci\u00f3n de desechos s\u00f3lidos, siguiendo el trabajo mancomunado que impulsa el gobierno nacional, regional y local por la recuperaci\u00f3n del Coquivacoa.<br \/>El primer mandatario local dijo que se acent\u00faan los esfuerzos por algo tan importante y vital como es el rescate de nuestro lago de Maracaibo. <br \/><img loading=\"lazy\" decoding=\"async\" class=\"size-medium wp-image-30331 aligncenter\" src=\"https:\/\/noti-america.com\/site\/venezuela\/wp-content\/uploads\/sites\/2\/2023\/08\/IMG-20230825-WA0228-300x169.jpg\" alt=\"\" width=\"300\" height=\"169\" srcset=\"https:\/\/noti-america.com\/site\/venezuela\/wp-content\/uploads\/sites\/2\/2023\/08\/IMG-20230825-WA0228-300x169.jpg 300w, https:\/\/noti-america.com\/site\/venezuela\/wp-content\/uploads\/sites\/2\/2023\/08\/IMG-20230825-WA0228-1024x576.jpg 1024w, https:\/\/noti-america.com\/site\/venezuela\/wp-content\/uploads\/sites\/2\/2023\/08\/IMG-20230825-WA0228-768x432.jpg 768w, https:\/\/noti-america.com\/site\/venezuela\/wp-content\/uploads\/sites\/2\/2023\/08\/IMG-20230825-WA0228.jpg 1280w\" sizes=\"auto, (max-width: 300px) 100vw, 300px\" \/><br \/>\u00abDebemos reconocer la seriedad y el empe\u00f1o puesto por los tres niveles de gobierno por esta causa justa. En este sentido, quiero informar que hoy estamos haciendo uso del material y herramientas que nos proporcion\u00f3 el Ejecutivo Nacional para hacer m\u00e1s efectivas estas jornadas de limpieza \u00ab.<br \/><img loading=\"lazy\" decoding=\"async\" class=\"size-medium wp-image-30334 aligncenter\" src=\"https:\/\/noti-america.com\/site\/venezuela\/wp-content\/uploads\/sites\/2\/2023\/08\/IMG-20230825-WA0234-300x169.jpg\" alt=\"\" width=\"300\" height=\"169\" srcset=\"https:\/\/noti-america.com\/site\/venezuela\/wp-content\/uploads\/sites\/2\/2023\/08\/IMG-20230825-WA0234-300x169.jpg 300w, https:\/\/noti-america.com\/site\/venezuela\/wp-content\/uploads\/sites\/2\/2023\/08\/IMG-20230825-WA0234-1024x576.jpg 1024w, https:\/\/noti-america.com\/site\/venezuela\/wp-content\/uploads\/sites\/2\/2023\/08\/IMG-20230825-WA0234-768x432.jpg 768w, https:\/\/noti-america.com\/site\/venezuela\/wp-content\/uploads\/sites\/2\/2023\/08\/IMG-20230825-WA0234.jpg 1280w\" sizes=\"auto, (max-width: 300px) 100vw, 300px\" \/><br \/><em>Mosquera envi\u00f3 su agradecimiento al Ejecutivo Nacional por este material donado para continuar esas labores de recuperaci\u00f3n del Lago. \u00abEstamos aqu\u00ed para hacer entrega de lo que recibimos en Corpozulia por parte del General N\u00e9stor Reverol y toda una comitiva venida desde Caracas. Reciben estos equipos y herramientas Bomberos de Lagunillas, PC, Conare, Bomberos Forestales, Imparque, Sedemaul, Ingenier\u00eda Municipal, Imvih, Ambiente, Polilagunillas, Polic\u00eda Regional, todos abocados a la limpieza de las costas\u00bb.<\/em><\/p>\r\n<p style=\"text-align: justify\"><img loading=\"lazy\" decoding=\"async\" class=\"size-medium wp-image-30335 aligncenter\" src=\"https:\/\/noti-america.com\/site\/venezuela\/wp-content\/uploads\/sites\/2\/2023\/08\/IMG-20230825-WA0235-300x169.jpg\" alt=\"\" width=\"300\" height=\"169\" srcset=\"https:\/\/noti-america.com\/site\/venezuela\/wp-content\/uploads\/sites\/2\/2023\/08\/IMG-20230825-WA0235-300x169.jpg 300w, https:\/\/noti-america.com\/site\/venezuela\/wp-content\/uploads\/sites\/2\/2023\/08\/IMG-20230825-WA0235-1024x576.jpg 1024w, https:\/\/noti-america.com\/site\/venezuela\/wp-content\/uploads\/sites\/2\/2023\/08\/IMG-20230825-WA0235-768x432.jpg 768w, https:\/\/noti-america.com\/site\/venezuela\/wp-content\/uploads\/sites\/2\/2023\/08\/IMG-20230825-WA0235.jpg 1280w\" sizes=\"auto, (max-width: 300px) 100vw, 300px\" \/><br \/><em>El alcalde de Lagunillas manifest\u00f3 que se est\u00e1 haciendo un gran esfuerzo y hay el compromiso de todos por recuperar el Lago de Maracaibo. \u00abNosotros desde el gobierno local a trav\u00e9s de Sedemaul, Ingenier\u00eda Municipal e Imvih iniciamos la limpieza de la planta de tratamiento ubicada en la carretera \u00abJ\u00bb con 44, esto luego de algunas conversaciones sostenidas con autoridades nacionales. En los pr\u00f3ximos d\u00edas tendremos la visita del Ministro Reverol, as\u00ed como representantes de otros ministerios, de Hidrolago, quienes inspeccionaron estas importantes instalaciones. Tenemos fe que se van a recuperar las plantas principales del Zulia y evitar as\u00ed que sigan cayendo aguas negras al lago\u00bb, dijo finalmente Mosquera.<\/em><br \/><br \/>Fuente: Nota de Prensa<\/p>\r\n","protected":false},"excerpt":{"rendered":"","protected":false},"author":40,"featured_media":30336,"comment_status":"open","ping_status":"open","sticky":false,"template":"","format":"standard","meta":{"_acf_changed":false,"om_disable_all_campaigns":false,"rop_custom_images_group":[],"rop_custom_messages_group":[],"rop_publish_now":"initial","rop_publish_now_accounts":{"twitter_242054905_242054905":""},"rop_publish_now_history":[],"rop_publish_now_status":"pending","_uf_show_specific_survey":0,"_uf_disable_surveys":false,"footnotes":""},"categories":[170,156],"tags":[221,222],"class_list":["post-30338","post","type-post","status-publish","format-standard","has-post-thumbnail","hentry","category-medio-ambiente","category-venezuela","tag-ciudad-ojeda","tag-zulia"],"acf":[],"aioseo_notices":[],"yoast_head":"<!-- This site is optimized with the Yoast SEO Premium plugin v24.9 (Yoast SEO v27.2) - https:\/\/yoast.com\/product\/yoast-seo-premium-wordpress\/ -->\n<title>En Lagunillas contin\u00faan acciones concretas por la recuperaci\u00f3n del Lago de Maracaibo - Venezuela | Noti-America.com<\/title>\n<meta name=\"robots\" content=\"index, follow, max-snippet:-1, max-image-preview:large, max-video-preview:-1\" \/>\n<link rel=\"canonical\" href=\"https:\/\/noti-america.com\/site\/venezuela\/2023\/08\/26\/en-lagunillas-continuan-acciones-concretas-por-la-recuperacion-del-lago-de-maracaibo\/\" \/>\n<meta property=\"og:locale\" content=\"es_ES\" \/>\n<meta property=\"og:type\" content=\"article\" \/>\n<meta property=\"og:title\" content=\"En Lagunillas contin\u00faan acciones concretas por la recuperaci\u00f3n del Lago de Maracaibo\" \/>\n<meta property=\"og:url\" content=\"https:\/\/noti-america.com\/site\/venezuela\/2023\/08\/26\/en-lagunillas-continuan-acciones-concretas-por-la-recuperacion-del-lago-de-maracaibo\/\" \/>\n<meta property=\"og:site_name\" content=\"Venezuela | Noti-America.com\" \/>\n<meta property=\"article:published_time\" content=\"2023-08-26T21:04:47+00:00\" \/>\n<meta property=\"og:image\" content=\"https:\/\/noti-america.com\/site\/venezuela\/wp-content\/uploads\/sites\/2\/2023\/08\/IMG-20230825-WA0227.jpg\" \/>\n\t<meta property=\"og:image:width\" content=\"1280\" \/>\n\t<meta property=\"og:image:height\" content=\"720\" \/>\n\t<meta property=\"og:image:type\" content=\"image\/jpeg\" \/>\n<meta name=\"author\" content=\"Hendrick Garcia\" \/>\n<meta name=\"twitter:card\" content=\"summary_large_image\" \/>\n<meta name=\"twitter:label1\" content=\"Escrito por\" \/>\n\t<meta name=\"twitter:data1\" content=\"Hendrick Garcia\" \/>\n\t<meta name=\"twitter:label2\" content=\"Tiempo estimado de lectura\" \/>\n\t<meta name=\"twitter:data2\" content=\"3 minutos\" \/>\n<script type=\"application\/ld+json\" class=\"yoast-schema-graph\">{\"@context\":\"https:\/\/schema.org\",\"@graph\":[{\"@type\":\"Article\",\"@id\":\"https:\/\/noti-america.com\/site\/venezuela\/2023\/08\/26\/en-lagunillas-continuan-acciones-concretas-por-la-recuperacion-del-lago-de-maracaibo\/#article\",\"isPartOf\":{\"@id\":\"https:\/\/noti-america.com\/site\/venezuela\/2023\/08\/26\/en-lagunillas-continuan-acciones-concretas-por-la-recuperacion-del-lago-de-maracaibo\/\"},\"author\":{\"name\":\"Hendrick Garcia\",\"@id\":\"https:\/\/noti-america.com\/site\/venezuela\/#\/schema\/person\/2f37ed06a1cd058e8d611b3d42cce678\"},\"headline\":\"En Lagunillas contin\u00faan acciones concretas por la recuperaci\u00f3n del Lago de Maracaibo\",\"datePublished\":\"2023-08-26T21:04:47+00:00\",\"mainEntityOfPage\":{\"@id\":\"https:\/\/noti-america.com\/site\/venezuela\/2023\/08\/26\/en-lagunillas-continuan-acciones-concretas-por-la-recuperacion-del-lago-de-maracaibo\/\"},\"wordCount\":395,\"commentCount\":0,\"publisher\":{\"@id\":\"https:\/\/noti-america.com\/site\/venezuela\/#organization\"},\"image\":{\"@id\":\"https:\/\/noti-america.com\/site\/venezuela\/2023\/08\/26\/en-lagunillas-continuan-acciones-concretas-por-la-recuperacion-del-lago-de-maracaibo\/#primaryimage\"},\"thumbnailUrl\":\"https:\/\/noti-america.com\/site\/venezuela\/wp-content\/uploads\/sites\/2\/2023\/08\/IMG-20230825-WA0227.jpg\",\"keywords\":[\"ciudad ojeda\",\"zulia\"],\"articleSection\":[\"Medio ambiente\",\"Venezuela\"],\"inLanguage\":\"es\",\"potentialAction\":[{\"@type\":\"CommentAction\",\"name\":\"Comment\",\"target\":[\"https:\/\/noti-america.com\/site\/venezuela\/2023\/08\/26\/en-lagunillas-continuan-acciones-concretas-por-la-recuperacion-del-lago-de-maracaibo\/#respond\"]}]},{\"@type\":\"WebPage\",\"@id\":\"https:\/\/noti-america.com\/site\/venezuela\/2023\/08\/26\/en-lagunillas-continuan-acciones-concretas-por-la-recuperacion-del-lago-de-maracaibo\/\",\"url\":\"https:\/\/noti-america.com\/site\/venezuela\/2023\/08\/26\/en-lagunillas-continuan-acciones-concretas-por-la-recuperacion-del-lago-de-maracaibo\/\",\"name\":\"En Lagunillas contin\u00faan acciones concretas por la recuperaci\u00f3n del Lago de Maracaibo - Venezuela | Noti-America.com\",\"isPartOf\":{\"@id\":\"https:\/\/noti-america.com\/site\/venezuela\/#website\"},\"primaryImageOfPage\":{\"@id\":\"https:\/\/noti-america.com\/site\/venezuela\/2023\/08\/26\/en-lagunillas-continuan-acciones-concretas-por-la-recuperacion-del-lago-de-maracaibo\/#primaryimage\"},\"image\":{\"@id\":\"https:\/\/noti-america.com\/site\/venezuela\/2023\/08\/26\/en-lagunillas-continuan-acciones-concretas-por-la-recuperacion-del-lago-de-maracaibo\/#primaryimage\"},\"thumbnailUrl\":\"https:\/\/noti-america.com\/site\/venezuela\/wp-content\/uploads\/sites\/2\/2023\/08\/IMG-20230825-WA0227.jpg\",\"datePublished\":\"2023-08-26T21:04:47+00:00\",\"breadcrumb\":{\"@id\":\"https:\/\/noti-america.com\/site\/venezuela\/2023\/08\/26\/en-lagunillas-continuan-acciones-concretas-por-la-recuperacion-del-lago-de-maracaibo\/#breadcrumb\"},\"inLanguage\":\"es\",\"potentialAction\":[{\"@type\":\"ReadAction\",\"target\":[\"https:\/\/noti-america.com\/site\/venezuela\/2023\/08\/26\/en-lagunillas-continuan-acciones-concretas-por-la-recuperacion-del-lago-de-maracaibo\/\"]}]},{\"@type\":\"ImageObject\",\"inLanguage\":\"es\",\"@id\":\"https:\/\/noti-america.com\/site\/venezuela\/2023\/08\/26\/en-lagunillas-continuan-acciones-concretas-por-la-recuperacion-del-lago-de-maracaibo\/#primaryimage\",\"url\":\"https:\/\/noti-america.com\/site\/venezuela\/wp-content\/uploads\/sites\/2\/2023\/08\/IMG-20230825-WA0227.jpg\",\"contentUrl\":\"https:\/\/noti-america.com\/site\/venezuela\/wp-content\/uploads\/sites\/2\/2023\/08\/IMG-20230825-WA0227.jpg\",\"width\":1280,\"height\":720},{\"@type\":\"BreadcrumbList\",\"@id\":\"https:\/\/noti-america.com\/site\/venezuela\/2023\/08\/26\/en-lagunillas-continuan-acciones-concretas-por-la-recuperacion-del-lago-de-maracaibo\/#breadcrumb\",\"itemListElement\":[{\"@type\":\"ListItem\",\"position\":1,\"name\":\"Portada\",\"item\":\"https:\/\/noti-america.com\/site\/venezuela\/\"},{\"@type\":\"ListItem\",\"position\":2,\"name\":\"En Lagunillas contin\u00faan acciones concretas por la recuperaci\u00f3n del Lago de Maracaibo\"}]},{\"@type\":\"WebSite\",\"@id\":\"https:\/\/noti-america.com\/site\/venezuela\/#website\",\"url\":\"https:\/\/noti-america.com\/site\/venezuela\/\",\"name\":\"Venezuela | Noti-America.com\",\"description\":\"\",\"publisher\":{\"@id\":\"https:\/\/noti-america.com\/site\/venezuela\/#organization\"},\"potentialAction\":[{\"@type\":\"SearchAction\",\"target\":{\"@type\":\"EntryPoint\",\"urlTemplate\":\"https:\/\/noti-america.com\/site\/venezuela\/?s={search_term_string}\"},\"query-input\":{\"@type\":\"PropertyValueSpecification\",\"valueRequired\":true,\"valueName\":\"search_term_string\"}}],\"inLanguage\":\"es\"},{\"@type\":\"Organization\",\"@id\":\"https:\/\/noti-america.com\/site\/venezuela\/#organization\",\"name\":\"Noti-America LLC | Venezuela\",\"url\":\"https:\/\/noti-america.com\/site\/venezuela\/\",\"logo\":{\"@type\":\"ImageObject\",\"inLanguage\":\"es\",\"@id\":\"https:\/\/noti-america.com\/site\/venezuela\/#\/schema\/logo\/image\/\",\"url\":\"https:\/\/noti-america.com\/site\/venezuela\/wp-content\/uploads\/sites\/2\/2020\/07\/LogoNA-4x3-1.jpg\",\"contentUrl\":\"https:\/\/noti-america.com\/site\/venezuela\/wp-content\/uploads\/sites\/2\/2020\/07\/LogoNA-4x3-1.jpg\",\"width\":1236,\"height\":1080,\"caption\":\"Noti-America LLC | Venezuela\"},\"image\":{\"@id\":\"https:\/\/noti-america.com\/site\/venezuela\/#\/schema\/logo\/image\/\"}},{\"@type\":\"Person\",\"@id\":\"https:\/\/noti-america.com\/site\/venezuela\/#\/schema\/person\/2f37ed06a1cd058e8d611b3d42cce678\",\"name\":\"Hendrick Garcia\",\"image\":{\"@type\":\"ImageObject\",\"inLanguage\":\"es\",\"@id\":\"https:\/\/secure.gravatar.com\/avatar\/07f13ce868ede7f0937b7abbada276f430e4ed25cfff75dbe7f98f95ac02358c?s=96&d=mm&r=g\",\"url\":\"https:\/\/secure.gravatar.com\/avatar\/07f13ce868ede7f0937b7abbada276f430e4ed25cfff75dbe7f98f95ac02358c?s=96&d=mm&r=g\",\"contentUrl\":\"https:\/\/secure.gravatar.com\/avatar\/07f13ce868ede7f0937b7abbada276f430e4ed25cfff75dbe7f98f95ac02358c?s=96&d=mm&r=g\",\"caption\":\"Hendrick Garcia\"},\"url\":\"https:\/\/noti-america.com\/site\/venezuela\/author\/hegarcia\/\"}]}<\/script>\n<!-- \/ Yoast SEO Premium plugin. -->","yoast_head_json":{"title":"En Lagunillas contin\u00faan acciones concretas por la recuperaci\u00f3n del Lago de Maracaibo - Venezuela | Noti-America.com","robots":{"index":"index","follow":"follow","max-snippet":"max-snippet:-1","max-image-preview":"max-image-preview:large","max-video-preview":"max-video-preview:-1"},"canonical":"https:\/\/noti-america.com\/site\/venezuela\/2023\/08\/26\/en-lagunillas-continuan-acciones-concretas-por-la-recuperacion-del-lago-de-maracaibo\/","og_locale":"es_ES","og_type":"article","og_title":"En Lagunillas contin\u00faan acciones concretas por la recuperaci\u00f3n del Lago de Maracaibo","og_url":"https:\/\/noti-america.com\/site\/venezuela\/2023\/08\/26\/en-lagunillas-continuan-acciones-concretas-por-la-recuperacion-del-lago-de-maracaibo\/","og_site_name":"Venezuela | Noti-America.com","article_published_time":"2023-08-26T21:04:47+00:00","og_image":[{"width":1280,"height":720,"url":"https:\/\/noti-america.com\/site\/venezuela\/wp-content\/uploads\/sites\/2\/2023\/08\/IMG-20230825-WA0227.jpg","type":"image\/jpeg"}],"author":"Hendrick Garcia","twitter_card":"summary_large_image","twitter_misc":{"Escrito por":"Hendrick Garcia","Tiempo estimado de lectura":"3 minutos"},"schema":{"@context":"https:\/\/schema.org","@graph":[{"@type":"Article","@id":"https:\/\/noti-america.com\/site\/venezuela\/2023\/08\/26\/en-lagunillas-continuan-acciones-concretas-por-la-recuperacion-del-lago-de-maracaibo\/#article","isPartOf":{"@id":"https:\/\/noti-america.com\/site\/venezuela\/2023\/08\/26\/en-lagunillas-continuan-acciones-concretas-por-la-recuperacion-del-lago-de-maracaibo\/"},"author":{"name":"Hendrick Garcia","@id":"https:\/\/noti-america.com\/site\/venezuela\/#\/schema\/person\/2f37ed06a1cd058e8d611b3d42cce678"},"headline":"En Lagunillas contin\u00faan acciones concretas por la recuperaci\u00f3n del Lago de Maracaibo","datePublished":"2023-08-26T21:04:47+00:00","mainEntityOfPage":{"@id":"https:\/\/noti-america.com\/site\/venezuela\/2023\/08\/26\/en-lagunillas-continuan-acciones-concretas-por-la-recuperacion-del-lago-de-maracaibo\/"},"wordCount":395,"commentCount":0,"publisher":{"@id":"https:\/\/noti-america.com\/site\/venezuela\/#organization"},"image":{"@id":"https:\/\/noti-america.com\/site\/venezuela\/2023\/08\/26\/en-lagunillas-continuan-acciones-concretas-por-la-recuperacion-del-lago-de-maracaibo\/#primaryimage"},"thumbnailUrl":"https:\/\/noti-america.com\/site\/venezuela\/wp-content\/uploads\/sites\/2\/2023\/08\/IMG-20230825-WA0227.jpg","keywords":["ciudad ojeda","zulia"],"articleSection":["Medio ambiente","Venezuela"],"inLanguage":"es","potentialAction":[{"@type":"CommentAction","name":"Comment","target":["https:\/\/noti-america.com\/site\/venezuela\/2023\/08\/26\/en-lagunillas-continuan-acciones-concretas-por-la-recuperacion-del-lago-de-maracaibo\/#respond"]}]},{"@type":"WebPage","@id":"https:\/\/noti-america.com\/site\/venezuela\/2023\/08\/26\/en-lagunillas-continuan-acciones-concretas-por-la-recuperacion-del-lago-de-maracaibo\/","url":"https:\/\/noti-america.com\/site\/venezuela\/2023\/08\/26\/en-lagunillas-continuan-acciones-concretas-por-la-recuperacion-del-lago-de-maracaibo\/","name":"En Lagunillas contin\u00faan acciones concretas por la recuperaci\u00f3n del Lago de Maracaibo - Venezuela | Noti-America.com","isPartOf":{"@id":"https:\/\/noti-america.com\/site\/venezuela\/#website"},"primaryImageOfPage":{"@id":"https:\/\/noti-america.com\/site\/venezuela\/2023\/08\/26\/en-lagunillas-continuan-acciones-concretas-por-la-recuperacion-del-lago-de-maracaibo\/#primaryimage"},"image":{"@id":"https:\/\/noti-america.com\/site\/venezuela\/2023\/08\/26\/en-lagunillas-continuan-acciones-concretas-por-la-recuperacion-del-lago-de-maracaibo\/#primaryimage"},"thumbnailUrl":"https:\/\/noti-america.com\/site\/venezuela\/wp-content\/uploads\/sites\/2\/2023\/08\/IMG-20230825-WA0227.jpg","datePublished":"2023-08-26T21:04:47+00:00","breadcrumb":{"@id":"https:\/\/noti-america.com\/site\/venezuela\/2023\/08\/26\/en-lagunillas-continuan-acciones-concretas-por-la-recuperacion-del-lago-de-maracaibo\/#breadcrumb"},"inLanguage":"es","potentialAction":[{"@type":"ReadAction","target":["https:\/\/noti-america.com\/site\/venezuela\/2023\/08\/26\/en-lagunillas-continuan-acciones-concretas-por-la-recuperacion-del-lago-de-maracaibo\/"]}]},{"@type":"ImageObject","inLanguage":"es","@id":"https:\/\/noti-america.com\/site\/venezuela\/2023\/08\/26\/en-lagunillas-continuan-acciones-concretas-por-la-recuperacion-del-lago-de-maracaibo\/#primaryimage","url":"https:\/\/noti-america.com\/site\/venezuela\/wp-content\/uploads\/sites\/2\/2023\/08\/IMG-20230825-WA0227.jpg","contentUrl":"https:\/\/noti-america.com\/site\/venezuela\/wp-content\/uploads\/sites\/2\/2023\/08\/IMG-20230825-WA0227.jpg","width":1280,"height":720},{"@type":"BreadcrumbList","@id":"https:\/\/noti-america.com\/site\/venezuela\/2023\/08\/26\/en-lagunillas-continuan-acciones-concretas-por-la-recuperacion-del-lago-de-maracaibo\/#breadcrumb","itemListElement":[{"@type":"ListItem","position":1,"name":"Portada","item":"https:\/\/noti-america.com\/site\/venezuela\/"},{"@type":"ListItem","position":2,"name":"En Lagunillas contin\u00faan acciones concretas por la recuperaci\u00f3n del Lago de Maracaibo"}]},{"@type":"WebSite","@id":"https:\/\/noti-america.com\/site\/venezuela\/#website","url":"https:\/\/noti-america.com\/site\/venezuela\/","name":"Venezuela | Noti-America.com","description":"","publisher":{"@id":"https:\/\/noti-america.com\/site\/venezuela\/#organization"},"potentialAction":[{"@type":"SearchAction","target":{"@type":"EntryPoint","urlTemplate":"https:\/\/noti-america.com\/site\/venezuela\/?s={search_term_string}"},"query-input":{"@type":"PropertyValueSpecification","valueRequired":true,"valueName":"search_term_string"}}],"inLanguage":"es"},{"@type":"Organization","@id":"https:\/\/noti-america.com\/site\/venezuela\/#organization","name":"Noti-America LLC | Venezuela","url":"https:\/\/noti-america.com\/site\/venezuela\/","logo":{"@type":"ImageObject","inLanguage":"es","@id":"https:\/\/noti-america.com\/site\/venezuela\/#\/schema\/logo\/image\/","url":"https:\/\/noti-america.com\/site\/venezuela\/wp-content\/uploads\/sites\/2\/2020\/07\/LogoNA-4x3-1.jpg","contentUrl":"https:\/\/noti-america.com\/site\/venezuela\/wp-content\/uploads\/sites\/2\/2020\/07\/LogoNA-4x3-1.jpg","width":1236,"height":1080,"caption":"Noti-America LLC | Venezuela"},"image":{"@id":"https:\/\/noti-america.com\/site\/venezuela\/#\/schema\/logo\/image\/"}},{"@type":"Person","@id":"https:\/\/noti-america.com\/site\/venezuela\/#\/schema\/person\/2f37ed06a1cd058e8d611b3d42cce678","name":"Hendrick Garcia","image":{"@type":"ImageObject","inLanguage":"es","@id":"https:\/\/secure.gravatar.com\/avatar\/07f13ce868ede7f0937b7abbada276f430e4ed25cfff75dbe7f98f95ac02358c?s=96&d=mm&r=g","url":"https:\/\/secure.gravatar.com\/avatar\/07f13ce868ede7f0937b7abbada276f430e4ed25cfff75dbe7f98f95ac02358c?s=96&d=mm&r=g","contentUrl":"https:\/\/secure.gravatar.com\/avatar\/07f13ce868ede7f0937b7abbada276f430e4ed25cfff75dbe7f98f95ac02358c?s=96&d=mm&r=g","caption":"Hendrick Garcia"},"url":"https:\/\/noti-america.com\/site\/venezuela\/author\/hegarcia\/"}]}},"_links":{"self":[{"href":"https:\/\/noti-america.com\/site\/venezuela\/wp-json\/wp\/v2\/posts\/30338","targetHints":{"allow":["GET"]}}],"collection":[{"href":"https:\/\/noti-america.com\/site\/venezuela\/wp-json\/wp\/v2\/posts"}],"about":[{"href":"https:\/\/noti-america.com\/site\/venezuela\/wp-json\/wp\/v2\/types\/post"}],"author":[{"embeddable":true,"href":"https:\/\/noti-america.com\/site\/venezuela\/wp-json\/wp\/v2\/users\/40"}],"replies":[{"embeddable":true,"href":"https:\/\/noti-america.com\/site\/venezuela\/wp-json\/wp\/v2\/comments?post=30338"}],"version-history":[{"count":1,"href":"https:\/\/noti-america.com\/site\/venezuela\/wp-json\/wp\/v2\/posts\/30338\/revisions"}],"predecessor-version":[{"id":30339,"href":"https:\/\/noti-america.com\/site\/venezuela\/wp-json\/wp\/v2\/posts\/30338\/revisions\/30339"}],"wp:featuredmedia":[{"embeddable":true,"href":"https:\/\/noti-america.com\/site\/venezuela\/wp-json\/wp\/v2\/media\/30336"}],"wp:attachment":[{"href":"https:\/\/noti-america.com\/site\/venezuela\/wp-json\/wp\/v2\/media?parent=30338"}],"wp:term":[{"taxonomy":"category","embeddable":true,"href":"https:\/\/noti-america.com\/site\/venezuela\/wp-json\/wp\/v2\/categories?post=30338"},{"taxonomy":"post_tag","embeddable":true,"href":"https:\/\/noti-america.com\/site\/venezuela\/wp-json\/wp\/v2\/tags?post=30338"}],"curies":[{"name":"wp","href":"https:\/\/api.w.org\/{rel}","templated":true}]}}