{"id":2956,"date":"2018-09-04T13:46:25","date_gmt":"2018-09-04T13:46:25","guid":{"rendered":"http:\/\/noti-america.com\/site\/venezuela\/2018\/09\/04\/sin-luz-amanecio-aereopuerto-internacional-de-maiquetia\/"},"modified":"2018-09-04T13:46:25","modified_gmt":"2018-09-04T13:46:25","slug":"sin-luz-amanecio-aereopuerto-internacional-de-maiquetia","status":"publish","type":"post","link":"https:\/\/noti-america.com\/site\/venezuela\/2018\/09\/04\/sin-luz-amanecio-aereopuerto-internacional-de-maiquetia\/","title":{"rendered":"Sin luz amaneci\u00f3 Aereopuerto Internacional de Maiquetia"},"content":{"rendered":"<h3><span style=\"vertical-align: inherit\"><span style=\"vertical-align: inherit\">Justo a las 6:30 de la ma\u00f1ana de este martes se produjo la falla el\u00e9ctrica en el Aereopuerto Internacional de Maiquetia, desconociendo el motivo de este problema el\u00e9ctrico, sin embargo es evidente la decadencia de las instalaciones.<\/span><\/span><\/h3>\n<p><img decoding=\"async\" class=\"aligncenter\" src=\"https:\/\/s3.us-east-2.amazonaws.com\/portal-laneta\/AndresSalazar\/b6d8574857f678ea33d4a03d58d8163f\" \/><br \/>\n<span style=\"vertical-align: inherit\"><span style=\"vertical-align: inherit\">Las instalaciones de la mayor\u00eda del tiempo est\u00e1n tan bien como los locales cerrados, \u00abes un gran caos\u00bb, hacen uso de una forma tranquila, es importante resaltar que toda la base a\u00e9rea se puede encontrar en el aire acondicionado y cuando est\u00e1 funcionando el servicio el\u00e9ctrico. <\/span><\/span><\/p>\n<p><span style=\"vertical-align: inherit\"><span style=\"vertical-align: inherit\">A trav\u00e9s de las redes sociales se puede conocer las molestias causadas por los ciudadanos por esta situaci\u00f3n tan ins\u00f3lita, en la respuesta el aeropuerto en su cuenta de twitter que est\u00e1n \u00abrestableciendo\u00bb la falla y piden \u00abdisculpas\u00bb<\/span><\/span><\/p>\n","protected":false},"excerpt":{"rendered":"<p>Justo a las 6:30 de la ma\u00f1ana de este martes se produjo la falla el\u00e9ctrica en el Aereopuerto Internacional de Maiquetia, desconociendo el motivo de este problema el\u00e9ctrico, sin embargo es evidente la decadencia&#46;&#46;&#46;<\/p>\n","protected":false},"author":4,"featured_media":2957,"comment_status":"open","ping_status":"open","sticky":false,"template":"","format":"standard","meta":{"_acf_changed":false,"om_disable_all_campaigns":false,"rop_custom_images_group":[],"rop_custom_messages_group":[],"rop_publish_now":"initial","rop_publish_now_accounts":{"twitter_242054905_242054905":""},"rop_publish_now_history":[],"rop_publish_now_status":"pending","_uf_show_specific_survey":0,"_uf_disable_surveys":false,"footnotes":""},"categories":[1],"tags":[],"class_list":["post-2956","post","type-post","status-publish","format-standard","has-post-thumbnail","hentry","category-uncategorized"],"acf":[],"aioseo_notices":[],"yoast_head":"<!-- This site is optimized with the Yoast SEO Premium plugin v24.9 (Yoast SEO v27.2) - https:\/\/yoast.com\/product\/yoast-seo-premium-wordpress\/ -->\n<title>Sin luz amaneci\u00f3 Aereopuerto Internacional de Maiquetia - Venezuela | Noti-America.com<\/title>\n<meta name=\"robots\" content=\"index, follow, max-snippet:-1, max-image-preview:large, max-video-preview:-1\" \/>\n<link rel=\"canonical\" href=\"https:\/\/noti-america.com\/site\/venezuela\/2018\/09\/04\/sin-luz-amanecio-aereopuerto-internacional-de-maiquetia\/\" \/>\n<meta property=\"og:locale\" content=\"es_ES\" \/>\n<meta property=\"og:type\" content=\"article\" \/>\n<meta property=\"og:title\" content=\"Sin luz amaneci\u00f3 Aereopuerto Internacional de Maiquetia\" \/>\n<meta property=\"og:description\" content=\"Justo a las 6:30 de la ma\u00f1ana de este martes se produjo la falla el\u00e9ctrica en el Aereopuerto Internacional de Maiquetia, desconociendo el motivo de este problema el\u00e9ctrico, sin embargo es evidente la decadencia&#046;&#046;&#046;\" \/>\n<meta property=\"og:url\" content=\"https:\/\/noti-america.com\/site\/venezuela\/2018\/09\/04\/sin-luz-amanecio-aereopuerto-internacional-de-maiquetia\/\" \/>\n<meta property=\"og:site_name\" content=\"Venezuela | Noti-America.com\" \/>\n<meta property=\"article:author\" content=\"https:\/\/www.facebook.com\/AndresSalazarTV\/\" \/>\n<meta property=\"article:published_time\" content=\"2018-09-04T13:46:25+00:00\" \/>\n<meta property=\"og:image\" content=\"https:\/\/noti-america.com\/site\/venezuela\/wp-content\/uploads\/sites\/2\/2018\/09\/editada-696x467.jpg\" \/>\n\t<meta property=\"og:image:width\" content=\"696\" \/>\n\t<meta property=\"og:image:height\" content=\"467\" \/>\n\t<meta property=\"og:image:type\" content=\"image\/jpeg\" \/>\n<meta name=\"author\" content=\"Andr\u00e9s Salazar TV\" \/>\n<meta name=\"twitter:card\" content=\"summary_large_image\" \/>\n<meta name=\"twitter:label1\" content=\"Escrito por\" \/>\n\t<meta name=\"twitter:data1\" content=\"Andr\u00e9s Salazar TV\" \/>\n\t<meta name=\"twitter:label2\" content=\"Tiempo estimado de lectura\" \/>\n\t<meta name=\"twitter:data2\" content=\"1 minuto\" \/>\n<script type=\"application\/ld+json\" class=\"yoast-schema-graph\">{\"@context\":\"https:\/\/schema.org\",\"@graph\":[{\"@type\":\"Article\",\"@id\":\"https:\/\/noti-america.com\/site\/venezuela\/2018\/09\/04\/sin-luz-amanecio-aereopuerto-internacional-de-maiquetia\/#article\",\"isPartOf\":{\"@id\":\"https:\/\/noti-america.com\/site\/venezuela\/2018\/09\/04\/sin-luz-amanecio-aereopuerto-internacional-de-maiquetia\/\"},\"author\":{\"name\":\"Andr\u00e9s Salazar TV\",\"@id\":\"https:\/\/noti-america.com\/site\/venezuela\/#\/schema\/person\/5536bbfd0e2b9220dabb68be6a79e6a2\"},\"headline\":\"Sin luz amaneci\u00f3 Aereopuerto Internacional de Maiquetia\",\"datePublished\":\"2018-09-04T13:46:25+00:00\",\"mainEntityOfPage\":{\"@id\":\"https:\/\/noti-america.com\/site\/venezuela\/2018\/09\/04\/sin-luz-amanecio-aereopuerto-internacional-de-maiquetia\/\"},\"wordCount\":138,\"commentCount\":0,\"publisher\":{\"@id\":\"https:\/\/noti-america.com\/site\/venezuela\/#organization\"},\"image\":{\"@id\":\"https:\/\/noti-america.com\/site\/venezuela\/2018\/09\/04\/sin-luz-amanecio-aereopuerto-internacional-de-maiquetia\/#primaryimage\"},\"thumbnailUrl\":\"https:\/\/noti-america.com\/site\/venezuela\/wp-content\/uploads\/sites\/2\/2018\/09\/editada-696x467.jpg\",\"articleSection\":[\"Uncategorized\"],\"inLanguage\":\"es\",\"potentialAction\":[{\"@type\":\"CommentAction\",\"name\":\"Comment\",\"target\":[\"https:\/\/noti-america.com\/site\/venezuela\/2018\/09\/04\/sin-luz-amanecio-aereopuerto-internacional-de-maiquetia\/#respond\"]}]},{\"@type\":\"WebPage\",\"@id\":\"https:\/\/noti-america.com\/site\/venezuela\/2018\/09\/04\/sin-luz-amanecio-aereopuerto-internacional-de-maiquetia\/\",\"url\":\"https:\/\/noti-america.com\/site\/venezuela\/2018\/09\/04\/sin-luz-amanecio-aereopuerto-internacional-de-maiquetia\/\",\"name\":\"Sin luz amaneci\u00f3 Aereopuerto Internacional de Maiquetia - Venezuela | Noti-America.com\",\"isPartOf\":{\"@id\":\"https:\/\/noti-america.com\/site\/venezuela\/#website\"},\"primaryImageOfPage\":{\"@id\":\"https:\/\/noti-america.com\/site\/venezuela\/2018\/09\/04\/sin-luz-amanecio-aereopuerto-internacional-de-maiquetia\/#primaryimage\"},\"image\":{\"@id\":\"https:\/\/noti-america.com\/site\/venezuela\/2018\/09\/04\/sin-luz-amanecio-aereopuerto-internacional-de-maiquetia\/#primaryimage\"},\"thumbnailUrl\":\"https:\/\/noti-america.com\/site\/venezuela\/wp-content\/uploads\/sites\/2\/2018\/09\/editada-696x467.jpg\",\"datePublished\":\"2018-09-04T13:46:25+00:00\",\"breadcrumb\":{\"@id\":\"https:\/\/noti-america.com\/site\/venezuela\/2018\/09\/04\/sin-luz-amanecio-aereopuerto-internacional-de-maiquetia\/#breadcrumb\"},\"inLanguage\":\"es\",\"potentialAction\":[{\"@type\":\"ReadAction\",\"target\":[\"https:\/\/noti-america.com\/site\/venezuela\/2018\/09\/04\/sin-luz-amanecio-aereopuerto-internacional-de-maiquetia\/\"]}]},{\"@type\":\"ImageObject\",\"inLanguage\":\"es\",\"@id\":\"https:\/\/noti-america.com\/site\/venezuela\/2018\/09\/04\/sin-luz-amanecio-aereopuerto-internacional-de-maiquetia\/#primaryimage\",\"url\":\"https:\/\/noti-america.com\/site\/venezuela\/wp-content\/uploads\/sites\/2\/2018\/09\/editada-696x467.jpg\",\"contentUrl\":\"https:\/\/noti-america.com\/site\/venezuela\/wp-content\/uploads\/sites\/2\/2018\/09\/editada-696x467.jpg\",\"width\":696,\"height\":467},{\"@type\":\"BreadcrumbList\",\"@id\":\"https:\/\/noti-america.com\/site\/venezuela\/2018\/09\/04\/sin-luz-amanecio-aereopuerto-internacional-de-maiquetia\/#breadcrumb\",\"itemListElement\":[{\"@type\":\"ListItem\",\"position\":1,\"name\":\"Portada\",\"item\":\"https:\/\/noti-america.com\/site\/venezuela\/\"},{\"@type\":\"ListItem\",\"position\":2,\"name\":\"Sin luz amaneci\u00f3 Aereopuerto Internacional de Maiquetia\"}]},{\"@type\":\"WebSite\",\"@id\":\"https:\/\/noti-america.com\/site\/venezuela\/#website\",\"url\":\"https:\/\/noti-america.com\/site\/venezuela\/\",\"name\":\"Venezuela | Noti-America.com\",\"description\":\"\",\"publisher\":{\"@id\":\"https:\/\/noti-america.com\/site\/venezuela\/#organization\"},\"potentialAction\":[{\"@type\":\"SearchAction\",\"target\":{\"@type\":\"EntryPoint\",\"urlTemplate\":\"https:\/\/noti-america.com\/site\/venezuela\/?s={search_term_string}\"},\"query-input\":{\"@type\":\"PropertyValueSpecification\",\"valueRequired\":true,\"valueName\":\"search_term_string\"}}],\"inLanguage\":\"es\"},{\"@type\":\"Organization\",\"@id\":\"https:\/\/noti-america.com\/site\/venezuela\/#organization\",\"name\":\"Noti-America LLC | Venezuela\",\"url\":\"https:\/\/noti-america.com\/site\/venezuela\/\",\"logo\":{\"@type\":\"ImageObject\",\"inLanguage\":\"es\",\"@id\":\"https:\/\/noti-america.com\/site\/venezuela\/#\/schema\/logo\/image\/\",\"url\":\"https:\/\/noti-america.com\/site\/venezuela\/wp-content\/uploads\/sites\/2\/2020\/07\/LogoNA-4x3-1.jpg\",\"contentUrl\":\"https:\/\/noti-america.com\/site\/venezuela\/wp-content\/uploads\/sites\/2\/2020\/07\/LogoNA-4x3-1.jpg\",\"width\":1236,\"height\":1080,\"caption\":\"Noti-America LLC | Venezuela\"},\"image\":{\"@id\":\"https:\/\/noti-america.com\/site\/venezuela\/#\/schema\/logo\/image\/\"}},{\"@type\":\"Person\",\"@id\":\"https:\/\/noti-america.com\/site\/venezuela\/#\/schema\/person\/5536bbfd0e2b9220dabb68be6a79e6a2\",\"name\":\"Andr\u00e9s Salazar TV\",\"image\":{\"@type\":\"ImageObject\",\"inLanguage\":\"es\",\"@id\":\"https:\/\/secure.gravatar.com\/avatar\/afe6826ba750395b641021d9bf08e5496b9d29671cfabb16346350901fb94310?s=96&d=mm&r=g\",\"url\":\"https:\/\/secure.gravatar.com\/avatar\/afe6826ba750395b641021d9bf08e5496b9d29671cfabb16346350901fb94310?s=96&d=mm&r=g\",\"contentUrl\":\"https:\/\/secure.gravatar.com\/avatar\/afe6826ba750395b641021d9bf08e5496b9d29671cfabb16346350901fb94310?s=96&d=mm&r=g\",\"caption\":\"Andr\u00e9s Salazar TV\"},\"description\":\"Periodista venezolano, especializado en deportes. Con m\u00e1s de 12 a\u00f1os de experiencia en medios de comunicaci\u00f3n. Cobertura informativa de los grandes eventos deportivos de Am\u00e9rica Latina y el Mundo.\",\"sameAs\":[\"https:\/\/www.facebook.com\/AndresSalazarTV\/\"],\"url\":\"https:\/\/noti-america.com\/site\/venezuela\/author\/asalazar\/\"}]}<\/script>\n<!-- \/ Yoast SEO Premium plugin. -->","yoast_head_json":{"title":"Sin luz amaneci\u00f3 Aereopuerto Internacional de Maiquetia - Venezuela | Noti-America.com","robots":{"index":"index","follow":"follow","max-snippet":"max-snippet:-1","max-image-preview":"max-image-preview:large","max-video-preview":"max-video-preview:-1"},"canonical":"https:\/\/noti-america.com\/site\/venezuela\/2018\/09\/04\/sin-luz-amanecio-aereopuerto-internacional-de-maiquetia\/","og_locale":"es_ES","og_type":"article","og_title":"Sin luz amaneci\u00f3 Aereopuerto Internacional de Maiquetia","og_description":"Justo a las 6:30 de la ma\u00f1ana de este martes se produjo la falla el\u00e9ctrica en el Aereopuerto Internacional de Maiquetia, desconociendo el motivo de este problema el\u00e9ctrico, sin embargo es evidente la decadencia&#46;&#46;&#46;","og_url":"https:\/\/noti-america.com\/site\/venezuela\/2018\/09\/04\/sin-luz-amanecio-aereopuerto-internacional-de-maiquetia\/","og_site_name":"Venezuela | Noti-America.com","article_author":"https:\/\/www.facebook.com\/AndresSalazarTV\/","article_published_time":"2018-09-04T13:46:25+00:00","og_image":[{"width":696,"height":467,"url":"https:\/\/noti-america.com\/site\/venezuela\/wp-content\/uploads\/sites\/2\/2018\/09\/editada-696x467.jpg","type":"image\/jpeg"}],"author":"Andr\u00e9s Salazar TV","twitter_card":"summary_large_image","twitter_misc":{"Escrito por":"Andr\u00e9s Salazar TV","Tiempo estimado de lectura":"1 minuto"},"schema":{"@context":"https:\/\/schema.org","@graph":[{"@type":"Article","@id":"https:\/\/noti-america.com\/site\/venezuela\/2018\/09\/04\/sin-luz-amanecio-aereopuerto-internacional-de-maiquetia\/#article","isPartOf":{"@id":"https:\/\/noti-america.com\/site\/venezuela\/2018\/09\/04\/sin-luz-amanecio-aereopuerto-internacional-de-maiquetia\/"},"author":{"name":"Andr\u00e9s Salazar TV","@id":"https:\/\/noti-america.com\/site\/venezuela\/#\/schema\/person\/5536bbfd0e2b9220dabb68be6a79e6a2"},"headline":"Sin luz amaneci\u00f3 Aereopuerto Internacional de Maiquetia","datePublished":"2018-09-04T13:46:25+00:00","mainEntityOfPage":{"@id":"https:\/\/noti-america.com\/site\/venezuela\/2018\/09\/04\/sin-luz-amanecio-aereopuerto-internacional-de-maiquetia\/"},"wordCount":138,"commentCount":0,"publisher":{"@id":"https:\/\/noti-america.com\/site\/venezuela\/#organization"},"image":{"@id":"https:\/\/noti-america.com\/site\/venezuela\/2018\/09\/04\/sin-luz-amanecio-aereopuerto-internacional-de-maiquetia\/#primaryimage"},"thumbnailUrl":"https:\/\/noti-america.com\/site\/venezuela\/wp-content\/uploads\/sites\/2\/2018\/09\/editada-696x467.jpg","articleSection":["Uncategorized"],"inLanguage":"es","potentialAction":[{"@type":"CommentAction","name":"Comment","target":["https:\/\/noti-america.com\/site\/venezuela\/2018\/09\/04\/sin-luz-amanecio-aereopuerto-internacional-de-maiquetia\/#respond"]}]},{"@type":"WebPage","@id":"https:\/\/noti-america.com\/site\/venezuela\/2018\/09\/04\/sin-luz-amanecio-aereopuerto-internacional-de-maiquetia\/","url":"https:\/\/noti-america.com\/site\/venezuela\/2018\/09\/04\/sin-luz-amanecio-aereopuerto-internacional-de-maiquetia\/","name":"Sin luz amaneci\u00f3 Aereopuerto Internacional de Maiquetia - Venezuela | Noti-America.com","isPartOf":{"@id":"https:\/\/noti-america.com\/site\/venezuela\/#website"},"primaryImageOfPage":{"@id":"https:\/\/noti-america.com\/site\/venezuela\/2018\/09\/04\/sin-luz-amanecio-aereopuerto-internacional-de-maiquetia\/#primaryimage"},"image":{"@id":"https:\/\/noti-america.com\/site\/venezuela\/2018\/09\/04\/sin-luz-amanecio-aereopuerto-internacional-de-maiquetia\/#primaryimage"},"thumbnailUrl":"https:\/\/noti-america.com\/site\/venezuela\/wp-content\/uploads\/sites\/2\/2018\/09\/editada-696x467.jpg","datePublished":"2018-09-04T13:46:25+00:00","breadcrumb":{"@id":"https:\/\/noti-america.com\/site\/venezuela\/2018\/09\/04\/sin-luz-amanecio-aereopuerto-internacional-de-maiquetia\/#breadcrumb"},"inLanguage":"es","potentialAction":[{"@type":"ReadAction","target":["https:\/\/noti-america.com\/site\/venezuela\/2018\/09\/04\/sin-luz-amanecio-aereopuerto-internacional-de-maiquetia\/"]}]},{"@type":"ImageObject","inLanguage":"es","@id":"https:\/\/noti-america.com\/site\/venezuela\/2018\/09\/04\/sin-luz-amanecio-aereopuerto-internacional-de-maiquetia\/#primaryimage","url":"https:\/\/noti-america.com\/site\/venezuela\/wp-content\/uploads\/sites\/2\/2018\/09\/editada-696x467.jpg","contentUrl":"https:\/\/noti-america.com\/site\/venezuela\/wp-content\/uploads\/sites\/2\/2018\/09\/editada-696x467.jpg","width":696,"height":467},{"@type":"BreadcrumbList","@id":"https:\/\/noti-america.com\/site\/venezuela\/2018\/09\/04\/sin-luz-amanecio-aereopuerto-internacional-de-maiquetia\/#breadcrumb","itemListElement":[{"@type":"ListItem","position":1,"name":"Portada","item":"https:\/\/noti-america.com\/site\/venezuela\/"},{"@type":"ListItem","position":2,"name":"Sin luz amaneci\u00f3 Aereopuerto Internacional de Maiquetia"}]},{"@type":"WebSite","@id":"https:\/\/noti-america.com\/site\/venezuela\/#website","url":"https:\/\/noti-america.com\/site\/venezuela\/","name":"Venezuela | Noti-America.com","description":"","publisher":{"@id":"https:\/\/noti-america.com\/site\/venezuela\/#organization"},"potentialAction":[{"@type":"SearchAction","target":{"@type":"EntryPoint","urlTemplate":"https:\/\/noti-america.com\/site\/venezuela\/?s={search_term_string}"},"query-input":{"@type":"PropertyValueSpecification","valueRequired":true,"valueName":"search_term_string"}}],"inLanguage":"es"},{"@type":"Organization","@id":"https:\/\/noti-america.com\/site\/venezuela\/#organization","name":"Noti-America LLC | Venezuela","url":"https:\/\/noti-america.com\/site\/venezuela\/","logo":{"@type":"ImageObject","inLanguage":"es","@id":"https:\/\/noti-america.com\/site\/venezuela\/#\/schema\/logo\/image\/","url":"https:\/\/noti-america.com\/site\/venezuela\/wp-content\/uploads\/sites\/2\/2020\/07\/LogoNA-4x3-1.jpg","contentUrl":"https:\/\/noti-america.com\/site\/venezuela\/wp-content\/uploads\/sites\/2\/2020\/07\/LogoNA-4x3-1.jpg","width":1236,"height":1080,"caption":"Noti-America LLC | Venezuela"},"image":{"@id":"https:\/\/noti-america.com\/site\/venezuela\/#\/schema\/logo\/image\/"}},{"@type":"Person","@id":"https:\/\/noti-america.com\/site\/venezuela\/#\/schema\/person\/5536bbfd0e2b9220dabb68be6a79e6a2","name":"Andr\u00e9s Salazar TV","image":{"@type":"ImageObject","inLanguage":"es","@id":"https:\/\/secure.gravatar.com\/avatar\/afe6826ba750395b641021d9bf08e5496b9d29671cfabb16346350901fb94310?s=96&d=mm&r=g","url":"https:\/\/secure.gravatar.com\/avatar\/afe6826ba750395b641021d9bf08e5496b9d29671cfabb16346350901fb94310?s=96&d=mm&r=g","contentUrl":"https:\/\/secure.gravatar.com\/avatar\/afe6826ba750395b641021d9bf08e5496b9d29671cfabb16346350901fb94310?s=96&d=mm&r=g","caption":"Andr\u00e9s Salazar TV"},"description":"Periodista venezolano, especializado en deportes. Con m\u00e1s de 12 a\u00f1os de experiencia en medios de comunicaci\u00f3n. Cobertura informativa de los grandes eventos deportivos de Am\u00e9rica Latina y el Mundo.","sameAs":["https:\/\/www.facebook.com\/AndresSalazarTV\/"],"url":"https:\/\/noti-america.com\/site\/venezuela\/author\/asalazar\/"}]}},"_links":{"self":[{"href":"https:\/\/noti-america.com\/site\/venezuela\/wp-json\/wp\/v2\/posts\/2956","targetHints":{"allow":["GET"]}}],"collection":[{"href":"https:\/\/noti-america.com\/site\/venezuela\/wp-json\/wp\/v2\/posts"}],"about":[{"href":"https:\/\/noti-america.com\/site\/venezuela\/wp-json\/wp\/v2\/types\/post"}],"author":[{"embeddable":true,"href":"https:\/\/noti-america.com\/site\/venezuela\/wp-json\/wp\/v2\/users\/4"}],"replies":[{"embeddable":true,"href":"https:\/\/noti-america.com\/site\/venezuela\/wp-json\/wp\/v2\/comments?post=2956"}],"version-history":[{"count":0,"href":"https:\/\/noti-america.com\/site\/venezuela\/wp-json\/wp\/v2\/posts\/2956\/revisions"}],"wp:featuredmedia":[{"embeddable":true,"href":"https:\/\/noti-america.com\/site\/venezuela\/wp-json\/wp\/v2\/media\/2957"}],"wp:attachment":[{"href":"https:\/\/noti-america.com\/site\/venezuela\/wp-json\/wp\/v2\/media?parent=2956"}],"wp:term":[{"taxonomy":"category","embeddable":true,"href":"https:\/\/noti-america.com\/site\/venezuela\/wp-json\/wp\/v2\/categories?post=2956"},{"taxonomy":"post_tag","embeddable":true,"href":"https:\/\/noti-america.com\/site\/venezuela\/wp-json\/wp\/v2\/tags?post=2956"}],"curies":[{"name":"wp","href":"https:\/\/api.w.org\/{rel}","templated":true}]}}