{"id":29530,"date":"2023-07-21T14:04:11","date_gmt":"2023-07-21T14:04:11","guid":{"rendered":"https:\/\/noti-america.com\/site\/venezuela\/?p=29530"},"modified":"2023-07-21T14:04:11","modified_gmt":"2023-07-21T14:04:11","slug":"una-gaita-para-cabimas-2023-1er-festival-digital-internacional-inicia-la-recepcion-de-los-temas","status":"publish","type":"post","link":"https:\/\/noti-america.com\/site\/venezuela\/2023\/07\/21\/una-gaita-para-cabimas-2023-1er-festival-digital-internacional-inicia-la-recepcion-de-los-temas\/","title":{"rendered":"\u00abUNA GAITA PARA CABIMAS 2023\u00bb 1er festival digital internacional inicia la recepci\u00f3n de los temas"},"content":{"rendered":"<p>Todo est\u00e1 listo para iniciar el 17 de julio con la recepci\u00f3n de los temas de compositores a participar en el I Festival Digital Internacional \u00abUna Gaita para Cabimas 2023\u00bb.<\/p>\n<p>Las bases del concurso se dieron a conocer el pasado viernes 14 de julio en un encuentro con los medios de comunicaci\u00f3n social, donde explicaron detalles de lo que ser\u00e1 el Festival abierto a autores y compositores de toda Venezuela y del exterior que quieran resaltar lo positivo qu\u00e9 tiene la ciudad de Cabimas, ubicada en la Costa Oriental del Lago-Estado Zulia.<\/p>\n<p>&nbsp;<\/p>\n<p>La Informaci\u00f3n fue suministrada por Nerio Torrealba, coordinador del evento, quien manifest\u00f3 que el festival est\u00e1 siendo organizado por el portal gaitero, junto a otras plataformas digitales como son las p\u00e1ginas: Cabimas Casco Central, Q\u2019 Molleja Zulia, Maracaibiando, Maracaibo my city adem\u00e1s de ser difundido en distintas redes sociales. En cuanto al comit\u00e9 organizador est\u00e1 conformado por: Ingrid Falc\u00f3n, Oscar Morales, Orlando Ortiz, Stiwar Villasmil, Francisco Javier Yoris y Alfredo Rojas como director de Medios.<\/p>\n<p>&nbsp;<\/p>\n<p>Con este festival se busca brindarles buenas gaitas a Cabimas con letras que representen lo hermoso de este municipio, adem\u00e1s de dar a conocer su historia, personajes populares, su gente, la cultura, gastronom\u00eda y sitios que hacen que sea una gran ciudad resaltado lo que representa para cado uno de los nacidos en esta tierra, dejando a un lado las tem\u00e1ticas de protesta y pol\u00edtica.<\/p>\n<p>&nbsp;<\/p>\n<p>Torrealba se\u00f1ala que este festival no es para agrupaciones gaiteras, los compositores har\u00e1n llegar los temas a trav\u00e9s de la p\u00e1gina <a href=\"http:\/\/www.portalgaitero.com\">www.portalgaitero.com<\/a> , donde ser\u00e1n evaluadas por un jurado calificado, luego pasar\u00e1 a lo que ser\u00eda la clasificaci\u00f3n de las tres mejores gaitas que van a la gran final. Este festival no tiene patrocinio ni est\u00e1 avalado por ninguna organizaci\u00f3n gubernamental, es promovido por un grupo de personas de Cabimas que tienen la necesidad de aportar cultura y que mejor que a trav\u00e9s de la gaita.<\/p>\n<p>Nerio Torrealba manifest\u00f3 que una vez conocido los resultados finales, los estatutos establecen que las gaitas seleccionadas como ganadoras pasan a ser del Festival\u00a0 y todo el equipo humano (m\u00fasicos y solistas)\u00a0 que ser\u00e1 el encargado de su interpretaci\u00f3n ser\u00e1n\u00a0 de Cabimas y la grabaci\u00f3n ser\u00e1 en este municipio y de este modo resaltar \u201clo hecho en casa\u201d<\/p>\n<p>&nbsp;<\/p>\n<p>Destacan que este oportunidad este Festival no contempla un premio met\u00e1lico, sino la grabaci\u00f3n y promoci\u00f3n del tema, lo cual ser\u00e1 un buen incentivo para el autor o compositor dentro de su carrera.<\/p>\n<p>&nbsp;<\/p>\n<p>Homenaje al gran \u201cAl\u201d Castro<\/p>\n<p>&nbsp;<\/p>\n<p>El comit\u00e9 organizador inform\u00f3\u00a0 \u00a0que este I Festival permitir\u00e1 rendirle honores a un excelente profesional de la comunicaci\u00f3n social y defensor de la gaita zuliana como lo fue\u00a0 Alberto \u201cAl\u201d Castro, todo un personaje quien\u00a0 a trav\u00e9s de su exitoso programa radial \u201cMa\u00f1anitas gaiteras\u201d\u00a0 impuso un estilo\u00a0 por m\u00e1s de cuatro d\u00e9cadas\u00a0 en la difusi\u00f3n de este g\u00e9nero musical zuliano.<\/p>\n","protected":false},"excerpt":{"rendered":"<p>Todo est\u00e1 listo para iniciar el 17 de julio con la recepci\u00f3n de los temas de compositores a participar en el I Festival Digital Internacional \u00abUna Gaita para Cabimas 2023\u00bb. Las bases del concurso&#46;&#46;&#46;<\/p>\n","protected":false},"author":127,"featured_media":29531,"comment_status":"open","ping_status":"open","sticky":false,"template":"","format":"image","meta":{"_acf_changed":false,"om_disable_all_campaigns":false,"rop_custom_images_group":[],"rop_custom_messages_group":[],"rop_publish_now":"initial","rop_publish_now_accounts":{"twitter_242054905_242054905":""},"rop_publish_now_history":[],"rop_publish_now_status":"pending","_uf_show_specific_survey":0,"_uf_disable_surveys":false,"footnotes":""},"categories":[132],"tags":[],"class_list":["post-29530","post","type-post","status-publish","format-image","has-post-thumbnail","hentry","category-actualidad","post_format-post-format-image"],"acf":[],"aioseo_notices":[],"yoast_head":"<!-- This site is optimized with the Yoast SEO Premium plugin v24.9 (Yoast SEO v27.2) - https:\/\/yoast.com\/product\/yoast-seo-premium-wordpress\/ -->\n<title>&quot;UNA GAITA PARA CABIMAS 2023&quot; 1er festival digital internacional inicia la recepci\u00f3n de los temas - Venezuela | Noti-America.com<\/title>\n<meta name=\"robots\" content=\"index, follow, max-snippet:-1, max-image-preview:large, max-video-preview:-1\" \/>\n<link rel=\"canonical\" href=\"https:\/\/noti-america.com\/site\/venezuela\/2023\/07\/21\/una-gaita-para-cabimas-2023-1er-festival-digital-internacional-inicia-la-recepcion-de-los-temas\/\" \/>\n<meta property=\"og:locale\" content=\"es_ES\" \/>\n<meta property=\"og:type\" content=\"article\" \/>\n<meta property=\"og:title\" content=\"&quot;UNA GAITA PARA CABIMAS 2023&quot; 1er festival digital internacional inicia la recepci\u00f3n de los temas\" \/>\n<meta property=\"og:description\" content=\"Todo est\u00e1 listo para iniciar el 17 de julio con la recepci\u00f3n de los temas de compositores a participar en el I Festival Digital Internacional \u00abUna Gaita para Cabimas 2023\u00bb. Las bases del concurso&#046;&#046;&#046;\" \/>\n<meta property=\"og:url\" content=\"https:\/\/noti-america.com\/site\/venezuela\/2023\/07\/21\/una-gaita-para-cabimas-2023-1er-festival-digital-internacional-inicia-la-recepcion-de-los-temas\/\" \/>\n<meta property=\"og:site_name\" content=\"Venezuela | Noti-America.com\" \/>\n<meta property=\"article:published_time\" content=\"2023-07-21T14:04:11+00:00\" \/>\n<meta property=\"og:image\" content=\"https:\/\/noti-america.com\/site\/venezuela\/wp-content\/uploads\/sites\/2\/2023\/07\/IMG-20230715-WA0293.jpg\" \/>\n\t<meta property=\"og:image:width\" content=\"1024\" \/>\n\t<meta property=\"og:image:height\" content=\"768\" \/>\n\t<meta property=\"og:image:type\" content=\"image\/jpeg\" \/>\n<meta name=\"author\" content=\"Yoelvzla\" \/>\n<meta name=\"twitter:card\" content=\"summary_large_image\" \/>\n<meta name=\"twitter:label1\" content=\"Escrito por\" \/>\n\t<meta name=\"twitter:data1\" content=\"Yoelvzla\" \/>\n\t<meta name=\"twitter:label2\" content=\"Tiempo estimado de lectura\" \/>\n\t<meta name=\"twitter:data2\" content=\"3 minutos\" \/>\n<script type=\"application\/ld+json\" class=\"yoast-schema-graph\">{\"@context\":\"https:\/\/schema.org\",\"@graph\":[{\"@type\":\"Article\",\"@id\":\"https:\/\/noti-america.com\/site\/venezuela\/2023\/07\/21\/una-gaita-para-cabimas-2023-1er-festival-digital-internacional-inicia-la-recepcion-de-los-temas\/#article\",\"isPartOf\":{\"@id\":\"https:\/\/noti-america.com\/site\/venezuela\/2023\/07\/21\/una-gaita-para-cabimas-2023-1er-festival-digital-internacional-inicia-la-recepcion-de-los-temas\/\"},\"author\":{\"name\":\"Yoelvzla\",\"@id\":\"https:\/\/noti-america.com\/site\/venezuela\/#\/schema\/person\/376ccc7b3cc7a8d5a43c3ece07a43857\"},\"headline\":\"\u00abUNA GAITA PARA CABIMAS 2023\u00bb 1er festival digital internacional inicia la recepci\u00f3n de los temas\",\"datePublished\":\"2023-07-21T14:04:11+00:00\",\"mainEntityOfPage\":{\"@id\":\"https:\/\/noti-america.com\/site\/venezuela\/2023\/07\/21\/una-gaita-para-cabimas-2023-1er-festival-digital-internacional-inicia-la-recepcion-de-los-temas\/\"},\"wordCount\":526,\"commentCount\":0,\"publisher\":{\"@id\":\"https:\/\/noti-america.com\/site\/venezuela\/#organization\"},\"image\":{\"@id\":\"https:\/\/noti-america.com\/site\/venezuela\/2023\/07\/21\/una-gaita-para-cabimas-2023-1er-festival-digital-internacional-inicia-la-recepcion-de-los-temas\/#primaryimage\"},\"thumbnailUrl\":\"https:\/\/noti-america.com\/site\/venezuela\/wp-content\/uploads\/sites\/2\/2023\/07\/IMG-20230715-WA0293.jpg\",\"articleSection\":[\"Actualidad\"],\"inLanguage\":\"es\",\"potentialAction\":[{\"@type\":\"CommentAction\",\"name\":\"Comment\",\"target\":[\"https:\/\/noti-america.com\/site\/venezuela\/2023\/07\/21\/una-gaita-para-cabimas-2023-1er-festival-digital-internacional-inicia-la-recepcion-de-los-temas\/#respond\"]}]},{\"@type\":\"WebPage\",\"@id\":\"https:\/\/noti-america.com\/site\/venezuela\/2023\/07\/21\/una-gaita-para-cabimas-2023-1er-festival-digital-internacional-inicia-la-recepcion-de-los-temas\/\",\"url\":\"https:\/\/noti-america.com\/site\/venezuela\/2023\/07\/21\/una-gaita-para-cabimas-2023-1er-festival-digital-internacional-inicia-la-recepcion-de-los-temas\/\",\"name\":\"\\\"UNA GAITA PARA CABIMAS 2023\\\" 1er festival digital internacional inicia la recepci\u00f3n de los temas - Venezuela | Noti-America.com\",\"isPartOf\":{\"@id\":\"https:\/\/noti-america.com\/site\/venezuela\/#website\"},\"primaryImageOfPage\":{\"@id\":\"https:\/\/noti-america.com\/site\/venezuela\/2023\/07\/21\/una-gaita-para-cabimas-2023-1er-festival-digital-internacional-inicia-la-recepcion-de-los-temas\/#primaryimage\"},\"image\":{\"@id\":\"https:\/\/noti-america.com\/site\/venezuela\/2023\/07\/21\/una-gaita-para-cabimas-2023-1er-festival-digital-internacional-inicia-la-recepcion-de-los-temas\/#primaryimage\"},\"thumbnailUrl\":\"https:\/\/noti-america.com\/site\/venezuela\/wp-content\/uploads\/sites\/2\/2023\/07\/IMG-20230715-WA0293.jpg\",\"datePublished\":\"2023-07-21T14:04:11+00:00\",\"breadcrumb\":{\"@id\":\"https:\/\/noti-america.com\/site\/venezuela\/2023\/07\/21\/una-gaita-para-cabimas-2023-1er-festival-digital-internacional-inicia-la-recepcion-de-los-temas\/#breadcrumb\"},\"inLanguage\":\"es\",\"potentialAction\":[{\"@type\":\"ReadAction\",\"target\":[\"https:\/\/noti-america.com\/site\/venezuela\/2023\/07\/21\/una-gaita-para-cabimas-2023-1er-festival-digital-internacional-inicia-la-recepcion-de-los-temas\/\"]}]},{\"@type\":\"ImageObject\",\"inLanguage\":\"es\",\"@id\":\"https:\/\/noti-america.com\/site\/venezuela\/2023\/07\/21\/una-gaita-para-cabimas-2023-1er-festival-digital-internacional-inicia-la-recepcion-de-los-temas\/#primaryimage\",\"url\":\"https:\/\/noti-america.com\/site\/venezuela\/wp-content\/uploads\/sites\/2\/2023\/07\/IMG-20230715-WA0293.jpg\",\"contentUrl\":\"https:\/\/noti-america.com\/site\/venezuela\/wp-content\/uploads\/sites\/2\/2023\/07\/IMG-20230715-WA0293.jpg\",\"width\":1024,\"height\":768},{\"@type\":\"BreadcrumbList\",\"@id\":\"https:\/\/noti-america.com\/site\/venezuela\/2023\/07\/21\/una-gaita-para-cabimas-2023-1er-festival-digital-internacional-inicia-la-recepcion-de-los-temas\/#breadcrumb\",\"itemListElement\":[{\"@type\":\"ListItem\",\"position\":1,\"name\":\"Portada\",\"item\":\"https:\/\/noti-america.com\/site\/venezuela\/\"},{\"@type\":\"ListItem\",\"position\":2,\"name\":\"&#8220;UNA GAITA PARA CABIMAS 2023&#8221; 1er festival digital internacional inicia la recepci\u00f3n de los temas\"}]},{\"@type\":\"WebSite\",\"@id\":\"https:\/\/noti-america.com\/site\/venezuela\/#website\",\"url\":\"https:\/\/noti-america.com\/site\/venezuela\/\",\"name\":\"Venezuela | Noti-America.com\",\"description\":\"\",\"publisher\":{\"@id\":\"https:\/\/noti-america.com\/site\/venezuela\/#organization\"},\"potentialAction\":[{\"@type\":\"SearchAction\",\"target\":{\"@type\":\"EntryPoint\",\"urlTemplate\":\"https:\/\/noti-america.com\/site\/venezuela\/?s={search_term_string}\"},\"query-input\":{\"@type\":\"PropertyValueSpecification\",\"valueRequired\":true,\"valueName\":\"search_term_string\"}}],\"inLanguage\":\"es\"},{\"@type\":\"Organization\",\"@id\":\"https:\/\/noti-america.com\/site\/venezuela\/#organization\",\"name\":\"Noti-America LLC | Venezuela\",\"url\":\"https:\/\/noti-america.com\/site\/venezuela\/\",\"logo\":{\"@type\":\"ImageObject\",\"inLanguage\":\"es\",\"@id\":\"https:\/\/noti-america.com\/site\/venezuela\/#\/schema\/logo\/image\/\",\"url\":\"https:\/\/noti-america.com\/site\/venezuela\/wp-content\/uploads\/sites\/2\/2020\/07\/LogoNA-4x3-1.jpg\",\"contentUrl\":\"https:\/\/noti-america.com\/site\/venezuela\/wp-content\/uploads\/sites\/2\/2020\/07\/LogoNA-4x3-1.jpg\",\"width\":1236,\"height\":1080,\"caption\":\"Noti-America LLC | Venezuela\"},\"image\":{\"@id\":\"https:\/\/noti-america.com\/site\/venezuela\/#\/schema\/logo\/image\/\"}},{\"@type\":\"Person\",\"@id\":\"https:\/\/noti-america.com\/site\/venezuela\/#\/schema\/person\/376ccc7b3cc7a8d5a43c3ece07a43857\",\"name\":\"Yoelvzla\",\"image\":{\"@type\":\"ImageObject\",\"inLanguage\":\"es\",\"@id\":\"https:\/\/secure.gravatar.com\/avatar\/13a96a72123e0e9aa76fe82e8847f726c63a1c5ef6a8d0fadd844c1a5a83b212?s=96&d=mm&r=g\",\"url\":\"https:\/\/secure.gravatar.com\/avatar\/13a96a72123e0e9aa76fe82e8847f726c63a1c5ef6a8d0fadd844c1a5a83b212?s=96&d=mm&r=g\",\"contentUrl\":\"https:\/\/secure.gravatar.com\/avatar\/13a96a72123e0e9aa76fe82e8847f726c63a1c5ef6a8d0fadd844c1a5a83b212?s=96&d=mm&r=g\",\"caption\":\"Yoelvzla\"},\"url\":\"https:\/\/noti-america.com\/site\/venezuela\/author\/ydiaz\/\"}]}<\/script>\n<!-- \/ Yoast SEO Premium plugin. -->","yoast_head_json":{"title":"\"UNA GAITA PARA CABIMAS 2023\" 1er festival digital internacional inicia la recepci\u00f3n de los temas - Venezuela | Noti-America.com","robots":{"index":"index","follow":"follow","max-snippet":"max-snippet:-1","max-image-preview":"max-image-preview:large","max-video-preview":"max-video-preview:-1"},"canonical":"https:\/\/noti-america.com\/site\/venezuela\/2023\/07\/21\/una-gaita-para-cabimas-2023-1er-festival-digital-internacional-inicia-la-recepcion-de-los-temas\/","og_locale":"es_ES","og_type":"article","og_title":"\"UNA GAITA PARA CABIMAS 2023\" 1er festival digital internacional inicia la recepci\u00f3n de los temas","og_description":"Todo est\u00e1 listo para iniciar el 17 de julio con la recepci\u00f3n de los temas de compositores a participar en el I Festival Digital Internacional \u00abUna Gaita para Cabimas 2023\u00bb. Las bases del concurso&#46;&#46;&#46;","og_url":"https:\/\/noti-america.com\/site\/venezuela\/2023\/07\/21\/una-gaita-para-cabimas-2023-1er-festival-digital-internacional-inicia-la-recepcion-de-los-temas\/","og_site_name":"Venezuela | Noti-America.com","article_published_time":"2023-07-21T14:04:11+00:00","og_image":[{"width":1024,"height":768,"url":"https:\/\/noti-america.com\/site\/venezuela\/wp-content\/uploads\/sites\/2\/2023\/07\/IMG-20230715-WA0293.jpg","type":"image\/jpeg"}],"author":"Yoelvzla","twitter_card":"summary_large_image","twitter_misc":{"Escrito por":"Yoelvzla","Tiempo estimado de lectura":"3 minutos"},"schema":{"@context":"https:\/\/schema.org","@graph":[{"@type":"Article","@id":"https:\/\/noti-america.com\/site\/venezuela\/2023\/07\/21\/una-gaita-para-cabimas-2023-1er-festival-digital-internacional-inicia-la-recepcion-de-los-temas\/#article","isPartOf":{"@id":"https:\/\/noti-america.com\/site\/venezuela\/2023\/07\/21\/una-gaita-para-cabimas-2023-1er-festival-digital-internacional-inicia-la-recepcion-de-los-temas\/"},"author":{"name":"Yoelvzla","@id":"https:\/\/noti-america.com\/site\/venezuela\/#\/schema\/person\/376ccc7b3cc7a8d5a43c3ece07a43857"},"headline":"\u00abUNA GAITA PARA CABIMAS 2023\u00bb 1er festival digital internacional inicia la recepci\u00f3n de los temas","datePublished":"2023-07-21T14:04:11+00:00","mainEntityOfPage":{"@id":"https:\/\/noti-america.com\/site\/venezuela\/2023\/07\/21\/una-gaita-para-cabimas-2023-1er-festival-digital-internacional-inicia-la-recepcion-de-los-temas\/"},"wordCount":526,"commentCount":0,"publisher":{"@id":"https:\/\/noti-america.com\/site\/venezuela\/#organization"},"image":{"@id":"https:\/\/noti-america.com\/site\/venezuela\/2023\/07\/21\/una-gaita-para-cabimas-2023-1er-festival-digital-internacional-inicia-la-recepcion-de-los-temas\/#primaryimage"},"thumbnailUrl":"https:\/\/noti-america.com\/site\/venezuela\/wp-content\/uploads\/sites\/2\/2023\/07\/IMG-20230715-WA0293.jpg","articleSection":["Actualidad"],"inLanguage":"es","potentialAction":[{"@type":"CommentAction","name":"Comment","target":["https:\/\/noti-america.com\/site\/venezuela\/2023\/07\/21\/una-gaita-para-cabimas-2023-1er-festival-digital-internacional-inicia-la-recepcion-de-los-temas\/#respond"]}]},{"@type":"WebPage","@id":"https:\/\/noti-america.com\/site\/venezuela\/2023\/07\/21\/una-gaita-para-cabimas-2023-1er-festival-digital-internacional-inicia-la-recepcion-de-los-temas\/","url":"https:\/\/noti-america.com\/site\/venezuela\/2023\/07\/21\/una-gaita-para-cabimas-2023-1er-festival-digital-internacional-inicia-la-recepcion-de-los-temas\/","name":"\"UNA GAITA PARA CABIMAS 2023\" 1er festival digital internacional inicia la recepci\u00f3n de los temas - Venezuela | Noti-America.com","isPartOf":{"@id":"https:\/\/noti-america.com\/site\/venezuela\/#website"},"primaryImageOfPage":{"@id":"https:\/\/noti-america.com\/site\/venezuela\/2023\/07\/21\/una-gaita-para-cabimas-2023-1er-festival-digital-internacional-inicia-la-recepcion-de-los-temas\/#primaryimage"},"image":{"@id":"https:\/\/noti-america.com\/site\/venezuela\/2023\/07\/21\/una-gaita-para-cabimas-2023-1er-festival-digital-internacional-inicia-la-recepcion-de-los-temas\/#primaryimage"},"thumbnailUrl":"https:\/\/noti-america.com\/site\/venezuela\/wp-content\/uploads\/sites\/2\/2023\/07\/IMG-20230715-WA0293.jpg","datePublished":"2023-07-21T14:04:11+00:00","breadcrumb":{"@id":"https:\/\/noti-america.com\/site\/venezuela\/2023\/07\/21\/una-gaita-para-cabimas-2023-1er-festival-digital-internacional-inicia-la-recepcion-de-los-temas\/#breadcrumb"},"inLanguage":"es","potentialAction":[{"@type":"ReadAction","target":["https:\/\/noti-america.com\/site\/venezuela\/2023\/07\/21\/una-gaita-para-cabimas-2023-1er-festival-digital-internacional-inicia-la-recepcion-de-los-temas\/"]}]},{"@type":"ImageObject","inLanguage":"es","@id":"https:\/\/noti-america.com\/site\/venezuela\/2023\/07\/21\/una-gaita-para-cabimas-2023-1er-festival-digital-internacional-inicia-la-recepcion-de-los-temas\/#primaryimage","url":"https:\/\/noti-america.com\/site\/venezuela\/wp-content\/uploads\/sites\/2\/2023\/07\/IMG-20230715-WA0293.jpg","contentUrl":"https:\/\/noti-america.com\/site\/venezuela\/wp-content\/uploads\/sites\/2\/2023\/07\/IMG-20230715-WA0293.jpg","width":1024,"height":768},{"@type":"BreadcrumbList","@id":"https:\/\/noti-america.com\/site\/venezuela\/2023\/07\/21\/una-gaita-para-cabimas-2023-1er-festival-digital-internacional-inicia-la-recepcion-de-los-temas\/#breadcrumb","itemListElement":[{"@type":"ListItem","position":1,"name":"Portada","item":"https:\/\/noti-america.com\/site\/venezuela\/"},{"@type":"ListItem","position":2,"name":"&#8220;UNA GAITA PARA CABIMAS 2023&#8221; 1er festival digital internacional inicia la recepci\u00f3n de los temas"}]},{"@type":"WebSite","@id":"https:\/\/noti-america.com\/site\/venezuela\/#website","url":"https:\/\/noti-america.com\/site\/venezuela\/","name":"Venezuela | Noti-America.com","description":"","publisher":{"@id":"https:\/\/noti-america.com\/site\/venezuela\/#organization"},"potentialAction":[{"@type":"SearchAction","target":{"@type":"EntryPoint","urlTemplate":"https:\/\/noti-america.com\/site\/venezuela\/?s={search_term_string}"},"query-input":{"@type":"PropertyValueSpecification","valueRequired":true,"valueName":"search_term_string"}}],"inLanguage":"es"},{"@type":"Organization","@id":"https:\/\/noti-america.com\/site\/venezuela\/#organization","name":"Noti-America LLC | Venezuela","url":"https:\/\/noti-america.com\/site\/venezuela\/","logo":{"@type":"ImageObject","inLanguage":"es","@id":"https:\/\/noti-america.com\/site\/venezuela\/#\/schema\/logo\/image\/","url":"https:\/\/noti-america.com\/site\/venezuela\/wp-content\/uploads\/sites\/2\/2020\/07\/LogoNA-4x3-1.jpg","contentUrl":"https:\/\/noti-america.com\/site\/venezuela\/wp-content\/uploads\/sites\/2\/2020\/07\/LogoNA-4x3-1.jpg","width":1236,"height":1080,"caption":"Noti-America LLC | Venezuela"},"image":{"@id":"https:\/\/noti-america.com\/site\/venezuela\/#\/schema\/logo\/image\/"}},{"@type":"Person","@id":"https:\/\/noti-america.com\/site\/venezuela\/#\/schema\/person\/376ccc7b3cc7a8d5a43c3ece07a43857","name":"Yoelvzla","image":{"@type":"ImageObject","inLanguage":"es","@id":"https:\/\/secure.gravatar.com\/avatar\/13a96a72123e0e9aa76fe82e8847f726c63a1c5ef6a8d0fadd844c1a5a83b212?s=96&d=mm&r=g","url":"https:\/\/secure.gravatar.com\/avatar\/13a96a72123e0e9aa76fe82e8847f726c63a1c5ef6a8d0fadd844c1a5a83b212?s=96&d=mm&r=g","contentUrl":"https:\/\/secure.gravatar.com\/avatar\/13a96a72123e0e9aa76fe82e8847f726c63a1c5ef6a8d0fadd844c1a5a83b212?s=96&d=mm&r=g","caption":"Yoelvzla"},"url":"https:\/\/noti-america.com\/site\/venezuela\/author\/ydiaz\/"}]}},"_links":{"self":[{"href":"https:\/\/noti-america.com\/site\/venezuela\/wp-json\/wp\/v2\/posts\/29530","targetHints":{"allow":["GET"]}}],"collection":[{"href":"https:\/\/noti-america.com\/site\/venezuela\/wp-json\/wp\/v2\/posts"}],"about":[{"href":"https:\/\/noti-america.com\/site\/venezuela\/wp-json\/wp\/v2\/types\/post"}],"author":[{"embeddable":true,"href":"https:\/\/noti-america.com\/site\/venezuela\/wp-json\/wp\/v2\/users\/127"}],"replies":[{"embeddable":true,"href":"https:\/\/noti-america.com\/site\/venezuela\/wp-json\/wp\/v2\/comments?post=29530"}],"version-history":[{"count":1,"href":"https:\/\/noti-america.com\/site\/venezuela\/wp-json\/wp\/v2\/posts\/29530\/revisions"}],"predecessor-version":[{"id":29532,"href":"https:\/\/noti-america.com\/site\/venezuela\/wp-json\/wp\/v2\/posts\/29530\/revisions\/29532"}],"wp:featuredmedia":[{"embeddable":true,"href":"https:\/\/noti-america.com\/site\/venezuela\/wp-json\/wp\/v2\/media\/29531"}],"wp:attachment":[{"href":"https:\/\/noti-america.com\/site\/venezuela\/wp-json\/wp\/v2\/media?parent=29530"}],"wp:term":[{"taxonomy":"category","embeddable":true,"href":"https:\/\/noti-america.com\/site\/venezuela\/wp-json\/wp\/v2\/categories?post=29530"},{"taxonomy":"post_tag","embeddable":true,"href":"https:\/\/noti-america.com\/site\/venezuela\/wp-json\/wp\/v2\/tags?post=29530"}],"curies":[{"name":"wp","href":"https:\/\/api.w.org\/{rel}","templated":true}]}}