{"id":29379,"date":"2023-07-13T14:20:29","date_gmt":"2023-07-13T14:20:29","guid":{"rendered":"https:\/\/noti-america.com\/site\/venezuela\/?p=29379"},"modified":"2023-07-13T14:20:29","modified_gmt":"2023-07-13T14:20:29","slug":"primer-debate-de-cara-a-las-primarias-mostro-coincidencias-y-planes-para-mejorar-la-economia","status":"publish","type":"post","link":"https:\/\/noti-america.com\/site\/venezuela\/2023\/07\/13\/primer-debate-de-cara-a-las-primarias-mostro-coincidencias-y-planes-para-mejorar-la-economia\/","title":{"rendered":"Primer debate de cara a las Primarias mostr\u00f3 coincidencias y planes para mejorar la econom\u00eda"},"content":{"rendered":"<p>NOTI-AMERICA.COM | VENEZUELA \u2013 Durante el mediod\u00eda de este mi\u00e9rcoles 12 de julio se desarroll\u00f3 en la Universidad Cat\u00f3lica Andr\u00e9s Bello el debate \u201cHablan los candidatos\u201d, con la asistencia de 8 de los 13 aspirantes que participar\u00e1n en las primarias opositoras del 22 de octubre:\u00a0Mar\u00eda Corina Machado, Andr\u00e9s Vel\u00e1squez, Delsa Sol\u00f3rzano, Tamara Adri\u00e1n, Freddy Superlano, C\u00e9sar P\u00e9rez Vivas, Andr\u00e9s Caleca y Carlos Prosperi.<\/p>\n<p>En este primer debate la mayor\u00eda de los candidatos coincidi\u00f3 en la unidad, reconciliaci\u00f3n, cambio pol\u00edtico, recuperaci\u00f3n econ\u00f3mica, organizaci\u00f3n en la oposici\u00f3n, quienes adem\u00e1s aprovecharon \u00a0para hablarles a los j\u00f3venes del pa\u00eds.<\/p>\n<p>Todos los candidatos prometieron a los dirigentes universitarios que les hicieron preguntas en el Aula Magna recuperar el pa\u00eds para que tengan empleos, mayor seguridad, mejor educaci\u00f3n, un futuro posible\u00a0y no decidan emigrar del pa\u00eds.<\/p>\n<p>Vel\u00e1squez por su parte dijo que tiene un compromiso con el pa\u00eds para recuperar las libertades y la democracia.<\/p>\n<p>Prosperi dijo que este encuentro debe ser el primer paso para la reconciliaci\u00f3n del pa\u00eds, \u201ces momento de apartar cualquier tipo de diferencia\u201d.<\/p>\n<p>Superlano afirm\u00f3 que \u201ces la oportunidad de organizarnos, y que deben contar con nosotros una fuerza catalizadora para conquistar el cambio pol\u00edtico, si Barinas pudo, Venezuela tambi\u00e9n puede\u201d.<\/p>\n<p>Machado insisti\u00f3 que la lucha que est\u00e1 dando \u201ces una lucha espiritual m\u00e1s que electoral, vamos a derrotar al socialismo para siempre\u201d. Dijo que ofrece \u201corden, plata y familia\u201d y que la reunificaci\u00f3n de Venezuela ser\u00e1 por los j\u00f3venes.<\/p>\n<p>Por su parte Solorzano habl\u00f3 de la reconciliaci\u00f3n, \u201cpero para que haya reconciliaci\u00f3n es necesario la justicia sin impunidad, recuperaci\u00f3n econ\u00f3mica y la reconstrucci\u00f3n institucional para que haya plena garant\u00eda de derechos humanos\u201d.<\/p>\n<p>Caleca plante\u00f3 refundar la Rep\u00fablica. Dijo que el gobierno tiene el poder, pero no los votos. Insisti\u00f3 en la unidad, \u201clo haremos todo o no lo haremos, la unidad es indispensable, una gran coalici\u00f3n para el cambio\u201d.<\/p>\n<p>Tamara Adri\u00e1n indic\u00f3 que Venezuela no necesita pol\u00edticos, sino estadistas para reconstruir la democracia con visi\u00f3n del pa\u00eds para el 2060.<\/p>\n<p>P\u00e9rez Vivas puso al servicio de la Naci\u00f3n su trayectoria de servidor p\u00fablico. \u201cS\u00ed tenemos la oportunidad de unirnos en un solo movimiento que garantice el cambio pol\u00edtico\u201d.<\/p>\n<p>Afirmaron que el 22 de octubre, fecha de las primarias, ser\u00e1 una jornada ciudadana. Los aspirantes coincidieron en que ese d\u00eda no se va a escoger un candidato solamente, sino un liderazgo que pueda conducir a la oposici\u00f3n para lograr el cambio pol\u00edtico.<\/p>\n","protected":false},"excerpt":{"rendered":"<p>NOTI-AMERICA.COM | VENEZUELA \u2013 Durante el mediod\u00eda de este mi\u00e9rcoles 12 de julio se desarroll\u00f3 en la Universidad Cat\u00f3lica Andr\u00e9s Bello el debate \u201cHablan los candidatos\u201d, con la asistencia de 8 de los 13&#46;&#46;&#46;<\/p>\n","protected":false},"author":133,"featured_media":29380,"comment_status":"open","ping_status":"open","sticky":false,"template":"","format":"image","meta":{"_acf_changed":false,"om_disable_all_campaigns":false,"rop_custom_images_group":[],"rop_custom_messages_group":[],"rop_publish_now":"initial","rop_publish_now_accounts":{"twitter_242054905_242054905":""},"rop_publish_now_history":[],"rop_publish_now_status":"pending","_uf_show_specific_survey":0,"_uf_disable_surveys":false,"footnotes":""},"categories":[204,156],"tags":[],"class_list":["post-29379","post","type-post","status-publish","format-image","has-post-thumbnail","hentry","category-nacionales","category-venezuela","post_format-post-format-image"],"acf":[],"aioseo_notices":[],"yoast_head":"<!-- This site is optimized with the Yoast SEO Premium plugin v24.9 (Yoast SEO v27.2) - https:\/\/yoast.com\/product\/yoast-seo-premium-wordpress\/ -->\n<title>Primer debate de cara a las Primarias mostr\u00f3 coincidencias y planes para mejorar la econom\u00eda - Venezuela | Noti-America.com<\/title>\n<meta name=\"robots\" content=\"index, follow, max-snippet:-1, max-image-preview:large, max-video-preview:-1\" \/>\n<link rel=\"canonical\" href=\"https:\/\/noti-america.com\/site\/venezuela\/2023\/07\/13\/primer-debate-de-cara-a-las-primarias-mostro-coincidencias-y-planes-para-mejorar-la-economia\/\" \/>\n<meta property=\"og:locale\" content=\"es_ES\" \/>\n<meta property=\"og:type\" content=\"article\" \/>\n<meta property=\"og:title\" content=\"Primer debate de cara a las Primarias mostr\u00f3 coincidencias y planes para mejorar la econom\u00eda\" \/>\n<meta property=\"og:description\" content=\"NOTI-AMERICA.COM | VENEZUELA \u2013 Durante el mediod\u00eda de este mi\u00e9rcoles 12 de julio se desarroll\u00f3 en la Universidad Cat\u00f3lica Andr\u00e9s Bello el debate \u201cHablan los candidatos\u201d, con la asistencia de 8 de los 13&#046;&#046;&#046;\" \/>\n<meta property=\"og:url\" content=\"https:\/\/noti-america.com\/site\/venezuela\/2023\/07\/13\/primer-debate-de-cara-a-las-primarias-mostro-coincidencias-y-planes-para-mejorar-la-economia\/\" \/>\n<meta property=\"og:site_name\" content=\"Venezuela | Noti-America.com\" \/>\n<meta property=\"article:author\" content=\"Mar\u00eda Valentina Noguera\" \/>\n<meta property=\"article:published_time\" content=\"2023-07-13T14:20:29+00:00\" \/>\n<meta property=\"og:image\" content=\"https:\/\/noti-america.com\/site\/venezuela\/wp-content\/uploads\/sites\/2\/2023\/07\/Primarias-2023.jpg\" \/>\n\t<meta property=\"og:image:width\" content=\"640\" \/>\n\t<meta property=\"og:image:height\" content=\"390\" \/>\n\t<meta property=\"og:image:type\" content=\"image\/jpeg\" \/>\n<meta name=\"author\" content=\"Maria Valentina Noguera Medina\" \/>\n<meta name=\"twitter:card\" content=\"summary_large_image\" \/>\n<meta name=\"twitter:label1\" content=\"Escrito por\" \/>\n\t<meta name=\"twitter:data1\" content=\"Maria Valentina Noguera Medina\" \/>\n\t<meta name=\"twitter:label2\" content=\"Tiempo estimado de lectura\" \/>\n\t<meta name=\"twitter:data2\" content=\"2 minutos\" \/>\n<script type=\"application\/ld+json\" class=\"yoast-schema-graph\">{\"@context\":\"https:\/\/schema.org\",\"@graph\":[{\"@type\":\"Article\",\"@id\":\"https:\/\/noti-america.com\/site\/venezuela\/2023\/07\/13\/primer-debate-de-cara-a-las-primarias-mostro-coincidencias-y-planes-para-mejorar-la-economia\/#article\",\"isPartOf\":{\"@id\":\"https:\/\/noti-america.com\/site\/venezuela\/2023\/07\/13\/primer-debate-de-cara-a-las-primarias-mostro-coincidencias-y-planes-para-mejorar-la-economia\/\"},\"author\":{\"name\":\"Maria Valentina Noguera Medina\",\"@id\":\"https:\/\/noti-america.com\/site\/venezuela\/#\/schema\/person\/22806efcc2cfc4b45efb0e17be210ea8\"},\"headline\":\"Primer debate de cara a las Primarias mostr\u00f3 coincidencias y planes para mejorar la econom\u00eda\",\"datePublished\":\"2023-07-13T14:20:29+00:00\",\"mainEntityOfPage\":{\"@id\":\"https:\/\/noti-america.com\/site\/venezuela\/2023\/07\/13\/primer-debate-de-cara-a-las-primarias-mostro-coincidencias-y-planes-para-mejorar-la-economia\/\"},\"wordCount\":466,\"commentCount\":0,\"publisher\":{\"@id\":\"https:\/\/noti-america.com\/site\/venezuela\/#organization\"},\"image\":{\"@id\":\"https:\/\/noti-america.com\/site\/venezuela\/2023\/07\/13\/primer-debate-de-cara-a-las-primarias-mostro-coincidencias-y-planes-para-mejorar-la-economia\/#primaryimage\"},\"thumbnailUrl\":\"https:\/\/noti-america.com\/site\/venezuela\/wp-content\/uploads\/sites\/2\/2023\/07\/Primarias-2023.jpg\",\"articleSection\":[\"Nacionales\",\"Venezuela\"],\"inLanguage\":\"es\",\"potentialAction\":[{\"@type\":\"CommentAction\",\"name\":\"Comment\",\"target\":[\"https:\/\/noti-america.com\/site\/venezuela\/2023\/07\/13\/primer-debate-de-cara-a-las-primarias-mostro-coincidencias-y-planes-para-mejorar-la-economia\/#respond\"]}]},{\"@type\":\"WebPage\",\"@id\":\"https:\/\/noti-america.com\/site\/venezuela\/2023\/07\/13\/primer-debate-de-cara-a-las-primarias-mostro-coincidencias-y-planes-para-mejorar-la-economia\/\",\"url\":\"https:\/\/noti-america.com\/site\/venezuela\/2023\/07\/13\/primer-debate-de-cara-a-las-primarias-mostro-coincidencias-y-planes-para-mejorar-la-economia\/\",\"name\":\"Primer debate de cara a las Primarias mostr\u00f3 coincidencias y planes para mejorar la econom\u00eda - Venezuela | Noti-America.com\",\"isPartOf\":{\"@id\":\"https:\/\/noti-america.com\/site\/venezuela\/#website\"},\"primaryImageOfPage\":{\"@id\":\"https:\/\/noti-america.com\/site\/venezuela\/2023\/07\/13\/primer-debate-de-cara-a-las-primarias-mostro-coincidencias-y-planes-para-mejorar-la-economia\/#primaryimage\"},\"image\":{\"@id\":\"https:\/\/noti-america.com\/site\/venezuela\/2023\/07\/13\/primer-debate-de-cara-a-las-primarias-mostro-coincidencias-y-planes-para-mejorar-la-economia\/#primaryimage\"},\"thumbnailUrl\":\"https:\/\/noti-america.com\/site\/venezuela\/wp-content\/uploads\/sites\/2\/2023\/07\/Primarias-2023.jpg\",\"datePublished\":\"2023-07-13T14:20:29+00:00\",\"breadcrumb\":{\"@id\":\"https:\/\/noti-america.com\/site\/venezuela\/2023\/07\/13\/primer-debate-de-cara-a-las-primarias-mostro-coincidencias-y-planes-para-mejorar-la-economia\/#breadcrumb\"},\"inLanguage\":\"es\",\"potentialAction\":[{\"@type\":\"ReadAction\",\"target\":[\"https:\/\/noti-america.com\/site\/venezuela\/2023\/07\/13\/primer-debate-de-cara-a-las-primarias-mostro-coincidencias-y-planes-para-mejorar-la-economia\/\"]}]},{\"@type\":\"ImageObject\",\"inLanguage\":\"es\",\"@id\":\"https:\/\/noti-america.com\/site\/venezuela\/2023\/07\/13\/primer-debate-de-cara-a-las-primarias-mostro-coincidencias-y-planes-para-mejorar-la-economia\/#primaryimage\",\"url\":\"https:\/\/noti-america.com\/site\/venezuela\/wp-content\/uploads\/sites\/2\/2023\/07\/Primarias-2023.jpg\",\"contentUrl\":\"https:\/\/noti-america.com\/site\/venezuela\/wp-content\/uploads\/sites\/2\/2023\/07\/Primarias-2023.jpg\",\"width\":640,\"height\":390},{\"@type\":\"BreadcrumbList\",\"@id\":\"https:\/\/noti-america.com\/site\/venezuela\/2023\/07\/13\/primer-debate-de-cara-a-las-primarias-mostro-coincidencias-y-planes-para-mejorar-la-economia\/#breadcrumb\",\"itemListElement\":[{\"@type\":\"ListItem\",\"position\":1,\"name\":\"Portada\",\"item\":\"https:\/\/noti-america.com\/site\/venezuela\/\"},{\"@type\":\"ListItem\",\"position\":2,\"name\":\"Primer debate de cara a las Primarias mostr\u00f3 coincidencias y planes para mejorar la econom\u00eda\"}]},{\"@type\":\"WebSite\",\"@id\":\"https:\/\/noti-america.com\/site\/venezuela\/#website\",\"url\":\"https:\/\/noti-america.com\/site\/venezuela\/\",\"name\":\"Venezuela | Noti-America.com\",\"description\":\"\",\"publisher\":{\"@id\":\"https:\/\/noti-america.com\/site\/venezuela\/#organization\"},\"potentialAction\":[{\"@type\":\"SearchAction\",\"target\":{\"@type\":\"EntryPoint\",\"urlTemplate\":\"https:\/\/noti-america.com\/site\/venezuela\/?s={search_term_string}\"},\"query-input\":{\"@type\":\"PropertyValueSpecification\",\"valueRequired\":true,\"valueName\":\"search_term_string\"}}],\"inLanguage\":\"es\"},{\"@type\":\"Organization\",\"@id\":\"https:\/\/noti-america.com\/site\/venezuela\/#organization\",\"name\":\"Noti-America LLC | Venezuela\",\"url\":\"https:\/\/noti-america.com\/site\/venezuela\/\",\"logo\":{\"@type\":\"ImageObject\",\"inLanguage\":\"es\",\"@id\":\"https:\/\/noti-america.com\/site\/venezuela\/#\/schema\/logo\/image\/\",\"url\":\"https:\/\/noti-america.com\/site\/venezuela\/wp-content\/uploads\/sites\/2\/2020\/07\/LogoNA-4x3-1.jpg\",\"contentUrl\":\"https:\/\/noti-america.com\/site\/venezuela\/wp-content\/uploads\/sites\/2\/2020\/07\/LogoNA-4x3-1.jpg\",\"width\":1236,\"height\":1080,\"caption\":\"Noti-America LLC | Venezuela\"},\"image\":{\"@id\":\"https:\/\/noti-america.com\/site\/venezuela\/#\/schema\/logo\/image\/\"}},{\"@type\":\"Person\",\"@id\":\"https:\/\/noti-america.com\/site\/venezuela\/#\/schema\/person\/22806efcc2cfc4b45efb0e17be210ea8\",\"name\":\"Maria Valentina Noguera Medina\",\"image\":{\"@type\":\"ImageObject\",\"inLanguage\":\"es\",\"@id\":\"https:\/\/secure.gravatar.com\/avatar\/4ec5eb9d099f2608a49c9df6f7341f66f04f819cdffa09d56a7a0e91d2819d56?s=96&d=mm&r=g\",\"url\":\"https:\/\/secure.gravatar.com\/avatar\/4ec5eb9d099f2608a49c9df6f7341f66f04f819cdffa09d56a7a0e91d2819d56?s=96&d=mm&r=g\",\"contentUrl\":\"https:\/\/secure.gravatar.com\/avatar\/4ec5eb9d099f2608a49c9df6f7341f66f04f819cdffa09d56a7a0e91d2819d56?s=96&d=mm&r=g\",\"caption\":\"Maria Valentina Noguera Medina\"},\"description\":\"Periodista - noti-america - Promar Community Manager - Talento Plus Dise\u00f1adora\/ creadora de contenido...\",\"sameAs\":[\"Mar\u00eda Valentina Noguera\",\"https:\/\/www.facebook.com\/mariavalentina.noguera\",\"https:\/\/www.linkedin.com\/in\/mara-valentina-noguera-medina-373075165\/\",\"https:\/\/www.pinterest.es\/valentinanoguera95\/\",\"https:\/\/www.youtube.com\/channel\/UCdek6mbUZ-Tqqw0I63i4nmQ\"],\"url\":\"https:\/\/noti-america.com\/site\/venezuela\/author\/mnoguera\/\"}]}<\/script>\n<!-- \/ Yoast SEO Premium plugin. -->","yoast_head_json":{"title":"Primer debate de cara a las Primarias mostr\u00f3 coincidencias y planes para mejorar la econom\u00eda - Venezuela | Noti-America.com","robots":{"index":"index","follow":"follow","max-snippet":"max-snippet:-1","max-image-preview":"max-image-preview:large","max-video-preview":"max-video-preview:-1"},"canonical":"https:\/\/noti-america.com\/site\/venezuela\/2023\/07\/13\/primer-debate-de-cara-a-las-primarias-mostro-coincidencias-y-planes-para-mejorar-la-economia\/","og_locale":"es_ES","og_type":"article","og_title":"Primer debate de cara a las Primarias mostr\u00f3 coincidencias y planes para mejorar la econom\u00eda","og_description":"NOTI-AMERICA.COM | VENEZUELA \u2013 Durante el mediod\u00eda de este mi\u00e9rcoles 12 de julio se desarroll\u00f3 en la Universidad Cat\u00f3lica Andr\u00e9s Bello el debate \u201cHablan los candidatos\u201d, con la asistencia de 8 de los 13&#46;&#46;&#46;","og_url":"https:\/\/noti-america.com\/site\/venezuela\/2023\/07\/13\/primer-debate-de-cara-a-las-primarias-mostro-coincidencias-y-planes-para-mejorar-la-economia\/","og_site_name":"Venezuela | Noti-America.com","article_author":"Mar\u00eda Valentina Noguera","article_published_time":"2023-07-13T14:20:29+00:00","og_image":[{"width":640,"height":390,"url":"https:\/\/noti-america.com\/site\/venezuela\/wp-content\/uploads\/sites\/2\/2023\/07\/Primarias-2023.jpg","type":"image\/jpeg"}],"author":"Maria Valentina Noguera Medina","twitter_card":"summary_large_image","twitter_misc":{"Escrito por":"Maria Valentina Noguera Medina","Tiempo estimado de lectura":"2 minutos"},"schema":{"@context":"https:\/\/schema.org","@graph":[{"@type":"Article","@id":"https:\/\/noti-america.com\/site\/venezuela\/2023\/07\/13\/primer-debate-de-cara-a-las-primarias-mostro-coincidencias-y-planes-para-mejorar-la-economia\/#article","isPartOf":{"@id":"https:\/\/noti-america.com\/site\/venezuela\/2023\/07\/13\/primer-debate-de-cara-a-las-primarias-mostro-coincidencias-y-planes-para-mejorar-la-economia\/"},"author":{"name":"Maria Valentina Noguera Medina","@id":"https:\/\/noti-america.com\/site\/venezuela\/#\/schema\/person\/22806efcc2cfc4b45efb0e17be210ea8"},"headline":"Primer debate de cara a las Primarias mostr\u00f3 coincidencias y planes para mejorar la econom\u00eda","datePublished":"2023-07-13T14:20:29+00:00","mainEntityOfPage":{"@id":"https:\/\/noti-america.com\/site\/venezuela\/2023\/07\/13\/primer-debate-de-cara-a-las-primarias-mostro-coincidencias-y-planes-para-mejorar-la-economia\/"},"wordCount":466,"commentCount":0,"publisher":{"@id":"https:\/\/noti-america.com\/site\/venezuela\/#organization"},"image":{"@id":"https:\/\/noti-america.com\/site\/venezuela\/2023\/07\/13\/primer-debate-de-cara-a-las-primarias-mostro-coincidencias-y-planes-para-mejorar-la-economia\/#primaryimage"},"thumbnailUrl":"https:\/\/noti-america.com\/site\/venezuela\/wp-content\/uploads\/sites\/2\/2023\/07\/Primarias-2023.jpg","articleSection":["Nacionales","Venezuela"],"inLanguage":"es","potentialAction":[{"@type":"CommentAction","name":"Comment","target":["https:\/\/noti-america.com\/site\/venezuela\/2023\/07\/13\/primer-debate-de-cara-a-las-primarias-mostro-coincidencias-y-planes-para-mejorar-la-economia\/#respond"]}]},{"@type":"WebPage","@id":"https:\/\/noti-america.com\/site\/venezuela\/2023\/07\/13\/primer-debate-de-cara-a-las-primarias-mostro-coincidencias-y-planes-para-mejorar-la-economia\/","url":"https:\/\/noti-america.com\/site\/venezuela\/2023\/07\/13\/primer-debate-de-cara-a-las-primarias-mostro-coincidencias-y-planes-para-mejorar-la-economia\/","name":"Primer debate de cara a las Primarias mostr\u00f3 coincidencias y planes para mejorar la econom\u00eda - Venezuela | Noti-America.com","isPartOf":{"@id":"https:\/\/noti-america.com\/site\/venezuela\/#website"},"primaryImageOfPage":{"@id":"https:\/\/noti-america.com\/site\/venezuela\/2023\/07\/13\/primer-debate-de-cara-a-las-primarias-mostro-coincidencias-y-planes-para-mejorar-la-economia\/#primaryimage"},"image":{"@id":"https:\/\/noti-america.com\/site\/venezuela\/2023\/07\/13\/primer-debate-de-cara-a-las-primarias-mostro-coincidencias-y-planes-para-mejorar-la-economia\/#primaryimage"},"thumbnailUrl":"https:\/\/noti-america.com\/site\/venezuela\/wp-content\/uploads\/sites\/2\/2023\/07\/Primarias-2023.jpg","datePublished":"2023-07-13T14:20:29+00:00","breadcrumb":{"@id":"https:\/\/noti-america.com\/site\/venezuela\/2023\/07\/13\/primer-debate-de-cara-a-las-primarias-mostro-coincidencias-y-planes-para-mejorar-la-economia\/#breadcrumb"},"inLanguage":"es","potentialAction":[{"@type":"ReadAction","target":["https:\/\/noti-america.com\/site\/venezuela\/2023\/07\/13\/primer-debate-de-cara-a-las-primarias-mostro-coincidencias-y-planes-para-mejorar-la-economia\/"]}]},{"@type":"ImageObject","inLanguage":"es","@id":"https:\/\/noti-america.com\/site\/venezuela\/2023\/07\/13\/primer-debate-de-cara-a-las-primarias-mostro-coincidencias-y-planes-para-mejorar-la-economia\/#primaryimage","url":"https:\/\/noti-america.com\/site\/venezuela\/wp-content\/uploads\/sites\/2\/2023\/07\/Primarias-2023.jpg","contentUrl":"https:\/\/noti-america.com\/site\/venezuela\/wp-content\/uploads\/sites\/2\/2023\/07\/Primarias-2023.jpg","width":640,"height":390},{"@type":"BreadcrumbList","@id":"https:\/\/noti-america.com\/site\/venezuela\/2023\/07\/13\/primer-debate-de-cara-a-las-primarias-mostro-coincidencias-y-planes-para-mejorar-la-economia\/#breadcrumb","itemListElement":[{"@type":"ListItem","position":1,"name":"Portada","item":"https:\/\/noti-america.com\/site\/venezuela\/"},{"@type":"ListItem","position":2,"name":"Primer debate de cara a las Primarias mostr\u00f3 coincidencias y planes para mejorar la econom\u00eda"}]},{"@type":"WebSite","@id":"https:\/\/noti-america.com\/site\/venezuela\/#website","url":"https:\/\/noti-america.com\/site\/venezuela\/","name":"Venezuela | Noti-America.com","description":"","publisher":{"@id":"https:\/\/noti-america.com\/site\/venezuela\/#organization"},"potentialAction":[{"@type":"SearchAction","target":{"@type":"EntryPoint","urlTemplate":"https:\/\/noti-america.com\/site\/venezuela\/?s={search_term_string}"},"query-input":{"@type":"PropertyValueSpecification","valueRequired":true,"valueName":"search_term_string"}}],"inLanguage":"es"},{"@type":"Organization","@id":"https:\/\/noti-america.com\/site\/venezuela\/#organization","name":"Noti-America LLC | Venezuela","url":"https:\/\/noti-america.com\/site\/venezuela\/","logo":{"@type":"ImageObject","inLanguage":"es","@id":"https:\/\/noti-america.com\/site\/venezuela\/#\/schema\/logo\/image\/","url":"https:\/\/noti-america.com\/site\/venezuela\/wp-content\/uploads\/sites\/2\/2020\/07\/LogoNA-4x3-1.jpg","contentUrl":"https:\/\/noti-america.com\/site\/venezuela\/wp-content\/uploads\/sites\/2\/2020\/07\/LogoNA-4x3-1.jpg","width":1236,"height":1080,"caption":"Noti-America LLC | Venezuela"},"image":{"@id":"https:\/\/noti-america.com\/site\/venezuela\/#\/schema\/logo\/image\/"}},{"@type":"Person","@id":"https:\/\/noti-america.com\/site\/venezuela\/#\/schema\/person\/22806efcc2cfc4b45efb0e17be210ea8","name":"Maria Valentina Noguera Medina","image":{"@type":"ImageObject","inLanguage":"es","@id":"https:\/\/secure.gravatar.com\/avatar\/4ec5eb9d099f2608a49c9df6f7341f66f04f819cdffa09d56a7a0e91d2819d56?s=96&d=mm&r=g","url":"https:\/\/secure.gravatar.com\/avatar\/4ec5eb9d099f2608a49c9df6f7341f66f04f819cdffa09d56a7a0e91d2819d56?s=96&d=mm&r=g","contentUrl":"https:\/\/secure.gravatar.com\/avatar\/4ec5eb9d099f2608a49c9df6f7341f66f04f819cdffa09d56a7a0e91d2819d56?s=96&d=mm&r=g","caption":"Maria Valentina Noguera Medina"},"description":"Periodista - noti-america - Promar Community Manager - Talento Plus Dise\u00f1adora\/ creadora de contenido...","sameAs":["Mar\u00eda Valentina Noguera","https:\/\/www.facebook.com\/mariavalentina.noguera","https:\/\/www.linkedin.com\/in\/mara-valentina-noguera-medina-373075165\/","https:\/\/www.pinterest.es\/valentinanoguera95\/","https:\/\/www.youtube.com\/channel\/UCdek6mbUZ-Tqqw0I63i4nmQ"],"url":"https:\/\/noti-america.com\/site\/venezuela\/author\/mnoguera\/"}]}},"_links":{"self":[{"href":"https:\/\/noti-america.com\/site\/venezuela\/wp-json\/wp\/v2\/posts\/29379","targetHints":{"allow":["GET"]}}],"collection":[{"href":"https:\/\/noti-america.com\/site\/venezuela\/wp-json\/wp\/v2\/posts"}],"about":[{"href":"https:\/\/noti-america.com\/site\/venezuela\/wp-json\/wp\/v2\/types\/post"}],"author":[{"embeddable":true,"href":"https:\/\/noti-america.com\/site\/venezuela\/wp-json\/wp\/v2\/users\/133"}],"replies":[{"embeddable":true,"href":"https:\/\/noti-america.com\/site\/venezuela\/wp-json\/wp\/v2\/comments?post=29379"}],"version-history":[{"count":1,"href":"https:\/\/noti-america.com\/site\/venezuela\/wp-json\/wp\/v2\/posts\/29379\/revisions"}],"predecessor-version":[{"id":29381,"href":"https:\/\/noti-america.com\/site\/venezuela\/wp-json\/wp\/v2\/posts\/29379\/revisions\/29381"}],"wp:featuredmedia":[{"embeddable":true,"href":"https:\/\/noti-america.com\/site\/venezuela\/wp-json\/wp\/v2\/media\/29380"}],"wp:attachment":[{"href":"https:\/\/noti-america.com\/site\/venezuela\/wp-json\/wp\/v2\/media?parent=29379"}],"wp:term":[{"taxonomy":"category","embeddable":true,"href":"https:\/\/noti-america.com\/site\/venezuela\/wp-json\/wp\/v2\/categories?post=29379"},{"taxonomy":"post_tag","embeddable":true,"href":"https:\/\/noti-america.com\/site\/venezuela\/wp-json\/wp\/v2\/tags?post=29379"}],"curies":[{"name":"wp","href":"https:\/\/api.w.org\/{rel}","templated":true}]}}