{"id":29091,"date":"2023-07-04T19:53:47","date_gmt":"2023-07-04T19:53:47","guid":{"rendered":"https:\/\/noti-america.com\/site\/venezuela\/?p=29091"},"modified":"2023-07-04T19:53:47","modified_gmt":"2023-07-04T19:53:47","slug":"unt-celebro-15-aniversario-de-la-jds","status":"publish","type":"post","link":"https:\/\/noti-america.com\/site\/venezuela\/2023\/07\/04\/unt-celebro-15-aniversario-de-la-jds\/","title":{"rendered":"UNT celebr\u00f3 15\u00b0 aniversario de la JDS"},"content":{"rendered":"\r\n<p style=\"text-align: justify\"><img loading=\"lazy\" decoding=\"async\" class=\"size-medium wp-image-29136 aligncenter\" src=\"https:\/\/noti-america.com\/site\/venezuela\/wp-content\/uploads\/sites\/2\/2023\/07\/IMG-20230704-WA0299-300x225.jpg\" alt=\"\" width=\"300\" height=\"225\" srcset=\"https:\/\/noti-america.com\/site\/venezuela\/wp-content\/uploads\/sites\/2\/2023\/07\/IMG-20230704-WA0299-300x225.jpg 300w, https:\/\/noti-america.com\/site\/venezuela\/wp-content\/uploads\/sites\/2\/2023\/07\/IMG-20230704-WA0299-768x576.jpg 768w, https:\/\/noti-america.com\/site\/venezuela\/wp-content\/uploads\/sites\/2\/2023\/07\/IMG-20230704-WA0299.jpg 1020w\" sizes=\"auto, (max-width: 300px) 100vw, 300px\" \/><br \/><strong>La JDS \u00abJ\u00f3venes por la Democracia Social\u00bb del partido Un Nuevo Tiempo, celebr\u00f3 este 4 de julio, su 15\u00b0 aniversario.<\/strong><br \/>El acto se llev\u00f3 a cabo en la Casa de la Cultura \u00abDon Otilio Miquilena\u00bb, contando con la presencia de la directiva municipal de la juventud y parte de la directiva regional, en representaci\u00f3n de la presidenta de UNT Zulia, Nora Bracho, adem\u00e1s del alcalde y l\u00edder de Lagunillas, Jos\u00e9 Mosquera Adarme; el alcalde del municipio Sim\u00f3n Bol\u00edvar, Argelio Riera; y el alcalde de Cabimas, Nabil Maalouf, quienes al igual que el gobernador Manuel Rosales Guerrero, pertenecen al partido de la casita azul .<br \/><img loading=\"lazy\" decoding=\"async\" class=\"size-medium wp-image-29137 aligncenter\" src=\"https:\/\/noti-america.com\/site\/venezuela\/wp-content\/uploads\/sites\/2\/2023\/07\/IMG-20230704-WA0295-300x226.jpg\" alt=\"\" width=\"300\" height=\"226\" srcset=\"https:\/\/noti-america.com\/site\/venezuela\/wp-content\/uploads\/sites\/2\/2023\/07\/IMG-20230704-WA0295-300x226.jpg 300w, https:\/\/noti-america.com\/site\/venezuela\/wp-content\/uploads\/sites\/2\/2023\/07\/IMG-20230704-WA0295-768x578.jpg 768w, https:\/\/noti-america.com\/site\/venezuela\/wp-content\/uploads\/sites\/2\/2023\/07\/IMG-20230704-WA0295.jpg 1020w\" sizes=\"auto, (max-width: 300px) 100vw, 300px\" \/><br \/><em>\u00abQu\u00e9 mejor manera de celebrar los 15 a\u00f1os de la JDS rodeado de esta juventud que nos acompa\u00f1a en la lucha por una mejor Venezuela. Muchos de los que hoy nos acompa\u00f1an tambi\u00e9n pasaron por all\u00ed y dieron paso a esta generaci\u00f3n de relevo que definitivamente quiere un cambio para el pa\u00eds. Felicidades a todos y que Dios me los bendiga\u00bb, expres\u00f3 Mosquera.<\/em><br \/><img loading=\"lazy\" decoding=\"async\" class=\"size-medium wp-image-29142 aligncenter\" src=\"https:\/\/noti-america.com\/site\/venezuela\/wp-content\/uploads\/sites\/2\/2023\/07\/IMG-20230704-WA0294-300x226.jpg\" alt=\"\" width=\"300\" height=\"226\" srcset=\"https:\/\/noti-america.com\/site\/venezuela\/wp-content\/uploads\/sites\/2\/2023\/07\/IMG-20230704-WA0294-300x226.jpg 300w, https:\/\/noti-america.com\/site\/venezuela\/wp-content\/uploads\/sites\/2\/2023\/07\/IMG-20230704-WA0294-768x578.jpg 768w, https:\/\/noti-america.com\/site\/venezuela\/wp-content\/uploads\/sites\/2\/2023\/07\/IMG-20230704-WA0294.jpg 1020w\" sizes=\"auto, (max-width: 300px) 100vw, 300px\" \/><br \/>Por su parte, el presidente de la JDS Lagunillas, Yonatan Morales, invit\u00f3 a la juventud a seguir luchando y a inscribirse en el Registro Electoral para lograr el cambio. <\/p>\r\n<p style=\"text-align: justify\"><img loading=\"lazy\" decoding=\"async\" class=\"size-medium wp-image-29138 aligncenter\" src=\"https:\/\/noti-america.com\/site\/venezuela\/wp-content\/uploads\/sites\/2\/2023\/07\/IMG-20230704-WA0287-300x226.jpg\" alt=\"\" width=\"300\" height=\"226\" srcset=\"https:\/\/noti-america.com\/site\/venezuela\/wp-content\/uploads\/sites\/2\/2023\/07\/IMG-20230704-WA0287-300x226.jpg 300w, https:\/\/noti-america.com\/site\/venezuela\/wp-content\/uploads\/sites\/2\/2023\/07\/IMG-20230704-WA0287-768x578.jpg 768w, https:\/\/noti-america.com\/site\/venezuela\/wp-content\/uploads\/sites\/2\/2023\/07\/IMG-20230704-WA0287.jpg 1020w\" sizes=\"auto, (max-width: 300px) 100vw, 300px\" \/><br \/>\u00ab<em>Tenemos cerca de 300 nuevos votantes inscritos en el partido. Somos una gran fuerza y sin lugar a dudas, la generaci\u00f3n del cambio. Asumimos esta lucha en el 2008 y hoy por hoy somos protagonistas del futuro de nuestro pa\u00eds\u00bb.<\/em> <br \/><img loading=\"lazy\" decoding=\"async\" class=\"size-medium wp-image-29139 aligncenter\" src=\"https:\/\/noti-america.com\/site\/venezuela\/wp-content\/uploads\/sites\/2\/2023\/07\/IMG-20230704-WA0288-300x226.jpg\" alt=\"\" width=\"300\" height=\"226\" srcset=\"https:\/\/noti-america.com\/site\/venezuela\/wp-content\/uploads\/sites\/2\/2023\/07\/IMG-20230704-WA0288-300x226.jpg 300w, https:\/\/noti-america.com\/site\/venezuela\/wp-content\/uploads\/sites\/2\/2023\/07\/IMG-20230704-WA0288-768x578.jpg 768w, https:\/\/noti-america.com\/site\/venezuela\/wp-content\/uploads\/sites\/2\/2023\/07\/IMG-20230704-WA0288.jpg 1020w\" sizes=\"auto, (max-width: 300px) 100vw, 300px\" \/><img loading=\"lazy\" decoding=\"async\" class=\"size-medium wp-image-29143 aligncenter\" src=\"https:\/\/noti-america.com\/site\/venezuela\/wp-content\/uploads\/sites\/2\/2023\/07\/IMG-20230704-WA0290-300x226.jpg\" alt=\"\" width=\"300\" height=\"226\" srcset=\"https:\/\/noti-america.com\/site\/venezuela\/wp-content\/uploads\/sites\/2\/2023\/07\/IMG-20230704-WA0290-300x226.jpg 300w, https:\/\/noti-america.com\/site\/venezuela\/wp-content\/uploads\/sites\/2\/2023\/07\/IMG-20230704-WA0290-768x578.jpg 768w, https:\/\/noti-america.com\/site\/venezuela\/wp-content\/uploads\/sites\/2\/2023\/07\/IMG-20230704-WA0290.jpg 1020w\" sizes=\"auto, (max-width: 300px) 100vw, 300px\" \/><\/p>\r\n<p style=\"text-align: justify\">En la actividad, cargada del entusiasmo y la alegr\u00eda que identifica a la juventud, tambi\u00e9n estuvieron la Secretaria General del partido en Lagunillas, Yuleima Ulacio; el legislador Justo Berm\u00fadez; los concejales Carlosman Leal, Hiulis Rivero, Hendrick Garc\u00eda y dem\u00e1s autoridades del partido, que acompa\u00f1aron la entrega de reconocimientos a destacados representantes de la JDS y miembros de UNT.<br \/><img loading=\"lazy\" decoding=\"async\" class=\"size-medium wp-image-29141 aligncenter\" src=\"https:\/\/noti-america.com\/site\/venezuela\/wp-content\/uploads\/sites\/2\/2023\/07\/IMG-20230704-WA0297-300x226.jpg\" alt=\"\" width=\"300\" height=\"226\" srcset=\"https:\/\/noti-america.com\/site\/venezuela\/wp-content\/uploads\/sites\/2\/2023\/07\/IMG-20230704-WA0297-300x226.jpg 300w, https:\/\/noti-america.com\/site\/venezuela\/wp-content\/uploads\/sites\/2\/2023\/07\/IMG-20230704-WA0297-768x578.jpg 768w, https:\/\/noti-america.com\/site\/venezuela\/wp-content\/uploads\/sites\/2\/2023\/07\/IMG-20230704-WA0297.jpg 1020w\" sizes=\"auto, (max-width: 300px) 100vw, 300px\" \/><br \/>Desde el municipio Lagunillas, la Juventud Dem\u00f3crata Social de UNT, se prepara para asumir los nuevos retos en la construcci\u00f3n de una Venezuela llena de progreso y esperanza. <br \/><br \/><strong>Fuente: Nota de Prensa<\/strong><\/p>\r\n","protected":false},"excerpt":{"rendered":"<p>La JDS \u00abJ\u00f3venes por la Democracia Social\u00bb del partido Un Nuevo Tiempo, celebr\u00f3 este 4 de julio, su 15\u00b0 aniversario.El acto se llev\u00f3 a cabo en la Casa de la Cultura \u00abDon Otilio Miquilena\u00bb,&#46;&#46;&#46;<\/p>\n","protected":false},"author":40,"featured_media":29138,"comment_status":"open","ping_status":"open","sticky":false,"template":"","format":"standard","meta":{"_acf_changed":false,"om_disable_all_campaigns":false,"rop_custom_images_group":[],"rop_custom_messages_group":[],"rop_publish_now":"initial","rop_publish_now_accounts":{"twitter_242054905_242054905":""},"rop_publish_now_history":[],"rop_publish_now_status":"pending","_uf_show_specific_survey":0,"_uf_disable_surveys":false,"footnotes":""},"categories":[3,156],"tags":[221,222],"class_list":["post-29091","post","type-post","status-publish","format-standard","has-post-thumbnail","hentry","category-politica","category-venezuela","tag-ciudad-ojeda","tag-zulia"],"acf":[],"aioseo_notices":[],"yoast_head":"<!-- This site is optimized with the Yoast SEO Premium plugin v24.9 (Yoast SEO v27.2) - https:\/\/yoast.com\/product\/yoast-seo-premium-wordpress\/ -->\n<title>UNT celebr\u00f3 15\u00b0 aniversario de la JDS - Venezuela | Noti-America.com<\/title>\n<meta name=\"robots\" content=\"index, follow, max-snippet:-1, max-image-preview:large, max-video-preview:-1\" \/>\n<link rel=\"canonical\" href=\"https:\/\/noti-america.com\/site\/venezuela\/2023\/07\/04\/unt-celebro-15-aniversario-de-la-jds\/\" \/>\n<meta property=\"og:locale\" content=\"es_ES\" \/>\n<meta property=\"og:type\" content=\"article\" \/>\n<meta property=\"og:title\" content=\"UNT celebr\u00f3 15\u00b0 aniversario de la JDS\" \/>\n<meta property=\"og:description\" content=\"La JDS \u00abJ\u00f3venes por la Democracia Social\u00bb del partido Un Nuevo Tiempo, celebr\u00f3 este 4 de julio, su 15\u00b0 aniversario.El acto se llev\u00f3 a cabo en la Casa de la Cultura \u00abDon Otilio Miquilena\u00bb,&#046;&#046;&#046;\" \/>\n<meta property=\"og:url\" content=\"https:\/\/noti-america.com\/site\/venezuela\/2023\/07\/04\/unt-celebro-15-aniversario-de-la-jds\/\" \/>\n<meta property=\"og:site_name\" content=\"Venezuela | Noti-America.com\" \/>\n<meta property=\"article:published_time\" content=\"2023-07-04T19:53:47+00:00\" \/>\n<meta property=\"og:image\" content=\"https:\/\/noti-america.com\/site\/venezuela\/wp-content\/uploads\/sites\/2\/2023\/07\/IMG-20230704-WA0287.jpg\" \/>\n\t<meta property=\"og:image:width\" content=\"1020\" \/>\n\t<meta property=\"og:image:height\" content=\"768\" \/>\n\t<meta property=\"og:image:type\" content=\"image\/jpeg\" \/>\n<meta name=\"author\" content=\"Hendrick Garcia\" \/>\n<meta name=\"twitter:card\" content=\"summary_large_image\" \/>\n<meta name=\"twitter:label1\" content=\"Escrito por\" \/>\n\t<meta name=\"twitter:data1\" content=\"Hendrick Garcia\" \/>\n\t<meta name=\"twitter:label2\" content=\"Tiempo estimado de lectura\" \/>\n\t<meta name=\"twitter:data2\" content=\"3 minutos\" \/>\n<script type=\"application\/ld+json\" class=\"yoast-schema-graph\">{\"@context\":\"https:\/\/schema.org\",\"@graph\":[{\"@type\":\"Article\",\"@id\":\"https:\/\/noti-america.com\/site\/venezuela\/2023\/07\/04\/unt-celebro-15-aniversario-de-la-jds\/#article\",\"isPartOf\":{\"@id\":\"https:\/\/noti-america.com\/site\/venezuela\/2023\/07\/04\/unt-celebro-15-aniversario-de-la-jds\/\"},\"author\":{\"name\":\"Hendrick Garcia\",\"@id\":\"https:\/\/noti-america.com\/site\/venezuela\/#\/schema\/person\/2f37ed06a1cd058e8d611b3d42cce678\"},\"headline\":\"UNT celebr\u00f3 15\u00b0 aniversario de la JDS\",\"datePublished\":\"2023-07-04T19:53:47+00:00\",\"mainEntityOfPage\":{\"@id\":\"https:\/\/noti-america.com\/site\/venezuela\/2023\/07\/04\/unt-celebro-15-aniversario-de-la-jds\/\"},\"wordCount\":348,\"commentCount\":0,\"publisher\":{\"@id\":\"https:\/\/noti-america.com\/site\/venezuela\/#organization\"},\"image\":{\"@id\":\"https:\/\/noti-america.com\/site\/venezuela\/2023\/07\/04\/unt-celebro-15-aniversario-de-la-jds\/#primaryimage\"},\"thumbnailUrl\":\"https:\/\/noti-america.com\/site\/venezuela\/wp-content\/uploads\/sites\/2\/2023\/07\/IMG-20230704-WA0287.jpg\",\"keywords\":[\"ciudad ojeda\",\"zulia\"],\"articleSection\":[\"Pol\u00edtica\",\"Venezuela\"],\"inLanguage\":\"es\",\"potentialAction\":[{\"@type\":\"CommentAction\",\"name\":\"Comment\",\"target\":[\"https:\/\/noti-america.com\/site\/venezuela\/2023\/07\/04\/unt-celebro-15-aniversario-de-la-jds\/#respond\"]}]},{\"@type\":\"WebPage\",\"@id\":\"https:\/\/noti-america.com\/site\/venezuela\/2023\/07\/04\/unt-celebro-15-aniversario-de-la-jds\/\",\"url\":\"https:\/\/noti-america.com\/site\/venezuela\/2023\/07\/04\/unt-celebro-15-aniversario-de-la-jds\/\",\"name\":\"UNT celebr\u00f3 15\u00b0 aniversario de la JDS - Venezuela | Noti-America.com\",\"isPartOf\":{\"@id\":\"https:\/\/noti-america.com\/site\/venezuela\/#website\"},\"primaryImageOfPage\":{\"@id\":\"https:\/\/noti-america.com\/site\/venezuela\/2023\/07\/04\/unt-celebro-15-aniversario-de-la-jds\/#primaryimage\"},\"image\":{\"@id\":\"https:\/\/noti-america.com\/site\/venezuela\/2023\/07\/04\/unt-celebro-15-aniversario-de-la-jds\/#primaryimage\"},\"thumbnailUrl\":\"https:\/\/noti-america.com\/site\/venezuela\/wp-content\/uploads\/sites\/2\/2023\/07\/IMG-20230704-WA0287.jpg\",\"datePublished\":\"2023-07-04T19:53:47+00:00\",\"breadcrumb\":{\"@id\":\"https:\/\/noti-america.com\/site\/venezuela\/2023\/07\/04\/unt-celebro-15-aniversario-de-la-jds\/#breadcrumb\"},\"inLanguage\":\"es\",\"potentialAction\":[{\"@type\":\"ReadAction\",\"target\":[\"https:\/\/noti-america.com\/site\/venezuela\/2023\/07\/04\/unt-celebro-15-aniversario-de-la-jds\/\"]}]},{\"@type\":\"ImageObject\",\"inLanguage\":\"es\",\"@id\":\"https:\/\/noti-america.com\/site\/venezuela\/2023\/07\/04\/unt-celebro-15-aniversario-de-la-jds\/#primaryimage\",\"url\":\"https:\/\/noti-america.com\/site\/venezuela\/wp-content\/uploads\/sites\/2\/2023\/07\/IMG-20230704-WA0287.jpg\",\"contentUrl\":\"https:\/\/noti-america.com\/site\/venezuela\/wp-content\/uploads\/sites\/2\/2023\/07\/IMG-20230704-WA0287.jpg\",\"width\":1020,\"height\":768},{\"@type\":\"BreadcrumbList\",\"@id\":\"https:\/\/noti-america.com\/site\/venezuela\/2023\/07\/04\/unt-celebro-15-aniversario-de-la-jds\/#breadcrumb\",\"itemListElement\":[{\"@type\":\"ListItem\",\"position\":1,\"name\":\"Portada\",\"item\":\"https:\/\/noti-america.com\/site\/venezuela\/\"},{\"@type\":\"ListItem\",\"position\":2,\"name\":\"UNT celebr\u00f3 15\u00b0 aniversario de la JDS\"}]},{\"@type\":\"WebSite\",\"@id\":\"https:\/\/noti-america.com\/site\/venezuela\/#website\",\"url\":\"https:\/\/noti-america.com\/site\/venezuela\/\",\"name\":\"Venezuela | Noti-America.com\",\"description\":\"\",\"publisher\":{\"@id\":\"https:\/\/noti-america.com\/site\/venezuela\/#organization\"},\"potentialAction\":[{\"@type\":\"SearchAction\",\"target\":{\"@type\":\"EntryPoint\",\"urlTemplate\":\"https:\/\/noti-america.com\/site\/venezuela\/?s={search_term_string}\"},\"query-input\":{\"@type\":\"PropertyValueSpecification\",\"valueRequired\":true,\"valueName\":\"search_term_string\"}}],\"inLanguage\":\"es\"},{\"@type\":\"Organization\",\"@id\":\"https:\/\/noti-america.com\/site\/venezuela\/#organization\",\"name\":\"Noti-America LLC | Venezuela\",\"url\":\"https:\/\/noti-america.com\/site\/venezuela\/\",\"logo\":{\"@type\":\"ImageObject\",\"inLanguage\":\"es\",\"@id\":\"https:\/\/noti-america.com\/site\/venezuela\/#\/schema\/logo\/image\/\",\"url\":\"https:\/\/noti-america.com\/site\/venezuela\/wp-content\/uploads\/sites\/2\/2020\/07\/LogoNA-4x3-1.jpg\",\"contentUrl\":\"https:\/\/noti-america.com\/site\/venezuela\/wp-content\/uploads\/sites\/2\/2020\/07\/LogoNA-4x3-1.jpg\",\"width\":1236,\"height\":1080,\"caption\":\"Noti-America LLC | Venezuela\"},\"image\":{\"@id\":\"https:\/\/noti-america.com\/site\/venezuela\/#\/schema\/logo\/image\/\"}},{\"@type\":\"Person\",\"@id\":\"https:\/\/noti-america.com\/site\/venezuela\/#\/schema\/person\/2f37ed06a1cd058e8d611b3d42cce678\",\"name\":\"Hendrick Garcia\",\"image\":{\"@type\":\"ImageObject\",\"inLanguage\":\"es\",\"@id\":\"https:\/\/secure.gravatar.com\/avatar\/07f13ce868ede7f0937b7abbada276f430e4ed25cfff75dbe7f98f95ac02358c?s=96&d=mm&r=g\",\"url\":\"https:\/\/secure.gravatar.com\/avatar\/07f13ce868ede7f0937b7abbada276f430e4ed25cfff75dbe7f98f95ac02358c?s=96&d=mm&r=g\",\"contentUrl\":\"https:\/\/secure.gravatar.com\/avatar\/07f13ce868ede7f0937b7abbada276f430e4ed25cfff75dbe7f98f95ac02358c?s=96&d=mm&r=g\",\"caption\":\"Hendrick Garcia\"},\"url\":\"https:\/\/noti-america.com\/site\/venezuela\/author\/hegarcia\/\"}]}<\/script>\n<!-- \/ Yoast SEO Premium plugin. -->","yoast_head_json":{"title":"UNT celebr\u00f3 15\u00b0 aniversario de la JDS - Venezuela | Noti-America.com","robots":{"index":"index","follow":"follow","max-snippet":"max-snippet:-1","max-image-preview":"max-image-preview:large","max-video-preview":"max-video-preview:-1"},"canonical":"https:\/\/noti-america.com\/site\/venezuela\/2023\/07\/04\/unt-celebro-15-aniversario-de-la-jds\/","og_locale":"es_ES","og_type":"article","og_title":"UNT celebr\u00f3 15\u00b0 aniversario de la JDS","og_description":"La JDS \u00abJ\u00f3venes por la Democracia Social\u00bb del partido Un Nuevo Tiempo, celebr\u00f3 este 4 de julio, su 15\u00b0 aniversario.El acto se llev\u00f3 a cabo en la Casa de la Cultura \u00abDon Otilio Miquilena\u00bb,&#46;&#46;&#46;","og_url":"https:\/\/noti-america.com\/site\/venezuela\/2023\/07\/04\/unt-celebro-15-aniversario-de-la-jds\/","og_site_name":"Venezuela | Noti-America.com","article_published_time":"2023-07-04T19:53:47+00:00","og_image":[{"width":1020,"height":768,"url":"https:\/\/noti-america.com\/site\/venezuela\/wp-content\/uploads\/sites\/2\/2023\/07\/IMG-20230704-WA0287.jpg","type":"image\/jpeg"}],"author":"Hendrick Garcia","twitter_card":"summary_large_image","twitter_misc":{"Escrito por":"Hendrick Garcia","Tiempo estimado de lectura":"3 minutos"},"schema":{"@context":"https:\/\/schema.org","@graph":[{"@type":"Article","@id":"https:\/\/noti-america.com\/site\/venezuela\/2023\/07\/04\/unt-celebro-15-aniversario-de-la-jds\/#article","isPartOf":{"@id":"https:\/\/noti-america.com\/site\/venezuela\/2023\/07\/04\/unt-celebro-15-aniversario-de-la-jds\/"},"author":{"name":"Hendrick Garcia","@id":"https:\/\/noti-america.com\/site\/venezuela\/#\/schema\/person\/2f37ed06a1cd058e8d611b3d42cce678"},"headline":"UNT celebr\u00f3 15\u00b0 aniversario de la JDS","datePublished":"2023-07-04T19:53:47+00:00","mainEntityOfPage":{"@id":"https:\/\/noti-america.com\/site\/venezuela\/2023\/07\/04\/unt-celebro-15-aniversario-de-la-jds\/"},"wordCount":348,"commentCount":0,"publisher":{"@id":"https:\/\/noti-america.com\/site\/venezuela\/#organization"},"image":{"@id":"https:\/\/noti-america.com\/site\/venezuela\/2023\/07\/04\/unt-celebro-15-aniversario-de-la-jds\/#primaryimage"},"thumbnailUrl":"https:\/\/noti-america.com\/site\/venezuela\/wp-content\/uploads\/sites\/2\/2023\/07\/IMG-20230704-WA0287.jpg","keywords":["ciudad ojeda","zulia"],"articleSection":["Pol\u00edtica","Venezuela"],"inLanguage":"es","potentialAction":[{"@type":"CommentAction","name":"Comment","target":["https:\/\/noti-america.com\/site\/venezuela\/2023\/07\/04\/unt-celebro-15-aniversario-de-la-jds\/#respond"]}]},{"@type":"WebPage","@id":"https:\/\/noti-america.com\/site\/venezuela\/2023\/07\/04\/unt-celebro-15-aniversario-de-la-jds\/","url":"https:\/\/noti-america.com\/site\/venezuela\/2023\/07\/04\/unt-celebro-15-aniversario-de-la-jds\/","name":"UNT celebr\u00f3 15\u00b0 aniversario de la JDS - Venezuela | Noti-America.com","isPartOf":{"@id":"https:\/\/noti-america.com\/site\/venezuela\/#website"},"primaryImageOfPage":{"@id":"https:\/\/noti-america.com\/site\/venezuela\/2023\/07\/04\/unt-celebro-15-aniversario-de-la-jds\/#primaryimage"},"image":{"@id":"https:\/\/noti-america.com\/site\/venezuela\/2023\/07\/04\/unt-celebro-15-aniversario-de-la-jds\/#primaryimage"},"thumbnailUrl":"https:\/\/noti-america.com\/site\/venezuela\/wp-content\/uploads\/sites\/2\/2023\/07\/IMG-20230704-WA0287.jpg","datePublished":"2023-07-04T19:53:47+00:00","breadcrumb":{"@id":"https:\/\/noti-america.com\/site\/venezuela\/2023\/07\/04\/unt-celebro-15-aniversario-de-la-jds\/#breadcrumb"},"inLanguage":"es","potentialAction":[{"@type":"ReadAction","target":["https:\/\/noti-america.com\/site\/venezuela\/2023\/07\/04\/unt-celebro-15-aniversario-de-la-jds\/"]}]},{"@type":"ImageObject","inLanguage":"es","@id":"https:\/\/noti-america.com\/site\/venezuela\/2023\/07\/04\/unt-celebro-15-aniversario-de-la-jds\/#primaryimage","url":"https:\/\/noti-america.com\/site\/venezuela\/wp-content\/uploads\/sites\/2\/2023\/07\/IMG-20230704-WA0287.jpg","contentUrl":"https:\/\/noti-america.com\/site\/venezuela\/wp-content\/uploads\/sites\/2\/2023\/07\/IMG-20230704-WA0287.jpg","width":1020,"height":768},{"@type":"BreadcrumbList","@id":"https:\/\/noti-america.com\/site\/venezuela\/2023\/07\/04\/unt-celebro-15-aniversario-de-la-jds\/#breadcrumb","itemListElement":[{"@type":"ListItem","position":1,"name":"Portada","item":"https:\/\/noti-america.com\/site\/venezuela\/"},{"@type":"ListItem","position":2,"name":"UNT celebr\u00f3 15\u00b0 aniversario de la JDS"}]},{"@type":"WebSite","@id":"https:\/\/noti-america.com\/site\/venezuela\/#website","url":"https:\/\/noti-america.com\/site\/venezuela\/","name":"Venezuela | Noti-America.com","description":"","publisher":{"@id":"https:\/\/noti-america.com\/site\/venezuela\/#organization"},"potentialAction":[{"@type":"SearchAction","target":{"@type":"EntryPoint","urlTemplate":"https:\/\/noti-america.com\/site\/venezuela\/?s={search_term_string}"},"query-input":{"@type":"PropertyValueSpecification","valueRequired":true,"valueName":"search_term_string"}}],"inLanguage":"es"},{"@type":"Organization","@id":"https:\/\/noti-america.com\/site\/venezuela\/#organization","name":"Noti-America LLC | Venezuela","url":"https:\/\/noti-america.com\/site\/venezuela\/","logo":{"@type":"ImageObject","inLanguage":"es","@id":"https:\/\/noti-america.com\/site\/venezuela\/#\/schema\/logo\/image\/","url":"https:\/\/noti-america.com\/site\/venezuela\/wp-content\/uploads\/sites\/2\/2020\/07\/LogoNA-4x3-1.jpg","contentUrl":"https:\/\/noti-america.com\/site\/venezuela\/wp-content\/uploads\/sites\/2\/2020\/07\/LogoNA-4x3-1.jpg","width":1236,"height":1080,"caption":"Noti-America LLC | Venezuela"},"image":{"@id":"https:\/\/noti-america.com\/site\/venezuela\/#\/schema\/logo\/image\/"}},{"@type":"Person","@id":"https:\/\/noti-america.com\/site\/venezuela\/#\/schema\/person\/2f37ed06a1cd058e8d611b3d42cce678","name":"Hendrick Garcia","image":{"@type":"ImageObject","inLanguage":"es","@id":"https:\/\/secure.gravatar.com\/avatar\/07f13ce868ede7f0937b7abbada276f430e4ed25cfff75dbe7f98f95ac02358c?s=96&d=mm&r=g","url":"https:\/\/secure.gravatar.com\/avatar\/07f13ce868ede7f0937b7abbada276f430e4ed25cfff75dbe7f98f95ac02358c?s=96&d=mm&r=g","contentUrl":"https:\/\/secure.gravatar.com\/avatar\/07f13ce868ede7f0937b7abbada276f430e4ed25cfff75dbe7f98f95ac02358c?s=96&d=mm&r=g","caption":"Hendrick Garcia"},"url":"https:\/\/noti-america.com\/site\/venezuela\/author\/hegarcia\/"}]}},"_links":{"self":[{"href":"https:\/\/noti-america.com\/site\/venezuela\/wp-json\/wp\/v2\/posts\/29091","targetHints":{"allow":["GET"]}}],"collection":[{"href":"https:\/\/noti-america.com\/site\/venezuela\/wp-json\/wp\/v2\/posts"}],"about":[{"href":"https:\/\/noti-america.com\/site\/venezuela\/wp-json\/wp\/v2\/types\/post"}],"author":[{"embeddable":true,"href":"https:\/\/noti-america.com\/site\/venezuela\/wp-json\/wp\/v2\/users\/40"}],"replies":[{"embeddable":true,"href":"https:\/\/noti-america.com\/site\/venezuela\/wp-json\/wp\/v2\/comments?post=29091"}],"version-history":[{"count":2,"href":"https:\/\/noti-america.com\/site\/venezuela\/wp-json\/wp\/v2\/posts\/29091\/revisions"}],"predecessor-version":[{"id":29144,"href":"https:\/\/noti-america.com\/site\/venezuela\/wp-json\/wp\/v2\/posts\/29091\/revisions\/29144"}],"wp:featuredmedia":[{"embeddable":true,"href":"https:\/\/noti-america.com\/site\/venezuela\/wp-json\/wp\/v2\/media\/29138"}],"wp:attachment":[{"href":"https:\/\/noti-america.com\/site\/venezuela\/wp-json\/wp\/v2\/media?parent=29091"}],"wp:term":[{"taxonomy":"category","embeddable":true,"href":"https:\/\/noti-america.com\/site\/venezuela\/wp-json\/wp\/v2\/categories?post=29091"},{"taxonomy":"post_tag","embeddable":true,"href":"https:\/\/noti-america.com\/site\/venezuela\/wp-json\/wp\/v2\/tags?post=29091"}],"curies":[{"name":"wp","href":"https:\/\/api.w.org\/{rel}","templated":true}]}}