{"id":28317,"date":"2023-06-04T17:26:37","date_gmt":"2023-06-04T17:26:37","guid":{"rendered":"https:\/\/noti-america.com\/site\/venezuela\/?p=28317"},"modified":"2023-06-04T17:26:37","modified_gmt":"2023-06-04T17:26:37","slug":"una-nueva-vision-llego-este-sabado-a-la-parroquia-libertad","status":"publish","type":"post","link":"https:\/\/noti-america.com\/site\/venezuela\/2023\/06\/04\/una-nueva-vision-llego-este-sabado-a-la-parroquia-libertad\/","title":{"rendered":"\u00abUna Nueva Visi\u00f3n\u00bb lleg\u00f3 este s\u00e1bado a la parroquia Libertad"},"content":{"rendered":"<p style=\"text-align: justify\"><img loading=\"lazy\" decoding=\"async\" class=\"size-medium wp-image-28318 aligncenter\" src=\"https:\/\/noti-america.com\/site\/venezuela\/wp-content\/uploads\/sites\/2\/2023\/06\/IMG-20230603-WA0130-300x201.jpg\" alt=\"\" width=\"300\" height=\"201\" srcset=\"https:\/\/noti-america.com\/site\/venezuela\/wp-content\/uploads\/sites\/2\/2023\/06\/IMG-20230603-WA0130-300x201.jpg 300w, https:\/\/noti-america.com\/site\/venezuela\/wp-content\/uploads\/sites\/2\/2023\/06\/IMG-20230603-WA0130-1024x685.jpg 1024w, https:\/\/noti-america.com\/site\/venezuela\/wp-content\/uploads\/sites\/2\/2023\/06\/IMG-20230603-WA0130-768x514.jpg 768w, https:\/\/noti-america.com\/site\/venezuela\/wp-content\/uploads\/sites\/2\/2023\/06\/IMG-20230603-WA0130-272x182.jpg 272w, https:\/\/noti-america.com\/site\/venezuela\/wp-content\/uploads\/sites\/2\/2023\/06\/IMG-20230603-WA0130.jpg 1280w\" sizes=\"auto, (max-width: 300px) 100vw, 300px\" \/><\/p>\n<p style=\"text-align: justify\"><strong>El alcalde Jos\u00e9 Mosquera llev\u00f3 a cabo una nueva jornada de Salud Visual en el marco del programa \u00abUna Nueva Visi\u00f3n\u00bb.<\/strong><\/p>\n<p style=\"text-align: justify\">\nLa misma se realiz\u00f3 este s\u00e1bado 3 de junio, en el Centro de Educaci\u00f3n Inicial Mam\u00e1 Rosa, parroquia Libertad, donde se le practic\u00f3 el examen de la vista a180 personas (previo censo), que luego recibir\u00e1n sus lentes gracias a los aliados de la \u00d3ptica Nacional.<\/p>\n<p style=\"text-align: justify\"><img loading=\"lazy\" decoding=\"async\" class=\"size-medium wp-image-28319 aligncenter\" src=\"https:\/\/noti-america.com\/site\/venezuela\/wp-content\/uploads\/sites\/2\/2023\/06\/IMG-20230603-WA0126-300x201.jpg\" alt=\"\" width=\"300\" height=\"201\" srcset=\"https:\/\/noti-america.com\/site\/venezuela\/wp-content\/uploads\/sites\/2\/2023\/06\/IMG-20230603-WA0126-300x201.jpg 300w, https:\/\/noti-america.com\/site\/venezuela\/wp-content\/uploads\/sites\/2\/2023\/06\/IMG-20230603-WA0126-1024x685.jpg 1024w, https:\/\/noti-america.com\/site\/venezuela\/wp-content\/uploads\/sites\/2\/2023\/06\/IMG-20230603-WA0126-768x514.jpg 768w, https:\/\/noti-america.com\/site\/venezuela\/wp-content\/uploads\/sites\/2\/2023\/06\/IMG-20230603-WA0126-272x182.jpg 272w, https:\/\/noti-america.com\/site\/venezuela\/wp-content\/uploads\/sites\/2\/2023\/06\/IMG-20230603-WA0126.jpg 1280w\" sizes=\"auto, (max-width: 300px) 100vw, 300px\" \/><br \/>\n<em>\u00abEste es un beneficio que estamos llevando a la comunidad completamente gratis. Aqu\u00ed no hab\u00edan hecho jornadas de este tipo, pero nosotros llegamos a poner orden y a recuperar Lagunillas. <\/em><em>Ya hemos entregando m\u00e1s de 400 lentes este a\u00f1o en distintas jornadas, porque hay muchas personas que los necesitan y no tienen como comprarlos. Gracias a nuestro gobernador, a la primera dama, Margarita de Mosquera, a la direcci\u00f3n de Desarrollo Social y Humano, a cargo de Yuleima de Vel\u00e1zquez, a la Direcci\u00f3n Municipal de Salud, a los concejales, la Intendencia, y a todo el equipo que forma parte de esta gesti\u00f3n, hoy pudimos traer esta alegr\u00eda a la parroquia Libertad, donde tambi\u00e9n llevamos un sopazo\u00bb, expres\u00f3 Mosquera.<\/em><\/p>\n<p><img loading=\"lazy\" decoding=\"async\" class=\"size-medium wp-image-28320 aligncenter\" src=\"https:\/\/noti-america.com\/site\/venezuela\/wp-content\/uploads\/sites\/2\/2023\/06\/IMG-20230603-WA0127-300x201.jpg\" alt=\"\" width=\"300\" height=\"201\" srcset=\"https:\/\/noti-america.com\/site\/venezuela\/wp-content\/uploads\/sites\/2\/2023\/06\/IMG-20230603-WA0127-300x201.jpg 300w, https:\/\/noti-america.com\/site\/venezuela\/wp-content\/uploads\/sites\/2\/2023\/06\/IMG-20230603-WA0127-1024x685.jpg 1024w, https:\/\/noti-america.com\/site\/venezuela\/wp-content\/uploads\/sites\/2\/2023\/06\/IMG-20230603-WA0127-768x514.jpg 768w, https:\/\/noti-america.com\/site\/venezuela\/wp-content\/uploads\/sites\/2\/2023\/06\/IMG-20230603-WA0127-272x182.jpg 272w, https:\/\/noti-america.com\/site\/venezuela\/wp-content\/uploads\/sites\/2\/2023\/06\/IMG-20230603-WA0127.jpg 1280w\" sizes=\"auto, (max-width: 300px) 100vw, 300px\" \/><\/p>\n<p style=\"text-align: justify\">El programa \u00abUna Nueva Visi\u00f3n\u00bb ya estuvo presente en las parroquias Venezuela, El Danto y ahora en la Libertad, llevando este beneficio a sus habitantes.<\/p>\n<p style=\"text-align: justify\">\n\u00abCon el favor de Dios cada vez iremos llegando a m\u00e1s parroquias y sectores. Nosotros vinimos a trabajar, para eso nos eligi\u00f3 nuestro pueblo\u00bb, puntualiz\u00f3 el burgomaestre.<\/p>\n<p style=\"text-align: justify\"><strong>Fuente: Nota de Prensa\u00a0<\/strong><\/p>\n","protected":false},"excerpt":{"rendered":"<p>El alcalde Jos\u00e9 Mosquera llev\u00f3 a cabo una nueva jornada de Salud Visual en el marco del programa \u00abUna Nueva Visi\u00f3n\u00bb. La misma se realiz\u00f3 este s\u00e1bado 3 de junio, en el Centro de&#46;&#46;&#46;<\/p>\n","protected":false},"author":40,"featured_media":28321,"comment_status":"open","ping_status":"open","sticky":false,"template":"","format":"standard","meta":{"_acf_changed":false,"om_disable_all_campaigns":false,"rop_custom_images_group":[],"rop_custom_messages_group":[],"rop_publish_now":"initial","rop_publish_now_accounts":{"twitter_242054905_242054905":""},"rop_publish_now_history":[],"rop_publish_now_status":"pending","_uf_show_specific_survey":0,"_uf_disable_surveys":false,"footnotes":""},"categories":[164,156,13],"tags":[221,222],"class_list":["post-28317","post","type-post","status-publish","format-standard","has-post-thumbnail","hentry","category-comunidades","category-venezuela","category-vida-y-salud","tag-ciudad-ojeda","tag-zulia"],"acf":[],"aioseo_notices":[],"yoast_head":"<!-- This site is optimized with the Yoast SEO Premium plugin v24.9 (Yoast SEO v27.2) - https:\/\/yoast.com\/product\/yoast-seo-premium-wordpress\/ -->\n<title>&quot;Una Nueva Visi\u00f3n&quot; lleg\u00f3 este s\u00e1bado a la parroquia Libertad - Venezuela | Noti-America.com<\/title>\n<meta name=\"robots\" content=\"index, follow, max-snippet:-1, max-image-preview:large, max-video-preview:-1\" \/>\n<link rel=\"canonical\" href=\"https:\/\/noti-america.com\/site\/venezuela\/2023\/06\/04\/una-nueva-vision-llego-este-sabado-a-la-parroquia-libertad\/\" \/>\n<meta property=\"og:locale\" content=\"es_ES\" \/>\n<meta property=\"og:type\" content=\"article\" \/>\n<meta property=\"og:title\" content=\"&quot;Una Nueva Visi\u00f3n&quot; lleg\u00f3 este s\u00e1bado a la parroquia Libertad\" \/>\n<meta property=\"og:description\" content=\"El alcalde Jos\u00e9 Mosquera llev\u00f3 a cabo una nueva jornada de Salud Visual en el marco del programa \u00abUna Nueva Visi\u00f3n\u00bb. La misma se realiz\u00f3 este s\u00e1bado 3 de junio, en el Centro de&#046;&#046;&#046;\" \/>\n<meta property=\"og:url\" content=\"https:\/\/noti-america.com\/site\/venezuela\/2023\/06\/04\/una-nueva-vision-llego-este-sabado-a-la-parroquia-libertad\/\" \/>\n<meta property=\"og:site_name\" content=\"Venezuela | Noti-America.com\" \/>\n<meta property=\"article:published_time\" content=\"2023-06-04T17:26:37+00:00\" \/>\n<meta property=\"og:image\" content=\"https:\/\/noti-america.com\/site\/venezuela\/wp-content\/uploads\/sites\/2\/2023\/06\/IMG-20230603-WA0129.jpg\" \/>\n\t<meta property=\"og:image:width\" content=\"1280\" \/>\n\t<meta property=\"og:image:height\" content=\"856\" \/>\n\t<meta property=\"og:image:type\" content=\"image\/jpeg\" \/>\n<meta name=\"author\" content=\"Hendrick Garcia\" \/>\n<meta name=\"twitter:card\" content=\"summary_large_image\" \/>\n<meta name=\"twitter:label1\" content=\"Escrito por\" \/>\n\t<meta name=\"twitter:data1\" content=\"Hendrick Garcia\" \/>\n\t<meta name=\"twitter:label2\" content=\"Tiempo estimado de lectura\" \/>\n\t<meta name=\"twitter:data2\" content=\"2 minutos\" \/>\n<script type=\"application\/ld+json\" class=\"yoast-schema-graph\">{\"@context\":\"https:\/\/schema.org\",\"@graph\":[{\"@type\":\"Article\",\"@id\":\"https:\/\/noti-america.com\/site\/venezuela\/2023\/06\/04\/una-nueva-vision-llego-este-sabado-a-la-parroquia-libertad\/#article\",\"isPartOf\":{\"@id\":\"https:\/\/noti-america.com\/site\/venezuela\/2023\/06\/04\/una-nueva-vision-llego-este-sabado-a-la-parroquia-libertad\/\"},\"author\":{\"name\":\"Hendrick Garcia\",\"@id\":\"https:\/\/noti-america.com\/site\/venezuela\/#\/schema\/person\/2f37ed06a1cd058e8d611b3d42cce678\"},\"headline\":\"\u00abUna Nueva Visi\u00f3n\u00bb lleg\u00f3 este s\u00e1bado a la parroquia Libertad\",\"datePublished\":\"2023-06-04T17:26:37+00:00\",\"mainEntityOfPage\":{\"@id\":\"https:\/\/noti-america.com\/site\/venezuela\/2023\/06\/04\/una-nueva-vision-llego-este-sabado-a-la-parroquia-libertad\/\"},\"wordCount\":264,\"commentCount\":0,\"publisher\":{\"@id\":\"https:\/\/noti-america.com\/site\/venezuela\/#organization\"},\"image\":{\"@id\":\"https:\/\/noti-america.com\/site\/venezuela\/2023\/06\/04\/una-nueva-vision-llego-este-sabado-a-la-parroquia-libertad\/#primaryimage\"},\"thumbnailUrl\":\"https:\/\/noti-america.com\/site\/venezuela\/wp-content\/uploads\/sites\/2\/2023\/06\/IMG-20230603-WA0129.jpg\",\"keywords\":[\"ciudad ojeda\",\"zulia\"],\"articleSection\":[\"Comunidades\",\"Venezuela\",\"Vida y Salud\"],\"inLanguage\":\"es\",\"potentialAction\":[{\"@type\":\"CommentAction\",\"name\":\"Comment\",\"target\":[\"https:\/\/noti-america.com\/site\/venezuela\/2023\/06\/04\/una-nueva-vision-llego-este-sabado-a-la-parroquia-libertad\/#respond\"]}]},{\"@type\":\"WebPage\",\"@id\":\"https:\/\/noti-america.com\/site\/venezuela\/2023\/06\/04\/una-nueva-vision-llego-este-sabado-a-la-parroquia-libertad\/\",\"url\":\"https:\/\/noti-america.com\/site\/venezuela\/2023\/06\/04\/una-nueva-vision-llego-este-sabado-a-la-parroquia-libertad\/\",\"name\":\"\\\"Una Nueva Visi\u00f3n\\\" lleg\u00f3 este s\u00e1bado a la parroquia Libertad - Venezuela | Noti-America.com\",\"isPartOf\":{\"@id\":\"https:\/\/noti-america.com\/site\/venezuela\/#website\"},\"primaryImageOfPage\":{\"@id\":\"https:\/\/noti-america.com\/site\/venezuela\/2023\/06\/04\/una-nueva-vision-llego-este-sabado-a-la-parroquia-libertad\/#primaryimage\"},\"image\":{\"@id\":\"https:\/\/noti-america.com\/site\/venezuela\/2023\/06\/04\/una-nueva-vision-llego-este-sabado-a-la-parroquia-libertad\/#primaryimage\"},\"thumbnailUrl\":\"https:\/\/noti-america.com\/site\/venezuela\/wp-content\/uploads\/sites\/2\/2023\/06\/IMG-20230603-WA0129.jpg\",\"datePublished\":\"2023-06-04T17:26:37+00:00\",\"breadcrumb\":{\"@id\":\"https:\/\/noti-america.com\/site\/venezuela\/2023\/06\/04\/una-nueva-vision-llego-este-sabado-a-la-parroquia-libertad\/#breadcrumb\"},\"inLanguage\":\"es\",\"potentialAction\":[{\"@type\":\"ReadAction\",\"target\":[\"https:\/\/noti-america.com\/site\/venezuela\/2023\/06\/04\/una-nueva-vision-llego-este-sabado-a-la-parroquia-libertad\/\"]}]},{\"@type\":\"ImageObject\",\"inLanguage\":\"es\",\"@id\":\"https:\/\/noti-america.com\/site\/venezuela\/2023\/06\/04\/una-nueva-vision-llego-este-sabado-a-la-parroquia-libertad\/#primaryimage\",\"url\":\"https:\/\/noti-america.com\/site\/venezuela\/wp-content\/uploads\/sites\/2\/2023\/06\/IMG-20230603-WA0129.jpg\",\"contentUrl\":\"https:\/\/noti-america.com\/site\/venezuela\/wp-content\/uploads\/sites\/2\/2023\/06\/IMG-20230603-WA0129.jpg\",\"width\":1280,\"height\":856},{\"@type\":\"BreadcrumbList\",\"@id\":\"https:\/\/noti-america.com\/site\/venezuela\/2023\/06\/04\/una-nueva-vision-llego-este-sabado-a-la-parroquia-libertad\/#breadcrumb\",\"itemListElement\":[{\"@type\":\"ListItem\",\"position\":1,\"name\":\"Portada\",\"item\":\"https:\/\/noti-america.com\/site\/venezuela\/\"},{\"@type\":\"ListItem\",\"position\":2,\"name\":\"&#8220;Una Nueva Visi\u00f3n&#8221; lleg\u00f3 este s\u00e1bado a la parroquia Libertad\"}]},{\"@type\":\"WebSite\",\"@id\":\"https:\/\/noti-america.com\/site\/venezuela\/#website\",\"url\":\"https:\/\/noti-america.com\/site\/venezuela\/\",\"name\":\"Venezuela | Noti-America.com\",\"description\":\"\",\"publisher\":{\"@id\":\"https:\/\/noti-america.com\/site\/venezuela\/#organization\"},\"potentialAction\":[{\"@type\":\"SearchAction\",\"target\":{\"@type\":\"EntryPoint\",\"urlTemplate\":\"https:\/\/noti-america.com\/site\/venezuela\/?s={search_term_string}\"},\"query-input\":{\"@type\":\"PropertyValueSpecification\",\"valueRequired\":true,\"valueName\":\"search_term_string\"}}],\"inLanguage\":\"es\"},{\"@type\":\"Organization\",\"@id\":\"https:\/\/noti-america.com\/site\/venezuela\/#organization\",\"name\":\"Noti-America LLC | Venezuela\",\"url\":\"https:\/\/noti-america.com\/site\/venezuela\/\",\"logo\":{\"@type\":\"ImageObject\",\"inLanguage\":\"es\",\"@id\":\"https:\/\/noti-america.com\/site\/venezuela\/#\/schema\/logo\/image\/\",\"url\":\"https:\/\/noti-america.com\/site\/venezuela\/wp-content\/uploads\/sites\/2\/2020\/07\/LogoNA-4x3-1.jpg\",\"contentUrl\":\"https:\/\/noti-america.com\/site\/venezuela\/wp-content\/uploads\/sites\/2\/2020\/07\/LogoNA-4x3-1.jpg\",\"width\":1236,\"height\":1080,\"caption\":\"Noti-America LLC | Venezuela\"},\"image\":{\"@id\":\"https:\/\/noti-america.com\/site\/venezuela\/#\/schema\/logo\/image\/\"}},{\"@type\":\"Person\",\"@id\":\"https:\/\/noti-america.com\/site\/venezuela\/#\/schema\/person\/2f37ed06a1cd058e8d611b3d42cce678\",\"name\":\"Hendrick Garcia\",\"image\":{\"@type\":\"ImageObject\",\"inLanguage\":\"es\",\"@id\":\"https:\/\/secure.gravatar.com\/avatar\/07f13ce868ede7f0937b7abbada276f430e4ed25cfff75dbe7f98f95ac02358c?s=96&d=mm&r=g\",\"url\":\"https:\/\/secure.gravatar.com\/avatar\/07f13ce868ede7f0937b7abbada276f430e4ed25cfff75dbe7f98f95ac02358c?s=96&d=mm&r=g\",\"contentUrl\":\"https:\/\/secure.gravatar.com\/avatar\/07f13ce868ede7f0937b7abbada276f430e4ed25cfff75dbe7f98f95ac02358c?s=96&d=mm&r=g\",\"caption\":\"Hendrick Garcia\"},\"url\":\"https:\/\/noti-america.com\/site\/venezuela\/author\/hegarcia\/\"}]}<\/script>\n<!-- \/ Yoast SEO Premium plugin. -->","yoast_head_json":{"title":"\"Una Nueva Visi\u00f3n\" lleg\u00f3 este s\u00e1bado a la parroquia Libertad - Venezuela | Noti-America.com","robots":{"index":"index","follow":"follow","max-snippet":"max-snippet:-1","max-image-preview":"max-image-preview:large","max-video-preview":"max-video-preview:-1"},"canonical":"https:\/\/noti-america.com\/site\/venezuela\/2023\/06\/04\/una-nueva-vision-llego-este-sabado-a-la-parroquia-libertad\/","og_locale":"es_ES","og_type":"article","og_title":"\"Una Nueva Visi\u00f3n\" lleg\u00f3 este s\u00e1bado a la parroquia Libertad","og_description":"El alcalde Jos\u00e9 Mosquera llev\u00f3 a cabo una nueva jornada de Salud Visual en el marco del programa \u00abUna Nueva Visi\u00f3n\u00bb. La misma se realiz\u00f3 este s\u00e1bado 3 de junio, en el Centro de&#46;&#46;&#46;","og_url":"https:\/\/noti-america.com\/site\/venezuela\/2023\/06\/04\/una-nueva-vision-llego-este-sabado-a-la-parroquia-libertad\/","og_site_name":"Venezuela | Noti-America.com","article_published_time":"2023-06-04T17:26:37+00:00","og_image":[{"width":1280,"height":856,"url":"https:\/\/noti-america.com\/site\/venezuela\/wp-content\/uploads\/sites\/2\/2023\/06\/IMG-20230603-WA0129.jpg","type":"image\/jpeg"}],"author":"Hendrick Garcia","twitter_card":"summary_large_image","twitter_misc":{"Escrito por":"Hendrick Garcia","Tiempo estimado de lectura":"2 minutos"},"schema":{"@context":"https:\/\/schema.org","@graph":[{"@type":"Article","@id":"https:\/\/noti-america.com\/site\/venezuela\/2023\/06\/04\/una-nueva-vision-llego-este-sabado-a-la-parroquia-libertad\/#article","isPartOf":{"@id":"https:\/\/noti-america.com\/site\/venezuela\/2023\/06\/04\/una-nueva-vision-llego-este-sabado-a-la-parroquia-libertad\/"},"author":{"name":"Hendrick Garcia","@id":"https:\/\/noti-america.com\/site\/venezuela\/#\/schema\/person\/2f37ed06a1cd058e8d611b3d42cce678"},"headline":"\u00abUna Nueva Visi\u00f3n\u00bb lleg\u00f3 este s\u00e1bado a la parroquia Libertad","datePublished":"2023-06-04T17:26:37+00:00","mainEntityOfPage":{"@id":"https:\/\/noti-america.com\/site\/venezuela\/2023\/06\/04\/una-nueva-vision-llego-este-sabado-a-la-parroquia-libertad\/"},"wordCount":264,"commentCount":0,"publisher":{"@id":"https:\/\/noti-america.com\/site\/venezuela\/#organization"},"image":{"@id":"https:\/\/noti-america.com\/site\/venezuela\/2023\/06\/04\/una-nueva-vision-llego-este-sabado-a-la-parroquia-libertad\/#primaryimage"},"thumbnailUrl":"https:\/\/noti-america.com\/site\/venezuela\/wp-content\/uploads\/sites\/2\/2023\/06\/IMG-20230603-WA0129.jpg","keywords":["ciudad ojeda","zulia"],"articleSection":["Comunidades","Venezuela","Vida y Salud"],"inLanguage":"es","potentialAction":[{"@type":"CommentAction","name":"Comment","target":["https:\/\/noti-america.com\/site\/venezuela\/2023\/06\/04\/una-nueva-vision-llego-este-sabado-a-la-parroquia-libertad\/#respond"]}]},{"@type":"WebPage","@id":"https:\/\/noti-america.com\/site\/venezuela\/2023\/06\/04\/una-nueva-vision-llego-este-sabado-a-la-parroquia-libertad\/","url":"https:\/\/noti-america.com\/site\/venezuela\/2023\/06\/04\/una-nueva-vision-llego-este-sabado-a-la-parroquia-libertad\/","name":"\"Una Nueva Visi\u00f3n\" lleg\u00f3 este s\u00e1bado a la parroquia Libertad - Venezuela | Noti-America.com","isPartOf":{"@id":"https:\/\/noti-america.com\/site\/venezuela\/#website"},"primaryImageOfPage":{"@id":"https:\/\/noti-america.com\/site\/venezuela\/2023\/06\/04\/una-nueva-vision-llego-este-sabado-a-la-parroquia-libertad\/#primaryimage"},"image":{"@id":"https:\/\/noti-america.com\/site\/venezuela\/2023\/06\/04\/una-nueva-vision-llego-este-sabado-a-la-parroquia-libertad\/#primaryimage"},"thumbnailUrl":"https:\/\/noti-america.com\/site\/venezuela\/wp-content\/uploads\/sites\/2\/2023\/06\/IMG-20230603-WA0129.jpg","datePublished":"2023-06-04T17:26:37+00:00","breadcrumb":{"@id":"https:\/\/noti-america.com\/site\/venezuela\/2023\/06\/04\/una-nueva-vision-llego-este-sabado-a-la-parroquia-libertad\/#breadcrumb"},"inLanguage":"es","potentialAction":[{"@type":"ReadAction","target":["https:\/\/noti-america.com\/site\/venezuela\/2023\/06\/04\/una-nueva-vision-llego-este-sabado-a-la-parroquia-libertad\/"]}]},{"@type":"ImageObject","inLanguage":"es","@id":"https:\/\/noti-america.com\/site\/venezuela\/2023\/06\/04\/una-nueva-vision-llego-este-sabado-a-la-parroquia-libertad\/#primaryimage","url":"https:\/\/noti-america.com\/site\/venezuela\/wp-content\/uploads\/sites\/2\/2023\/06\/IMG-20230603-WA0129.jpg","contentUrl":"https:\/\/noti-america.com\/site\/venezuela\/wp-content\/uploads\/sites\/2\/2023\/06\/IMG-20230603-WA0129.jpg","width":1280,"height":856},{"@type":"BreadcrumbList","@id":"https:\/\/noti-america.com\/site\/venezuela\/2023\/06\/04\/una-nueva-vision-llego-este-sabado-a-la-parroquia-libertad\/#breadcrumb","itemListElement":[{"@type":"ListItem","position":1,"name":"Portada","item":"https:\/\/noti-america.com\/site\/venezuela\/"},{"@type":"ListItem","position":2,"name":"&#8220;Una Nueva Visi\u00f3n&#8221; lleg\u00f3 este s\u00e1bado a la parroquia Libertad"}]},{"@type":"WebSite","@id":"https:\/\/noti-america.com\/site\/venezuela\/#website","url":"https:\/\/noti-america.com\/site\/venezuela\/","name":"Venezuela | Noti-America.com","description":"","publisher":{"@id":"https:\/\/noti-america.com\/site\/venezuela\/#organization"},"potentialAction":[{"@type":"SearchAction","target":{"@type":"EntryPoint","urlTemplate":"https:\/\/noti-america.com\/site\/venezuela\/?s={search_term_string}"},"query-input":{"@type":"PropertyValueSpecification","valueRequired":true,"valueName":"search_term_string"}}],"inLanguage":"es"},{"@type":"Organization","@id":"https:\/\/noti-america.com\/site\/venezuela\/#organization","name":"Noti-America LLC | Venezuela","url":"https:\/\/noti-america.com\/site\/venezuela\/","logo":{"@type":"ImageObject","inLanguage":"es","@id":"https:\/\/noti-america.com\/site\/venezuela\/#\/schema\/logo\/image\/","url":"https:\/\/noti-america.com\/site\/venezuela\/wp-content\/uploads\/sites\/2\/2020\/07\/LogoNA-4x3-1.jpg","contentUrl":"https:\/\/noti-america.com\/site\/venezuela\/wp-content\/uploads\/sites\/2\/2020\/07\/LogoNA-4x3-1.jpg","width":1236,"height":1080,"caption":"Noti-America LLC | Venezuela"},"image":{"@id":"https:\/\/noti-america.com\/site\/venezuela\/#\/schema\/logo\/image\/"}},{"@type":"Person","@id":"https:\/\/noti-america.com\/site\/venezuela\/#\/schema\/person\/2f37ed06a1cd058e8d611b3d42cce678","name":"Hendrick Garcia","image":{"@type":"ImageObject","inLanguage":"es","@id":"https:\/\/secure.gravatar.com\/avatar\/07f13ce868ede7f0937b7abbada276f430e4ed25cfff75dbe7f98f95ac02358c?s=96&d=mm&r=g","url":"https:\/\/secure.gravatar.com\/avatar\/07f13ce868ede7f0937b7abbada276f430e4ed25cfff75dbe7f98f95ac02358c?s=96&d=mm&r=g","contentUrl":"https:\/\/secure.gravatar.com\/avatar\/07f13ce868ede7f0937b7abbada276f430e4ed25cfff75dbe7f98f95ac02358c?s=96&d=mm&r=g","caption":"Hendrick Garcia"},"url":"https:\/\/noti-america.com\/site\/venezuela\/author\/hegarcia\/"}]}},"_links":{"self":[{"href":"https:\/\/noti-america.com\/site\/venezuela\/wp-json\/wp\/v2\/posts\/28317","targetHints":{"allow":["GET"]}}],"collection":[{"href":"https:\/\/noti-america.com\/site\/venezuela\/wp-json\/wp\/v2\/posts"}],"about":[{"href":"https:\/\/noti-america.com\/site\/venezuela\/wp-json\/wp\/v2\/types\/post"}],"author":[{"embeddable":true,"href":"https:\/\/noti-america.com\/site\/venezuela\/wp-json\/wp\/v2\/users\/40"}],"replies":[{"embeddable":true,"href":"https:\/\/noti-america.com\/site\/venezuela\/wp-json\/wp\/v2\/comments?post=28317"}],"version-history":[{"count":1,"href":"https:\/\/noti-america.com\/site\/venezuela\/wp-json\/wp\/v2\/posts\/28317\/revisions"}],"predecessor-version":[{"id":28322,"href":"https:\/\/noti-america.com\/site\/venezuela\/wp-json\/wp\/v2\/posts\/28317\/revisions\/28322"}],"wp:featuredmedia":[{"embeddable":true,"href":"https:\/\/noti-america.com\/site\/venezuela\/wp-json\/wp\/v2\/media\/28321"}],"wp:attachment":[{"href":"https:\/\/noti-america.com\/site\/venezuela\/wp-json\/wp\/v2\/media?parent=28317"}],"wp:term":[{"taxonomy":"category","embeddable":true,"href":"https:\/\/noti-america.com\/site\/venezuela\/wp-json\/wp\/v2\/categories?post=28317"},{"taxonomy":"post_tag","embeddable":true,"href":"https:\/\/noti-america.com\/site\/venezuela\/wp-json\/wp\/v2\/tags?post=28317"}],"curies":[{"name":"wp","href":"https:\/\/api.w.org\/{rel}","templated":true}]}}