{"id":28094,"date":"2023-05-30T00:15:17","date_gmt":"2023-05-30T00:15:17","guid":{"rendered":"https:\/\/noti-america.com\/site\/venezuela\/?p=28094"},"modified":"2023-05-30T00:18:23","modified_gmt":"2023-05-30T00:18:23","slug":"gobernacion-beneficio-a-mas-de-dos-mil-familias-de-maracaibo-y-san-francisco-con-jornadas-de-salud-y-atencion-social","status":"publish","type":"post","link":"https:\/\/noti-america.com\/site\/venezuela\/2023\/05\/30\/gobernacion-beneficio-a-mas-de-dos-mil-familias-de-maracaibo-y-san-francisco-con-jornadas-de-salud-y-atencion-social\/","title":{"rendered":"Gobernaci\u00f3n benefici\u00f3 a m\u00e1s de dos mil familias de Maracaibo y San Francisco con jornadas de salud y atenci\u00f3n social"},"content":{"rendered":"\r\n<p style=\"text-align: justify\"><img loading=\"lazy\" decoding=\"async\" class=\"size-medium wp-image-28117 aligncenter\" src=\"https:\/\/noti-america.com\/site\/venezuela\/wp-content\/uploads\/sites\/2\/2023\/05\/IMG-20230528-WA0163-300x225.jpg\" alt=\"\" width=\"300\" height=\"225\" srcset=\"https:\/\/noti-america.com\/site\/venezuela\/wp-content\/uploads\/sites\/2\/2023\/05\/IMG-20230528-WA0163-300x225.jpg 300w, https:\/\/noti-america.com\/site\/venezuela\/wp-content\/uploads\/sites\/2\/2023\/05\/IMG-20230528-WA0163-1024x768.jpg 1024w, https:\/\/noti-america.com\/site\/venezuela\/wp-content\/uploads\/sites\/2\/2023\/05\/IMG-20230528-WA0163-768x576.jpg 768w, https:\/\/noti-america.com\/site\/venezuela\/wp-content\/uploads\/sites\/2\/2023\/05\/IMG-20230528-WA0163-600x450.jpg 600w, https:\/\/noti-america.com\/site\/venezuela\/wp-content\/uploads\/sites\/2\/2023\/05\/IMG-20230528-WA0163.jpg 1280w\" sizes=\"auto, (max-width: 300px) 100vw, 300px\" \/><br \/><strong>Este fin de semana los habitantes de los municipios Maracaibo y San Francisco fueron favorecidos con tres megas jornadas integrales de la mano de las Secretar\u00edas de Desarrollo Social y Salud en las parroquias Idelfonso Vasquez, Luis Hurtado Higuera y San Francisco, en el municipio sure\u00f1o.<\/strong><br \/><br \/>Entre aplausos, caras sonrientes y llenas de esperanza, el Gobernador del estado Zulia, Manuel Rosales Guerrero, comparti\u00f3 con los habitantes de la parroquia \u00abLuis Hurtado Higuera\u00bb, donde fueron beneficiadas m\u00e1s de mil 250 familias con atenci\u00f3n m\u00e9dica integral, odontol\u00f3gica, jornada de vacunaci\u00f3n, desparasitaci\u00f3n y entrega de medicamentos completamente gratis.<br \/><img loading=\"lazy\" decoding=\"async\" class=\"size-medium wp-image-28118 aligncenter\" src=\"https:\/\/noti-america.com\/site\/venezuela\/wp-content\/uploads\/sites\/2\/2023\/05\/IMG-20230527-WA0251-300x169.jpg\" alt=\"\" width=\"300\" height=\"169\" srcset=\"https:\/\/noti-america.com\/site\/venezuela\/wp-content\/uploads\/sites\/2\/2023\/05\/IMG-20230527-WA0251-300x169.jpg 300w, https:\/\/noti-america.com\/site\/venezuela\/wp-content\/uploads\/sites\/2\/2023\/05\/IMG-20230527-WA0251-768x432.jpg 768w, https:\/\/noti-america.com\/site\/venezuela\/wp-content\/uploads\/sites\/2\/2023\/05\/IMG-20230527-WA0251-600x338.jpg 600w, https:\/\/noti-america.com\/site\/venezuela\/wp-content\/uploads\/sites\/2\/2023\/05\/IMG-20230527-WA0251.jpg 960w\" sizes=\"auto, (max-width: 300px) 100vw, 300px\" \/><br \/>\u201c<em>Aqu\u00ed estamos cumpliendo con nuestra gente, una nueva jornada m\u00e9dico asistencial intensa, grande, masiva, con una gran participaci\u00f3n de nuestra comunidad. Con ellas queremos saber la opini\u00f3n de la gente sobre la atenci\u00f3n, calidad y el desempe\u00f1o de las jornadas que, adem\u00e1s de las consultas, tambi\u00e9n ofrecen medicamentos, pesquisaje de c\u00e1ncer de cuello uterino, mamas, pr\u00f3stata, hipertensi\u00f3n arterial, diabetes, vacunaci\u00f3n y desparasitaci\u00f3n\u00bb, explic\u00f3 el mandatario regional<\/em>.<br \/><br \/>Es importante se\u00f1alar que en las jornadas realizadas en la parroquia \u00abIdelfonso V\u00e1squez\u00bb, al oeste de la capital zuliana, fueron atendidas 900 familias.<br \/><br \/>Mientras que en el sector \u00abBetulio Gonz\u00e1lez\u00bb, del municipio San Francisco, m\u00e1s de mil familias resultaron asistidas con esta gran jornada que incluy\u00f3 despistaje de hipertensi\u00f3n arterial y glicemia; adem\u00e1s de servicios de peluquer\u00eda y pinta caritas para los m\u00e1s peque\u00f1os de la casa.<br \/><br \/>Por su parte, la secretaria de Desarrollo Social y Presidenta de la Fundaci\u00f3n Barrio a Barrio, Carla Fern\u00e1ndez, asegur\u00f3 que \u00abest\u00e1s jornadas son las m\u00e1s grandes e importantes que se han ejecutado en lo que va de a\u00f1o y son parte del compromiso que tenemos con nuestra gente, con la voluntad y deseo de devolverles la salud y calidad de vida\u00bb. <br \/><br \/>Continu\u00f3: \u201ces el compromiso y entrega de nuestro Gobernador Manuel Rosales, para seguir sumando atenci\u00f3n a los habitantes de cada uno de nuestros sectores, a trav\u00e9s de las Cl\u00ednicas m\u00f3viles, para continuar fortaleciendo la salud de todos los zulianos\u201d.<br \/><br \/>Fern\u00e1ndez culmin\u00f3 informando que estas jornadas continuar\u00e1n en todo el estado, para seguir previniendo a tiempo futuras patolog\u00edas.<br \/><br \/><strong>Fuente: Nota de Prensa<\/strong><\/p>\r\n","protected":false},"excerpt":{"rendered":"<p>Este fin de semana los habitantes de los municipios Maracaibo y San Francisco fueron favorecidos con tres megas jornadas integrales de la mano de las Secretar\u00edas de Desarrollo Social y Salud en las parroquias&#46;&#46;&#46;<\/p>\n","protected":false},"author":40,"featured_media":28119,"comment_status":"open","ping_status":"open","sticky":false,"template":"","format":"standard","meta":{"_acf_changed":false,"om_disable_all_campaigns":false,"rop_custom_images_group":[],"rop_custom_messages_group":[],"rop_publish_now":"initial","rop_publish_now_accounts":{"twitter_242054905_242054905":""},"rop_publish_now_history":[],"rop_publish_now_status":"pending","_uf_show_specific_survey":0,"_uf_disable_surveys":false,"footnotes":""},"categories":[164,156],"tags":[222],"class_list":["post-28094","post","type-post","status-publish","format-standard","has-post-thumbnail","hentry","category-comunidades","category-venezuela","tag-zulia"],"acf":[],"aioseo_notices":[],"yoast_head":"<!-- This site is optimized with the Yoast SEO Premium plugin v24.9 (Yoast SEO v27.2) - https:\/\/yoast.com\/product\/yoast-seo-premium-wordpress\/ -->\n<title>Gobernaci\u00f3n benefici\u00f3 a m\u00e1s de dos mil familias de Maracaibo y San Francisco con jornadas de salud y atenci\u00f3n social - Venezuela | Noti-America.com<\/title>\n<meta name=\"robots\" content=\"index, follow, max-snippet:-1, max-image-preview:large, max-video-preview:-1\" \/>\n<link rel=\"canonical\" href=\"https:\/\/noti-america.com\/site\/venezuela\/2023\/05\/30\/gobernacion-beneficio-a-mas-de-dos-mil-familias-de-maracaibo-y-san-francisco-con-jornadas-de-salud-y-atencion-social\/\" \/>\n<meta property=\"og:locale\" content=\"es_ES\" \/>\n<meta property=\"og:type\" content=\"article\" \/>\n<meta property=\"og:title\" content=\"Gobernaci\u00f3n benefici\u00f3 a m\u00e1s de dos mil familias de Maracaibo y San Francisco con jornadas de salud y atenci\u00f3n social\" \/>\n<meta property=\"og:description\" content=\"Este fin de semana los habitantes de los municipios Maracaibo y San Francisco fueron favorecidos con tres megas jornadas integrales de la mano de las Secretar\u00edas de Desarrollo Social y Salud en las parroquias&#046;&#046;&#046;\" \/>\n<meta property=\"og:url\" content=\"https:\/\/noti-america.com\/site\/venezuela\/2023\/05\/30\/gobernacion-beneficio-a-mas-de-dos-mil-familias-de-maracaibo-y-san-francisco-con-jornadas-de-salud-y-atencion-social\/\" \/>\n<meta property=\"og:site_name\" content=\"Venezuela | Noti-America.com\" \/>\n<meta property=\"article:published_time\" content=\"2023-05-30T00:15:17+00:00\" \/>\n<meta property=\"article:modified_time\" content=\"2023-05-30T00:18:23+00:00\" \/>\n<meta property=\"og:image\" content=\"https:\/\/noti-america.com\/site\/venezuela\/wp-content\/uploads\/sites\/2\/2023\/05\/IMG-20230527-WA0248.jpg\" \/>\n\t<meta property=\"og:image:width\" content=\"960\" \/>\n\t<meta property=\"og:image:height\" content=\"540\" \/>\n\t<meta property=\"og:image:type\" content=\"image\/jpeg\" \/>\n<meta name=\"author\" content=\"Hendrick Garcia\" \/>\n<meta name=\"twitter:card\" content=\"summary_large_image\" \/>\n<meta name=\"twitter:label1\" content=\"Escrito por\" \/>\n\t<meta name=\"twitter:data1\" content=\"Hendrick Garcia\" \/>\n\t<meta name=\"twitter:label2\" content=\"Tiempo estimado de lectura\" \/>\n\t<meta name=\"twitter:data2\" content=\"2 minutos\" \/>\n<script type=\"application\/ld+json\" class=\"yoast-schema-graph\">{\"@context\":\"https:\/\/schema.org\",\"@graph\":[{\"@type\":\"Article\",\"@id\":\"https:\/\/noti-america.com\/site\/venezuela\/2023\/05\/30\/gobernacion-beneficio-a-mas-de-dos-mil-familias-de-maracaibo-y-san-francisco-con-jornadas-de-salud-y-atencion-social\/#article\",\"isPartOf\":{\"@id\":\"https:\/\/noti-america.com\/site\/venezuela\/2023\/05\/30\/gobernacion-beneficio-a-mas-de-dos-mil-familias-de-maracaibo-y-san-francisco-con-jornadas-de-salud-y-atencion-social\/\"},\"author\":{\"name\":\"Hendrick Garcia\",\"@id\":\"https:\/\/noti-america.com\/site\/venezuela\/#\/schema\/person\/2f37ed06a1cd058e8d611b3d42cce678\"},\"headline\":\"Gobernaci\u00f3n benefici\u00f3 a m\u00e1s de dos mil familias de Maracaibo y San Francisco con jornadas de salud y atenci\u00f3n social\",\"datePublished\":\"2023-05-30T00:15:17+00:00\",\"dateModified\":\"2023-05-30T00:18:23+00:00\",\"mainEntityOfPage\":{\"@id\":\"https:\/\/noti-america.com\/site\/venezuela\/2023\/05\/30\/gobernacion-beneficio-a-mas-de-dos-mil-familias-de-maracaibo-y-san-francisco-con-jornadas-de-salud-y-atencion-social\/\"},\"wordCount\":412,\"commentCount\":0,\"publisher\":{\"@id\":\"https:\/\/noti-america.com\/site\/venezuela\/#organization\"},\"image\":{\"@id\":\"https:\/\/noti-america.com\/site\/venezuela\/2023\/05\/30\/gobernacion-beneficio-a-mas-de-dos-mil-familias-de-maracaibo-y-san-francisco-con-jornadas-de-salud-y-atencion-social\/#primaryimage\"},\"thumbnailUrl\":\"https:\/\/noti-america.com\/site\/venezuela\/wp-content\/uploads\/sites\/2\/2023\/05\/IMG-20230527-WA0248.jpg\",\"keywords\":[\"zulia\"],\"articleSection\":[\"Comunidades\",\"Venezuela\"],\"inLanguage\":\"es\",\"potentialAction\":[{\"@type\":\"CommentAction\",\"name\":\"Comment\",\"target\":[\"https:\/\/noti-america.com\/site\/venezuela\/2023\/05\/30\/gobernacion-beneficio-a-mas-de-dos-mil-familias-de-maracaibo-y-san-francisco-con-jornadas-de-salud-y-atencion-social\/#respond\"]}]},{\"@type\":\"WebPage\",\"@id\":\"https:\/\/noti-america.com\/site\/venezuela\/2023\/05\/30\/gobernacion-beneficio-a-mas-de-dos-mil-familias-de-maracaibo-y-san-francisco-con-jornadas-de-salud-y-atencion-social\/\",\"url\":\"https:\/\/noti-america.com\/site\/venezuela\/2023\/05\/30\/gobernacion-beneficio-a-mas-de-dos-mil-familias-de-maracaibo-y-san-francisco-con-jornadas-de-salud-y-atencion-social\/\",\"name\":\"Gobernaci\u00f3n benefici\u00f3 a m\u00e1s de dos mil familias de Maracaibo y San Francisco con jornadas de salud y atenci\u00f3n social - Venezuela | Noti-America.com\",\"isPartOf\":{\"@id\":\"https:\/\/noti-america.com\/site\/venezuela\/#website\"},\"primaryImageOfPage\":{\"@id\":\"https:\/\/noti-america.com\/site\/venezuela\/2023\/05\/30\/gobernacion-beneficio-a-mas-de-dos-mil-familias-de-maracaibo-y-san-francisco-con-jornadas-de-salud-y-atencion-social\/#primaryimage\"},\"image\":{\"@id\":\"https:\/\/noti-america.com\/site\/venezuela\/2023\/05\/30\/gobernacion-beneficio-a-mas-de-dos-mil-familias-de-maracaibo-y-san-francisco-con-jornadas-de-salud-y-atencion-social\/#primaryimage\"},\"thumbnailUrl\":\"https:\/\/noti-america.com\/site\/venezuela\/wp-content\/uploads\/sites\/2\/2023\/05\/IMG-20230527-WA0248.jpg\",\"datePublished\":\"2023-05-30T00:15:17+00:00\",\"dateModified\":\"2023-05-30T00:18:23+00:00\",\"breadcrumb\":{\"@id\":\"https:\/\/noti-america.com\/site\/venezuela\/2023\/05\/30\/gobernacion-beneficio-a-mas-de-dos-mil-familias-de-maracaibo-y-san-francisco-con-jornadas-de-salud-y-atencion-social\/#breadcrumb\"},\"inLanguage\":\"es\",\"potentialAction\":[{\"@type\":\"ReadAction\",\"target\":[\"https:\/\/noti-america.com\/site\/venezuela\/2023\/05\/30\/gobernacion-beneficio-a-mas-de-dos-mil-familias-de-maracaibo-y-san-francisco-con-jornadas-de-salud-y-atencion-social\/\"]}]},{\"@type\":\"ImageObject\",\"inLanguage\":\"es\",\"@id\":\"https:\/\/noti-america.com\/site\/venezuela\/2023\/05\/30\/gobernacion-beneficio-a-mas-de-dos-mil-familias-de-maracaibo-y-san-francisco-con-jornadas-de-salud-y-atencion-social\/#primaryimage\",\"url\":\"https:\/\/noti-america.com\/site\/venezuela\/wp-content\/uploads\/sites\/2\/2023\/05\/IMG-20230527-WA0248.jpg\",\"contentUrl\":\"https:\/\/noti-america.com\/site\/venezuela\/wp-content\/uploads\/sites\/2\/2023\/05\/IMG-20230527-WA0248.jpg\",\"width\":960,\"height\":540},{\"@type\":\"BreadcrumbList\",\"@id\":\"https:\/\/noti-america.com\/site\/venezuela\/2023\/05\/30\/gobernacion-beneficio-a-mas-de-dos-mil-familias-de-maracaibo-y-san-francisco-con-jornadas-de-salud-y-atencion-social\/#breadcrumb\",\"itemListElement\":[{\"@type\":\"ListItem\",\"position\":1,\"name\":\"Portada\",\"item\":\"https:\/\/noti-america.com\/site\/venezuela\/\"},{\"@type\":\"ListItem\",\"position\":2,\"name\":\"Gobernaci\u00f3n benefici\u00f3 a m\u00e1s de dos mil familias de Maracaibo y San Francisco con jornadas de salud y atenci\u00f3n social\"}]},{\"@type\":\"WebSite\",\"@id\":\"https:\/\/noti-america.com\/site\/venezuela\/#website\",\"url\":\"https:\/\/noti-america.com\/site\/venezuela\/\",\"name\":\"Venezuela | Noti-America.com\",\"description\":\"\",\"publisher\":{\"@id\":\"https:\/\/noti-america.com\/site\/venezuela\/#organization\"},\"potentialAction\":[{\"@type\":\"SearchAction\",\"target\":{\"@type\":\"EntryPoint\",\"urlTemplate\":\"https:\/\/noti-america.com\/site\/venezuela\/?s={search_term_string}\"},\"query-input\":{\"@type\":\"PropertyValueSpecification\",\"valueRequired\":true,\"valueName\":\"search_term_string\"}}],\"inLanguage\":\"es\"},{\"@type\":\"Organization\",\"@id\":\"https:\/\/noti-america.com\/site\/venezuela\/#organization\",\"name\":\"Noti-America LLC | Venezuela\",\"url\":\"https:\/\/noti-america.com\/site\/venezuela\/\",\"logo\":{\"@type\":\"ImageObject\",\"inLanguage\":\"es\",\"@id\":\"https:\/\/noti-america.com\/site\/venezuela\/#\/schema\/logo\/image\/\",\"url\":\"https:\/\/noti-america.com\/site\/venezuela\/wp-content\/uploads\/sites\/2\/2020\/07\/LogoNA-4x3-1.jpg\",\"contentUrl\":\"https:\/\/noti-america.com\/site\/venezuela\/wp-content\/uploads\/sites\/2\/2020\/07\/LogoNA-4x3-1.jpg\",\"width\":1236,\"height\":1080,\"caption\":\"Noti-America LLC | Venezuela\"},\"image\":{\"@id\":\"https:\/\/noti-america.com\/site\/venezuela\/#\/schema\/logo\/image\/\"}},{\"@type\":\"Person\",\"@id\":\"https:\/\/noti-america.com\/site\/venezuela\/#\/schema\/person\/2f37ed06a1cd058e8d611b3d42cce678\",\"name\":\"Hendrick Garcia\",\"image\":{\"@type\":\"ImageObject\",\"inLanguage\":\"es\",\"@id\":\"https:\/\/secure.gravatar.com\/avatar\/07f13ce868ede7f0937b7abbada276f430e4ed25cfff75dbe7f98f95ac02358c?s=96&d=mm&r=g\",\"url\":\"https:\/\/secure.gravatar.com\/avatar\/07f13ce868ede7f0937b7abbada276f430e4ed25cfff75dbe7f98f95ac02358c?s=96&d=mm&r=g\",\"contentUrl\":\"https:\/\/secure.gravatar.com\/avatar\/07f13ce868ede7f0937b7abbada276f430e4ed25cfff75dbe7f98f95ac02358c?s=96&d=mm&r=g\",\"caption\":\"Hendrick Garcia\"},\"url\":\"https:\/\/noti-america.com\/site\/venezuela\/author\/hegarcia\/\"}]}<\/script>\n<!-- \/ Yoast SEO Premium plugin. -->","yoast_head_json":{"title":"Gobernaci\u00f3n benefici\u00f3 a m\u00e1s de dos mil familias de Maracaibo y San Francisco con jornadas de salud y atenci\u00f3n social - Venezuela | Noti-America.com","robots":{"index":"index","follow":"follow","max-snippet":"max-snippet:-1","max-image-preview":"max-image-preview:large","max-video-preview":"max-video-preview:-1"},"canonical":"https:\/\/noti-america.com\/site\/venezuela\/2023\/05\/30\/gobernacion-beneficio-a-mas-de-dos-mil-familias-de-maracaibo-y-san-francisco-con-jornadas-de-salud-y-atencion-social\/","og_locale":"es_ES","og_type":"article","og_title":"Gobernaci\u00f3n benefici\u00f3 a m\u00e1s de dos mil familias de Maracaibo y San Francisco con jornadas de salud y atenci\u00f3n social","og_description":"Este fin de semana los habitantes de los municipios Maracaibo y San Francisco fueron favorecidos con tres megas jornadas integrales de la mano de las Secretar\u00edas de Desarrollo Social y Salud en las parroquias&#46;&#46;&#46;","og_url":"https:\/\/noti-america.com\/site\/venezuela\/2023\/05\/30\/gobernacion-beneficio-a-mas-de-dos-mil-familias-de-maracaibo-y-san-francisco-con-jornadas-de-salud-y-atencion-social\/","og_site_name":"Venezuela | Noti-America.com","article_published_time":"2023-05-30T00:15:17+00:00","article_modified_time":"2023-05-30T00:18:23+00:00","og_image":[{"width":960,"height":540,"url":"https:\/\/noti-america.com\/site\/venezuela\/wp-content\/uploads\/sites\/2\/2023\/05\/IMG-20230527-WA0248.jpg","type":"image\/jpeg"}],"author":"Hendrick Garcia","twitter_card":"summary_large_image","twitter_misc":{"Escrito por":"Hendrick Garcia","Tiempo estimado de lectura":"2 minutos"},"schema":{"@context":"https:\/\/schema.org","@graph":[{"@type":"Article","@id":"https:\/\/noti-america.com\/site\/venezuela\/2023\/05\/30\/gobernacion-beneficio-a-mas-de-dos-mil-familias-de-maracaibo-y-san-francisco-con-jornadas-de-salud-y-atencion-social\/#article","isPartOf":{"@id":"https:\/\/noti-america.com\/site\/venezuela\/2023\/05\/30\/gobernacion-beneficio-a-mas-de-dos-mil-familias-de-maracaibo-y-san-francisco-con-jornadas-de-salud-y-atencion-social\/"},"author":{"name":"Hendrick Garcia","@id":"https:\/\/noti-america.com\/site\/venezuela\/#\/schema\/person\/2f37ed06a1cd058e8d611b3d42cce678"},"headline":"Gobernaci\u00f3n benefici\u00f3 a m\u00e1s de dos mil familias de Maracaibo y San Francisco con jornadas de salud y atenci\u00f3n social","datePublished":"2023-05-30T00:15:17+00:00","dateModified":"2023-05-30T00:18:23+00:00","mainEntityOfPage":{"@id":"https:\/\/noti-america.com\/site\/venezuela\/2023\/05\/30\/gobernacion-beneficio-a-mas-de-dos-mil-familias-de-maracaibo-y-san-francisco-con-jornadas-de-salud-y-atencion-social\/"},"wordCount":412,"commentCount":0,"publisher":{"@id":"https:\/\/noti-america.com\/site\/venezuela\/#organization"},"image":{"@id":"https:\/\/noti-america.com\/site\/venezuela\/2023\/05\/30\/gobernacion-beneficio-a-mas-de-dos-mil-familias-de-maracaibo-y-san-francisco-con-jornadas-de-salud-y-atencion-social\/#primaryimage"},"thumbnailUrl":"https:\/\/noti-america.com\/site\/venezuela\/wp-content\/uploads\/sites\/2\/2023\/05\/IMG-20230527-WA0248.jpg","keywords":["zulia"],"articleSection":["Comunidades","Venezuela"],"inLanguage":"es","potentialAction":[{"@type":"CommentAction","name":"Comment","target":["https:\/\/noti-america.com\/site\/venezuela\/2023\/05\/30\/gobernacion-beneficio-a-mas-de-dos-mil-familias-de-maracaibo-y-san-francisco-con-jornadas-de-salud-y-atencion-social\/#respond"]}]},{"@type":"WebPage","@id":"https:\/\/noti-america.com\/site\/venezuela\/2023\/05\/30\/gobernacion-beneficio-a-mas-de-dos-mil-familias-de-maracaibo-y-san-francisco-con-jornadas-de-salud-y-atencion-social\/","url":"https:\/\/noti-america.com\/site\/venezuela\/2023\/05\/30\/gobernacion-beneficio-a-mas-de-dos-mil-familias-de-maracaibo-y-san-francisco-con-jornadas-de-salud-y-atencion-social\/","name":"Gobernaci\u00f3n benefici\u00f3 a m\u00e1s de dos mil familias de Maracaibo y San Francisco con jornadas de salud y atenci\u00f3n social - Venezuela | Noti-America.com","isPartOf":{"@id":"https:\/\/noti-america.com\/site\/venezuela\/#website"},"primaryImageOfPage":{"@id":"https:\/\/noti-america.com\/site\/venezuela\/2023\/05\/30\/gobernacion-beneficio-a-mas-de-dos-mil-familias-de-maracaibo-y-san-francisco-con-jornadas-de-salud-y-atencion-social\/#primaryimage"},"image":{"@id":"https:\/\/noti-america.com\/site\/venezuela\/2023\/05\/30\/gobernacion-beneficio-a-mas-de-dos-mil-familias-de-maracaibo-y-san-francisco-con-jornadas-de-salud-y-atencion-social\/#primaryimage"},"thumbnailUrl":"https:\/\/noti-america.com\/site\/venezuela\/wp-content\/uploads\/sites\/2\/2023\/05\/IMG-20230527-WA0248.jpg","datePublished":"2023-05-30T00:15:17+00:00","dateModified":"2023-05-30T00:18:23+00:00","breadcrumb":{"@id":"https:\/\/noti-america.com\/site\/venezuela\/2023\/05\/30\/gobernacion-beneficio-a-mas-de-dos-mil-familias-de-maracaibo-y-san-francisco-con-jornadas-de-salud-y-atencion-social\/#breadcrumb"},"inLanguage":"es","potentialAction":[{"@type":"ReadAction","target":["https:\/\/noti-america.com\/site\/venezuela\/2023\/05\/30\/gobernacion-beneficio-a-mas-de-dos-mil-familias-de-maracaibo-y-san-francisco-con-jornadas-de-salud-y-atencion-social\/"]}]},{"@type":"ImageObject","inLanguage":"es","@id":"https:\/\/noti-america.com\/site\/venezuela\/2023\/05\/30\/gobernacion-beneficio-a-mas-de-dos-mil-familias-de-maracaibo-y-san-francisco-con-jornadas-de-salud-y-atencion-social\/#primaryimage","url":"https:\/\/noti-america.com\/site\/venezuela\/wp-content\/uploads\/sites\/2\/2023\/05\/IMG-20230527-WA0248.jpg","contentUrl":"https:\/\/noti-america.com\/site\/venezuela\/wp-content\/uploads\/sites\/2\/2023\/05\/IMG-20230527-WA0248.jpg","width":960,"height":540},{"@type":"BreadcrumbList","@id":"https:\/\/noti-america.com\/site\/venezuela\/2023\/05\/30\/gobernacion-beneficio-a-mas-de-dos-mil-familias-de-maracaibo-y-san-francisco-con-jornadas-de-salud-y-atencion-social\/#breadcrumb","itemListElement":[{"@type":"ListItem","position":1,"name":"Portada","item":"https:\/\/noti-america.com\/site\/venezuela\/"},{"@type":"ListItem","position":2,"name":"Gobernaci\u00f3n benefici\u00f3 a m\u00e1s de dos mil familias de Maracaibo y San Francisco con jornadas de salud y atenci\u00f3n social"}]},{"@type":"WebSite","@id":"https:\/\/noti-america.com\/site\/venezuela\/#website","url":"https:\/\/noti-america.com\/site\/venezuela\/","name":"Venezuela | Noti-America.com","description":"","publisher":{"@id":"https:\/\/noti-america.com\/site\/venezuela\/#organization"},"potentialAction":[{"@type":"SearchAction","target":{"@type":"EntryPoint","urlTemplate":"https:\/\/noti-america.com\/site\/venezuela\/?s={search_term_string}"},"query-input":{"@type":"PropertyValueSpecification","valueRequired":true,"valueName":"search_term_string"}}],"inLanguage":"es"},{"@type":"Organization","@id":"https:\/\/noti-america.com\/site\/venezuela\/#organization","name":"Noti-America LLC | Venezuela","url":"https:\/\/noti-america.com\/site\/venezuela\/","logo":{"@type":"ImageObject","inLanguage":"es","@id":"https:\/\/noti-america.com\/site\/venezuela\/#\/schema\/logo\/image\/","url":"https:\/\/noti-america.com\/site\/venezuela\/wp-content\/uploads\/sites\/2\/2020\/07\/LogoNA-4x3-1.jpg","contentUrl":"https:\/\/noti-america.com\/site\/venezuela\/wp-content\/uploads\/sites\/2\/2020\/07\/LogoNA-4x3-1.jpg","width":1236,"height":1080,"caption":"Noti-America LLC | Venezuela"},"image":{"@id":"https:\/\/noti-america.com\/site\/venezuela\/#\/schema\/logo\/image\/"}},{"@type":"Person","@id":"https:\/\/noti-america.com\/site\/venezuela\/#\/schema\/person\/2f37ed06a1cd058e8d611b3d42cce678","name":"Hendrick Garcia","image":{"@type":"ImageObject","inLanguage":"es","@id":"https:\/\/secure.gravatar.com\/avatar\/07f13ce868ede7f0937b7abbada276f430e4ed25cfff75dbe7f98f95ac02358c?s=96&d=mm&r=g","url":"https:\/\/secure.gravatar.com\/avatar\/07f13ce868ede7f0937b7abbada276f430e4ed25cfff75dbe7f98f95ac02358c?s=96&d=mm&r=g","contentUrl":"https:\/\/secure.gravatar.com\/avatar\/07f13ce868ede7f0937b7abbada276f430e4ed25cfff75dbe7f98f95ac02358c?s=96&d=mm&r=g","caption":"Hendrick Garcia"},"url":"https:\/\/noti-america.com\/site\/venezuela\/author\/hegarcia\/"}]}},"_links":{"self":[{"href":"https:\/\/noti-america.com\/site\/venezuela\/wp-json\/wp\/v2\/posts\/28094","targetHints":{"allow":["GET"]}}],"collection":[{"href":"https:\/\/noti-america.com\/site\/venezuela\/wp-json\/wp\/v2\/posts"}],"about":[{"href":"https:\/\/noti-america.com\/site\/venezuela\/wp-json\/wp\/v2\/types\/post"}],"author":[{"embeddable":true,"href":"https:\/\/noti-america.com\/site\/venezuela\/wp-json\/wp\/v2\/users\/40"}],"replies":[{"embeddable":true,"href":"https:\/\/noti-america.com\/site\/venezuela\/wp-json\/wp\/v2\/comments?post=28094"}],"version-history":[{"count":3,"href":"https:\/\/noti-america.com\/site\/venezuela\/wp-json\/wp\/v2\/posts\/28094\/revisions"}],"predecessor-version":[{"id":28121,"href":"https:\/\/noti-america.com\/site\/venezuela\/wp-json\/wp\/v2\/posts\/28094\/revisions\/28121"}],"wp:featuredmedia":[{"embeddable":true,"href":"https:\/\/noti-america.com\/site\/venezuela\/wp-json\/wp\/v2\/media\/28119"}],"wp:attachment":[{"href":"https:\/\/noti-america.com\/site\/venezuela\/wp-json\/wp\/v2\/media?parent=28094"}],"wp:term":[{"taxonomy":"category","embeddable":true,"href":"https:\/\/noti-america.com\/site\/venezuela\/wp-json\/wp\/v2\/categories?post=28094"},{"taxonomy":"post_tag","embeddable":true,"href":"https:\/\/noti-america.com\/site\/venezuela\/wp-json\/wp\/v2\/tags?post=28094"}],"curies":[{"name":"wp","href":"https:\/\/api.w.org\/{rel}","templated":true}]}}