{"id":28035,"date":"2023-05-27T16:09:19","date_gmt":"2023-05-27T16:09:19","guid":{"rendered":"https:\/\/noti-america.com\/site\/venezuela\/?p=28035"},"modified":"2023-05-27T16:09:19","modified_gmt":"2023-05-27T16:09:19","slug":"karina-velazquez-dice-presente-en-el-festival-de-cannes","status":"publish","type":"post","link":"https:\/\/noti-america.com\/site\/venezuela\/2023\/05\/27\/karina-velazquez-dice-presente-en-el-festival-de-cannes\/","title":{"rendered":"Karina Vel\u00e1zquez dice presente en el Festival de Cannes"},"content":{"rendered":"<p>La actriz venezolana <strong>Karina Vel\u00e1zquez<\/strong> estuvo presente en la alfombra roja de la edici\u00f3n 76\u00ba del Festival de Cine de Cannes, el cual se celebr\u00f3 entre el 16 y el 27 de mayo en <strong>Europa<\/strong>. La criolla fue invitada al estreno de la pel\u00edcula. La nueva pel\u00edcula\u00a0 <strong>\u201cKillers of the Flower Moon\u201d<\/strong> del director <strong>Martin Scorsese<\/strong>, a quien agradeci\u00f3 esa oportunidad.<\/p>\n<p>&nbsp;<\/p>\n<p><strong>Vel\u00e1zquez<\/strong> espera con ansias el pr\u00f3ximo a\u00f1o para poder decir presente nuevamente en <strong>Cannes<\/strong>, para as\u00ed tener una participaci\u00f3n y representar la tierra que la vio nacer. Asimismo agradece cada oportunidad que le brinda la vida para seguir creciendo como actriz.<\/p>\n<p>&nbsp;<\/p>\n<p><strong>Karina<\/strong> obtuvo la invitaci\u00f3n, por parte de unos amigos productores de <strong>Los \u00c1ngeles, Estados Unidos<\/strong>, donde estuvieron presentando un importante film. En los pr\u00f3ximos meses viene con un importante proyecto, aunque Vel\u00e1zquez no quiso soltar mucha informaci\u00f3n, aseguro que el p\u00fablico venezolano le encantar\u00e1 lo que se trae en manos.<\/p>\n<p>En su tierra natal, estuvo en importantes proyectos como lo son <strong>\u00abHasta que la muerte nos separe<\/strong>\u00ab, <strong>\u00abLibertador\u00bb<\/strong> y uno de su \u00faltimo trabajo en la televisi\u00f3n nacional fue el dram\u00e1tico <strong>\u00abAmor secreto\u00bb<\/strong>, transmitida por el canal de la colina, Venevisi\u00f3n, con una amplia carrera art\u00edstica se ha destacado como una gran actriz del pa\u00eds de las arepas.<\/p>\n","protected":false},"excerpt":{"rendered":"<p>La actriz venezolana Karina Vel\u00e1zquez estuvo presente en la alfombra roja de la edici\u00f3n 76\u00ba del Festival de Cine de Cannes, el cual se celebr\u00f3 entre el 16 y el 27 de mayo en&#46;&#46;&#46;<\/p>\n","protected":false},"author":127,"featured_media":28036,"comment_status":"open","ping_status":"open","sticky":false,"template":"","format":"image","meta":{"_acf_changed":false,"om_disable_all_campaigns":false,"rop_custom_images_group":[],"rop_custom_messages_group":[],"rop_publish_now":"initial","rop_publish_now_accounts":{"twitter_242054905_242054905":""},"rop_publish_now_history":[],"rop_publish_now_status":"pending","_uf_show_specific_survey":0,"_uf_disable_surveys":false,"footnotes":""},"categories":[8],"tags":[],"class_list":["post-28035","post","type-post","status-publish","format-image","has-post-thumbnail","hentry","category-arte-y-espectaculos","post_format-post-format-image"],"acf":[],"aioseo_notices":[],"yoast_head":"<!-- This site is optimized with the Yoast SEO Premium plugin v24.9 (Yoast SEO v27.2) - https:\/\/yoast.com\/product\/yoast-seo-premium-wordpress\/ -->\n<title>Karina Vel\u00e1zquez dice presente en el Festival de Cannes - Venezuela | Noti-America.com<\/title>\n<meta name=\"robots\" content=\"index, follow, max-snippet:-1, max-image-preview:large, max-video-preview:-1\" \/>\n<link rel=\"canonical\" href=\"https:\/\/noti-america.com\/site\/venezuela\/2023\/05\/27\/karina-velazquez-dice-presente-en-el-festival-de-cannes\/\" \/>\n<meta property=\"og:locale\" content=\"es_ES\" \/>\n<meta property=\"og:type\" content=\"article\" \/>\n<meta property=\"og:title\" content=\"Karina Vel\u00e1zquez dice presente en el Festival de Cannes\" \/>\n<meta property=\"og:description\" content=\"La actriz venezolana Karina Vel\u00e1zquez estuvo presente en la alfombra roja de la edici\u00f3n 76\u00ba del Festival de Cine de Cannes, el cual se celebr\u00f3 entre el 16 y el 27 de mayo en&#046;&#046;&#046;\" \/>\n<meta property=\"og:url\" content=\"https:\/\/noti-america.com\/site\/venezuela\/2023\/05\/27\/karina-velazquez-dice-presente-en-el-festival-de-cannes\/\" \/>\n<meta property=\"og:site_name\" content=\"Venezuela | Noti-America.com\" \/>\n<meta property=\"article:published_time\" content=\"2023-05-27T16:09:19+00:00\" \/>\n<meta property=\"og:image\" content=\"https:\/\/noti-america.com\/site\/venezuela\/wp-content\/uploads\/sites\/2\/2023\/05\/hggh.jpeg\" \/>\n\t<meta property=\"og:image:width\" content=\"683\" \/>\n\t<meta property=\"og:image:height\" content=\"1024\" \/>\n\t<meta property=\"og:image:type\" content=\"image\/jpeg\" \/>\n<meta name=\"author\" content=\"Yoelvzla\" \/>\n<meta name=\"twitter:card\" content=\"summary_large_image\" \/>\n<meta name=\"twitter:label1\" content=\"Escrito por\" \/>\n\t<meta name=\"twitter:data1\" content=\"Yoelvzla\" \/>\n\t<meta name=\"twitter:label2\" content=\"Tiempo estimado de lectura\" \/>\n\t<meta name=\"twitter:data2\" content=\"1 minuto\" \/>\n<script type=\"application\/ld+json\" class=\"yoast-schema-graph\">{\"@context\":\"https:\/\/schema.org\",\"@graph\":[{\"@type\":\"Article\",\"@id\":\"https:\/\/noti-america.com\/site\/venezuela\/2023\/05\/27\/karina-velazquez-dice-presente-en-el-festival-de-cannes\/#article\",\"isPartOf\":{\"@id\":\"https:\/\/noti-america.com\/site\/venezuela\/2023\/05\/27\/karina-velazquez-dice-presente-en-el-festival-de-cannes\/\"},\"author\":{\"name\":\"Yoelvzla\",\"@id\":\"https:\/\/noti-america.com\/site\/venezuela\/#\/schema\/person\/376ccc7b3cc7a8d5a43c3ece07a43857\"},\"headline\":\"Karina Vel\u00e1zquez dice presente en el Festival de Cannes\",\"datePublished\":\"2023-05-27T16:09:19+00:00\",\"mainEntityOfPage\":{\"@id\":\"https:\/\/noti-america.com\/site\/venezuela\/2023\/05\/27\/karina-velazquez-dice-presente-en-el-festival-de-cannes\/\"},\"wordCount\":237,\"commentCount\":0,\"publisher\":{\"@id\":\"https:\/\/noti-america.com\/site\/venezuela\/#organization\"},\"image\":{\"@id\":\"https:\/\/noti-america.com\/site\/venezuela\/2023\/05\/27\/karina-velazquez-dice-presente-en-el-festival-de-cannes\/#primaryimage\"},\"thumbnailUrl\":\"https:\/\/noti-america.com\/site\/venezuela\/wp-content\/uploads\/sites\/2\/2023\/05\/hggh.jpeg\",\"articleSection\":[\"Arte y Espect\u00e1culos\"],\"inLanguage\":\"es\",\"potentialAction\":[{\"@type\":\"CommentAction\",\"name\":\"Comment\",\"target\":[\"https:\/\/noti-america.com\/site\/venezuela\/2023\/05\/27\/karina-velazquez-dice-presente-en-el-festival-de-cannes\/#respond\"]}]},{\"@type\":\"WebPage\",\"@id\":\"https:\/\/noti-america.com\/site\/venezuela\/2023\/05\/27\/karina-velazquez-dice-presente-en-el-festival-de-cannes\/\",\"url\":\"https:\/\/noti-america.com\/site\/venezuela\/2023\/05\/27\/karina-velazquez-dice-presente-en-el-festival-de-cannes\/\",\"name\":\"Karina Vel\u00e1zquez dice presente en el Festival de Cannes - Venezuela | Noti-America.com\",\"isPartOf\":{\"@id\":\"https:\/\/noti-america.com\/site\/venezuela\/#website\"},\"primaryImageOfPage\":{\"@id\":\"https:\/\/noti-america.com\/site\/venezuela\/2023\/05\/27\/karina-velazquez-dice-presente-en-el-festival-de-cannes\/#primaryimage\"},\"image\":{\"@id\":\"https:\/\/noti-america.com\/site\/venezuela\/2023\/05\/27\/karina-velazquez-dice-presente-en-el-festival-de-cannes\/#primaryimage\"},\"thumbnailUrl\":\"https:\/\/noti-america.com\/site\/venezuela\/wp-content\/uploads\/sites\/2\/2023\/05\/hggh.jpeg\",\"datePublished\":\"2023-05-27T16:09:19+00:00\",\"breadcrumb\":{\"@id\":\"https:\/\/noti-america.com\/site\/venezuela\/2023\/05\/27\/karina-velazquez-dice-presente-en-el-festival-de-cannes\/#breadcrumb\"},\"inLanguage\":\"es\",\"potentialAction\":[{\"@type\":\"ReadAction\",\"target\":[\"https:\/\/noti-america.com\/site\/venezuela\/2023\/05\/27\/karina-velazquez-dice-presente-en-el-festival-de-cannes\/\"]}]},{\"@type\":\"ImageObject\",\"inLanguage\":\"es\",\"@id\":\"https:\/\/noti-america.com\/site\/venezuela\/2023\/05\/27\/karina-velazquez-dice-presente-en-el-festival-de-cannes\/#primaryimage\",\"url\":\"https:\/\/noti-america.com\/site\/venezuela\/wp-content\/uploads\/sites\/2\/2023\/05\/hggh.jpeg\",\"contentUrl\":\"https:\/\/noti-america.com\/site\/venezuela\/wp-content\/uploads\/sites\/2\/2023\/05\/hggh.jpeg\",\"width\":683,\"height\":1024},{\"@type\":\"BreadcrumbList\",\"@id\":\"https:\/\/noti-america.com\/site\/venezuela\/2023\/05\/27\/karina-velazquez-dice-presente-en-el-festival-de-cannes\/#breadcrumb\",\"itemListElement\":[{\"@type\":\"ListItem\",\"position\":1,\"name\":\"Portada\",\"item\":\"https:\/\/noti-america.com\/site\/venezuela\/\"},{\"@type\":\"ListItem\",\"position\":2,\"name\":\"Karina Vel\u00e1zquez dice presente en el Festival de Cannes\"}]},{\"@type\":\"WebSite\",\"@id\":\"https:\/\/noti-america.com\/site\/venezuela\/#website\",\"url\":\"https:\/\/noti-america.com\/site\/venezuela\/\",\"name\":\"Venezuela | Noti-America.com\",\"description\":\"\",\"publisher\":{\"@id\":\"https:\/\/noti-america.com\/site\/venezuela\/#organization\"},\"potentialAction\":[{\"@type\":\"SearchAction\",\"target\":{\"@type\":\"EntryPoint\",\"urlTemplate\":\"https:\/\/noti-america.com\/site\/venezuela\/?s={search_term_string}\"},\"query-input\":{\"@type\":\"PropertyValueSpecification\",\"valueRequired\":true,\"valueName\":\"search_term_string\"}}],\"inLanguage\":\"es\"},{\"@type\":\"Organization\",\"@id\":\"https:\/\/noti-america.com\/site\/venezuela\/#organization\",\"name\":\"Noti-America LLC | Venezuela\",\"url\":\"https:\/\/noti-america.com\/site\/venezuela\/\",\"logo\":{\"@type\":\"ImageObject\",\"inLanguage\":\"es\",\"@id\":\"https:\/\/noti-america.com\/site\/venezuela\/#\/schema\/logo\/image\/\",\"url\":\"https:\/\/noti-america.com\/site\/venezuela\/wp-content\/uploads\/sites\/2\/2020\/07\/LogoNA-4x3-1.jpg\",\"contentUrl\":\"https:\/\/noti-america.com\/site\/venezuela\/wp-content\/uploads\/sites\/2\/2020\/07\/LogoNA-4x3-1.jpg\",\"width\":1236,\"height\":1080,\"caption\":\"Noti-America LLC | Venezuela\"},\"image\":{\"@id\":\"https:\/\/noti-america.com\/site\/venezuela\/#\/schema\/logo\/image\/\"}},{\"@type\":\"Person\",\"@id\":\"https:\/\/noti-america.com\/site\/venezuela\/#\/schema\/person\/376ccc7b3cc7a8d5a43c3ece07a43857\",\"name\":\"Yoelvzla\",\"image\":{\"@type\":\"ImageObject\",\"inLanguage\":\"es\",\"@id\":\"https:\/\/secure.gravatar.com\/avatar\/13a96a72123e0e9aa76fe82e8847f726c63a1c5ef6a8d0fadd844c1a5a83b212?s=96&d=mm&r=g\",\"url\":\"https:\/\/secure.gravatar.com\/avatar\/13a96a72123e0e9aa76fe82e8847f726c63a1c5ef6a8d0fadd844c1a5a83b212?s=96&d=mm&r=g\",\"contentUrl\":\"https:\/\/secure.gravatar.com\/avatar\/13a96a72123e0e9aa76fe82e8847f726c63a1c5ef6a8d0fadd844c1a5a83b212?s=96&d=mm&r=g\",\"caption\":\"Yoelvzla\"},\"url\":\"https:\/\/noti-america.com\/site\/venezuela\/author\/ydiaz\/\"}]}<\/script>\n<!-- \/ Yoast SEO Premium plugin. -->","yoast_head_json":{"title":"Karina Vel\u00e1zquez dice presente en el Festival de Cannes - Venezuela | Noti-America.com","robots":{"index":"index","follow":"follow","max-snippet":"max-snippet:-1","max-image-preview":"max-image-preview:large","max-video-preview":"max-video-preview:-1"},"canonical":"https:\/\/noti-america.com\/site\/venezuela\/2023\/05\/27\/karina-velazquez-dice-presente-en-el-festival-de-cannes\/","og_locale":"es_ES","og_type":"article","og_title":"Karina Vel\u00e1zquez dice presente en el Festival de Cannes","og_description":"La actriz venezolana Karina Vel\u00e1zquez estuvo presente en la alfombra roja de la edici\u00f3n 76\u00ba del Festival de Cine de Cannes, el cual se celebr\u00f3 entre el 16 y el 27 de mayo en&#46;&#46;&#46;","og_url":"https:\/\/noti-america.com\/site\/venezuela\/2023\/05\/27\/karina-velazquez-dice-presente-en-el-festival-de-cannes\/","og_site_name":"Venezuela | Noti-America.com","article_published_time":"2023-05-27T16:09:19+00:00","og_image":[{"width":683,"height":1024,"url":"https:\/\/noti-america.com\/site\/venezuela\/wp-content\/uploads\/sites\/2\/2023\/05\/hggh.jpeg","type":"image\/jpeg"}],"author":"Yoelvzla","twitter_card":"summary_large_image","twitter_misc":{"Escrito por":"Yoelvzla","Tiempo estimado de lectura":"1 minuto"},"schema":{"@context":"https:\/\/schema.org","@graph":[{"@type":"Article","@id":"https:\/\/noti-america.com\/site\/venezuela\/2023\/05\/27\/karina-velazquez-dice-presente-en-el-festival-de-cannes\/#article","isPartOf":{"@id":"https:\/\/noti-america.com\/site\/venezuela\/2023\/05\/27\/karina-velazquez-dice-presente-en-el-festival-de-cannes\/"},"author":{"name":"Yoelvzla","@id":"https:\/\/noti-america.com\/site\/venezuela\/#\/schema\/person\/376ccc7b3cc7a8d5a43c3ece07a43857"},"headline":"Karina Vel\u00e1zquez dice presente en el Festival de Cannes","datePublished":"2023-05-27T16:09:19+00:00","mainEntityOfPage":{"@id":"https:\/\/noti-america.com\/site\/venezuela\/2023\/05\/27\/karina-velazquez-dice-presente-en-el-festival-de-cannes\/"},"wordCount":237,"commentCount":0,"publisher":{"@id":"https:\/\/noti-america.com\/site\/venezuela\/#organization"},"image":{"@id":"https:\/\/noti-america.com\/site\/venezuela\/2023\/05\/27\/karina-velazquez-dice-presente-en-el-festival-de-cannes\/#primaryimage"},"thumbnailUrl":"https:\/\/noti-america.com\/site\/venezuela\/wp-content\/uploads\/sites\/2\/2023\/05\/hggh.jpeg","articleSection":["Arte y Espect\u00e1culos"],"inLanguage":"es","potentialAction":[{"@type":"CommentAction","name":"Comment","target":["https:\/\/noti-america.com\/site\/venezuela\/2023\/05\/27\/karina-velazquez-dice-presente-en-el-festival-de-cannes\/#respond"]}]},{"@type":"WebPage","@id":"https:\/\/noti-america.com\/site\/venezuela\/2023\/05\/27\/karina-velazquez-dice-presente-en-el-festival-de-cannes\/","url":"https:\/\/noti-america.com\/site\/venezuela\/2023\/05\/27\/karina-velazquez-dice-presente-en-el-festival-de-cannes\/","name":"Karina Vel\u00e1zquez dice presente en el Festival de Cannes - Venezuela | Noti-America.com","isPartOf":{"@id":"https:\/\/noti-america.com\/site\/venezuela\/#website"},"primaryImageOfPage":{"@id":"https:\/\/noti-america.com\/site\/venezuela\/2023\/05\/27\/karina-velazquez-dice-presente-en-el-festival-de-cannes\/#primaryimage"},"image":{"@id":"https:\/\/noti-america.com\/site\/venezuela\/2023\/05\/27\/karina-velazquez-dice-presente-en-el-festival-de-cannes\/#primaryimage"},"thumbnailUrl":"https:\/\/noti-america.com\/site\/venezuela\/wp-content\/uploads\/sites\/2\/2023\/05\/hggh.jpeg","datePublished":"2023-05-27T16:09:19+00:00","breadcrumb":{"@id":"https:\/\/noti-america.com\/site\/venezuela\/2023\/05\/27\/karina-velazquez-dice-presente-en-el-festival-de-cannes\/#breadcrumb"},"inLanguage":"es","potentialAction":[{"@type":"ReadAction","target":["https:\/\/noti-america.com\/site\/venezuela\/2023\/05\/27\/karina-velazquez-dice-presente-en-el-festival-de-cannes\/"]}]},{"@type":"ImageObject","inLanguage":"es","@id":"https:\/\/noti-america.com\/site\/venezuela\/2023\/05\/27\/karina-velazquez-dice-presente-en-el-festival-de-cannes\/#primaryimage","url":"https:\/\/noti-america.com\/site\/venezuela\/wp-content\/uploads\/sites\/2\/2023\/05\/hggh.jpeg","contentUrl":"https:\/\/noti-america.com\/site\/venezuela\/wp-content\/uploads\/sites\/2\/2023\/05\/hggh.jpeg","width":683,"height":1024},{"@type":"BreadcrumbList","@id":"https:\/\/noti-america.com\/site\/venezuela\/2023\/05\/27\/karina-velazquez-dice-presente-en-el-festival-de-cannes\/#breadcrumb","itemListElement":[{"@type":"ListItem","position":1,"name":"Portada","item":"https:\/\/noti-america.com\/site\/venezuela\/"},{"@type":"ListItem","position":2,"name":"Karina Vel\u00e1zquez dice presente en el Festival de Cannes"}]},{"@type":"WebSite","@id":"https:\/\/noti-america.com\/site\/venezuela\/#website","url":"https:\/\/noti-america.com\/site\/venezuela\/","name":"Venezuela | Noti-America.com","description":"","publisher":{"@id":"https:\/\/noti-america.com\/site\/venezuela\/#organization"},"potentialAction":[{"@type":"SearchAction","target":{"@type":"EntryPoint","urlTemplate":"https:\/\/noti-america.com\/site\/venezuela\/?s={search_term_string}"},"query-input":{"@type":"PropertyValueSpecification","valueRequired":true,"valueName":"search_term_string"}}],"inLanguage":"es"},{"@type":"Organization","@id":"https:\/\/noti-america.com\/site\/venezuela\/#organization","name":"Noti-America LLC | Venezuela","url":"https:\/\/noti-america.com\/site\/venezuela\/","logo":{"@type":"ImageObject","inLanguage":"es","@id":"https:\/\/noti-america.com\/site\/venezuela\/#\/schema\/logo\/image\/","url":"https:\/\/noti-america.com\/site\/venezuela\/wp-content\/uploads\/sites\/2\/2020\/07\/LogoNA-4x3-1.jpg","contentUrl":"https:\/\/noti-america.com\/site\/venezuela\/wp-content\/uploads\/sites\/2\/2020\/07\/LogoNA-4x3-1.jpg","width":1236,"height":1080,"caption":"Noti-America LLC | Venezuela"},"image":{"@id":"https:\/\/noti-america.com\/site\/venezuela\/#\/schema\/logo\/image\/"}},{"@type":"Person","@id":"https:\/\/noti-america.com\/site\/venezuela\/#\/schema\/person\/376ccc7b3cc7a8d5a43c3ece07a43857","name":"Yoelvzla","image":{"@type":"ImageObject","inLanguage":"es","@id":"https:\/\/secure.gravatar.com\/avatar\/13a96a72123e0e9aa76fe82e8847f726c63a1c5ef6a8d0fadd844c1a5a83b212?s=96&d=mm&r=g","url":"https:\/\/secure.gravatar.com\/avatar\/13a96a72123e0e9aa76fe82e8847f726c63a1c5ef6a8d0fadd844c1a5a83b212?s=96&d=mm&r=g","contentUrl":"https:\/\/secure.gravatar.com\/avatar\/13a96a72123e0e9aa76fe82e8847f726c63a1c5ef6a8d0fadd844c1a5a83b212?s=96&d=mm&r=g","caption":"Yoelvzla"},"url":"https:\/\/noti-america.com\/site\/venezuela\/author\/ydiaz\/"}]}},"_links":{"self":[{"href":"https:\/\/noti-america.com\/site\/venezuela\/wp-json\/wp\/v2\/posts\/28035","targetHints":{"allow":["GET"]}}],"collection":[{"href":"https:\/\/noti-america.com\/site\/venezuela\/wp-json\/wp\/v2\/posts"}],"about":[{"href":"https:\/\/noti-america.com\/site\/venezuela\/wp-json\/wp\/v2\/types\/post"}],"author":[{"embeddable":true,"href":"https:\/\/noti-america.com\/site\/venezuela\/wp-json\/wp\/v2\/users\/127"}],"replies":[{"embeddable":true,"href":"https:\/\/noti-america.com\/site\/venezuela\/wp-json\/wp\/v2\/comments?post=28035"}],"version-history":[{"count":1,"href":"https:\/\/noti-america.com\/site\/venezuela\/wp-json\/wp\/v2\/posts\/28035\/revisions"}],"predecessor-version":[{"id":28039,"href":"https:\/\/noti-america.com\/site\/venezuela\/wp-json\/wp\/v2\/posts\/28035\/revisions\/28039"}],"wp:featuredmedia":[{"embeddable":true,"href":"https:\/\/noti-america.com\/site\/venezuela\/wp-json\/wp\/v2\/media\/28036"}],"wp:attachment":[{"href":"https:\/\/noti-america.com\/site\/venezuela\/wp-json\/wp\/v2\/media?parent=28035"}],"wp:term":[{"taxonomy":"category","embeddable":true,"href":"https:\/\/noti-america.com\/site\/venezuela\/wp-json\/wp\/v2\/categories?post=28035"},{"taxonomy":"post_tag","embeddable":true,"href":"https:\/\/noti-america.com\/site\/venezuela\/wp-json\/wp\/v2\/tags?post=28035"}],"curies":[{"name":"wp","href":"https:\/\/api.w.org\/{rel}","templated":true}]}}