{"id":27916,"date":"2023-05-25T16:44:26","date_gmt":"2023-05-25T16:44:26","guid":{"rendered":"https:\/\/noti-america.com\/site\/venezuela\/?p=27916"},"modified":"2023-05-25T16:44:26","modified_gmt":"2023-05-25T16:44:26","slug":"en-la-calle-cordoba-arranco-plan-de-rehabilitacion-vial-en-el-municipio-lagunillas","status":"publish","type":"post","link":"https:\/\/noti-america.com\/site\/venezuela\/2023\/05\/25\/en-la-calle-cordoba-arranco-plan-de-rehabilitacion-vial-en-el-municipio-lagunillas\/","title":{"rendered":"En la calle C\u00f3rdoba arranc\u00f3 Plan de Rehabilitaci\u00f3n Vial en el municipio Lagunillas"},"content":{"rendered":"\r\n<p style=\"text-align: justify\"><img loading=\"lazy\" decoding=\"async\" class=\"size-medium wp-image-27986 aligncenter\" src=\"https:\/\/noti-america.com\/site\/venezuela\/wp-content\/uploads\/sites\/2\/2023\/05\/IMG-20230524-WA0211-300x168.jpg\" alt=\"\" width=\"300\" height=\"168\" srcset=\"https:\/\/noti-america.com\/site\/venezuela\/wp-content\/uploads\/sites\/2\/2023\/05\/IMG-20230524-WA0211-300x168.jpg 300w, https:\/\/noti-america.com\/site\/venezuela\/wp-content\/uploads\/sites\/2\/2023\/05\/IMG-20230524-WA0211-768x430.jpg 768w, https:\/\/noti-america.com\/site\/venezuela\/wp-content\/uploads\/sites\/2\/2023\/05\/IMG-20230524-WA0211-600x336.jpg 600w, https:\/\/noti-america.com\/site\/venezuela\/wp-content\/uploads\/sites\/2\/2023\/05\/IMG-20230524-WA0211.jpg 1000w\" sizes=\"auto, (max-width: 300px) 100vw, 300px\" \/><br \/><strong>Tal y como estaba previsto, este mi\u00e9rcoles 24 de mayo, arranc\u00f3 el Plan de Rehabilitaci\u00f3n Vial en el municipio Lagunillas, el cual contempla la colocaci\u00f3n de 450 toneladas de asfalto en lo que resta de a\u00f1o.<\/strong><br \/><img loading=\"lazy\" decoding=\"async\" class=\"size-medium wp-image-27985 aligncenter\" src=\"https:\/\/noti-america.com\/site\/venezuela\/wp-content\/uploads\/sites\/2\/2023\/05\/IMG-20230524-WA0204-300x168.jpg\" alt=\"\" width=\"300\" height=\"168\" srcset=\"https:\/\/noti-america.com\/site\/venezuela\/wp-content\/uploads\/sites\/2\/2023\/05\/IMG-20230524-WA0204-300x168.jpg 300w, https:\/\/noti-america.com\/site\/venezuela\/wp-content\/uploads\/sites\/2\/2023\/05\/IMG-20230524-WA0204-768x430.jpg 768w, https:\/\/noti-america.com\/site\/venezuela\/wp-content\/uploads\/sites\/2\/2023\/05\/IMG-20230524-WA0204-600x336.jpg 600w, https:\/\/noti-america.com\/site\/venezuela\/wp-content\/uploads\/sites\/2\/2023\/05\/IMG-20230524-WA0204.jpg 1000w\" sizes=\"auto, (max-width: 300px) 100vw, 300px\" \/><br \/>El punto de partida fue la calle C\u00f3rdoba con Miranda, donde hizo acto de presencia el alcalde Jos\u00e9 Mosquera, concejales y parte del equipo de gobierno municipal, para supervisar los trabajos.<br \/>\u00ab<em>Aqu\u00ed estamos, cumpliendo con lo que anunciamos ayer, el inicio del Plan de Rehabilitaci\u00f3n, hoy desde la C\u00f3rdoba, pero luego abordaremos la carretera \u00abN\u00bb y el casco central. Estamos hablando de una inversi\u00f3n con recursos propios de 2 millones 500 mil bol\u00edvares para este plan, con el que buscamos recuperar las principales v\u00edas y mejorar la calidad de vida de todos los lagunillenses<\/em>\u00ab. <br \/><img loading=\"lazy\" decoding=\"async\" class=\"size-medium wp-image-27987 aligncenter\" src=\"https:\/\/noti-america.com\/site\/venezuela\/wp-content\/uploads\/sites\/2\/2023\/05\/IMG-20230524-WA0209-300x168.jpg\" alt=\"\" width=\"300\" height=\"168\" srcset=\"https:\/\/noti-america.com\/site\/venezuela\/wp-content\/uploads\/sites\/2\/2023\/05\/IMG-20230524-WA0209-300x168.jpg 300w, https:\/\/noti-america.com\/site\/venezuela\/wp-content\/uploads\/sites\/2\/2023\/05\/IMG-20230524-WA0209-768x430.jpg 768w, https:\/\/noti-america.com\/site\/venezuela\/wp-content\/uploads\/sites\/2\/2023\/05\/IMG-20230524-WA0209-600x336.jpg 600w, https:\/\/noti-america.com\/site\/venezuela\/wp-content\/uploads\/sites\/2\/2023\/05\/IMG-20230524-WA0209.jpg 1000w\" sizes=\"auto, (max-width: 300px) 100vw, 300px\" \/><br \/>En tal sentido, el alcalde refiri\u00f3 que la obra se ejecutar\u00e1 en dos fases, la primera de ellas incluye la \u00abN\u00bb entre 61 y 71 y la calle Vel\u00e1zquez con C\u00f3rdoba; iniciando en esta \u00faltima el d\u00eda de hoy con 30 toneladas de asfalto.<br \/><img loading=\"lazy\" decoding=\"async\" class=\"size-medium wp-image-27990 aligncenter\" src=\"https:\/\/noti-america.com\/site\/venezuela\/wp-content\/uploads\/sites\/2\/2023\/05\/IMG-20230524-WA0203-300x168.jpg\" alt=\"\" width=\"300\" height=\"168\" srcset=\"https:\/\/noti-america.com\/site\/venezuela\/wp-content\/uploads\/sites\/2\/2023\/05\/IMG-20230524-WA0203-300x168.jpg 300w, https:\/\/noti-america.com\/site\/venezuela\/wp-content\/uploads\/sites\/2\/2023\/05\/IMG-20230524-WA0203-768x430.jpg 768w, https:\/\/noti-america.com\/site\/venezuela\/wp-content\/uploads\/sites\/2\/2023\/05\/IMG-20230524-WA0203-600x336.jpg 600w, https:\/\/noti-america.com\/site\/venezuela\/wp-content\/uploads\/sites\/2\/2023\/05\/IMG-20230524-WA0203.jpg 1000w\" sizes=\"auto, (max-width: 300px) 100vw, 300px\" \/><br \/>\u00ab<em>Seguimos trabajando para recuperar nuestro municipio con voluntad, de la mano de los concejales, los directores, Ingenier\u00eda Municipal y nuestro gobernador Manuel Rosales Guerrero\u00bb puntualiz\u00f3\u00bb<\/em>.<br \/><br \/><strong>Fuente: Nota de Prensa<\/strong><\/p>\r\n","protected":false},"excerpt":{"rendered":"<p>Tal y como estaba previsto, este mi\u00e9rcoles 24 de mayo, arranc\u00f3 el Plan de Rehabilitaci\u00f3n Vial en el municipio Lagunillas, el cual contempla la colocaci\u00f3n de 450 toneladas de asfalto en lo que resta&#46;&#46;&#46;<\/p>\n","protected":false},"author":40,"featured_media":27991,"comment_status":"open","ping_status":"open","sticky":false,"template":"","format":"standard","meta":{"_acf_changed":false,"om_disable_all_campaigns":false,"rop_custom_images_group":[],"rop_custom_messages_group":[],"rop_publish_now":"initial","rop_publish_now_accounts":{"twitter_242054905_242054905":""},"rop_publish_now_history":[],"rop_publish_now_status":"pending","_uf_show_specific_survey":0,"_uf_disable_surveys":false,"footnotes":""},"categories":[164,3,156],"tags":[221,222],"class_list":["post-27916","post","type-post","status-publish","format-standard","has-post-thumbnail","hentry","category-comunidades","category-politica","category-venezuela","tag-ciudad-ojeda","tag-zulia"],"acf":[],"aioseo_notices":[],"yoast_head":"<!-- This site is optimized with the Yoast SEO Premium plugin v24.9 (Yoast SEO v27.2) - https:\/\/yoast.com\/product\/yoast-seo-premium-wordpress\/ -->\n<title>En la calle C\u00f3rdoba arranc\u00f3 Plan de Rehabilitaci\u00f3n Vial en el municipio Lagunillas - Venezuela | Noti-America.com<\/title>\n<meta name=\"robots\" content=\"index, follow, max-snippet:-1, max-image-preview:large, max-video-preview:-1\" \/>\n<link rel=\"canonical\" href=\"https:\/\/noti-america.com\/site\/venezuela\/2023\/05\/25\/en-la-calle-cordoba-arranco-plan-de-rehabilitacion-vial-en-el-municipio-lagunillas\/\" \/>\n<meta property=\"og:locale\" content=\"es_ES\" \/>\n<meta property=\"og:type\" content=\"article\" \/>\n<meta property=\"og:title\" content=\"En la calle C\u00f3rdoba arranc\u00f3 Plan de Rehabilitaci\u00f3n Vial en el municipio Lagunillas\" \/>\n<meta property=\"og:description\" content=\"Tal y como estaba previsto, este mi\u00e9rcoles 24 de mayo, arranc\u00f3 el Plan de Rehabilitaci\u00f3n Vial en el municipio Lagunillas, el cual contempla la colocaci\u00f3n de 450 toneladas de asfalto en lo que resta&#046;&#046;&#046;\" \/>\n<meta property=\"og:url\" content=\"https:\/\/noti-america.com\/site\/venezuela\/2023\/05\/25\/en-la-calle-cordoba-arranco-plan-de-rehabilitacion-vial-en-el-municipio-lagunillas\/\" \/>\n<meta property=\"og:site_name\" content=\"Venezuela | Noti-America.com\" \/>\n<meta property=\"article:published_time\" content=\"2023-05-25T16:44:26+00:00\" \/>\n<meta property=\"og:image\" content=\"https:\/\/noti-america.com\/site\/venezuela\/wp-content\/uploads\/sites\/2\/2023\/05\/IMG-20230524-WA0203-1.jpg\" \/>\n\t<meta property=\"og:image:width\" content=\"1000\" \/>\n\t<meta property=\"og:image:height\" content=\"560\" \/>\n\t<meta property=\"og:image:type\" content=\"image\/jpeg\" \/>\n<meta name=\"author\" content=\"Hendrick Garcia\" \/>\n<meta name=\"twitter:card\" content=\"summary_large_image\" \/>\n<meta name=\"twitter:label1\" content=\"Escrito por\" \/>\n\t<meta name=\"twitter:data1\" content=\"Hendrick Garcia\" \/>\n\t<meta name=\"twitter:label2\" content=\"Tiempo estimado de lectura\" \/>\n\t<meta name=\"twitter:data2\" content=\"2 minutos\" \/>\n<script type=\"application\/ld+json\" class=\"yoast-schema-graph\">{\"@context\":\"https:\/\/schema.org\",\"@graph\":[{\"@type\":\"Article\",\"@id\":\"https:\/\/noti-america.com\/site\/venezuela\/2023\/05\/25\/en-la-calle-cordoba-arranco-plan-de-rehabilitacion-vial-en-el-municipio-lagunillas\/#article\",\"isPartOf\":{\"@id\":\"https:\/\/noti-america.com\/site\/venezuela\/2023\/05\/25\/en-la-calle-cordoba-arranco-plan-de-rehabilitacion-vial-en-el-municipio-lagunillas\/\"},\"author\":{\"name\":\"Hendrick Garcia\",\"@id\":\"https:\/\/noti-america.com\/site\/venezuela\/#\/schema\/person\/2f37ed06a1cd058e8d611b3d42cce678\"},\"headline\":\"En la calle C\u00f3rdoba arranc\u00f3 Plan de Rehabilitaci\u00f3n Vial en el municipio Lagunillas\",\"datePublished\":\"2023-05-25T16:44:26+00:00\",\"mainEntityOfPage\":{\"@id\":\"https:\/\/noti-america.com\/site\/venezuela\/2023\/05\/25\/en-la-calle-cordoba-arranco-plan-de-rehabilitacion-vial-en-el-municipio-lagunillas\/\"},\"wordCount\":225,\"commentCount\":0,\"publisher\":{\"@id\":\"https:\/\/noti-america.com\/site\/venezuela\/#organization\"},\"image\":{\"@id\":\"https:\/\/noti-america.com\/site\/venezuela\/2023\/05\/25\/en-la-calle-cordoba-arranco-plan-de-rehabilitacion-vial-en-el-municipio-lagunillas\/#primaryimage\"},\"thumbnailUrl\":\"https:\/\/noti-america.com\/site\/venezuela\/wp-content\/uploads\/sites\/2\/2023\/05\/IMG-20230524-WA0203-1.jpg\",\"keywords\":[\"ciudad ojeda\",\"zulia\"],\"articleSection\":[\"Comunidades\",\"Pol\u00edtica\",\"Venezuela\"],\"inLanguage\":\"es\",\"potentialAction\":[{\"@type\":\"CommentAction\",\"name\":\"Comment\",\"target\":[\"https:\/\/noti-america.com\/site\/venezuela\/2023\/05\/25\/en-la-calle-cordoba-arranco-plan-de-rehabilitacion-vial-en-el-municipio-lagunillas\/#respond\"]}]},{\"@type\":\"WebPage\",\"@id\":\"https:\/\/noti-america.com\/site\/venezuela\/2023\/05\/25\/en-la-calle-cordoba-arranco-plan-de-rehabilitacion-vial-en-el-municipio-lagunillas\/\",\"url\":\"https:\/\/noti-america.com\/site\/venezuela\/2023\/05\/25\/en-la-calle-cordoba-arranco-plan-de-rehabilitacion-vial-en-el-municipio-lagunillas\/\",\"name\":\"En la calle C\u00f3rdoba arranc\u00f3 Plan de Rehabilitaci\u00f3n Vial en el municipio Lagunillas - Venezuela | Noti-America.com\",\"isPartOf\":{\"@id\":\"https:\/\/noti-america.com\/site\/venezuela\/#website\"},\"primaryImageOfPage\":{\"@id\":\"https:\/\/noti-america.com\/site\/venezuela\/2023\/05\/25\/en-la-calle-cordoba-arranco-plan-de-rehabilitacion-vial-en-el-municipio-lagunillas\/#primaryimage\"},\"image\":{\"@id\":\"https:\/\/noti-america.com\/site\/venezuela\/2023\/05\/25\/en-la-calle-cordoba-arranco-plan-de-rehabilitacion-vial-en-el-municipio-lagunillas\/#primaryimage\"},\"thumbnailUrl\":\"https:\/\/noti-america.com\/site\/venezuela\/wp-content\/uploads\/sites\/2\/2023\/05\/IMG-20230524-WA0203-1.jpg\",\"datePublished\":\"2023-05-25T16:44:26+00:00\",\"breadcrumb\":{\"@id\":\"https:\/\/noti-america.com\/site\/venezuela\/2023\/05\/25\/en-la-calle-cordoba-arranco-plan-de-rehabilitacion-vial-en-el-municipio-lagunillas\/#breadcrumb\"},\"inLanguage\":\"es\",\"potentialAction\":[{\"@type\":\"ReadAction\",\"target\":[\"https:\/\/noti-america.com\/site\/venezuela\/2023\/05\/25\/en-la-calle-cordoba-arranco-plan-de-rehabilitacion-vial-en-el-municipio-lagunillas\/\"]}]},{\"@type\":\"ImageObject\",\"inLanguage\":\"es\",\"@id\":\"https:\/\/noti-america.com\/site\/venezuela\/2023\/05\/25\/en-la-calle-cordoba-arranco-plan-de-rehabilitacion-vial-en-el-municipio-lagunillas\/#primaryimage\",\"url\":\"https:\/\/noti-america.com\/site\/venezuela\/wp-content\/uploads\/sites\/2\/2023\/05\/IMG-20230524-WA0203-1.jpg\",\"contentUrl\":\"https:\/\/noti-america.com\/site\/venezuela\/wp-content\/uploads\/sites\/2\/2023\/05\/IMG-20230524-WA0203-1.jpg\",\"width\":1000,\"height\":560},{\"@type\":\"BreadcrumbList\",\"@id\":\"https:\/\/noti-america.com\/site\/venezuela\/2023\/05\/25\/en-la-calle-cordoba-arranco-plan-de-rehabilitacion-vial-en-el-municipio-lagunillas\/#breadcrumb\",\"itemListElement\":[{\"@type\":\"ListItem\",\"position\":1,\"name\":\"Portada\",\"item\":\"https:\/\/noti-america.com\/site\/venezuela\/\"},{\"@type\":\"ListItem\",\"position\":2,\"name\":\"En la calle C\u00f3rdoba arranc\u00f3 Plan de Rehabilitaci\u00f3n Vial en el municipio Lagunillas\"}]},{\"@type\":\"WebSite\",\"@id\":\"https:\/\/noti-america.com\/site\/venezuela\/#website\",\"url\":\"https:\/\/noti-america.com\/site\/venezuela\/\",\"name\":\"Venezuela | Noti-America.com\",\"description\":\"\",\"publisher\":{\"@id\":\"https:\/\/noti-america.com\/site\/venezuela\/#organization\"},\"potentialAction\":[{\"@type\":\"SearchAction\",\"target\":{\"@type\":\"EntryPoint\",\"urlTemplate\":\"https:\/\/noti-america.com\/site\/venezuela\/?s={search_term_string}\"},\"query-input\":{\"@type\":\"PropertyValueSpecification\",\"valueRequired\":true,\"valueName\":\"search_term_string\"}}],\"inLanguage\":\"es\"},{\"@type\":\"Organization\",\"@id\":\"https:\/\/noti-america.com\/site\/venezuela\/#organization\",\"name\":\"Noti-America LLC | Venezuela\",\"url\":\"https:\/\/noti-america.com\/site\/venezuela\/\",\"logo\":{\"@type\":\"ImageObject\",\"inLanguage\":\"es\",\"@id\":\"https:\/\/noti-america.com\/site\/venezuela\/#\/schema\/logo\/image\/\",\"url\":\"https:\/\/noti-america.com\/site\/venezuela\/wp-content\/uploads\/sites\/2\/2020\/07\/LogoNA-4x3-1.jpg\",\"contentUrl\":\"https:\/\/noti-america.com\/site\/venezuela\/wp-content\/uploads\/sites\/2\/2020\/07\/LogoNA-4x3-1.jpg\",\"width\":1236,\"height\":1080,\"caption\":\"Noti-America LLC | Venezuela\"},\"image\":{\"@id\":\"https:\/\/noti-america.com\/site\/venezuela\/#\/schema\/logo\/image\/\"}},{\"@type\":\"Person\",\"@id\":\"https:\/\/noti-america.com\/site\/venezuela\/#\/schema\/person\/2f37ed06a1cd058e8d611b3d42cce678\",\"name\":\"Hendrick Garcia\",\"image\":{\"@type\":\"ImageObject\",\"inLanguage\":\"es\",\"@id\":\"https:\/\/secure.gravatar.com\/avatar\/07f13ce868ede7f0937b7abbada276f430e4ed25cfff75dbe7f98f95ac02358c?s=96&d=mm&r=g\",\"url\":\"https:\/\/secure.gravatar.com\/avatar\/07f13ce868ede7f0937b7abbada276f430e4ed25cfff75dbe7f98f95ac02358c?s=96&d=mm&r=g\",\"contentUrl\":\"https:\/\/secure.gravatar.com\/avatar\/07f13ce868ede7f0937b7abbada276f430e4ed25cfff75dbe7f98f95ac02358c?s=96&d=mm&r=g\",\"caption\":\"Hendrick Garcia\"},\"url\":\"https:\/\/noti-america.com\/site\/venezuela\/author\/hegarcia\/\"}]}<\/script>\n<!-- \/ Yoast SEO Premium plugin. -->","yoast_head_json":{"title":"En la calle C\u00f3rdoba arranc\u00f3 Plan de Rehabilitaci\u00f3n Vial en el municipio Lagunillas - Venezuela | Noti-America.com","robots":{"index":"index","follow":"follow","max-snippet":"max-snippet:-1","max-image-preview":"max-image-preview:large","max-video-preview":"max-video-preview:-1"},"canonical":"https:\/\/noti-america.com\/site\/venezuela\/2023\/05\/25\/en-la-calle-cordoba-arranco-plan-de-rehabilitacion-vial-en-el-municipio-lagunillas\/","og_locale":"es_ES","og_type":"article","og_title":"En la calle C\u00f3rdoba arranc\u00f3 Plan de Rehabilitaci\u00f3n Vial en el municipio Lagunillas","og_description":"Tal y como estaba previsto, este mi\u00e9rcoles 24 de mayo, arranc\u00f3 el Plan de Rehabilitaci\u00f3n Vial en el municipio Lagunillas, el cual contempla la colocaci\u00f3n de 450 toneladas de asfalto en lo que resta&#46;&#46;&#46;","og_url":"https:\/\/noti-america.com\/site\/venezuela\/2023\/05\/25\/en-la-calle-cordoba-arranco-plan-de-rehabilitacion-vial-en-el-municipio-lagunillas\/","og_site_name":"Venezuela | Noti-America.com","article_published_time":"2023-05-25T16:44:26+00:00","og_image":[{"width":1000,"height":560,"url":"https:\/\/noti-america.com\/site\/venezuela\/wp-content\/uploads\/sites\/2\/2023\/05\/IMG-20230524-WA0203-1.jpg","type":"image\/jpeg"}],"author":"Hendrick Garcia","twitter_card":"summary_large_image","twitter_misc":{"Escrito por":"Hendrick Garcia","Tiempo estimado de lectura":"2 minutos"},"schema":{"@context":"https:\/\/schema.org","@graph":[{"@type":"Article","@id":"https:\/\/noti-america.com\/site\/venezuela\/2023\/05\/25\/en-la-calle-cordoba-arranco-plan-de-rehabilitacion-vial-en-el-municipio-lagunillas\/#article","isPartOf":{"@id":"https:\/\/noti-america.com\/site\/venezuela\/2023\/05\/25\/en-la-calle-cordoba-arranco-plan-de-rehabilitacion-vial-en-el-municipio-lagunillas\/"},"author":{"name":"Hendrick Garcia","@id":"https:\/\/noti-america.com\/site\/venezuela\/#\/schema\/person\/2f37ed06a1cd058e8d611b3d42cce678"},"headline":"En la calle C\u00f3rdoba arranc\u00f3 Plan de Rehabilitaci\u00f3n Vial en el municipio Lagunillas","datePublished":"2023-05-25T16:44:26+00:00","mainEntityOfPage":{"@id":"https:\/\/noti-america.com\/site\/venezuela\/2023\/05\/25\/en-la-calle-cordoba-arranco-plan-de-rehabilitacion-vial-en-el-municipio-lagunillas\/"},"wordCount":225,"commentCount":0,"publisher":{"@id":"https:\/\/noti-america.com\/site\/venezuela\/#organization"},"image":{"@id":"https:\/\/noti-america.com\/site\/venezuela\/2023\/05\/25\/en-la-calle-cordoba-arranco-plan-de-rehabilitacion-vial-en-el-municipio-lagunillas\/#primaryimage"},"thumbnailUrl":"https:\/\/noti-america.com\/site\/venezuela\/wp-content\/uploads\/sites\/2\/2023\/05\/IMG-20230524-WA0203-1.jpg","keywords":["ciudad ojeda","zulia"],"articleSection":["Comunidades","Pol\u00edtica","Venezuela"],"inLanguage":"es","potentialAction":[{"@type":"CommentAction","name":"Comment","target":["https:\/\/noti-america.com\/site\/venezuela\/2023\/05\/25\/en-la-calle-cordoba-arranco-plan-de-rehabilitacion-vial-en-el-municipio-lagunillas\/#respond"]}]},{"@type":"WebPage","@id":"https:\/\/noti-america.com\/site\/venezuela\/2023\/05\/25\/en-la-calle-cordoba-arranco-plan-de-rehabilitacion-vial-en-el-municipio-lagunillas\/","url":"https:\/\/noti-america.com\/site\/venezuela\/2023\/05\/25\/en-la-calle-cordoba-arranco-plan-de-rehabilitacion-vial-en-el-municipio-lagunillas\/","name":"En la calle C\u00f3rdoba arranc\u00f3 Plan de Rehabilitaci\u00f3n Vial en el municipio Lagunillas - Venezuela | Noti-America.com","isPartOf":{"@id":"https:\/\/noti-america.com\/site\/venezuela\/#website"},"primaryImageOfPage":{"@id":"https:\/\/noti-america.com\/site\/venezuela\/2023\/05\/25\/en-la-calle-cordoba-arranco-plan-de-rehabilitacion-vial-en-el-municipio-lagunillas\/#primaryimage"},"image":{"@id":"https:\/\/noti-america.com\/site\/venezuela\/2023\/05\/25\/en-la-calle-cordoba-arranco-plan-de-rehabilitacion-vial-en-el-municipio-lagunillas\/#primaryimage"},"thumbnailUrl":"https:\/\/noti-america.com\/site\/venezuela\/wp-content\/uploads\/sites\/2\/2023\/05\/IMG-20230524-WA0203-1.jpg","datePublished":"2023-05-25T16:44:26+00:00","breadcrumb":{"@id":"https:\/\/noti-america.com\/site\/venezuela\/2023\/05\/25\/en-la-calle-cordoba-arranco-plan-de-rehabilitacion-vial-en-el-municipio-lagunillas\/#breadcrumb"},"inLanguage":"es","potentialAction":[{"@type":"ReadAction","target":["https:\/\/noti-america.com\/site\/venezuela\/2023\/05\/25\/en-la-calle-cordoba-arranco-plan-de-rehabilitacion-vial-en-el-municipio-lagunillas\/"]}]},{"@type":"ImageObject","inLanguage":"es","@id":"https:\/\/noti-america.com\/site\/venezuela\/2023\/05\/25\/en-la-calle-cordoba-arranco-plan-de-rehabilitacion-vial-en-el-municipio-lagunillas\/#primaryimage","url":"https:\/\/noti-america.com\/site\/venezuela\/wp-content\/uploads\/sites\/2\/2023\/05\/IMG-20230524-WA0203-1.jpg","contentUrl":"https:\/\/noti-america.com\/site\/venezuela\/wp-content\/uploads\/sites\/2\/2023\/05\/IMG-20230524-WA0203-1.jpg","width":1000,"height":560},{"@type":"BreadcrumbList","@id":"https:\/\/noti-america.com\/site\/venezuela\/2023\/05\/25\/en-la-calle-cordoba-arranco-plan-de-rehabilitacion-vial-en-el-municipio-lagunillas\/#breadcrumb","itemListElement":[{"@type":"ListItem","position":1,"name":"Portada","item":"https:\/\/noti-america.com\/site\/venezuela\/"},{"@type":"ListItem","position":2,"name":"En la calle C\u00f3rdoba arranc\u00f3 Plan de Rehabilitaci\u00f3n Vial en el municipio Lagunillas"}]},{"@type":"WebSite","@id":"https:\/\/noti-america.com\/site\/venezuela\/#website","url":"https:\/\/noti-america.com\/site\/venezuela\/","name":"Venezuela | Noti-America.com","description":"","publisher":{"@id":"https:\/\/noti-america.com\/site\/venezuela\/#organization"},"potentialAction":[{"@type":"SearchAction","target":{"@type":"EntryPoint","urlTemplate":"https:\/\/noti-america.com\/site\/venezuela\/?s={search_term_string}"},"query-input":{"@type":"PropertyValueSpecification","valueRequired":true,"valueName":"search_term_string"}}],"inLanguage":"es"},{"@type":"Organization","@id":"https:\/\/noti-america.com\/site\/venezuela\/#organization","name":"Noti-America LLC | Venezuela","url":"https:\/\/noti-america.com\/site\/venezuela\/","logo":{"@type":"ImageObject","inLanguage":"es","@id":"https:\/\/noti-america.com\/site\/venezuela\/#\/schema\/logo\/image\/","url":"https:\/\/noti-america.com\/site\/venezuela\/wp-content\/uploads\/sites\/2\/2020\/07\/LogoNA-4x3-1.jpg","contentUrl":"https:\/\/noti-america.com\/site\/venezuela\/wp-content\/uploads\/sites\/2\/2020\/07\/LogoNA-4x3-1.jpg","width":1236,"height":1080,"caption":"Noti-America LLC | Venezuela"},"image":{"@id":"https:\/\/noti-america.com\/site\/venezuela\/#\/schema\/logo\/image\/"}},{"@type":"Person","@id":"https:\/\/noti-america.com\/site\/venezuela\/#\/schema\/person\/2f37ed06a1cd058e8d611b3d42cce678","name":"Hendrick Garcia","image":{"@type":"ImageObject","inLanguage":"es","@id":"https:\/\/secure.gravatar.com\/avatar\/07f13ce868ede7f0937b7abbada276f430e4ed25cfff75dbe7f98f95ac02358c?s=96&d=mm&r=g","url":"https:\/\/secure.gravatar.com\/avatar\/07f13ce868ede7f0937b7abbada276f430e4ed25cfff75dbe7f98f95ac02358c?s=96&d=mm&r=g","contentUrl":"https:\/\/secure.gravatar.com\/avatar\/07f13ce868ede7f0937b7abbada276f430e4ed25cfff75dbe7f98f95ac02358c?s=96&d=mm&r=g","caption":"Hendrick Garcia"},"url":"https:\/\/noti-america.com\/site\/venezuela\/author\/hegarcia\/"}]}},"_links":{"self":[{"href":"https:\/\/noti-america.com\/site\/venezuela\/wp-json\/wp\/v2\/posts\/27916","targetHints":{"allow":["GET"]}}],"collection":[{"href":"https:\/\/noti-america.com\/site\/venezuela\/wp-json\/wp\/v2\/posts"}],"about":[{"href":"https:\/\/noti-america.com\/site\/venezuela\/wp-json\/wp\/v2\/types\/post"}],"author":[{"embeddable":true,"href":"https:\/\/noti-america.com\/site\/venezuela\/wp-json\/wp\/v2\/users\/40"}],"replies":[{"embeddable":true,"href":"https:\/\/noti-america.com\/site\/venezuela\/wp-json\/wp\/v2\/comments?post=27916"}],"version-history":[{"count":2,"href":"https:\/\/noti-america.com\/site\/venezuela\/wp-json\/wp\/v2\/posts\/27916\/revisions"}],"predecessor-version":[{"id":27992,"href":"https:\/\/noti-america.com\/site\/venezuela\/wp-json\/wp\/v2\/posts\/27916\/revisions\/27992"}],"wp:featuredmedia":[{"embeddable":true,"href":"https:\/\/noti-america.com\/site\/venezuela\/wp-json\/wp\/v2\/media\/27991"}],"wp:attachment":[{"href":"https:\/\/noti-america.com\/site\/venezuela\/wp-json\/wp\/v2\/media?parent=27916"}],"wp:term":[{"taxonomy":"category","embeddable":true,"href":"https:\/\/noti-america.com\/site\/venezuela\/wp-json\/wp\/v2\/categories?post=27916"},{"taxonomy":"post_tag","embeddable":true,"href":"https:\/\/noti-america.com\/site\/venezuela\/wp-json\/wp\/v2\/tags?post=27916"}],"curies":[{"name":"wp","href":"https:\/\/api.w.org\/{rel}","templated":true}]}}