{"id":27768,"date":"2023-05-18T12:02:54","date_gmt":"2023-05-18T12:02:54","guid":{"rendered":"https:\/\/noti-america.com\/site\/venezuela\/?p=27768"},"modified":"2023-05-18T12:04:02","modified_gmt":"2023-05-18T12:04:02","slug":"nestor-parfum-se-une-a-la-exitosa-serie-caracas-las-dos-caracas-de-la-vida","status":"publish","type":"post","link":"https:\/\/noti-america.com\/site\/venezuela\/2023\/05\/18\/nestor-parfum-se-une-a-la-exitosa-serie-caracas-las-dos-caracas-de-la-vida\/","title":{"rendered":"Nestor Parfum se une a la exitosa serie \u00abCaracas, las dos caracas de la vida"},"content":{"rendered":"<p>El talentoso actor y empresario<strong> Nestor Parfum<\/strong> ha sido confirmado como parte del elenco de la serie <strong>\u00abCaracas, las dos caracas de la vida\u00bb<\/strong>. Esta producci\u00f3n, que ser\u00e1 transmitida por YouTube, promete ser una de las m\u00e1s emocionantes del a\u00f1o.<\/p>\n<p>&nbsp;<\/p>\n<p><strong>Parfum<\/strong> ha estado trabajando incansablemente en su carrera de actuaci\u00f3n y se ha destacado en diversas producciones del renombrado director Jackson Gutierrez. Su incorporaci\u00f3n en <strong>\u00abCaracas, las dos caracas de la vida\u00bb<\/strong> es una muestra de su compromiso con el arte y la cultura.<\/p>\n<p>&nbsp;<\/p>\n<p>La serie, que contar\u00e1 con un reparto de estrellas de la televisi\u00f3n y el cine, promete explorar la compleja vida de la ciudad de Caracas, mostrando tanto su lado m\u00e1s hermoso como el m\u00e1s oscuro. Se espera que la trama tenga una buena dosis de drama, romance, comedia y acci\u00f3n.<\/p>\n<p>&nbsp;<\/p>\n<p>Para Parfum, este proyecto representa un nuevo reto en su carrera de actuaci\u00f3n. \u00abEstoy muy emocionado de ser parte de esta gran producci\u00f3n. Es una oportunidad para demostrar mi talento y seguir creciendo en mi carrera\u00bb, afirm\u00f3 el actor y empresario.<\/p>\n<p>&nbsp;<\/p>\n<p>\u00abCaracas, las dos caracas de la vida\u00bb es una serie que promete atrapar a los espectadores con su interesante trama y su elenco de estrellas. La fecha de estreno a\u00fan no ha sido anunciada, pero se espera que sea muy pronto. <strong>\u00a1Est\u00e9n atentos!<\/strong><\/p>\n","protected":false},"excerpt":{"rendered":"<p>El talentoso actor y empresario Nestor Parfum ha sido confirmado como parte del elenco de la serie \u00abCaracas, las dos caracas de la vida\u00bb. Esta producci\u00f3n, que ser\u00e1 transmitida por YouTube, promete ser una&#46;&#46;&#46;<\/p>\n","protected":false},"author":127,"featured_media":27769,"comment_status":"open","ping_status":"open","sticky":false,"template":"","format":"image","meta":{"_acf_changed":false,"om_disable_all_campaigns":false,"rop_custom_images_group":[],"rop_custom_messages_group":[],"rop_publish_now":"initial","rop_publish_now_accounts":{"twitter_242054905_242054905":""},"rop_publish_now_history":[],"rop_publish_now_status":"pending","_uf_show_specific_survey":0,"_uf_disable_surveys":false,"footnotes":""},"categories":[8],"tags":[],"class_list":["post-27768","post","type-post","status-publish","format-image","has-post-thumbnail","hentry","category-arte-y-espectaculos","post_format-post-format-image"],"acf":[],"aioseo_notices":[],"yoast_head":"<!-- This site is optimized with the Yoast SEO Premium plugin v24.9 (Yoast SEO v27.2) - https:\/\/yoast.com\/product\/yoast-seo-premium-wordpress\/ -->\n<title>Nestor Parfum se une a la exitosa serie &quot;Caracas, las dos caracas de la vida - Venezuela | Noti-America.com<\/title>\n<meta name=\"robots\" content=\"index, follow, max-snippet:-1, max-image-preview:large, max-video-preview:-1\" \/>\n<link rel=\"canonical\" href=\"https:\/\/noti-america.com\/site\/venezuela\/2023\/05\/18\/nestor-parfum-se-une-a-la-exitosa-serie-caracas-las-dos-caracas-de-la-vida\/\" \/>\n<meta property=\"og:locale\" content=\"es_ES\" \/>\n<meta property=\"og:type\" content=\"article\" \/>\n<meta property=\"og:title\" content=\"Nestor Parfum se une a la exitosa serie &quot;Caracas, las dos caracas de la vida\" \/>\n<meta property=\"og:description\" content=\"El talentoso actor y empresario Nestor Parfum ha sido confirmado como parte del elenco de la serie \u00abCaracas, las dos caracas de la vida\u00bb. Esta producci\u00f3n, que ser\u00e1 transmitida por YouTube, promete ser una&#046;&#046;&#046;\" \/>\n<meta property=\"og:url\" content=\"https:\/\/noti-america.com\/site\/venezuela\/2023\/05\/18\/nestor-parfum-se-une-a-la-exitosa-serie-caracas-las-dos-caracas-de-la-vida\/\" \/>\n<meta property=\"og:site_name\" content=\"Venezuela | Noti-America.com\" \/>\n<meta property=\"article:published_time\" content=\"2023-05-18T12:02:54+00:00\" \/>\n<meta property=\"article:modified_time\" content=\"2023-05-18T12:04:02+00:00\" \/>\n<meta property=\"og:image\" content=\"https:\/\/noti-america.com\/site\/venezuela\/wp-content\/uploads\/sites\/2\/2023\/05\/whatsapp-image-2022-11-02-at-7.40.24-pm-c23ecf.jpeg\" \/>\n\t<meta property=\"og:image:width\" content=\"800\" \/>\n\t<meta property=\"og:image:height\" content=\"500\" \/>\n\t<meta property=\"og:image:type\" content=\"image\/jpeg\" \/>\n<meta name=\"author\" content=\"Yoelvzla\" \/>\n<meta name=\"twitter:card\" content=\"summary_large_image\" \/>\n<meta name=\"twitter:label1\" content=\"Escrito por\" \/>\n\t<meta name=\"twitter:data1\" content=\"Yoelvzla\" \/>\n\t<meta name=\"twitter:label2\" content=\"Tiempo estimado de lectura\" \/>\n\t<meta name=\"twitter:data2\" content=\"1 minuto\" \/>\n<script type=\"application\/ld+json\" class=\"yoast-schema-graph\">{\"@context\":\"https:\/\/schema.org\",\"@graph\":[{\"@type\":\"Article\",\"@id\":\"https:\/\/noti-america.com\/site\/venezuela\/2023\/05\/18\/nestor-parfum-se-une-a-la-exitosa-serie-caracas-las-dos-caracas-de-la-vida\/#article\",\"isPartOf\":{\"@id\":\"https:\/\/noti-america.com\/site\/venezuela\/2023\/05\/18\/nestor-parfum-se-une-a-la-exitosa-serie-caracas-las-dos-caracas-de-la-vida\/\"},\"author\":{\"name\":\"Yoelvzla\",\"@id\":\"https:\/\/noti-america.com\/site\/venezuela\/#\/schema\/person\/376ccc7b3cc7a8d5a43c3ece07a43857\"},\"headline\":\"Nestor Parfum se une a la exitosa serie \u00abCaracas, las dos caracas de la vida\",\"datePublished\":\"2023-05-18T12:02:54+00:00\",\"dateModified\":\"2023-05-18T12:04:02+00:00\",\"mainEntityOfPage\":{\"@id\":\"https:\/\/noti-america.com\/site\/venezuela\/2023\/05\/18\/nestor-parfum-se-une-a-la-exitosa-serie-caracas-las-dos-caracas-de-la-vida\/\"},\"wordCount\":250,\"commentCount\":0,\"publisher\":{\"@id\":\"https:\/\/noti-america.com\/site\/venezuela\/#organization\"},\"image\":{\"@id\":\"https:\/\/noti-america.com\/site\/venezuela\/2023\/05\/18\/nestor-parfum-se-une-a-la-exitosa-serie-caracas-las-dos-caracas-de-la-vida\/#primaryimage\"},\"thumbnailUrl\":\"https:\/\/noti-america.com\/site\/venezuela\/wp-content\/uploads\/sites\/2\/2023\/05\/whatsapp-image-2022-11-02-at-7.40.24-pm-c23ecf.jpeg\",\"articleSection\":[\"Arte y Espect\u00e1culos\"],\"inLanguage\":\"es\",\"potentialAction\":[{\"@type\":\"CommentAction\",\"name\":\"Comment\",\"target\":[\"https:\/\/noti-america.com\/site\/venezuela\/2023\/05\/18\/nestor-parfum-se-une-a-la-exitosa-serie-caracas-las-dos-caracas-de-la-vida\/#respond\"]}]},{\"@type\":\"WebPage\",\"@id\":\"https:\/\/noti-america.com\/site\/venezuela\/2023\/05\/18\/nestor-parfum-se-une-a-la-exitosa-serie-caracas-las-dos-caracas-de-la-vida\/\",\"url\":\"https:\/\/noti-america.com\/site\/venezuela\/2023\/05\/18\/nestor-parfum-se-une-a-la-exitosa-serie-caracas-las-dos-caracas-de-la-vida\/\",\"name\":\"Nestor Parfum se une a la exitosa serie \\\"Caracas, las dos caracas de la vida - Venezuela | Noti-America.com\",\"isPartOf\":{\"@id\":\"https:\/\/noti-america.com\/site\/venezuela\/#website\"},\"primaryImageOfPage\":{\"@id\":\"https:\/\/noti-america.com\/site\/venezuela\/2023\/05\/18\/nestor-parfum-se-une-a-la-exitosa-serie-caracas-las-dos-caracas-de-la-vida\/#primaryimage\"},\"image\":{\"@id\":\"https:\/\/noti-america.com\/site\/venezuela\/2023\/05\/18\/nestor-parfum-se-une-a-la-exitosa-serie-caracas-las-dos-caracas-de-la-vida\/#primaryimage\"},\"thumbnailUrl\":\"https:\/\/noti-america.com\/site\/venezuela\/wp-content\/uploads\/sites\/2\/2023\/05\/whatsapp-image-2022-11-02-at-7.40.24-pm-c23ecf.jpeg\",\"datePublished\":\"2023-05-18T12:02:54+00:00\",\"dateModified\":\"2023-05-18T12:04:02+00:00\",\"breadcrumb\":{\"@id\":\"https:\/\/noti-america.com\/site\/venezuela\/2023\/05\/18\/nestor-parfum-se-une-a-la-exitosa-serie-caracas-las-dos-caracas-de-la-vida\/#breadcrumb\"},\"inLanguage\":\"es\",\"potentialAction\":[{\"@type\":\"ReadAction\",\"target\":[\"https:\/\/noti-america.com\/site\/venezuela\/2023\/05\/18\/nestor-parfum-se-une-a-la-exitosa-serie-caracas-las-dos-caracas-de-la-vida\/\"]}]},{\"@type\":\"ImageObject\",\"inLanguage\":\"es\",\"@id\":\"https:\/\/noti-america.com\/site\/venezuela\/2023\/05\/18\/nestor-parfum-se-une-a-la-exitosa-serie-caracas-las-dos-caracas-de-la-vida\/#primaryimage\",\"url\":\"https:\/\/noti-america.com\/site\/venezuela\/wp-content\/uploads\/sites\/2\/2023\/05\/whatsapp-image-2022-11-02-at-7.40.24-pm-c23ecf.jpeg\",\"contentUrl\":\"https:\/\/noti-america.com\/site\/venezuela\/wp-content\/uploads\/sites\/2\/2023\/05\/whatsapp-image-2022-11-02-at-7.40.24-pm-c23ecf.jpeg\",\"width\":800,\"height\":500},{\"@type\":\"BreadcrumbList\",\"@id\":\"https:\/\/noti-america.com\/site\/venezuela\/2023\/05\/18\/nestor-parfum-se-une-a-la-exitosa-serie-caracas-las-dos-caracas-de-la-vida\/#breadcrumb\",\"itemListElement\":[{\"@type\":\"ListItem\",\"position\":1,\"name\":\"Portada\",\"item\":\"https:\/\/noti-america.com\/site\/venezuela\/\"},{\"@type\":\"ListItem\",\"position\":2,\"name\":\"Nestor Parfum se une a la exitosa serie &#8220;Caracas, las dos caracas de la vida\"}]},{\"@type\":\"WebSite\",\"@id\":\"https:\/\/noti-america.com\/site\/venezuela\/#website\",\"url\":\"https:\/\/noti-america.com\/site\/venezuela\/\",\"name\":\"Venezuela | Noti-America.com\",\"description\":\"\",\"publisher\":{\"@id\":\"https:\/\/noti-america.com\/site\/venezuela\/#organization\"},\"potentialAction\":[{\"@type\":\"SearchAction\",\"target\":{\"@type\":\"EntryPoint\",\"urlTemplate\":\"https:\/\/noti-america.com\/site\/venezuela\/?s={search_term_string}\"},\"query-input\":{\"@type\":\"PropertyValueSpecification\",\"valueRequired\":true,\"valueName\":\"search_term_string\"}}],\"inLanguage\":\"es\"},{\"@type\":\"Organization\",\"@id\":\"https:\/\/noti-america.com\/site\/venezuela\/#organization\",\"name\":\"Noti-America LLC | Venezuela\",\"url\":\"https:\/\/noti-america.com\/site\/venezuela\/\",\"logo\":{\"@type\":\"ImageObject\",\"inLanguage\":\"es\",\"@id\":\"https:\/\/noti-america.com\/site\/venezuela\/#\/schema\/logo\/image\/\",\"url\":\"https:\/\/noti-america.com\/site\/venezuela\/wp-content\/uploads\/sites\/2\/2020\/07\/LogoNA-4x3-1.jpg\",\"contentUrl\":\"https:\/\/noti-america.com\/site\/venezuela\/wp-content\/uploads\/sites\/2\/2020\/07\/LogoNA-4x3-1.jpg\",\"width\":1236,\"height\":1080,\"caption\":\"Noti-America LLC | Venezuela\"},\"image\":{\"@id\":\"https:\/\/noti-america.com\/site\/venezuela\/#\/schema\/logo\/image\/\"}},{\"@type\":\"Person\",\"@id\":\"https:\/\/noti-america.com\/site\/venezuela\/#\/schema\/person\/376ccc7b3cc7a8d5a43c3ece07a43857\",\"name\":\"Yoelvzla\",\"image\":{\"@type\":\"ImageObject\",\"inLanguage\":\"es\",\"@id\":\"https:\/\/secure.gravatar.com\/avatar\/13a96a72123e0e9aa76fe82e8847f726c63a1c5ef6a8d0fadd844c1a5a83b212?s=96&d=mm&r=g\",\"url\":\"https:\/\/secure.gravatar.com\/avatar\/13a96a72123e0e9aa76fe82e8847f726c63a1c5ef6a8d0fadd844c1a5a83b212?s=96&d=mm&r=g\",\"contentUrl\":\"https:\/\/secure.gravatar.com\/avatar\/13a96a72123e0e9aa76fe82e8847f726c63a1c5ef6a8d0fadd844c1a5a83b212?s=96&d=mm&r=g\",\"caption\":\"Yoelvzla\"},\"url\":\"https:\/\/noti-america.com\/site\/venezuela\/author\/ydiaz\/\"}]}<\/script>\n<!-- \/ Yoast SEO Premium plugin. -->","yoast_head_json":{"title":"Nestor Parfum se une a la exitosa serie \"Caracas, las dos caracas de la vida - Venezuela | Noti-America.com","robots":{"index":"index","follow":"follow","max-snippet":"max-snippet:-1","max-image-preview":"max-image-preview:large","max-video-preview":"max-video-preview:-1"},"canonical":"https:\/\/noti-america.com\/site\/venezuela\/2023\/05\/18\/nestor-parfum-se-une-a-la-exitosa-serie-caracas-las-dos-caracas-de-la-vida\/","og_locale":"es_ES","og_type":"article","og_title":"Nestor Parfum se une a la exitosa serie \"Caracas, las dos caracas de la vida","og_description":"El talentoso actor y empresario Nestor Parfum ha sido confirmado como parte del elenco de la serie \u00abCaracas, las dos caracas de la vida\u00bb. Esta producci\u00f3n, que ser\u00e1 transmitida por YouTube, promete ser una&#46;&#46;&#46;","og_url":"https:\/\/noti-america.com\/site\/venezuela\/2023\/05\/18\/nestor-parfum-se-une-a-la-exitosa-serie-caracas-las-dos-caracas-de-la-vida\/","og_site_name":"Venezuela | Noti-America.com","article_published_time":"2023-05-18T12:02:54+00:00","article_modified_time":"2023-05-18T12:04:02+00:00","og_image":[{"width":800,"height":500,"url":"https:\/\/noti-america.com\/site\/venezuela\/wp-content\/uploads\/sites\/2\/2023\/05\/whatsapp-image-2022-11-02-at-7.40.24-pm-c23ecf.jpeg","type":"image\/jpeg"}],"author":"Yoelvzla","twitter_card":"summary_large_image","twitter_misc":{"Escrito por":"Yoelvzla","Tiempo estimado de lectura":"1 minuto"},"schema":{"@context":"https:\/\/schema.org","@graph":[{"@type":"Article","@id":"https:\/\/noti-america.com\/site\/venezuela\/2023\/05\/18\/nestor-parfum-se-une-a-la-exitosa-serie-caracas-las-dos-caracas-de-la-vida\/#article","isPartOf":{"@id":"https:\/\/noti-america.com\/site\/venezuela\/2023\/05\/18\/nestor-parfum-se-une-a-la-exitosa-serie-caracas-las-dos-caracas-de-la-vida\/"},"author":{"name":"Yoelvzla","@id":"https:\/\/noti-america.com\/site\/venezuela\/#\/schema\/person\/376ccc7b3cc7a8d5a43c3ece07a43857"},"headline":"Nestor Parfum se une a la exitosa serie \u00abCaracas, las dos caracas de la vida","datePublished":"2023-05-18T12:02:54+00:00","dateModified":"2023-05-18T12:04:02+00:00","mainEntityOfPage":{"@id":"https:\/\/noti-america.com\/site\/venezuela\/2023\/05\/18\/nestor-parfum-se-une-a-la-exitosa-serie-caracas-las-dos-caracas-de-la-vida\/"},"wordCount":250,"commentCount":0,"publisher":{"@id":"https:\/\/noti-america.com\/site\/venezuela\/#organization"},"image":{"@id":"https:\/\/noti-america.com\/site\/venezuela\/2023\/05\/18\/nestor-parfum-se-une-a-la-exitosa-serie-caracas-las-dos-caracas-de-la-vida\/#primaryimage"},"thumbnailUrl":"https:\/\/noti-america.com\/site\/venezuela\/wp-content\/uploads\/sites\/2\/2023\/05\/whatsapp-image-2022-11-02-at-7.40.24-pm-c23ecf.jpeg","articleSection":["Arte y Espect\u00e1culos"],"inLanguage":"es","potentialAction":[{"@type":"CommentAction","name":"Comment","target":["https:\/\/noti-america.com\/site\/venezuela\/2023\/05\/18\/nestor-parfum-se-une-a-la-exitosa-serie-caracas-las-dos-caracas-de-la-vida\/#respond"]}]},{"@type":"WebPage","@id":"https:\/\/noti-america.com\/site\/venezuela\/2023\/05\/18\/nestor-parfum-se-une-a-la-exitosa-serie-caracas-las-dos-caracas-de-la-vida\/","url":"https:\/\/noti-america.com\/site\/venezuela\/2023\/05\/18\/nestor-parfum-se-une-a-la-exitosa-serie-caracas-las-dos-caracas-de-la-vida\/","name":"Nestor Parfum se une a la exitosa serie \"Caracas, las dos caracas de la vida - Venezuela | Noti-America.com","isPartOf":{"@id":"https:\/\/noti-america.com\/site\/venezuela\/#website"},"primaryImageOfPage":{"@id":"https:\/\/noti-america.com\/site\/venezuela\/2023\/05\/18\/nestor-parfum-se-une-a-la-exitosa-serie-caracas-las-dos-caracas-de-la-vida\/#primaryimage"},"image":{"@id":"https:\/\/noti-america.com\/site\/venezuela\/2023\/05\/18\/nestor-parfum-se-une-a-la-exitosa-serie-caracas-las-dos-caracas-de-la-vida\/#primaryimage"},"thumbnailUrl":"https:\/\/noti-america.com\/site\/venezuela\/wp-content\/uploads\/sites\/2\/2023\/05\/whatsapp-image-2022-11-02-at-7.40.24-pm-c23ecf.jpeg","datePublished":"2023-05-18T12:02:54+00:00","dateModified":"2023-05-18T12:04:02+00:00","breadcrumb":{"@id":"https:\/\/noti-america.com\/site\/venezuela\/2023\/05\/18\/nestor-parfum-se-une-a-la-exitosa-serie-caracas-las-dos-caracas-de-la-vida\/#breadcrumb"},"inLanguage":"es","potentialAction":[{"@type":"ReadAction","target":["https:\/\/noti-america.com\/site\/venezuela\/2023\/05\/18\/nestor-parfum-se-une-a-la-exitosa-serie-caracas-las-dos-caracas-de-la-vida\/"]}]},{"@type":"ImageObject","inLanguage":"es","@id":"https:\/\/noti-america.com\/site\/venezuela\/2023\/05\/18\/nestor-parfum-se-une-a-la-exitosa-serie-caracas-las-dos-caracas-de-la-vida\/#primaryimage","url":"https:\/\/noti-america.com\/site\/venezuela\/wp-content\/uploads\/sites\/2\/2023\/05\/whatsapp-image-2022-11-02-at-7.40.24-pm-c23ecf.jpeg","contentUrl":"https:\/\/noti-america.com\/site\/venezuela\/wp-content\/uploads\/sites\/2\/2023\/05\/whatsapp-image-2022-11-02-at-7.40.24-pm-c23ecf.jpeg","width":800,"height":500},{"@type":"BreadcrumbList","@id":"https:\/\/noti-america.com\/site\/venezuela\/2023\/05\/18\/nestor-parfum-se-une-a-la-exitosa-serie-caracas-las-dos-caracas-de-la-vida\/#breadcrumb","itemListElement":[{"@type":"ListItem","position":1,"name":"Portada","item":"https:\/\/noti-america.com\/site\/venezuela\/"},{"@type":"ListItem","position":2,"name":"Nestor Parfum se une a la exitosa serie &#8220;Caracas, las dos caracas de la vida"}]},{"@type":"WebSite","@id":"https:\/\/noti-america.com\/site\/venezuela\/#website","url":"https:\/\/noti-america.com\/site\/venezuela\/","name":"Venezuela | Noti-America.com","description":"","publisher":{"@id":"https:\/\/noti-america.com\/site\/venezuela\/#organization"},"potentialAction":[{"@type":"SearchAction","target":{"@type":"EntryPoint","urlTemplate":"https:\/\/noti-america.com\/site\/venezuela\/?s={search_term_string}"},"query-input":{"@type":"PropertyValueSpecification","valueRequired":true,"valueName":"search_term_string"}}],"inLanguage":"es"},{"@type":"Organization","@id":"https:\/\/noti-america.com\/site\/venezuela\/#organization","name":"Noti-America LLC | Venezuela","url":"https:\/\/noti-america.com\/site\/venezuela\/","logo":{"@type":"ImageObject","inLanguage":"es","@id":"https:\/\/noti-america.com\/site\/venezuela\/#\/schema\/logo\/image\/","url":"https:\/\/noti-america.com\/site\/venezuela\/wp-content\/uploads\/sites\/2\/2020\/07\/LogoNA-4x3-1.jpg","contentUrl":"https:\/\/noti-america.com\/site\/venezuela\/wp-content\/uploads\/sites\/2\/2020\/07\/LogoNA-4x3-1.jpg","width":1236,"height":1080,"caption":"Noti-America LLC | Venezuela"},"image":{"@id":"https:\/\/noti-america.com\/site\/venezuela\/#\/schema\/logo\/image\/"}},{"@type":"Person","@id":"https:\/\/noti-america.com\/site\/venezuela\/#\/schema\/person\/376ccc7b3cc7a8d5a43c3ece07a43857","name":"Yoelvzla","image":{"@type":"ImageObject","inLanguage":"es","@id":"https:\/\/secure.gravatar.com\/avatar\/13a96a72123e0e9aa76fe82e8847f726c63a1c5ef6a8d0fadd844c1a5a83b212?s=96&d=mm&r=g","url":"https:\/\/secure.gravatar.com\/avatar\/13a96a72123e0e9aa76fe82e8847f726c63a1c5ef6a8d0fadd844c1a5a83b212?s=96&d=mm&r=g","contentUrl":"https:\/\/secure.gravatar.com\/avatar\/13a96a72123e0e9aa76fe82e8847f726c63a1c5ef6a8d0fadd844c1a5a83b212?s=96&d=mm&r=g","caption":"Yoelvzla"},"url":"https:\/\/noti-america.com\/site\/venezuela\/author\/ydiaz\/"}]}},"_links":{"self":[{"href":"https:\/\/noti-america.com\/site\/venezuela\/wp-json\/wp\/v2\/posts\/27768","targetHints":{"allow":["GET"]}}],"collection":[{"href":"https:\/\/noti-america.com\/site\/venezuela\/wp-json\/wp\/v2\/posts"}],"about":[{"href":"https:\/\/noti-america.com\/site\/venezuela\/wp-json\/wp\/v2\/types\/post"}],"author":[{"embeddable":true,"href":"https:\/\/noti-america.com\/site\/venezuela\/wp-json\/wp\/v2\/users\/127"}],"replies":[{"embeddable":true,"href":"https:\/\/noti-america.com\/site\/venezuela\/wp-json\/wp\/v2\/comments?post=27768"}],"version-history":[{"count":1,"href":"https:\/\/noti-america.com\/site\/venezuela\/wp-json\/wp\/v2\/posts\/27768\/revisions"}],"predecessor-version":[{"id":27770,"href":"https:\/\/noti-america.com\/site\/venezuela\/wp-json\/wp\/v2\/posts\/27768\/revisions\/27770"}],"wp:featuredmedia":[{"embeddable":true,"href":"https:\/\/noti-america.com\/site\/venezuela\/wp-json\/wp\/v2\/media\/27769"}],"wp:attachment":[{"href":"https:\/\/noti-america.com\/site\/venezuela\/wp-json\/wp\/v2\/media?parent=27768"}],"wp:term":[{"taxonomy":"category","embeddable":true,"href":"https:\/\/noti-america.com\/site\/venezuela\/wp-json\/wp\/v2\/categories?post=27768"},{"taxonomy":"post_tag","embeddable":true,"href":"https:\/\/noti-america.com\/site\/venezuela\/wp-json\/wp\/v2\/tags?post=27768"}],"curies":[{"name":"wp","href":"https:\/\/api.w.org\/{rel}","templated":true}]}}