{"id":27652,"date":"2023-05-14T22:37:25","date_gmt":"2023-05-14T22:37:25","guid":{"rendered":"https:\/\/noti-america.com\/site\/venezuela\/?p=27652"},"modified":"2023-05-14T22:53:52","modified_gmt":"2023-05-14T22:53:52","slug":"alcalde-jose-mosquera-participo-en-misa-del-dia-de-las-madres-en-el-cementerio-municipal","status":"publish","type":"post","link":"https:\/\/noti-america.com\/site\/venezuela\/2023\/05\/14\/alcalde-jose-mosquera-participo-en-misa-del-dia-de-las-madres-en-el-cementerio-municipal\/","title":{"rendered":"Alcalde Jos\u00e9 Mosquera particip\u00f3 en misa del D\u00eda de las Madres en el cementerio municipal"},"content":{"rendered":"<p><img loading=\"lazy\" decoding=\"async\" class=\"size-medium wp-image-27653 aligncenter\" src=\"https:\/\/noti-america.com\/site\/venezuela\/wp-content\/uploads\/sites\/2\/2023\/05\/IMG-20230514-WA0091-300x201.jpg\" alt=\"\" width=\"300\" height=\"201\" srcset=\"https:\/\/noti-america.com\/site\/venezuela\/wp-content\/uploads\/sites\/2\/2023\/05\/IMG-20230514-WA0091-300x201.jpg 300w, https:\/\/noti-america.com\/site\/venezuela\/wp-content\/uploads\/sites\/2\/2023\/05\/IMG-20230514-WA0091-768x514.jpg 768w, https:\/\/noti-america.com\/site\/venezuela\/wp-content\/uploads\/sites\/2\/2023\/05\/IMG-20230514-WA0091-600x402.jpg 600w, https:\/\/noti-america.com\/site\/venezuela\/wp-content\/uploads\/sites\/2\/2023\/05\/IMG-20230514-WA0091-272x182.jpg 272w, https:\/\/noti-america.com\/site\/venezuela\/wp-content\/uploads\/sites\/2\/2023\/05\/IMG-20230514-WA0091.jpg 968w\" sizes=\"auto, (max-width: 300px) 100vw, 300px\" \/><\/p>\n<p style=\"text-align: justify\"><strong>El alcalde Jos\u00e9 Mosquera particip\u00f3 en la eucarist\u00eda celebrada este domingo, 14 de mayo, en el marco del D\u00eda de las Madres, realizada en las instalaciones del Cementerio Municipal Jard\u00edn Santa Luc\u00eda<\/strong>.<\/p>\n<p style=\"text-align: justify\">Con una emotiva misa, el di\u00e1cono Luis Enriquez Gomez dio un mensaje de fe y mucho amor para las personas que han perdido a ese ser tan especial como es la madre.<\/p>\n<p><img loading=\"lazy\" decoding=\"async\" class=\"size-medium wp-image-27654 aligncenter\" src=\"https:\/\/noti-america.com\/site\/venezuela\/wp-content\/uploads\/sites\/2\/2023\/05\/IMG-20230514-WA0138-300x225.jpg\" alt=\"\" width=\"300\" height=\"225\" srcset=\"https:\/\/noti-america.com\/site\/venezuela\/wp-content\/uploads\/sites\/2\/2023\/05\/IMG-20230514-WA0138-300x225.jpg 300w, https:\/\/noti-america.com\/site\/venezuela\/wp-content\/uploads\/sites\/2\/2023\/05\/IMG-20230514-WA0138-1024x768.jpg 1024w, https:\/\/noti-america.com\/site\/venezuela\/wp-content\/uploads\/sites\/2\/2023\/05\/IMG-20230514-WA0138-768x576.jpg 768w, https:\/\/noti-america.com\/site\/venezuela\/wp-content\/uploads\/sites\/2\/2023\/05\/IMG-20230514-WA0138-600x450.jpg 600w, https:\/\/noti-america.com\/site\/venezuela\/wp-content\/uploads\/sites\/2\/2023\/05\/IMG-20230514-WA0138.jpg 1080w\" sizes=\"auto, (max-width: 300px) 100vw, 300px\" \/><\/p>\n<p style=\"text-align: justify\">Adem\u00e1s or\u00f3 por las madres de la di\u00e1spora para que pronto puedan reencontrarse con sus hijos.<\/p>\n<p style=\"text-align: justify\"><em>Por su parte, el mandatario municipal, Jos\u00e9 Mosquera, agradeci\u00f3 por el mensaje cargado de mucha esperanza y manifest\u00f3 \u201cquiero felicitar a todas las madres en su d\u00eda, vaya todo nuestro amor para ustedes. El d\u00eda de las madres son los 365 d\u00edas del a\u00f1o y por ello debemos honrarlas y amarlas siempre\u201d.<\/em><\/p>\n<p><img loading=\"lazy\" decoding=\"async\" class=\"size-medium wp-image-27655 aligncenter\" src=\"https:\/\/noti-america.com\/site\/venezuela\/wp-content\/uploads\/sites\/2\/2023\/05\/IMG-20230514-WA0090-300x201.jpg\" alt=\"\" width=\"300\" height=\"201\" srcset=\"https:\/\/noti-america.com\/site\/venezuela\/wp-content\/uploads\/sites\/2\/2023\/05\/IMG-20230514-WA0090-300x201.jpg 300w, https:\/\/noti-america.com\/site\/venezuela\/wp-content\/uploads\/sites\/2\/2023\/05\/IMG-20230514-WA0090-768x514.jpg 768w, https:\/\/noti-america.com\/site\/venezuela\/wp-content\/uploads\/sites\/2\/2023\/05\/IMG-20230514-WA0090-600x402.jpg 600w, https:\/\/noti-america.com\/site\/venezuela\/wp-content\/uploads\/sites\/2\/2023\/05\/IMG-20230514-WA0090-272x182.jpg 272w, https:\/\/noti-america.com\/site\/venezuela\/wp-content\/uploads\/sites\/2\/2023\/05\/IMG-20230514-WA0090.jpg 968w\" sizes=\"auto, (max-width: 300px) 100vw, 300px\" \/><\/p>\n<p style=\"text-align: justify\">De igual forma el burgomaestre destac\u00f3 el gran trabajo que se viene haciendo con el rescate de este camposanto, que hoy se muestra limpio, alumbrado, con presencia policial y con los cuidados que requieren estas instalaciones.<\/p>\n<p><img loading=\"lazy\" decoding=\"async\" class=\"size-medium wp-image-27656 aligncenter\" src=\"https:\/\/noti-america.com\/site\/venezuela\/wp-content\/uploads\/sites\/2\/2023\/05\/IMG-20230514-WA0089-300x201.jpg\" alt=\"\" width=\"300\" height=\"201\" srcset=\"https:\/\/noti-america.com\/site\/venezuela\/wp-content\/uploads\/sites\/2\/2023\/05\/IMG-20230514-WA0089-300x201.jpg 300w, https:\/\/noti-america.com\/site\/venezuela\/wp-content\/uploads\/sites\/2\/2023\/05\/IMG-20230514-WA0089-768x514.jpg 768w, https:\/\/noti-america.com\/site\/venezuela\/wp-content\/uploads\/sites\/2\/2023\/05\/IMG-20230514-WA0089-600x402.jpg 600w, https:\/\/noti-america.com\/site\/venezuela\/wp-content\/uploads\/sites\/2\/2023\/05\/IMG-20230514-WA0089-272x182.jpg 272w, https:\/\/noti-america.com\/site\/venezuela\/wp-content\/uploads\/sites\/2\/2023\/05\/IMG-20230514-WA0089.jpg 968w\" sizes=\"auto, (max-width: 300px) 100vw, 300px\" \/><\/p>\n<p style=\"text-align: justify\">Adem\u00e1s Eleazar Marin, director del cementerio municipal, agradeci\u00f3 la presencia de los efectivos de seguridad, como Polilagunilas, Defensa Civil y Cuerpo de Bomberos por su presencia y apoyo.<br \/>\nCabe destacar la visita de un elevado n\u00famero de personas que acudieron al camposanto, quienes con flores y oraciones recordaron a sus seres queridos.<\/p>\n<p style=\"text-align: justify\">\n<strong>Fuente: Nota de Prensa\u00a0<\/strong><\/p>\n","protected":false},"excerpt":{"rendered":"<p>El alcalde Jos\u00e9 Mosquera particip\u00f3 en la eucarist\u00eda celebrada este domingo, 14 de mayo, en el marco del D\u00eda de las Madres, realizada en las instalaciones del Cementerio Municipal Jard\u00edn Santa Luc\u00eda. Con una&#46;&#46;&#46;<\/p>\n","protected":false},"author":40,"featured_media":27653,"comment_status":"open","ping_status":"open","sticky":false,"template":"","format":"standard","meta":{"_acf_changed":false,"om_disable_all_campaigns":false,"rop_custom_images_group":[],"rop_custom_messages_group":[],"rop_publish_now":"initial","rop_publish_now_accounts":{"twitter_242054905_242054905":""},"rop_publish_now_history":[],"rop_publish_now_status":"pending","_uf_show_specific_survey":0,"_uf_disable_surveys":false,"footnotes":""},"categories":[164,201,156],"tags":[221,917],"class_list":["post-27652","post","type-post","status-publish","format-standard","has-post-thumbnail","hentry","category-comunidades","category-religiosa","category-venezuela","tag-ciudad-ojeda","tag-universidad-del-zulia"],"acf":[],"aioseo_notices":[],"yoast_head":"<!-- This site is optimized with the Yoast SEO Premium plugin v24.9 (Yoast SEO v27.2) - https:\/\/yoast.com\/product\/yoast-seo-premium-wordpress\/ -->\n<title>Alcalde Jos\u00e9 Mosquera particip\u00f3 en misa del D\u00eda de las Madres en el cementerio municipal - Venezuela | Noti-America.com<\/title>\n<meta name=\"robots\" content=\"index, follow, max-snippet:-1, max-image-preview:large, max-video-preview:-1\" \/>\n<link rel=\"canonical\" href=\"https:\/\/noti-america.com\/site\/venezuela\/2023\/05\/14\/alcalde-jose-mosquera-participo-en-misa-del-dia-de-las-madres-en-el-cementerio-municipal\/\" \/>\n<meta property=\"og:locale\" content=\"es_ES\" \/>\n<meta property=\"og:type\" content=\"article\" \/>\n<meta property=\"og:title\" content=\"Alcalde Jos\u00e9 Mosquera particip\u00f3 en misa del D\u00eda de las Madres en el cementerio municipal\" \/>\n<meta property=\"og:description\" content=\"El alcalde Jos\u00e9 Mosquera particip\u00f3 en la eucarist\u00eda celebrada este domingo, 14 de mayo, en el marco del D\u00eda de las Madres, realizada en las instalaciones del Cementerio Municipal Jard\u00edn Santa Luc\u00eda. Con una&#046;&#046;&#046;\" \/>\n<meta property=\"og:url\" content=\"https:\/\/noti-america.com\/site\/venezuela\/2023\/05\/14\/alcalde-jose-mosquera-participo-en-misa-del-dia-de-las-madres-en-el-cementerio-municipal\/\" \/>\n<meta property=\"og:site_name\" content=\"Venezuela | Noti-America.com\" \/>\n<meta property=\"article:published_time\" content=\"2023-05-14T22:37:25+00:00\" \/>\n<meta property=\"article:modified_time\" content=\"2023-05-14T22:53:52+00:00\" \/>\n<meta property=\"og:image\" content=\"https:\/\/noti-america.com\/site\/venezuela\/wp-content\/uploads\/sites\/2\/2023\/05\/IMG-20230514-WA0091.jpg\" \/>\n\t<meta property=\"og:image:width\" content=\"968\" \/>\n\t<meta property=\"og:image:height\" content=\"648\" \/>\n\t<meta property=\"og:image:type\" content=\"image\/jpeg\" \/>\n<meta name=\"author\" content=\"Hendrick Garcia\" \/>\n<meta name=\"twitter:card\" content=\"summary_large_image\" \/>\n<meta name=\"twitter:label1\" content=\"Escrito por\" \/>\n\t<meta name=\"twitter:data1\" content=\"Hendrick Garcia\" \/>\n\t<meta name=\"twitter:label2\" content=\"Tiempo estimado de lectura\" \/>\n\t<meta name=\"twitter:data2\" content=\"2 minutos\" \/>\n<script type=\"application\/ld+json\" class=\"yoast-schema-graph\">{\"@context\":\"https:\/\/schema.org\",\"@graph\":[{\"@type\":\"Article\",\"@id\":\"https:\/\/noti-america.com\/site\/venezuela\/2023\/05\/14\/alcalde-jose-mosquera-participo-en-misa-del-dia-de-las-madres-en-el-cementerio-municipal\/#article\",\"isPartOf\":{\"@id\":\"https:\/\/noti-america.com\/site\/venezuela\/2023\/05\/14\/alcalde-jose-mosquera-participo-en-misa-del-dia-de-las-madres-en-el-cementerio-municipal\/\"},\"author\":{\"name\":\"Hendrick Garcia\",\"@id\":\"https:\/\/noti-america.com\/site\/venezuela\/#\/schema\/person\/2f37ed06a1cd058e8d611b3d42cce678\"},\"headline\":\"Alcalde Jos\u00e9 Mosquera particip\u00f3 en misa del D\u00eda de las Madres en el cementerio municipal\",\"datePublished\":\"2023-05-14T22:37:25+00:00\",\"dateModified\":\"2023-05-14T22:53:52+00:00\",\"mainEntityOfPage\":{\"@id\":\"https:\/\/noti-america.com\/site\/venezuela\/2023\/05\/14\/alcalde-jose-mosquera-participo-en-misa-del-dia-de-las-madres-en-el-cementerio-municipal\/\"},\"wordCount\":251,\"commentCount\":0,\"publisher\":{\"@id\":\"https:\/\/noti-america.com\/site\/venezuela\/#organization\"},\"image\":{\"@id\":\"https:\/\/noti-america.com\/site\/venezuela\/2023\/05\/14\/alcalde-jose-mosquera-participo-en-misa-del-dia-de-las-madres-en-el-cementerio-municipal\/#primaryimage\"},\"thumbnailUrl\":\"https:\/\/noti-america.com\/site\/venezuela\/wp-content\/uploads\/sites\/2\/2023\/05\/IMG-20230514-WA0091.jpg\",\"keywords\":[\"ciudad ojeda\",\"Universidad del Zulia\"],\"articleSection\":[\"Comunidades\",\"Religiosa\",\"Venezuela\"],\"inLanguage\":\"es\",\"potentialAction\":[{\"@type\":\"CommentAction\",\"name\":\"Comment\",\"target\":[\"https:\/\/noti-america.com\/site\/venezuela\/2023\/05\/14\/alcalde-jose-mosquera-participo-en-misa-del-dia-de-las-madres-en-el-cementerio-municipal\/#respond\"]}]},{\"@type\":\"WebPage\",\"@id\":\"https:\/\/noti-america.com\/site\/venezuela\/2023\/05\/14\/alcalde-jose-mosquera-participo-en-misa-del-dia-de-las-madres-en-el-cementerio-municipal\/\",\"url\":\"https:\/\/noti-america.com\/site\/venezuela\/2023\/05\/14\/alcalde-jose-mosquera-participo-en-misa-del-dia-de-las-madres-en-el-cementerio-municipal\/\",\"name\":\"Alcalde Jos\u00e9 Mosquera particip\u00f3 en misa del D\u00eda de las Madres en el cementerio municipal - Venezuela | Noti-America.com\",\"isPartOf\":{\"@id\":\"https:\/\/noti-america.com\/site\/venezuela\/#website\"},\"primaryImageOfPage\":{\"@id\":\"https:\/\/noti-america.com\/site\/venezuela\/2023\/05\/14\/alcalde-jose-mosquera-participo-en-misa-del-dia-de-las-madres-en-el-cementerio-municipal\/#primaryimage\"},\"image\":{\"@id\":\"https:\/\/noti-america.com\/site\/venezuela\/2023\/05\/14\/alcalde-jose-mosquera-participo-en-misa-del-dia-de-las-madres-en-el-cementerio-municipal\/#primaryimage\"},\"thumbnailUrl\":\"https:\/\/noti-america.com\/site\/venezuela\/wp-content\/uploads\/sites\/2\/2023\/05\/IMG-20230514-WA0091.jpg\",\"datePublished\":\"2023-05-14T22:37:25+00:00\",\"dateModified\":\"2023-05-14T22:53:52+00:00\",\"breadcrumb\":{\"@id\":\"https:\/\/noti-america.com\/site\/venezuela\/2023\/05\/14\/alcalde-jose-mosquera-participo-en-misa-del-dia-de-las-madres-en-el-cementerio-municipal\/#breadcrumb\"},\"inLanguage\":\"es\",\"potentialAction\":[{\"@type\":\"ReadAction\",\"target\":[\"https:\/\/noti-america.com\/site\/venezuela\/2023\/05\/14\/alcalde-jose-mosquera-participo-en-misa-del-dia-de-las-madres-en-el-cementerio-municipal\/\"]}]},{\"@type\":\"ImageObject\",\"inLanguage\":\"es\",\"@id\":\"https:\/\/noti-america.com\/site\/venezuela\/2023\/05\/14\/alcalde-jose-mosquera-participo-en-misa-del-dia-de-las-madres-en-el-cementerio-municipal\/#primaryimage\",\"url\":\"https:\/\/noti-america.com\/site\/venezuela\/wp-content\/uploads\/sites\/2\/2023\/05\/IMG-20230514-WA0091.jpg\",\"contentUrl\":\"https:\/\/noti-america.com\/site\/venezuela\/wp-content\/uploads\/sites\/2\/2023\/05\/IMG-20230514-WA0091.jpg\",\"width\":968,\"height\":648},{\"@type\":\"BreadcrumbList\",\"@id\":\"https:\/\/noti-america.com\/site\/venezuela\/2023\/05\/14\/alcalde-jose-mosquera-participo-en-misa-del-dia-de-las-madres-en-el-cementerio-municipal\/#breadcrumb\",\"itemListElement\":[{\"@type\":\"ListItem\",\"position\":1,\"name\":\"Portada\",\"item\":\"https:\/\/noti-america.com\/site\/venezuela\/\"},{\"@type\":\"ListItem\",\"position\":2,\"name\":\"Alcalde Jos\u00e9 Mosquera particip\u00f3 en misa del D\u00eda de las Madres en el cementerio municipal\"}]},{\"@type\":\"WebSite\",\"@id\":\"https:\/\/noti-america.com\/site\/venezuela\/#website\",\"url\":\"https:\/\/noti-america.com\/site\/venezuela\/\",\"name\":\"Venezuela | Noti-America.com\",\"description\":\"\",\"publisher\":{\"@id\":\"https:\/\/noti-america.com\/site\/venezuela\/#organization\"},\"potentialAction\":[{\"@type\":\"SearchAction\",\"target\":{\"@type\":\"EntryPoint\",\"urlTemplate\":\"https:\/\/noti-america.com\/site\/venezuela\/?s={search_term_string}\"},\"query-input\":{\"@type\":\"PropertyValueSpecification\",\"valueRequired\":true,\"valueName\":\"search_term_string\"}}],\"inLanguage\":\"es\"},{\"@type\":\"Organization\",\"@id\":\"https:\/\/noti-america.com\/site\/venezuela\/#organization\",\"name\":\"Noti-America LLC | Venezuela\",\"url\":\"https:\/\/noti-america.com\/site\/venezuela\/\",\"logo\":{\"@type\":\"ImageObject\",\"inLanguage\":\"es\",\"@id\":\"https:\/\/noti-america.com\/site\/venezuela\/#\/schema\/logo\/image\/\",\"url\":\"https:\/\/noti-america.com\/site\/venezuela\/wp-content\/uploads\/sites\/2\/2020\/07\/LogoNA-4x3-1.jpg\",\"contentUrl\":\"https:\/\/noti-america.com\/site\/venezuela\/wp-content\/uploads\/sites\/2\/2020\/07\/LogoNA-4x3-1.jpg\",\"width\":1236,\"height\":1080,\"caption\":\"Noti-America LLC | Venezuela\"},\"image\":{\"@id\":\"https:\/\/noti-america.com\/site\/venezuela\/#\/schema\/logo\/image\/\"}},{\"@type\":\"Person\",\"@id\":\"https:\/\/noti-america.com\/site\/venezuela\/#\/schema\/person\/2f37ed06a1cd058e8d611b3d42cce678\",\"name\":\"Hendrick Garcia\",\"image\":{\"@type\":\"ImageObject\",\"inLanguage\":\"es\",\"@id\":\"https:\/\/secure.gravatar.com\/avatar\/07f13ce868ede7f0937b7abbada276f430e4ed25cfff75dbe7f98f95ac02358c?s=96&d=mm&r=g\",\"url\":\"https:\/\/secure.gravatar.com\/avatar\/07f13ce868ede7f0937b7abbada276f430e4ed25cfff75dbe7f98f95ac02358c?s=96&d=mm&r=g\",\"contentUrl\":\"https:\/\/secure.gravatar.com\/avatar\/07f13ce868ede7f0937b7abbada276f430e4ed25cfff75dbe7f98f95ac02358c?s=96&d=mm&r=g\",\"caption\":\"Hendrick Garcia\"},\"url\":\"https:\/\/noti-america.com\/site\/venezuela\/author\/hegarcia\/\"}]}<\/script>\n<!-- \/ Yoast SEO Premium plugin. -->","yoast_head_json":{"title":"Alcalde Jos\u00e9 Mosquera particip\u00f3 en misa del D\u00eda de las Madres en el cementerio municipal - Venezuela | Noti-America.com","robots":{"index":"index","follow":"follow","max-snippet":"max-snippet:-1","max-image-preview":"max-image-preview:large","max-video-preview":"max-video-preview:-1"},"canonical":"https:\/\/noti-america.com\/site\/venezuela\/2023\/05\/14\/alcalde-jose-mosquera-participo-en-misa-del-dia-de-las-madres-en-el-cementerio-municipal\/","og_locale":"es_ES","og_type":"article","og_title":"Alcalde Jos\u00e9 Mosquera particip\u00f3 en misa del D\u00eda de las Madres en el cementerio municipal","og_description":"El alcalde Jos\u00e9 Mosquera particip\u00f3 en la eucarist\u00eda celebrada este domingo, 14 de mayo, en el marco del D\u00eda de las Madres, realizada en las instalaciones del Cementerio Municipal Jard\u00edn Santa Luc\u00eda. Con una&#46;&#46;&#46;","og_url":"https:\/\/noti-america.com\/site\/venezuela\/2023\/05\/14\/alcalde-jose-mosquera-participo-en-misa-del-dia-de-las-madres-en-el-cementerio-municipal\/","og_site_name":"Venezuela | Noti-America.com","article_published_time":"2023-05-14T22:37:25+00:00","article_modified_time":"2023-05-14T22:53:52+00:00","og_image":[{"width":968,"height":648,"url":"https:\/\/noti-america.com\/site\/venezuela\/wp-content\/uploads\/sites\/2\/2023\/05\/IMG-20230514-WA0091.jpg","type":"image\/jpeg"}],"author":"Hendrick Garcia","twitter_card":"summary_large_image","twitter_misc":{"Escrito por":"Hendrick Garcia","Tiempo estimado de lectura":"2 minutos"},"schema":{"@context":"https:\/\/schema.org","@graph":[{"@type":"Article","@id":"https:\/\/noti-america.com\/site\/venezuela\/2023\/05\/14\/alcalde-jose-mosquera-participo-en-misa-del-dia-de-las-madres-en-el-cementerio-municipal\/#article","isPartOf":{"@id":"https:\/\/noti-america.com\/site\/venezuela\/2023\/05\/14\/alcalde-jose-mosquera-participo-en-misa-del-dia-de-las-madres-en-el-cementerio-municipal\/"},"author":{"name":"Hendrick Garcia","@id":"https:\/\/noti-america.com\/site\/venezuela\/#\/schema\/person\/2f37ed06a1cd058e8d611b3d42cce678"},"headline":"Alcalde Jos\u00e9 Mosquera particip\u00f3 en misa del D\u00eda de las Madres en el cementerio municipal","datePublished":"2023-05-14T22:37:25+00:00","dateModified":"2023-05-14T22:53:52+00:00","mainEntityOfPage":{"@id":"https:\/\/noti-america.com\/site\/venezuela\/2023\/05\/14\/alcalde-jose-mosquera-participo-en-misa-del-dia-de-las-madres-en-el-cementerio-municipal\/"},"wordCount":251,"commentCount":0,"publisher":{"@id":"https:\/\/noti-america.com\/site\/venezuela\/#organization"},"image":{"@id":"https:\/\/noti-america.com\/site\/venezuela\/2023\/05\/14\/alcalde-jose-mosquera-participo-en-misa-del-dia-de-las-madres-en-el-cementerio-municipal\/#primaryimage"},"thumbnailUrl":"https:\/\/noti-america.com\/site\/venezuela\/wp-content\/uploads\/sites\/2\/2023\/05\/IMG-20230514-WA0091.jpg","keywords":["ciudad ojeda","Universidad del Zulia"],"articleSection":["Comunidades","Religiosa","Venezuela"],"inLanguage":"es","potentialAction":[{"@type":"CommentAction","name":"Comment","target":["https:\/\/noti-america.com\/site\/venezuela\/2023\/05\/14\/alcalde-jose-mosquera-participo-en-misa-del-dia-de-las-madres-en-el-cementerio-municipal\/#respond"]}]},{"@type":"WebPage","@id":"https:\/\/noti-america.com\/site\/venezuela\/2023\/05\/14\/alcalde-jose-mosquera-participo-en-misa-del-dia-de-las-madres-en-el-cementerio-municipal\/","url":"https:\/\/noti-america.com\/site\/venezuela\/2023\/05\/14\/alcalde-jose-mosquera-participo-en-misa-del-dia-de-las-madres-en-el-cementerio-municipal\/","name":"Alcalde Jos\u00e9 Mosquera particip\u00f3 en misa del D\u00eda de las Madres en el cementerio municipal - Venezuela | Noti-America.com","isPartOf":{"@id":"https:\/\/noti-america.com\/site\/venezuela\/#website"},"primaryImageOfPage":{"@id":"https:\/\/noti-america.com\/site\/venezuela\/2023\/05\/14\/alcalde-jose-mosquera-participo-en-misa-del-dia-de-las-madres-en-el-cementerio-municipal\/#primaryimage"},"image":{"@id":"https:\/\/noti-america.com\/site\/venezuela\/2023\/05\/14\/alcalde-jose-mosquera-participo-en-misa-del-dia-de-las-madres-en-el-cementerio-municipal\/#primaryimage"},"thumbnailUrl":"https:\/\/noti-america.com\/site\/venezuela\/wp-content\/uploads\/sites\/2\/2023\/05\/IMG-20230514-WA0091.jpg","datePublished":"2023-05-14T22:37:25+00:00","dateModified":"2023-05-14T22:53:52+00:00","breadcrumb":{"@id":"https:\/\/noti-america.com\/site\/venezuela\/2023\/05\/14\/alcalde-jose-mosquera-participo-en-misa-del-dia-de-las-madres-en-el-cementerio-municipal\/#breadcrumb"},"inLanguage":"es","potentialAction":[{"@type":"ReadAction","target":["https:\/\/noti-america.com\/site\/venezuela\/2023\/05\/14\/alcalde-jose-mosquera-participo-en-misa-del-dia-de-las-madres-en-el-cementerio-municipal\/"]}]},{"@type":"ImageObject","inLanguage":"es","@id":"https:\/\/noti-america.com\/site\/venezuela\/2023\/05\/14\/alcalde-jose-mosquera-participo-en-misa-del-dia-de-las-madres-en-el-cementerio-municipal\/#primaryimage","url":"https:\/\/noti-america.com\/site\/venezuela\/wp-content\/uploads\/sites\/2\/2023\/05\/IMG-20230514-WA0091.jpg","contentUrl":"https:\/\/noti-america.com\/site\/venezuela\/wp-content\/uploads\/sites\/2\/2023\/05\/IMG-20230514-WA0091.jpg","width":968,"height":648},{"@type":"BreadcrumbList","@id":"https:\/\/noti-america.com\/site\/venezuela\/2023\/05\/14\/alcalde-jose-mosquera-participo-en-misa-del-dia-de-las-madres-en-el-cementerio-municipal\/#breadcrumb","itemListElement":[{"@type":"ListItem","position":1,"name":"Portada","item":"https:\/\/noti-america.com\/site\/venezuela\/"},{"@type":"ListItem","position":2,"name":"Alcalde Jos\u00e9 Mosquera particip\u00f3 en misa del D\u00eda de las Madres en el cementerio municipal"}]},{"@type":"WebSite","@id":"https:\/\/noti-america.com\/site\/venezuela\/#website","url":"https:\/\/noti-america.com\/site\/venezuela\/","name":"Venezuela | Noti-America.com","description":"","publisher":{"@id":"https:\/\/noti-america.com\/site\/venezuela\/#organization"},"potentialAction":[{"@type":"SearchAction","target":{"@type":"EntryPoint","urlTemplate":"https:\/\/noti-america.com\/site\/venezuela\/?s={search_term_string}"},"query-input":{"@type":"PropertyValueSpecification","valueRequired":true,"valueName":"search_term_string"}}],"inLanguage":"es"},{"@type":"Organization","@id":"https:\/\/noti-america.com\/site\/venezuela\/#organization","name":"Noti-America LLC | Venezuela","url":"https:\/\/noti-america.com\/site\/venezuela\/","logo":{"@type":"ImageObject","inLanguage":"es","@id":"https:\/\/noti-america.com\/site\/venezuela\/#\/schema\/logo\/image\/","url":"https:\/\/noti-america.com\/site\/venezuela\/wp-content\/uploads\/sites\/2\/2020\/07\/LogoNA-4x3-1.jpg","contentUrl":"https:\/\/noti-america.com\/site\/venezuela\/wp-content\/uploads\/sites\/2\/2020\/07\/LogoNA-4x3-1.jpg","width":1236,"height":1080,"caption":"Noti-America LLC | Venezuela"},"image":{"@id":"https:\/\/noti-america.com\/site\/venezuela\/#\/schema\/logo\/image\/"}},{"@type":"Person","@id":"https:\/\/noti-america.com\/site\/venezuela\/#\/schema\/person\/2f37ed06a1cd058e8d611b3d42cce678","name":"Hendrick Garcia","image":{"@type":"ImageObject","inLanguage":"es","@id":"https:\/\/secure.gravatar.com\/avatar\/07f13ce868ede7f0937b7abbada276f430e4ed25cfff75dbe7f98f95ac02358c?s=96&d=mm&r=g","url":"https:\/\/secure.gravatar.com\/avatar\/07f13ce868ede7f0937b7abbada276f430e4ed25cfff75dbe7f98f95ac02358c?s=96&d=mm&r=g","contentUrl":"https:\/\/secure.gravatar.com\/avatar\/07f13ce868ede7f0937b7abbada276f430e4ed25cfff75dbe7f98f95ac02358c?s=96&d=mm&r=g","caption":"Hendrick Garcia"},"url":"https:\/\/noti-america.com\/site\/venezuela\/author\/hegarcia\/"}]}},"_links":{"self":[{"href":"https:\/\/noti-america.com\/site\/venezuela\/wp-json\/wp\/v2\/posts\/27652","targetHints":{"allow":["GET"]}}],"collection":[{"href":"https:\/\/noti-america.com\/site\/venezuela\/wp-json\/wp\/v2\/posts"}],"about":[{"href":"https:\/\/noti-america.com\/site\/venezuela\/wp-json\/wp\/v2\/types\/post"}],"author":[{"embeddable":true,"href":"https:\/\/noti-america.com\/site\/venezuela\/wp-json\/wp\/v2\/users\/40"}],"replies":[{"embeddable":true,"href":"https:\/\/noti-america.com\/site\/venezuela\/wp-json\/wp\/v2\/comments?post=27652"}],"version-history":[{"count":1,"href":"https:\/\/noti-america.com\/site\/venezuela\/wp-json\/wp\/v2\/posts\/27652\/revisions"}],"predecessor-version":[{"id":27657,"href":"https:\/\/noti-america.com\/site\/venezuela\/wp-json\/wp\/v2\/posts\/27652\/revisions\/27657"}],"wp:featuredmedia":[{"embeddable":true,"href":"https:\/\/noti-america.com\/site\/venezuela\/wp-json\/wp\/v2\/media\/27653"}],"wp:attachment":[{"href":"https:\/\/noti-america.com\/site\/venezuela\/wp-json\/wp\/v2\/media?parent=27652"}],"wp:term":[{"taxonomy":"category","embeddable":true,"href":"https:\/\/noti-america.com\/site\/venezuela\/wp-json\/wp\/v2\/categories?post=27652"},{"taxonomy":"post_tag","embeddable":true,"href":"https:\/\/noti-america.com\/site\/venezuela\/wp-json\/wp\/v2\/tags?post=27652"}],"curies":[{"name":"wp","href":"https:\/\/api.w.org\/{rel}","templated":true}]}}