{"id":27111,"date":"2023-04-24T11:52:31","date_gmt":"2023-04-24T11:52:31","guid":{"rendered":"https:\/\/noti-america.com\/site\/venezuela\/?p=27111"},"modified":"2023-04-24T12:05:33","modified_gmt":"2023-04-24T12:05:33","slug":"la-alcaldia-de-simon-bolivar-realiza-jornada-ambientalista-en-el-marco-del-dia-de-la-tierra","status":"publish","type":"post","link":"https:\/\/noti-america.com\/site\/venezuela\/2023\/04\/24\/la-alcaldia-de-simon-bolivar-realiza-jornada-ambientalista-en-el-marco-del-dia-de-la-tierra\/","title":{"rendered":"LA ALCALD\u00cdA DE SIM\u00d3N BOL\u00cdVAR REALIZA JORNADA AMBIENTALISTA EN EL MARCO DEL D\u00cdA DE LA TIERRA"},"content":{"rendered":"<p><img loading=\"lazy\" decoding=\"async\" class=\"size-medium wp-image-27112 aligncenter\" src=\"https:\/\/noti-america.com\/site\/venezuela\/wp-content\/uploads\/sites\/2\/2023\/04\/jornada-sb-2-300x150.jpg\" alt=\"\" width=\"300\" height=\"150\" srcset=\"https:\/\/noti-america.com\/site\/venezuela\/wp-content\/uploads\/sites\/2\/2023\/04\/jornada-sb-2-300x150.jpg 300w, https:\/\/noti-america.com\/site\/venezuela\/wp-content\/uploads\/sites\/2\/2023\/04\/jornada-sb-2.jpg 561w\" sizes=\"auto, (max-width: 300px) 100vw, 300px\" \/><\/p>\n<p style=\"text-align: justify\">Con la\u00a0<strong>recolecci\u00f3n de los desechos biol\u00f3gicos del Ambulatorio Las Palmas\u00a0<\/strong>se dio inicio a la\u00a0<strong>jornada ambientalista<\/strong>\u00a0enmarcada dentro de la programaci\u00f3n con motivo del\u00a0<strong>D\u00eda Mundial de la Tierra<\/strong>\u00a0en el<strong>\u00a0municipio Sim\u00f3n Bol\u00edvar\u00a0<\/strong>.<\/p>\n<p style=\"text-align: justify\">Seg\u00fan la informaci\u00f3n aportada por la Ingeniera\u00a0<strong>Marlene Guti\u00e9rrez, Coordinadora municipal de Ambiente,<\/strong>\u00a0la programaci\u00f3n ecol\u00f3gica esta jornada tiene como fin cuidar y mantener un medio ambiente saludable y promover acciones de cuidado y respeto por nuestro entorno. se extender\u00e1 hasta mediados del mes de mayo con diversas actividades de calle.<\/p>\n<p style=\"text-align: justify\">La actividad se realiza siguiendo las instrucciones del\u00a0<strong>burgomaestre Argelio Riera<\/strong>, y el trabajo en conjunto con la coordinaci\u00f3n de\u00a0<strong>Aseo Urbano<\/strong>, adscritas a la\u00a0<strong>Direcci\u00f3n de Ingenier\u00eda de la Alcald\u00eda Sim\u00f3n Bol\u00edvar.<\/strong><\/p>\n<p><img loading=\"lazy\" decoding=\"async\" class=\"size-medium wp-image-27113 aligncenter\" src=\"https:\/\/noti-america.com\/site\/venezuela\/wp-content\/uploads\/sites\/2\/2023\/04\/jornada-sb-3-300x225.jpg\" alt=\"\" width=\"300\" height=\"225\" srcset=\"https:\/\/noti-america.com\/site\/venezuela\/wp-content\/uploads\/sites\/2\/2023\/04\/jornada-sb-3-300x225.jpg 300w, https:\/\/noti-america.com\/site\/venezuela\/wp-content\/uploads\/sites\/2\/2023\/04\/jornada-sb-3-600x450.jpg 600w, https:\/\/noti-america.com\/site\/venezuela\/wp-content\/uploads\/sites\/2\/2023\/04\/jornada-sb-3.jpg 640w\" sizes=\"auto, (max-width: 300px) 100vw, 300px\" \/><\/p>\n<p style=\"text-align: justify\">La Coordinadora Municipal de Ambiente acot\u00f3 que el centro de salud de Las Palmas, se implement\u00f3 el plan de\u00a0<strong>manejo de desechos peligrosos y biol\u00f3gicos\u00a0<\/strong>con el personal de seguridad y el personal m\u00e9dico<\/p>\n<p style=\"text-align: justify\">\u201cA partir de hoy se implementan esas medidas para que, pr\u00f3ximamente, podamos cuantificar, conjuntamente con el Ministerio del Ambiente y Sanidad, la cantidad de desechos biol\u00f3gicos que tenemos por cada uno de los ambulatorios nuestros y el requerimiento de una caja especial para llevarlos a disposici\u00f3n final\u201d refiri\u00f3 la autoridad municipal de Ambiente.<\/p>\n<p style=\"text-align: justify\">Est\u00e1 previsto que para el\u00a0<strong>28 de mayo<\/strong>, se lleve a cabo el rescate y reforestaci\u00f3n de \u00e1reas verdes en algunos puntos del municipio, as\u00ed como la\u00a0<strong>visita al Parque Las Yaguazas<\/strong>, principal pulm\u00f3n vegetal y reservorio natural de la jurisdicci\u00f3n, a fin de dar inicio al plan de rescate y protecci\u00f3n de sus espacios.<\/p>\n<p style=\"text-align: justify\">Se estima\u00a0<strong>culminar el ciclo de jornadas ambientales, el 5 de Junio,<\/strong>\u00a0cuando se celebra el D\u00eda Mundial del Ambiente. Para esa fecha se dar\u00e1 una mesa de trabajo, en conjunto con autoridades ambientales de la C\u00e1mara Municipal, con una tem\u00e1tica espec\u00edfica, la Ordenanza de Agua Potable y el Plan de Ordenamiento de la zona protectora Las Yaguazas.<\/p>\n<p><strong>Fuente: Nota de Prensa\u00a0<\/strong><\/p>\n","protected":false},"excerpt":{"rendered":"<p>Con la\u00a0recolecci\u00f3n de los desechos biol\u00f3gicos del Ambulatorio Las Palmas\u00a0se dio inicio a la\u00a0jornada ambientalista\u00a0enmarcada dentro de la programaci\u00f3n con motivo del\u00a0D\u00eda Mundial de la Tierra\u00a0en el\u00a0municipio Sim\u00f3n Bol\u00edvar\u00a0. Seg\u00fan la informaci\u00f3n aportada por&#46;&#46;&#46;<\/p>\n","protected":false},"author":40,"featured_media":27114,"comment_status":"open","ping_status":"open","sticky":false,"template":"","format":"standard","meta":{"_acf_changed":false,"om_disable_all_campaigns":false,"rop_custom_images_group":[],"rop_custom_messages_group":[],"rop_publish_now":"initial","rop_publish_now_accounts":{"twitter_242054905_242054905":""},"rop_publish_now_history":[],"rop_publish_now_status":"pending","_uf_show_specific_survey":0,"_uf_disable_surveys":false,"footnotes":""},"categories":[178,156],"tags":[1226,222],"class_list":["post-27111","post","type-post","status-publish","format-standard","has-post-thumbnail","hentry","category-ambiental","category-venezuela","tag-simon-bolivar","tag-zulia"],"acf":[],"aioseo_notices":[],"yoast_head":"<!-- This site is optimized with the Yoast SEO Premium plugin v24.9 (Yoast SEO v27.2) - https:\/\/yoast.com\/product\/yoast-seo-premium-wordpress\/ -->\n<title>LA ALCALD\u00cdA DE SIM\u00d3N BOL\u00cdVAR REALIZA JORNADA AMBIENTALISTA EN EL MARCO DEL D\u00cdA DE LA TIERRA - Venezuela | Noti-America.com<\/title>\n<meta name=\"robots\" content=\"index, follow, max-snippet:-1, max-image-preview:large, max-video-preview:-1\" \/>\n<link rel=\"canonical\" href=\"https:\/\/noti-america.com\/site\/venezuela\/2023\/04\/24\/la-alcaldia-de-simon-bolivar-realiza-jornada-ambientalista-en-el-marco-del-dia-de-la-tierra\/\" \/>\n<meta property=\"og:locale\" content=\"es_ES\" \/>\n<meta property=\"og:type\" content=\"article\" \/>\n<meta property=\"og:title\" content=\"LA ALCALD\u00cdA DE SIM\u00d3N BOL\u00cdVAR REALIZA JORNADA AMBIENTALISTA EN EL MARCO DEL D\u00cdA DE LA TIERRA\" \/>\n<meta property=\"og:description\" content=\"Con la\u00a0recolecci\u00f3n de los desechos biol\u00f3gicos del Ambulatorio Las Palmas\u00a0se dio inicio a la\u00a0jornada ambientalista\u00a0enmarcada dentro de la programaci\u00f3n con motivo del\u00a0D\u00eda Mundial de la Tierra\u00a0en el\u00a0municipio Sim\u00f3n Bol\u00edvar\u00a0. Seg\u00fan la informaci\u00f3n aportada por&#046;&#046;&#046;\" \/>\n<meta property=\"og:url\" content=\"https:\/\/noti-america.com\/site\/venezuela\/2023\/04\/24\/la-alcaldia-de-simon-bolivar-realiza-jornada-ambientalista-en-el-marco-del-dia-de-la-tierra\/\" \/>\n<meta property=\"og:site_name\" content=\"Venezuela | Noti-America.com\" \/>\n<meta property=\"article:published_time\" content=\"2023-04-24T11:52:31+00:00\" \/>\n<meta property=\"article:modified_time\" content=\"2023-04-24T12:05:33+00:00\" \/>\n<meta property=\"og:image\" content=\"https:\/\/noti-america.com\/site\/venezuela\/wp-content\/uploads\/sites\/2\/2023\/04\/jornada-sb-1.jpg\" \/>\n\t<meta property=\"og:image:width\" content=\"480\" \/>\n\t<meta property=\"og:image:height\" content=\"507\" \/>\n\t<meta property=\"og:image:type\" content=\"image\/jpeg\" \/>\n<meta name=\"author\" content=\"Hendrick Garcia\" \/>\n<meta name=\"twitter:card\" content=\"summary_large_image\" \/>\n<meta name=\"twitter:label1\" content=\"Escrito por\" \/>\n\t<meta name=\"twitter:data1\" content=\"Hendrick Garcia\" \/>\n\t<meta name=\"twitter:label2\" content=\"Tiempo estimado de lectura\" \/>\n\t<meta name=\"twitter:data2\" content=\"2 minutos\" \/>\n<script type=\"application\/ld+json\" class=\"yoast-schema-graph\">{\"@context\":\"https:\/\/schema.org\",\"@graph\":[{\"@type\":\"Article\",\"@id\":\"https:\/\/noti-america.com\/site\/venezuela\/2023\/04\/24\/la-alcaldia-de-simon-bolivar-realiza-jornada-ambientalista-en-el-marco-del-dia-de-la-tierra\/#article\",\"isPartOf\":{\"@id\":\"https:\/\/noti-america.com\/site\/venezuela\/2023\/04\/24\/la-alcaldia-de-simon-bolivar-realiza-jornada-ambientalista-en-el-marco-del-dia-de-la-tierra\/\"},\"author\":{\"name\":\"Hendrick Garcia\",\"@id\":\"https:\/\/noti-america.com\/site\/venezuela\/#\/schema\/person\/2f37ed06a1cd058e8d611b3d42cce678\"},\"headline\":\"LA ALCALD\u00cdA DE SIM\u00d3N BOL\u00cdVAR REALIZA JORNADA AMBIENTALISTA EN EL MARCO DEL D\u00cdA DE LA TIERRA\",\"datePublished\":\"2023-04-24T11:52:31+00:00\",\"dateModified\":\"2023-04-24T12:05:33+00:00\",\"mainEntityOfPage\":{\"@id\":\"https:\/\/noti-america.com\/site\/venezuela\/2023\/04\/24\/la-alcaldia-de-simon-bolivar-realiza-jornada-ambientalista-en-el-marco-del-dia-de-la-tierra\/\"},\"wordCount\":372,\"commentCount\":0,\"publisher\":{\"@id\":\"https:\/\/noti-america.com\/site\/venezuela\/#organization\"},\"image\":{\"@id\":\"https:\/\/noti-america.com\/site\/venezuela\/2023\/04\/24\/la-alcaldia-de-simon-bolivar-realiza-jornada-ambientalista-en-el-marco-del-dia-de-la-tierra\/#primaryimage\"},\"thumbnailUrl\":\"https:\/\/noti-america.com\/site\/venezuela\/wp-content\/uploads\/sites\/2\/2023\/04\/jornada-sb-1.jpg\",\"keywords\":[\"Sim\u00f3n Bol\u00edvar\",\"zulia\"],\"articleSection\":[\"Ambiental\",\"Venezuela\"],\"inLanguage\":\"es\",\"potentialAction\":[{\"@type\":\"CommentAction\",\"name\":\"Comment\",\"target\":[\"https:\/\/noti-america.com\/site\/venezuela\/2023\/04\/24\/la-alcaldia-de-simon-bolivar-realiza-jornada-ambientalista-en-el-marco-del-dia-de-la-tierra\/#respond\"]}]},{\"@type\":\"WebPage\",\"@id\":\"https:\/\/noti-america.com\/site\/venezuela\/2023\/04\/24\/la-alcaldia-de-simon-bolivar-realiza-jornada-ambientalista-en-el-marco-del-dia-de-la-tierra\/\",\"url\":\"https:\/\/noti-america.com\/site\/venezuela\/2023\/04\/24\/la-alcaldia-de-simon-bolivar-realiza-jornada-ambientalista-en-el-marco-del-dia-de-la-tierra\/\",\"name\":\"LA ALCALD\u00cdA DE SIM\u00d3N BOL\u00cdVAR REALIZA JORNADA AMBIENTALISTA EN EL MARCO DEL D\u00cdA DE LA TIERRA - Venezuela | Noti-America.com\",\"isPartOf\":{\"@id\":\"https:\/\/noti-america.com\/site\/venezuela\/#website\"},\"primaryImageOfPage\":{\"@id\":\"https:\/\/noti-america.com\/site\/venezuela\/2023\/04\/24\/la-alcaldia-de-simon-bolivar-realiza-jornada-ambientalista-en-el-marco-del-dia-de-la-tierra\/#primaryimage\"},\"image\":{\"@id\":\"https:\/\/noti-america.com\/site\/venezuela\/2023\/04\/24\/la-alcaldia-de-simon-bolivar-realiza-jornada-ambientalista-en-el-marco-del-dia-de-la-tierra\/#primaryimage\"},\"thumbnailUrl\":\"https:\/\/noti-america.com\/site\/venezuela\/wp-content\/uploads\/sites\/2\/2023\/04\/jornada-sb-1.jpg\",\"datePublished\":\"2023-04-24T11:52:31+00:00\",\"dateModified\":\"2023-04-24T12:05:33+00:00\",\"breadcrumb\":{\"@id\":\"https:\/\/noti-america.com\/site\/venezuela\/2023\/04\/24\/la-alcaldia-de-simon-bolivar-realiza-jornada-ambientalista-en-el-marco-del-dia-de-la-tierra\/#breadcrumb\"},\"inLanguage\":\"es\",\"potentialAction\":[{\"@type\":\"ReadAction\",\"target\":[\"https:\/\/noti-america.com\/site\/venezuela\/2023\/04\/24\/la-alcaldia-de-simon-bolivar-realiza-jornada-ambientalista-en-el-marco-del-dia-de-la-tierra\/\"]}]},{\"@type\":\"ImageObject\",\"inLanguage\":\"es\",\"@id\":\"https:\/\/noti-america.com\/site\/venezuela\/2023\/04\/24\/la-alcaldia-de-simon-bolivar-realiza-jornada-ambientalista-en-el-marco-del-dia-de-la-tierra\/#primaryimage\",\"url\":\"https:\/\/noti-america.com\/site\/venezuela\/wp-content\/uploads\/sites\/2\/2023\/04\/jornada-sb-1.jpg\",\"contentUrl\":\"https:\/\/noti-america.com\/site\/venezuela\/wp-content\/uploads\/sites\/2\/2023\/04\/jornada-sb-1.jpg\",\"width\":480,\"height\":507},{\"@type\":\"BreadcrumbList\",\"@id\":\"https:\/\/noti-america.com\/site\/venezuela\/2023\/04\/24\/la-alcaldia-de-simon-bolivar-realiza-jornada-ambientalista-en-el-marco-del-dia-de-la-tierra\/#breadcrumb\",\"itemListElement\":[{\"@type\":\"ListItem\",\"position\":1,\"name\":\"Portada\",\"item\":\"https:\/\/noti-america.com\/site\/venezuela\/\"},{\"@type\":\"ListItem\",\"position\":2,\"name\":\"LA ALCALD\u00cdA DE SIM\u00d3N BOL\u00cdVAR REALIZA JORNADA AMBIENTALISTA EN EL MARCO DEL D\u00cdA DE LA TIERRA\"}]},{\"@type\":\"WebSite\",\"@id\":\"https:\/\/noti-america.com\/site\/venezuela\/#website\",\"url\":\"https:\/\/noti-america.com\/site\/venezuela\/\",\"name\":\"Venezuela | Noti-America.com\",\"description\":\"\",\"publisher\":{\"@id\":\"https:\/\/noti-america.com\/site\/venezuela\/#organization\"},\"potentialAction\":[{\"@type\":\"SearchAction\",\"target\":{\"@type\":\"EntryPoint\",\"urlTemplate\":\"https:\/\/noti-america.com\/site\/venezuela\/?s={search_term_string}\"},\"query-input\":{\"@type\":\"PropertyValueSpecification\",\"valueRequired\":true,\"valueName\":\"search_term_string\"}}],\"inLanguage\":\"es\"},{\"@type\":\"Organization\",\"@id\":\"https:\/\/noti-america.com\/site\/venezuela\/#organization\",\"name\":\"Noti-America LLC | Venezuela\",\"url\":\"https:\/\/noti-america.com\/site\/venezuela\/\",\"logo\":{\"@type\":\"ImageObject\",\"inLanguage\":\"es\",\"@id\":\"https:\/\/noti-america.com\/site\/venezuela\/#\/schema\/logo\/image\/\",\"url\":\"https:\/\/noti-america.com\/site\/venezuela\/wp-content\/uploads\/sites\/2\/2020\/07\/LogoNA-4x3-1.jpg\",\"contentUrl\":\"https:\/\/noti-america.com\/site\/venezuela\/wp-content\/uploads\/sites\/2\/2020\/07\/LogoNA-4x3-1.jpg\",\"width\":1236,\"height\":1080,\"caption\":\"Noti-America LLC | Venezuela\"},\"image\":{\"@id\":\"https:\/\/noti-america.com\/site\/venezuela\/#\/schema\/logo\/image\/\"}},{\"@type\":\"Person\",\"@id\":\"https:\/\/noti-america.com\/site\/venezuela\/#\/schema\/person\/2f37ed06a1cd058e8d611b3d42cce678\",\"name\":\"Hendrick Garcia\",\"image\":{\"@type\":\"ImageObject\",\"inLanguage\":\"es\",\"@id\":\"https:\/\/secure.gravatar.com\/avatar\/07f13ce868ede7f0937b7abbada276f430e4ed25cfff75dbe7f98f95ac02358c?s=96&d=mm&r=g\",\"url\":\"https:\/\/secure.gravatar.com\/avatar\/07f13ce868ede7f0937b7abbada276f430e4ed25cfff75dbe7f98f95ac02358c?s=96&d=mm&r=g\",\"contentUrl\":\"https:\/\/secure.gravatar.com\/avatar\/07f13ce868ede7f0937b7abbada276f430e4ed25cfff75dbe7f98f95ac02358c?s=96&d=mm&r=g\",\"caption\":\"Hendrick Garcia\"},\"url\":\"https:\/\/noti-america.com\/site\/venezuela\/author\/hegarcia\/\"}]}<\/script>\n<!-- \/ Yoast SEO Premium plugin. -->","yoast_head_json":{"title":"LA ALCALD\u00cdA DE SIM\u00d3N BOL\u00cdVAR REALIZA JORNADA AMBIENTALISTA EN EL MARCO DEL D\u00cdA DE LA TIERRA - Venezuela | Noti-America.com","robots":{"index":"index","follow":"follow","max-snippet":"max-snippet:-1","max-image-preview":"max-image-preview:large","max-video-preview":"max-video-preview:-1"},"canonical":"https:\/\/noti-america.com\/site\/venezuela\/2023\/04\/24\/la-alcaldia-de-simon-bolivar-realiza-jornada-ambientalista-en-el-marco-del-dia-de-la-tierra\/","og_locale":"es_ES","og_type":"article","og_title":"LA ALCALD\u00cdA DE SIM\u00d3N BOL\u00cdVAR REALIZA JORNADA AMBIENTALISTA EN EL MARCO DEL D\u00cdA DE LA TIERRA","og_description":"Con la\u00a0recolecci\u00f3n de los desechos biol\u00f3gicos del Ambulatorio Las Palmas\u00a0se dio inicio a la\u00a0jornada ambientalista\u00a0enmarcada dentro de la programaci\u00f3n con motivo del\u00a0D\u00eda Mundial de la Tierra\u00a0en el\u00a0municipio Sim\u00f3n Bol\u00edvar\u00a0. Seg\u00fan la informaci\u00f3n aportada por&#46;&#46;&#46;","og_url":"https:\/\/noti-america.com\/site\/venezuela\/2023\/04\/24\/la-alcaldia-de-simon-bolivar-realiza-jornada-ambientalista-en-el-marco-del-dia-de-la-tierra\/","og_site_name":"Venezuela | Noti-America.com","article_published_time":"2023-04-24T11:52:31+00:00","article_modified_time":"2023-04-24T12:05:33+00:00","og_image":[{"width":480,"height":507,"url":"https:\/\/noti-america.com\/site\/venezuela\/wp-content\/uploads\/sites\/2\/2023\/04\/jornada-sb-1.jpg","type":"image\/jpeg"}],"author":"Hendrick Garcia","twitter_card":"summary_large_image","twitter_misc":{"Escrito por":"Hendrick Garcia","Tiempo estimado de lectura":"2 minutos"},"schema":{"@context":"https:\/\/schema.org","@graph":[{"@type":"Article","@id":"https:\/\/noti-america.com\/site\/venezuela\/2023\/04\/24\/la-alcaldia-de-simon-bolivar-realiza-jornada-ambientalista-en-el-marco-del-dia-de-la-tierra\/#article","isPartOf":{"@id":"https:\/\/noti-america.com\/site\/venezuela\/2023\/04\/24\/la-alcaldia-de-simon-bolivar-realiza-jornada-ambientalista-en-el-marco-del-dia-de-la-tierra\/"},"author":{"name":"Hendrick Garcia","@id":"https:\/\/noti-america.com\/site\/venezuela\/#\/schema\/person\/2f37ed06a1cd058e8d611b3d42cce678"},"headline":"LA ALCALD\u00cdA DE SIM\u00d3N BOL\u00cdVAR REALIZA JORNADA AMBIENTALISTA EN EL MARCO DEL D\u00cdA DE LA TIERRA","datePublished":"2023-04-24T11:52:31+00:00","dateModified":"2023-04-24T12:05:33+00:00","mainEntityOfPage":{"@id":"https:\/\/noti-america.com\/site\/venezuela\/2023\/04\/24\/la-alcaldia-de-simon-bolivar-realiza-jornada-ambientalista-en-el-marco-del-dia-de-la-tierra\/"},"wordCount":372,"commentCount":0,"publisher":{"@id":"https:\/\/noti-america.com\/site\/venezuela\/#organization"},"image":{"@id":"https:\/\/noti-america.com\/site\/venezuela\/2023\/04\/24\/la-alcaldia-de-simon-bolivar-realiza-jornada-ambientalista-en-el-marco-del-dia-de-la-tierra\/#primaryimage"},"thumbnailUrl":"https:\/\/noti-america.com\/site\/venezuela\/wp-content\/uploads\/sites\/2\/2023\/04\/jornada-sb-1.jpg","keywords":["Sim\u00f3n Bol\u00edvar","zulia"],"articleSection":["Ambiental","Venezuela"],"inLanguage":"es","potentialAction":[{"@type":"CommentAction","name":"Comment","target":["https:\/\/noti-america.com\/site\/venezuela\/2023\/04\/24\/la-alcaldia-de-simon-bolivar-realiza-jornada-ambientalista-en-el-marco-del-dia-de-la-tierra\/#respond"]}]},{"@type":"WebPage","@id":"https:\/\/noti-america.com\/site\/venezuela\/2023\/04\/24\/la-alcaldia-de-simon-bolivar-realiza-jornada-ambientalista-en-el-marco-del-dia-de-la-tierra\/","url":"https:\/\/noti-america.com\/site\/venezuela\/2023\/04\/24\/la-alcaldia-de-simon-bolivar-realiza-jornada-ambientalista-en-el-marco-del-dia-de-la-tierra\/","name":"LA ALCALD\u00cdA DE SIM\u00d3N BOL\u00cdVAR REALIZA JORNADA AMBIENTALISTA EN EL MARCO DEL D\u00cdA DE LA TIERRA - Venezuela | Noti-America.com","isPartOf":{"@id":"https:\/\/noti-america.com\/site\/venezuela\/#website"},"primaryImageOfPage":{"@id":"https:\/\/noti-america.com\/site\/venezuela\/2023\/04\/24\/la-alcaldia-de-simon-bolivar-realiza-jornada-ambientalista-en-el-marco-del-dia-de-la-tierra\/#primaryimage"},"image":{"@id":"https:\/\/noti-america.com\/site\/venezuela\/2023\/04\/24\/la-alcaldia-de-simon-bolivar-realiza-jornada-ambientalista-en-el-marco-del-dia-de-la-tierra\/#primaryimage"},"thumbnailUrl":"https:\/\/noti-america.com\/site\/venezuela\/wp-content\/uploads\/sites\/2\/2023\/04\/jornada-sb-1.jpg","datePublished":"2023-04-24T11:52:31+00:00","dateModified":"2023-04-24T12:05:33+00:00","breadcrumb":{"@id":"https:\/\/noti-america.com\/site\/venezuela\/2023\/04\/24\/la-alcaldia-de-simon-bolivar-realiza-jornada-ambientalista-en-el-marco-del-dia-de-la-tierra\/#breadcrumb"},"inLanguage":"es","potentialAction":[{"@type":"ReadAction","target":["https:\/\/noti-america.com\/site\/venezuela\/2023\/04\/24\/la-alcaldia-de-simon-bolivar-realiza-jornada-ambientalista-en-el-marco-del-dia-de-la-tierra\/"]}]},{"@type":"ImageObject","inLanguage":"es","@id":"https:\/\/noti-america.com\/site\/venezuela\/2023\/04\/24\/la-alcaldia-de-simon-bolivar-realiza-jornada-ambientalista-en-el-marco-del-dia-de-la-tierra\/#primaryimage","url":"https:\/\/noti-america.com\/site\/venezuela\/wp-content\/uploads\/sites\/2\/2023\/04\/jornada-sb-1.jpg","contentUrl":"https:\/\/noti-america.com\/site\/venezuela\/wp-content\/uploads\/sites\/2\/2023\/04\/jornada-sb-1.jpg","width":480,"height":507},{"@type":"BreadcrumbList","@id":"https:\/\/noti-america.com\/site\/venezuela\/2023\/04\/24\/la-alcaldia-de-simon-bolivar-realiza-jornada-ambientalista-en-el-marco-del-dia-de-la-tierra\/#breadcrumb","itemListElement":[{"@type":"ListItem","position":1,"name":"Portada","item":"https:\/\/noti-america.com\/site\/venezuela\/"},{"@type":"ListItem","position":2,"name":"LA ALCALD\u00cdA DE SIM\u00d3N BOL\u00cdVAR REALIZA JORNADA AMBIENTALISTA EN EL MARCO DEL D\u00cdA DE LA TIERRA"}]},{"@type":"WebSite","@id":"https:\/\/noti-america.com\/site\/venezuela\/#website","url":"https:\/\/noti-america.com\/site\/venezuela\/","name":"Venezuela | Noti-America.com","description":"","publisher":{"@id":"https:\/\/noti-america.com\/site\/venezuela\/#organization"},"potentialAction":[{"@type":"SearchAction","target":{"@type":"EntryPoint","urlTemplate":"https:\/\/noti-america.com\/site\/venezuela\/?s={search_term_string}"},"query-input":{"@type":"PropertyValueSpecification","valueRequired":true,"valueName":"search_term_string"}}],"inLanguage":"es"},{"@type":"Organization","@id":"https:\/\/noti-america.com\/site\/venezuela\/#organization","name":"Noti-America LLC | Venezuela","url":"https:\/\/noti-america.com\/site\/venezuela\/","logo":{"@type":"ImageObject","inLanguage":"es","@id":"https:\/\/noti-america.com\/site\/venezuela\/#\/schema\/logo\/image\/","url":"https:\/\/noti-america.com\/site\/venezuela\/wp-content\/uploads\/sites\/2\/2020\/07\/LogoNA-4x3-1.jpg","contentUrl":"https:\/\/noti-america.com\/site\/venezuela\/wp-content\/uploads\/sites\/2\/2020\/07\/LogoNA-4x3-1.jpg","width":1236,"height":1080,"caption":"Noti-America LLC | Venezuela"},"image":{"@id":"https:\/\/noti-america.com\/site\/venezuela\/#\/schema\/logo\/image\/"}},{"@type":"Person","@id":"https:\/\/noti-america.com\/site\/venezuela\/#\/schema\/person\/2f37ed06a1cd058e8d611b3d42cce678","name":"Hendrick Garcia","image":{"@type":"ImageObject","inLanguage":"es","@id":"https:\/\/secure.gravatar.com\/avatar\/07f13ce868ede7f0937b7abbada276f430e4ed25cfff75dbe7f98f95ac02358c?s=96&d=mm&r=g","url":"https:\/\/secure.gravatar.com\/avatar\/07f13ce868ede7f0937b7abbada276f430e4ed25cfff75dbe7f98f95ac02358c?s=96&d=mm&r=g","contentUrl":"https:\/\/secure.gravatar.com\/avatar\/07f13ce868ede7f0937b7abbada276f430e4ed25cfff75dbe7f98f95ac02358c?s=96&d=mm&r=g","caption":"Hendrick Garcia"},"url":"https:\/\/noti-america.com\/site\/venezuela\/author\/hegarcia\/"}]}},"_links":{"self":[{"href":"https:\/\/noti-america.com\/site\/venezuela\/wp-json\/wp\/v2\/posts\/27111","targetHints":{"allow":["GET"]}}],"collection":[{"href":"https:\/\/noti-america.com\/site\/venezuela\/wp-json\/wp\/v2\/posts"}],"about":[{"href":"https:\/\/noti-america.com\/site\/venezuela\/wp-json\/wp\/v2\/types\/post"}],"author":[{"embeddable":true,"href":"https:\/\/noti-america.com\/site\/venezuela\/wp-json\/wp\/v2\/users\/40"}],"replies":[{"embeddable":true,"href":"https:\/\/noti-america.com\/site\/venezuela\/wp-json\/wp\/v2\/comments?post=27111"}],"version-history":[{"count":1,"href":"https:\/\/noti-america.com\/site\/venezuela\/wp-json\/wp\/v2\/posts\/27111\/revisions"}],"predecessor-version":[{"id":27115,"href":"https:\/\/noti-america.com\/site\/venezuela\/wp-json\/wp\/v2\/posts\/27111\/revisions\/27115"}],"wp:featuredmedia":[{"embeddable":true,"href":"https:\/\/noti-america.com\/site\/venezuela\/wp-json\/wp\/v2\/media\/27114"}],"wp:attachment":[{"href":"https:\/\/noti-america.com\/site\/venezuela\/wp-json\/wp\/v2\/media?parent=27111"}],"wp:term":[{"taxonomy":"category","embeddable":true,"href":"https:\/\/noti-america.com\/site\/venezuela\/wp-json\/wp\/v2\/categories?post=27111"},{"taxonomy":"post_tag","embeddable":true,"href":"https:\/\/noti-america.com\/site\/venezuela\/wp-json\/wp\/v2\/tags?post=27111"}],"curies":[{"name":"wp","href":"https:\/\/api.w.org\/{rel}","templated":true}]}}