{"id":27043,"date":"2023-04-21T23:40:56","date_gmt":"2023-04-21T23:40:56","guid":{"rendered":"https:\/\/noti-america.com\/site\/venezuela\/?p=27043"},"modified":"2023-04-21T23:55:50","modified_gmt":"2023-04-21T23:55:50","slug":"gobernacion-del-zulia-y-onu-promueven-la-capacitacion-en-desarrollo-y-diagnostico-de-cadenas-industriales","status":"publish","type":"post","link":"https:\/\/noti-america.com\/site\/venezuela\/2023\/04\/21\/gobernacion-del-zulia-y-onu-promueven-la-capacitacion-en-desarrollo-y-diagnostico-de-cadenas-industriales\/","title":{"rendered":"Gobernaci\u00f3n del Zulia y ONU promueven la capacitaci\u00f3n en desarrollo y diagn\u00f3stico de cadenas Industriales"},"content":{"rendered":"<p style=\"text-align: justify\"><img loading=\"lazy\" decoding=\"async\" class=\"size-medium wp-image-27044\" src=\"https:\/\/noti-america.com\/site\/venezuela\/wp-content\/uploads\/sites\/2\/2023\/04\/IMG-20230421-WA0101-300x169.jpg\" alt=\"\" width=\"300\" height=\"169\" srcset=\"https:\/\/noti-america.com\/site\/venezuela\/wp-content\/uploads\/sites\/2\/2023\/04\/IMG-20230421-WA0101-300x169.jpg 300w, https:\/\/noti-america.com\/site\/venezuela\/wp-content\/uploads\/sites\/2\/2023\/04\/IMG-20230421-WA0101-1024x576.jpg 1024w, https:\/\/noti-america.com\/site\/venezuela\/wp-content\/uploads\/sites\/2\/2023\/04\/IMG-20230421-WA0101-768x432.jpg 768w, https:\/\/noti-america.com\/site\/venezuela\/wp-content\/uploads\/sites\/2\/2023\/04\/IMG-20230421-WA0101-600x338.jpg 600w, https:\/\/noti-america.com\/site\/venezuela\/wp-content\/uploads\/sites\/2\/2023\/04\/IMG-20230421-WA0101.jpg 1280w\" sizes=\"auto, (max-width: 300px) 100vw, 300px\" \/><br \/>\n<strong>Basado en el avance del Plan Zulia Productivo, que lidera el Gobernador Manuel Rosales, a trav\u00e9s del Gabinete econ\u00f3mico y la Secretar\u00eda de Relaciones<\/strong><\/p>\n<p style=\"text-align: justify\">Interinstitucionales del Ejecutivo Regional, se estableci\u00f3 una alianza con la Organizaci\u00f3n de las Naciones Unidas para el Desarrollo Industrial (ONUDI) sobre formaci\u00f3n t\u00e9cnica en materia de desarrollo productivo de tipo industrial.<\/p>\n<p style=\"text-align: justify\"><em>Fernando Torres, secretario de Desarrollo Econ\u00f3mico de la Gobernaci\u00f3n, destac\u00f3 que \u00abestas acciones no solo son \u00fatiles para la formaci\u00f3n t\u00e9cnica, sino para identificaci\u00f3n y generaci\u00f3n de proyectos hacia el desarrollo industrial de la regi\u00f3n, como lo ha indicado el Gobernador Manuel Rosales \u00ab.<\/em><\/p>\n<p style=\"text-align: justify\"><img loading=\"lazy\" decoding=\"async\" class=\"size-medium wp-image-27045 aligncenter\" src=\"https:\/\/noti-america.com\/site\/venezuela\/wp-content\/uploads\/sites\/2\/2023\/04\/IMG-20230421-WA0102-300x169.jpg\" alt=\"\" width=\"300\" height=\"169\" srcset=\"https:\/\/noti-america.com\/site\/venezuela\/wp-content\/uploads\/sites\/2\/2023\/04\/IMG-20230421-WA0102-300x169.jpg 300w, https:\/\/noti-america.com\/site\/venezuela\/wp-content\/uploads\/sites\/2\/2023\/04\/IMG-20230421-WA0102-1024x576.jpg 1024w, https:\/\/noti-america.com\/site\/venezuela\/wp-content\/uploads\/sites\/2\/2023\/04\/IMG-20230421-WA0102-768x432.jpg 768w, https:\/\/noti-america.com\/site\/venezuela\/wp-content\/uploads\/sites\/2\/2023\/04\/IMG-20230421-WA0102-600x338.jpg 600w, https:\/\/noti-america.com\/site\/venezuela\/wp-content\/uploads\/sites\/2\/2023\/04\/IMG-20230421-WA0102.jpg 1280w\" sizes=\"auto, (max-width: 300px) 100vw, 300px\" \/><\/p>\n<p style=\"text-align: justify\">La capacitaci\u00f3n estuvo dirigida al personal de la Secretar\u00eda de Desarrollo Econ\u00f3mico, Instituto para el Desarrollo y Financiamiento Agropecuario (IDFA) , Secretar\u00eda de Desarrollo Agropecuario, Direcci\u00f3n para Asuntos de Pesca Acu\u00edcola y Secretar\u00eda de Comercio Exterior, con el apoyo institucional y espacios del<br \/>\nIDZEPES.<\/p>\n<p style=\"text-align: justify\">Por su parte, Franco Silva, coordinador del Programa Pa\u00eds, de la Organizaci\u00f3n de las Naciones Unidas para el Desarrollo Industrial (ONUDI), destac\u00f3 que su presencia en tierras zulianas obedece a una invitaci\u00f3n del Ejecutivo Regional, a fin de impartir una capacitaci\u00f3n en el tema de desarrollo de cadenas industriales, en particular una metodolog\u00eda desarrollada para el diagn\u00f3stico de la cadena de valor.<\/p>\n<p style=\"text-align: justify\">El experto detall\u00f3 que \u00abser\u00e1n dos d\u00edas de intenso trabajo, en los cuales los t\u00e9cnicos de la Gobernaci\u00f3n y empresarios manejar\u00e1n una metodolog\u00eda de mejora en esta cadena, dentro de un an\u00e1lisis integral que se hace para potenciar el desarrollo econ\u00f3mico de la regi\u00f3n\u00bb.<\/p>\n<p style=\"text-align: justify\">Tambi\u00e9n participaron de esta actividad representantes de las facultades de Agronom\u00eda y Experimental de Ciencias de la Universidad del Zulia, as\u00ed como representantes de empresas agroproductivas de la regi\u00f3n.<\/p>\n<p style=\"text-align: justify\"><strong>Fuente: Nota de Prensa\u00a0<\/strong><\/p>\n","protected":false},"excerpt":{"rendered":"<p>Basado en el avance del Plan Zulia Productivo, que lidera el Gobernador Manuel Rosales, a trav\u00e9s del Gabinete econ\u00f3mico y la Secretar\u00eda de Relaciones Interinstitucionales del Ejecutivo Regional, se estableci\u00f3 una alianza con la&#46;&#46;&#46;<\/p>\n","protected":false},"author":40,"featured_media":27046,"comment_status":"open","ping_status":"open","sticky":false,"template":"","format":"standard","meta":{"_acf_changed":false,"om_disable_all_campaigns":false,"rop_custom_images_group":[],"rop_custom_messages_group":[],"rop_publish_now":"initial","rop_publish_now_accounts":{"twitter_242054905_242054905":""},"rop_publish_now_history":[],"rop_publish_now_status":"pending","_uf_show_specific_survey":0,"_uf_disable_surveys":false,"footnotes":""},"categories":[155,156],"tags":[438,222],"class_list":["post-27043","post","type-post","status-publish","format-standard","has-post-thumbnail","hentry","category-politica-opinion","category-venezuela","tag-onu","tag-zulia"],"acf":[],"aioseo_notices":[],"yoast_head":"<!-- This site is optimized with the Yoast SEO Premium plugin v24.9 (Yoast SEO v27.2) - https:\/\/yoast.com\/product\/yoast-seo-premium-wordpress\/ -->\n<title>Gobernaci\u00f3n del Zulia y ONU promueven la capacitaci\u00f3n en desarrollo y diagn\u00f3stico de cadenas Industriales - Venezuela | Noti-America.com<\/title>\n<meta name=\"robots\" content=\"index, follow, max-snippet:-1, max-image-preview:large, max-video-preview:-1\" \/>\n<link rel=\"canonical\" href=\"https:\/\/noti-america.com\/site\/venezuela\/2023\/04\/21\/gobernacion-del-zulia-y-onu-promueven-la-capacitacion-en-desarrollo-y-diagnostico-de-cadenas-industriales\/\" \/>\n<meta property=\"og:locale\" content=\"es_ES\" \/>\n<meta property=\"og:type\" content=\"article\" \/>\n<meta property=\"og:title\" content=\"Gobernaci\u00f3n del Zulia y ONU promueven la capacitaci\u00f3n en desarrollo y diagn\u00f3stico de cadenas Industriales\" \/>\n<meta property=\"og:description\" content=\"Basado en el avance del Plan Zulia Productivo, que lidera el Gobernador Manuel Rosales, a trav\u00e9s del Gabinete econ\u00f3mico y la Secretar\u00eda de Relaciones Interinstitucionales del Ejecutivo Regional, se estableci\u00f3 una alianza con la&#046;&#046;&#046;\" \/>\n<meta property=\"og:url\" content=\"https:\/\/noti-america.com\/site\/venezuela\/2023\/04\/21\/gobernacion-del-zulia-y-onu-promueven-la-capacitacion-en-desarrollo-y-diagnostico-de-cadenas-industriales\/\" \/>\n<meta property=\"og:site_name\" content=\"Venezuela | Noti-America.com\" \/>\n<meta property=\"article:published_time\" content=\"2023-04-21T23:40:56+00:00\" \/>\n<meta property=\"article:modified_time\" content=\"2023-04-21T23:55:50+00:00\" \/>\n<meta property=\"og:image\" content=\"https:\/\/noti-america.com\/site\/venezuela\/wp-content\/uploads\/sites\/2\/2023\/04\/IMG-20230421-WA0100.jpg\" \/>\n\t<meta property=\"og:image:width\" content=\"856\" \/>\n\t<meta property=\"og:image:height\" content=\"494\" \/>\n\t<meta property=\"og:image:type\" content=\"image\/jpeg\" \/>\n<meta name=\"author\" content=\"Hendrick Garcia\" \/>\n<meta name=\"twitter:card\" content=\"summary_large_image\" \/>\n<meta name=\"twitter:label1\" content=\"Escrito por\" \/>\n\t<meta name=\"twitter:data1\" content=\"Hendrick Garcia\" \/>\n\t<meta name=\"twitter:label2\" content=\"Tiempo estimado de lectura\" \/>\n\t<meta name=\"twitter:data2\" content=\"2 minutos\" \/>\n<script type=\"application\/ld+json\" class=\"yoast-schema-graph\">{\"@context\":\"https:\/\/schema.org\",\"@graph\":[{\"@type\":\"Article\",\"@id\":\"https:\/\/noti-america.com\/site\/venezuela\/2023\/04\/21\/gobernacion-del-zulia-y-onu-promueven-la-capacitacion-en-desarrollo-y-diagnostico-de-cadenas-industriales\/#article\",\"isPartOf\":{\"@id\":\"https:\/\/noti-america.com\/site\/venezuela\/2023\/04\/21\/gobernacion-del-zulia-y-onu-promueven-la-capacitacion-en-desarrollo-y-diagnostico-de-cadenas-industriales\/\"},\"author\":{\"name\":\"Hendrick Garcia\",\"@id\":\"https:\/\/noti-america.com\/site\/venezuela\/#\/schema\/person\/2f37ed06a1cd058e8d611b3d42cce678\"},\"headline\":\"Gobernaci\u00f3n del Zulia y ONU promueven la capacitaci\u00f3n en desarrollo y diagn\u00f3stico de cadenas Industriales\",\"datePublished\":\"2023-04-21T23:40:56+00:00\",\"dateModified\":\"2023-04-21T23:55:50+00:00\",\"mainEntityOfPage\":{\"@id\":\"https:\/\/noti-america.com\/site\/venezuela\/2023\/04\/21\/gobernacion-del-zulia-y-onu-promueven-la-capacitacion-en-desarrollo-y-diagnostico-de-cadenas-industriales\/\"},\"wordCount\":336,\"commentCount\":0,\"publisher\":{\"@id\":\"https:\/\/noti-america.com\/site\/venezuela\/#organization\"},\"image\":{\"@id\":\"https:\/\/noti-america.com\/site\/venezuela\/2023\/04\/21\/gobernacion-del-zulia-y-onu-promueven-la-capacitacion-en-desarrollo-y-diagnostico-de-cadenas-industriales\/#primaryimage\"},\"thumbnailUrl\":\"https:\/\/noti-america.com\/site\/venezuela\/wp-content\/uploads\/sites\/2\/2023\/04\/IMG-20230421-WA0100.jpg\",\"keywords\":[\"ONU\",\"zulia\"],\"articleSection\":[\"Pol\u00edtica\",\"Venezuela\"],\"inLanguage\":\"es\",\"potentialAction\":[{\"@type\":\"CommentAction\",\"name\":\"Comment\",\"target\":[\"https:\/\/noti-america.com\/site\/venezuela\/2023\/04\/21\/gobernacion-del-zulia-y-onu-promueven-la-capacitacion-en-desarrollo-y-diagnostico-de-cadenas-industriales\/#respond\"]}]},{\"@type\":\"WebPage\",\"@id\":\"https:\/\/noti-america.com\/site\/venezuela\/2023\/04\/21\/gobernacion-del-zulia-y-onu-promueven-la-capacitacion-en-desarrollo-y-diagnostico-de-cadenas-industriales\/\",\"url\":\"https:\/\/noti-america.com\/site\/venezuela\/2023\/04\/21\/gobernacion-del-zulia-y-onu-promueven-la-capacitacion-en-desarrollo-y-diagnostico-de-cadenas-industriales\/\",\"name\":\"Gobernaci\u00f3n del Zulia y ONU promueven la capacitaci\u00f3n en desarrollo y diagn\u00f3stico de cadenas Industriales - Venezuela | Noti-America.com\",\"isPartOf\":{\"@id\":\"https:\/\/noti-america.com\/site\/venezuela\/#website\"},\"primaryImageOfPage\":{\"@id\":\"https:\/\/noti-america.com\/site\/venezuela\/2023\/04\/21\/gobernacion-del-zulia-y-onu-promueven-la-capacitacion-en-desarrollo-y-diagnostico-de-cadenas-industriales\/#primaryimage\"},\"image\":{\"@id\":\"https:\/\/noti-america.com\/site\/venezuela\/2023\/04\/21\/gobernacion-del-zulia-y-onu-promueven-la-capacitacion-en-desarrollo-y-diagnostico-de-cadenas-industriales\/#primaryimage\"},\"thumbnailUrl\":\"https:\/\/noti-america.com\/site\/venezuela\/wp-content\/uploads\/sites\/2\/2023\/04\/IMG-20230421-WA0100.jpg\",\"datePublished\":\"2023-04-21T23:40:56+00:00\",\"dateModified\":\"2023-04-21T23:55:50+00:00\",\"breadcrumb\":{\"@id\":\"https:\/\/noti-america.com\/site\/venezuela\/2023\/04\/21\/gobernacion-del-zulia-y-onu-promueven-la-capacitacion-en-desarrollo-y-diagnostico-de-cadenas-industriales\/#breadcrumb\"},\"inLanguage\":\"es\",\"potentialAction\":[{\"@type\":\"ReadAction\",\"target\":[\"https:\/\/noti-america.com\/site\/venezuela\/2023\/04\/21\/gobernacion-del-zulia-y-onu-promueven-la-capacitacion-en-desarrollo-y-diagnostico-de-cadenas-industriales\/\"]}]},{\"@type\":\"ImageObject\",\"inLanguage\":\"es\",\"@id\":\"https:\/\/noti-america.com\/site\/venezuela\/2023\/04\/21\/gobernacion-del-zulia-y-onu-promueven-la-capacitacion-en-desarrollo-y-diagnostico-de-cadenas-industriales\/#primaryimage\",\"url\":\"https:\/\/noti-america.com\/site\/venezuela\/wp-content\/uploads\/sites\/2\/2023\/04\/IMG-20230421-WA0100.jpg\",\"contentUrl\":\"https:\/\/noti-america.com\/site\/venezuela\/wp-content\/uploads\/sites\/2\/2023\/04\/IMG-20230421-WA0100.jpg\",\"width\":856,\"height\":494},{\"@type\":\"BreadcrumbList\",\"@id\":\"https:\/\/noti-america.com\/site\/venezuela\/2023\/04\/21\/gobernacion-del-zulia-y-onu-promueven-la-capacitacion-en-desarrollo-y-diagnostico-de-cadenas-industriales\/#breadcrumb\",\"itemListElement\":[{\"@type\":\"ListItem\",\"position\":1,\"name\":\"Portada\",\"item\":\"https:\/\/noti-america.com\/site\/venezuela\/\"},{\"@type\":\"ListItem\",\"position\":2,\"name\":\"Gobernaci\u00f3n del Zulia y ONU promueven la capacitaci\u00f3n en desarrollo y diagn\u00f3stico de cadenas Industriales\"}]},{\"@type\":\"WebSite\",\"@id\":\"https:\/\/noti-america.com\/site\/venezuela\/#website\",\"url\":\"https:\/\/noti-america.com\/site\/venezuela\/\",\"name\":\"Venezuela | Noti-America.com\",\"description\":\"\",\"publisher\":{\"@id\":\"https:\/\/noti-america.com\/site\/venezuela\/#organization\"},\"potentialAction\":[{\"@type\":\"SearchAction\",\"target\":{\"@type\":\"EntryPoint\",\"urlTemplate\":\"https:\/\/noti-america.com\/site\/venezuela\/?s={search_term_string}\"},\"query-input\":{\"@type\":\"PropertyValueSpecification\",\"valueRequired\":true,\"valueName\":\"search_term_string\"}}],\"inLanguage\":\"es\"},{\"@type\":\"Organization\",\"@id\":\"https:\/\/noti-america.com\/site\/venezuela\/#organization\",\"name\":\"Noti-America LLC | Venezuela\",\"url\":\"https:\/\/noti-america.com\/site\/venezuela\/\",\"logo\":{\"@type\":\"ImageObject\",\"inLanguage\":\"es\",\"@id\":\"https:\/\/noti-america.com\/site\/venezuela\/#\/schema\/logo\/image\/\",\"url\":\"https:\/\/noti-america.com\/site\/venezuela\/wp-content\/uploads\/sites\/2\/2020\/07\/LogoNA-4x3-1.jpg\",\"contentUrl\":\"https:\/\/noti-america.com\/site\/venezuela\/wp-content\/uploads\/sites\/2\/2020\/07\/LogoNA-4x3-1.jpg\",\"width\":1236,\"height\":1080,\"caption\":\"Noti-America LLC | Venezuela\"},\"image\":{\"@id\":\"https:\/\/noti-america.com\/site\/venezuela\/#\/schema\/logo\/image\/\"}},{\"@type\":\"Person\",\"@id\":\"https:\/\/noti-america.com\/site\/venezuela\/#\/schema\/person\/2f37ed06a1cd058e8d611b3d42cce678\",\"name\":\"Hendrick Garcia\",\"image\":{\"@type\":\"ImageObject\",\"inLanguage\":\"es\",\"@id\":\"https:\/\/secure.gravatar.com\/avatar\/07f13ce868ede7f0937b7abbada276f430e4ed25cfff75dbe7f98f95ac02358c?s=96&d=mm&r=g\",\"url\":\"https:\/\/secure.gravatar.com\/avatar\/07f13ce868ede7f0937b7abbada276f430e4ed25cfff75dbe7f98f95ac02358c?s=96&d=mm&r=g\",\"contentUrl\":\"https:\/\/secure.gravatar.com\/avatar\/07f13ce868ede7f0937b7abbada276f430e4ed25cfff75dbe7f98f95ac02358c?s=96&d=mm&r=g\",\"caption\":\"Hendrick Garcia\"},\"url\":\"https:\/\/noti-america.com\/site\/venezuela\/author\/hegarcia\/\"}]}<\/script>\n<!-- \/ Yoast SEO Premium plugin. -->","yoast_head_json":{"title":"Gobernaci\u00f3n del Zulia y ONU promueven la capacitaci\u00f3n en desarrollo y diagn\u00f3stico de cadenas Industriales - Venezuela | Noti-America.com","robots":{"index":"index","follow":"follow","max-snippet":"max-snippet:-1","max-image-preview":"max-image-preview:large","max-video-preview":"max-video-preview:-1"},"canonical":"https:\/\/noti-america.com\/site\/venezuela\/2023\/04\/21\/gobernacion-del-zulia-y-onu-promueven-la-capacitacion-en-desarrollo-y-diagnostico-de-cadenas-industriales\/","og_locale":"es_ES","og_type":"article","og_title":"Gobernaci\u00f3n del Zulia y ONU promueven la capacitaci\u00f3n en desarrollo y diagn\u00f3stico de cadenas Industriales","og_description":"Basado en el avance del Plan Zulia Productivo, que lidera el Gobernador Manuel Rosales, a trav\u00e9s del Gabinete econ\u00f3mico y la Secretar\u00eda de Relaciones Interinstitucionales del Ejecutivo Regional, se estableci\u00f3 una alianza con la&#46;&#46;&#46;","og_url":"https:\/\/noti-america.com\/site\/venezuela\/2023\/04\/21\/gobernacion-del-zulia-y-onu-promueven-la-capacitacion-en-desarrollo-y-diagnostico-de-cadenas-industriales\/","og_site_name":"Venezuela | Noti-America.com","article_published_time":"2023-04-21T23:40:56+00:00","article_modified_time":"2023-04-21T23:55:50+00:00","og_image":[{"width":856,"height":494,"url":"https:\/\/noti-america.com\/site\/venezuela\/wp-content\/uploads\/sites\/2\/2023\/04\/IMG-20230421-WA0100.jpg","type":"image\/jpeg"}],"author":"Hendrick Garcia","twitter_card":"summary_large_image","twitter_misc":{"Escrito por":"Hendrick Garcia","Tiempo estimado de lectura":"2 minutos"},"schema":{"@context":"https:\/\/schema.org","@graph":[{"@type":"Article","@id":"https:\/\/noti-america.com\/site\/venezuela\/2023\/04\/21\/gobernacion-del-zulia-y-onu-promueven-la-capacitacion-en-desarrollo-y-diagnostico-de-cadenas-industriales\/#article","isPartOf":{"@id":"https:\/\/noti-america.com\/site\/venezuela\/2023\/04\/21\/gobernacion-del-zulia-y-onu-promueven-la-capacitacion-en-desarrollo-y-diagnostico-de-cadenas-industriales\/"},"author":{"name":"Hendrick Garcia","@id":"https:\/\/noti-america.com\/site\/venezuela\/#\/schema\/person\/2f37ed06a1cd058e8d611b3d42cce678"},"headline":"Gobernaci\u00f3n del Zulia y ONU promueven la capacitaci\u00f3n en desarrollo y diagn\u00f3stico de cadenas Industriales","datePublished":"2023-04-21T23:40:56+00:00","dateModified":"2023-04-21T23:55:50+00:00","mainEntityOfPage":{"@id":"https:\/\/noti-america.com\/site\/venezuela\/2023\/04\/21\/gobernacion-del-zulia-y-onu-promueven-la-capacitacion-en-desarrollo-y-diagnostico-de-cadenas-industriales\/"},"wordCount":336,"commentCount":0,"publisher":{"@id":"https:\/\/noti-america.com\/site\/venezuela\/#organization"},"image":{"@id":"https:\/\/noti-america.com\/site\/venezuela\/2023\/04\/21\/gobernacion-del-zulia-y-onu-promueven-la-capacitacion-en-desarrollo-y-diagnostico-de-cadenas-industriales\/#primaryimage"},"thumbnailUrl":"https:\/\/noti-america.com\/site\/venezuela\/wp-content\/uploads\/sites\/2\/2023\/04\/IMG-20230421-WA0100.jpg","keywords":["ONU","zulia"],"articleSection":["Pol\u00edtica","Venezuela"],"inLanguage":"es","potentialAction":[{"@type":"CommentAction","name":"Comment","target":["https:\/\/noti-america.com\/site\/venezuela\/2023\/04\/21\/gobernacion-del-zulia-y-onu-promueven-la-capacitacion-en-desarrollo-y-diagnostico-de-cadenas-industriales\/#respond"]}]},{"@type":"WebPage","@id":"https:\/\/noti-america.com\/site\/venezuela\/2023\/04\/21\/gobernacion-del-zulia-y-onu-promueven-la-capacitacion-en-desarrollo-y-diagnostico-de-cadenas-industriales\/","url":"https:\/\/noti-america.com\/site\/venezuela\/2023\/04\/21\/gobernacion-del-zulia-y-onu-promueven-la-capacitacion-en-desarrollo-y-diagnostico-de-cadenas-industriales\/","name":"Gobernaci\u00f3n del Zulia y ONU promueven la capacitaci\u00f3n en desarrollo y diagn\u00f3stico de cadenas Industriales - Venezuela | Noti-America.com","isPartOf":{"@id":"https:\/\/noti-america.com\/site\/venezuela\/#website"},"primaryImageOfPage":{"@id":"https:\/\/noti-america.com\/site\/venezuela\/2023\/04\/21\/gobernacion-del-zulia-y-onu-promueven-la-capacitacion-en-desarrollo-y-diagnostico-de-cadenas-industriales\/#primaryimage"},"image":{"@id":"https:\/\/noti-america.com\/site\/venezuela\/2023\/04\/21\/gobernacion-del-zulia-y-onu-promueven-la-capacitacion-en-desarrollo-y-diagnostico-de-cadenas-industriales\/#primaryimage"},"thumbnailUrl":"https:\/\/noti-america.com\/site\/venezuela\/wp-content\/uploads\/sites\/2\/2023\/04\/IMG-20230421-WA0100.jpg","datePublished":"2023-04-21T23:40:56+00:00","dateModified":"2023-04-21T23:55:50+00:00","breadcrumb":{"@id":"https:\/\/noti-america.com\/site\/venezuela\/2023\/04\/21\/gobernacion-del-zulia-y-onu-promueven-la-capacitacion-en-desarrollo-y-diagnostico-de-cadenas-industriales\/#breadcrumb"},"inLanguage":"es","potentialAction":[{"@type":"ReadAction","target":["https:\/\/noti-america.com\/site\/venezuela\/2023\/04\/21\/gobernacion-del-zulia-y-onu-promueven-la-capacitacion-en-desarrollo-y-diagnostico-de-cadenas-industriales\/"]}]},{"@type":"ImageObject","inLanguage":"es","@id":"https:\/\/noti-america.com\/site\/venezuela\/2023\/04\/21\/gobernacion-del-zulia-y-onu-promueven-la-capacitacion-en-desarrollo-y-diagnostico-de-cadenas-industriales\/#primaryimage","url":"https:\/\/noti-america.com\/site\/venezuela\/wp-content\/uploads\/sites\/2\/2023\/04\/IMG-20230421-WA0100.jpg","contentUrl":"https:\/\/noti-america.com\/site\/venezuela\/wp-content\/uploads\/sites\/2\/2023\/04\/IMG-20230421-WA0100.jpg","width":856,"height":494},{"@type":"BreadcrumbList","@id":"https:\/\/noti-america.com\/site\/venezuela\/2023\/04\/21\/gobernacion-del-zulia-y-onu-promueven-la-capacitacion-en-desarrollo-y-diagnostico-de-cadenas-industriales\/#breadcrumb","itemListElement":[{"@type":"ListItem","position":1,"name":"Portada","item":"https:\/\/noti-america.com\/site\/venezuela\/"},{"@type":"ListItem","position":2,"name":"Gobernaci\u00f3n del Zulia y ONU promueven la capacitaci\u00f3n en desarrollo y diagn\u00f3stico de cadenas Industriales"}]},{"@type":"WebSite","@id":"https:\/\/noti-america.com\/site\/venezuela\/#website","url":"https:\/\/noti-america.com\/site\/venezuela\/","name":"Venezuela | Noti-America.com","description":"","publisher":{"@id":"https:\/\/noti-america.com\/site\/venezuela\/#organization"},"potentialAction":[{"@type":"SearchAction","target":{"@type":"EntryPoint","urlTemplate":"https:\/\/noti-america.com\/site\/venezuela\/?s={search_term_string}"},"query-input":{"@type":"PropertyValueSpecification","valueRequired":true,"valueName":"search_term_string"}}],"inLanguage":"es"},{"@type":"Organization","@id":"https:\/\/noti-america.com\/site\/venezuela\/#organization","name":"Noti-America LLC | Venezuela","url":"https:\/\/noti-america.com\/site\/venezuela\/","logo":{"@type":"ImageObject","inLanguage":"es","@id":"https:\/\/noti-america.com\/site\/venezuela\/#\/schema\/logo\/image\/","url":"https:\/\/noti-america.com\/site\/venezuela\/wp-content\/uploads\/sites\/2\/2020\/07\/LogoNA-4x3-1.jpg","contentUrl":"https:\/\/noti-america.com\/site\/venezuela\/wp-content\/uploads\/sites\/2\/2020\/07\/LogoNA-4x3-1.jpg","width":1236,"height":1080,"caption":"Noti-America LLC | Venezuela"},"image":{"@id":"https:\/\/noti-america.com\/site\/venezuela\/#\/schema\/logo\/image\/"}},{"@type":"Person","@id":"https:\/\/noti-america.com\/site\/venezuela\/#\/schema\/person\/2f37ed06a1cd058e8d611b3d42cce678","name":"Hendrick Garcia","image":{"@type":"ImageObject","inLanguage":"es","@id":"https:\/\/secure.gravatar.com\/avatar\/07f13ce868ede7f0937b7abbada276f430e4ed25cfff75dbe7f98f95ac02358c?s=96&d=mm&r=g","url":"https:\/\/secure.gravatar.com\/avatar\/07f13ce868ede7f0937b7abbada276f430e4ed25cfff75dbe7f98f95ac02358c?s=96&d=mm&r=g","contentUrl":"https:\/\/secure.gravatar.com\/avatar\/07f13ce868ede7f0937b7abbada276f430e4ed25cfff75dbe7f98f95ac02358c?s=96&d=mm&r=g","caption":"Hendrick Garcia"},"url":"https:\/\/noti-america.com\/site\/venezuela\/author\/hegarcia\/"}]}},"_links":{"self":[{"href":"https:\/\/noti-america.com\/site\/venezuela\/wp-json\/wp\/v2\/posts\/27043","targetHints":{"allow":["GET"]}}],"collection":[{"href":"https:\/\/noti-america.com\/site\/venezuela\/wp-json\/wp\/v2\/posts"}],"about":[{"href":"https:\/\/noti-america.com\/site\/venezuela\/wp-json\/wp\/v2\/types\/post"}],"author":[{"embeddable":true,"href":"https:\/\/noti-america.com\/site\/venezuela\/wp-json\/wp\/v2\/users\/40"}],"replies":[{"embeddable":true,"href":"https:\/\/noti-america.com\/site\/venezuela\/wp-json\/wp\/v2\/comments?post=27043"}],"version-history":[{"count":1,"href":"https:\/\/noti-america.com\/site\/venezuela\/wp-json\/wp\/v2\/posts\/27043\/revisions"}],"predecessor-version":[{"id":27047,"href":"https:\/\/noti-america.com\/site\/venezuela\/wp-json\/wp\/v2\/posts\/27043\/revisions\/27047"}],"wp:featuredmedia":[{"embeddable":true,"href":"https:\/\/noti-america.com\/site\/venezuela\/wp-json\/wp\/v2\/media\/27046"}],"wp:attachment":[{"href":"https:\/\/noti-america.com\/site\/venezuela\/wp-json\/wp\/v2\/media?parent=27043"}],"wp:term":[{"taxonomy":"category","embeddable":true,"href":"https:\/\/noti-america.com\/site\/venezuela\/wp-json\/wp\/v2\/categories?post=27043"},{"taxonomy":"post_tag","embeddable":true,"href":"https:\/\/noti-america.com\/site\/venezuela\/wp-json\/wp\/v2\/tags?post=27043"}],"curies":[{"name":"wp","href":"https:\/\/api.w.org\/{rel}","templated":true}]}}