{"id":26841,"date":"2023-04-15T22:05:20","date_gmt":"2023-04-15T22:05:20","guid":{"rendered":"https:\/\/noti-america.com\/site\/venezuela\/?p=26841"},"modified":"2023-04-15T22:05:20","modified_gmt":"2023-04-15T22:05:20","slug":"alcaldia-de-lagunillas-atendio-mas-de-200-familias-del-sector-tierra-santa-con-jornada-integral","status":"publish","type":"post","link":"https:\/\/noti-america.com\/site\/venezuela\/2023\/04\/15\/alcaldia-de-lagunillas-atendio-mas-de-200-familias-del-sector-tierra-santa-con-jornada-integral\/","title":{"rendered":"Alcald\u00eda de Lagunillas atendi\u00f3 m\u00e1s de 200 familias del sector Tierra Santa con jornada integral"},"content":{"rendered":"\r\n<p style=\"text-align: justify\"><img loading=\"lazy\" decoding=\"async\" class=\"size-medium wp-image-26851 aligncenter\" src=\"https:\/\/noti-america.com\/site\/venezuela\/wp-content\/uploads\/sites\/2\/2023\/04\/IMG-20230415-WA0199-300x201.jpg\" alt=\"\" width=\"300\" height=\"201\" srcset=\"https:\/\/noti-america.com\/site\/venezuela\/wp-content\/uploads\/sites\/2\/2023\/04\/IMG-20230415-WA0199-300x201.jpg 300w, https:\/\/noti-america.com\/site\/venezuela\/wp-content\/uploads\/sites\/2\/2023\/04\/IMG-20230415-WA0199-768x514.jpg 768w, https:\/\/noti-america.com\/site\/venezuela\/wp-content\/uploads\/sites\/2\/2023\/04\/IMG-20230415-WA0199-600x402.jpg 600w, https:\/\/noti-america.com\/site\/venezuela\/wp-content\/uploads\/sites\/2\/2023\/04\/IMG-20230415-WA0199-272x182.jpg 272w, https:\/\/noti-america.com\/site\/venezuela\/wp-content\/uploads\/sites\/2\/2023\/04\/IMG-20230415-WA0199.jpg 968w\" sizes=\"auto, (max-width: 300px) 100vw, 300px\" \/><br \/><strong>Con el prop\u00f3sito\u00a0de\u00a0continuar brindando atenci\u00f3n oportuna a los ciudadanos en materia social, la\u00a0gesti\u00f3n municipal liderada por Jos\u00e9 Mosquera, despleg\u00f3\u00a0una jornada integral en el sector Tierra Santa, de la parroquia Libertad.<\/strong> <br \/><img loading=\"lazy\" decoding=\"async\" class=\"size-medium wp-image-26852 aligncenter\" src=\"https:\/\/noti-america.com\/site\/venezuela\/wp-content\/uploads\/sites\/2\/2023\/04\/IMG-20230415-WA0216-300x201.jpg\" alt=\"\" width=\"300\" height=\"201\" srcset=\"https:\/\/noti-america.com\/site\/venezuela\/wp-content\/uploads\/sites\/2\/2023\/04\/IMG-20230415-WA0216-300x201.jpg 300w, https:\/\/noti-america.com\/site\/venezuela\/wp-content\/uploads\/sites\/2\/2023\/04\/IMG-20230415-WA0216-768x514.jpg 768w, https:\/\/noti-america.com\/site\/venezuela\/wp-content\/uploads\/sites\/2\/2023\/04\/IMG-20230415-WA0216-600x402.jpg 600w, https:\/\/noti-america.com\/site\/venezuela\/wp-content\/uploads\/sites\/2\/2023\/04\/IMG-20230415-WA0216-272x182.jpg 272w, https:\/\/noti-america.com\/site\/venezuela\/wp-content\/uploads\/sites\/2\/2023\/04\/IMG-20230415-WA0216.jpg 968w\" sizes=\"auto, (max-width: 300px) 100vw, 300px\" \/><br \/>Durante la misma fueron atendidas m\u00e1s de 200 familias con consultas m\u00e9dicas de Pediatr\u00eda y Medicina General, adem\u00e1s de vacunaci\u00f3n, entrega gratuita de medicamentos, as\u00ed como servicio de barber\u00eda y peluquer\u00eda. <br \/><img loading=\"lazy\" decoding=\"async\" class=\"size-medium wp-image-26853 aligncenter\" src=\"https:\/\/noti-america.com\/site\/venezuela\/wp-content\/uploads\/sites\/2\/2023\/04\/IMG-20230415-WA0207-300x201.jpg\" alt=\"\" width=\"300\" height=\"201\" srcset=\"https:\/\/noti-america.com\/site\/venezuela\/wp-content\/uploads\/sites\/2\/2023\/04\/IMG-20230415-WA0207-300x201.jpg 300w, https:\/\/noti-america.com\/site\/venezuela\/wp-content\/uploads\/sites\/2\/2023\/04\/IMG-20230415-WA0207-768x514.jpg 768w, https:\/\/noti-america.com\/site\/venezuela\/wp-content\/uploads\/sites\/2\/2023\/04\/IMG-20230415-WA0207-600x402.jpg 600w, https:\/\/noti-america.com\/site\/venezuela\/wp-content\/uploads\/sites\/2\/2023\/04\/IMG-20230415-WA0207-272x182.jpg 272w, https:\/\/noti-america.com\/site\/venezuela\/wp-content\/uploads\/sites\/2\/2023\/04\/IMG-20230415-WA0207.jpg 968w\" sizes=\"auto, (max-width: 300px) 100vw, 300px\" \/><br \/>De igual forma el equipo de trabajo de la Alcald\u00eda brind\u00f3 asesor\u00eda legal y apoyo por parte del Registro Municipal y del CMDNNA, para los habitantes de este sector tan vulnerable y olvidado. <br \/><img loading=\"lazy\" decoding=\"async\" class=\"size-medium wp-image-26854 aligncenter\" src=\"https:\/\/noti-america.com\/site\/venezuela\/wp-content\/uploads\/sites\/2\/2023\/04\/IMG-20230415-WA0211-300x201.jpg\" alt=\"\" width=\"300\" height=\"201\" srcset=\"https:\/\/noti-america.com\/site\/venezuela\/wp-content\/uploads\/sites\/2\/2023\/04\/IMG-20230415-WA0211-300x201.jpg 300w, https:\/\/noti-america.com\/site\/venezuela\/wp-content\/uploads\/sites\/2\/2023\/04\/IMG-20230415-WA0211-768x514.jpg 768w, https:\/\/noti-america.com\/site\/venezuela\/wp-content\/uploads\/sites\/2\/2023\/04\/IMG-20230415-WA0211-600x402.jpg 600w, https:\/\/noti-america.com\/site\/venezuela\/wp-content\/uploads\/sites\/2\/2023\/04\/IMG-20230415-WA0211-272x182.jpg 272w, https:\/\/noti-america.com\/site\/venezuela\/wp-content\/uploads\/sites\/2\/2023\/04\/IMG-20230415-WA0211.jpg 968w\" sizes=\"auto, (max-width: 300px) 100vw, 300px\" \/><\/p>\r\n<p><img loading=\"lazy\" decoding=\"async\" class=\"size-medium wp-image-26855 aligncenter\" src=\"https:\/\/noti-america.com\/site\/venezuela\/wp-content\/uploads\/sites\/2\/2023\/04\/IMG-20230415-WA0212-300x201.jpg\" alt=\"\" width=\"300\" height=\"201\" srcset=\"https:\/\/noti-america.com\/site\/venezuela\/wp-content\/uploads\/sites\/2\/2023\/04\/IMG-20230415-WA0212-300x201.jpg 300w, https:\/\/noti-america.com\/site\/venezuela\/wp-content\/uploads\/sites\/2\/2023\/04\/IMG-20230415-WA0212-768x514.jpg 768w, https:\/\/noti-america.com\/site\/venezuela\/wp-content\/uploads\/sites\/2\/2023\/04\/IMG-20230415-WA0212-600x402.jpg 600w, https:\/\/noti-america.com\/site\/venezuela\/wp-content\/uploads\/sites\/2\/2023\/04\/IMG-20230415-WA0212-272x182.jpg 272w, https:\/\/noti-america.com\/site\/venezuela\/wp-content\/uploads\/sites\/2\/2023\/04\/IMG-20230415-WA0212.jpg 968w\" sizes=\"auto, (max-width: 300px) 100vw, 300px\" \/><\/p>\r\n<p>Adem\u00e1s se realizaron actividades recreativas y pintacaritas para los ni\u00f1os del sector, acompa\u00f1ado de un \u00absopazo\u00bb para toda la comunidad. <br \/><img loading=\"lazy\" decoding=\"async\" class=\"alignnone size-medium wp-image-26856 aligncenter\" src=\"https:\/\/noti-america.com\/site\/venezuela\/wp-content\/uploads\/sites\/2\/2023\/04\/IMG-20230415-WA0217-300x201.jpg\" alt=\"\" width=\"300\" height=\"201\" srcset=\"https:\/\/noti-america.com\/site\/venezuela\/wp-content\/uploads\/sites\/2\/2023\/04\/IMG-20230415-WA0217-300x201.jpg 300w, https:\/\/noti-america.com\/site\/venezuela\/wp-content\/uploads\/sites\/2\/2023\/04\/IMG-20230415-WA0217-768x514.jpg 768w, https:\/\/noti-america.com\/site\/venezuela\/wp-content\/uploads\/sites\/2\/2023\/04\/IMG-20230415-WA0217-600x402.jpg 600w, https:\/\/noti-america.com\/site\/venezuela\/wp-content\/uploads\/sites\/2\/2023\/04\/IMG-20230415-WA0217-272x182.jpg 272w, https:\/\/noti-america.com\/site\/venezuela\/wp-content\/uploads\/sites\/2\/2023\/04\/IMG-20230415-WA0217.jpg 968w\" sizes=\"auto, (max-width: 300px) 100vw, 300px\" \/><br \/><strong><em>En este sentido, el alcalde Jos\u00e9 Mosquera, agradeci\u00f3 el apoyo y destac\u00f3 \u201cse vienen cosas buenas para Tierra Santa, es un sector que estaba muy abandonado, pero ahora lleg\u00f3 el cambio al Zulia de la mano del gobernador Manuel Rosales y por supuesto que a nuestro municipio tambi\u00e9n. Estamos, junto a los concejales, en la calle trabajando para dar respuesta a los m\u00e1s necesitados\u201d.<\/em><\/strong> <br \/><img loading=\"lazy\" decoding=\"async\" class=\"size-medium wp-image-26857 aligncenter\" src=\"https:\/\/noti-america.com\/site\/venezuela\/wp-content\/uploads\/sites\/2\/2023\/04\/IMG-20230415-WA0229-300x236.jpg\" alt=\"\" width=\"300\" height=\"236\" srcset=\"https:\/\/noti-america.com\/site\/venezuela\/wp-content\/uploads\/sites\/2\/2023\/04\/IMG-20230415-WA0229-300x236.jpg 300w, https:\/\/noti-america.com\/site\/venezuela\/wp-content\/uploads\/sites\/2\/2023\/04\/IMG-20230415-WA0229-1024x804.jpg 1024w, https:\/\/noti-america.com\/site\/venezuela\/wp-content\/uploads\/sites\/2\/2023\/04\/IMG-20230415-WA0229-768x603.jpg 768w, https:\/\/noti-america.com\/site\/venezuela\/wp-content\/uploads\/sites\/2\/2023\/04\/IMG-20230415-WA0229-600x471.jpg 600w, https:\/\/noti-america.com\/site\/venezuela\/wp-content\/uploads\/sites\/2\/2023\/04\/IMG-20230415-WA0229.jpg 1080w\" sizes=\"auto, (max-width: 300px) 100vw, 300px\" \/><br \/>Por su parte, la primera dama, Margarita Mosquera, se\u00f1al\u00f3 \u201cvamos a llevar estas ayudas a todos los sectores, sabemos que falta mucho por hacer pero tenemos las ganas y el apoyo de un gran equipo\u201d. <br \/>Entre tanto, el Intendente tributario de Sedemat, Julio Salazar, expres\u00f3 \u201cel cambio lleg\u00f3 al municipio, vamos a seguir apoyando a los m\u00e1s necesitados \u201d. <br \/><img loading=\"lazy\" decoding=\"async\" class=\"size-medium wp-image-26858 aligncenter\" src=\"https:\/\/noti-america.com\/site\/venezuela\/wp-content\/uploads\/sites\/2\/2023\/04\/IMG-20230415-WA0214-300x201.jpg\" alt=\"\" width=\"300\" height=\"201\" srcset=\"https:\/\/noti-america.com\/site\/venezuela\/wp-content\/uploads\/sites\/2\/2023\/04\/IMG-20230415-WA0214-300x201.jpg 300w, https:\/\/noti-america.com\/site\/venezuela\/wp-content\/uploads\/sites\/2\/2023\/04\/IMG-20230415-WA0214-768x514.jpg 768w, https:\/\/noti-america.com\/site\/venezuela\/wp-content\/uploads\/sites\/2\/2023\/04\/IMG-20230415-WA0214-600x402.jpg 600w, https:\/\/noti-america.com\/site\/venezuela\/wp-content\/uploads\/sites\/2\/2023\/04\/IMG-20230415-WA0214-272x182.jpg 272w, https:\/\/noti-america.com\/site\/venezuela\/wp-content\/uploads\/sites\/2\/2023\/04\/IMG-20230415-WA0214.jpg 968w\" sizes=\"auto, (max-width: 300px) 100vw, 300px\" \/><br \/>Los beneficiados manifestaron su agradecimiento al gobierno local por la jornada, la cual se har\u00e1 extensiva a otros sectores, pues el compromiso del alcalde Jos\u00e9 Mosquera es mejorar la calidad de vida de cada lagunillense. <br \/><br \/><strong>Fuente: Nota de Prensa<\/strong><\/p>\r\n","protected":false},"excerpt":{"rendered":"<p>Con el prop\u00f3sito\u00a0de\u00a0continuar brindando atenci\u00f3n oportuna a los ciudadanos en materia social, la\u00a0gesti\u00f3n municipal liderada por Jos\u00e9 Mosquera, despleg\u00f3\u00a0una jornada integral en el sector Tierra Santa, de la parroquia Libertad. Durante la misma fueron&#46;&#46;&#46;<\/p>\n","protected":false},"author":40,"featured_media":0,"comment_status":"open","ping_status":"open","sticky":false,"template":"","format":"standard","meta":{"_acf_changed":false,"om_disable_all_campaigns":false,"rop_custom_images_group":[],"rop_custom_messages_group":[],"rop_publish_now":"initial","rop_publish_now_accounts":{"twitter_242054905_242054905":""},"rop_publish_now_history":[],"rop_publish_now_status":"pending","_uf_show_specific_survey":0,"_uf_disable_surveys":false,"footnotes":""},"categories":[164,3,166,156,13],"tags":[221,222],"class_list":["post-26841","post","type-post","status-publish","format-standard","hentry","category-comunidades","category-politica","category-salud","category-venezuela","category-vida-y-salud","tag-ciudad-ojeda","tag-zulia"],"acf":[],"aioseo_notices":[],"yoast_head":"<!-- This site is optimized with the Yoast SEO Premium plugin v24.9 (Yoast SEO v27.2) - https:\/\/yoast.com\/product\/yoast-seo-premium-wordpress\/ -->\n<title>Alcald\u00eda de Lagunillas atendi\u00f3 m\u00e1s de 200 familias del sector Tierra Santa con jornada integral - Venezuela | Noti-America.com<\/title>\n<meta name=\"robots\" content=\"index, follow, max-snippet:-1, max-image-preview:large, max-video-preview:-1\" \/>\n<link rel=\"canonical\" href=\"https:\/\/noti-america.com\/site\/venezuela\/2023\/04\/15\/alcaldia-de-lagunillas-atendio-mas-de-200-familias-del-sector-tierra-santa-con-jornada-integral\/\" \/>\n<meta property=\"og:locale\" content=\"es_ES\" \/>\n<meta property=\"og:type\" content=\"article\" \/>\n<meta property=\"og:title\" content=\"Alcald\u00eda de Lagunillas atendi\u00f3 m\u00e1s de 200 familias del sector Tierra Santa con jornada integral\" \/>\n<meta property=\"og:description\" content=\"Con el prop\u00f3sito\u00a0de\u00a0continuar brindando atenci\u00f3n oportuna a los ciudadanos en materia social, la\u00a0gesti\u00f3n municipal liderada por Jos\u00e9 Mosquera, despleg\u00f3\u00a0una jornada integral en el sector Tierra Santa, de la parroquia Libertad. Durante la misma fueron&#046;&#046;&#046;\" \/>\n<meta property=\"og:url\" content=\"https:\/\/noti-america.com\/site\/venezuela\/2023\/04\/15\/alcaldia-de-lagunillas-atendio-mas-de-200-familias-del-sector-tierra-santa-con-jornada-integral\/\" \/>\n<meta property=\"og:site_name\" content=\"Venezuela | Noti-America.com\" \/>\n<meta property=\"article:published_time\" content=\"2023-04-15T22:05:20+00:00\" \/>\n<meta property=\"og:image\" content=\"https:\/\/noti-america.com\/site\/venezuela\/wp-content\/uploads\/sites\/2\/2023\/04\/IMG-20230415-WA0199-300x201.jpg\" \/>\n<meta name=\"author\" content=\"Hendrick Garcia\" \/>\n<meta name=\"twitter:card\" content=\"summary_large_image\" \/>\n<meta name=\"twitter:label1\" content=\"Escrito por\" \/>\n\t<meta name=\"twitter:data1\" content=\"Hendrick Garcia\" \/>\n\t<meta name=\"twitter:label2\" content=\"Tiempo estimado de lectura\" \/>\n\t<meta name=\"twitter:data2\" content=\"3 minutos\" \/>\n<script type=\"application\/ld+json\" class=\"yoast-schema-graph\">{\"@context\":\"https:\/\/schema.org\",\"@graph\":[{\"@type\":\"Article\",\"@id\":\"https:\/\/noti-america.com\/site\/venezuela\/2023\/04\/15\/alcaldia-de-lagunillas-atendio-mas-de-200-familias-del-sector-tierra-santa-con-jornada-integral\/#article\",\"isPartOf\":{\"@id\":\"https:\/\/noti-america.com\/site\/venezuela\/2023\/04\/15\/alcaldia-de-lagunillas-atendio-mas-de-200-familias-del-sector-tierra-santa-con-jornada-integral\/\"},\"author\":{\"name\":\"Hendrick Garcia\",\"@id\":\"https:\/\/noti-america.com\/site\/venezuela\/#\/schema\/person\/2f37ed06a1cd058e8d611b3d42cce678\"},\"headline\":\"Alcald\u00eda de Lagunillas atendi\u00f3 m\u00e1s de 200 familias del sector Tierra Santa con jornada integral\",\"datePublished\":\"2023-04-15T22:05:20+00:00\",\"mainEntityOfPage\":{\"@id\":\"https:\/\/noti-america.com\/site\/venezuela\/2023\/04\/15\/alcaldia-de-lagunillas-atendio-mas-de-200-familias-del-sector-tierra-santa-con-jornada-integral\/\"},\"wordCount\":313,\"commentCount\":0,\"publisher\":{\"@id\":\"https:\/\/noti-america.com\/site\/venezuela\/#organization\"},\"image\":{\"@id\":\"https:\/\/noti-america.com\/site\/venezuela\/2023\/04\/15\/alcaldia-de-lagunillas-atendio-mas-de-200-familias-del-sector-tierra-santa-con-jornada-integral\/#primaryimage\"},\"thumbnailUrl\":\"https:\/\/noti-america.com\/site\/venezuela\/wp-content\/uploads\/sites\/2\/2023\/04\/IMG-20230415-WA0199-300x201.jpg\",\"keywords\":[\"ciudad ojeda\",\"zulia\"],\"articleSection\":[\"Comunidades\",\"Pol\u00edtica\",\"Salud\",\"Venezuela\",\"Vida y Salud\"],\"inLanguage\":\"es\",\"potentialAction\":[{\"@type\":\"CommentAction\",\"name\":\"Comment\",\"target\":[\"https:\/\/noti-america.com\/site\/venezuela\/2023\/04\/15\/alcaldia-de-lagunillas-atendio-mas-de-200-familias-del-sector-tierra-santa-con-jornada-integral\/#respond\"]}]},{\"@type\":\"WebPage\",\"@id\":\"https:\/\/noti-america.com\/site\/venezuela\/2023\/04\/15\/alcaldia-de-lagunillas-atendio-mas-de-200-familias-del-sector-tierra-santa-con-jornada-integral\/\",\"url\":\"https:\/\/noti-america.com\/site\/venezuela\/2023\/04\/15\/alcaldia-de-lagunillas-atendio-mas-de-200-familias-del-sector-tierra-santa-con-jornada-integral\/\",\"name\":\"Alcald\u00eda de Lagunillas atendi\u00f3 m\u00e1s de 200 familias del sector Tierra Santa con jornada integral - Venezuela | Noti-America.com\",\"isPartOf\":{\"@id\":\"https:\/\/noti-america.com\/site\/venezuela\/#website\"},\"primaryImageOfPage\":{\"@id\":\"https:\/\/noti-america.com\/site\/venezuela\/2023\/04\/15\/alcaldia-de-lagunillas-atendio-mas-de-200-familias-del-sector-tierra-santa-con-jornada-integral\/#primaryimage\"},\"image\":{\"@id\":\"https:\/\/noti-america.com\/site\/venezuela\/2023\/04\/15\/alcaldia-de-lagunillas-atendio-mas-de-200-familias-del-sector-tierra-santa-con-jornada-integral\/#primaryimage\"},\"thumbnailUrl\":\"https:\/\/noti-america.com\/site\/venezuela\/wp-content\/uploads\/sites\/2\/2023\/04\/IMG-20230415-WA0199-300x201.jpg\",\"datePublished\":\"2023-04-15T22:05:20+00:00\",\"breadcrumb\":{\"@id\":\"https:\/\/noti-america.com\/site\/venezuela\/2023\/04\/15\/alcaldia-de-lagunillas-atendio-mas-de-200-familias-del-sector-tierra-santa-con-jornada-integral\/#breadcrumb\"},\"inLanguage\":\"es\",\"potentialAction\":[{\"@type\":\"ReadAction\",\"target\":[\"https:\/\/noti-america.com\/site\/venezuela\/2023\/04\/15\/alcaldia-de-lagunillas-atendio-mas-de-200-familias-del-sector-tierra-santa-con-jornada-integral\/\"]}]},{\"@type\":\"ImageObject\",\"inLanguage\":\"es\",\"@id\":\"https:\/\/noti-america.com\/site\/venezuela\/2023\/04\/15\/alcaldia-de-lagunillas-atendio-mas-de-200-familias-del-sector-tierra-santa-con-jornada-integral\/#primaryimage\",\"url\":\"https:\/\/noti-america.com\/site\/venezuela\/wp-content\/uploads\/sites\/2\/2023\/04\/IMG-20230415-WA0199.jpg\",\"contentUrl\":\"https:\/\/noti-america.com\/site\/venezuela\/wp-content\/uploads\/sites\/2\/2023\/04\/IMG-20230415-WA0199.jpg\",\"width\":968,\"height\":648},{\"@type\":\"BreadcrumbList\",\"@id\":\"https:\/\/noti-america.com\/site\/venezuela\/2023\/04\/15\/alcaldia-de-lagunillas-atendio-mas-de-200-familias-del-sector-tierra-santa-con-jornada-integral\/#breadcrumb\",\"itemListElement\":[{\"@type\":\"ListItem\",\"position\":1,\"name\":\"Portada\",\"item\":\"https:\/\/noti-america.com\/site\/venezuela\/\"},{\"@type\":\"ListItem\",\"position\":2,\"name\":\"Alcald\u00eda de Lagunillas atendi\u00f3 m\u00e1s de 200 familias del sector Tierra Santa con jornada integral\"}]},{\"@type\":\"WebSite\",\"@id\":\"https:\/\/noti-america.com\/site\/venezuela\/#website\",\"url\":\"https:\/\/noti-america.com\/site\/venezuela\/\",\"name\":\"Venezuela | Noti-America.com\",\"description\":\"\",\"publisher\":{\"@id\":\"https:\/\/noti-america.com\/site\/venezuela\/#organization\"},\"potentialAction\":[{\"@type\":\"SearchAction\",\"target\":{\"@type\":\"EntryPoint\",\"urlTemplate\":\"https:\/\/noti-america.com\/site\/venezuela\/?s={search_term_string}\"},\"query-input\":{\"@type\":\"PropertyValueSpecification\",\"valueRequired\":true,\"valueName\":\"search_term_string\"}}],\"inLanguage\":\"es\"},{\"@type\":\"Organization\",\"@id\":\"https:\/\/noti-america.com\/site\/venezuela\/#organization\",\"name\":\"Noti-America LLC | Venezuela\",\"url\":\"https:\/\/noti-america.com\/site\/venezuela\/\",\"logo\":{\"@type\":\"ImageObject\",\"inLanguage\":\"es\",\"@id\":\"https:\/\/noti-america.com\/site\/venezuela\/#\/schema\/logo\/image\/\",\"url\":\"https:\/\/noti-america.com\/site\/venezuela\/wp-content\/uploads\/sites\/2\/2020\/07\/LogoNA-4x3-1.jpg\",\"contentUrl\":\"https:\/\/noti-america.com\/site\/venezuela\/wp-content\/uploads\/sites\/2\/2020\/07\/LogoNA-4x3-1.jpg\",\"width\":1236,\"height\":1080,\"caption\":\"Noti-America LLC | Venezuela\"},\"image\":{\"@id\":\"https:\/\/noti-america.com\/site\/venezuela\/#\/schema\/logo\/image\/\"}},{\"@type\":\"Person\",\"@id\":\"https:\/\/noti-america.com\/site\/venezuela\/#\/schema\/person\/2f37ed06a1cd058e8d611b3d42cce678\",\"name\":\"Hendrick Garcia\",\"image\":{\"@type\":\"ImageObject\",\"inLanguage\":\"es\",\"@id\":\"https:\/\/secure.gravatar.com\/avatar\/07f13ce868ede7f0937b7abbada276f430e4ed25cfff75dbe7f98f95ac02358c?s=96&d=mm&r=g\",\"url\":\"https:\/\/secure.gravatar.com\/avatar\/07f13ce868ede7f0937b7abbada276f430e4ed25cfff75dbe7f98f95ac02358c?s=96&d=mm&r=g\",\"contentUrl\":\"https:\/\/secure.gravatar.com\/avatar\/07f13ce868ede7f0937b7abbada276f430e4ed25cfff75dbe7f98f95ac02358c?s=96&d=mm&r=g\",\"caption\":\"Hendrick Garcia\"},\"url\":\"https:\/\/noti-america.com\/site\/venezuela\/author\/hegarcia\/\"}]}<\/script>\n<!-- \/ Yoast SEO Premium plugin. -->","yoast_head_json":{"title":"Alcald\u00eda de Lagunillas atendi\u00f3 m\u00e1s de 200 familias del sector Tierra Santa con jornada integral - Venezuela | Noti-America.com","robots":{"index":"index","follow":"follow","max-snippet":"max-snippet:-1","max-image-preview":"max-image-preview:large","max-video-preview":"max-video-preview:-1"},"canonical":"https:\/\/noti-america.com\/site\/venezuela\/2023\/04\/15\/alcaldia-de-lagunillas-atendio-mas-de-200-familias-del-sector-tierra-santa-con-jornada-integral\/","og_locale":"es_ES","og_type":"article","og_title":"Alcald\u00eda de Lagunillas atendi\u00f3 m\u00e1s de 200 familias del sector Tierra Santa con jornada integral","og_description":"Con el prop\u00f3sito\u00a0de\u00a0continuar brindando atenci\u00f3n oportuna a los ciudadanos en materia social, la\u00a0gesti\u00f3n municipal liderada por Jos\u00e9 Mosquera, despleg\u00f3\u00a0una jornada integral en el sector Tierra Santa, de la parroquia Libertad. Durante la misma fueron&#46;&#46;&#46;","og_url":"https:\/\/noti-america.com\/site\/venezuela\/2023\/04\/15\/alcaldia-de-lagunillas-atendio-mas-de-200-familias-del-sector-tierra-santa-con-jornada-integral\/","og_site_name":"Venezuela | Noti-America.com","article_published_time":"2023-04-15T22:05:20+00:00","og_image":[{"url":"https:\/\/noti-america.com\/site\/venezuela\/wp-content\/uploads\/sites\/2\/2023\/04\/IMG-20230415-WA0199-300x201.jpg","type":"","width":"","height":""}],"author":"Hendrick Garcia","twitter_card":"summary_large_image","twitter_misc":{"Escrito por":"Hendrick Garcia","Tiempo estimado de lectura":"3 minutos"},"schema":{"@context":"https:\/\/schema.org","@graph":[{"@type":"Article","@id":"https:\/\/noti-america.com\/site\/venezuela\/2023\/04\/15\/alcaldia-de-lagunillas-atendio-mas-de-200-familias-del-sector-tierra-santa-con-jornada-integral\/#article","isPartOf":{"@id":"https:\/\/noti-america.com\/site\/venezuela\/2023\/04\/15\/alcaldia-de-lagunillas-atendio-mas-de-200-familias-del-sector-tierra-santa-con-jornada-integral\/"},"author":{"name":"Hendrick Garcia","@id":"https:\/\/noti-america.com\/site\/venezuela\/#\/schema\/person\/2f37ed06a1cd058e8d611b3d42cce678"},"headline":"Alcald\u00eda de Lagunillas atendi\u00f3 m\u00e1s de 200 familias del sector Tierra Santa con jornada integral","datePublished":"2023-04-15T22:05:20+00:00","mainEntityOfPage":{"@id":"https:\/\/noti-america.com\/site\/venezuela\/2023\/04\/15\/alcaldia-de-lagunillas-atendio-mas-de-200-familias-del-sector-tierra-santa-con-jornada-integral\/"},"wordCount":313,"commentCount":0,"publisher":{"@id":"https:\/\/noti-america.com\/site\/venezuela\/#organization"},"image":{"@id":"https:\/\/noti-america.com\/site\/venezuela\/2023\/04\/15\/alcaldia-de-lagunillas-atendio-mas-de-200-familias-del-sector-tierra-santa-con-jornada-integral\/#primaryimage"},"thumbnailUrl":"https:\/\/noti-america.com\/site\/venezuela\/wp-content\/uploads\/sites\/2\/2023\/04\/IMG-20230415-WA0199-300x201.jpg","keywords":["ciudad ojeda","zulia"],"articleSection":["Comunidades","Pol\u00edtica","Salud","Venezuela","Vida y Salud"],"inLanguage":"es","potentialAction":[{"@type":"CommentAction","name":"Comment","target":["https:\/\/noti-america.com\/site\/venezuela\/2023\/04\/15\/alcaldia-de-lagunillas-atendio-mas-de-200-familias-del-sector-tierra-santa-con-jornada-integral\/#respond"]}]},{"@type":"WebPage","@id":"https:\/\/noti-america.com\/site\/venezuela\/2023\/04\/15\/alcaldia-de-lagunillas-atendio-mas-de-200-familias-del-sector-tierra-santa-con-jornada-integral\/","url":"https:\/\/noti-america.com\/site\/venezuela\/2023\/04\/15\/alcaldia-de-lagunillas-atendio-mas-de-200-familias-del-sector-tierra-santa-con-jornada-integral\/","name":"Alcald\u00eda de Lagunillas atendi\u00f3 m\u00e1s de 200 familias del sector Tierra Santa con jornada integral - Venezuela | Noti-America.com","isPartOf":{"@id":"https:\/\/noti-america.com\/site\/venezuela\/#website"},"primaryImageOfPage":{"@id":"https:\/\/noti-america.com\/site\/venezuela\/2023\/04\/15\/alcaldia-de-lagunillas-atendio-mas-de-200-familias-del-sector-tierra-santa-con-jornada-integral\/#primaryimage"},"image":{"@id":"https:\/\/noti-america.com\/site\/venezuela\/2023\/04\/15\/alcaldia-de-lagunillas-atendio-mas-de-200-familias-del-sector-tierra-santa-con-jornada-integral\/#primaryimage"},"thumbnailUrl":"https:\/\/noti-america.com\/site\/venezuela\/wp-content\/uploads\/sites\/2\/2023\/04\/IMG-20230415-WA0199-300x201.jpg","datePublished":"2023-04-15T22:05:20+00:00","breadcrumb":{"@id":"https:\/\/noti-america.com\/site\/venezuela\/2023\/04\/15\/alcaldia-de-lagunillas-atendio-mas-de-200-familias-del-sector-tierra-santa-con-jornada-integral\/#breadcrumb"},"inLanguage":"es","potentialAction":[{"@type":"ReadAction","target":["https:\/\/noti-america.com\/site\/venezuela\/2023\/04\/15\/alcaldia-de-lagunillas-atendio-mas-de-200-familias-del-sector-tierra-santa-con-jornada-integral\/"]}]},{"@type":"ImageObject","inLanguage":"es","@id":"https:\/\/noti-america.com\/site\/venezuela\/2023\/04\/15\/alcaldia-de-lagunillas-atendio-mas-de-200-familias-del-sector-tierra-santa-con-jornada-integral\/#primaryimage","url":"https:\/\/noti-america.com\/site\/venezuela\/wp-content\/uploads\/sites\/2\/2023\/04\/IMG-20230415-WA0199.jpg","contentUrl":"https:\/\/noti-america.com\/site\/venezuela\/wp-content\/uploads\/sites\/2\/2023\/04\/IMG-20230415-WA0199.jpg","width":968,"height":648},{"@type":"BreadcrumbList","@id":"https:\/\/noti-america.com\/site\/venezuela\/2023\/04\/15\/alcaldia-de-lagunillas-atendio-mas-de-200-familias-del-sector-tierra-santa-con-jornada-integral\/#breadcrumb","itemListElement":[{"@type":"ListItem","position":1,"name":"Portada","item":"https:\/\/noti-america.com\/site\/venezuela\/"},{"@type":"ListItem","position":2,"name":"Alcald\u00eda de Lagunillas atendi\u00f3 m\u00e1s de 200 familias del sector Tierra Santa con jornada integral"}]},{"@type":"WebSite","@id":"https:\/\/noti-america.com\/site\/venezuela\/#website","url":"https:\/\/noti-america.com\/site\/venezuela\/","name":"Venezuela | Noti-America.com","description":"","publisher":{"@id":"https:\/\/noti-america.com\/site\/venezuela\/#organization"},"potentialAction":[{"@type":"SearchAction","target":{"@type":"EntryPoint","urlTemplate":"https:\/\/noti-america.com\/site\/venezuela\/?s={search_term_string}"},"query-input":{"@type":"PropertyValueSpecification","valueRequired":true,"valueName":"search_term_string"}}],"inLanguage":"es"},{"@type":"Organization","@id":"https:\/\/noti-america.com\/site\/venezuela\/#organization","name":"Noti-America LLC | Venezuela","url":"https:\/\/noti-america.com\/site\/venezuela\/","logo":{"@type":"ImageObject","inLanguage":"es","@id":"https:\/\/noti-america.com\/site\/venezuela\/#\/schema\/logo\/image\/","url":"https:\/\/noti-america.com\/site\/venezuela\/wp-content\/uploads\/sites\/2\/2020\/07\/LogoNA-4x3-1.jpg","contentUrl":"https:\/\/noti-america.com\/site\/venezuela\/wp-content\/uploads\/sites\/2\/2020\/07\/LogoNA-4x3-1.jpg","width":1236,"height":1080,"caption":"Noti-America LLC | Venezuela"},"image":{"@id":"https:\/\/noti-america.com\/site\/venezuela\/#\/schema\/logo\/image\/"}},{"@type":"Person","@id":"https:\/\/noti-america.com\/site\/venezuela\/#\/schema\/person\/2f37ed06a1cd058e8d611b3d42cce678","name":"Hendrick Garcia","image":{"@type":"ImageObject","inLanguage":"es","@id":"https:\/\/secure.gravatar.com\/avatar\/07f13ce868ede7f0937b7abbada276f430e4ed25cfff75dbe7f98f95ac02358c?s=96&d=mm&r=g","url":"https:\/\/secure.gravatar.com\/avatar\/07f13ce868ede7f0937b7abbada276f430e4ed25cfff75dbe7f98f95ac02358c?s=96&d=mm&r=g","contentUrl":"https:\/\/secure.gravatar.com\/avatar\/07f13ce868ede7f0937b7abbada276f430e4ed25cfff75dbe7f98f95ac02358c?s=96&d=mm&r=g","caption":"Hendrick Garcia"},"url":"https:\/\/noti-america.com\/site\/venezuela\/author\/hegarcia\/"}]}},"_links":{"self":[{"href":"https:\/\/noti-america.com\/site\/venezuela\/wp-json\/wp\/v2\/posts\/26841","targetHints":{"allow":["GET"]}}],"collection":[{"href":"https:\/\/noti-america.com\/site\/venezuela\/wp-json\/wp\/v2\/posts"}],"about":[{"href":"https:\/\/noti-america.com\/site\/venezuela\/wp-json\/wp\/v2\/types\/post"}],"author":[{"embeddable":true,"href":"https:\/\/noti-america.com\/site\/venezuela\/wp-json\/wp\/v2\/users\/40"}],"replies":[{"embeddable":true,"href":"https:\/\/noti-america.com\/site\/venezuela\/wp-json\/wp\/v2\/comments?post=26841"}],"version-history":[{"count":2,"href":"https:\/\/noti-america.com\/site\/venezuela\/wp-json\/wp\/v2\/posts\/26841\/revisions"}],"predecessor-version":[{"id":26859,"href":"https:\/\/noti-america.com\/site\/venezuela\/wp-json\/wp\/v2\/posts\/26841\/revisions\/26859"}],"wp:attachment":[{"href":"https:\/\/noti-america.com\/site\/venezuela\/wp-json\/wp\/v2\/media?parent=26841"}],"wp:term":[{"taxonomy":"category","embeddable":true,"href":"https:\/\/noti-america.com\/site\/venezuela\/wp-json\/wp\/v2\/categories?post=26841"},{"taxonomy":"post_tag","embeddable":true,"href":"https:\/\/noti-america.com\/site\/venezuela\/wp-json\/wp\/v2\/tags?post=26841"}],"curies":[{"name":"wp","href":"https:\/\/api.w.org\/{rel}","templated":true}]}}