{"id":2669,"date":"2018-07-30T20:23:48","date_gmt":"2018-07-30T20:23:48","guid":{"rendered":"http:\/\/noti-america.com\/site\/venezuela\/2018\/07\/30\/vibraciones-de-la-semana-del-30-de-julio-al-5-de-agosto\/"},"modified":"2018-07-30T20:23:48","modified_gmt":"2018-07-30T20:23:48","slug":"vibraciones-de-la-semana-del-30-de-julio-al-5-de-agosto","status":"publish","type":"post","link":"https:\/\/noti-america.com\/site\/venezuela\/2018\/07\/30\/vibraciones-de-la-semana-del-30-de-julio-al-5-de-agosto\/","title":{"rendered":"*Vibraciones de la Semana del 30 de Julio al 5 de Agosto*"},"content":{"rendered":"<p>*Vibraciones de la Semana del 30 de Julio al 5 de Agosto*<br \/>\nSon d\u00edas con mucha carga Astrol\u00f3gica los que hemos venido viviendo,\u00a0 sin embargo NADA puede ser definitivo a menos que as\u00ed lo deseemos, no hay retrogradaci\u00f3n que pueda destruir planes o acabar imperios. Somos nosotros los \u00fanicos responsables de lo que vivimos, por tanto hay que asumirlo y punto. Esta semana la iniciamos con la Luna en Piscis que unida al cierre de mes nos indica que hay que poner FIN a eso que nos detiene. A mediados de la misma entramos en el octavo mes del a\u00f1o y la Luna estar\u00e1 en Aries as\u00ed que a cuidar lo que se dice y hace. El fin de semana iniciar\u00e1 en Tauro lo que abre las puerta a esos placeres terrenales que tanto nos encantan.<\/p>\n<p>*Finanzas y Negocios*<br \/>\nSe concretan nuevos convenios y se finiquita con aquello que no prosper\u00f3.\u00a0 Evitar que se inmiscuyan aquellos que desconocen los procedimientos administrativos. A pesar de que es momento de aplicar trabajo en equipo, es conveniente tener mucho cuidado al momento de delegar responsabilidades a otros, en caso de que sea indispensable hacerlo, deben ser muy espec\u00edficas las indicaciones y si es posible que todo quede por escrito.<\/p>\n<p>*Emotivo-Sentimental:*<br \/>\nPasiones que se desbordan, pensamientos descontrolados, desencuentros por encuentros inesperados.\u00a0 Amores que regresan del pasado. Finales que ya no se pueden aplazar m\u00e1s.\u00a0 Decisiones familiares\u00a0 que deben ser respetadas aun a pesar de que no sean agradables.\u00a0 Wow!!! Muchas emociones que nos estar\u00e1n sacudiendo esta semana, as\u00ed que a relajarse y dejar que todo fluya. La conexi\u00f3n con nuestra esencia ser\u00e1 lo que nos permitir\u00e1 encontrar el equilibrio.<\/p>\n<p>*Recuerda que:*<br \/>\nTodo lo que ocurre en nuestras vidas es porque as\u00ed lo elegimos antes de nacer.\u00a0 Cada experiencia nos transporta a ese lugar que vinimos a explorar. Somos seres espirituales, pero no perfectos; vinimos a vivir experiencias terrenales as\u00ed que dejemos de distraernos en el camino con tantas cosas innecesarias y comencemos a SER FELICES que en realidad es nuestra principal misi\u00f3n. Todo lo que vivimos nos otorga herramientas para lo que falta por vivir.<\/p>\n<p>Recomendaci\u00f3n:<\/p>\n<p>\u2606\u00a0 C\u00f3mo siempre digo: Un paso a la vez, as\u00ed poco a poco se llega muy lejos.<br \/>\n\u2606\u00a0\u00a0 Organiza tus ideas y ponlas en pr\u00e1ctica.<br \/>\n\u2606\u00a0 Lib\u00e9rate de los apegos materiales y emocionales para que puedas lograr tus metas personales.<br \/>\n\u2606 Amate sin prejuicios as\u00ed podr\u00e1s recibir de otros el amor deseado.<br \/>\n\u2606 Valora y agradece todo lo que tienes y acepta la responsabilidad que aquello que no lograste.<br \/>\n\u2606 Busca acompa\u00f1amiento terap\u00e9utico si te das cuenta que lo recomendado te es complicado.<\/p>\n<p>_Meylin Rodr\u00edguez_<br \/>\nLuna M\u00edstica<br \/>\nNumer\u00f3loga \/ Tarotista \/ Master Reiki<br \/>\nTerapeuta Vibracional Neochamanica<\/p>\n<p>WhatsApp\u00a0 +58 4242784689<\/p>\n<p>Instagram\u00a0\u00a0 @secretosdelunamistica<br \/>\nFacebook\u00a0\u00a0\u00a0 Luna M\u00edstica<br \/>\nTwitter\u00a0\u00a0\u00a0\u00a0\u00a0\u00a0\u00a0\u00a0 @meylunamistica<\/p>\n<p>Consultas presenciales y online a nivel Nacional e Internacional<\/p>\n<p>\ud83d\udc49*Si te gust\u00f3, comparte y recomienda*\ud83d\udc48<\/p>\n","protected":false},"excerpt":{"rendered":"<p>*Vibraciones de la Semana del 30 de Julio al 5 de Agosto* Son d\u00edas con mucha carga Astrol\u00f3gica los que hemos venido viviendo,\u00a0 sin embargo NADA puede ser definitivo a menos que as\u00ed lo&#46;&#46;&#46;<\/p>\n","protected":false},"author":2,"featured_media":2252,"comment_status":"open","ping_status":"open","sticky":false,"template":"","format":"standard","meta":{"_acf_changed":false,"om_disable_all_campaigns":false,"rop_custom_images_group":[],"rop_custom_messages_group":[],"rop_publish_now":"initial","rop_publish_now_accounts":{"twitter_242054905_242054905":""},"rop_publish_now_history":[],"rop_publish_now_status":"pending","_uf_show_specific_survey":0,"_uf_disable_surveys":false,"footnotes":""},"categories":[8,12],"tags":[],"class_list":["post-2669","post","type-post","status-publish","format-standard","has-post-thumbnail","hentry","category-arte-y-espectaculos","category-opinion"],"acf":[],"aioseo_notices":[],"yoast_head":"<!-- This site is optimized with the Yoast SEO Premium plugin v24.9 (Yoast SEO v27.2) - https:\/\/yoast.com\/product\/yoast-seo-premium-wordpress\/ -->\n<title>*Vibraciones de la Semana del 30 de Julio al 5 de Agosto* - Venezuela | Noti-America.com<\/title>\n<meta name=\"robots\" content=\"index, follow, max-snippet:-1, max-image-preview:large, max-video-preview:-1\" \/>\n<link rel=\"canonical\" href=\"https:\/\/noti-america.com\/site\/venezuela\/2018\/07\/30\/vibraciones-de-la-semana-del-30-de-julio-al-5-de-agosto\/\" \/>\n<meta property=\"og:locale\" content=\"es_ES\" \/>\n<meta property=\"og:type\" content=\"article\" \/>\n<meta property=\"og:title\" content=\"*Vibraciones de la Semana del 30 de Julio al 5 de Agosto*\" \/>\n<meta property=\"og:description\" content=\"*Vibraciones de la Semana del 30 de Julio al 5 de Agosto* Son d\u00edas con mucha carga Astrol\u00f3gica los que hemos venido viviendo,\u00a0 sin embargo NADA puede ser definitivo a menos que as\u00ed lo&#046;&#046;&#046;\" \/>\n<meta property=\"og:url\" content=\"https:\/\/noti-america.com\/site\/venezuela\/2018\/07\/30\/vibraciones-de-la-semana-del-30-de-julio-al-5-de-agosto\/\" \/>\n<meta property=\"og:site_name\" content=\"Venezuela | Noti-America.com\" \/>\n<meta property=\"article:published_time\" content=\"2018-07-30T20:23:48+00:00\" \/>\n<meta property=\"og:image\" content=\"https:\/\/noti-america.com\/site\/venezuela\/wp-content\/uploads\/sites\/2\/2018\/06\/IMG_i0w4sh.jpg\" \/>\n\t<meta property=\"og:image:width\" content=\"1\" \/>\n\t<meta property=\"og:image:height\" content=\"1\" \/>\n\t<meta property=\"og:image:type\" content=\"image\/jpeg\" \/>\n<meta name=\"author\" content=\"rloaiza\" \/>\n<meta name=\"twitter:card\" content=\"summary_large_image\" \/>\n<meta name=\"twitter:label1\" content=\"Escrito por\" \/>\n\t<meta name=\"twitter:data1\" content=\"rloaiza\" \/>\n\t<meta name=\"twitter:label2\" content=\"Tiempo estimado de lectura\" \/>\n\t<meta name=\"twitter:data2\" content=\"2 minutos\" \/>\n<script type=\"application\/ld+json\" class=\"yoast-schema-graph\">{\"@context\":\"https:\/\/schema.org\",\"@graph\":[{\"@type\":\"Article\",\"@id\":\"https:\/\/noti-america.com\/site\/venezuela\/2018\/07\/30\/vibraciones-de-la-semana-del-30-de-julio-al-5-de-agosto\/#article\",\"isPartOf\":{\"@id\":\"https:\/\/noti-america.com\/site\/venezuela\/2018\/07\/30\/vibraciones-de-la-semana-del-30-de-julio-al-5-de-agosto\/\"},\"author\":{\"name\":\"rloaiza\",\"@id\":\"https:\/\/noti-america.com\/site\/venezuela\/#\/schema\/person\/a2e478ba496331ce89bcd0c731cd6533\"},\"headline\":\"*Vibraciones de la Semana del 30 de Julio al 5 de Agosto*\",\"datePublished\":\"2018-07-30T20:23:48+00:00\",\"mainEntityOfPage\":{\"@id\":\"https:\/\/noti-america.com\/site\/venezuela\/2018\/07\/30\/vibraciones-de-la-semana-del-30-de-julio-al-5-de-agosto\/\"},\"wordCount\":491,\"commentCount\":0,\"publisher\":{\"@id\":\"https:\/\/noti-america.com\/site\/venezuela\/#organization\"},\"image\":{\"@id\":\"https:\/\/noti-america.com\/site\/venezuela\/2018\/07\/30\/vibraciones-de-la-semana-del-30-de-julio-al-5-de-agosto\/#primaryimage\"},\"thumbnailUrl\":\"https:\/\/noti-america.com\/site\/venezuela\/wp-content\/uploads\/sites\/2\/2018\/06\/IMG_i0w4sh.jpg\",\"articleSection\":[\"Arte y Espect\u00e1culos\",\"Opini\u00f3n\"],\"inLanguage\":\"es\",\"potentialAction\":[{\"@type\":\"CommentAction\",\"name\":\"Comment\",\"target\":[\"https:\/\/noti-america.com\/site\/venezuela\/2018\/07\/30\/vibraciones-de-la-semana-del-30-de-julio-al-5-de-agosto\/#respond\"]}]},{\"@type\":\"WebPage\",\"@id\":\"https:\/\/noti-america.com\/site\/venezuela\/2018\/07\/30\/vibraciones-de-la-semana-del-30-de-julio-al-5-de-agosto\/\",\"url\":\"https:\/\/noti-america.com\/site\/venezuela\/2018\/07\/30\/vibraciones-de-la-semana-del-30-de-julio-al-5-de-agosto\/\",\"name\":\"*Vibraciones de la Semana del 30 de Julio al 5 de Agosto* - Venezuela | Noti-America.com\",\"isPartOf\":{\"@id\":\"https:\/\/noti-america.com\/site\/venezuela\/#website\"},\"primaryImageOfPage\":{\"@id\":\"https:\/\/noti-america.com\/site\/venezuela\/2018\/07\/30\/vibraciones-de-la-semana-del-30-de-julio-al-5-de-agosto\/#primaryimage\"},\"image\":{\"@id\":\"https:\/\/noti-america.com\/site\/venezuela\/2018\/07\/30\/vibraciones-de-la-semana-del-30-de-julio-al-5-de-agosto\/#primaryimage\"},\"thumbnailUrl\":\"https:\/\/noti-america.com\/site\/venezuela\/wp-content\/uploads\/sites\/2\/2018\/06\/IMG_i0w4sh.jpg\",\"datePublished\":\"2018-07-30T20:23:48+00:00\",\"breadcrumb\":{\"@id\":\"https:\/\/noti-america.com\/site\/venezuela\/2018\/07\/30\/vibraciones-de-la-semana-del-30-de-julio-al-5-de-agosto\/#breadcrumb\"},\"inLanguage\":\"es\",\"potentialAction\":[{\"@type\":\"ReadAction\",\"target\":[\"https:\/\/noti-america.com\/site\/venezuela\/2018\/07\/30\/vibraciones-de-la-semana-del-30-de-julio-al-5-de-agosto\/\"]}]},{\"@type\":\"ImageObject\",\"inLanguage\":\"es\",\"@id\":\"https:\/\/noti-america.com\/site\/venezuela\/2018\/07\/30\/vibraciones-de-la-semana-del-30-de-julio-al-5-de-agosto\/#primaryimage\",\"url\":\"https:\/\/noti-america.com\/site\/venezuela\/wp-content\/uploads\/sites\/2\/2018\/06\/IMG_i0w4sh.jpg\",\"contentUrl\":\"https:\/\/noti-america.com\/site\/venezuela\/wp-content\/uploads\/sites\/2\/2018\/06\/IMG_i0w4sh.jpg\"},{\"@type\":\"BreadcrumbList\",\"@id\":\"https:\/\/noti-america.com\/site\/venezuela\/2018\/07\/30\/vibraciones-de-la-semana-del-30-de-julio-al-5-de-agosto\/#breadcrumb\",\"itemListElement\":[{\"@type\":\"ListItem\",\"position\":1,\"name\":\"Portada\",\"item\":\"https:\/\/noti-america.com\/site\/venezuela\/\"},{\"@type\":\"ListItem\",\"position\":2,\"name\":\"*Vibraciones de la Semana del 30 de Julio al 5 de Agosto*\"}]},{\"@type\":\"WebSite\",\"@id\":\"https:\/\/noti-america.com\/site\/venezuela\/#website\",\"url\":\"https:\/\/noti-america.com\/site\/venezuela\/\",\"name\":\"Venezuela | Noti-America.com\",\"description\":\"\",\"publisher\":{\"@id\":\"https:\/\/noti-america.com\/site\/venezuela\/#organization\"},\"potentialAction\":[{\"@type\":\"SearchAction\",\"target\":{\"@type\":\"EntryPoint\",\"urlTemplate\":\"https:\/\/noti-america.com\/site\/venezuela\/?s={search_term_string}\"},\"query-input\":{\"@type\":\"PropertyValueSpecification\",\"valueRequired\":true,\"valueName\":\"search_term_string\"}}],\"inLanguage\":\"es\"},{\"@type\":\"Organization\",\"@id\":\"https:\/\/noti-america.com\/site\/venezuela\/#organization\",\"name\":\"Noti-America LLC | Venezuela\",\"url\":\"https:\/\/noti-america.com\/site\/venezuela\/\",\"logo\":{\"@type\":\"ImageObject\",\"inLanguage\":\"es\",\"@id\":\"https:\/\/noti-america.com\/site\/venezuela\/#\/schema\/logo\/image\/\",\"url\":\"https:\/\/noti-america.com\/site\/venezuela\/wp-content\/uploads\/sites\/2\/2020\/07\/LogoNA-4x3-1.jpg\",\"contentUrl\":\"https:\/\/noti-america.com\/site\/venezuela\/wp-content\/uploads\/sites\/2\/2020\/07\/LogoNA-4x3-1.jpg\",\"width\":1236,\"height\":1080,\"caption\":\"Noti-America LLC | Venezuela\"},\"image\":{\"@id\":\"https:\/\/noti-america.com\/site\/venezuela\/#\/schema\/logo\/image\/\"}},{\"@type\":\"Person\",\"@id\":\"https:\/\/noti-america.com\/site\/venezuela\/#\/schema\/person\/a2e478ba496331ce89bcd0c731cd6533\",\"name\":\"rloaiza\",\"image\":{\"@type\":\"ImageObject\",\"inLanguage\":\"es\",\"@id\":\"https:\/\/secure.gravatar.com\/avatar\/190058e5d4427934610b99c45aa7a6558806850adedd53ddeddd194b04773e22?s=96&d=mm&r=g\",\"url\":\"https:\/\/secure.gravatar.com\/avatar\/190058e5d4427934610b99c45aa7a6558806850adedd53ddeddd194b04773e22?s=96&d=mm&r=g\",\"contentUrl\":\"https:\/\/secure.gravatar.com\/avatar\/190058e5d4427934610b99c45aa7a6558806850adedd53ddeddd194b04773e22?s=96&d=mm&r=g\",\"caption\":\"rloaiza\"},\"url\":\"https:\/\/noti-america.com\/site\/venezuela\/author\/rloaiza\/\"}]}<\/script>\n<!-- \/ Yoast SEO Premium plugin. -->","yoast_head_json":{"title":"*Vibraciones de la Semana del 30 de Julio al 5 de Agosto* - Venezuela | Noti-America.com","robots":{"index":"index","follow":"follow","max-snippet":"max-snippet:-1","max-image-preview":"max-image-preview:large","max-video-preview":"max-video-preview:-1"},"canonical":"https:\/\/noti-america.com\/site\/venezuela\/2018\/07\/30\/vibraciones-de-la-semana-del-30-de-julio-al-5-de-agosto\/","og_locale":"es_ES","og_type":"article","og_title":"*Vibraciones de la Semana del 30 de Julio al 5 de Agosto*","og_description":"*Vibraciones de la Semana del 30 de Julio al 5 de Agosto* Son d\u00edas con mucha carga Astrol\u00f3gica los que hemos venido viviendo,\u00a0 sin embargo NADA puede ser definitivo a menos que as\u00ed lo&#46;&#46;&#46;","og_url":"https:\/\/noti-america.com\/site\/venezuela\/2018\/07\/30\/vibraciones-de-la-semana-del-30-de-julio-al-5-de-agosto\/","og_site_name":"Venezuela | Noti-America.com","article_published_time":"2018-07-30T20:23:48+00:00","og_image":[{"url":"https:\/\/noti-america.com\/site\/venezuela\/wp-content\/uploads\/sites\/2\/2018\/06\/IMG_i0w4sh.jpg","width":1,"height":1,"type":"image\/jpeg"}],"author":"rloaiza","twitter_card":"summary_large_image","twitter_misc":{"Escrito por":"rloaiza","Tiempo estimado de lectura":"2 minutos"},"schema":{"@context":"https:\/\/schema.org","@graph":[{"@type":"Article","@id":"https:\/\/noti-america.com\/site\/venezuela\/2018\/07\/30\/vibraciones-de-la-semana-del-30-de-julio-al-5-de-agosto\/#article","isPartOf":{"@id":"https:\/\/noti-america.com\/site\/venezuela\/2018\/07\/30\/vibraciones-de-la-semana-del-30-de-julio-al-5-de-agosto\/"},"author":{"name":"rloaiza","@id":"https:\/\/noti-america.com\/site\/venezuela\/#\/schema\/person\/a2e478ba496331ce89bcd0c731cd6533"},"headline":"*Vibraciones de la Semana del 30 de Julio al 5 de Agosto*","datePublished":"2018-07-30T20:23:48+00:00","mainEntityOfPage":{"@id":"https:\/\/noti-america.com\/site\/venezuela\/2018\/07\/30\/vibraciones-de-la-semana-del-30-de-julio-al-5-de-agosto\/"},"wordCount":491,"commentCount":0,"publisher":{"@id":"https:\/\/noti-america.com\/site\/venezuela\/#organization"},"image":{"@id":"https:\/\/noti-america.com\/site\/venezuela\/2018\/07\/30\/vibraciones-de-la-semana-del-30-de-julio-al-5-de-agosto\/#primaryimage"},"thumbnailUrl":"https:\/\/noti-america.com\/site\/venezuela\/wp-content\/uploads\/sites\/2\/2018\/06\/IMG_i0w4sh.jpg","articleSection":["Arte y Espect\u00e1culos","Opini\u00f3n"],"inLanguage":"es","potentialAction":[{"@type":"CommentAction","name":"Comment","target":["https:\/\/noti-america.com\/site\/venezuela\/2018\/07\/30\/vibraciones-de-la-semana-del-30-de-julio-al-5-de-agosto\/#respond"]}]},{"@type":"WebPage","@id":"https:\/\/noti-america.com\/site\/venezuela\/2018\/07\/30\/vibraciones-de-la-semana-del-30-de-julio-al-5-de-agosto\/","url":"https:\/\/noti-america.com\/site\/venezuela\/2018\/07\/30\/vibraciones-de-la-semana-del-30-de-julio-al-5-de-agosto\/","name":"*Vibraciones de la Semana del 30 de Julio al 5 de Agosto* - Venezuela | Noti-America.com","isPartOf":{"@id":"https:\/\/noti-america.com\/site\/venezuela\/#website"},"primaryImageOfPage":{"@id":"https:\/\/noti-america.com\/site\/venezuela\/2018\/07\/30\/vibraciones-de-la-semana-del-30-de-julio-al-5-de-agosto\/#primaryimage"},"image":{"@id":"https:\/\/noti-america.com\/site\/venezuela\/2018\/07\/30\/vibraciones-de-la-semana-del-30-de-julio-al-5-de-agosto\/#primaryimage"},"thumbnailUrl":"https:\/\/noti-america.com\/site\/venezuela\/wp-content\/uploads\/sites\/2\/2018\/06\/IMG_i0w4sh.jpg","datePublished":"2018-07-30T20:23:48+00:00","breadcrumb":{"@id":"https:\/\/noti-america.com\/site\/venezuela\/2018\/07\/30\/vibraciones-de-la-semana-del-30-de-julio-al-5-de-agosto\/#breadcrumb"},"inLanguage":"es","potentialAction":[{"@type":"ReadAction","target":["https:\/\/noti-america.com\/site\/venezuela\/2018\/07\/30\/vibraciones-de-la-semana-del-30-de-julio-al-5-de-agosto\/"]}]},{"@type":"ImageObject","inLanguage":"es","@id":"https:\/\/noti-america.com\/site\/venezuela\/2018\/07\/30\/vibraciones-de-la-semana-del-30-de-julio-al-5-de-agosto\/#primaryimage","url":"https:\/\/noti-america.com\/site\/venezuela\/wp-content\/uploads\/sites\/2\/2018\/06\/IMG_i0w4sh.jpg","contentUrl":"https:\/\/noti-america.com\/site\/venezuela\/wp-content\/uploads\/sites\/2\/2018\/06\/IMG_i0w4sh.jpg"},{"@type":"BreadcrumbList","@id":"https:\/\/noti-america.com\/site\/venezuela\/2018\/07\/30\/vibraciones-de-la-semana-del-30-de-julio-al-5-de-agosto\/#breadcrumb","itemListElement":[{"@type":"ListItem","position":1,"name":"Portada","item":"https:\/\/noti-america.com\/site\/venezuela\/"},{"@type":"ListItem","position":2,"name":"*Vibraciones de la Semana del 30 de Julio al 5 de Agosto*"}]},{"@type":"WebSite","@id":"https:\/\/noti-america.com\/site\/venezuela\/#website","url":"https:\/\/noti-america.com\/site\/venezuela\/","name":"Venezuela | Noti-America.com","description":"","publisher":{"@id":"https:\/\/noti-america.com\/site\/venezuela\/#organization"},"potentialAction":[{"@type":"SearchAction","target":{"@type":"EntryPoint","urlTemplate":"https:\/\/noti-america.com\/site\/venezuela\/?s={search_term_string}"},"query-input":{"@type":"PropertyValueSpecification","valueRequired":true,"valueName":"search_term_string"}}],"inLanguage":"es"},{"@type":"Organization","@id":"https:\/\/noti-america.com\/site\/venezuela\/#organization","name":"Noti-America LLC | Venezuela","url":"https:\/\/noti-america.com\/site\/venezuela\/","logo":{"@type":"ImageObject","inLanguage":"es","@id":"https:\/\/noti-america.com\/site\/venezuela\/#\/schema\/logo\/image\/","url":"https:\/\/noti-america.com\/site\/venezuela\/wp-content\/uploads\/sites\/2\/2020\/07\/LogoNA-4x3-1.jpg","contentUrl":"https:\/\/noti-america.com\/site\/venezuela\/wp-content\/uploads\/sites\/2\/2020\/07\/LogoNA-4x3-1.jpg","width":1236,"height":1080,"caption":"Noti-America LLC | Venezuela"},"image":{"@id":"https:\/\/noti-america.com\/site\/venezuela\/#\/schema\/logo\/image\/"}},{"@type":"Person","@id":"https:\/\/noti-america.com\/site\/venezuela\/#\/schema\/person\/a2e478ba496331ce89bcd0c731cd6533","name":"rloaiza","image":{"@type":"ImageObject","inLanguage":"es","@id":"https:\/\/secure.gravatar.com\/avatar\/190058e5d4427934610b99c45aa7a6558806850adedd53ddeddd194b04773e22?s=96&d=mm&r=g","url":"https:\/\/secure.gravatar.com\/avatar\/190058e5d4427934610b99c45aa7a6558806850adedd53ddeddd194b04773e22?s=96&d=mm&r=g","contentUrl":"https:\/\/secure.gravatar.com\/avatar\/190058e5d4427934610b99c45aa7a6558806850adedd53ddeddd194b04773e22?s=96&d=mm&r=g","caption":"rloaiza"},"url":"https:\/\/noti-america.com\/site\/venezuela\/author\/rloaiza\/"}]}},"_links":{"self":[{"href":"https:\/\/noti-america.com\/site\/venezuela\/wp-json\/wp\/v2\/posts\/2669","targetHints":{"allow":["GET"]}}],"collection":[{"href":"https:\/\/noti-america.com\/site\/venezuela\/wp-json\/wp\/v2\/posts"}],"about":[{"href":"https:\/\/noti-america.com\/site\/venezuela\/wp-json\/wp\/v2\/types\/post"}],"author":[{"embeddable":true,"href":"https:\/\/noti-america.com\/site\/venezuela\/wp-json\/wp\/v2\/users\/2"}],"replies":[{"embeddable":true,"href":"https:\/\/noti-america.com\/site\/venezuela\/wp-json\/wp\/v2\/comments?post=2669"}],"version-history":[{"count":0,"href":"https:\/\/noti-america.com\/site\/venezuela\/wp-json\/wp\/v2\/posts\/2669\/revisions"}],"wp:featuredmedia":[{"embeddable":true,"href":"https:\/\/noti-america.com\/site\/venezuela\/wp-json\/wp\/v2\/media\/2252"}],"wp:attachment":[{"href":"https:\/\/noti-america.com\/site\/venezuela\/wp-json\/wp\/v2\/media?parent=2669"}],"wp:term":[{"taxonomy":"category","embeddable":true,"href":"https:\/\/noti-america.com\/site\/venezuela\/wp-json\/wp\/v2\/categories?post=2669"},{"taxonomy":"post_tag","embeddable":true,"href":"https:\/\/noti-america.com\/site\/venezuela\/wp-json\/wp\/v2\/tags?post=2669"}],"curies":[{"name":"wp","href":"https:\/\/api.w.org\/{rel}","templated":true}]}}