{"id":2635,"date":"2018-07-24T20:48:50","date_gmt":"2018-07-24T20:48:50","guid":{"rendered":"http:\/\/noti-america.com\/site\/venezuela\/2018\/07\/24\/el-bravo-renacer-de-anibal-sanchez-por-marco-gamez\/"},"modified":"2018-07-25T01:48:53","modified_gmt":"2018-07-25T01:48:53","slug":"el-bravo-renacer-de-anibal-sanchez-por-marco-gamez","status":"publish","type":"post","link":"https:\/\/noti-america.com\/site\/venezuela\/2018\/07\/24\/el-bravo-renacer-de-anibal-sanchez-por-marco-gamez\/","title":{"rendered":"El bravo renacer de An\u00edbal S\u00e1nchez  Por: Marco G\u00e1mez"},"content":{"rendered":"<p>El bravo renacer de An\u00edbal S\u00e1nchez<\/p>\n<p>Por: Marco G\u00e1mez<\/p>\n<p>&nbsp;<\/p>\n<p>\u00bfQu\u00e9 hac\u00eda usted la noche del 6 de septiembre de 2006? \u2026Mientras eso ocurr\u00eda en su vida, el lanzador novato An\u00edbal S\u00e1nchez, vistiendo el uniforme de los para entonces Marlins de Florida dejaba sin hits ni carreras a los Cascabeles de Arizona. En esa su primera temporada, por si fuera poco, el venezolano gan\u00f3 10 de 13 decisiones.<\/p>\n<p>Sin embargo, apenas meses despu\u00e9s, en la primavera de 2007, problemas de descontrol y una lesi\u00f3n en el hombro, que lo llev\u00f3 hasta el quir\u00f3fano, cambiaron por completo su proyecci\u00f3n como lanzador de grandes ligas.<\/p>\n<p>13 triunfos en 25 decisiones con un equipo de 80 victorias, ocupante del tercer lugar en su divisi\u00f3n y que se desmembraba lo devolvieron en 2010 al plan estelar, en un negocio, como son las Grandes Ligas, donde hacen falta unos 350 brazos por temporada. Afortunadamente para \u00e9l fue cambiado a los Tigres de Detroit en 2012.<\/p>\n<p>Con los felinos vivi\u00f3 la emoci\u00f3n de la postemporada, obtuvo un excelente contrato y una campa\u00f1a inolvidable tras firmar ese lucrativo acuerdo. Gan\u00f3 14, perdi\u00f3 ocho y coleccion\u00f3 microsc\u00f3pica efectividad de 2,57 durante 2013.<\/p>\n<p>Pero al igual que en Miami sus n\u00fameros luego de un momento brillante decayeron. En esta ocasi\u00f3n no solo fueron lesiones, sino que su recta ya no ten\u00eda la misma velocidad y no marcaba diferencia con los env\u00edos quebrados para enga\u00f1ar a los bateadores. Luego de 2014, no dominaba a sus rivales hasta hacerlos producir roletazos, sino que abundaron los batazos en l\u00ednea y los elevados.<\/p>\n<p>Perder su puesto en la rotaci\u00f3n, ser enviado al bullpen y luego al equipo Triple A hac\u00edan presagiar, en 2017, el final de la carrera para el nacido en Maracay, estado Aragua.<\/p>\n<p>Adicionalmente, este a\u00f1o no pudo siquiera aprovechar la oportunidad primaveral ofrecida por los Mellizos de Minnesota por lo que era un desempleado m\u00e1s hasta que, una semana m\u00e1s tarde, los Bravos de Atlanta confiaron en \u00e9l a sus 34 a\u00f1os.<\/p>\n<p>Atlanta que en la campa\u00f1a anterior despidi\u00f3 a otro veterano lanzador, Bartolo Col\u00f3n, para brindar la oportunidad a sus j\u00f3venes brazos firm\u00f3 al trajinado An\u00edbal S\u00e1nchez, quien otra vez lesionado no pudo volver a las mayores sino hasta finales de mayo pasado.<\/p>\n<p>El m\u00e1nager Brian Snitker cree en \u00e9l desde su llegada a la organizaci\u00f3n hachera. \u201cS\u00e9 que es un tipo que sabe como lanzar. Puede usar ambos lados del plato. Sabe cambiar la velocidad de sus env\u00edos. Tiene experiencia\u201d. El lanzador no lo ha defraudado con sus cinco ganados, dos reveses y efectividad de 2,76.<\/p>\n<p>\u201cS\u00e1nchez ha sido una bendici\u00f3n divina para los Bravos\u201d, escribi\u00f3 el periodista David O\u2019Brien luego del triunfo del derecho en la casa de los Cerveceros de Milwaukee a comienzos de julio.<\/p>\n<p>Por su parte, el rendidor inicialista Freddie Freeman lo compara con otro venezolano, Freddy Garc\u00eda, quien tuvo buen desempe\u00f1o en este equipo durante 2013, precisamente la \u00faltima vez que los Bravos accedieron a la postemporada. Meta que, obviamente, tienen planteada de nuevo cuando el calendario ya ha sido cubierto en m\u00e1s de la mitad.<\/p>\n<p>An\u00edbal S\u00e1nchez est\u00e1 pautado para recibir a los Dodgers este viernes 27 en el SunTrust Park de Atlanta. Con su efectividad de 2,92 en julio luego de cuatro aperturas, tres de ellas ante equipos en ruta de los playoffs intentar\u00e1 llegar ya a las seis victorias que para el certamen completo le proyectaban los diversos an\u00e1lisis saberm\u00e9tricos y, al mismo tiempo, seguir siendo parte de esta rotaci\u00f3n que en otrora fue considerada la mejor del beisbol cuando Greg Maddux, Tom Glavine y John Smoltz eran los dioses del mont\u00edculo.<\/p>\n<p><img loading=\"lazy\" decoding=\"async\" class=\"alignnone size-medium wp-image-2636\" src=\"http:\/\/noti-america.com\/site\/venezuela\/wp-content\/uploads\/sites\/2\/2018\/07\/anibal-300x200.jpg\" alt=\"\" width=\"300\" height=\"200\" srcset=\"https:\/\/noti-america.com\/site\/venezuela\/wp-content\/uploads\/sites\/2\/2018\/07\/anibal-300x200.jpg 300w, https:\/\/noti-america.com\/site\/venezuela\/wp-content\/uploads\/sites\/2\/2018\/07\/anibal-272x182.jpg 272w, https:\/\/noti-america.com\/site\/venezuela\/wp-content\/uploads\/sites\/2\/2018\/07\/anibal.jpg 600w\" sizes=\"auto, (max-width: 300px) 100vw, 300px\" \/><\/p>\n<p>&nbsp;<\/p>\n<p>&nbsp;<\/p>\n<p>Foto: Cortes\u00eda <a href=\"https:\/\/twitter.com\/nfSocialNews\">@nfSocialNews<\/a><\/p>\n<p>https:\/\/pbs.twimg.com\/media\/Din8xUaXUAAMGrc.jpg<\/p>\n","protected":false},"excerpt":{"rendered":"<p>El bravo renacer de An\u00edbal S\u00e1nchez Por: Marco G\u00e1mez &nbsp; \u00bfQu\u00e9 hac\u00eda usted la noche del 6 de septiembre de 2006? \u2026Mientras eso ocurr\u00eda en su vida, el lanzador novato An\u00edbal S\u00e1nchez, vistiendo el&#46;&#46;&#46;<\/p>\n","protected":false},"author":2,"featured_media":2636,"comment_status":"open","ping_status":"open","sticky":false,"template":"","format":"standard","meta":{"_acf_changed":false,"om_disable_all_campaigns":false,"rop_custom_images_group":[],"rop_custom_messages_group":[],"rop_publish_now":"initial","rop_publish_now_accounts":{"twitter_242054905_242054905":""},"rop_publish_now_history":[],"rop_publish_now_status":"pending","_uf_show_specific_survey":0,"_uf_disable_surveys":false,"footnotes":""},"categories":[16],"tags":[],"class_list":["post-2635","post","type-post","status-publish","format-standard","has-post-thumbnail","hentry","category-deportes"],"acf":[],"aioseo_notices":[],"yoast_head":"<!-- This site is optimized with the Yoast SEO Premium plugin v24.9 (Yoast SEO v27.2) - https:\/\/yoast.com\/product\/yoast-seo-premium-wordpress\/ -->\n<title>El bravo renacer de An\u00edbal S\u00e1nchez Por: Marco G\u00e1mez - Venezuela | Noti-America.com<\/title>\n<meta name=\"robots\" content=\"index, follow, max-snippet:-1, max-image-preview:large, max-video-preview:-1\" \/>\n<link rel=\"canonical\" href=\"https:\/\/noti-america.com\/site\/venezuela\/2018\/07\/24\/el-bravo-renacer-de-anibal-sanchez-por-marco-gamez\/\" \/>\n<meta property=\"og:locale\" content=\"es_ES\" \/>\n<meta property=\"og:type\" content=\"article\" \/>\n<meta property=\"og:title\" content=\"El bravo renacer de An\u00edbal S\u00e1nchez Por: Marco G\u00e1mez\" \/>\n<meta property=\"og:description\" content=\"El bravo renacer de An\u00edbal S\u00e1nchez Por: Marco G\u00e1mez &nbsp; \u00bfQu\u00e9 hac\u00eda usted la noche del 6 de septiembre de 2006? \u2026Mientras eso ocurr\u00eda en su vida, el lanzador novato An\u00edbal S\u00e1nchez, vistiendo el&#046;&#046;&#046;\" \/>\n<meta property=\"og:url\" content=\"https:\/\/noti-america.com\/site\/venezuela\/2018\/07\/24\/el-bravo-renacer-de-anibal-sanchez-por-marco-gamez\/\" \/>\n<meta property=\"og:site_name\" content=\"Venezuela | Noti-America.com\" \/>\n<meta property=\"article:published_time\" content=\"2018-07-24T20:48:50+00:00\" \/>\n<meta property=\"article:modified_time\" content=\"2018-07-25T01:48:53+00:00\" \/>\n<meta property=\"og:image\" content=\"https:\/\/noti-america.com\/site\/venezuela\/wp-content\/uploads\/sites\/2\/2018\/07\/anibal.jpg\" \/>\n\t<meta property=\"og:image:width\" content=\"600\" \/>\n\t<meta property=\"og:image:height\" content=\"400\" \/>\n\t<meta property=\"og:image:type\" content=\"image\/jpeg\" \/>\n<meta name=\"author\" content=\"rloaiza\" \/>\n<meta name=\"twitter:card\" content=\"summary_large_image\" \/>\n<meta name=\"twitter:label1\" content=\"Escrito por\" \/>\n\t<meta name=\"twitter:data1\" content=\"rloaiza\" \/>\n\t<meta name=\"twitter:label2\" content=\"Tiempo estimado de lectura\" \/>\n\t<meta name=\"twitter:data2\" content=\"3 minutos\" \/>\n<script type=\"application\/ld+json\" class=\"yoast-schema-graph\">{\"@context\":\"https:\/\/schema.org\",\"@graph\":[{\"@type\":\"Article\",\"@id\":\"https:\/\/noti-america.com\/site\/venezuela\/2018\/07\/24\/el-bravo-renacer-de-anibal-sanchez-por-marco-gamez\/#article\",\"isPartOf\":{\"@id\":\"https:\/\/noti-america.com\/site\/venezuela\/2018\/07\/24\/el-bravo-renacer-de-anibal-sanchez-por-marco-gamez\/\"},\"author\":{\"name\":\"rloaiza\",\"@id\":\"https:\/\/noti-america.com\/site\/venezuela\/#\/schema\/person\/a2e478ba496331ce89bcd0c731cd6533\"},\"headline\":\"El bravo renacer de An\u00edbal S\u00e1nchez Por: Marco G\u00e1mez\",\"datePublished\":\"2018-07-24T20:48:50+00:00\",\"dateModified\":\"2018-07-25T01:48:53+00:00\",\"mainEntityOfPage\":{\"@id\":\"https:\/\/noti-america.com\/site\/venezuela\/2018\/07\/24\/el-bravo-renacer-de-anibal-sanchez-por-marco-gamez\/\"},\"wordCount\":654,\"commentCount\":0,\"publisher\":{\"@id\":\"https:\/\/noti-america.com\/site\/venezuela\/#organization\"},\"image\":{\"@id\":\"https:\/\/noti-america.com\/site\/venezuela\/2018\/07\/24\/el-bravo-renacer-de-anibal-sanchez-por-marco-gamez\/#primaryimage\"},\"thumbnailUrl\":\"https:\/\/noti-america.com\/site\/venezuela\/wp-content\/uploads\/sites\/2\/2018\/07\/anibal.jpg\",\"articleSection\":[\"Deportes\"],\"inLanguage\":\"es\",\"potentialAction\":[{\"@type\":\"CommentAction\",\"name\":\"Comment\",\"target\":[\"https:\/\/noti-america.com\/site\/venezuela\/2018\/07\/24\/el-bravo-renacer-de-anibal-sanchez-por-marco-gamez\/#respond\"]}]},{\"@type\":\"WebPage\",\"@id\":\"https:\/\/noti-america.com\/site\/venezuela\/2018\/07\/24\/el-bravo-renacer-de-anibal-sanchez-por-marco-gamez\/\",\"url\":\"https:\/\/noti-america.com\/site\/venezuela\/2018\/07\/24\/el-bravo-renacer-de-anibal-sanchez-por-marco-gamez\/\",\"name\":\"El bravo renacer de An\u00edbal S\u00e1nchez Por: Marco G\u00e1mez - Venezuela | Noti-America.com\",\"isPartOf\":{\"@id\":\"https:\/\/noti-america.com\/site\/venezuela\/#website\"},\"primaryImageOfPage\":{\"@id\":\"https:\/\/noti-america.com\/site\/venezuela\/2018\/07\/24\/el-bravo-renacer-de-anibal-sanchez-por-marco-gamez\/#primaryimage\"},\"image\":{\"@id\":\"https:\/\/noti-america.com\/site\/venezuela\/2018\/07\/24\/el-bravo-renacer-de-anibal-sanchez-por-marco-gamez\/#primaryimage\"},\"thumbnailUrl\":\"https:\/\/noti-america.com\/site\/venezuela\/wp-content\/uploads\/sites\/2\/2018\/07\/anibal.jpg\",\"datePublished\":\"2018-07-24T20:48:50+00:00\",\"dateModified\":\"2018-07-25T01:48:53+00:00\",\"breadcrumb\":{\"@id\":\"https:\/\/noti-america.com\/site\/venezuela\/2018\/07\/24\/el-bravo-renacer-de-anibal-sanchez-por-marco-gamez\/#breadcrumb\"},\"inLanguage\":\"es\",\"potentialAction\":[{\"@type\":\"ReadAction\",\"target\":[\"https:\/\/noti-america.com\/site\/venezuela\/2018\/07\/24\/el-bravo-renacer-de-anibal-sanchez-por-marco-gamez\/\"]}]},{\"@type\":\"ImageObject\",\"inLanguage\":\"es\",\"@id\":\"https:\/\/noti-america.com\/site\/venezuela\/2018\/07\/24\/el-bravo-renacer-de-anibal-sanchez-por-marco-gamez\/#primaryimage\",\"url\":\"https:\/\/noti-america.com\/site\/venezuela\/wp-content\/uploads\/sites\/2\/2018\/07\/anibal.jpg\",\"contentUrl\":\"https:\/\/noti-america.com\/site\/venezuela\/wp-content\/uploads\/sites\/2\/2018\/07\/anibal.jpg\",\"width\":600,\"height\":400},{\"@type\":\"BreadcrumbList\",\"@id\":\"https:\/\/noti-america.com\/site\/venezuela\/2018\/07\/24\/el-bravo-renacer-de-anibal-sanchez-por-marco-gamez\/#breadcrumb\",\"itemListElement\":[{\"@type\":\"ListItem\",\"position\":1,\"name\":\"Portada\",\"item\":\"https:\/\/noti-america.com\/site\/venezuela\/\"},{\"@type\":\"ListItem\",\"position\":2,\"name\":\"El bravo renacer de An\u00edbal S\u00e1nchez Por: Marco G\u00e1mez\"}]},{\"@type\":\"WebSite\",\"@id\":\"https:\/\/noti-america.com\/site\/venezuela\/#website\",\"url\":\"https:\/\/noti-america.com\/site\/venezuela\/\",\"name\":\"Venezuela | Noti-America.com\",\"description\":\"\",\"publisher\":{\"@id\":\"https:\/\/noti-america.com\/site\/venezuela\/#organization\"},\"potentialAction\":[{\"@type\":\"SearchAction\",\"target\":{\"@type\":\"EntryPoint\",\"urlTemplate\":\"https:\/\/noti-america.com\/site\/venezuela\/?s={search_term_string}\"},\"query-input\":{\"@type\":\"PropertyValueSpecification\",\"valueRequired\":true,\"valueName\":\"search_term_string\"}}],\"inLanguage\":\"es\"},{\"@type\":\"Organization\",\"@id\":\"https:\/\/noti-america.com\/site\/venezuela\/#organization\",\"name\":\"Noti-America LLC | Venezuela\",\"url\":\"https:\/\/noti-america.com\/site\/venezuela\/\",\"logo\":{\"@type\":\"ImageObject\",\"inLanguage\":\"es\",\"@id\":\"https:\/\/noti-america.com\/site\/venezuela\/#\/schema\/logo\/image\/\",\"url\":\"https:\/\/noti-america.com\/site\/venezuela\/wp-content\/uploads\/sites\/2\/2020\/07\/LogoNA-4x3-1.jpg\",\"contentUrl\":\"https:\/\/noti-america.com\/site\/venezuela\/wp-content\/uploads\/sites\/2\/2020\/07\/LogoNA-4x3-1.jpg\",\"width\":1236,\"height\":1080,\"caption\":\"Noti-America LLC | Venezuela\"},\"image\":{\"@id\":\"https:\/\/noti-america.com\/site\/venezuela\/#\/schema\/logo\/image\/\"}},{\"@type\":\"Person\",\"@id\":\"https:\/\/noti-america.com\/site\/venezuela\/#\/schema\/person\/a2e478ba496331ce89bcd0c731cd6533\",\"name\":\"rloaiza\",\"image\":{\"@type\":\"ImageObject\",\"inLanguage\":\"es\",\"@id\":\"https:\/\/secure.gravatar.com\/avatar\/190058e5d4427934610b99c45aa7a6558806850adedd53ddeddd194b04773e22?s=96&d=mm&r=g\",\"url\":\"https:\/\/secure.gravatar.com\/avatar\/190058e5d4427934610b99c45aa7a6558806850adedd53ddeddd194b04773e22?s=96&d=mm&r=g\",\"contentUrl\":\"https:\/\/secure.gravatar.com\/avatar\/190058e5d4427934610b99c45aa7a6558806850adedd53ddeddd194b04773e22?s=96&d=mm&r=g\",\"caption\":\"rloaiza\"},\"url\":\"https:\/\/noti-america.com\/site\/venezuela\/author\/rloaiza\/\"}]}<\/script>\n<!-- \/ Yoast SEO Premium plugin. -->","yoast_head_json":{"title":"El bravo renacer de An\u00edbal S\u00e1nchez Por: Marco G\u00e1mez - Venezuela | Noti-America.com","robots":{"index":"index","follow":"follow","max-snippet":"max-snippet:-1","max-image-preview":"max-image-preview:large","max-video-preview":"max-video-preview:-1"},"canonical":"https:\/\/noti-america.com\/site\/venezuela\/2018\/07\/24\/el-bravo-renacer-de-anibal-sanchez-por-marco-gamez\/","og_locale":"es_ES","og_type":"article","og_title":"El bravo renacer de An\u00edbal S\u00e1nchez Por: Marco G\u00e1mez","og_description":"El bravo renacer de An\u00edbal S\u00e1nchez Por: Marco G\u00e1mez &nbsp; \u00bfQu\u00e9 hac\u00eda usted la noche del 6 de septiembre de 2006? \u2026Mientras eso ocurr\u00eda en su vida, el lanzador novato An\u00edbal S\u00e1nchez, vistiendo el&#46;&#46;&#46;","og_url":"https:\/\/noti-america.com\/site\/venezuela\/2018\/07\/24\/el-bravo-renacer-de-anibal-sanchez-por-marco-gamez\/","og_site_name":"Venezuela | Noti-America.com","article_published_time":"2018-07-24T20:48:50+00:00","article_modified_time":"2018-07-25T01:48:53+00:00","og_image":[{"width":600,"height":400,"url":"https:\/\/noti-america.com\/site\/venezuela\/wp-content\/uploads\/sites\/2\/2018\/07\/anibal.jpg","type":"image\/jpeg"}],"author":"rloaiza","twitter_card":"summary_large_image","twitter_misc":{"Escrito por":"rloaiza","Tiempo estimado de lectura":"3 minutos"},"schema":{"@context":"https:\/\/schema.org","@graph":[{"@type":"Article","@id":"https:\/\/noti-america.com\/site\/venezuela\/2018\/07\/24\/el-bravo-renacer-de-anibal-sanchez-por-marco-gamez\/#article","isPartOf":{"@id":"https:\/\/noti-america.com\/site\/venezuela\/2018\/07\/24\/el-bravo-renacer-de-anibal-sanchez-por-marco-gamez\/"},"author":{"name":"rloaiza","@id":"https:\/\/noti-america.com\/site\/venezuela\/#\/schema\/person\/a2e478ba496331ce89bcd0c731cd6533"},"headline":"El bravo renacer de An\u00edbal S\u00e1nchez Por: Marco G\u00e1mez","datePublished":"2018-07-24T20:48:50+00:00","dateModified":"2018-07-25T01:48:53+00:00","mainEntityOfPage":{"@id":"https:\/\/noti-america.com\/site\/venezuela\/2018\/07\/24\/el-bravo-renacer-de-anibal-sanchez-por-marco-gamez\/"},"wordCount":654,"commentCount":0,"publisher":{"@id":"https:\/\/noti-america.com\/site\/venezuela\/#organization"},"image":{"@id":"https:\/\/noti-america.com\/site\/venezuela\/2018\/07\/24\/el-bravo-renacer-de-anibal-sanchez-por-marco-gamez\/#primaryimage"},"thumbnailUrl":"https:\/\/noti-america.com\/site\/venezuela\/wp-content\/uploads\/sites\/2\/2018\/07\/anibal.jpg","articleSection":["Deportes"],"inLanguage":"es","potentialAction":[{"@type":"CommentAction","name":"Comment","target":["https:\/\/noti-america.com\/site\/venezuela\/2018\/07\/24\/el-bravo-renacer-de-anibal-sanchez-por-marco-gamez\/#respond"]}]},{"@type":"WebPage","@id":"https:\/\/noti-america.com\/site\/venezuela\/2018\/07\/24\/el-bravo-renacer-de-anibal-sanchez-por-marco-gamez\/","url":"https:\/\/noti-america.com\/site\/venezuela\/2018\/07\/24\/el-bravo-renacer-de-anibal-sanchez-por-marco-gamez\/","name":"El bravo renacer de An\u00edbal S\u00e1nchez Por: Marco G\u00e1mez - Venezuela | Noti-America.com","isPartOf":{"@id":"https:\/\/noti-america.com\/site\/venezuela\/#website"},"primaryImageOfPage":{"@id":"https:\/\/noti-america.com\/site\/venezuela\/2018\/07\/24\/el-bravo-renacer-de-anibal-sanchez-por-marco-gamez\/#primaryimage"},"image":{"@id":"https:\/\/noti-america.com\/site\/venezuela\/2018\/07\/24\/el-bravo-renacer-de-anibal-sanchez-por-marco-gamez\/#primaryimage"},"thumbnailUrl":"https:\/\/noti-america.com\/site\/venezuela\/wp-content\/uploads\/sites\/2\/2018\/07\/anibal.jpg","datePublished":"2018-07-24T20:48:50+00:00","dateModified":"2018-07-25T01:48:53+00:00","breadcrumb":{"@id":"https:\/\/noti-america.com\/site\/venezuela\/2018\/07\/24\/el-bravo-renacer-de-anibal-sanchez-por-marco-gamez\/#breadcrumb"},"inLanguage":"es","potentialAction":[{"@type":"ReadAction","target":["https:\/\/noti-america.com\/site\/venezuela\/2018\/07\/24\/el-bravo-renacer-de-anibal-sanchez-por-marco-gamez\/"]}]},{"@type":"ImageObject","inLanguage":"es","@id":"https:\/\/noti-america.com\/site\/venezuela\/2018\/07\/24\/el-bravo-renacer-de-anibal-sanchez-por-marco-gamez\/#primaryimage","url":"https:\/\/noti-america.com\/site\/venezuela\/wp-content\/uploads\/sites\/2\/2018\/07\/anibal.jpg","contentUrl":"https:\/\/noti-america.com\/site\/venezuela\/wp-content\/uploads\/sites\/2\/2018\/07\/anibal.jpg","width":600,"height":400},{"@type":"BreadcrumbList","@id":"https:\/\/noti-america.com\/site\/venezuela\/2018\/07\/24\/el-bravo-renacer-de-anibal-sanchez-por-marco-gamez\/#breadcrumb","itemListElement":[{"@type":"ListItem","position":1,"name":"Portada","item":"https:\/\/noti-america.com\/site\/venezuela\/"},{"@type":"ListItem","position":2,"name":"El bravo renacer de An\u00edbal S\u00e1nchez Por: Marco G\u00e1mez"}]},{"@type":"WebSite","@id":"https:\/\/noti-america.com\/site\/venezuela\/#website","url":"https:\/\/noti-america.com\/site\/venezuela\/","name":"Venezuela | Noti-America.com","description":"","publisher":{"@id":"https:\/\/noti-america.com\/site\/venezuela\/#organization"},"potentialAction":[{"@type":"SearchAction","target":{"@type":"EntryPoint","urlTemplate":"https:\/\/noti-america.com\/site\/venezuela\/?s={search_term_string}"},"query-input":{"@type":"PropertyValueSpecification","valueRequired":true,"valueName":"search_term_string"}}],"inLanguage":"es"},{"@type":"Organization","@id":"https:\/\/noti-america.com\/site\/venezuela\/#organization","name":"Noti-America LLC | Venezuela","url":"https:\/\/noti-america.com\/site\/venezuela\/","logo":{"@type":"ImageObject","inLanguage":"es","@id":"https:\/\/noti-america.com\/site\/venezuela\/#\/schema\/logo\/image\/","url":"https:\/\/noti-america.com\/site\/venezuela\/wp-content\/uploads\/sites\/2\/2020\/07\/LogoNA-4x3-1.jpg","contentUrl":"https:\/\/noti-america.com\/site\/venezuela\/wp-content\/uploads\/sites\/2\/2020\/07\/LogoNA-4x3-1.jpg","width":1236,"height":1080,"caption":"Noti-America LLC | Venezuela"},"image":{"@id":"https:\/\/noti-america.com\/site\/venezuela\/#\/schema\/logo\/image\/"}},{"@type":"Person","@id":"https:\/\/noti-america.com\/site\/venezuela\/#\/schema\/person\/a2e478ba496331ce89bcd0c731cd6533","name":"rloaiza","image":{"@type":"ImageObject","inLanguage":"es","@id":"https:\/\/secure.gravatar.com\/avatar\/190058e5d4427934610b99c45aa7a6558806850adedd53ddeddd194b04773e22?s=96&d=mm&r=g","url":"https:\/\/secure.gravatar.com\/avatar\/190058e5d4427934610b99c45aa7a6558806850adedd53ddeddd194b04773e22?s=96&d=mm&r=g","contentUrl":"https:\/\/secure.gravatar.com\/avatar\/190058e5d4427934610b99c45aa7a6558806850adedd53ddeddd194b04773e22?s=96&d=mm&r=g","caption":"rloaiza"},"url":"https:\/\/noti-america.com\/site\/venezuela\/author\/rloaiza\/"}]}},"_links":{"self":[{"href":"https:\/\/noti-america.com\/site\/venezuela\/wp-json\/wp\/v2\/posts\/2635","targetHints":{"allow":["GET"]}}],"collection":[{"href":"https:\/\/noti-america.com\/site\/venezuela\/wp-json\/wp\/v2\/posts"}],"about":[{"href":"https:\/\/noti-america.com\/site\/venezuela\/wp-json\/wp\/v2\/types\/post"}],"author":[{"embeddable":true,"href":"https:\/\/noti-america.com\/site\/venezuela\/wp-json\/wp\/v2\/users\/2"}],"replies":[{"embeddable":true,"href":"https:\/\/noti-america.com\/site\/venezuela\/wp-json\/wp\/v2\/comments?post=2635"}],"version-history":[{"count":1,"href":"https:\/\/noti-america.com\/site\/venezuela\/wp-json\/wp\/v2\/posts\/2635\/revisions"}],"predecessor-version":[{"id":2637,"href":"https:\/\/noti-america.com\/site\/venezuela\/wp-json\/wp\/v2\/posts\/2635\/revisions\/2637"}],"wp:featuredmedia":[{"embeddable":true,"href":"https:\/\/noti-america.com\/site\/venezuela\/wp-json\/wp\/v2\/media\/2636"}],"wp:attachment":[{"href":"https:\/\/noti-america.com\/site\/venezuela\/wp-json\/wp\/v2\/media?parent=2635"}],"wp:term":[{"taxonomy":"category","embeddable":true,"href":"https:\/\/noti-america.com\/site\/venezuela\/wp-json\/wp\/v2\/categories?post=2635"},{"taxonomy":"post_tag","embeddable":true,"href":"https:\/\/noti-america.com\/site\/venezuela\/wp-json\/wp\/v2\/tags?post=2635"}],"curies":[{"name":"wp","href":"https:\/\/api.w.org\/{rel}","templated":true}]}}