{"id":26176,"date":"2023-03-22T14:27:14","date_gmt":"2023-03-22T14:27:14","guid":{"rendered":"https:\/\/noti-america.com\/site\/venezuela\/?p=26176"},"modified":"2023-03-22T14:27:14","modified_gmt":"2023-03-22T14:27:14","slug":"chile-pide-medidas-en-defensa-de-las-victimas-de-violaciones-de-dd-hh-en-venezuela","status":"publish","type":"post","link":"https:\/\/noti-america.com\/site\/venezuela\/2023\/03\/22\/chile-pide-medidas-en-defensa-de-las-victimas-de-violaciones-de-dd-hh-en-venezuela\/","title":{"rendered":"Chile pide medidas en defensa de las v\u00edctimas de violaciones de DD HH en Venezuela"},"content":{"rendered":"<p>NOTI-AMERICA.COM | VENEZUELA \u2013Chile pidi\u00f3 ante el Consejo de Derechos Humanos de la ONU medidas a favor de las v\u00edctimas de violaciones de derechos humanos en Venezuela.<\/p>\n<p>\u201cInstamos a las autoridades venezolanas a mantener las puertas abiertas y dar cumplimiento a los compromisos asumidos en el marco de la visita del alto comisionado\u201d, expres\u00f3 la embajadora de Chile en una declaraci\u00f3n.<\/p>\n<p>Entre los compromisos record\u00f3 algunos como \u201cmejorar el sistema de justicia, investigar denuncias de tortura y derogar el art\u00edculo del C\u00f3digo de Justicia Militar que criminaliza relaciones entre personas del mismo sexo\u201d.<\/p>\n<p>\u201cComo destac\u00f3 el alto comisionado, la conmemoraci\u00f3n del 75 aniversario de la Declaraci\u00f3n Universal de Derechos Humanos representa una oportunidad para tender puentes en Venezuela que permitan avanzar en las mejoras de la situaci\u00f3n de dicho pa\u00eds\u201d, agreg\u00f3.<\/p>\n<p>Insisti\u00f3 en que esto requiere \u201cadoptar medidas respecto a las violaciones de derechos humanos en Venezuela y enfrentar de manera colaborativa la crisis migratoria que ha afectado a varios pa\u00edses de la regi\u00f3n\u201d.<\/p>\n<p>&nbsp;<\/p>\n<p>&nbsp;<\/p>\n<p>&nbsp;<\/p>\n<p>&nbsp;<\/p>\n","protected":false},"excerpt":{"rendered":"<p>NOTI-AMERICA.COM | VENEZUELA \u2013Chile pidi\u00f3 ante el Consejo de Derechos Humanos de la ONU medidas a favor de las v\u00edctimas de violaciones de derechos humanos en Venezuela. \u201cInstamos a las autoridades venezolanas a mantener&#46;&#46;&#46;<\/p>\n","protected":false},"author":133,"featured_media":26177,"comment_status":"open","ping_status":"open","sticky":false,"template":"","format":"image","meta":{"_acf_changed":false,"om_disable_all_campaigns":false,"rop_custom_images_group":[],"rop_custom_messages_group":[],"rop_publish_now":"initial","rop_publish_now_accounts":{"twitter_242054905_242054905":""},"rop_publish_now_history":[],"rop_publish_now_status":"pending","_uf_show_specific_survey":0,"_uf_disable_surveys":false,"footnotes":""},"categories":[204,156],"tags":[],"class_list":["post-26176","post","type-post","status-publish","format-image","has-post-thumbnail","hentry","category-nacionales","category-venezuela","post_format-post-format-image"],"acf":[],"aioseo_notices":[],"yoast_head":"<!-- This site is optimized with the Yoast SEO Premium plugin v24.9 (Yoast SEO v27.2) - https:\/\/yoast.com\/product\/yoast-seo-premium-wordpress\/ -->\n<title>Chile pide medidas en defensa de las v\u00edctimas de violaciones de DD HH en Venezuela - Venezuela | Noti-America.com<\/title>\n<meta name=\"robots\" content=\"index, follow, max-snippet:-1, max-image-preview:large, max-video-preview:-1\" \/>\n<link rel=\"canonical\" href=\"https:\/\/noti-america.com\/site\/venezuela\/2023\/03\/22\/chile-pide-medidas-en-defensa-de-las-victimas-de-violaciones-de-dd-hh-en-venezuela\/\" \/>\n<meta property=\"og:locale\" content=\"es_ES\" \/>\n<meta property=\"og:type\" content=\"article\" \/>\n<meta property=\"og:title\" content=\"Chile pide medidas en defensa de las v\u00edctimas de violaciones de DD HH en Venezuela\" \/>\n<meta property=\"og:description\" content=\"NOTI-AMERICA.COM | VENEZUELA \u2013Chile pidi\u00f3 ante el Consejo de Derechos Humanos de la ONU medidas a favor de las v\u00edctimas de violaciones de derechos humanos en Venezuela. \u201cInstamos a las autoridades venezolanas a mantener&#046;&#046;&#046;\" \/>\n<meta property=\"og:url\" content=\"https:\/\/noti-america.com\/site\/venezuela\/2023\/03\/22\/chile-pide-medidas-en-defensa-de-las-victimas-de-violaciones-de-dd-hh-en-venezuela\/\" \/>\n<meta property=\"og:site_name\" content=\"Venezuela | Noti-America.com\" \/>\n<meta property=\"article:author\" content=\"Mar\u00eda Valentina Noguera\" \/>\n<meta property=\"article:published_time\" content=\"2023-03-22T14:27:14+00:00\" \/>\n<meta property=\"og:image\" content=\"https:\/\/noti-america.com\/site\/venezuela\/wp-content\/uploads\/sites\/2\/2023\/03\/derechos-humanos.jpg\" \/>\n\t<meta property=\"og:image:width\" content=\"420\" \/>\n\t<meta property=\"og:image:height\" content=\"280\" \/>\n\t<meta property=\"og:image:type\" content=\"image\/jpeg\" \/>\n<meta name=\"author\" content=\"Maria Valentina Noguera Medina\" \/>\n<meta name=\"twitter:card\" content=\"summary_large_image\" \/>\n<meta name=\"twitter:label1\" content=\"Escrito por\" \/>\n\t<meta name=\"twitter:data1\" content=\"Maria Valentina Noguera Medina\" \/>\n\t<meta name=\"twitter:label2\" content=\"Tiempo estimado de lectura\" \/>\n\t<meta name=\"twitter:data2\" content=\"1 minuto\" \/>\n<script type=\"application\/ld+json\" class=\"yoast-schema-graph\">{\"@context\":\"https:\/\/schema.org\",\"@graph\":[{\"@type\":\"Article\",\"@id\":\"https:\/\/noti-america.com\/site\/venezuela\/2023\/03\/22\/chile-pide-medidas-en-defensa-de-las-victimas-de-violaciones-de-dd-hh-en-venezuela\/#article\",\"isPartOf\":{\"@id\":\"https:\/\/noti-america.com\/site\/venezuela\/2023\/03\/22\/chile-pide-medidas-en-defensa-de-las-victimas-de-violaciones-de-dd-hh-en-venezuela\/\"},\"author\":{\"name\":\"Maria Valentina Noguera Medina\",\"@id\":\"https:\/\/noti-america.com\/site\/venezuela\/#\/schema\/person\/22806efcc2cfc4b45efb0e17be210ea8\"},\"headline\":\"Chile pide medidas en defensa de las v\u00edctimas de violaciones de DD HH en Venezuela\",\"datePublished\":\"2023-03-22T14:27:14+00:00\",\"mainEntityOfPage\":{\"@id\":\"https:\/\/noti-america.com\/site\/venezuela\/2023\/03\/22\/chile-pide-medidas-en-defensa-de-las-victimas-de-violaciones-de-dd-hh-en-venezuela\/\"},\"wordCount\":193,\"commentCount\":0,\"publisher\":{\"@id\":\"https:\/\/noti-america.com\/site\/venezuela\/#organization\"},\"image\":{\"@id\":\"https:\/\/noti-america.com\/site\/venezuela\/2023\/03\/22\/chile-pide-medidas-en-defensa-de-las-victimas-de-violaciones-de-dd-hh-en-venezuela\/#primaryimage\"},\"thumbnailUrl\":\"https:\/\/noti-america.com\/site\/venezuela\/wp-content\/uploads\/sites\/2\/2023\/03\/derechos-humanos.jpg\",\"articleSection\":[\"Nacionales\",\"Venezuela\"],\"inLanguage\":\"es\",\"potentialAction\":[{\"@type\":\"CommentAction\",\"name\":\"Comment\",\"target\":[\"https:\/\/noti-america.com\/site\/venezuela\/2023\/03\/22\/chile-pide-medidas-en-defensa-de-las-victimas-de-violaciones-de-dd-hh-en-venezuela\/#respond\"]}]},{\"@type\":\"WebPage\",\"@id\":\"https:\/\/noti-america.com\/site\/venezuela\/2023\/03\/22\/chile-pide-medidas-en-defensa-de-las-victimas-de-violaciones-de-dd-hh-en-venezuela\/\",\"url\":\"https:\/\/noti-america.com\/site\/venezuela\/2023\/03\/22\/chile-pide-medidas-en-defensa-de-las-victimas-de-violaciones-de-dd-hh-en-venezuela\/\",\"name\":\"Chile pide medidas en defensa de las v\u00edctimas de violaciones de DD HH en Venezuela - Venezuela | Noti-America.com\",\"isPartOf\":{\"@id\":\"https:\/\/noti-america.com\/site\/venezuela\/#website\"},\"primaryImageOfPage\":{\"@id\":\"https:\/\/noti-america.com\/site\/venezuela\/2023\/03\/22\/chile-pide-medidas-en-defensa-de-las-victimas-de-violaciones-de-dd-hh-en-venezuela\/#primaryimage\"},\"image\":{\"@id\":\"https:\/\/noti-america.com\/site\/venezuela\/2023\/03\/22\/chile-pide-medidas-en-defensa-de-las-victimas-de-violaciones-de-dd-hh-en-venezuela\/#primaryimage\"},\"thumbnailUrl\":\"https:\/\/noti-america.com\/site\/venezuela\/wp-content\/uploads\/sites\/2\/2023\/03\/derechos-humanos.jpg\",\"datePublished\":\"2023-03-22T14:27:14+00:00\",\"breadcrumb\":{\"@id\":\"https:\/\/noti-america.com\/site\/venezuela\/2023\/03\/22\/chile-pide-medidas-en-defensa-de-las-victimas-de-violaciones-de-dd-hh-en-venezuela\/#breadcrumb\"},\"inLanguage\":\"es\",\"potentialAction\":[{\"@type\":\"ReadAction\",\"target\":[\"https:\/\/noti-america.com\/site\/venezuela\/2023\/03\/22\/chile-pide-medidas-en-defensa-de-las-victimas-de-violaciones-de-dd-hh-en-venezuela\/\"]}]},{\"@type\":\"ImageObject\",\"inLanguage\":\"es\",\"@id\":\"https:\/\/noti-america.com\/site\/venezuela\/2023\/03\/22\/chile-pide-medidas-en-defensa-de-las-victimas-de-violaciones-de-dd-hh-en-venezuela\/#primaryimage\",\"url\":\"https:\/\/noti-america.com\/site\/venezuela\/wp-content\/uploads\/sites\/2\/2023\/03\/derechos-humanos.jpg\",\"contentUrl\":\"https:\/\/noti-america.com\/site\/venezuela\/wp-content\/uploads\/sites\/2\/2023\/03\/derechos-humanos.jpg\",\"width\":420,\"height\":280,\"caption\":\"22\/03\/2014 Protesta opositora en Caracas. El Observatorio Venezolano de Conflictividad Social (OVCS) ha indicado que durante 2014 se llevaron a cabo 9.286 protestas en todo el pa\u00eds, los que equivale a 26 diarias, en lo que el organismo considera como \\\"un aumento de la protesta pac\u00edfica\\\" en el pa\u00eds sudamericano. POLITICA SUDAM\u00c9RICA VENEZUELA INTERNACIONAL REUTERS\"},{\"@type\":\"BreadcrumbList\",\"@id\":\"https:\/\/noti-america.com\/site\/venezuela\/2023\/03\/22\/chile-pide-medidas-en-defensa-de-las-victimas-de-violaciones-de-dd-hh-en-venezuela\/#breadcrumb\",\"itemListElement\":[{\"@type\":\"ListItem\",\"position\":1,\"name\":\"Portada\",\"item\":\"https:\/\/noti-america.com\/site\/venezuela\/\"},{\"@type\":\"ListItem\",\"position\":2,\"name\":\"Chile pide medidas en defensa de las v\u00edctimas de violaciones de DD HH en Venezuela\"}]},{\"@type\":\"WebSite\",\"@id\":\"https:\/\/noti-america.com\/site\/venezuela\/#website\",\"url\":\"https:\/\/noti-america.com\/site\/venezuela\/\",\"name\":\"Venezuela | Noti-America.com\",\"description\":\"\",\"publisher\":{\"@id\":\"https:\/\/noti-america.com\/site\/venezuela\/#organization\"},\"potentialAction\":[{\"@type\":\"SearchAction\",\"target\":{\"@type\":\"EntryPoint\",\"urlTemplate\":\"https:\/\/noti-america.com\/site\/venezuela\/?s={search_term_string}\"},\"query-input\":{\"@type\":\"PropertyValueSpecification\",\"valueRequired\":true,\"valueName\":\"search_term_string\"}}],\"inLanguage\":\"es\"},{\"@type\":\"Organization\",\"@id\":\"https:\/\/noti-america.com\/site\/venezuela\/#organization\",\"name\":\"Noti-America LLC | Venezuela\",\"url\":\"https:\/\/noti-america.com\/site\/venezuela\/\",\"logo\":{\"@type\":\"ImageObject\",\"inLanguage\":\"es\",\"@id\":\"https:\/\/noti-america.com\/site\/venezuela\/#\/schema\/logo\/image\/\",\"url\":\"https:\/\/noti-america.com\/site\/venezuela\/wp-content\/uploads\/sites\/2\/2020\/07\/LogoNA-4x3-1.jpg\",\"contentUrl\":\"https:\/\/noti-america.com\/site\/venezuela\/wp-content\/uploads\/sites\/2\/2020\/07\/LogoNA-4x3-1.jpg\",\"width\":1236,\"height\":1080,\"caption\":\"Noti-America LLC | Venezuela\"},\"image\":{\"@id\":\"https:\/\/noti-america.com\/site\/venezuela\/#\/schema\/logo\/image\/\"}},{\"@type\":\"Person\",\"@id\":\"https:\/\/noti-america.com\/site\/venezuela\/#\/schema\/person\/22806efcc2cfc4b45efb0e17be210ea8\",\"name\":\"Maria Valentina Noguera Medina\",\"image\":{\"@type\":\"ImageObject\",\"inLanguage\":\"es\",\"@id\":\"https:\/\/secure.gravatar.com\/avatar\/4ec5eb9d099f2608a49c9df6f7341f66f04f819cdffa09d56a7a0e91d2819d56?s=96&d=mm&r=g\",\"url\":\"https:\/\/secure.gravatar.com\/avatar\/4ec5eb9d099f2608a49c9df6f7341f66f04f819cdffa09d56a7a0e91d2819d56?s=96&d=mm&r=g\",\"contentUrl\":\"https:\/\/secure.gravatar.com\/avatar\/4ec5eb9d099f2608a49c9df6f7341f66f04f819cdffa09d56a7a0e91d2819d56?s=96&d=mm&r=g\",\"caption\":\"Maria Valentina Noguera Medina\"},\"description\":\"Periodista - noti-america - Promar Community Manager - Talento Plus Dise\u00f1adora\/ creadora de contenido...\",\"sameAs\":[\"Mar\u00eda Valentina Noguera\",\"https:\/\/www.facebook.com\/mariavalentina.noguera\",\"https:\/\/www.linkedin.com\/in\/mara-valentina-noguera-medina-373075165\/\",\"https:\/\/www.pinterest.es\/valentinanoguera95\/\",\"https:\/\/www.youtube.com\/channel\/UCdek6mbUZ-Tqqw0I63i4nmQ\"],\"url\":\"https:\/\/noti-america.com\/site\/venezuela\/author\/mnoguera\/\"}]}<\/script>\n<!-- \/ Yoast SEO Premium plugin. -->","yoast_head_json":{"title":"Chile pide medidas en defensa de las v\u00edctimas de violaciones de DD HH en Venezuela - Venezuela | Noti-America.com","robots":{"index":"index","follow":"follow","max-snippet":"max-snippet:-1","max-image-preview":"max-image-preview:large","max-video-preview":"max-video-preview:-1"},"canonical":"https:\/\/noti-america.com\/site\/venezuela\/2023\/03\/22\/chile-pide-medidas-en-defensa-de-las-victimas-de-violaciones-de-dd-hh-en-venezuela\/","og_locale":"es_ES","og_type":"article","og_title":"Chile pide medidas en defensa de las v\u00edctimas de violaciones de DD HH en Venezuela","og_description":"NOTI-AMERICA.COM | VENEZUELA \u2013Chile pidi\u00f3 ante el Consejo de Derechos Humanos de la ONU medidas a favor de las v\u00edctimas de violaciones de derechos humanos en Venezuela. \u201cInstamos a las autoridades venezolanas a mantener&#46;&#46;&#46;","og_url":"https:\/\/noti-america.com\/site\/venezuela\/2023\/03\/22\/chile-pide-medidas-en-defensa-de-las-victimas-de-violaciones-de-dd-hh-en-venezuela\/","og_site_name":"Venezuela | Noti-America.com","article_author":"Mar\u00eda Valentina Noguera","article_published_time":"2023-03-22T14:27:14+00:00","og_image":[{"width":420,"height":280,"url":"https:\/\/noti-america.com\/site\/venezuela\/wp-content\/uploads\/sites\/2\/2023\/03\/derechos-humanos.jpg","type":"image\/jpeg"}],"author":"Maria Valentina Noguera Medina","twitter_card":"summary_large_image","twitter_misc":{"Escrito por":"Maria Valentina Noguera Medina","Tiempo estimado de lectura":"1 minuto"},"schema":{"@context":"https:\/\/schema.org","@graph":[{"@type":"Article","@id":"https:\/\/noti-america.com\/site\/venezuela\/2023\/03\/22\/chile-pide-medidas-en-defensa-de-las-victimas-de-violaciones-de-dd-hh-en-venezuela\/#article","isPartOf":{"@id":"https:\/\/noti-america.com\/site\/venezuela\/2023\/03\/22\/chile-pide-medidas-en-defensa-de-las-victimas-de-violaciones-de-dd-hh-en-venezuela\/"},"author":{"name":"Maria Valentina Noguera Medina","@id":"https:\/\/noti-america.com\/site\/venezuela\/#\/schema\/person\/22806efcc2cfc4b45efb0e17be210ea8"},"headline":"Chile pide medidas en defensa de las v\u00edctimas de violaciones de DD HH en Venezuela","datePublished":"2023-03-22T14:27:14+00:00","mainEntityOfPage":{"@id":"https:\/\/noti-america.com\/site\/venezuela\/2023\/03\/22\/chile-pide-medidas-en-defensa-de-las-victimas-de-violaciones-de-dd-hh-en-venezuela\/"},"wordCount":193,"commentCount":0,"publisher":{"@id":"https:\/\/noti-america.com\/site\/venezuela\/#organization"},"image":{"@id":"https:\/\/noti-america.com\/site\/venezuela\/2023\/03\/22\/chile-pide-medidas-en-defensa-de-las-victimas-de-violaciones-de-dd-hh-en-venezuela\/#primaryimage"},"thumbnailUrl":"https:\/\/noti-america.com\/site\/venezuela\/wp-content\/uploads\/sites\/2\/2023\/03\/derechos-humanos.jpg","articleSection":["Nacionales","Venezuela"],"inLanguage":"es","potentialAction":[{"@type":"CommentAction","name":"Comment","target":["https:\/\/noti-america.com\/site\/venezuela\/2023\/03\/22\/chile-pide-medidas-en-defensa-de-las-victimas-de-violaciones-de-dd-hh-en-venezuela\/#respond"]}]},{"@type":"WebPage","@id":"https:\/\/noti-america.com\/site\/venezuela\/2023\/03\/22\/chile-pide-medidas-en-defensa-de-las-victimas-de-violaciones-de-dd-hh-en-venezuela\/","url":"https:\/\/noti-america.com\/site\/venezuela\/2023\/03\/22\/chile-pide-medidas-en-defensa-de-las-victimas-de-violaciones-de-dd-hh-en-venezuela\/","name":"Chile pide medidas en defensa de las v\u00edctimas de violaciones de DD HH en Venezuela - Venezuela | Noti-America.com","isPartOf":{"@id":"https:\/\/noti-america.com\/site\/venezuela\/#website"},"primaryImageOfPage":{"@id":"https:\/\/noti-america.com\/site\/venezuela\/2023\/03\/22\/chile-pide-medidas-en-defensa-de-las-victimas-de-violaciones-de-dd-hh-en-venezuela\/#primaryimage"},"image":{"@id":"https:\/\/noti-america.com\/site\/venezuela\/2023\/03\/22\/chile-pide-medidas-en-defensa-de-las-victimas-de-violaciones-de-dd-hh-en-venezuela\/#primaryimage"},"thumbnailUrl":"https:\/\/noti-america.com\/site\/venezuela\/wp-content\/uploads\/sites\/2\/2023\/03\/derechos-humanos.jpg","datePublished":"2023-03-22T14:27:14+00:00","breadcrumb":{"@id":"https:\/\/noti-america.com\/site\/venezuela\/2023\/03\/22\/chile-pide-medidas-en-defensa-de-las-victimas-de-violaciones-de-dd-hh-en-venezuela\/#breadcrumb"},"inLanguage":"es","potentialAction":[{"@type":"ReadAction","target":["https:\/\/noti-america.com\/site\/venezuela\/2023\/03\/22\/chile-pide-medidas-en-defensa-de-las-victimas-de-violaciones-de-dd-hh-en-venezuela\/"]}]},{"@type":"ImageObject","inLanguage":"es","@id":"https:\/\/noti-america.com\/site\/venezuela\/2023\/03\/22\/chile-pide-medidas-en-defensa-de-las-victimas-de-violaciones-de-dd-hh-en-venezuela\/#primaryimage","url":"https:\/\/noti-america.com\/site\/venezuela\/wp-content\/uploads\/sites\/2\/2023\/03\/derechos-humanos.jpg","contentUrl":"https:\/\/noti-america.com\/site\/venezuela\/wp-content\/uploads\/sites\/2\/2023\/03\/derechos-humanos.jpg","width":420,"height":280,"caption":"22\/03\/2014 Protesta opositora en Caracas. El Observatorio Venezolano de Conflictividad Social (OVCS) ha indicado que durante 2014 se llevaron a cabo 9.286 protestas en todo el pa\u00eds, los que equivale a 26 diarias, en lo que el organismo considera como \"un aumento de la protesta pac\u00edfica\" en el pa\u00eds sudamericano. POLITICA SUDAM\u00c9RICA VENEZUELA INTERNACIONAL REUTERS"},{"@type":"BreadcrumbList","@id":"https:\/\/noti-america.com\/site\/venezuela\/2023\/03\/22\/chile-pide-medidas-en-defensa-de-las-victimas-de-violaciones-de-dd-hh-en-venezuela\/#breadcrumb","itemListElement":[{"@type":"ListItem","position":1,"name":"Portada","item":"https:\/\/noti-america.com\/site\/venezuela\/"},{"@type":"ListItem","position":2,"name":"Chile pide medidas en defensa de las v\u00edctimas de violaciones de DD HH en Venezuela"}]},{"@type":"WebSite","@id":"https:\/\/noti-america.com\/site\/venezuela\/#website","url":"https:\/\/noti-america.com\/site\/venezuela\/","name":"Venezuela | Noti-America.com","description":"","publisher":{"@id":"https:\/\/noti-america.com\/site\/venezuela\/#organization"},"potentialAction":[{"@type":"SearchAction","target":{"@type":"EntryPoint","urlTemplate":"https:\/\/noti-america.com\/site\/venezuela\/?s={search_term_string}"},"query-input":{"@type":"PropertyValueSpecification","valueRequired":true,"valueName":"search_term_string"}}],"inLanguage":"es"},{"@type":"Organization","@id":"https:\/\/noti-america.com\/site\/venezuela\/#organization","name":"Noti-America LLC | Venezuela","url":"https:\/\/noti-america.com\/site\/venezuela\/","logo":{"@type":"ImageObject","inLanguage":"es","@id":"https:\/\/noti-america.com\/site\/venezuela\/#\/schema\/logo\/image\/","url":"https:\/\/noti-america.com\/site\/venezuela\/wp-content\/uploads\/sites\/2\/2020\/07\/LogoNA-4x3-1.jpg","contentUrl":"https:\/\/noti-america.com\/site\/venezuela\/wp-content\/uploads\/sites\/2\/2020\/07\/LogoNA-4x3-1.jpg","width":1236,"height":1080,"caption":"Noti-America LLC | Venezuela"},"image":{"@id":"https:\/\/noti-america.com\/site\/venezuela\/#\/schema\/logo\/image\/"}},{"@type":"Person","@id":"https:\/\/noti-america.com\/site\/venezuela\/#\/schema\/person\/22806efcc2cfc4b45efb0e17be210ea8","name":"Maria Valentina Noguera Medina","image":{"@type":"ImageObject","inLanguage":"es","@id":"https:\/\/secure.gravatar.com\/avatar\/4ec5eb9d099f2608a49c9df6f7341f66f04f819cdffa09d56a7a0e91d2819d56?s=96&d=mm&r=g","url":"https:\/\/secure.gravatar.com\/avatar\/4ec5eb9d099f2608a49c9df6f7341f66f04f819cdffa09d56a7a0e91d2819d56?s=96&d=mm&r=g","contentUrl":"https:\/\/secure.gravatar.com\/avatar\/4ec5eb9d099f2608a49c9df6f7341f66f04f819cdffa09d56a7a0e91d2819d56?s=96&d=mm&r=g","caption":"Maria Valentina Noguera Medina"},"description":"Periodista - noti-america - Promar Community Manager - Talento Plus Dise\u00f1adora\/ creadora de contenido...","sameAs":["Mar\u00eda Valentina Noguera","https:\/\/www.facebook.com\/mariavalentina.noguera","https:\/\/www.linkedin.com\/in\/mara-valentina-noguera-medina-373075165\/","https:\/\/www.pinterest.es\/valentinanoguera95\/","https:\/\/www.youtube.com\/channel\/UCdek6mbUZ-Tqqw0I63i4nmQ"],"url":"https:\/\/noti-america.com\/site\/venezuela\/author\/mnoguera\/"}]}},"_links":{"self":[{"href":"https:\/\/noti-america.com\/site\/venezuela\/wp-json\/wp\/v2\/posts\/26176","targetHints":{"allow":["GET"]}}],"collection":[{"href":"https:\/\/noti-america.com\/site\/venezuela\/wp-json\/wp\/v2\/posts"}],"about":[{"href":"https:\/\/noti-america.com\/site\/venezuela\/wp-json\/wp\/v2\/types\/post"}],"author":[{"embeddable":true,"href":"https:\/\/noti-america.com\/site\/venezuela\/wp-json\/wp\/v2\/users\/133"}],"replies":[{"embeddable":true,"href":"https:\/\/noti-america.com\/site\/venezuela\/wp-json\/wp\/v2\/comments?post=26176"}],"version-history":[{"count":1,"href":"https:\/\/noti-america.com\/site\/venezuela\/wp-json\/wp\/v2\/posts\/26176\/revisions"}],"predecessor-version":[{"id":26178,"href":"https:\/\/noti-america.com\/site\/venezuela\/wp-json\/wp\/v2\/posts\/26176\/revisions\/26178"}],"wp:featuredmedia":[{"embeddable":true,"href":"https:\/\/noti-america.com\/site\/venezuela\/wp-json\/wp\/v2\/media\/26177"}],"wp:attachment":[{"href":"https:\/\/noti-america.com\/site\/venezuela\/wp-json\/wp\/v2\/media?parent=26176"}],"wp:term":[{"taxonomy":"category","embeddable":true,"href":"https:\/\/noti-america.com\/site\/venezuela\/wp-json\/wp\/v2\/categories?post=26176"},{"taxonomy":"post_tag","embeddable":true,"href":"https:\/\/noti-america.com\/site\/venezuela\/wp-json\/wp\/v2\/tags?post=26176"}],"curies":[{"name":"wp","href":"https:\/\/api.w.org\/{rel}","templated":true}]}}