{"id":26144,"date":"2023-03-21T20:27:51","date_gmt":"2023-03-21T20:27:51","guid":{"rendered":"https:\/\/noti-america.com\/site\/venezuela\/?p=26144"},"modified":"2023-03-22T13:33:46","modified_gmt":"2023-03-22T13:33:46","slug":"con-sesion-especial-y-una-marea-azul-desbordada-celebro-su-17-aniversario-el-partido-unt-en-lagunillas","status":"publish","type":"post","link":"https:\/\/noti-america.com\/site\/venezuela\/2023\/03\/21\/con-sesion-especial-y-una-marea-azul-desbordada-celebro-su-17-aniversario-el-partido-unt-en-lagunillas\/","title":{"rendered":"Con Sesi\u00f3n Especial y una marea azul desbordada celebr\u00f3 su 17\u00b0 aniversario el partido UNT en Lagunillas"},"content":{"rendered":"\r\n<p><img loading=\"lazy\" decoding=\"async\" class=\"size-medium wp-image-26165 aligncenter\" src=\"https:\/\/noti-america.com\/site\/venezuela\/wp-content\/uploads\/sites\/2\/2023\/03\/IMG-20230320-WA0183-1-300x201.jpg\" alt=\"\" width=\"300\" height=\"201\" srcset=\"https:\/\/noti-america.com\/site\/venezuela\/wp-content\/uploads\/sites\/2\/2023\/03\/IMG-20230320-WA0183-1-300x201.jpg 300w, https:\/\/noti-america.com\/site\/venezuela\/wp-content\/uploads\/sites\/2\/2023\/03\/IMG-20230320-WA0183-1-768x514.jpg 768w, https:\/\/noti-america.com\/site\/venezuela\/wp-content\/uploads\/sites\/2\/2023\/03\/IMG-20230320-WA0183-1-600x402.jpg 600w, https:\/\/noti-america.com\/site\/venezuela\/wp-content\/uploads\/sites\/2\/2023\/03\/IMG-20230320-WA0183-1-272x182.jpg 272w, https:\/\/noti-america.com\/site\/venezuela\/wp-content\/uploads\/sites\/2\/2023\/03\/IMG-20230320-WA0183-1.jpg 968w\" sizes=\"auto, (max-width: 300px) 100vw, 300px\" \/><br \/><strong>En un Sal\u00f3n de Sesiones repleto y desbordado de entusiasmo, se llev\u00f3 a cabo la Sesi\u00f3n Especial por el 17\u00b0 aniversario del partido Un Nuevo Tiempo, demostrando ser la fuerza pol\u00edtica m\u00e1s grande en Lagunillas, encabezada por su alcalde Jos\u00e9 Mosquera y en el Zulia, por el gobernador Manuel Rosales Guerrero.<\/strong><\/p>\r\n<p><img loading=\"lazy\" decoding=\"async\" class=\"size-medium wp-image-26141 aligncenter\" src=\"https:\/\/noti-america.com\/site\/venezuela\/wp-content\/uploads\/sites\/2\/2023\/03\/IMG-20230320-WA0174-300x201.jpg\" alt=\"\" width=\"300\" height=\"201\" srcset=\"https:\/\/noti-america.com\/site\/venezuela\/wp-content\/uploads\/sites\/2\/2023\/03\/IMG-20230320-WA0174-300x201.jpg 300w, https:\/\/noti-america.com\/site\/venezuela\/wp-content\/uploads\/sites\/2\/2023\/03\/IMG-20230320-WA0174-768x514.jpg 768w, https:\/\/noti-america.com\/site\/venezuela\/wp-content\/uploads\/sites\/2\/2023\/03\/IMG-20230320-WA0174-600x402.jpg 600w, https:\/\/noti-america.com\/site\/venezuela\/wp-content\/uploads\/sites\/2\/2023\/03\/IMG-20230320-WA0174-272x182.jpg 272w, https:\/\/noti-america.com\/site\/venezuela\/wp-content\/uploads\/sites\/2\/2023\/03\/IMG-20230320-WA0174.jpg 968w\" sizes=\"auto, (max-width: 300px) 100vw, 300px\" \/><br \/><em>\u00abMe siento muy orgulloso de pertenecer al partido de la casita azul, un partido que desde que naci\u00f3, hace 17 a\u00f1os, ha sido parte de la lucha para recuperar Venezuela.<\/em><br \/><br \/>Nos llena de alegr\u00eda ver c\u00f3mo hemos ido creciendo, ver el trabajo y compromiso de esta militancia a nivel municipal, regional y nacional, al igual que el de nuestro l\u00edder y fundador Manuel Rosales, para enrumbar el pa\u00eds. Somos una organizaci\u00f3n que naci\u00f3 en el Zulia y ha sembrado un nuevo amanecer, un partido de inclusi\u00f3n, que nos impulsa hacia la libertad y el progreso.<br \/><br \/>Un Nuevo Tiempo de esperanza, de Unidad, donde coinciden la experiencia y la juventud\u00bb se\u00f1al\u00f3 el alcalde Jos\u00e9 Mosquera, al tiempo que record\u00f3 a uno de los fundadores del partido en la localidad, Nery Vel\u00e1zquez.<\/p>\r\n<p><img loading=\"lazy\" decoding=\"async\" class=\"size-medium wp-image-26138 aligncenter\" src=\"https:\/\/noti-america.com\/site\/venezuela\/wp-content\/uploads\/sites\/2\/2023\/03\/IMG-20230320-WA0188-300x169.jpg\" alt=\"\" width=\"300\" height=\"169\" srcset=\"https:\/\/noti-america.com\/site\/venezuela\/wp-content\/uploads\/sites\/2\/2023\/03\/IMG-20230320-WA0188-300x169.jpg 300w, https:\/\/noti-america.com\/site\/venezuela\/wp-content\/uploads\/sites\/2\/2023\/03\/IMG-20230320-WA0188-768x432.jpg 768w, https:\/\/noti-america.com\/site\/venezuela\/wp-content\/uploads\/sites\/2\/2023\/03\/IMG-20230320-WA0188-600x338.jpg 600w, https:\/\/noti-america.com\/site\/venezuela\/wp-content\/uploads\/sites\/2\/2023\/03\/IMG-20230320-WA0188.jpg 1020w\" sizes=\"auto, (max-width: 300px) 100vw, 300px\" \/><br \/>El Polit\u00f3logo Jos\u00e9 Leonardo Caldera, Legislador del CLEZ, fungi\u00f3 como Orador de Orden de la Sesi\u00f3n Especial realizada por el Concejo Municipal de Lagunillas y recibi\u00f3 la Orden Eleazar L\u00f3pez Contreras en su Primera Clase.<\/p>\r\n<p><img loading=\"lazy\" decoding=\"async\" class=\"size-medium wp-image-26166 aligncenter\" src=\"https:\/\/noti-america.com\/site\/venezuela\/wp-content\/uploads\/sites\/2\/2023\/03\/IMG-20230320-WA0260-300x169.jpg\" alt=\"\" width=\"300\" height=\"169\" srcset=\"https:\/\/noti-america.com\/site\/venezuela\/wp-content\/uploads\/sites\/2\/2023\/03\/IMG-20230320-WA0260-300x169.jpg 300w, https:\/\/noti-america.com\/site\/venezuela\/wp-content\/uploads\/sites\/2\/2023\/03\/IMG-20230320-WA0260-1024x576.jpg 1024w, https:\/\/noti-america.com\/site\/venezuela\/wp-content\/uploads\/sites\/2\/2023\/03\/IMG-20230320-WA0260-768x432.jpg 768w, https:\/\/noti-america.com\/site\/venezuela\/wp-content\/uploads\/sites\/2\/2023\/03\/IMG-20230320-WA0260-600x338.jpg 600w, https:\/\/noti-america.com\/site\/venezuela\/wp-content\/uploads\/sites\/2\/2023\/03\/IMG-20230320-WA0260.jpg 1280w\" sizes=\"auto, (max-width: 300px) 100vw, 300px\" \/><br \/><strong>Una marea azul, encabezada por Mosquera y parte de la directiva del partido, acompa\u00f1\u00f3 el acto en el que fue ratificado el compromiso con la democracia social por parte de la militancia. Mientras que la labor de sus dirigentes tambi\u00e9n fue reconocida.<\/strong><br \/><br \/>Fuente: Nota de Prensa Alcaldia de Lagunillas\u00a0<\/p>\r\n","protected":false},"excerpt":{"rendered":"<p>En un Sal\u00f3n de Sesiones repleto y desbordado de entusiasmo, se llev\u00f3 a cabo la Sesi\u00f3n Especial por el 17\u00b0 aniversario del partido Un Nuevo Tiempo, demostrando ser la fuerza pol\u00edtica m\u00e1s grande en&#46;&#46;&#46;<\/p>\n","protected":false},"author":40,"featured_media":26169,"comment_status":"open","ping_status":"open","sticky":false,"template":"","format":"standard","meta":{"_acf_changed":false,"om_disable_all_campaigns":false,"rop_custom_images_group":[],"rop_custom_messages_group":[],"rop_publish_now":"initial","rop_publish_now_accounts":{"twitter_242054905_242054905":""},"rop_publish_now_history":[],"rop_publish_now_status":"pending","_uf_show_specific_survey":0,"_uf_disable_surveys":false,"footnotes":""},"categories":[3,156],"tags":[221,222],"class_list":["post-26144","post","type-post","status-publish","format-standard","has-post-thumbnail","hentry","category-politica","category-venezuela","tag-ciudad-ojeda","tag-zulia"],"acf":[],"aioseo_notices":[],"yoast_head":"<!-- This site is optimized with the Yoast SEO Premium plugin v24.9 (Yoast SEO v27.2) - https:\/\/yoast.com\/product\/yoast-seo-premium-wordpress\/ -->\n<title>Con Sesi\u00f3n Especial y una marea azul desbordada celebr\u00f3 su 17\u00b0 aniversario el partido UNT en Lagunillas - Venezuela | Noti-America.com<\/title>\n<meta name=\"robots\" content=\"index, follow, max-snippet:-1, max-image-preview:large, max-video-preview:-1\" \/>\n<link rel=\"canonical\" href=\"https:\/\/noti-america.com\/site\/venezuela\/2023\/03\/21\/con-sesion-especial-y-una-marea-azul-desbordada-celebro-su-17-aniversario-el-partido-unt-en-lagunillas\/\" \/>\n<meta property=\"og:locale\" content=\"es_ES\" \/>\n<meta property=\"og:type\" content=\"article\" \/>\n<meta property=\"og:title\" content=\"Con Sesi\u00f3n Especial y una marea azul desbordada celebr\u00f3 su 17\u00b0 aniversario el partido UNT en Lagunillas\" \/>\n<meta property=\"og:description\" content=\"En un Sal\u00f3n de Sesiones repleto y desbordado de entusiasmo, se llev\u00f3 a cabo la Sesi\u00f3n Especial por el 17\u00b0 aniversario del partido Un Nuevo Tiempo, demostrando ser la fuerza pol\u00edtica m\u00e1s grande en&#046;&#046;&#046;\" \/>\n<meta property=\"og:url\" content=\"https:\/\/noti-america.com\/site\/venezuela\/2023\/03\/21\/con-sesion-especial-y-una-marea-azul-desbordada-celebro-su-17-aniversario-el-partido-unt-en-lagunillas\/\" \/>\n<meta property=\"og:site_name\" content=\"Venezuela | Noti-America.com\" \/>\n<meta property=\"article:published_time\" content=\"2023-03-21T20:27:51+00:00\" \/>\n<meta property=\"article:modified_time\" content=\"2023-03-22T13:33:46+00:00\" \/>\n<meta property=\"og:image\" content=\"https:\/\/noti-america.com\/site\/venezuela\/wp-content\/uploads\/sites\/2\/2023\/03\/IMG-20230320-WA0179-1.jpg\" \/>\n\t<meta property=\"og:image:width\" content=\"1020\" \/>\n\t<meta property=\"og:image:height\" content=\"768\" \/>\n\t<meta property=\"og:image:type\" content=\"image\/jpeg\" \/>\n<meta name=\"author\" content=\"Hendrick Garcia\" \/>\n<meta name=\"twitter:card\" content=\"summary_large_image\" \/>\n<meta name=\"twitter:label1\" content=\"Escrito por\" \/>\n\t<meta name=\"twitter:data1\" content=\"Hendrick Garcia\" \/>\n\t<meta name=\"twitter:label2\" content=\"Tiempo estimado de lectura\" \/>\n\t<meta name=\"twitter:data2\" content=\"3 minutos\" \/>\n<script type=\"application\/ld+json\" class=\"yoast-schema-graph\">{\"@context\":\"https:\/\/schema.org\",\"@graph\":[{\"@type\":\"Article\",\"@id\":\"https:\/\/noti-america.com\/site\/venezuela\/2023\/03\/21\/con-sesion-especial-y-una-marea-azul-desbordada-celebro-su-17-aniversario-el-partido-unt-en-lagunillas\/#article\",\"isPartOf\":{\"@id\":\"https:\/\/noti-america.com\/site\/venezuela\/2023\/03\/21\/con-sesion-especial-y-una-marea-azul-desbordada-celebro-su-17-aniversario-el-partido-unt-en-lagunillas\/\"},\"author\":{\"name\":\"Hendrick Garcia\",\"@id\":\"https:\/\/noti-america.com\/site\/venezuela\/#\/schema\/person\/2f37ed06a1cd058e8d611b3d42cce678\"},\"headline\":\"Con Sesi\u00f3n Especial y una marea azul desbordada celebr\u00f3 su 17\u00b0 aniversario el partido UNT en Lagunillas\",\"datePublished\":\"2023-03-21T20:27:51+00:00\",\"dateModified\":\"2023-03-22T13:33:46+00:00\",\"mainEntityOfPage\":{\"@id\":\"https:\/\/noti-america.com\/site\/venezuela\/2023\/03\/21\/con-sesion-especial-y-una-marea-azul-desbordada-celebro-su-17-aniversario-el-partido-unt-en-lagunillas\/\"},\"wordCount\":297,\"commentCount\":0,\"publisher\":{\"@id\":\"https:\/\/noti-america.com\/site\/venezuela\/#organization\"},\"image\":{\"@id\":\"https:\/\/noti-america.com\/site\/venezuela\/2023\/03\/21\/con-sesion-especial-y-una-marea-azul-desbordada-celebro-su-17-aniversario-el-partido-unt-en-lagunillas\/#primaryimage\"},\"thumbnailUrl\":\"https:\/\/noti-america.com\/site\/venezuela\/wp-content\/uploads\/sites\/2\/2023\/03\/IMG-20230320-WA0179-1.jpg\",\"keywords\":[\"ciudad ojeda\",\"zulia\"],\"articleSection\":[\"Pol\u00edtica\",\"Venezuela\"],\"inLanguage\":\"es\",\"potentialAction\":[{\"@type\":\"CommentAction\",\"name\":\"Comment\",\"target\":[\"https:\/\/noti-america.com\/site\/venezuela\/2023\/03\/21\/con-sesion-especial-y-una-marea-azul-desbordada-celebro-su-17-aniversario-el-partido-unt-en-lagunillas\/#respond\"]}]},{\"@type\":\"WebPage\",\"@id\":\"https:\/\/noti-america.com\/site\/venezuela\/2023\/03\/21\/con-sesion-especial-y-una-marea-azul-desbordada-celebro-su-17-aniversario-el-partido-unt-en-lagunillas\/\",\"url\":\"https:\/\/noti-america.com\/site\/venezuela\/2023\/03\/21\/con-sesion-especial-y-una-marea-azul-desbordada-celebro-su-17-aniversario-el-partido-unt-en-lagunillas\/\",\"name\":\"Con Sesi\u00f3n Especial y una marea azul desbordada celebr\u00f3 su 17\u00b0 aniversario el partido UNT en Lagunillas - Venezuela | Noti-America.com\",\"isPartOf\":{\"@id\":\"https:\/\/noti-america.com\/site\/venezuela\/#website\"},\"primaryImageOfPage\":{\"@id\":\"https:\/\/noti-america.com\/site\/venezuela\/2023\/03\/21\/con-sesion-especial-y-una-marea-azul-desbordada-celebro-su-17-aniversario-el-partido-unt-en-lagunillas\/#primaryimage\"},\"image\":{\"@id\":\"https:\/\/noti-america.com\/site\/venezuela\/2023\/03\/21\/con-sesion-especial-y-una-marea-azul-desbordada-celebro-su-17-aniversario-el-partido-unt-en-lagunillas\/#primaryimage\"},\"thumbnailUrl\":\"https:\/\/noti-america.com\/site\/venezuela\/wp-content\/uploads\/sites\/2\/2023\/03\/IMG-20230320-WA0179-1.jpg\",\"datePublished\":\"2023-03-21T20:27:51+00:00\",\"dateModified\":\"2023-03-22T13:33:46+00:00\",\"breadcrumb\":{\"@id\":\"https:\/\/noti-america.com\/site\/venezuela\/2023\/03\/21\/con-sesion-especial-y-una-marea-azul-desbordada-celebro-su-17-aniversario-el-partido-unt-en-lagunillas\/#breadcrumb\"},\"inLanguage\":\"es\",\"potentialAction\":[{\"@type\":\"ReadAction\",\"target\":[\"https:\/\/noti-america.com\/site\/venezuela\/2023\/03\/21\/con-sesion-especial-y-una-marea-azul-desbordada-celebro-su-17-aniversario-el-partido-unt-en-lagunillas\/\"]}]},{\"@type\":\"ImageObject\",\"inLanguage\":\"es\",\"@id\":\"https:\/\/noti-america.com\/site\/venezuela\/2023\/03\/21\/con-sesion-especial-y-una-marea-azul-desbordada-celebro-su-17-aniversario-el-partido-unt-en-lagunillas\/#primaryimage\",\"url\":\"https:\/\/noti-america.com\/site\/venezuela\/wp-content\/uploads\/sites\/2\/2023\/03\/IMG-20230320-WA0179-1.jpg\",\"contentUrl\":\"https:\/\/noti-america.com\/site\/venezuela\/wp-content\/uploads\/sites\/2\/2023\/03\/IMG-20230320-WA0179-1.jpg\",\"width\":1020,\"height\":768},{\"@type\":\"BreadcrumbList\",\"@id\":\"https:\/\/noti-america.com\/site\/venezuela\/2023\/03\/21\/con-sesion-especial-y-una-marea-azul-desbordada-celebro-su-17-aniversario-el-partido-unt-en-lagunillas\/#breadcrumb\",\"itemListElement\":[{\"@type\":\"ListItem\",\"position\":1,\"name\":\"Portada\",\"item\":\"https:\/\/noti-america.com\/site\/venezuela\/\"},{\"@type\":\"ListItem\",\"position\":2,\"name\":\"Con Sesi\u00f3n Especial y una marea azul desbordada celebr\u00f3 su 17\u00b0 aniversario el partido UNT en Lagunillas\"}]},{\"@type\":\"WebSite\",\"@id\":\"https:\/\/noti-america.com\/site\/venezuela\/#website\",\"url\":\"https:\/\/noti-america.com\/site\/venezuela\/\",\"name\":\"Venezuela | Noti-America.com\",\"description\":\"\",\"publisher\":{\"@id\":\"https:\/\/noti-america.com\/site\/venezuela\/#organization\"},\"potentialAction\":[{\"@type\":\"SearchAction\",\"target\":{\"@type\":\"EntryPoint\",\"urlTemplate\":\"https:\/\/noti-america.com\/site\/venezuela\/?s={search_term_string}\"},\"query-input\":{\"@type\":\"PropertyValueSpecification\",\"valueRequired\":true,\"valueName\":\"search_term_string\"}}],\"inLanguage\":\"es\"},{\"@type\":\"Organization\",\"@id\":\"https:\/\/noti-america.com\/site\/venezuela\/#organization\",\"name\":\"Noti-America LLC | Venezuela\",\"url\":\"https:\/\/noti-america.com\/site\/venezuela\/\",\"logo\":{\"@type\":\"ImageObject\",\"inLanguage\":\"es\",\"@id\":\"https:\/\/noti-america.com\/site\/venezuela\/#\/schema\/logo\/image\/\",\"url\":\"https:\/\/noti-america.com\/site\/venezuela\/wp-content\/uploads\/sites\/2\/2020\/07\/LogoNA-4x3-1.jpg\",\"contentUrl\":\"https:\/\/noti-america.com\/site\/venezuela\/wp-content\/uploads\/sites\/2\/2020\/07\/LogoNA-4x3-1.jpg\",\"width\":1236,\"height\":1080,\"caption\":\"Noti-America LLC | Venezuela\"},\"image\":{\"@id\":\"https:\/\/noti-america.com\/site\/venezuela\/#\/schema\/logo\/image\/\"}},{\"@type\":\"Person\",\"@id\":\"https:\/\/noti-america.com\/site\/venezuela\/#\/schema\/person\/2f37ed06a1cd058e8d611b3d42cce678\",\"name\":\"Hendrick Garcia\",\"image\":{\"@type\":\"ImageObject\",\"inLanguage\":\"es\",\"@id\":\"https:\/\/secure.gravatar.com\/avatar\/07f13ce868ede7f0937b7abbada276f430e4ed25cfff75dbe7f98f95ac02358c?s=96&d=mm&r=g\",\"url\":\"https:\/\/secure.gravatar.com\/avatar\/07f13ce868ede7f0937b7abbada276f430e4ed25cfff75dbe7f98f95ac02358c?s=96&d=mm&r=g\",\"contentUrl\":\"https:\/\/secure.gravatar.com\/avatar\/07f13ce868ede7f0937b7abbada276f430e4ed25cfff75dbe7f98f95ac02358c?s=96&d=mm&r=g\",\"caption\":\"Hendrick Garcia\"},\"url\":\"https:\/\/noti-america.com\/site\/venezuela\/author\/hegarcia\/\"}]}<\/script>\n<!-- \/ Yoast SEO Premium plugin. -->","yoast_head_json":{"title":"Con Sesi\u00f3n Especial y una marea azul desbordada celebr\u00f3 su 17\u00b0 aniversario el partido UNT en Lagunillas - Venezuela | Noti-America.com","robots":{"index":"index","follow":"follow","max-snippet":"max-snippet:-1","max-image-preview":"max-image-preview:large","max-video-preview":"max-video-preview:-1"},"canonical":"https:\/\/noti-america.com\/site\/venezuela\/2023\/03\/21\/con-sesion-especial-y-una-marea-azul-desbordada-celebro-su-17-aniversario-el-partido-unt-en-lagunillas\/","og_locale":"es_ES","og_type":"article","og_title":"Con Sesi\u00f3n Especial y una marea azul desbordada celebr\u00f3 su 17\u00b0 aniversario el partido UNT en Lagunillas","og_description":"En un Sal\u00f3n de Sesiones repleto y desbordado de entusiasmo, se llev\u00f3 a cabo la Sesi\u00f3n Especial por el 17\u00b0 aniversario del partido Un Nuevo Tiempo, demostrando ser la fuerza pol\u00edtica m\u00e1s grande en&#46;&#46;&#46;","og_url":"https:\/\/noti-america.com\/site\/venezuela\/2023\/03\/21\/con-sesion-especial-y-una-marea-azul-desbordada-celebro-su-17-aniversario-el-partido-unt-en-lagunillas\/","og_site_name":"Venezuela | Noti-America.com","article_published_time":"2023-03-21T20:27:51+00:00","article_modified_time":"2023-03-22T13:33:46+00:00","og_image":[{"width":1020,"height":768,"url":"https:\/\/noti-america.com\/site\/venezuela\/wp-content\/uploads\/sites\/2\/2023\/03\/IMG-20230320-WA0179-1.jpg","type":"image\/jpeg"}],"author":"Hendrick Garcia","twitter_card":"summary_large_image","twitter_misc":{"Escrito por":"Hendrick Garcia","Tiempo estimado de lectura":"3 minutos"},"schema":{"@context":"https:\/\/schema.org","@graph":[{"@type":"Article","@id":"https:\/\/noti-america.com\/site\/venezuela\/2023\/03\/21\/con-sesion-especial-y-una-marea-azul-desbordada-celebro-su-17-aniversario-el-partido-unt-en-lagunillas\/#article","isPartOf":{"@id":"https:\/\/noti-america.com\/site\/venezuela\/2023\/03\/21\/con-sesion-especial-y-una-marea-azul-desbordada-celebro-su-17-aniversario-el-partido-unt-en-lagunillas\/"},"author":{"name":"Hendrick Garcia","@id":"https:\/\/noti-america.com\/site\/venezuela\/#\/schema\/person\/2f37ed06a1cd058e8d611b3d42cce678"},"headline":"Con Sesi\u00f3n Especial y una marea azul desbordada celebr\u00f3 su 17\u00b0 aniversario el partido UNT en Lagunillas","datePublished":"2023-03-21T20:27:51+00:00","dateModified":"2023-03-22T13:33:46+00:00","mainEntityOfPage":{"@id":"https:\/\/noti-america.com\/site\/venezuela\/2023\/03\/21\/con-sesion-especial-y-una-marea-azul-desbordada-celebro-su-17-aniversario-el-partido-unt-en-lagunillas\/"},"wordCount":297,"commentCount":0,"publisher":{"@id":"https:\/\/noti-america.com\/site\/venezuela\/#organization"},"image":{"@id":"https:\/\/noti-america.com\/site\/venezuela\/2023\/03\/21\/con-sesion-especial-y-una-marea-azul-desbordada-celebro-su-17-aniversario-el-partido-unt-en-lagunillas\/#primaryimage"},"thumbnailUrl":"https:\/\/noti-america.com\/site\/venezuela\/wp-content\/uploads\/sites\/2\/2023\/03\/IMG-20230320-WA0179-1.jpg","keywords":["ciudad ojeda","zulia"],"articleSection":["Pol\u00edtica","Venezuela"],"inLanguage":"es","potentialAction":[{"@type":"CommentAction","name":"Comment","target":["https:\/\/noti-america.com\/site\/venezuela\/2023\/03\/21\/con-sesion-especial-y-una-marea-azul-desbordada-celebro-su-17-aniversario-el-partido-unt-en-lagunillas\/#respond"]}]},{"@type":"WebPage","@id":"https:\/\/noti-america.com\/site\/venezuela\/2023\/03\/21\/con-sesion-especial-y-una-marea-azul-desbordada-celebro-su-17-aniversario-el-partido-unt-en-lagunillas\/","url":"https:\/\/noti-america.com\/site\/venezuela\/2023\/03\/21\/con-sesion-especial-y-una-marea-azul-desbordada-celebro-su-17-aniversario-el-partido-unt-en-lagunillas\/","name":"Con Sesi\u00f3n Especial y una marea azul desbordada celebr\u00f3 su 17\u00b0 aniversario el partido UNT en Lagunillas - Venezuela | Noti-America.com","isPartOf":{"@id":"https:\/\/noti-america.com\/site\/venezuela\/#website"},"primaryImageOfPage":{"@id":"https:\/\/noti-america.com\/site\/venezuela\/2023\/03\/21\/con-sesion-especial-y-una-marea-azul-desbordada-celebro-su-17-aniversario-el-partido-unt-en-lagunillas\/#primaryimage"},"image":{"@id":"https:\/\/noti-america.com\/site\/venezuela\/2023\/03\/21\/con-sesion-especial-y-una-marea-azul-desbordada-celebro-su-17-aniversario-el-partido-unt-en-lagunillas\/#primaryimage"},"thumbnailUrl":"https:\/\/noti-america.com\/site\/venezuela\/wp-content\/uploads\/sites\/2\/2023\/03\/IMG-20230320-WA0179-1.jpg","datePublished":"2023-03-21T20:27:51+00:00","dateModified":"2023-03-22T13:33:46+00:00","breadcrumb":{"@id":"https:\/\/noti-america.com\/site\/venezuela\/2023\/03\/21\/con-sesion-especial-y-una-marea-azul-desbordada-celebro-su-17-aniversario-el-partido-unt-en-lagunillas\/#breadcrumb"},"inLanguage":"es","potentialAction":[{"@type":"ReadAction","target":["https:\/\/noti-america.com\/site\/venezuela\/2023\/03\/21\/con-sesion-especial-y-una-marea-azul-desbordada-celebro-su-17-aniversario-el-partido-unt-en-lagunillas\/"]}]},{"@type":"ImageObject","inLanguage":"es","@id":"https:\/\/noti-america.com\/site\/venezuela\/2023\/03\/21\/con-sesion-especial-y-una-marea-azul-desbordada-celebro-su-17-aniversario-el-partido-unt-en-lagunillas\/#primaryimage","url":"https:\/\/noti-america.com\/site\/venezuela\/wp-content\/uploads\/sites\/2\/2023\/03\/IMG-20230320-WA0179-1.jpg","contentUrl":"https:\/\/noti-america.com\/site\/venezuela\/wp-content\/uploads\/sites\/2\/2023\/03\/IMG-20230320-WA0179-1.jpg","width":1020,"height":768},{"@type":"BreadcrumbList","@id":"https:\/\/noti-america.com\/site\/venezuela\/2023\/03\/21\/con-sesion-especial-y-una-marea-azul-desbordada-celebro-su-17-aniversario-el-partido-unt-en-lagunillas\/#breadcrumb","itemListElement":[{"@type":"ListItem","position":1,"name":"Portada","item":"https:\/\/noti-america.com\/site\/venezuela\/"},{"@type":"ListItem","position":2,"name":"Con Sesi\u00f3n Especial y una marea azul desbordada celebr\u00f3 su 17\u00b0 aniversario el partido UNT en Lagunillas"}]},{"@type":"WebSite","@id":"https:\/\/noti-america.com\/site\/venezuela\/#website","url":"https:\/\/noti-america.com\/site\/venezuela\/","name":"Venezuela | Noti-America.com","description":"","publisher":{"@id":"https:\/\/noti-america.com\/site\/venezuela\/#organization"},"potentialAction":[{"@type":"SearchAction","target":{"@type":"EntryPoint","urlTemplate":"https:\/\/noti-america.com\/site\/venezuela\/?s={search_term_string}"},"query-input":{"@type":"PropertyValueSpecification","valueRequired":true,"valueName":"search_term_string"}}],"inLanguage":"es"},{"@type":"Organization","@id":"https:\/\/noti-america.com\/site\/venezuela\/#organization","name":"Noti-America LLC | Venezuela","url":"https:\/\/noti-america.com\/site\/venezuela\/","logo":{"@type":"ImageObject","inLanguage":"es","@id":"https:\/\/noti-america.com\/site\/venezuela\/#\/schema\/logo\/image\/","url":"https:\/\/noti-america.com\/site\/venezuela\/wp-content\/uploads\/sites\/2\/2020\/07\/LogoNA-4x3-1.jpg","contentUrl":"https:\/\/noti-america.com\/site\/venezuela\/wp-content\/uploads\/sites\/2\/2020\/07\/LogoNA-4x3-1.jpg","width":1236,"height":1080,"caption":"Noti-America LLC | Venezuela"},"image":{"@id":"https:\/\/noti-america.com\/site\/venezuela\/#\/schema\/logo\/image\/"}},{"@type":"Person","@id":"https:\/\/noti-america.com\/site\/venezuela\/#\/schema\/person\/2f37ed06a1cd058e8d611b3d42cce678","name":"Hendrick Garcia","image":{"@type":"ImageObject","inLanguage":"es","@id":"https:\/\/secure.gravatar.com\/avatar\/07f13ce868ede7f0937b7abbada276f430e4ed25cfff75dbe7f98f95ac02358c?s=96&d=mm&r=g","url":"https:\/\/secure.gravatar.com\/avatar\/07f13ce868ede7f0937b7abbada276f430e4ed25cfff75dbe7f98f95ac02358c?s=96&d=mm&r=g","contentUrl":"https:\/\/secure.gravatar.com\/avatar\/07f13ce868ede7f0937b7abbada276f430e4ed25cfff75dbe7f98f95ac02358c?s=96&d=mm&r=g","caption":"Hendrick Garcia"},"url":"https:\/\/noti-america.com\/site\/venezuela\/author\/hegarcia\/"}]}},"_links":{"self":[{"href":"https:\/\/noti-america.com\/site\/venezuela\/wp-json\/wp\/v2\/posts\/26144","targetHints":{"allow":["GET"]}}],"collection":[{"href":"https:\/\/noti-america.com\/site\/venezuela\/wp-json\/wp\/v2\/posts"}],"about":[{"href":"https:\/\/noti-america.com\/site\/venezuela\/wp-json\/wp\/v2\/types\/post"}],"author":[{"embeddable":true,"href":"https:\/\/noti-america.com\/site\/venezuela\/wp-json\/wp\/v2\/users\/40"}],"replies":[{"embeddable":true,"href":"https:\/\/noti-america.com\/site\/venezuela\/wp-json\/wp\/v2\/comments?post=26144"}],"version-history":[{"count":3,"href":"https:\/\/noti-america.com\/site\/venezuela\/wp-json\/wp\/v2\/posts\/26144\/revisions"}],"predecessor-version":[{"id":26173,"href":"https:\/\/noti-america.com\/site\/venezuela\/wp-json\/wp\/v2\/posts\/26144\/revisions\/26173"}],"wp:featuredmedia":[{"embeddable":true,"href":"https:\/\/noti-america.com\/site\/venezuela\/wp-json\/wp\/v2\/media\/26169"}],"wp:attachment":[{"href":"https:\/\/noti-america.com\/site\/venezuela\/wp-json\/wp\/v2\/media?parent=26144"}],"wp:term":[{"taxonomy":"category","embeddable":true,"href":"https:\/\/noti-america.com\/site\/venezuela\/wp-json\/wp\/v2\/categories?post=26144"},{"taxonomy":"post_tag","embeddable":true,"href":"https:\/\/noti-america.com\/site\/venezuela\/wp-json\/wp\/v2\/tags?post=26144"}],"curies":[{"name":"wp","href":"https:\/\/api.w.org\/{rel}","templated":true}]}}