{"id":26123,"date":"2023-03-20T14:29:23","date_gmt":"2023-03-20T14:29:23","guid":{"rendered":"https:\/\/noti-america.com\/site\/venezuela\/?p=26123"},"modified":"2023-03-20T14:29:23","modified_gmt":"2023-03-20T14:29:23","slug":"trabajadores-de-corpoelec-piden-mejorar-condiciones-laborales-en-falcon","status":"publish","type":"post","link":"https:\/\/noti-america.com\/site\/venezuela\/2023\/03\/20\/trabajadores-de-corpoelec-piden-mejorar-condiciones-laborales-en-falcon\/","title":{"rendered":"Trabajadores de Corpoelec piden mejorar condiciones laborales en Falc\u00f3n"},"content":{"rendered":"<p>NOTI-AMERICA.COM | VENEZUELA \u2013 Sindicato el\u00e9ctrico de\u00a0Falc\u00f3n\u00a0denunci\u00f3 que los empleados de la\u00a0Corporaci\u00f3n El\u00e9ctrica Nacional\u00a0(Corpoelec)\u00a0han tenido accidentes por no contar con los equipos necesarios.<\/p>\n<p>El presidente del sindicato el\u00e9ctrico regional,\u00a0Starling Bracho,\u00a0asegur\u00f3 que los trabajadores no cuentan actualmente con los complementos necesarios para cumplir sus labores.<\/p>\n<p>\u00abNi siquiera tenemos\u00bb d\u00f3nde recibir\u00a0los reclamos de los usuarios\u00a0o condiciones \u00f3ptimas. No tenemos los suficientes veh\u00edculos, agreg\u00f3.<\/p>\n<p>Asimismo, exhort\u00f3 a las autoridades de\u00a0Falc\u00f3n\u00a0y a las nacionales a mejorar las condiciones laborales del sector y atender las irregularidades.<\/p>\n","protected":false},"excerpt":{"rendered":"<p>NOTI-AMERICA.COM | VENEZUELA \u2013 Sindicato el\u00e9ctrico de\u00a0Falc\u00f3n\u00a0denunci\u00f3 que los empleados de la\u00a0Corporaci\u00f3n El\u00e9ctrica Nacional\u00a0(Corpoelec)\u00a0han tenido accidentes por no contar con los equipos necesarios. El presidente del sindicato el\u00e9ctrico regional,\u00a0Starling Bracho,\u00a0asegur\u00f3 que los trabajadores no&#46;&#46;&#46;<\/p>\n","protected":false},"author":133,"featured_media":26124,"comment_status":"open","ping_status":"open","sticky":false,"template":"","format":"image","meta":{"_acf_changed":false,"om_disable_all_campaigns":false,"rop_custom_images_group":[],"rop_custom_messages_group":[],"rop_publish_now":"initial","rop_publish_now_accounts":{"twitter_242054905_242054905":""},"rop_publish_now_history":[],"rop_publish_now_status":"pending","_uf_show_specific_survey":0,"_uf_disable_surveys":false,"footnotes":""},"categories":[204,156],"tags":[],"class_list":["post-26123","post","type-post","status-publish","format-image","has-post-thumbnail","hentry","category-nacionales","category-venezuela","post_format-post-format-image"],"acf":[],"aioseo_notices":[],"yoast_head":"<!-- This site is optimized with the Yoast SEO Premium plugin v24.9 (Yoast SEO v27.2) - https:\/\/yoast.com\/product\/yoast-seo-premium-wordpress\/ -->\n<title>Trabajadores de Corpoelec piden mejorar condiciones laborales en Falc\u00f3n - Venezuela | Noti-America.com<\/title>\n<meta name=\"robots\" content=\"index, follow, max-snippet:-1, max-image-preview:large, max-video-preview:-1\" \/>\n<link rel=\"canonical\" href=\"https:\/\/noti-america.com\/site\/venezuela\/2023\/03\/20\/trabajadores-de-corpoelec-piden-mejorar-condiciones-laborales-en-falcon\/\" \/>\n<meta property=\"og:locale\" content=\"es_ES\" \/>\n<meta property=\"og:type\" content=\"article\" \/>\n<meta property=\"og:title\" content=\"Trabajadores de Corpoelec piden mejorar condiciones laborales en Falc\u00f3n\" \/>\n<meta property=\"og:description\" content=\"NOTI-AMERICA.COM | VENEZUELA \u2013 Sindicato el\u00e9ctrico de\u00a0Falc\u00f3n\u00a0denunci\u00f3 que los empleados de la\u00a0Corporaci\u00f3n El\u00e9ctrica Nacional\u00a0(Corpoelec)\u00a0han tenido accidentes por no contar con los equipos necesarios. El presidente del sindicato el\u00e9ctrico regional,\u00a0Starling Bracho,\u00a0asegur\u00f3 que los trabajadores no&#046;&#046;&#046;\" \/>\n<meta property=\"og:url\" content=\"https:\/\/noti-america.com\/site\/venezuela\/2023\/03\/20\/trabajadores-de-corpoelec-piden-mejorar-condiciones-laborales-en-falcon\/\" \/>\n<meta property=\"og:site_name\" content=\"Venezuela | Noti-America.com\" \/>\n<meta property=\"article:author\" content=\"Mar\u00eda Valentina Noguera\" \/>\n<meta property=\"article:published_time\" content=\"2023-03-20T14:29:23+00:00\" \/>\n<meta property=\"og:image\" content=\"https:\/\/noti-america.com\/site\/venezuela\/wp-content\/uploads\/sites\/2\/2023\/03\/corpoelec-min-8f413e.jpg\" \/>\n\t<meta property=\"og:image:width\" content=\"800\" \/>\n\t<meta property=\"og:image:height\" content=\"500\" \/>\n\t<meta property=\"og:image:type\" content=\"image\/jpeg\" \/>\n<meta name=\"author\" content=\"Maria Valentina Noguera Medina\" \/>\n<meta name=\"twitter:card\" content=\"summary_large_image\" \/>\n<meta name=\"twitter:label1\" content=\"Escrito por\" \/>\n\t<meta name=\"twitter:data1\" content=\"Maria Valentina Noguera Medina\" \/>\n\t<meta name=\"twitter:label2\" content=\"Tiempo estimado de lectura\" \/>\n\t<meta name=\"twitter:data2\" content=\"1 minuto\" \/>\n<script type=\"application\/ld+json\" class=\"yoast-schema-graph\">{\"@context\":\"https:\/\/schema.org\",\"@graph\":[{\"@type\":\"Article\",\"@id\":\"https:\/\/noti-america.com\/site\/venezuela\/2023\/03\/20\/trabajadores-de-corpoelec-piden-mejorar-condiciones-laborales-en-falcon\/#article\",\"isPartOf\":{\"@id\":\"https:\/\/noti-america.com\/site\/venezuela\/2023\/03\/20\/trabajadores-de-corpoelec-piden-mejorar-condiciones-laborales-en-falcon\/\"},\"author\":{\"name\":\"Maria Valentina Noguera Medina\",\"@id\":\"https:\/\/noti-america.com\/site\/venezuela\/#\/schema\/person\/22806efcc2cfc4b45efb0e17be210ea8\"},\"headline\":\"Trabajadores de Corpoelec piden mejorar condiciones laborales en Falc\u00f3n\",\"datePublished\":\"2023-03-20T14:29:23+00:00\",\"mainEntityOfPage\":{\"@id\":\"https:\/\/noti-america.com\/site\/venezuela\/2023\/03\/20\/trabajadores-de-corpoelec-piden-mejorar-condiciones-laborales-en-falcon\/\"},\"wordCount\":109,\"commentCount\":0,\"publisher\":{\"@id\":\"https:\/\/noti-america.com\/site\/venezuela\/#organization\"},\"image\":{\"@id\":\"https:\/\/noti-america.com\/site\/venezuela\/2023\/03\/20\/trabajadores-de-corpoelec-piden-mejorar-condiciones-laborales-en-falcon\/#primaryimage\"},\"thumbnailUrl\":\"https:\/\/noti-america.com\/site\/venezuela\/wp-content\/uploads\/sites\/2\/2023\/03\/corpoelec-min-8f413e.jpg\",\"articleSection\":[\"Nacionales\",\"Venezuela\"],\"inLanguage\":\"es\",\"potentialAction\":[{\"@type\":\"CommentAction\",\"name\":\"Comment\",\"target\":[\"https:\/\/noti-america.com\/site\/venezuela\/2023\/03\/20\/trabajadores-de-corpoelec-piden-mejorar-condiciones-laborales-en-falcon\/#respond\"]}]},{\"@type\":\"WebPage\",\"@id\":\"https:\/\/noti-america.com\/site\/venezuela\/2023\/03\/20\/trabajadores-de-corpoelec-piden-mejorar-condiciones-laborales-en-falcon\/\",\"url\":\"https:\/\/noti-america.com\/site\/venezuela\/2023\/03\/20\/trabajadores-de-corpoelec-piden-mejorar-condiciones-laborales-en-falcon\/\",\"name\":\"Trabajadores de Corpoelec piden mejorar condiciones laborales en Falc\u00f3n - Venezuela | Noti-America.com\",\"isPartOf\":{\"@id\":\"https:\/\/noti-america.com\/site\/venezuela\/#website\"},\"primaryImageOfPage\":{\"@id\":\"https:\/\/noti-america.com\/site\/venezuela\/2023\/03\/20\/trabajadores-de-corpoelec-piden-mejorar-condiciones-laborales-en-falcon\/#primaryimage\"},\"image\":{\"@id\":\"https:\/\/noti-america.com\/site\/venezuela\/2023\/03\/20\/trabajadores-de-corpoelec-piden-mejorar-condiciones-laborales-en-falcon\/#primaryimage\"},\"thumbnailUrl\":\"https:\/\/noti-america.com\/site\/venezuela\/wp-content\/uploads\/sites\/2\/2023\/03\/corpoelec-min-8f413e.jpg\",\"datePublished\":\"2023-03-20T14:29:23+00:00\",\"breadcrumb\":{\"@id\":\"https:\/\/noti-america.com\/site\/venezuela\/2023\/03\/20\/trabajadores-de-corpoelec-piden-mejorar-condiciones-laborales-en-falcon\/#breadcrumb\"},\"inLanguage\":\"es\",\"potentialAction\":[{\"@type\":\"ReadAction\",\"target\":[\"https:\/\/noti-america.com\/site\/venezuela\/2023\/03\/20\/trabajadores-de-corpoelec-piden-mejorar-condiciones-laborales-en-falcon\/\"]}]},{\"@type\":\"ImageObject\",\"inLanguage\":\"es\",\"@id\":\"https:\/\/noti-america.com\/site\/venezuela\/2023\/03\/20\/trabajadores-de-corpoelec-piden-mejorar-condiciones-laborales-en-falcon\/#primaryimage\",\"url\":\"https:\/\/noti-america.com\/site\/venezuela\/wp-content\/uploads\/sites\/2\/2023\/03\/corpoelec-min-8f413e.jpg\",\"contentUrl\":\"https:\/\/noti-america.com\/site\/venezuela\/wp-content\/uploads\/sites\/2\/2023\/03\/corpoelec-min-8f413e.jpg\",\"width\":800,\"height\":500},{\"@type\":\"BreadcrumbList\",\"@id\":\"https:\/\/noti-america.com\/site\/venezuela\/2023\/03\/20\/trabajadores-de-corpoelec-piden-mejorar-condiciones-laborales-en-falcon\/#breadcrumb\",\"itemListElement\":[{\"@type\":\"ListItem\",\"position\":1,\"name\":\"Portada\",\"item\":\"https:\/\/noti-america.com\/site\/venezuela\/\"},{\"@type\":\"ListItem\",\"position\":2,\"name\":\"Trabajadores de Corpoelec piden mejorar condiciones laborales en Falc\u00f3n\"}]},{\"@type\":\"WebSite\",\"@id\":\"https:\/\/noti-america.com\/site\/venezuela\/#website\",\"url\":\"https:\/\/noti-america.com\/site\/venezuela\/\",\"name\":\"Venezuela | Noti-America.com\",\"description\":\"\",\"publisher\":{\"@id\":\"https:\/\/noti-america.com\/site\/venezuela\/#organization\"},\"potentialAction\":[{\"@type\":\"SearchAction\",\"target\":{\"@type\":\"EntryPoint\",\"urlTemplate\":\"https:\/\/noti-america.com\/site\/venezuela\/?s={search_term_string}\"},\"query-input\":{\"@type\":\"PropertyValueSpecification\",\"valueRequired\":true,\"valueName\":\"search_term_string\"}}],\"inLanguage\":\"es\"},{\"@type\":\"Organization\",\"@id\":\"https:\/\/noti-america.com\/site\/venezuela\/#organization\",\"name\":\"Noti-America LLC | Venezuela\",\"url\":\"https:\/\/noti-america.com\/site\/venezuela\/\",\"logo\":{\"@type\":\"ImageObject\",\"inLanguage\":\"es\",\"@id\":\"https:\/\/noti-america.com\/site\/venezuela\/#\/schema\/logo\/image\/\",\"url\":\"https:\/\/noti-america.com\/site\/venezuela\/wp-content\/uploads\/sites\/2\/2020\/07\/LogoNA-4x3-1.jpg\",\"contentUrl\":\"https:\/\/noti-america.com\/site\/venezuela\/wp-content\/uploads\/sites\/2\/2020\/07\/LogoNA-4x3-1.jpg\",\"width\":1236,\"height\":1080,\"caption\":\"Noti-America LLC | Venezuela\"},\"image\":{\"@id\":\"https:\/\/noti-america.com\/site\/venezuela\/#\/schema\/logo\/image\/\"}},{\"@type\":\"Person\",\"@id\":\"https:\/\/noti-america.com\/site\/venezuela\/#\/schema\/person\/22806efcc2cfc4b45efb0e17be210ea8\",\"name\":\"Maria Valentina Noguera Medina\",\"image\":{\"@type\":\"ImageObject\",\"inLanguage\":\"es\",\"@id\":\"https:\/\/secure.gravatar.com\/avatar\/4ec5eb9d099f2608a49c9df6f7341f66f04f819cdffa09d56a7a0e91d2819d56?s=96&d=mm&r=g\",\"url\":\"https:\/\/secure.gravatar.com\/avatar\/4ec5eb9d099f2608a49c9df6f7341f66f04f819cdffa09d56a7a0e91d2819d56?s=96&d=mm&r=g\",\"contentUrl\":\"https:\/\/secure.gravatar.com\/avatar\/4ec5eb9d099f2608a49c9df6f7341f66f04f819cdffa09d56a7a0e91d2819d56?s=96&d=mm&r=g\",\"caption\":\"Maria Valentina Noguera Medina\"},\"description\":\"Periodista - noti-america - Promar Community Manager - Talento Plus Dise\u00f1adora\/ creadora de contenido...\",\"sameAs\":[\"Mar\u00eda Valentina Noguera\",\"https:\/\/www.facebook.com\/mariavalentina.noguera\",\"https:\/\/www.linkedin.com\/in\/mara-valentina-noguera-medina-373075165\/\",\"https:\/\/www.pinterest.es\/valentinanoguera95\/\",\"https:\/\/www.youtube.com\/channel\/UCdek6mbUZ-Tqqw0I63i4nmQ\"],\"url\":\"https:\/\/noti-america.com\/site\/venezuela\/author\/mnoguera\/\"}]}<\/script>\n<!-- \/ Yoast SEO Premium plugin. -->","yoast_head_json":{"title":"Trabajadores de Corpoelec piden mejorar condiciones laborales en Falc\u00f3n - Venezuela | Noti-America.com","robots":{"index":"index","follow":"follow","max-snippet":"max-snippet:-1","max-image-preview":"max-image-preview:large","max-video-preview":"max-video-preview:-1"},"canonical":"https:\/\/noti-america.com\/site\/venezuela\/2023\/03\/20\/trabajadores-de-corpoelec-piden-mejorar-condiciones-laborales-en-falcon\/","og_locale":"es_ES","og_type":"article","og_title":"Trabajadores de Corpoelec piden mejorar condiciones laborales en Falc\u00f3n","og_description":"NOTI-AMERICA.COM | VENEZUELA \u2013 Sindicato el\u00e9ctrico de\u00a0Falc\u00f3n\u00a0denunci\u00f3 que los empleados de la\u00a0Corporaci\u00f3n El\u00e9ctrica Nacional\u00a0(Corpoelec)\u00a0han tenido accidentes por no contar con los equipos necesarios. El presidente del sindicato el\u00e9ctrico regional,\u00a0Starling Bracho,\u00a0asegur\u00f3 que los trabajadores no&#46;&#46;&#46;","og_url":"https:\/\/noti-america.com\/site\/venezuela\/2023\/03\/20\/trabajadores-de-corpoelec-piden-mejorar-condiciones-laborales-en-falcon\/","og_site_name":"Venezuela | Noti-America.com","article_author":"Mar\u00eda Valentina Noguera","article_published_time":"2023-03-20T14:29:23+00:00","og_image":[{"width":800,"height":500,"url":"https:\/\/noti-america.com\/site\/venezuela\/wp-content\/uploads\/sites\/2\/2023\/03\/corpoelec-min-8f413e.jpg","type":"image\/jpeg"}],"author":"Maria Valentina Noguera Medina","twitter_card":"summary_large_image","twitter_misc":{"Escrito por":"Maria Valentina Noguera Medina","Tiempo estimado de lectura":"1 minuto"},"schema":{"@context":"https:\/\/schema.org","@graph":[{"@type":"Article","@id":"https:\/\/noti-america.com\/site\/venezuela\/2023\/03\/20\/trabajadores-de-corpoelec-piden-mejorar-condiciones-laborales-en-falcon\/#article","isPartOf":{"@id":"https:\/\/noti-america.com\/site\/venezuela\/2023\/03\/20\/trabajadores-de-corpoelec-piden-mejorar-condiciones-laborales-en-falcon\/"},"author":{"name":"Maria Valentina Noguera Medina","@id":"https:\/\/noti-america.com\/site\/venezuela\/#\/schema\/person\/22806efcc2cfc4b45efb0e17be210ea8"},"headline":"Trabajadores de Corpoelec piden mejorar condiciones laborales en Falc\u00f3n","datePublished":"2023-03-20T14:29:23+00:00","mainEntityOfPage":{"@id":"https:\/\/noti-america.com\/site\/venezuela\/2023\/03\/20\/trabajadores-de-corpoelec-piden-mejorar-condiciones-laborales-en-falcon\/"},"wordCount":109,"commentCount":0,"publisher":{"@id":"https:\/\/noti-america.com\/site\/venezuela\/#organization"},"image":{"@id":"https:\/\/noti-america.com\/site\/venezuela\/2023\/03\/20\/trabajadores-de-corpoelec-piden-mejorar-condiciones-laborales-en-falcon\/#primaryimage"},"thumbnailUrl":"https:\/\/noti-america.com\/site\/venezuela\/wp-content\/uploads\/sites\/2\/2023\/03\/corpoelec-min-8f413e.jpg","articleSection":["Nacionales","Venezuela"],"inLanguage":"es","potentialAction":[{"@type":"CommentAction","name":"Comment","target":["https:\/\/noti-america.com\/site\/venezuela\/2023\/03\/20\/trabajadores-de-corpoelec-piden-mejorar-condiciones-laborales-en-falcon\/#respond"]}]},{"@type":"WebPage","@id":"https:\/\/noti-america.com\/site\/venezuela\/2023\/03\/20\/trabajadores-de-corpoelec-piden-mejorar-condiciones-laborales-en-falcon\/","url":"https:\/\/noti-america.com\/site\/venezuela\/2023\/03\/20\/trabajadores-de-corpoelec-piden-mejorar-condiciones-laborales-en-falcon\/","name":"Trabajadores de Corpoelec piden mejorar condiciones laborales en Falc\u00f3n - Venezuela | Noti-America.com","isPartOf":{"@id":"https:\/\/noti-america.com\/site\/venezuela\/#website"},"primaryImageOfPage":{"@id":"https:\/\/noti-america.com\/site\/venezuela\/2023\/03\/20\/trabajadores-de-corpoelec-piden-mejorar-condiciones-laborales-en-falcon\/#primaryimage"},"image":{"@id":"https:\/\/noti-america.com\/site\/venezuela\/2023\/03\/20\/trabajadores-de-corpoelec-piden-mejorar-condiciones-laborales-en-falcon\/#primaryimage"},"thumbnailUrl":"https:\/\/noti-america.com\/site\/venezuela\/wp-content\/uploads\/sites\/2\/2023\/03\/corpoelec-min-8f413e.jpg","datePublished":"2023-03-20T14:29:23+00:00","breadcrumb":{"@id":"https:\/\/noti-america.com\/site\/venezuela\/2023\/03\/20\/trabajadores-de-corpoelec-piden-mejorar-condiciones-laborales-en-falcon\/#breadcrumb"},"inLanguage":"es","potentialAction":[{"@type":"ReadAction","target":["https:\/\/noti-america.com\/site\/venezuela\/2023\/03\/20\/trabajadores-de-corpoelec-piden-mejorar-condiciones-laborales-en-falcon\/"]}]},{"@type":"ImageObject","inLanguage":"es","@id":"https:\/\/noti-america.com\/site\/venezuela\/2023\/03\/20\/trabajadores-de-corpoelec-piden-mejorar-condiciones-laborales-en-falcon\/#primaryimage","url":"https:\/\/noti-america.com\/site\/venezuela\/wp-content\/uploads\/sites\/2\/2023\/03\/corpoelec-min-8f413e.jpg","contentUrl":"https:\/\/noti-america.com\/site\/venezuela\/wp-content\/uploads\/sites\/2\/2023\/03\/corpoelec-min-8f413e.jpg","width":800,"height":500},{"@type":"BreadcrumbList","@id":"https:\/\/noti-america.com\/site\/venezuela\/2023\/03\/20\/trabajadores-de-corpoelec-piden-mejorar-condiciones-laborales-en-falcon\/#breadcrumb","itemListElement":[{"@type":"ListItem","position":1,"name":"Portada","item":"https:\/\/noti-america.com\/site\/venezuela\/"},{"@type":"ListItem","position":2,"name":"Trabajadores de Corpoelec piden mejorar condiciones laborales en Falc\u00f3n"}]},{"@type":"WebSite","@id":"https:\/\/noti-america.com\/site\/venezuela\/#website","url":"https:\/\/noti-america.com\/site\/venezuela\/","name":"Venezuela | Noti-America.com","description":"","publisher":{"@id":"https:\/\/noti-america.com\/site\/venezuela\/#organization"},"potentialAction":[{"@type":"SearchAction","target":{"@type":"EntryPoint","urlTemplate":"https:\/\/noti-america.com\/site\/venezuela\/?s={search_term_string}"},"query-input":{"@type":"PropertyValueSpecification","valueRequired":true,"valueName":"search_term_string"}}],"inLanguage":"es"},{"@type":"Organization","@id":"https:\/\/noti-america.com\/site\/venezuela\/#organization","name":"Noti-America LLC | Venezuela","url":"https:\/\/noti-america.com\/site\/venezuela\/","logo":{"@type":"ImageObject","inLanguage":"es","@id":"https:\/\/noti-america.com\/site\/venezuela\/#\/schema\/logo\/image\/","url":"https:\/\/noti-america.com\/site\/venezuela\/wp-content\/uploads\/sites\/2\/2020\/07\/LogoNA-4x3-1.jpg","contentUrl":"https:\/\/noti-america.com\/site\/venezuela\/wp-content\/uploads\/sites\/2\/2020\/07\/LogoNA-4x3-1.jpg","width":1236,"height":1080,"caption":"Noti-America LLC | Venezuela"},"image":{"@id":"https:\/\/noti-america.com\/site\/venezuela\/#\/schema\/logo\/image\/"}},{"@type":"Person","@id":"https:\/\/noti-america.com\/site\/venezuela\/#\/schema\/person\/22806efcc2cfc4b45efb0e17be210ea8","name":"Maria Valentina Noguera Medina","image":{"@type":"ImageObject","inLanguage":"es","@id":"https:\/\/secure.gravatar.com\/avatar\/4ec5eb9d099f2608a49c9df6f7341f66f04f819cdffa09d56a7a0e91d2819d56?s=96&d=mm&r=g","url":"https:\/\/secure.gravatar.com\/avatar\/4ec5eb9d099f2608a49c9df6f7341f66f04f819cdffa09d56a7a0e91d2819d56?s=96&d=mm&r=g","contentUrl":"https:\/\/secure.gravatar.com\/avatar\/4ec5eb9d099f2608a49c9df6f7341f66f04f819cdffa09d56a7a0e91d2819d56?s=96&d=mm&r=g","caption":"Maria Valentina Noguera Medina"},"description":"Periodista - noti-america - Promar Community Manager - Talento Plus Dise\u00f1adora\/ creadora de contenido...","sameAs":["Mar\u00eda Valentina Noguera","https:\/\/www.facebook.com\/mariavalentina.noguera","https:\/\/www.linkedin.com\/in\/mara-valentina-noguera-medina-373075165\/","https:\/\/www.pinterest.es\/valentinanoguera95\/","https:\/\/www.youtube.com\/channel\/UCdek6mbUZ-Tqqw0I63i4nmQ"],"url":"https:\/\/noti-america.com\/site\/venezuela\/author\/mnoguera\/"}]}},"_links":{"self":[{"href":"https:\/\/noti-america.com\/site\/venezuela\/wp-json\/wp\/v2\/posts\/26123","targetHints":{"allow":["GET"]}}],"collection":[{"href":"https:\/\/noti-america.com\/site\/venezuela\/wp-json\/wp\/v2\/posts"}],"about":[{"href":"https:\/\/noti-america.com\/site\/venezuela\/wp-json\/wp\/v2\/types\/post"}],"author":[{"embeddable":true,"href":"https:\/\/noti-america.com\/site\/venezuela\/wp-json\/wp\/v2\/users\/133"}],"replies":[{"embeddable":true,"href":"https:\/\/noti-america.com\/site\/venezuela\/wp-json\/wp\/v2\/comments?post=26123"}],"version-history":[{"count":1,"href":"https:\/\/noti-america.com\/site\/venezuela\/wp-json\/wp\/v2\/posts\/26123\/revisions"}],"predecessor-version":[{"id":26125,"href":"https:\/\/noti-america.com\/site\/venezuela\/wp-json\/wp\/v2\/posts\/26123\/revisions\/26125"}],"wp:featuredmedia":[{"embeddable":true,"href":"https:\/\/noti-america.com\/site\/venezuela\/wp-json\/wp\/v2\/media\/26124"}],"wp:attachment":[{"href":"https:\/\/noti-america.com\/site\/venezuela\/wp-json\/wp\/v2\/media?parent=26123"}],"wp:term":[{"taxonomy":"category","embeddable":true,"href":"https:\/\/noti-america.com\/site\/venezuela\/wp-json\/wp\/v2\/categories?post=26123"},{"taxonomy":"post_tag","embeddable":true,"href":"https:\/\/noti-america.com\/site\/venezuela\/wp-json\/wp\/v2\/tags?post=26123"}],"curies":[{"name":"wp","href":"https:\/\/api.w.org\/{rel}","templated":true}]}}