{"id":26114,"date":"2023-03-19T10:11:42","date_gmt":"2023-03-19T10:11:42","guid":{"rendered":"https:\/\/noti-america.com\/site\/venezuela\/2023\/03\/19\/si-seguimos-apendejados-adios-por-marlon-s-jimenez-garcia\/"},"modified":"2023-03-19T10:11:42","modified_gmt":"2023-03-19T10:11:42","slug":"si-seguimos-apendejados-adios-por-marlon-s-jimenez-garcia","status":"publish","type":"post","link":"https:\/\/noti-america.com\/site\/venezuela\/2023\/03\/19\/si-seguimos-apendejados-adios-por-marlon-s-jimenez-garcia\/","title":{"rendered":"\u00bfSI SEGUIMOS APENDEJADOS, ADIOS?  \u00a0Por: Marlon S Jim\u00e9nez Garc\u00eda."},"content":{"rendered":"<p>NOTI-AMERICA.COM | VENEZUELA<\/p>\n<p style=\"text-align: center;\">\u00bfSI SEGUIMOS APENDEJADOS, ADIOS?<\/p>\n<p style=\"text-align: center;\">\u00a0Por: Marlon S Jim\u00e9nez Garc\u00eda.<\/p>\n<p><strong>Apendejados<\/strong>, no es un t\u00e9rmino impropio en s\u00ed mismo, es reconocido por la Real Academia Espa\u00f1ola (RAE) y tambi\u00e9n en el \u00e1mbito continental de lengua hispana, pero en nuestra geograf\u00eda nacional, sobre todo en nuestro Pa\u00eds, es muy utilizado en la jerga popular, gubernamental y en la academia, de manera normal sin ning\u00fan tipo de restricciones de clases sociales.<\/p>\n<p>Estar <strong>\u201capendejado\u201d<\/strong> no es f\u00e1cil definirlo, pero todos sabemos por referencia situacional su prop\u00f3sito conceptual y eso est\u00e1 relacionado con permanecer: atemorizado, asustado, amedrentado, acobardado, intimidado, aterrado, sumiso, pasivo, bobo, sin ning\u00fan tipo de reacci\u00f3n ante lo que est\u00e1 aconteciendo a su alrededor, conformista a ultranza del martirio que sufre. Vivimos momentos dram\u00e1ticos de supervivencia: comidas y medicinas incomprables; no hay ning\u00fan tipo de asistencia hospitalaria, agravado por la irresponsabilidad del r\u00e9gimen en el trato incoado a nuestro pueblo con la presencia inequ\u00edvoca de enfermedades erradicadas hace m\u00e1s de 60 a\u00f1os que est\u00e1n apareciendo en vectores geom\u00e9tricos; la inflaci\u00f3n corroe las entra\u00f1as de nuestro \u00ednfimo salario; por la especulaci\u00f3n, el transporte p\u00fablico presenta tarifas impagables; el sue\u00f1o ha desaparecido de nuestras vidas por los apagones y bajones que sufrimos en el transcurrir del d\u00eda, y el deterioro funcional de nuestros equipos el\u00e9ctricos es cada vez m\u00e1s inclemente; del servicio de agua, ni hablar; todo eso acarrea paralizaci\u00f3n total del pa\u00eds;<\/p>\n<p>El objetivo que el r\u00e9gimen persigue es que contin\u00fae la estampida (ellos estiman que con la agudizaci\u00f3n mortal de la crisis podr\u00eda duplicarse la lista actual) \u00a0de nuestros j\u00f3venes en busca de futuro digno y para los que nos quedamos, la muerte ronda nuestra existencia, sin incluir la barbarie del r\u00e9gimen creando ex profesamente un <strong>genocidio por hambre<\/strong> que, ser\u00e1 denunciado ante la CPI y que engrosar\u00e1 aun m\u00e1s el que reposa en esa fiscal\u00eda internacional.<\/p>\n<p>Ahora bien, \u00bfestamos apendejados? En apariencia S\u00cd. El USURPADOR Procubano y su r\u00e9gimen con su pol\u00edtica de terror impulsada y sostenida en tiempo y espacio es el actor principal de ello y m\u00e1s con la complicidad de nuestra FANB, que ha coadyuvado con esa peculiar situaci\u00f3n, cuando utilizan las armas de la patria para asesinar a mansalva (est\u00e1n acusados formalmente ante la CPI por delitos de lesa humanidad) a quienes salen a las calles a luchar por las libertades ciudadanas, por la democracia y su estado de derecho; pero esa forma no es propia del venezolano, es exportada y radicalizada en la conjunci\u00f3n entre comunismo y fascismo; el mejor indicador es, nuestra diacron\u00eda hist\u00f3rica republicana y continental.<\/p>\n<p>El venezolano es de temple, valiente, audaz, impulsivo estrat\u00e9gicamente e inteligente; espera al USURPADOR Procubano y su maligno r\u00e9gimen en la \u201cbaja\u00edta\u201d; no ser\u00e1n estos delincuentes y los mercaderes de la mal llamada \u201cmesita\u201d llamados sabiamente por el pueblo como ALACRANES, quienes detendr\u00e1n ese esp\u00edritu activo por la consolidaci\u00f3n de un pa\u00eds de futuro y de acentuaci\u00f3n de calidad de vida y no de \u201chambre, miseria y muerte que nos ofrecen los delincuentes que hoy rigen los destinos de la patria\u201d, como filosof\u00eda de vida..<\/p>\n<p>La Plataforma Unitaria, la cual cuenta con m\u00e1s del 90% de respaldo, tiene la obligaci\u00f3n moral de vencer ese\u00a0<strong>\u201capendajamiento social\u201d,<\/strong>\u00a0brindando en su estrategia anti comunista y fascista, el rescate de nuestra democracia, pol\u00edticas integrales de acci\u00f3n ciudadana que sean espacios para la participaci\u00f3n de toda la sociedad que rechaza de manera vertical, a los delincuentes instalados en el poder; \u00e9stas deben relacionarse con el despliegue y llamado a una concientizaci\u00f3n integral de lucha por nuestros derechos y tambi\u00e9n por el despliegue sistem\u00e1tico de nuestros deberes patrios por la defensa de nuestra Constituci\u00f3n Nacional.<\/p>\n<p>Ellos han gestionado y logrado un poder absoluto del Estado; <strong>nosotros se lo hemos permitido<\/strong> y ese <strong>apendejamiento<\/strong> lo han aprovechado al m\u00e1ximo y las consecuencias directas de ello las conocemos y las padecemos. \u00bfPodemos recuperar nuestro pa\u00eds? Sin duda que si; pero el esfuerzo tiene que constituirse en una <strong>UNIDAD TRASCEDENTAL<\/strong> para que no se diluya con los intereses personales y partidistas en sucesi\u00f3n de hechos inveterados que nos llevar\u00edan nuevamente al fracaso. Tenemos que obligarlos al cumplimiento de la CN; he all\u00ed el factor de conciencia necesario para enrumbar nuestro destino. Ellos han hecho de la CN una letra muerta y nosotros que, somos la gran mayor\u00eda, tenemos que hacer renacerla de las cenizas; lograrlo no es dif\u00edcil pero tampoco es f\u00e1cil. Las inhabilitaciones, todas inconstitucionales, ser\u00eda una buena demostraci\u00f3n de fuerza para demostrarle que si hay un pueblo que se cans\u00f3 de ser pendejo y que est\u00e1 en la calle luchando por un verdadero Estado de Derecho, por consecuencias l\u00f3gicas por la democracia, la libertad, la justicia y la pluralidad pol\u00edtica. La plataforma Unitaria, tiene que demostrar que puede caminar y mascar chicle a la vez; adem\u00e1s en esta lucha se incorporar\u00e1n otros sectores dela vida nacional que tambi\u00e9n est\u00e1n cansados de hacer ese triste papel de <strong>apendejamiento social<\/strong>; esta lucha no ser\u00e1 SOLO de civiles. \u00a0Estamos en espera de acci\u00f3n, para luego puede ser tarde<strong>. Si seguimos apendejados, adi\u00f3s; el \u00faltimo que salga, que apague la luz.<\/strong><\/p>\n<p><strong>\u00a0<\/strong><\/p>\n<p><strong>Profesor Universitario<\/strong><\/p>\n<p><strong><a href=\"mailto:Marlons.jimenezz55@gmail.com\">Marlons.jimenezz55@gmail.com<\/a><\/strong><\/p>\n<p><strong>@marlonj36450028<\/strong><\/p>\n","protected":false},"excerpt":{"rendered":"<p>NOTI-AMERICA.COM | VENEZUELA \u00bfSI SEGUIMOS APENDEJADOS, ADIOS? \u00a0Por: Marlon S Jim\u00e9nez Garc\u00eda. Apendejados, no es un t\u00e9rmino impropio en s\u00ed mismo, es reconocido por la Real Academia Espa\u00f1ola (RAE) y tambi\u00e9n en el \u00e1mbito&#46;&#46;&#46;<\/p>\n","protected":false},"author":2,"featured_media":17111,"comment_status":"open","ping_status":"open","sticky":false,"template":"","format":"image","meta":{"_acf_changed":false,"om_disable_all_campaigns":false,"rop_custom_images_group":[],"rop_custom_messages_group":[],"rop_publish_now":"initial","rop_publish_now_accounts":{"twitter_242054905_242054905":""},"rop_publish_now_history":[],"rop_publish_now_status":"pending","_uf_show_specific_survey":0,"_uf_disable_surveys":false,"footnotes":""},"categories":[3],"tags":[],"class_list":["post-26114","post","type-post","status-publish","format-image","has-post-thumbnail","hentry","category-politica","post_format-post-format-image"],"acf":[],"aioseo_notices":[],"yoast_head":"<!-- This site is optimized with the Yoast SEO Premium plugin v24.9 (Yoast SEO v27.2) - https:\/\/yoast.com\/product\/yoast-seo-premium-wordpress\/ -->\n<title>\u00bfSI SEGUIMOS APENDEJADOS, ADIOS? \u00a0Por: Marlon S Jim\u00e9nez Garc\u00eda. - Venezuela | Noti-America.com<\/title>\n<meta name=\"robots\" content=\"index, follow, max-snippet:-1, max-image-preview:large, max-video-preview:-1\" \/>\n<link rel=\"canonical\" href=\"https:\/\/noti-america.com\/site\/venezuela\/2023\/03\/19\/si-seguimos-apendejados-adios-por-marlon-s-jimenez-garcia\/\" \/>\n<meta property=\"og:locale\" content=\"es_ES\" \/>\n<meta property=\"og:type\" content=\"article\" \/>\n<meta property=\"og:title\" content=\"\u00bfSI SEGUIMOS APENDEJADOS, ADIOS? \u00a0Por: Marlon S Jim\u00e9nez Garc\u00eda.\" \/>\n<meta property=\"og:description\" content=\"NOTI-AMERICA.COM | VENEZUELA \u00bfSI SEGUIMOS APENDEJADOS, ADIOS? \u00a0Por: Marlon S Jim\u00e9nez Garc\u00eda. Apendejados, no es un t\u00e9rmino impropio en s\u00ed mismo, es reconocido por la Real Academia Espa\u00f1ola (RAE) y tambi\u00e9n en el \u00e1mbito&#046;&#046;&#046;\" \/>\n<meta property=\"og:url\" content=\"https:\/\/noti-america.com\/site\/venezuela\/2023\/03\/19\/si-seguimos-apendejados-adios-por-marlon-s-jimenez-garcia\/\" \/>\n<meta property=\"og:site_name\" content=\"Venezuela | Noti-America.com\" \/>\n<meta property=\"article:published_time\" content=\"2023-03-19T10:11:42+00:00\" \/>\n<meta property=\"og:image\" content=\"https:\/\/noti-america.com\/site\/venezuela\/wp-content\/uploads\/sites\/2\/2021\/11\/MARLON-JIMENEZ2-scaled.jpg\" \/>\n\t<meta property=\"og:image:width\" content=\"1\" \/>\n\t<meta property=\"og:image:height\" content=\"1\" \/>\n\t<meta property=\"og:image:type\" content=\"image\/jpeg\" \/>\n<meta name=\"author\" content=\"rloaiza\" \/>\n<meta name=\"twitter:card\" content=\"summary_large_image\" \/>\n<meta name=\"twitter:label1\" content=\"Escrito por\" \/>\n\t<meta name=\"twitter:data1\" content=\"rloaiza\" \/>\n\t<meta name=\"twitter:label2\" content=\"Tiempo estimado de lectura\" \/>\n\t<meta name=\"twitter:data2\" content=\"4 minutos\" \/>\n<script type=\"application\/ld+json\" class=\"yoast-schema-graph\">{\"@context\":\"https:\/\/schema.org\",\"@graph\":[{\"@type\":\"Article\",\"@id\":\"https:\/\/noti-america.com\/site\/venezuela\/2023\/03\/19\/si-seguimos-apendejados-adios-por-marlon-s-jimenez-garcia\/#article\",\"isPartOf\":{\"@id\":\"https:\/\/noti-america.com\/site\/venezuela\/2023\/03\/19\/si-seguimos-apendejados-adios-por-marlon-s-jimenez-garcia\/\"},\"author\":{\"name\":\"rloaiza\",\"@id\":\"https:\/\/noti-america.com\/site\/venezuela\/#\/schema\/person\/a2e478ba496331ce89bcd0c731cd6533\"},\"headline\":\"\u00bfSI SEGUIMOS APENDEJADOS, ADIOS? \u00a0Por: Marlon S Jim\u00e9nez Garc\u00eda.\",\"datePublished\":\"2023-03-19T10:11:42+00:00\",\"mainEntityOfPage\":{\"@id\":\"https:\/\/noti-america.com\/site\/venezuela\/2023\/03\/19\/si-seguimos-apendejados-adios-por-marlon-s-jimenez-garcia\/\"},\"wordCount\":943,\"commentCount\":0,\"publisher\":{\"@id\":\"https:\/\/noti-america.com\/site\/venezuela\/#organization\"},\"image\":{\"@id\":\"https:\/\/noti-america.com\/site\/venezuela\/2023\/03\/19\/si-seguimos-apendejados-adios-por-marlon-s-jimenez-garcia\/#primaryimage\"},\"thumbnailUrl\":\"https:\/\/noti-america.com\/site\/venezuela\/wp-content\/uploads\/sites\/2\/2021\/11\/MARLON-JIMENEZ2-scaled.jpg\",\"articleSection\":[\"Pol\u00edtica\"],\"inLanguage\":\"es\",\"potentialAction\":[{\"@type\":\"CommentAction\",\"name\":\"Comment\",\"target\":[\"https:\/\/noti-america.com\/site\/venezuela\/2023\/03\/19\/si-seguimos-apendejados-adios-por-marlon-s-jimenez-garcia\/#respond\"]}]},{\"@type\":\"WebPage\",\"@id\":\"https:\/\/noti-america.com\/site\/venezuela\/2023\/03\/19\/si-seguimos-apendejados-adios-por-marlon-s-jimenez-garcia\/\",\"url\":\"https:\/\/noti-america.com\/site\/venezuela\/2023\/03\/19\/si-seguimos-apendejados-adios-por-marlon-s-jimenez-garcia\/\",\"name\":\"\u00bfSI SEGUIMOS APENDEJADOS, ADIOS? \u00a0Por: Marlon S Jim\u00e9nez Garc\u00eda. - Venezuela | Noti-America.com\",\"isPartOf\":{\"@id\":\"https:\/\/noti-america.com\/site\/venezuela\/#website\"},\"primaryImageOfPage\":{\"@id\":\"https:\/\/noti-america.com\/site\/venezuela\/2023\/03\/19\/si-seguimos-apendejados-adios-por-marlon-s-jimenez-garcia\/#primaryimage\"},\"image\":{\"@id\":\"https:\/\/noti-america.com\/site\/venezuela\/2023\/03\/19\/si-seguimos-apendejados-adios-por-marlon-s-jimenez-garcia\/#primaryimage\"},\"thumbnailUrl\":\"https:\/\/noti-america.com\/site\/venezuela\/wp-content\/uploads\/sites\/2\/2021\/11\/MARLON-JIMENEZ2-scaled.jpg\",\"datePublished\":\"2023-03-19T10:11:42+00:00\",\"breadcrumb\":{\"@id\":\"https:\/\/noti-america.com\/site\/venezuela\/2023\/03\/19\/si-seguimos-apendejados-adios-por-marlon-s-jimenez-garcia\/#breadcrumb\"},\"inLanguage\":\"es\",\"potentialAction\":[{\"@type\":\"ReadAction\",\"target\":[\"https:\/\/noti-america.com\/site\/venezuela\/2023\/03\/19\/si-seguimos-apendejados-adios-por-marlon-s-jimenez-garcia\/\"]}]},{\"@type\":\"ImageObject\",\"inLanguage\":\"es\",\"@id\":\"https:\/\/noti-america.com\/site\/venezuela\/2023\/03\/19\/si-seguimos-apendejados-adios-por-marlon-s-jimenez-garcia\/#primaryimage\",\"url\":\"https:\/\/noti-america.com\/site\/venezuela\/wp-content\/uploads\/sites\/2\/2021\/11\/MARLON-JIMENEZ2-scaled.jpg\",\"contentUrl\":\"https:\/\/noti-america.com\/site\/venezuela\/wp-content\/uploads\/sites\/2\/2021\/11\/MARLON-JIMENEZ2-scaled.jpg\"},{\"@type\":\"BreadcrumbList\",\"@id\":\"https:\/\/noti-america.com\/site\/venezuela\/2023\/03\/19\/si-seguimos-apendejados-adios-por-marlon-s-jimenez-garcia\/#breadcrumb\",\"itemListElement\":[{\"@type\":\"ListItem\",\"position\":1,\"name\":\"Portada\",\"item\":\"https:\/\/noti-america.com\/site\/venezuela\/\"},{\"@type\":\"ListItem\",\"position\":2,\"name\":\"\u00bfSI SEGUIMOS APENDEJADOS, ADIOS? \u00a0Por: Marlon S Jim\u00e9nez Garc\u00eda.\"}]},{\"@type\":\"WebSite\",\"@id\":\"https:\/\/noti-america.com\/site\/venezuela\/#website\",\"url\":\"https:\/\/noti-america.com\/site\/venezuela\/\",\"name\":\"Venezuela | Noti-America.com\",\"description\":\"\",\"publisher\":{\"@id\":\"https:\/\/noti-america.com\/site\/venezuela\/#organization\"},\"potentialAction\":[{\"@type\":\"SearchAction\",\"target\":{\"@type\":\"EntryPoint\",\"urlTemplate\":\"https:\/\/noti-america.com\/site\/venezuela\/?s={search_term_string}\"},\"query-input\":{\"@type\":\"PropertyValueSpecification\",\"valueRequired\":true,\"valueName\":\"search_term_string\"}}],\"inLanguage\":\"es\"},{\"@type\":\"Organization\",\"@id\":\"https:\/\/noti-america.com\/site\/venezuela\/#organization\",\"name\":\"Noti-America LLC | Venezuela\",\"url\":\"https:\/\/noti-america.com\/site\/venezuela\/\",\"logo\":{\"@type\":\"ImageObject\",\"inLanguage\":\"es\",\"@id\":\"https:\/\/noti-america.com\/site\/venezuela\/#\/schema\/logo\/image\/\",\"url\":\"https:\/\/noti-america.com\/site\/venezuela\/wp-content\/uploads\/sites\/2\/2020\/07\/LogoNA-4x3-1.jpg\",\"contentUrl\":\"https:\/\/noti-america.com\/site\/venezuela\/wp-content\/uploads\/sites\/2\/2020\/07\/LogoNA-4x3-1.jpg\",\"width\":1236,\"height\":1080,\"caption\":\"Noti-America LLC | Venezuela\"},\"image\":{\"@id\":\"https:\/\/noti-america.com\/site\/venezuela\/#\/schema\/logo\/image\/\"}},{\"@type\":\"Person\",\"@id\":\"https:\/\/noti-america.com\/site\/venezuela\/#\/schema\/person\/a2e478ba496331ce89bcd0c731cd6533\",\"name\":\"rloaiza\",\"image\":{\"@type\":\"ImageObject\",\"inLanguage\":\"es\",\"@id\":\"https:\/\/secure.gravatar.com\/avatar\/190058e5d4427934610b99c45aa7a6558806850adedd53ddeddd194b04773e22?s=96&d=mm&r=g\",\"url\":\"https:\/\/secure.gravatar.com\/avatar\/190058e5d4427934610b99c45aa7a6558806850adedd53ddeddd194b04773e22?s=96&d=mm&r=g\",\"contentUrl\":\"https:\/\/secure.gravatar.com\/avatar\/190058e5d4427934610b99c45aa7a6558806850adedd53ddeddd194b04773e22?s=96&d=mm&r=g\",\"caption\":\"rloaiza\"},\"url\":\"https:\/\/noti-america.com\/site\/venezuela\/author\/rloaiza\/\"}]}<\/script>\n<!-- \/ Yoast SEO Premium plugin. -->","yoast_head_json":{"title":"\u00bfSI SEGUIMOS APENDEJADOS, ADIOS? \u00a0Por: Marlon S Jim\u00e9nez Garc\u00eda. - Venezuela | Noti-America.com","robots":{"index":"index","follow":"follow","max-snippet":"max-snippet:-1","max-image-preview":"max-image-preview:large","max-video-preview":"max-video-preview:-1"},"canonical":"https:\/\/noti-america.com\/site\/venezuela\/2023\/03\/19\/si-seguimos-apendejados-adios-por-marlon-s-jimenez-garcia\/","og_locale":"es_ES","og_type":"article","og_title":"\u00bfSI SEGUIMOS APENDEJADOS, ADIOS? \u00a0Por: Marlon S Jim\u00e9nez Garc\u00eda.","og_description":"NOTI-AMERICA.COM | VENEZUELA \u00bfSI SEGUIMOS APENDEJADOS, ADIOS? \u00a0Por: Marlon S Jim\u00e9nez Garc\u00eda. Apendejados, no es un t\u00e9rmino impropio en s\u00ed mismo, es reconocido por la Real Academia Espa\u00f1ola (RAE) y tambi\u00e9n en el \u00e1mbito&#46;&#46;&#46;","og_url":"https:\/\/noti-america.com\/site\/venezuela\/2023\/03\/19\/si-seguimos-apendejados-adios-por-marlon-s-jimenez-garcia\/","og_site_name":"Venezuela | Noti-America.com","article_published_time":"2023-03-19T10:11:42+00:00","og_image":[{"url":"https:\/\/noti-america.com\/site\/venezuela\/wp-content\/uploads\/sites\/2\/2021\/11\/MARLON-JIMENEZ2-scaled.jpg","width":1,"height":1,"type":"image\/jpeg"}],"author":"rloaiza","twitter_card":"summary_large_image","twitter_misc":{"Escrito por":"rloaiza","Tiempo estimado de lectura":"4 minutos"},"schema":{"@context":"https:\/\/schema.org","@graph":[{"@type":"Article","@id":"https:\/\/noti-america.com\/site\/venezuela\/2023\/03\/19\/si-seguimos-apendejados-adios-por-marlon-s-jimenez-garcia\/#article","isPartOf":{"@id":"https:\/\/noti-america.com\/site\/venezuela\/2023\/03\/19\/si-seguimos-apendejados-adios-por-marlon-s-jimenez-garcia\/"},"author":{"name":"rloaiza","@id":"https:\/\/noti-america.com\/site\/venezuela\/#\/schema\/person\/a2e478ba496331ce89bcd0c731cd6533"},"headline":"\u00bfSI SEGUIMOS APENDEJADOS, ADIOS? \u00a0Por: Marlon S Jim\u00e9nez Garc\u00eda.","datePublished":"2023-03-19T10:11:42+00:00","mainEntityOfPage":{"@id":"https:\/\/noti-america.com\/site\/venezuela\/2023\/03\/19\/si-seguimos-apendejados-adios-por-marlon-s-jimenez-garcia\/"},"wordCount":943,"commentCount":0,"publisher":{"@id":"https:\/\/noti-america.com\/site\/venezuela\/#organization"},"image":{"@id":"https:\/\/noti-america.com\/site\/venezuela\/2023\/03\/19\/si-seguimos-apendejados-adios-por-marlon-s-jimenez-garcia\/#primaryimage"},"thumbnailUrl":"https:\/\/noti-america.com\/site\/venezuela\/wp-content\/uploads\/sites\/2\/2021\/11\/MARLON-JIMENEZ2-scaled.jpg","articleSection":["Pol\u00edtica"],"inLanguage":"es","potentialAction":[{"@type":"CommentAction","name":"Comment","target":["https:\/\/noti-america.com\/site\/venezuela\/2023\/03\/19\/si-seguimos-apendejados-adios-por-marlon-s-jimenez-garcia\/#respond"]}]},{"@type":"WebPage","@id":"https:\/\/noti-america.com\/site\/venezuela\/2023\/03\/19\/si-seguimos-apendejados-adios-por-marlon-s-jimenez-garcia\/","url":"https:\/\/noti-america.com\/site\/venezuela\/2023\/03\/19\/si-seguimos-apendejados-adios-por-marlon-s-jimenez-garcia\/","name":"\u00bfSI SEGUIMOS APENDEJADOS, ADIOS? \u00a0Por: Marlon S Jim\u00e9nez Garc\u00eda. - Venezuela | Noti-America.com","isPartOf":{"@id":"https:\/\/noti-america.com\/site\/venezuela\/#website"},"primaryImageOfPage":{"@id":"https:\/\/noti-america.com\/site\/venezuela\/2023\/03\/19\/si-seguimos-apendejados-adios-por-marlon-s-jimenez-garcia\/#primaryimage"},"image":{"@id":"https:\/\/noti-america.com\/site\/venezuela\/2023\/03\/19\/si-seguimos-apendejados-adios-por-marlon-s-jimenez-garcia\/#primaryimage"},"thumbnailUrl":"https:\/\/noti-america.com\/site\/venezuela\/wp-content\/uploads\/sites\/2\/2021\/11\/MARLON-JIMENEZ2-scaled.jpg","datePublished":"2023-03-19T10:11:42+00:00","breadcrumb":{"@id":"https:\/\/noti-america.com\/site\/venezuela\/2023\/03\/19\/si-seguimos-apendejados-adios-por-marlon-s-jimenez-garcia\/#breadcrumb"},"inLanguage":"es","potentialAction":[{"@type":"ReadAction","target":["https:\/\/noti-america.com\/site\/venezuela\/2023\/03\/19\/si-seguimos-apendejados-adios-por-marlon-s-jimenez-garcia\/"]}]},{"@type":"ImageObject","inLanguage":"es","@id":"https:\/\/noti-america.com\/site\/venezuela\/2023\/03\/19\/si-seguimos-apendejados-adios-por-marlon-s-jimenez-garcia\/#primaryimage","url":"https:\/\/noti-america.com\/site\/venezuela\/wp-content\/uploads\/sites\/2\/2021\/11\/MARLON-JIMENEZ2-scaled.jpg","contentUrl":"https:\/\/noti-america.com\/site\/venezuela\/wp-content\/uploads\/sites\/2\/2021\/11\/MARLON-JIMENEZ2-scaled.jpg"},{"@type":"BreadcrumbList","@id":"https:\/\/noti-america.com\/site\/venezuela\/2023\/03\/19\/si-seguimos-apendejados-adios-por-marlon-s-jimenez-garcia\/#breadcrumb","itemListElement":[{"@type":"ListItem","position":1,"name":"Portada","item":"https:\/\/noti-america.com\/site\/venezuela\/"},{"@type":"ListItem","position":2,"name":"\u00bfSI SEGUIMOS APENDEJADOS, ADIOS? \u00a0Por: Marlon S Jim\u00e9nez Garc\u00eda."}]},{"@type":"WebSite","@id":"https:\/\/noti-america.com\/site\/venezuela\/#website","url":"https:\/\/noti-america.com\/site\/venezuela\/","name":"Venezuela | Noti-America.com","description":"","publisher":{"@id":"https:\/\/noti-america.com\/site\/venezuela\/#organization"},"potentialAction":[{"@type":"SearchAction","target":{"@type":"EntryPoint","urlTemplate":"https:\/\/noti-america.com\/site\/venezuela\/?s={search_term_string}"},"query-input":{"@type":"PropertyValueSpecification","valueRequired":true,"valueName":"search_term_string"}}],"inLanguage":"es"},{"@type":"Organization","@id":"https:\/\/noti-america.com\/site\/venezuela\/#organization","name":"Noti-America LLC | Venezuela","url":"https:\/\/noti-america.com\/site\/venezuela\/","logo":{"@type":"ImageObject","inLanguage":"es","@id":"https:\/\/noti-america.com\/site\/venezuela\/#\/schema\/logo\/image\/","url":"https:\/\/noti-america.com\/site\/venezuela\/wp-content\/uploads\/sites\/2\/2020\/07\/LogoNA-4x3-1.jpg","contentUrl":"https:\/\/noti-america.com\/site\/venezuela\/wp-content\/uploads\/sites\/2\/2020\/07\/LogoNA-4x3-1.jpg","width":1236,"height":1080,"caption":"Noti-America LLC | Venezuela"},"image":{"@id":"https:\/\/noti-america.com\/site\/venezuela\/#\/schema\/logo\/image\/"}},{"@type":"Person","@id":"https:\/\/noti-america.com\/site\/venezuela\/#\/schema\/person\/a2e478ba496331ce89bcd0c731cd6533","name":"rloaiza","image":{"@type":"ImageObject","inLanguage":"es","@id":"https:\/\/secure.gravatar.com\/avatar\/190058e5d4427934610b99c45aa7a6558806850adedd53ddeddd194b04773e22?s=96&d=mm&r=g","url":"https:\/\/secure.gravatar.com\/avatar\/190058e5d4427934610b99c45aa7a6558806850adedd53ddeddd194b04773e22?s=96&d=mm&r=g","contentUrl":"https:\/\/secure.gravatar.com\/avatar\/190058e5d4427934610b99c45aa7a6558806850adedd53ddeddd194b04773e22?s=96&d=mm&r=g","caption":"rloaiza"},"url":"https:\/\/noti-america.com\/site\/venezuela\/author\/rloaiza\/"}]}},"_links":{"self":[{"href":"https:\/\/noti-america.com\/site\/venezuela\/wp-json\/wp\/v2\/posts\/26114","targetHints":{"allow":["GET"]}}],"collection":[{"href":"https:\/\/noti-america.com\/site\/venezuela\/wp-json\/wp\/v2\/posts"}],"about":[{"href":"https:\/\/noti-america.com\/site\/venezuela\/wp-json\/wp\/v2\/types\/post"}],"author":[{"embeddable":true,"href":"https:\/\/noti-america.com\/site\/venezuela\/wp-json\/wp\/v2\/users\/2"}],"replies":[{"embeddable":true,"href":"https:\/\/noti-america.com\/site\/venezuela\/wp-json\/wp\/v2\/comments?post=26114"}],"version-history":[{"count":0,"href":"https:\/\/noti-america.com\/site\/venezuela\/wp-json\/wp\/v2\/posts\/26114\/revisions"}],"wp:featuredmedia":[{"embeddable":true,"href":"https:\/\/noti-america.com\/site\/venezuela\/wp-json\/wp\/v2\/media\/17111"}],"wp:attachment":[{"href":"https:\/\/noti-america.com\/site\/venezuela\/wp-json\/wp\/v2\/media?parent=26114"}],"wp:term":[{"taxonomy":"category","embeddable":true,"href":"https:\/\/noti-america.com\/site\/venezuela\/wp-json\/wp\/v2\/categories?post=26114"},{"taxonomy":"post_tag","embeddable":true,"href":"https:\/\/noti-america.com\/site\/venezuela\/wp-json\/wp\/v2\/tags?post=26114"}],"curies":[{"name":"wp","href":"https:\/\/api.w.org\/{rel}","templated":true}]}}