{"id":26102,"date":"2023-03-21T12:43:22","date_gmt":"2023-03-21T12:43:22","guid":{"rendered":"https:\/\/noti-america.com\/site\/venezuela\/?p=26102"},"modified":"2023-03-21T12:43:22","modified_gmt":"2023-03-21T12:43:22","slug":"el-alcalde-jose-mosquera-la-marea-azul-sigue-creciendo-en-lagunillas","status":"publish","type":"post","link":"https:\/\/noti-america.com\/site\/venezuela\/2023\/03\/21\/el-alcalde-jose-mosquera-la-marea-azul-sigue-creciendo-en-lagunillas\/","title":{"rendered":"El Alcalde Jos\u00e9 Mosquera. La Marea Az\u00fal Sigue Creciendo en Lagunillas"},"content":{"rendered":"\r\n<p>&nbsp;<\/p>\r\n<p><img loading=\"lazy\" decoding=\"async\" class=\"size-medium wp-image-26137 aligncenter\" src=\"https:\/\/noti-america.com\/site\/venezuela\/wp-content\/uploads\/sites\/2\/2023\/03\/IMG-20230320-WA0183-300x201.jpg\" alt=\"\" width=\"300\" height=\"201\" srcset=\"https:\/\/noti-america.com\/site\/venezuela\/wp-content\/uploads\/sites\/2\/2023\/03\/IMG-20230320-WA0183-300x201.jpg 300w, https:\/\/noti-america.com\/site\/venezuela\/wp-content\/uploads\/sites\/2\/2023\/03\/IMG-20230320-WA0183-768x514.jpg 768w, https:\/\/noti-america.com\/site\/venezuela\/wp-content\/uploads\/sites\/2\/2023\/03\/IMG-20230320-WA0183-600x402.jpg 600w, https:\/\/noti-america.com\/site\/venezuela\/wp-content\/uploads\/sites\/2\/2023\/03\/IMG-20230320-WA0183-272x182.jpg 272w, https:\/\/noti-america.com\/site\/venezuela\/wp-content\/uploads\/sites\/2\/2023\/03\/IMG-20230320-WA0183.jpg 968w\" sizes=\"auto, (max-width: 300px) 100vw, 300px\" \/>Este lunes 20 de Marzo el concejo Municipal de Lagunillas, realiz\u00f3 la sesi\u00f3n especial por el aniversario n\u00famero 17 del partido Un Nuevo Tiempo, contando con la presencia del m\u00e1ximo l\u00edder del Municipio , el alcalde Jos\u00e9 Mosquera Adarme , quien expres\u00f3 su felicidad por todos los logros obtenidos por el partido durante todos estos a\u00f1os de trayectoria , donde su fundador y presidente nacional , el gobernador Manuel Rosales a efectuado una excelente labor , en defensa de la demogracia, as\u00ed como tambi\u00e9n agradeci\u00f3 a la militancia de UNT Lagunillas por ser los protagonistas en el proceso de crecimiento de esta gran marea az\u00fal consolidada en lagunillas . <\/p>\r\n<p><img loading=\"lazy\" decoding=\"async\" class=\"size-medium wp-image-26138 aligncenter\" src=\"https:\/\/noti-america.com\/site\/venezuela\/wp-content\/uploads\/sites\/2\/2023\/03\/IMG-20230320-WA0188-300x169.jpg\" alt=\"\" width=\"300\" height=\"169\" srcset=\"https:\/\/noti-america.com\/site\/venezuela\/wp-content\/uploads\/sites\/2\/2023\/03\/IMG-20230320-WA0188-300x169.jpg 300w, https:\/\/noti-america.com\/site\/venezuela\/wp-content\/uploads\/sites\/2\/2023\/03\/IMG-20230320-WA0188-768x432.jpg 768w, https:\/\/noti-america.com\/site\/venezuela\/wp-content\/uploads\/sites\/2\/2023\/03\/IMG-20230320-WA0188-600x338.jpg 600w, https:\/\/noti-america.com\/site\/venezuela\/wp-content\/uploads\/sites\/2\/2023\/03\/IMG-20230320-WA0188.jpg 1020w\" sizes=\"auto, (max-width: 300px) 100vw, 300px\" \/><br \/>Por su parte la secretaria general del partido Un Nuevo Tiempo, Lcda. Yuleima de Velasquez, expres\u00f3 emocionada que la casita az\u00fal, tiene las puertas abiertas a todo el que desee incorporar las filas del partido Un Nuevo Tiempo, siempre en b\u00fasqueda del gran objetivo de recuperar Venezuela. <\/p>\r\n<p><img loading=\"lazy\" decoding=\"async\" class=\"size-medium wp-image-26139 aligncenter\" src=\"https:\/\/noti-america.com\/site\/venezuela\/wp-content\/uploads\/sites\/2\/2023\/03\/IMG-20230320-WA0179-300x226.jpg\" alt=\"\" width=\"300\" height=\"226\" srcset=\"https:\/\/noti-america.com\/site\/venezuela\/wp-content\/uploads\/sites\/2\/2023\/03\/IMG-20230320-WA0179-300x226.jpg 300w, https:\/\/noti-america.com\/site\/venezuela\/wp-content\/uploads\/sites\/2\/2023\/03\/IMG-20230320-WA0179-768x578.jpg 768w, https:\/\/noti-america.com\/site\/venezuela\/wp-content\/uploads\/sites\/2\/2023\/03\/IMG-20230320-WA0179-600x452.jpg 600w, https:\/\/noti-america.com\/site\/venezuela\/wp-content\/uploads\/sites\/2\/2023\/03\/IMG-20230320-WA0179.jpg 1020w\" sizes=\"auto, (max-width: 300px) 100vw, 300px\" \/><br \/>Por su parte el orador de Orden, Legislador del Clez , Jos\u00e9 Leonardo Caldera , expres\u00f3 su emoci\u00f3n y agradecimiento al Concejo Municipal de Lagunillas y al Alcalde Jos\u00e9 Mosquera por designarlo c\u00f3mo orador de Orden, este municipio es un ejemplo claro de demogracia y apertura , donde el cambio a llegado para quedarse. <br \/><img loading=\"lazy\" decoding=\"async\" class=\"alignnone size-medium wp-image-26140\" src=\"https:\/\/noti-america.com\/site\/venezuela\/wp-content\/uploads\/sites\/2\/2023\/03\/IMG-20230320-WA0178-300x201.jpg\" alt=\"\" width=\"300\" height=\"201\" srcset=\"https:\/\/noti-america.com\/site\/venezuela\/wp-content\/uploads\/sites\/2\/2023\/03\/IMG-20230320-WA0178-300x201.jpg 300w, https:\/\/noti-america.com\/site\/venezuela\/wp-content\/uploads\/sites\/2\/2023\/03\/IMG-20230320-WA0178-768x514.jpg 768w, https:\/\/noti-america.com\/site\/venezuela\/wp-content\/uploads\/sites\/2\/2023\/03\/IMG-20230320-WA0178-600x402.jpg 600w, https:\/\/noti-america.com\/site\/venezuela\/wp-content\/uploads\/sites\/2\/2023\/03\/IMG-20230320-WA0178-272x182.jpg 272w, https:\/\/noti-america.com\/site\/venezuela\/wp-content\/uploads\/sites\/2\/2023\/03\/IMG-20230320-WA0178.jpg 968w\" sizes=\"auto, (max-width: 300px) 100vw, 300px\" \/><br \/>Este importante acto cont\u00f3 con la presencia de los concejales de la tolda azul , as\u00ed como de la junta directiva municipal en pleno y militantes de la<br \/>\u00bb Casita Az\u00fal \u00bb <br \/><br \/>Lcda. Vanessa Arcaya <br \/>Prensa Unt Lagunillas. <br \/>CNP : 16.763<!--more--><\/p>\r\n","protected":false},"excerpt":{"rendered":"<p>&nbsp; Este lunes 20 de Marzo el concejo Municipal de Lagunillas, realiz\u00f3 la sesi\u00f3n especial por el aniversario n\u00famero 17 del partido Un Nuevo Tiempo, contando con la presencia del m\u00e1ximo l\u00edder del Municipio&#46;&#46;&#46;<\/p>\n","protected":false},"author":40,"featured_media":26141,"comment_status":"open","ping_status":"open","sticky":false,"template":"","format":"standard","meta":{"_acf_changed":false,"om_disable_all_campaigns":false,"rop_custom_images_group":[],"rop_custom_messages_group":[],"rop_publish_now":"initial","rop_publish_now_accounts":{"twitter_242054905_242054905":""},"rop_publish_now_history":[],"rop_publish_now_status":"pending","_uf_show_specific_survey":0,"_uf_disable_surveys":false,"footnotes":""},"categories":[164,3,156],"tags":[222],"class_list":["post-26102","post","type-post","status-publish","format-standard","has-post-thumbnail","hentry","category-comunidades","category-politica","category-venezuela","tag-zulia"],"acf":[],"aioseo_notices":[],"yoast_head":"<!-- This site is optimized with the Yoast SEO Premium plugin v24.9 (Yoast SEO v27.2) - https:\/\/yoast.com\/product\/yoast-seo-premium-wordpress\/ -->\n<title>El Alcalde Jos\u00e9 Mosquera. La Marea Az\u00fal Sigue Creciendo en Lagunillas - Venezuela | Noti-America.com<\/title>\n<meta name=\"robots\" content=\"index, follow, max-snippet:-1, max-image-preview:large, max-video-preview:-1\" \/>\n<link rel=\"canonical\" href=\"https:\/\/noti-america.com\/site\/venezuela\/2023\/03\/21\/el-alcalde-jose-mosquera-la-marea-azul-sigue-creciendo-en-lagunillas\/\" \/>\n<meta property=\"og:locale\" content=\"es_ES\" \/>\n<meta property=\"og:type\" content=\"article\" \/>\n<meta property=\"og:title\" content=\"El Alcalde Jos\u00e9 Mosquera. La Marea Az\u00fal Sigue Creciendo en Lagunillas\" \/>\n<meta property=\"og:description\" content=\"&nbsp; Este lunes 20 de Marzo el concejo Municipal de Lagunillas, realiz\u00f3 la sesi\u00f3n especial por el aniversario n\u00famero 17 del partido Un Nuevo Tiempo, contando con la presencia del m\u00e1ximo l\u00edder del Municipio&#046;&#046;&#046;\" \/>\n<meta property=\"og:url\" content=\"https:\/\/noti-america.com\/site\/venezuela\/2023\/03\/21\/el-alcalde-jose-mosquera-la-marea-azul-sigue-creciendo-en-lagunillas\/\" \/>\n<meta property=\"og:site_name\" content=\"Venezuela | Noti-America.com\" \/>\n<meta property=\"article:published_time\" content=\"2023-03-21T12:43:22+00:00\" \/>\n<meta property=\"og:image\" content=\"https:\/\/noti-america.com\/site\/venezuela\/wp-content\/uploads\/sites\/2\/2023\/03\/IMG-20230320-WA0174.jpg\" \/>\n\t<meta property=\"og:image:width\" content=\"968\" \/>\n\t<meta property=\"og:image:height\" content=\"648\" \/>\n\t<meta property=\"og:image:type\" content=\"image\/jpeg\" \/>\n<meta name=\"author\" content=\"Hendrick Garcia\" \/>\n<meta name=\"twitter:card\" content=\"summary_large_image\" \/>\n<meta name=\"twitter:label1\" content=\"Escrito por\" \/>\n\t<meta name=\"twitter:data1\" content=\"Hendrick Garcia\" \/>\n\t<meta name=\"twitter:label2\" content=\"Tiempo estimado de lectura\" \/>\n\t<meta name=\"twitter:data2\" content=\"2 minutos\" \/>\n<script type=\"application\/ld+json\" class=\"yoast-schema-graph\">{\"@context\":\"https:\/\/schema.org\",\"@graph\":[{\"@type\":\"Article\",\"@id\":\"https:\/\/noti-america.com\/site\/venezuela\/2023\/03\/21\/el-alcalde-jose-mosquera-la-marea-azul-sigue-creciendo-en-lagunillas\/#article\",\"isPartOf\":{\"@id\":\"https:\/\/noti-america.com\/site\/venezuela\/2023\/03\/21\/el-alcalde-jose-mosquera-la-marea-azul-sigue-creciendo-en-lagunillas\/\"},\"author\":{\"name\":\"Hendrick Garcia\",\"@id\":\"https:\/\/noti-america.com\/site\/venezuela\/#\/schema\/person\/2f37ed06a1cd058e8d611b3d42cce678\"},\"headline\":\"El Alcalde Jos\u00e9 Mosquera. La Marea Az\u00fal Sigue Creciendo en Lagunillas\",\"datePublished\":\"2023-03-21T12:43:22+00:00\",\"mainEntityOfPage\":{\"@id\":\"https:\/\/noti-america.com\/site\/venezuela\/2023\/03\/21\/el-alcalde-jose-mosquera-la-marea-azul-sigue-creciendo-en-lagunillas\/\"},\"wordCount\":260,\"commentCount\":0,\"publisher\":{\"@id\":\"https:\/\/noti-america.com\/site\/venezuela\/#organization\"},\"image\":{\"@id\":\"https:\/\/noti-america.com\/site\/venezuela\/2023\/03\/21\/el-alcalde-jose-mosquera-la-marea-azul-sigue-creciendo-en-lagunillas\/#primaryimage\"},\"thumbnailUrl\":\"https:\/\/noti-america.com\/site\/venezuela\/wp-content\/uploads\/sites\/2\/2023\/03\/IMG-20230320-WA0174.jpg\",\"keywords\":[\"zulia\"],\"articleSection\":[\"Comunidades\",\"Pol\u00edtica\",\"Venezuela\"],\"inLanguage\":\"es\",\"potentialAction\":[{\"@type\":\"CommentAction\",\"name\":\"Comment\",\"target\":[\"https:\/\/noti-america.com\/site\/venezuela\/2023\/03\/21\/el-alcalde-jose-mosquera-la-marea-azul-sigue-creciendo-en-lagunillas\/#respond\"]}]},{\"@type\":\"WebPage\",\"@id\":\"https:\/\/noti-america.com\/site\/venezuela\/2023\/03\/21\/el-alcalde-jose-mosquera-la-marea-azul-sigue-creciendo-en-lagunillas\/\",\"url\":\"https:\/\/noti-america.com\/site\/venezuela\/2023\/03\/21\/el-alcalde-jose-mosquera-la-marea-azul-sigue-creciendo-en-lagunillas\/\",\"name\":\"El Alcalde Jos\u00e9 Mosquera. La Marea Az\u00fal Sigue Creciendo en Lagunillas - Venezuela | Noti-America.com\",\"isPartOf\":{\"@id\":\"https:\/\/noti-america.com\/site\/venezuela\/#website\"},\"primaryImageOfPage\":{\"@id\":\"https:\/\/noti-america.com\/site\/venezuela\/2023\/03\/21\/el-alcalde-jose-mosquera-la-marea-azul-sigue-creciendo-en-lagunillas\/#primaryimage\"},\"image\":{\"@id\":\"https:\/\/noti-america.com\/site\/venezuela\/2023\/03\/21\/el-alcalde-jose-mosquera-la-marea-azul-sigue-creciendo-en-lagunillas\/#primaryimage\"},\"thumbnailUrl\":\"https:\/\/noti-america.com\/site\/venezuela\/wp-content\/uploads\/sites\/2\/2023\/03\/IMG-20230320-WA0174.jpg\",\"datePublished\":\"2023-03-21T12:43:22+00:00\",\"breadcrumb\":{\"@id\":\"https:\/\/noti-america.com\/site\/venezuela\/2023\/03\/21\/el-alcalde-jose-mosquera-la-marea-azul-sigue-creciendo-en-lagunillas\/#breadcrumb\"},\"inLanguage\":\"es\",\"potentialAction\":[{\"@type\":\"ReadAction\",\"target\":[\"https:\/\/noti-america.com\/site\/venezuela\/2023\/03\/21\/el-alcalde-jose-mosquera-la-marea-azul-sigue-creciendo-en-lagunillas\/\"]}]},{\"@type\":\"ImageObject\",\"inLanguage\":\"es\",\"@id\":\"https:\/\/noti-america.com\/site\/venezuela\/2023\/03\/21\/el-alcalde-jose-mosquera-la-marea-azul-sigue-creciendo-en-lagunillas\/#primaryimage\",\"url\":\"https:\/\/noti-america.com\/site\/venezuela\/wp-content\/uploads\/sites\/2\/2023\/03\/IMG-20230320-WA0174.jpg\",\"contentUrl\":\"https:\/\/noti-america.com\/site\/venezuela\/wp-content\/uploads\/sites\/2\/2023\/03\/IMG-20230320-WA0174.jpg\",\"width\":968,\"height\":648},{\"@type\":\"BreadcrumbList\",\"@id\":\"https:\/\/noti-america.com\/site\/venezuela\/2023\/03\/21\/el-alcalde-jose-mosquera-la-marea-azul-sigue-creciendo-en-lagunillas\/#breadcrumb\",\"itemListElement\":[{\"@type\":\"ListItem\",\"position\":1,\"name\":\"Portada\",\"item\":\"https:\/\/noti-america.com\/site\/venezuela\/\"},{\"@type\":\"ListItem\",\"position\":2,\"name\":\"El Alcalde Jos\u00e9 Mosquera. La Marea Az\u00fal Sigue Creciendo en Lagunillas\"}]},{\"@type\":\"WebSite\",\"@id\":\"https:\/\/noti-america.com\/site\/venezuela\/#website\",\"url\":\"https:\/\/noti-america.com\/site\/venezuela\/\",\"name\":\"Venezuela | Noti-America.com\",\"description\":\"\",\"publisher\":{\"@id\":\"https:\/\/noti-america.com\/site\/venezuela\/#organization\"},\"potentialAction\":[{\"@type\":\"SearchAction\",\"target\":{\"@type\":\"EntryPoint\",\"urlTemplate\":\"https:\/\/noti-america.com\/site\/venezuela\/?s={search_term_string}\"},\"query-input\":{\"@type\":\"PropertyValueSpecification\",\"valueRequired\":true,\"valueName\":\"search_term_string\"}}],\"inLanguage\":\"es\"},{\"@type\":\"Organization\",\"@id\":\"https:\/\/noti-america.com\/site\/venezuela\/#organization\",\"name\":\"Noti-America LLC | Venezuela\",\"url\":\"https:\/\/noti-america.com\/site\/venezuela\/\",\"logo\":{\"@type\":\"ImageObject\",\"inLanguage\":\"es\",\"@id\":\"https:\/\/noti-america.com\/site\/venezuela\/#\/schema\/logo\/image\/\",\"url\":\"https:\/\/noti-america.com\/site\/venezuela\/wp-content\/uploads\/sites\/2\/2020\/07\/LogoNA-4x3-1.jpg\",\"contentUrl\":\"https:\/\/noti-america.com\/site\/venezuela\/wp-content\/uploads\/sites\/2\/2020\/07\/LogoNA-4x3-1.jpg\",\"width\":1236,\"height\":1080,\"caption\":\"Noti-America LLC | Venezuela\"},\"image\":{\"@id\":\"https:\/\/noti-america.com\/site\/venezuela\/#\/schema\/logo\/image\/\"}},{\"@type\":\"Person\",\"@id\":\"https:\/\/noti-america.com\/site\/venezuela\/#\/schema\/person\/2f37ed06a1cd058e8d611b3d42cce678\",\"name\":\"Hendrick Garcia\",\"image\":{\"@type\":\"ImageObject\",\"inLanguage\":\"es\",\"@id\":\"https:\/\/secure.gravatar.com\/avatar\/07f13ce868ede7f0937b7abbada276f430e4ed25cfff75dbe7f98f95ac02358c?s=96&d=mm&r=g\",\"url\":\"https:\/\/secure.gravatar.com\/avatar\/07f13ce868ede7f0937b7abbada276f430e4ed25cfff75dbe7f98f95ac02358c?s=96&d=mm&r=g\",\"contentUrl\":\"https:\/\/secure.gravatar.com\/avatar\/07f13ce868ede7f0937b7abbada276f430e4ed25cfff75dbe7f98f95ac02358c?s=96&d=mm&r=g\",\"caption\":\"Hendrick Garcia\"},\"url\":\"https:\/\/noti-america.com\/site\/venezuela\/author\/hegarcia\/\"}]}<\/script>\n<!-- \/ Yoast SEO Premium plugin. -->","yoast_head_json":{"title":"El Alcalde Jos\u00e9 Mosquera. La Marea Az\u00fal Sigue Creciendo en Lagunillas - Venezuela | Noti-America.com","robots":{"index":"index","follow":"follow","max-snippet":"max-snippet:-1","max-image-preview":"max-image-preview:large","max-video-preview":"max-video-preview:-1"},"canonical":"https:\/\/noti-america.com\/site\/venezuela\/2023\/03\/21\/el-alcalde-jose-mosquera-la-marea-azul-sigue-creciendo-en-lagunillas\/","og_locale":"es_ES","og_type":"article","og_title":"El Alcalde Jos\u00e9 Mosquera. La Marea Az\u00fal Sigue Creciendo en Lagunillas","og_description":"&nbsp; Este lunes 20 de Marzo el concejo Municipal de Lagunillas, realiz\u00f3 la sesi\u00f3n especial por el aniversario n\u00famero 17 del partido Un Nuevo Tiempo, contando con la presencia del m\u00e1ximo l\u00edder del Municipio&#46;&#46;&#46;","og_url":"https:\/\/noti-america.com\/site\/venezuela\/2023\/03\/21\/el-alcalde-jose-mosquera-la-marea-azul-sigue-creciendo-en-lagunillas\/","og_site_name":"Venezuela | Noti-America.com","article_published_time":"2023-03-21T12:43:22+00:00","og_image":[{"width":968,"height":648,"url":"https:\/\/noti-america.com\/site\/venezuela\/wp-content\/uploads\/sites\/2\/2023\/03\/IMG-20230320-WA0174.jpg","type":"image\/jpeg"}],"author":"Hendrick Garcia","twitter_card":"summary_large_image","twitter_misc":{"Escrito por":"Hendrick Garcia","Tiempo estimado de lectura":"2 minutos"},"schema":{"@context":"https:\/\/schema.org","@graph":[{"@type":"Article","@id":"https:\/\/noti-america.com\/site\/venezuela\/2023\/03\/21\/el-alcalde-jose-mosquera-la-marea-azul-sigue-creciendo-en-lagunillas\/#article","isPartOf":{"@id":"https:\/\/noti-america.com\/site\/venezuela\/2023\/03\/21\/el-alcalde-jose-mosquera-la-marea-azul-sigue-creciendo-en-lagunillas\/"},"author":{"name":"Hendrick Garcia","@id":"https:\/\/noti-america.com\/site\/venezuela\/#\/schema\/person\/2f37ed06a1cd058e8d611b3d42cce678"},"headline":"El Alcalde Jos\u00e9 Mosquera. La Marea Az\u00fal Sigue Creciendo en Lagunillas","datePublished":"2023-03-21T12:43:22+00:00","mainEntityOfPage":{"@id":"https:\/\/noti-america.com\/site\/venezuela\/2023\/03\/21\/el-alcalde-jose-mosquera-la-marea-azul-sigue-creciendo-en-lagunillas\/"},"wordCount":260,"commentCount":0,"publisher":{"@id":"https:\/\/noti-america.com\/site\/venezuela\/#organization"},"image":{"@id":"https:\/\/noti-america.com\/site\/venezuela\/2023\/03\/21\/el-alcalde-jose-mosquera-la-marea-azul-sigue-creciendo-en-lagunillas\/#primaryimage"},"thumbnailUrl":"https:\/\/noti-america.com\/site\/venezuela\/wp-content\/uploads\/sites\/2\/2023\/03\/IMG-20230320-WA0174.jpg","keywords":["zulia"],"articleSection":["Comunidades","Pol\u00edtica","Venezuela"],"inLanguage":"es","potentialAction":[{"@type":"CommentAction","name":"Comment","target":["https:\/\/noti-america.com\/site\/venezuela\/2023\/03\/21\/el-alcalde-jose-mosquera-la-marea-azul-sigue-creciendo-en-lagunillas\/#respond"]}]},{"@type":"WebPage","@id":"https:\/\/noti-america.com\/site\/venezuela\/2023\/03\/21\/el-alcalde-jose-mosquera-la-marea-azul-sigue-creciendo-en-lagunillas\/","url":"https:\/\/noti-america.com\/site\/venezuela\/2023\/03\/21\/el-alcalde-jose-mosquera-la-marea-azul-sigue-creciendo-en-lagunillas\/","name":"El Alcalde Jos\u00e9 Mosquera. La Marea Az\u00fal Sigue Creciendo en Lagunillas - Venezuela | Noti-America.com","isPartOf":{"@id":"https:\/\/noti-america.com\/site\/venezuela\/#website"},"primaryImageOfPage":{"@id":"https:\/\/noti-america.com\/site\/venezuela\/2023\/03\/21\/el-alcalde-jose-mosquera-la-marea-azul-sigue-creciendo-en-lagunillas\/#primaryimage"},"image":{"@id":"https:\/\/noti-america.com\/site\/venezuela\/2023\/03\/21\/el-alcalde-jose-mosquera-la-marea-azul-sigue-creciendo-en-lagunillas\/#primaryimage"},"thumbnailUrl":"https:\/\/noti-america.com\/site\/venezuela\/wp-content\/uploads\/sites\/2\/2023\/03\/IMG-20230320-WA0174.jpg","datePublished":"2023-03-21T12:43:22+00:00","breadcrumb":{"@id":"https:\/\/noti-america.com\/site\/venezuela\/2023\/03\/21\/el-alcalde-jose-mosquera-la-marea-azul-sigue-creciendo-en-lagunillas\/#breadcrumb"},"inLanguage":"es","potentialAction":[{"@type":"ReadAction","target":["https:\/\/noti-america.com\/site\/venezuela\/2023\/03\/21\/el-alcalde-jose-mosquera-la-marea-azul-sigue-creciendo-en-lagunillas\/"]}]},{"@type":"ImageObject","inLanguage":"es","@id":"https:\/\/noti-america.com\/site\/venezuela\/2023\/03\/21\/el-alcalde-jose-mosquera-la-marea-azul-sigue-creciendo-en-lagunillas\/#primaryimage","url":"https:\/\/noti-america.com\/site\/venezuela\/wp-content\/uploads\/sites\/2\/2023\/03\/IMG-20230320-WA0174.jpg","contentUrl":"https:\/\/noti-america.com\/site\/venezuela\/wp-content\/uploads\/sites\/2\/2023\/03\/IMG-20230320-WA0174.jpg","width":968,"height":648},{"@type":"BreadcrumbList","@id":"https:\/\/noti-america.com\/site\/venezuela\/2023\/03\/21\/el-alcalde-jose-mosquera-la-marea-azul-sigue-creciendo-en-lagunillas\/#breadcrumb","itemListElement":[{"@type":"ListItem","position":1,"name":"Portada","item":"https:\/\/noti-america.com\/site\/venezuela\/"},{"@type":"ListItem","position":2,"name":"El Alcalde Jos\u00e9 Mosquera. La Marea Az\u00fal Sigue Creciendo en Lagunillas"}]},{"@type":"WebSite","@id":"https:\/\/noti-america.com\/site\/venezuela\/#website","url":"https:\/\/noti-america.com\/site\/venezuela\/","name":"Venezuela | Noti-America.com","description":"","publisher":{"@id":"https:\/\/noti-america.com\/site\/venezuela\/#organization"},"potentialAction":[{"@type":"SearchAction","target":{"@type":"EntryPoint","urlTemplate":"https:\/\/noti-america.com\/site\/venezuela\/?s={search_term_string}"},"query-input":{"@type":"PropertyValueSpecification","valueRequired":true,"valueName":"search_term_string"}}],"inLanguage":"es"},{"@type":"Organization","@id":"https:\/\/noti-america.com\/site\/venezuela\/#organization","name":"Noti-America LLC | Venezuela","url":"https:\/\/noti-america.com\/site\/venezuela\/","logo":{"@type":"ImageObject","inLanguage":"es","@id":"https:\/\/noti-america.com\/site\/venezuela\/#\/schema\/logo\/image\/","url":"https:\/\/noti-america.com\/site\/venezuela\/wp-content\/uploads\/sites\/2\/2020\/07\/LogoNA-4x3-1.jpg","contentUrl":"https:\/\/noti-america.com\/site\/venezuela\/wp-content\/uploads\/sites\/2\/2020\/07\/LogoNA-4x3-1.jpg","width":1236,"height":1080,"caption":"Noti-America LLC | Venezuela"},"image":{"@id":"https:\/\/noti-america.com\/site\/venezuela\/#\/schema\/logo\/image\/"}},{"@type":"Person","@id":"https:\/\/noti-america.com\/site\/venezuela\/#\/schema\/person\/2f37ed06a1cd058e8d611b3d42cce678","name":"Hendrick Garcia","image":{"@type":"ImageObject","inLanguage":"es","@id":"https:\/\/secure.gravatar.com\/avatar\/07f13ce868ede7f0937b7abbada276f430e4ed25cfff75dbe7f98f95ac02358c?s=96&d=mm&r=g","url":"https:\/\/secure.gravatar.com\/avatar\/07f13ce868ede7f0937b7abbada276f430e4ed25cfff75dbe7f98f95ac02358c?s=96&d=mm&r=g","contentUrl":"https:\/\/secure.gravatar.com\/avatar\/07f13ce868ede7f0937b7abbada276f430e4ed25cfff75dbe7f98f95ac02358c?s=96&d=mm&r=g","caption":"Hendrick Garcia"},"url":"https:\/\/noti-america.com\/site\/venezuela\/author\/hegarcia\/"}]}},"_links":{"self":[{"href":"https:\/\/noti-america.com\/site\/venezuela\/wp-json\/wp\/v2\/posts\/26102","targetHints":{"allow":["GET"]}}],"collection":[{"href":"https:\/\/noti-america.com\/site\/venezuela\/wp-json\/wp\/v2\/posts"}],"about":[{"href":"https:\/\/noti-america.com\/site\/venezuela\/wp-json\/wp\/v2\/types\/post"}],"author":[{"embeddable":true,"href":"https:\/\/noti-america.com\/site\/venezuela\/wp-json\/wp\/v2\/users\/40"}],"replies":[{"embeddable":true,"href":"https:\/\/noti-america.com\/site\/venezuela\/wp-json\/wp\/v2\/comments?post=26102"}],"version-history":[{"count":2,"href":"https:\/\/noti-america.com\/site\/venezuela\/wp-json\/wp\/v2\/posts\/26102\/revisions"}],"predecessor-version":[{"id":26142,"href":"https:\/\/noti-america.com\/site\/venezuela\/wp-json\/wp\/v2\/posts\/26102\/revisions\/26142"}],"wp:featuredmedia":[{"embeddable":true,"href":"https:\/\/noti-america.com\/site\/venezuela\/wp-json\/wp\/v2\/media\/26141"}],"wp:attachment":[{"href":"https:\/\/noti-america.com\/site\/venezuela\/wp-json\/wp\/v2\/media?parent=26102"}],"wp:term":[{"taxonomy":"category","embeddable":true,"href":"https:\/\/noti-america.com\/site\/venezuela\/wp-json\/wp\/v2\/categories?post=26102"},{"taxonomy":"post_tag","embeddable":true,"href":"https:\/\/noti-america.com\/site\/venezuela\/wp-json\/wp\/v2\/tags?post=26102"}],"curies":[{"name":"wp","href":"https:\/\/api.w.org\/{rel}","templated":true}]}}