{"id":26007,"date":"2023-03-15T02:48:08","date_gmt":"2023-03-15T02:48:08","guid":{"rendered":"https:\/\/noti-america.com\/site\/venezuela\/?p=26007"},"modified":"2023-03-15T02:48:08","modified_gmt":"2023-03-15T02:48:08","slug":"sodexo-venezuela-presenta-vision-2023-un-encuentro-con-perspectivas","status":"publish","type":"post","link":"https:\/\/noti-america.com\/site\/venezuela\/2023\/03\/15\/sodexo-venezuela-presenta-vision-2023-un-encuentro-con-perspectivas\/","title":{"rendered":"Sodexo Venezuela presenta Visi\u00f3n 2023, un encuentro con perspectivas"},"content":{"rendered":"<p>VISI\u00d3N 2023, un espacio convocado por <strong>SODEXO VENEZUELA<\/strong> enmarcado en el regreso de su exitoso programa <strong>VIDA PROFESIONAL<\/strong>, \u00a0re\u00fane a un extenso grupo de empresas y emprendedores de diferentes sectores con el objetivo de explorar y conversar sobre las herramientas m\u00e1s actuales y necesarias del contexto econ\u00f3mico y las tendencias para la toma de decisiones en el entorno actual venezolano. Adem\u00e1s contar\u00e1 con el auspicio de grandes marcas l\u00edderes en el mercado que respaldan no solo este programa, sino todo el trabajo que desarrolla Sodexo en el pa\u00eds.<\/p>\n<p>&nbsp;<\/p>\n<p><img loading=\"lazy\" decoding=\"async\" class=\"size-medium wp-image-26009 aligncenter\" src=\"https:\/\/noti-america.com\/site\/venezuela\/wp-content\/uploads\/sites\/2\/2023\/03\/cxvvcxvcx-216x300.jpeg\" alt=\"\" width=\"216\" height=\"300\" srcset=\"https:\/\/noti-america.com\/site\/venezuela\/wp-content\/uploads\/sites\/2\/2023\/03\/cxvvcxvcx-216x300.jpeg 216w, https:\/\/noti-america.com\/site\/venezuela\/wp-content\/uploads\/sites\/2\/2023\/03\/cxvvcxvcx-739x1024.jpeg 739w, https:\/\/noti-america.com\/site\/venezuela\/wp-content\/uploads\/sites\/2\/2023\/03\/cxvvcxvcx-768x1065.jpeg 768w, https:\/\/noti-america.com\/site\/venezuela\/wp-content\/uploads\/sites\/2\/2023\/03\/cxvvcxvcx-1108x1536.jpeg 1108w, https:\/\/noti-america.com\/site\/venezuela\/wp-content\/uploads\/sites\/2\/2023\/03\/cxvvcxvcx-600x832.jpeg 600w, https:\/\/noti-america.com\/site\/venezuela\/wp-content\/uploads\/sites\/2\/2023\/03\/cxvvcxvcx.jpeg 1154w\" sizes=\"auto, (max-width: 216px) 100vw, 216px\" \/><\/p>\n<p>&nbsp;<\/p>\n<p>&nbsp;<\/p>\n<p>Este evento se llevar\u00e1 a cabo en las instalaciones del Teatro de la Torre BNC el pr\u00f3ximo <strong>jueves 16 de marzo<\/strong>. Contar\u00e1 con la participaci\u00f3n de un distinguido cartel de ponentes, conformado por <strong>Luis Vicente Le\u00f3n<\/strong>, socio fundador de Datan\u00e1lisis, a cargo del an\u00e1lisis del tema econ\u00f3mico; el abogado Juan Carlos Pr\u00f3-Risquez, quien presentar\u00e1 una charla sobre tendencias legales; <strong>Jos\u00e9 Adelino Pinto<\/strong>, experto en Relaciones Industriales que abordar\u00e1 el tema de compensaci\u00f3n de los equipos de trabajo y la consultora regional IGX con su presentaci\u00f3n sobre liderazgo 3.0. Todo esto con la participaci\u00f3n de Julio Montoya como moderador. Este variado y muy preparado panel brindar\u00e1 a todos los asistentes la oportunidad de actualizar y ampliar sus conocimientos sobre diversos t\u00f3picos enfocados en el mundo empresarial, con una visi\u00f3n a futuro y global.<\/p>\n<p>&nbsp;<\/p>\n<p>&nbsp;<\/p>\n<p><strong>SODEXO VENEZUELA<\/strong>, que celebrar\u00e1 en el mes de junio 31 a\u00f1os de compromiso con el pa\u00eds, sigue innovando en su oferta de productos para la gesti\u00f3n humana. Especializados y certificados en el \u00e1rea de beneficios e incentivos, puntos esenciales para la motivaci\u00f3n y retenci\u00f3n del talento, desarrollan desde octubre del a\u00f1o 2022 un nuevo abanico de soluciones bajo el nombre <strong>SODEXO MOVILIDAD<\/strong>, un novedoso producto creado para mejorar la experiencia de talentos y organizaciones en materia de transporte, recarga de gasolina, seguridad vial y pago de estacionamiento.<\/p>\n<p>&nbsp;<\/p>\n<p>&nbsp;<\/p>\n<p>De esta manera quieren compartir con el mercado, de la mano de <strong>SODEXO MOVILIDAD<\/strong> y a trav\u00e9s de <strong>VIDA PROFESIONAL<\/strong>, para retribuir la preferencia y fidelidad de todos sus clientes, brind\u00e1ndoles herramientas que le agreguen valor a su desarrollo profesional a trav\u00e9s de diversas ocasiones de formaci\u00f3n, an\u00e1lisis y entretenimiento.<\/p>\n<p>&nbsp;<\/p>\n<p>&nbsp;<\/p>\n<p>Para obtener m\u00e1s informaci\u00f3n acerca de <strong>SODEXO VENEZUELA<\/strong>, te invitamos a visitar nuestra cuenta de Instagram <strong>@sodexovenezuela<\/strong> o la p\u00e1gina web <a href=\"http:\/\/www.sodexo.com.ve\">www.sodexo.com.ve<\/a>.<\/p>\n","protected":false},"excerpt":{"rendered":"<p>VISI\u00d3N 2023, un espacio convocado por SODEXO VENEZUELA enmarcado en el regreso de su exitoso programa VIDA PROFESIONAL, \u00a0re\u00fane a un extenso grupo de empresas y emprendedores de diferentes sectores con el objetivo de&#46;&#46;&#46;<\/p>\n","protected":false},"author":127,"featured_media":26008,"comment_status":"open","ping_status":"open","sticky":false,"template":"","format":"gallery","meta":{"_acf_changed":false,"om_disable_all_campaigns":false,"rop_custom_images_group":[],"rop_custom_messages_group":[],"rop_publish_now":"initial","rop_publish_now_accounts":{"twitter_242054905_242054905":""},"rop_publish_now_history":[],"rop_publish_now_status":"pending","_uf_show_specific_survey":0,"_uf_disable_surveys":false,"footnotes":""},"categories":[132],"tags":[],"class_list":["post-26007","post","type-post","status-publish","format-gallery","has-post-thumbnail","hentry","category-actualidad","post_format-post-format-gallery"],"acf":[],"aioseo_notices":[],"yoast_head":"<!-- This site is optimized with the Yoast SEO Premium plugin v24.9 (Yoast SEO v27.2) - https:\/\/yoast.com\/product\/yoast-seo-premium-wordpress\/ -->\n<title>Sodexo Venezuela presenta Visi\u00f3n 2023, un encuentro con perspectivas - Venezuela | Noti-America.com<\/title>\n<meta name=\"robots\" content=\"index, follow, max-snippet:-1, max-image-preview:large, max-video-preview:-1\" \/>\n<link rel=\"canonical\" href=\"https:\/\/noti-america.com\/site\/venezuela\/2023\/03\/15\/sodexo-venezuela-presenta-vision-2023-un-encuentro-con-perspectivas\/\" \/>\n<meta property=\"og:locale\" content=\"es_ES\" \/>\n<meta property=\"og:type\" content=\"article\" \/>\n<meta property=\"og:title\" content=\"Sodexo Venezuela presenta Visi\u00f3n 2023, un encuentro con perspectivas\" \/>\n<meta property=\"og:description\" content=\"VISI\u00d3N 2023, un espacio convocado por SODEXO VENEZUELA enmarcado en el regreso de su exitoso programa VIDA PROFESIONAL, \u00a0re\u00fane a un extenso grupo de empresas y emprendedores de diferentes sectores con el objetivo de&#046;&#046;&#046;\" \/>\n<meta property=\"og:url\" content=\"https:\/\/noti-america.com\/site\/venezuela\/2023\/03\/15\/sodexo-venezuela-presenta-vision-2023-un-encuentro-con-perspectivas\/\" \/>\n<meta property=\"og:site_name\" content=\"Venezuela | Noti-America.com\" \/>\n<meta property=\"article:published_time\" content=\"2023-03-15T02:48:08+00:00\" \/>\n<meta property=\"og:image\" content=\"https:\/\/noti-america.com\/site\/venezuela\/wp-content\/uploads\/sites\/2\/2023\/03\/bbvbvb.jpeg\" \/>\n\t<meta property=\"og:image:width\" content=\"1600\" \/>\n\t<meta property=\"og:image:height\" content=\"896\" \/>\n\t<meta property=\"og:image:type\" content=\"image\/jpeg\" \/>\n<meta name=\"author\" content=\"Yoelvzla\" \/>\n<meta name=\"twitter:card\" content=\"summary_large_image\" \/>\n<meta name=\"twitter:label1\" content=\"Escrito por\" \/>\n\t<meta name=\"twitter:data1\" content=\"Yoelvzla\" \/>\n\t<meta name=\"twitter:label2\" content=\"Tiempo estimado de lectura\" \/>\n\t<meta name=\"twitter:data2\" content=\"2 minutos\" \/>\n<script type=\"application\/ld+json\" class=\"yoast-schema-graph\">{\"@context\":\"https:\/\/schema.org\",\"@graph\":[{\"@type\":\"Article\",\"@id\":\"https:\/\/noti-america.com\/site\/venezuela\/2023\/03\/15\/sodexo-venezuela-presenta-vision-2023-un-encuentro-con-perspectivas\/#article\",\"isPartOf\":{\"@id\":\"https:\/\/noti-america.com\/site\/venezuela\/2023\/03\/15\/sodexo-venezuela-presenta-vision-2023-un-encuentro-con-perspectivas\/\"},\"author\":{\"name\":\"Yoelvzla\",\"@id\":\"https:\/\/noti-america.com\/site\/venezuela\/#\/schema\/person\/376ccc7b3cc7a8d5a43c3ece07a43857\"},\"headline\":\"Sodexo Venezuela presenta Visi\u00f3n 2023, un encuentro con perspectivas\",\"datePublished\":\"2023-03-15T02:48:08+00:00\",\"mainEntityOfPage\":{\"@id\":\"https:\/\/noti-america.com\/site\/venezuela\/2023\/03\/15\/sodexo-venezuela-presenta-vision-2023-un-encuentro-con-perspectivas\/\"},\"wordCount\":428,\"commentCount\":0,\"publisher\":{\"@id\":\"https:\/\/noti-america.com\/site\/venezuela\/#organization\"},\"image\":{\"@id\":\"https:\/\/noti-america.com\/site\/venezuela\/2023\/03\/15\/sodexo-venezuela-presenta-vision-2023-un-encuentro-con-perspectivas\/#primaryimage\"},\"thumbnailUrl\":\"https:\/\/noti-america.com\/site\/venezuela\/wp-content\/uploads\/sites\/2\/2023\/03\/bbvbvb.jpeg\",\"articleSection\":[\"Actualidad\"],\"inLanguage\":\"es\",\"potentialAction\":[{\"@type\":\"CommentAction\",\"name\":\"Comment\",\"target\":[\"https:\/\/noti-america.com\/site\/venezuela\/2023\/03\/15\/sodexo-venezuela-presenta-vision-2023-un-encuentro-con-perspectivas\/#respond\"]}]},{\"@type\":\"WebPage\",\"@id\":\"https:\/\/noti-america.com\/site\/venezuela\/2023\/03\/15\/sodexo-venezuela-presenta-vision-2023-un-encuentro-con-perspectivas\/\",\"url\":\"https:\/\/noti-america.com\/site\/venezuela\/2023\/03\/15\/sodexo-venezuela-presenta-vision-2023-un-encuentro-con-perspectivas\/\",\"name\":\"Sodexo Venezuela presenta Visi\u00f3n 2023, un encuentro con perspectivas - Venezuela | Noti-America.com\",\"isPartOf\":{\"@id\":\"https:\/\/noti-america.com\/site\/venezuela\/#website\"},\"primaryImageOfPage\":{\"@id\":\"https:\/\/noti-america.com\/site\/venezuela\/2023\/03\/15\/sodexo-venezuela-presenta-vision-2023-un-encuentro-con-perspectivas\/#primaryimage\"},\"image\":{\"@id\":\"https:\/\/noti-america.com\/site\/venezuela\/2023\/03\/15\/sodexo-venezuela-presenta-vision-2023-un-encuentro-con-perspectivas\/#primaryimage\"},\"thumbnailUrl\":\"https:\/\/noti-america.com\/site\/venezuela\/wp-content\/uploads\/sites\/2\/2023\/03\/bbvbvb.jpeg\",\"datePublished\":\"2023-03-15T02:48:08+00:00\",\"breadcrumb\":{\"@id\":\"https:\/\/noti-america.com\/site\/venezuela\/2023\/03\/15\/sodexo-venezuela-presenta-vision-2023-un-encuentro-con-perspectivas\/#breadcrumb\"},\"inLanguage\":\"es\",\"potentialAction\":[{\"@type\":\"ReadAction\",\"target\":[\"https:\/\/noti-america.com\/site\/venezuela\/2023\/03\/15\/sodexo-venezuela-presenta-vision-2023-un-encuentro-con-perspectivas\/\"]}]},{\"@type\":\"ImageObject\",\"inLanguage\":\"es\",\"@id\":\"https:\/\/noti-america.com\/site\/venezuela\/2023\/03\/15\/sodexo-venezuela-presenta-vision-2023-un-encuentro-con-perspectivas\/#primaryimage\",\"url\":\"https:\/\/noti-america.com\/site\/venezuela\/wp-content\/uploads\/sites\/2\/2023\/03\/bbvbvb.jpeg\",\"contentUrl\":\"https:\/\/noti-america.com\/site\/venezuela\/wp-content\/uploads\/sites\/2\/2023\/03\/bbvbvb.jpeg\",\"width\":1600,\"height\":896},{\"@type\":\"BreadcrumbList\",\"@id\":\"https:\/\/noti-america.com\/site\/venezuela\/2023\/03\/15\/sodexo-venezuela-presenta-vision-2023-un-encuentro-con-perspectivas\/#breadcrumb\",\"itemListElement\":[{\"@type\":\"ListItem\",\"position\":1,\"name\":\"Portada\",\"item\":\"https:\/\/noti-america.com\/site\/venezuela\/\"},{\"@type\":\"ListItem\",\"position\":2,\"name\":\"Sodexo Venezuela presenta Visi\u00f3n 2023, un encuentro con perspectivas\"}]},{\"@type\":\"WebSite\",\"@id\":\"https:\/\/noti-america.com\/site\/venezuela\/#website\",\"url\":\"https:\/\/noti-america.com\/site\/venezuela\/\",\"name\":\"Venezuela | Noti-America.com\",\"description\":\"\",\"publisher\":{\"@id\":\"https:\/\/noti-america.com\/site\/venezuela\/#organization\"},\"potentialAction\":[{\"@type\":\"SearchAction\",\"target\":{\"@type\":\"EntryPoint\",\"urlTemplate\":\"https:\/\/noti-america.com\/site\/venezuela\/?s={search_term_string}\"},\"query-input\":{\"@type\":\"PropertyValueSpecification\",\"valueRequired\":true,\"valueName\":\"search_term_string\"}}],\"inLanguage\":\"es\"},{\"@type\":\"Organization\",\"@id\":\"https:\/\/noti-america.com\/site\/venezuela\/#organization\",\"name\":\"Noti-America LLC | Venezuela\",\"url\":\"https:\/\/noti-america.com\/site\/venezuela\/\",\"logo\":{\"@type\":\"ImageObject\",\"inLanguage\":\"es\",\"@id\":\"https:\/\/noti-america.com\/site\/venezuela\/#\/schema\/logo\/image\/\",\"url\":\"https:\/\/noti-america.com\/site\/venezuela\/wp-content\/uploads\/sites\/2\/2020\/07\/LogoNA-4x3-1.jpg\",\"contentUrl\":\"https:\/\/noti-america.com\/site\/venezuela\/wp-content\/uploads\/sites\/2\/2020\/07\/LogoNA-4x3-1.jpg\",\"width\":1236,\"height\":1080,\"caption\":\"Noti-America LLC | Venezuela\"},\"image\":{\"@id\":\"https:\/\/noti-america.com\/site\/venezuela\/#\/schema\/logo\/image\/\"}},{\"@type\":\"Person\",\"@id\":\"https:\/\/noti-america.com\/site\/venezuela\/#\/schema\/person\/376ccc7b3cc7a8d5a43c3ece07a43857\",\"name\":\"Yoelvzla\",\"image\":{\"@type\":\"ImageObject\",\"inLanguage\":\"es\",\"@id\":\"https:\/\/secure.gravatar.com\/avatar\/13a96a72123e0e9aa76fe82e8847f726c63a1c5ef6a8d0fadd844c1a5a83b212?s=96&d=mm&r=g\",\"url\":\"https:\/\/secure.gravatar.com\/avatar\/13a96a72123e0e9aa76fe82e8847f726c63a1c5ef6a8d0fadd844c1a5a83b212?s=96&d=mm&r=g\",\"contentUrl\":\"https:\/\/secure.gravatar.com\/avatar\/13a96a72123e0e9aa76fe82e8847f726c63a1c5ef6a8d0fadd844c1a5a83b212?s=96&d=mm&r=g\",\"caption\":\"Yoelvzla\"},\"url\":\"https:\/\/noti-america.com\/site\/venezuela\/author\/ydiaz\/\"}]}<\/script>\n<!-- \/ Yoast SEO Premium plugin. -->","yoast_head_json":{"title":"Sodexo Venezuela presenta Visi\u00f3n 2023, un encuentro con perspectivas - Venezuela | Noti-America.com","robots":{"index":"index","follow":"follow","max-snippet":"max-snippet:-1","max-image-preview":"max-image-preview:large","max-video-preview":"max-video-preview:-1"},"canonical":"https:\/\/noti-america.com\/site\/venezuela\/2023\/03\/15\/sodexo-venezuela-presenta-vision-2023-un-encuentro-con-perspectivas\/","og_locale":"es_ES","og_type":"article","og_title":"Sodexo Venezuela presenta Visi\u00f3n 2023, un encuentro con perspectivas","og_description":"VISI\u00d3N 2023, un espacio convocado por SODEXO VENEZUELA enmarcado en el regreso de su exitoso programa VIDA PROFESIONAL, \u00a0re\u00fane a un extenso grupo de empresas y emprendedores de diferentes sectores con el objetivo de&#46;&#46;&#46;","og_url":"https:\/\/noti-america.com\/site\/venezuela\/2023\/03\/15\/sodexo-venezuela-presenta-vision-2023-un-encuentro-con-perspectivas\/","og_site_name":"Venezuela | Noti-America.com","article_published_time":"2023-03-15T02:48:08+00:00","og_image":[{"width":1600,"height":896,"url":"https:\/\/noti-america.com\/site\/venezuela\/wp-content\/uploads\/sites\/2\/2023\/03\/bbvbvb.jpeg","type":"image\/jpeg"}],"author":"Yoelvzla","twitter_card":"summary_large_image","twitter_misc":{"Escrito por":"Yoelvzla","Tiempo estimado de lectura":"2 minutos"},"schema":{"@context":"https:\/\/schema.org","@graph":[{"@type":"Article","@id":"https:\/\/noti-america.com\/site\/venezuela\/2023\/03\/15\/sodexo-venezuela-presenta-vision-2023-un-encuentro-con-perspectivas\/#article","isPartOf":{"@id":"https:\/\/noti-america.com\/site\/venezuela\/2023\/03\/15\/sodexo-venezuela-presenta-vision-2023-un-encuentro-con-perspectivas\/"},"author":{"name":"Yoelvzla","@id":"https:\/\/noti-america.com\/site\/venezuela\/#\/schema\/person\/376ccc7b3cc7a8d5a43c3ece07a43857"},"headline":"Sodexo Venezuela presenta Visi\u00f3n 2023, un encuentro con perspectivas","datePublished":"2023-03-15T02:48:08+00:00","mainEntityOfPage":{"@id":"https:\/\/noti-america.com\/site\/venezuela\/2023\/03\/15\/sodexo-venezuela-presenta-vision-2023-un-encuentro-con-perspectivas\/"},"wordCount":428,"commentCount":0,"publisher":{"@id":"https:\/\/noti-america.com\/site\/venezuela\/#organization"},"image":{"@id":"https:\/\/noti-america.com\/site\/venezuela\/2023\/03\/15\/sodexo-venezuela-presenta-vision-2023-un-encuentro-con-perspectivas\/#primaryimage"},"thumbnailUrl":"https:\/\/noti-america.com\/site\/venezuela\/wp-content\/uploads\/sites\/2\/2023\/03\/bbvbvb.jpeg","articleSection":["Actualidad"],"inLanguage":"es","potentialAction":[{"@type":"CommentAction","name":"Comment","target":["https:\/\/noti-america.com\/site\/venezuela\/2023\/03\/15\/sodexo-venezuela-presenta-vision-2023-un-encuentro-con-perspectivas\/#respond"]}]},{"@type":"WebPage","@id":"https:\/\/noti-america.com\/site\/venezuela\/2023\/03\/15\/sodexo-venezuela-presenta-vision-2023-un-encuentro-con-perspectivas\/","url":"https:\/\/noti-america.com\/site\/venezuela\/2023\/03\/15\/sodexo-venezuela-presenta-vision-2023-un-encuentro-con-perspectivas\/","name":"Sodexo Venezuela presenta Visi\u00f3n 2023, un encuentro con perspectivas - Venezuela | Noti-America.com","isPartOf":{"@id":"https:\/\/noti-america.com\/site\/venezuela\/#website"},"primaryImageOfPage":{"@id":"https:\/\/noti-america.com\/site\/venezuela\/2023\/03\/15\/sodexo-venezuela-presenta-vision-2023-un-encuentro-con-perspectivas\/#primaryimage"},"image":{"@id":"https:\/\/noti-america.com\/site\/venezuela\/2023\/03\/15\/sodexo-venezuela-presenta-vision-2023-un-encuentro-con-perspectivas\/#primaryimage"},"thumbnailUrl":"https:\/\/noti-america.com\/site\/venezuela\/wp-content\/uploads\/sites\/2\/2023\/03\/bbvbvb.jpeg","datePublished":"2023-03-15T02:48:08+00:00","breadcrumb":{"@id":"https:\/\/noti-america.com\/site\/venezuela\/2023\/03\/15\/sodexo-venezuela-presenta-vision-2023-un-encuentro-con-perspectivas\/#breadcrumb"},"inLanguage":"es","potentialAction":[{"@type":"ReadAction","target":["https:\/\/noti-america.com\/site\/venezuela\/2023\/03\/15\/sodexo-venezuela-presenta-vision-2023-un-encuentro-con-perspectivas\/"]}]},{"@type":"ImageObject","inLanguage":"es","@id":"https:\/\/noti-america.com\/site\/venezuela\/2023\/03\/15\/sodexo-venezuela-presenta-vision-2023-un-encuentro-con-perspectivas\/#primaryimage","url":"https:\/\/noti-america.com\/site\/venezuela\/wp-content\/uploads\/sites\/2\/2023\/03\/bbvbvb.jpeg","contentUrl":"https:\/\/noti-america.com\/site\/venezuela\/wp-content\/uploads\/sites\/2\/2023\/03\/bbvbvb.jpeg","width":1600,"height":896},{"@type":"BreadcrumbList","@id":"https:\/\/noti-america.com\/site\/venezuela\/2023\/03\/15\/sodexo-venezuela-presenta-vision-2023-un-encuentro-con-perspectivas\/#breadcrumb","itemListElement":[{"@type":"ListItem","position":1,"name":"Portada","item":"https:\/\/noti-america.com\/site\/venezuela\/"},{"@type":"ListItem","position":2,"name":"Sodexo Venezuela presenta Visi\u00f3n 2023, un encuentro con perspectivas"}]},{"@type":"WebSite","@id":"https:\/\/noti-america.com\/site\/venezuela\/#website","url":"https:\/\/noti-america.com\/site\/venezuela\/","name":"Venezuela | Noti-America.com","description":"","publisher":{"@id":"https:\/\/noti-america.com\/site\/venezuela\/#organization"},"potentialAction":[{"@type":"SearchAction","target":{"@type":"EntryPoint","urlTemplate":"https:\/\/noti-america.com\/site\/venezuela\/?s={search_term_string}"},"query-input":{"@type":"PropertyValueSpecification","valueRequired":true,"valueName":"search_term_string"}}],"inLanguage":"es"},{"@type":"Organization","@id":"https:\/\/noti-america.com\/site\/venezuela\/#organization","name":"Noti-America LLC | Venezuela","url":"https:\/\/noti-america.com\/site\/venezuela\/","logo":{"@type":"ImageObject","inLanguage":"es","@id":"https:\/\/noti-america.com\/site\/venezuela\/#\/schema\/logo\/image\/","url":"https:\/\/noti-america.com\/site\/venezuela\/wp-content\/uploads\/sites\/2\/2020\/07\/LogoNA-4x3-1.jpg","contentUrl":"https:\/\/noti-america.com\/site\/venezuela\/wp-content\/uploads\/sites\/2\/2020\/07\/LogoNA-4x3-1.jpg","width":1236,"height":1080,"caption":"Noti-America LLC | Venezuela"},"image":{"@id":"https:\/\/noti-america.com\/site\/venezuela\/#\/schema\/logo\/image\/"}},{"@type":"Person","@id":"https:\/\/noti-america.com\/site\/venezuela\/#\/schema\/person\/376ccc7b3cc7a8d5a43c3ece07a43857","name":"Yoelvzla","image":{"@type":"ImageObject","inLanguage":"es","@id":"https:\/\/secure.gravatar.com\/avatar\/13a96a72123e0e9aa76fe82e8847f726c63a1c5ef6a8d0fadd844c1a5a83b212?s=96&d=mm&r=g","url":"https:\/\/secure.gravatar.com\/avatar\/13a96a72123e0e9aa76fe82e8847f726c63a1c5ef6a8d0fadd844c1a5a83b212?s=96&d=mm&r=g","contentUrl":"https:\/\/secure.gravatar.com\/avatar\/13a96a72123e0e9aa76fe82e8847f726c63a1c5ef6a8d0fadd844c1a5a83b212?s=96&d=mm&r=g","caption":"Yoelvzla"},"url":"https:\/\/noti-america.com\/site\/venezuela\/author\/ydiaz\/"}]}},"_links":{"self":[{"href":"https:\/\/noti-america.com\/site\/venezuela\/wp-json\/wp\/v2\/posts\/26007","targetHints":{"allow":["GET"]}}],"collection":[{"href":"https:\/\/noti-america.com\/site\/venezuela\/wp-json\/wp\/v2\/posts"}],"about":[{"href":"https:\/\/noti-america.com\/site\/venezuela\/wp-json\/wp\/v2\/types\/post"}],"author":[{"embeddable":true,"href":"https:\/\/noti-america.com\/site\/venezuela\/wp-json\/wp\/v2\/users\/127"}],"replies":[{"embeddable":true,"href":"https:\/\/noti-america.com\/site\/venezuela\/wp-json\/wp\/v2\/comments?post=26007"}],"version-history":[{"count":1,"href":"https:\/\/noti-america.com\/site\/venezuela\/wp-json\/wp\/v2\/posts\/26007\/revisions"}],"predecessor-version":[{"id":26010,"href":"https:\/\/noti-america.com\/site\/venezuela\/wp-json\/wp\/v2\/posts\/26007\/revisions\/26010"}],"wp:featuredmedia":[{"embeddable":true,"href":"https:\/\/noti-america.com\/site\/venezuela\/wp-json\/wp\/v2\/media\/26008"}],"wp:attachment":[{"href":"https:\/\/noti-america.com\/site\/venezuela\/wp-json\/wp\/v2\/media?parent=26007"}],"wp:term":[{"taxonomy":"category","embeddable":true,"href":"https:\/\/noti-america.com\/site\/venezuela\/wp-json\/wp\/v2\/categories?post=26007"},{"taxonomy":"post_tag","embeddable":true,"href":"https:\/\/noti-america.com\/site\/venezuela\/wp-json\/wp\/v2\/tags?post=26007"}],"curies":[{"name":"wp","href":"https:\/\/api.w.org\/{rel}","templated":true}]}}