{"id":25637,"date":"2023-03-02T00:50:03","date_gmt":"2023-03-02T00:50:03","guid":{"rendered":"https:\/\/noti-america.com\/site\/venezuela\/?p=25637"},"modified":"2023-03-02T00:51:58","modified_gmt":"2023-03-02T00:51:58","slug":"alcaldia-de-lagunillas-inicio-convenio-de-cooperacion-con-uniojeda","status":"publish","type":"post","link":"https:\/\/noti-america.com\/site\/venezuela\/2023\/03\/02\/alcaldia-de-lagunillas-inicio-convenio-de-cooperacion-con-uniojeda\/","title":{"rendered":"Alcald\u00eda de Lagunillas inici\u00f3 convenio de cooperaci\u00f3n con Uniojeda"},"content":{"rendered":"\r\n<p style=\"text-align: justify\"><img loading=\"lazy\" decoding=\"async\" class=\"size-medium wp-image-25703 aligncenter\" src=\"https:\/\/noti-america.com\/site\/venezuela\/wp-content\/uploads\/sites\/2\/2023\/03\/IMG-20230301-WA0101-300x225.jpg\" alt=\"\" width=\"300\" height=\"225\" srcset=\"https:\/\/noti-america.com\/site\/venezuela\/wp-content\/uploads\/sites\/2\/2023\/03\/IMG-20230301-WA0101-300x225.jpg 300w, https:\/\/noti-america.com\/site\/venezuela\/wp-content\/uploads\/sites\/2\/2023\/03\/IMG-20230301-WA0101-1024x768.jpg 1024w, https:\/\/noti-america.com\/site\/venezuela\/wp-content\/uploads\/sites\/2\/2023\/03\/IMG-20230301-WA0101-768x576.jpg 768w, https:\/\/noti-america.com\/site\/venezuela\/wp-content\/uploads\/sites\/2\/2023\/03\/IMG-20230301-WA0101-600x450.jpg 600w, https:\/\/noti-america.com\/site\/venezuela\/wp-content\/uploads\/sites\/2\/2023\/03\/IMG-20230301-WA0101.jpg 1040w\" sizes=\"auto, (max-width: 300px) 100vw, 300px\" \/><br \/><strong>En aras de fortalecer las alianzas interinstitucionales, la Alcald\u00eda de Lagunillas inici\u00f3 un convenio de cooperaci\u00f3n con la Universidad Alonso de Ojeda.<\/strong><br \/><br \/>El acto, realizado en las instalaciones de esta casa de estudios, estuvo presidido por el Director General de la Alcald\u00eda de Lagunillas, Fred Jim\u00e9nez, en representaci\u00f3n del alcalde Jos\u00e9 Mosquera, y el rector de la Universidad, Henry V\u00e1squez.<\/p>\r\n<p><img loading=\"lazy\" decoding=\"async\" class=\"size-medium wp-image-25704 aligncenter\" src=\"https:\/\/noti-america.com\/site\/venezuela\/wp-content\/uploads\/sites\/2\/2023\/03\/IMG-20230301-WA0122-300x225.jpg\" alt=\"\" width=\"300\" height=\"225\" srcset=\"https:\/\/noti-america.com\/site\/venezuela\/wp-content\/uploads\/sites\/2\/2023\/03\/IMG-20230301-WA0122-300x225.jpg 300w, https:\/\/noti-america.com\/site\/venezuela\/wp-content\/uploads\/sites\/2\/2023\/03\/IMG-20230301-WA0122-1024x768.jpg 1024w, https:\/\/noti-america.com\/site\/venezuela\/wp-content\/uploads\/sites\/2\/2023\/03\/IMG-20230301-WA0122-768x576.jpg 768w, https:\/\/noti-america.com\/site\/venezuela\/wp-content\/uploads\/sites\/2\/2023\/03\/IMG-20230301-WA0122-600x450.jpg 600w, https:\/\/noti-america.com\/site\/venezuela\/wp-content\/uploads\/sites\/2\/2023\/03\/IMG-20230301-WA0122.jpg 1280w\" sizes=\"auto, (max-width: 300px) 100vw, 300px\" \/><br \/><em>Durante el mismo, Jim\u00e9nez destac\u00f3 la importancia de estas alianzas estrat\u00e9gicas \u00abel sembrar m\u00e1s grande que tenemos son esos muchachos, por eso nosotros apostamos al conocimiento en masa. El llamado es a aprovechar esta oportunidad y la experiencia; el servicio comunitario que van a desarrollar, los proyectos y todo aquello que contribuya al desarrollo de nuestro municipio\u00bb.<\/em><\/p>\r\n<p><em><img loading=\"lazy\" decoding=\"async\" class=\"size-medium wp-image-25705 aligncenter\" src=\"https:\/\/noti-america.com\/site\/venezuela\/wp-content\/uploads\/sites\/2\/2023\/03\/IMG-20230301-WA0102-300x225.jpg\" alt=\"\" width=\"300\" height=\"225\" srcset=\"https:\/\/noti-america.com\/site\/venezuela\/wp-content\/uploads\/sites\/2\/2023\/03\/IMG-20230301-WA0102-300x225.jpg 300w, https:\/\/noti-america.com\/site\/venezuela\/wp-content\/uploads\/sites\/2\/2023\/03\/IMG-20230301-WA0102-1024x768.jpg 1024w, https:\/\/noti-america.com\/site\/venezuela\/wp-content\/uploads\/sites\/2\/2023\/03\/IMG-20230301-WA0102-768x576.jpg 768w, https:\/\/noti-america.com\/site\/venezuela\/wp-content\/uploads\/sites\/2\/2023\/03\/IMG-20230301-WA0102-600x450.jpg 600w, https:\/\/noti-america.com\/site\/venezuela\/wp-content\/uploads\/sites\/2\/2023\/03\/IMG-20230301-WA0102.jpg 1040w\" sizes=\"auto, (max-width: 300px) 100vw, 300px\" \/><\/em><br \/>Durante su intervenci\u00f3n, el Dr. Henry V\u00e1squez, destac\u00f3 \u00abhoy celebramos un acto altamente positivo para ambas instituciones. Se trata de un convenio de cooperaci\u00f3n interinstitucional en el que ambas instituciones ganan, pero sobre todo nuestra comunidad estudiantil. La universidad es la generadora de conocimiento, es la formadora, del personal de la Alcald\u00eda que lo amerite, as\u00ed mismo el gobierno local trabaja en conjunto con los muchachos en los proyectos\u00bb. <br \/><br \/>Parte de estas alianzas son el levantamiento de diversos proyectos en pro de la municipalidad, as\u00ed como la realizaci\u00f3n del Servicio Comunitario en distintos sectores y las pasant\u00edas.<br \/>La actividad cont\u00f3 con la presencia de la primera dama, Margarita de Mosquera, concejales, directores, decanos y la comunidad estudiantil.<br \/><br \/>Fuente Nota de prensa\u00a0<\/p>\r\n","protected":false},"excerpt":{"rendered":"<p>En aras de fortalecer las alianzas interinstitucionales, la Alcald\u00eda de Lagunillas inici\u00f3 un convenio de cooperaci\u00f3n con la Universidad Alonso de Ojeda. El acto, realizado en las instalaciones de esta casa de estudios, estuvo&#46;&#46;&#46;<\/p>\n","protected":false},"author":40,"featured_media":25706,"comment_status":"open","ping_status":"open","sticky":false,"template":"","format":"standard","meta":{"_acf_changed":false,"om_disable_all_campaigns":false,"rop_custom_images_group":[],"rop_custom_messages_group":[],"rop_publish_now":"initial","rop_publish_now_accounts":{"twitter_242054905_242054905":""},"rop_publish_now_history":[],"rop_publish_now_status":"pending","_uf_show_specific_survey":0,"_uf_disable_surveys":false,"footnotes":""},"categories":[1],"tags":[1207,222],"class_list":["post-25637","post","type-post","status-publish","format-standard","has-post-thumbnail","hentry","category-uncategorized","tag-uniojeda","tag-zulia"],"acf":[],"aioseo_notices":[],"yoast_head":"<!-- This site is optimized with the Yoast SEO Premium plugin v24.9 (Yoast SEO v27.2) - https:\/\/yoast.com\/product\/yoast-seo-premium-wordpress\/ -->\n<title>Alcald\u00eda de Lagunillas inici\u00f3 convenio de cooperaci\u00f3n con Uniojeda - Venezuela | Noti-America.com<\/title>\n<meta name=\"robots\" content=\"index, follow, max-snippet:-1, max-image-preview:large, max-video-preview:-1\" \/>\n<link rel=\"canonical\" href=\"https:\/\/noti-america.com\/site\/venezuela\/2023\/03\/02\/alcaldia-de-lagunillas-inicio-convenio-de-cooperacion-con-uniojeda\/\" \/>\n<meta property=\"og:locale\" content=\"es_ES\" \/>\n<meta property=\"og:type\" content=\"article\" \/>\n<meta property=\"og:title\" content=\"Alcald\u00eda de Lagunillas inici\u00f3 convenio de cooperaci\u00f3n con Uniojeda\" \/>\n<meta property=\"og:description\" content=\"En aras de fortalecer las alianzas interinstitucionales, la Alcald\u00eda de Lagunillas inici\u00f3 un convenio de cooperaci\u00f3n con la Universidad Alonso de Ojeda. El acto, realizado en las instalaciones de esta casa de estudios, estuvo&#046;&#046;&#046;\" \/>\n<meta property=\"og:url\" content=\"https:\/\/noti-america.com\/site\/venezuela\/2023\/03\/02\/alcaldia-de-lagunillas-inicio-convenio-de-cooperacion-con-uniojeda\/\" \/>\n<meta property=\"og:site_name\" content=\"Venezuela | Noti-America.com\" \/>\n<meta property=\"article:published_time\" content=\"2023-03-02T00:50:03+00:00\" \/>\n<meta property=\"article:modified_time\" content=\"2023-03-02T00:51:58+00:00\" \/>\n<meta property=\"og:image\" content=\"https:\/\/noti-america.com\/site\/venezuela\/wp-content\/uploads\/sites\/2\/2023\/03\/IMG-20230301-WA0100.jpg\" \/>\n\t<meta property=\"og:image:width\" content=\"1080\" \/>\n\t<meta property=\"og:image:height\" content=\"670\" \/>\n\t<meta property=\"og:image:type\" content=\"image\/jpeg\" \/>\n<meta name=\"author\" content=\"Hendrick Garcia\" \/>\n<meta name=\"twitter:card\" content=\"summary_large_image\" \/>\n<meta name=\"twitter:label1\" content=\"Escrito por\" \/>\n\t<meta name=\"twitter:data1\" content=\"Hendrick Garcia\" \/>\n\t<meta name=\"twitter:label2\" content=\"Tiempo estimado de lectura\" \/>\n\t<meta name=\"twitter:data2\" content=\"2 minutos\" \/>\n<script type=\"application\/ld+json\" class=\"yoast-schema-graph\">{\"@context\":\"https:\/\/schema.org\",\"@graph\":[{\"@type\":\"Article\",\"@id\":\"https:\/\/noti-america.com\/site\/venezuela\/2023\/03\/02\/alcaldia-de-lagunillas-inicio-convenio-de-cooperacion-con-uniojeda\/#article\",\"isPartOf\":{\"@id\":\"https:\/\/noti-america.com\/site\/venezuela\/2023\/03\/02\/alcaldia-de-lagunillas-inicio-convenio-de-cooperacion-con-uniojeda\/\"},\"author\":{\"name\":\"Hendrick Garcia\",\"@id\":\"https:\/\/noti-america.com\/site\/venezuela\/#\/schema\/person\/2f37ed06a1cd058e8d611b3d42cce678\"},\"headline\":\"Alcald\u00eda de Lagunillas inici\u00f3 convenio de cooperaci\u00f3n con Uniojeda\",\"datePublished\":\"2023-03-02T00:50:03+00:00\",\"dateModified\":\"2023-03-02T00:51:58+00:00\",\"mainEntityOfPage\":{\"@id\":\"https:\/\/noti-america.com\/site\/venezuela\/2023\/03\/02\/alcaldia-de-lagunillas-inicio-convenio-de-cooperacion-con-uniojeda\/\"},\"wordCount\":264,\"commentCount\":0,\"publisher\":{\"@id\":\"https:\/\/noti-america.com\/site\/venezuela\/#organization\"},\"image\":{\"@id\":\"https:\/\/noti-america.com\/site\/venezuela\/2023\/03\/02\/alcaldia-de-lagunillas-inicio-convenio-de-cooperacion-con-uniojeda\/#primaryimage\"},\"thumbnailUrl\":\"https:\/\/noti-america.com\/site\/venezuela\/wp-content\/uploads\/sites\/2\/2023\/03\/IMG-20230301-WA0100.jpg\",\"keywords\":[\"Uniojeda\",\"zulia\"],\"articleSection\":[\"Uncategorized\"],\"inLanguage\":\"es\",\"potentialAction\":[{\"@type\":\"CommentAction\",\"name\":\"Comment\",\"target\":[\"https:\/\/noti-america.com\/site\/venezuela\/2023\/03\/02\/alcaldia-de-lagunillas-inicio-convenio-de-cooperacion-con-uniojeda\/#respond\"]}]},{\"@type\":\"WebPage\",\"@id\":\"https:\/\/noti-america.com\/site\/venezuela\/2023\/03\/02\/alcaldia-de-lagunillas-inicio-convenio-de-cooperacion-con-uniojeda\/\",\"url\":\"https:\/\/noti-america.com\/site\/venezuela\/2023\/03\/02\/alcaldia-de-lagunillas-inicio-convenio-de-cooperacion-con-uniojeda\/\",\"name\":\"Alcald\u00eda de Lagunillas inici\u00f3 convenio de cooperaci\u00f3n con Uniojeda - Venezuela | Noti-America.com\",\"isPartOf\":{\"@id\":\"https:\/\/noti-america.com\/site\/venezuela\/#website\"},\"primaryImageOfPage\":{\"@id\":\"https:\/\/noti-america.com\/site\/venezuela\/2023\/03\/02\/alcaldia-de-lagunillas-inicio-convenio-de-cooperacion-con-uniojeda\/#primaryimage\"},\"image\":{\"@id\":\"https:\/\/noti-america.com\/site\/venezuela\/2023\/03\/02\/alcaldia-de-lagunillas-inicio-convenio-de-cooperacion-con-uniojeda\/#primaryimage\"},\"thumbnailUrl\":\"https:\/\/noti-america.com\/site\/venezuela\/wp-content\/uploads\/sites\/2\/2023\/03\/IMG-20230301-WA0100.jpg\",\"datePublished\":\"2023-03-02T00:50:03+00:00\",\"dateModified\":\"2023-03-02T00:51:58+00:00\",\"breadcrumb\":{\"@id\":\"https:\/\/noti-america.com\/site\/venezuela\/2023\/03\/02\/alcaldia-de-lagunillas-inicio-convenio-de-cooperacion-con-uniojeda\/#breadcrumb\"},\"inLanguage\":\"es\",\"potentialAction\":[{\"@type\":\"ReadAction\",\"target\":[\"https:\/\/noti-america.com\/site\/venezuela\/2023\/03\/02\/alcaldia-de-lagunillas-inicio-convenio-de-cooperacion-con-uniojeda\/\"]}]},{\"@type\":\"ImageObject\",\"inLanguage\":\"es\",\"@id\":\"https:\/\/noti-america.com\/site\/venezuela\/2023\/03\/02\/alcaldia-de-lagunillas-inicio-convenio-de-cooperacion-con-uniojeda\/#primaryimage\",\"url\":\"https:\/\/noti-america.com\/site\/venezuela\/wp-content\/uploads\/sites\/2\/2023\/03\/IMG-20230301-WA0100.jpg\",\"contentUrl\":\"https:\/\/noti-america.com\/site\/venezuela\/wp-content\/uploads\/sites\/2\/2023\/03\/IMG-20230301-WA0100.jpg\",\"width\":1080,\"height\":670},{\"@type\":\"BreadcrumbList\",\"@id\":\"https:\/\/noti-america.com\/site\/venezuela\/2023\/03\/02\/alcaldia-de-lagunillas-inicio-convenio-de-cooperacion-con-uniojeda\/#breadcrumb\",\"itemListElement\":[{\"@type\":\"ListItem\",\"position\":1,\"name\":\"Portada\",\"item\":\"https:\/\/noti-america.com\/site\/venezuela\/\"},{\"@type\":\"ListItem\",\"position\":2,\"name\":\"Alcald\u00eda de Lagunillas inici\u00f3 convenio de cooperaci\u00f3n con Uniojeda\"}]},{\"@type\":\"WebSite\",\"@id\":\"https:\/\/noti-america.com\/site\/venezuela\/#website\",\"url\":\"https:\/\/noti-america.com\/site\/venezuela\/\",\"name\":\"Venezuela | Noti-America.com\",\"description\":\"\",\"publisher\":{\"@id\":\"https:\/\/noti-america.com\/site\/venezuela\/#organization\"},\"potentialAction\":[{\"@type\":\"SearchAction\",\"target\":{\"@type\":\"EntryPoint\",\"urlTemplate\":\"https:\/\/noti-america.com\/site\/venezuela\/?s={search_term_string}\"},\"query-input\":{\"@type\":\"PropertyValueSpecification\",\"valueRequired\":true,\"valueName\":\"search_term_string\"}}],\"inLanguage\":\"es\"},{\"@type\":\"Organization\",\"@id\":\"https:\/\/noti-america.com\/site\/venezuela\/#organization\",\"name\":\"Noti-America LLC | Venezuela\",\"url\":\"https:\/\/noti-america.com\/site\/venezuela\/\",\"logo\":{\"@type\":\"ImageObject\",\"inLanguage\":\"es\",\"@id\":\"https:\/\/noti-america.com\/site\/venezuela\/#\/schema\/logo\/image\/\",\"url\":\"https:\/\/noti-america.com\/site\/venezuela\/wp-content\/uploads\/sites\/2\/2020\/07\/LogoNA-4x3-1.jpg\",\"contentUrl\":\"https:\/\/noti-america.com\/site\/venezuela\/wp-content\/uploads\/sites\/2\/2020\/07\/LogoNA-4x3-1.jpg\",\"width\":1236,\"height\":1080,\"caption\":\"Noti-America LLC | Venezuela\"},\"image\":{\"@id\":\"https:\/\/noti-america.com\/site\/venezuela\/#\/schema\/logo\/image\/\"}},{\"@type\":\"Person\",\"@id\":\"https:\/\/noti-america.com\/site\/venezuela\/#\/schema\/person\/2f37ed06a1cd058e8d611b3d42cce678\",\"name\":\"Hendrick Garcia\",\"image\":{\"@type\":\"ImageObject\",\"inLanguage\":\"es\",\"@id\":\"https:\/\/secure.gravatar.com\/avatar\/07f13ce868ede7f0937b7abbada276f430e4ed25cfff75dbe7f98f95ac02358c?s=96&d=mm&r=g\",\"url\":\"https:\/\/secure.gravatar.com\/avatar\/07f13ce868ede7f0937b7abbada276f430e4ed25cfff75dbe7f98f95ac02358c?s=96&d=mm&r=g\",\"contentUrl\":\"https:\/\/secure.gravatar.com\/avatar\/07f13ce868ede7f0937b7abbada276f430e4ed25cfff75dbe7f98f95ac02358c?s=96&d=mm&r=g\",\"caption\":\"Hendrick Garcia\"},\"url\":\"https:\/\/noti-america.com\/site\/venezuela\/author\/hegarcia\/\"}]}<\/script>\n<!-- \/ Yoast SEO Premium plugin. -->","yoast_head_json":{"title":"Alcald\u00eda de Lagunillas inici\u00f3 convenio de cooperaci\u00f3n con Uniojeda - Venezuela | Noti-America.com","robots":{"index":"index","follow":"follow","max-snippet":"max-snippet:-1","max-image-preview":"max-image-preview:large","max-video-preview":"max-video-preview:-1"},"canonical":"https:\/\/noti-america.com\/site\/venezuela\/2023\/03\/02\/alcaldia-de-lagunillas-inicio-convenio-de-cooperacion-con-uniojeda\/","og_locale":"es_ES","og_type":"article","og_title":"Alcald\u00eda de Lagunillas inici\u00f3 convenio de cooperaci\u00f3n con Uniojeda","og_description":"En aras de fortalecer las alianzas interinstitucionales, la Alcald\u00eda de Lagunillas inici\u00f3 un convenio de cooperaci\u00f3n con la Universidad Alonso de Ojeda. El acto, realizado en las instalaciones de esta casa de estudios, estuvo&#46;&#46;&#46;","og_url":"https:\/\/noti-america.com\/site\/venezuela\/2023\/03\/02\/alcaldia-de-lagunillas-inicio-convenio-de-cooperacion-con-uniojeda\/","og_site_name":"Venezuela | Noti-America.com","article_published_time":"2023-03-02T00:50:03+00:00","article_modified_time":"2023-03-02T00:51:58+00:00","og_image":[{"width":1080,"height":670,"url":"https:\/\/noti-america.com\/site\/venezuela\/wp-content\/uploads\/sites\/2\/2023\/03\/IMG-20230301-WA0100.jpg","type":"image\/jpeg"}],"author":"Hendrick Garcia","twitter_card":"summary_large_image","twitter_misc":{"Escrito por":"Hendrick Garcia","Tiempo estimado de lectura":"2 minutos"},"schema":{"@context":"https:\/\/schema.org","@graph":[{"@type":"Article","@id":"https:\/\/noti-america.com\/site\/venezuela\/2023\/03\/02\/alcaldia-de-lagunillas-inicio-convenio-de-cooperacion-con-uniojeda\/#article","isPartOf":{"@id":"https:\/\/noti-america.com\/site\/venezuela\/2023\/03\/02\/alcaldia-de-lagunillas-inicio-convenio-de-cooperacion-con-uniojeda\/"},"author":{"name":"Hendrick Garcia","@id":"https:\/\/noti-america.com\/site\/venezuela\/#\/schema\/person\/2f37ed06a1cd058e8d611b3d42cce678"},"headline":"Alcald\u00eda de Lagunillas inici\u00f3 convenio de cooperaci\u00f3n con Uniojeda","datePublished":"2023-03-02T00:50:03+00:00","dateModified":"2023-03-02T00:51:58+00:00","mainEntityOfPage":{"@id":"https:\/\/noti-america.com\/site\/venezuela\/2023\/03\/02\/alcaldia-de-lagunillas-inicio-convenio-de-cooperacion-con-uniojeda\/"},"wordCount":264,"commentCount":0,"publisher":{"@id":"https:\/\/noti-america.com\/site\/venezuela\/#organization"},"image":{"@id":"https:\/\/noti-america.com\/site\/venezuela\/2023\/03\/02\/alcaldia-de-lagunillas-inicio-convenio-de-cooperacion-con-uniojeda\/#primaryimage"},"thumbnailUrl":"https:\/\/noti-america.com\/site\/venezuela\/wp-content\/uploads\/sites\/2\/2023\/03\/IMG-20230301-WA0100.jpg","keywords":["Uniojeda","zulia"],"articleSection":["Uncategorized"],"inLanguage":"es","potentialAction":[{"@type":"CommentAction","name":"Comment","target":["https:\/\/noti-america.com\/site\/venezuela\/2023\/03\/02\/alcaldia-de-lagunillas-inicio-convenio-de-cooperacion-con-uniojeda\/#respond"]}]},{"@type":"WebPage","@id":"https:\/\/noti-america.com\/site\/venezuela\/2023\/03\/02\/alcaldia-de-lagunillas-inicio-convenio-de-cooperacion-con-uniojeda\/","url":"https:\/\/noti-america.com\/site\/venezuela\/2023\/03\/02\/alcaldia-de-lagunillas-inicio-convenio-de-cooperacion-con-uniojeda\/","name":"Alcald\u00eda de Lagunillas inici\u00f3 convenio de cooperaci\u00f3n con Uniojeda - Venezuela | Noti-America.com","isPartOf":{"@id":"https:\/\/noti-america.com\/site\/venezuela\/#website"},"primaryImageOfPage":{"@id":"https:\/\/noti-america.com\/site\/venezuela\/2023\/03\/02\/alcaldia-de-lagunillas-inicio-convenio-de-cooperacion-con-uniojeda\/#primaryimage"},"image":{"@id":"https:\/\/noti-america.com\/site\/venezuela\/2023\/03\/02\/alcaldia-de-lagunillas-inicio-convenio-de-cooperacion-con-uniojeda\/#primaryimage"},"thumbnailUrl":"https:\/\/noti-america.com\/site\/venezuela\/wp-content\/uploads\/sites\/2\/2023\/03\/IMG-20230301-WA0100.jpg","datePublished":"2023-03-02T00:50:03+00:00","dateModified":"2023-03-02T00:51:58+00:00","breadcrumb":{"@id":"https:\/\/noti-america.com\/site\/venezuela\/2023\/03\/02\/alcaldia-de-lagunillas-inicio-convenio-de-cooperacion-con-uniojeda\/#breadcrumb"},"inLanguage":"es","potentialAction":[{"@type":"ReadAction","target":["https:\/\/noti-america.com\/site\/venezuela\/2023\/03\/02\/alcaldia-de-lagunillas-inicio-convenio-de-cooperacion-con-uniojeda\/"]}]},{"@type":"ImageObject","inLanguage":"es","@id":"https:\/\/noti-america.com\/site\/venezuela\/2023\/03\/02\/alcaldia-de-lagunillas-inicio-convenio-de-cooperacion-con-uniojeda\/#primaryimage","url":"https:\/\/noti-america.com\/site\/venezuela\/wp-content\/uploads\/sites\/2\/2023\/03\/IMG-20230301-WA0100.jpg","contentUrl":"https:\/\/noti-america.com\/site\/venezuela\/wp-content\/uploads\/sites\/2\/2023\/03\/IMG-20230301-WA0100.jpg","width":1080,"height":670},{"@type":"BreadcrumbList","@id":"https:\/\/noti-america.com\/site\/venezuela\/2023\/03\/02\/alcaldia-de-lagunillas-inicio-convenio-de-cooperacion-con-uniojeda\/#breadcrumb","itemListElement":[{"@type":"ListItem","position":1,"name":"Portada","item":"https:\/\/noti-america.com\/site\/venezuela\/"},{"@type":"ListItem","position":2,"name":"Alcald\u00eda de Lagunillas inici\u00f3 convenio de cooperaci\u00f3n con Uniojeda"}]},{"@type":"WebSite","@id":"https:\/\/noti-america.com\/site\/venezuela\/#website","url":"https:\/\/noti-america.com\/site\/venezuela\/","name":"Venezuela | Noti-America.com","description":"","publisher":{"@id":"https:\/\/noti-america.com\/site\/venezuela\/#organization"},"potentialAction":[{"@type":"SearchAction","target":{"@type":"EntryPoint","urlTemplate":"https:\/\/noti-america.com\/site\/venezuela\/?s={search_term_string}"},"query-input":{"@type":"PropertyValueSpecification","valueRequired":true,"valueName":"search_term_string"}}],"inLanguage":"es"},{"@type":"Organization","@id":"https:\/\/noti-america.com\/site\/venezuela\/#organization","name":"Noti-America LLC | Venezuela","url":"https:\/\/noti-america.com\/site\/venezuela\/","logo":{"@type":"ImageObject","inLanguage":"es","@id":"https:\/\/noti-america.com\/site\/venezuela\/#\/schema\/logo\/image\/","url":"https:\/\/noti-america.com\/site\/venezuela\/wp-content\/uploads\/sites\/2\/2020\/07\/LogoNA-4x3-1.jpg","contentUrl":"https:\/\/noti-america.com\/site\/venezuela\/wp-content\/uploads\/sites\/2\/2020\/07\/LogoNA-4x3-1.jpg","width":1236,"height":1080,"caption":"Noti-America LLC | Venezuela"},"image":{"@id":"https:\/\/noti-america.com\/site\/venezuela\/#\/schema\/logo\/image\/"}},{"@type":"Person","@id":"https:\/\/noti-america.com\/site\/venezuela\/#\/schema\/person\/2f37ed06a1cd058e8d611b3d42cce678","name":"Hendrick Garcia","image":{"@type":"ImageObject","inLanguage":"es","@id":"https:\/\/secure.gravatar.com\/avatar\/07f13ce868ede7f0937b7abbada276f430e4ed25cfff75dbe7f98f95ac02358c?s=96&d=mm&r=g","url":"https:\/\/secure.gravatar.com\/avatar\/07f13ce868ede7f0937b7abbada276f430e4ed25cfff75dbe7f98f95ac02358c?s=96&d=mm&r=g","contentUrl":"https:\/\/secure.gravatar.com\/avatar\/07f13ce868ede7f0937b7abbada276f430e4ed25cfff75dbe7f98f95ac02358c?s=96&d=mm&r=g","caption":"Hendrick Garcia"},"url":"https:\/\/noti-america.com\/site\/venezuela\/author\/hegarcia\/"}]}},"_links":{"self":[{"href":"https:\/\/noti-america.com\/site\/venezuela\/wp-json\/wp\/v2\/posts\/25637","targetHints":{"allow":["GET"]}}],"collection":[{"href":"https:\/\/noti-america.com\/site\/venezuela\/wp-json\/wp\/v2\/posts"}],"about":[{"href":"https:\/\/noti-america.com\/site\/venezuela\/wp-json\/wp\/v2\/types\/post"}],"author":[{"embeddable":true,"href":"https:\/\/noti-america.com\/site\/venezuela\/wp-json\/wp\/v2\/users\/40"}],"replies":[{"embeddable":true,"href":"https:\/\/noti-america.com\/site\/venezuela\/wp-json\/wp\/v2\/comments?post=25637"}],"version-history":[{"count":3,"href":"https:\/\/noti-america.com\/site\/venezuela\/wp-json\/wp\/v2\/posts\/25637\/revisions"}],"predecessor-version":[{"id":25709,"href":"https:\/\/noti-america.com\/site\/venezuela\/wp-json\/wp\/v2\/posts\/25637\/revisions\/25709"}],"wp:featuredmedia":[{"embeddable":true,"href":"https:\/\/noti-america.com\/site\/venezuela\/wp-json\/wp\/v2\/media\/25706"}],"wp:attachment":[{"href":"https:\/\/noti-america.com\/site\/venezuela\/wp-json\/wp\/v2\/media?parent=25637"}],"wp:term":[{"taxonomy":"category","embeddable":true,"href":"https:\/\/noti-america.com\/site\/venezuela\/wp-json\/wp\/v2\/categories?post=25637"},{"taxonomy":"post_tag","embeddable":true,"href":"https:\/\/noti-america.com\/site\/venezuela\/wp-json\/wp\/v2\/tags?post=25637"}],"curies":[{"name":"wp","href":"https:\/\/api.w.org\/{rel}","templated":true}]}}