{"id":2560,"date":"2018-07-19T02:35:01","date_gmt":"2018-07-19T02:35:01","guid":{"rendered":"http:\/\/noti-america.com\/site\/venezuela\/?p=2560"},"modified":"2018-07-19T02:36:21","modified_gmt":"2018-07-19T02:36:21","slug":"protestan-trabajadores-larenses-unificados-en-pro-de-mejoras-salariales","status":"publish","type":"post","link":"https:\/\/noti-america.com\/site\/venezuela\/2018\/07\/19\/protestan-trabajadores-larenses-unificados-en-pro-de-mejoras-salariales\/","title":{"rendered":"Protestan trabajadores larenses unificados en pro de mejoras salariales"},"content":{"rendered":"<p style=\"text-align: right\">Realizado por: Yliana Duque y Hector A. Segura<\/p>\n<p>Trabajadores de diferentes sectores de la entidad larense salieron en protesta a las deficiencias salariales y las p\u00e9simas condiciones laborales.<\/p>\n<p>Desde varios puntos de la ciudad se congregaron para dar inicio a la marcha que se protagoniz\u00f3 en las inmediaciones de la avenida Vargas con avenida Venezuela.<\/p>\n<div id=\"attachment_2561\" style=\"width: 310px\" class=\"wp-caption alignnone\"><img loading=\"lazy\" decoding=\"async\" aria-describedby=\"caption-attachment-2561\" class=\"wp-image-2561 size-medium\" src=\"http:\/\/noti-america.com\/site\/venezuela\/wp-content\/uploads\/sites\/2\/2018\/07\/marcha-gremial-300x214.jpg\" alt=\"\" width=\"300\" height=\"214\" srcset=\"https:\/\/noti-america.com\/site\/venezuela\/wp-content\/uploads\/sites\/2\/2018\/07\/marcha-gremial-300x214.jpg 300w, https:\/\/noti-america.com\/site\/venezuela\/wp-content\/uploads\/sites\/2\/2018\/07\/marcha-gremial-768x549.jpg 768w, https:\/\/noti-america.com\/site\/venezuela\/wp-content\/uploads\/sites\/2\/2018\/07\/marcha-gremial-1024x731.jpg 1024w\" sizes=\"auto, (max-width: 300px) 100vw, 300px\" \/><p id=\"caption-attachment-2561\" class=\"wp-caption-text\">Foto: Hector Andr\u00e9s Segura<\/p><\/div>\n<p>Los gremios profesionales de m\u00e9dicos, enfermeras, universitarios, electrico, cementero, educaci\u00f3n y periodismo se dieron cita para apoyar la propuesta gremial y exigir sueldos justos que les garanticen una mejor calidad de vida, acorde a la grave situaci\u00f3n econ\u00f3mica que afecta al pa\u00eds.<\/p>\n<div id=\"attachment_2562\" style=\"width: 224px\" class=\"wp-caption alignnone\"><img loading=\"lazy\" decoding=\"async\" aria-describedby=\"caption-attachment-2562\" class=\"wp-image-2562 size-medium\" src=\"http:\/\/noti-america.com\/site\/venezuela\/wp-content\/uploads\/sites\/2\/2018\/07\/marcha-15-214x300.jpg\" alt=\"\" width=\"214\" height=\"300\" srcset=\"https:\/\/noti-america.com\/site\/venezuela\/wp-content\/uploads\/sites\/2\/2018\/07\/marcha-15-214x300.jpg 214w, https:\/\/noti-america.com\/site\/venezuela\/wp-content\/uploads\/sites\/2\/2018\/07\/marcha-15-768x1075.jpg 768w, https:\/\/noti-america.com\/site\/venezuela\/wp-content\/uploads\/sites\/2\/2018\/07\/marcha-15-731x1024.jpg 731w, https:\/\/noti-america.com\/site\/venezuela\/wp-content\/uploads\/sites\/2\/2018\/07\/marcha-15.jpg 1500w\" sizes=\"auto, (max-width: 214px) 100vw, 214px\" \/><p id=\"caption-attachment-2562\" class=\"wp-caption-text\">Trabajadores se congregaron en diferentes puntos de Barquisimeto. Foto: Hector Andr\u00e9s Segura<\/p><\/div>\n<div id=\"attachment_2563\" style=\"width: 310px\" class=\"wp-caption alignnone\"><img loading=\"lazy\" decoding=\"async\" aria-describedby=\"caption-attachment-2563\" class=\"wp-image-2563 size-medium\" src=\"http:\/\/noti-america.com\/site\/venezuela\/wp-content\/uploads\/sites\/2\/2018\/07\/marcha-16-300x214.jpg\" alt=\"\" width=\"300\" height=\"214\" srcset=\"https:\/\/noti-america.com\/site\/venezuela\/wp-content\/uploads\/sites\/2\/2018\/07\/marcha-16-300x214.jpg 300w, https:\/\/noti-america.com\/site\/venezuela\/wp-content\/uploads\/sites\/2\/2018\/07\/marcha-16-768x549.jpg 768w, https:\/\/noti-america.com\/site\/venezuela\/wp-content\/uploads\/sites\/2\/2018\/07\/marcha-16-1024x731.jpg 1024w\" sizes=\"auto, (max-width: 300px) 100vw, 300px\" \/><p id=\"caption-attachment-2563\" class=\"wp-caption-text\">Marcharon camino a la gobernaci\u00f3n del Estado Lara. Foto: Hector Andr\u00e9s Segura<\/p><\/div>\n<p>Se dirijieron a la sede de la Gobernaci\u00f3n del estado Lara con la finalidad de plantear la situaci\u00f3n a la mandataria regional, Carmen Mel\u00e9ndez, donde fueron retenidos por un cord\u00f3n de seguridad de la Guardia Nacional Bolivariana acompa\u00f1ados de la polic\u00eda regional.<\/p>\n<div id=\"attachment_2564\" style=\"width: 310px\" class=\"wp-caption alignnone\"><img loading=\"lazy\" decoding=\"async\" aria-describedby=\"caption-attachment-2564\" class=\"wp-image-2564 size-medium\" src=\"http:\/\/noti-america.com\/site\/venezuela\/wp-content\/uploads\/sites\/2\/2018\/07\/marcha-3-300x214.jpg\" alt=\"\" width=\"300\" height=\"214\" srcset=\"https:\/\/noti-america.com\/site\/venezuela\/wp-content\/uploads\/sites\/2\/2018\/07\/marcha-3-300x214.jpg 300w, https:\/\/noti-america.com\/site\/venezuela\/wp-content\/uploads\/sites\/2\/2018\/07\/marcha-3-768x549.jpg 768w, https:\/\/noti-america.com\/site\/venezuela\/wp-content\/uploads\/sites\/2\/2018\/07\/marcha-3-1024x731.jpg 1024w, https:\/\/noti-america.com\/site\/venezuela\/wp-content\/uploads\/sites\/2\/2018\/07\/marcha-3.jpg 1050w\" sizes=\"auto, (max-width: 300px) 100vw, 300px\" \/><p id=\"caption-attachment-2564\" class=\"wp-caption-text\">Gremios unificaron fuerzas para exigir derechos a un salario digno en Venezuela Foto: HAS.<\/p><\/div>\n<p>Posteriormente, en exigencia a la presencia gubernamental, les permitieron a un representante por gremio accesar a la gobernaci\u00f3n, entre ellos, la rectora de la Universidad Centro Occidental Lisandro Alvarado (UCLA), Nelly Velazquez; el presidente del Colegio de M\u00e9dicos, Ren\u00e9 Rivas; el secretario general del Colegio de ABogados, Jacobo M\u00e1rmol; y el secretario encargado del Sindicato de trabajadores de Corpoelec-Lara, Alberto Perozo.<\/p>\n<p>Las reacciones de descontento si hicieron sentir ante la ausencia de la m\u00e1xima autoridad regional, al ser recibidos por el Secretario personal de la gobernadora, su hijo Rom\u00e1n Maniglia.<\/p>\n<div id=\"attachment_2565\" style=\"width: 310px\" class=\"wp-caption alignnone\"><img loading=\"lazy\" decoding=\"async\" aria-describedby=\"caption-attachment-2565\" class=\"wp-image-2565 size-medium\" src=\"http:\/\/noti-america.com\/site\/venezuela\/wp-content\/uploads\/sites\/2\/2018\/07\/marcha-7-300x214.jpg\" alt=\"\" width=\"300\" height=\"214\" srcset=\"https:\/\/noti-america.com\/site\/venezuela\/wp-content\/uploads\/sites\/2\/2018\/07\/marcha-7-300x214.jpg 300w, https:\/\/noti-america.com\/site\/venezuela\/wp-content\/uploads\/sites\/2\/2018\/07\/marcha-7-768x549.jpg 768w, https:\/\/noti-america.com\/site\/venezuela\/wp-content\/uploads\/sites\/2\/2018\/07\/marcha-7-1024x731.jpg 1024w, https:\/\/noti-america.com\/site\/venezuela\/wp-content\/uploads\/sites\/2\/2018\/07\/marcha-7.jpg 1050w\" sizes=\"auto, (max-width: 300px) 100vw, 300px\" \/><p id=\"caption-attachment-2565\" class=\"wp-caption-text\">Foto: Hector Andr\u00e9s Segura<\/p><\/div>\n<div id=\"attachment_2566\" style=\"width: 310px\" class=\"wp-caption alignnone\"><img loading=\"lazy\" decoding=\"async\" aria-describedby=\"caption-attachment-2566\" class=\"wp-image-2566 size-medium\" src=\"http:\/\/noti-america.com\/site\/venezuela\/wp-content\/uploads\/sites\/2\/2018\/07\/marcha-9-300x214.jpg\" alt=\"\" width=\"300\" height=\"214\" srcset=\"https:\/\/noti-america.com\/site\/venezuela\/wp-content\/uploads\/sites\/2\/2018\/07\/marcha-9-300x214.jpg 300w, https:\/\/noti-america.com\/site\/venezuela\/wp-content\/uploads\/sites\/2\/2018\/07\/marcha-9-768x549.jpg 768w, https:\/\/noti-america.com\/site\/venezuela\/wp-content\/uploads\/sites\/2\/2018\/07\/marcha-9-1024x731.jpg 1024w, https:\/\/noti-america.com\/site\/venezuela\/wp-content\/uploads\/sites\/2\/2018\/07\/marcha-9.jpg 1050w\" sizes=\"auto, (max-width: 300px) 100vw, 300px\" \/><p id=\"caption-attachment-2566\" class=\"wp-caption-text\">Foto: Hector Andr\u00e9s Segura<\/p><\/div>\n<div id=\"attachment_2567\" style=\"width: 224px\" class=\"wp-caption alignnone\"><img loading=\"lazy\" decoding=\"async\" aria-describedby=\"caption-attachment-2567\" class=\"wp-image-2567 size-medium\" src=\"http:\/\/noti-america.com\/site\/venezuela\/wp-content\/uploads\/sites\/2\/2018\/07\/marcha-15-1-214x300.jpg\" alt=\"\" width=\"214\" height=\"300\" srcset=\"https:\/\/noti-america.com\/site\/venezuela\/wp-content\/uploads\/sites\/2\/2018\/07\/marcha-15-1-214x300.jpg 214w, https:\/\/noti-america.com\/site\/venezuela\/wp-content\/uploads\/sites\/2\/2018\/07\/marcha-15-1-768x1075.jpg 768w, https:\/\/noti-america.com\/site\/venezuela\/wp-content\/uploads\/sites\/2\/2018\/07\/marcha-15-1-731x1024.jpg 731w, https:\/\/noti-america.com\/site\/venezuela\/wp-content\/uploads\/sites\/2\/2018\/07\/marcha-15-1.jpg 1500w\" sizes=\"auto, (max-width: 214px) 100vw, 214px\" \/><p id=\"caption-attachment-2567\" class=\"wp-caption-text\">Foto: Hector Andr\u00e9s Segura<\/p><\/div>\n<p>Luego de una hora de debate, Ren\u00e9 Rivas inform\u00f3, haber entregado el documento m\u00e1s sin embargo, no se lleg\u00f3 a ninguna concluyente satisfactoria, porque no obtuvieron respuestas claras sobre la fuerte situaci\u00f3n que atraviesa cada sector laboral.<\/p>\n<p>El gremio unificado tras no haber logrado los objetivos anunciaron que asumiran acciones contundentes como medidas de presi\u00f3n hasta conseguir la atenci\u00f3n de parte del Ejecutivo Nacional.<\/p>\n<p>Cabe destacar que al momento de la protesta, el General de la GNB, Jos\u00e9 Camacaro, maltrat\u00f3 verbalmente a diferentes periodistas que se encontraban cubriendo los sucesos de la manifestaci\u00f3n.<\/p>\n<div id=\"attachment_2569\" style=\"width: 310px\" class=\"wp-caption alignnone\"><img loading=\"lazy\" decoding=\"async\" aria-describedby=\"caption-attachment-2569\" class=\"wp-image-2569 size-medium\" src=\"http:\/\/noti-america.com\/site\/venezuela\/wp-content\/uploads\/sites\/2\/2018\/07\/marcha-26-300x214.jpg\" alt=\"\" width=\"300\" height=\"214\" srcset=\"https:\/\/noti-america.com\/site\/venezuela\/wp-content\/uploads\/sites\/2\/2018\/07\/marcha-26-300x214.jpg 300w, https:\/\/noti-america.com\/site\/venezuela\/wp-content\/uploads\/sites\/2\/2018\/07\/marcha-26-768x549.jpg 768w, https:\/\/noti-america.com\/site\/venezuela\/wp-content\/uploads\/sites\/2\/2018\/07\/marcha-26-1024x731.jpg 1024w\" sizes=\"auto, (max-width: 300px) 100vw, 300px\" \/><p id=\"caption-attachment-2569\" class=\"wp-caption-text\">Foto: Hector Andr\u00e9s Segura<\/p><\/div>\n<div id=\"attachment_2570\" style=\"width: 310px\" class=\"wp-caption alignnone\"><img loading=\"lazy\" decoding=\"async\" aria-describedby=\"caption-attachment-2570\" class=\"wp-image-2570 size-medium\" src=\"http:\/\/noti-america.com\/site\/venezuela\/wp-content\/uploads\/sites\/2\/2018\/07\/marcha-27-300x214.jpg\" alt=\"\" width=\"300\" height=\"214\" srcset=\"https:\/\/noti-america.com\/site\/venezuela\/wp-content\/uploads\/sites\/2\/2018\/07\/marcha-27-300x214.jpg 300w, https:\/\/noti-america.com\/site\/venezuela\/wp-content\/uploads\/sites\/2\/2018\/07\/marcha-27-768x549.jpg 768w, https:\/\/noti-america.com\/site\/venezuela\/wp-content\/uploads\/sites\/2\/2018\/07\/marcha-27-1024x731.jpg 1024w\" sizes=\"auto, (max-width: 300px) 100vw, 300px\" \/><p id=\"caption-attachment-2570\" class=\"wp-caption-text\">Foto: Hector Andr\u00e9s Segura<\/p><\/div>\n<div id=\"attachment_2571\" style=\"width: 310px\" class=\"wp-caption alignnone\"><img loading=\"lazy\" decoding=\"async\" aria-describedby=\"caption-attachment-2571\" class=\"wp-image-2571 size-medium\" src=\"http:\/\/noti-america.com\/site\/venezuela\/wp-content\/uploads\/sites\/2\/2018\/07\/marcha-34-300x214.jpg\" alt=\"\" width=\"300\" height=\"214\" srcset=\"https:\/\/noti-america.com\/site\/venezuela\/wp-content\/uploads\/sites\/2\/2018\/07\/marcha-34-300x214.jpg 300w, https:\/\/noti-america.com\/site\/venezuela\/wp-content\/uploads\/sites\/2\/2018\/07\/marcha-34-768x549.jpg 768w, https:\/\/noti-america.com\/site\/venezuela\/wp-content\/uploads\/sites\/2\/2018\/07\/marcha-34-1024x731.jpg 1024w\" sizes=\"auto, (max-width: 300px) 100vw, 300px\" \/><p id=\"caption-attachment-2571\" class=\"wp-caption-text\">Foto: Hector Andr\u00e9s Segura<\/p><\/div>\n<div id=\"attachment_2572\" style=\"width: 310px\" class=\"wp-caption alignnone\"><img loading=\"lazy\" decoding=\"async\" aria-describedby=\"caption-attachment-2572\" class=\"wp-image-2572 size-medium\" src=\"http:\/\/noti-america.com\/site\/venezuela\/wp-content\/uploads\/sites\/2\/2018\/07\/marcha-40-300x214.jpg\" alt=\"\" width=\"300\" height=\"214\" srcset=\"https:\/\/noti-america.com\/site\/venezuela\/wp-content\/uploads\/sites\/2\/2018\/07\/marcha-40-300x214.jpg 300w, https:\/\/noti-america.com\/site\/venezuela\/wp-content\/uploads\/sites\/2\/2018\/07\/marcha-40-768x549.jpg 768w, https:\/\/noti-america.com\/site\/venezuela\/wp-content\/uploads\/sites\/2\/2018\/07\/marcha-40-1024x731.jpg 1024w\" sizes=\"auto, (max-width: 300px) 100vw, 300px\" \/><p id=\"caption-attachment-2572\" class=\"wp-caption-text\">Foto: Hector Andr\u00e9s Segura<\/p><\/div>\n<p>&nbsp;<\/p>\n","protected":false},"excerpt":{"rendered":"<p>Realizado por: Yliana Duque y Hector A. Segura Trabajadores de diferentes sectores de la entidad larense salieron en protesta a las deficiencias salariales y las p\u00e9simas condiciones laborales. Desde varios puntos de la ciudad&#46;&#46;&#46;<\/p>\n","protected":false},"author":11,"featured_media":2568,"comment_status":"open","ping_status":"open","sticky":false,"template":"","format":"standard","meta":{"_acf_changed":false,"om_disable_all_campaigns":false,"rop_custom_images_group":[],"rop_custom_messages_group":[],"rop_publish_now":"initial","rop_publish_now_accounts":{"twitter_242054905_242054905":""},"rop_publish_now_history":[],"rop_publish_now_status":"pending","_uf_show_specific_survey":0,"_uf_disable_surveys":false,"footnotes":""},"categories":[5,4,3,11],"tags":[],"class_list":["post-2560","post","type-post","status-publish","format-standard","has-post-thumbnail","hentry","category-economia","category-internacionales","category-politica","category-sucesos"],"acf":[],"aioseo_notices":[],"yoast_head":"<!-- This site is optimized with the Yoast SEO Premium plugin v24.9 (Yoast SEO v27.2) - https:\/\/yoast.com\/product\/yoast-seo-premium-wordpress\/ -->\n<title>Protestan trabajadores larenses unificados en pro de mejoras salariales - Venezuela | Noti-America.com<\/title>\n<meta name=\"robots\" content=\"index, follow, max-snippet:-1, max-image-preview:large, max-video-preview:-1\" \/>\n<link rel=\"canonical\" href=\"https:\/\/noti-america.com\/site\/venezuela\/2018\/07\/19\/protestan-trabajadores-larenses-unificados-en-pro-de-mejoras-salariales\/\" \/>\n<meta property=\"og:locale\" content=\"es_ES\" \/>\n<meta property=\"og:type\" content=\"article\" \/>\n<meta property=\"og:title\" content=\"Protestan trabajadores larenses unificados en pro de mejoras salariales\" \/>\n<meta property=\"og:description\" content=\"Realizado por: Yliana Duque y Hector A. Segura Trabajadores de diferentes sectores de la entidad larense salieron en protesta a las deficiencias salariales y las p\u00e9simas condiciones laborales. Desde varios puntos de la ciudad&#046;&#046;&#046;\" \/>\n<meta property=\"og:url\" content=\"https:\/\/noti-america.com\/site\/venezuela\/2018\/07\/19\/protestan-trabajadores-larenses-unificados-en-pro-de-mejoras-salariales\/\" \/>\n<meta property=\"og:site_name\" content=\"Venezuela | Noti-America.com\" \/>\n<meta property=\"article:published_time\" content=\"2018-07-19T02:35:01+00:00\" \/>\n<meta property=\"article:modified_time\" content=\"2018-07-19T02:36:21+00:00\" \/>\n<meta property=\"og:image\" content=\"https:\/\/noti-america.com\/site\/venezuela\/wp-content\/uploads\/sites\/2\/2018\/07\/marcha-24.jpg\" \/>\n\t<meta property=\"og:image:width\" content=\"2100\" \/>\n\t<meta property=\"og:image:height\" content=\"1500\" \/>\n\t<meta property=\"og:image:type\" content=\"image\/jpeg\" \/>\n<meta name=\"author\" content=\"Yliana Duque\" \/>\n<meta name=\"twitter:card\" content=\"summary_large_image\" \/>\n<meta name=\"twitter:creator\" content=\"@ylianaduque\" \/>\n<meta name=\"twitter:label1\" content=\"Escrito por\" \/>\n\t<meta name=\"twitter:data1\" content=\"Yliana Duque\" \/>\n\t<meta name=\"twitter:label2\" content=\"Tiempo estimado de lectura\" \/>\n\t<meta name=\"twitter:data2\" content=\"3 minutos\" \/>\n<script type=\"application\/ld+json\" class=\"yoast-schema-graph\">{\"@context\":\"https:\/\/schema.org\",\"@graph\":[{\"@type\":\"Article\",\"@id\":\"https:\/\/noti-america.com\/site\/venezuela\/2018\/07\/19\/protestan-trabajadores-larenses-unificados-en-pro-de-mejoras-salariales\/#article\",\"isPartOf\":{\"@id\":\"https:\/\/noti-america.com\/site\/venezuela\/2018\/07\/19\/protestan-trabajadores-larenses-unificados-en-pro-de-mejoras-salariales\/\"},\"author\":{\"name\":\"Yliana Duque\",\"@id\":\"https:\/\/noti-america.com\/site\/venezuela\/#\/schema\/person\/a166d9d45f249dbd09521fbc2e7342d8\"},\"headline\":\"Protestan trabajadores larenses unificados en pro de mejoras salariales\",\"datePublished\":\"2018-07-19T02:35:01+00:00\",\"dateModified\":\"2018-07-19T02:36:21+00:00\",\"mainEntityOfPage\":{\"@id\":\"https:\/\/noti-america.com\/site\/venezuela\/2018\/07\/19\/protestan-trabajadores-larenses-unificados-en-pro-de-mejoras-salariales\/\"},\"wordCount\":512,\"commentCount\":0,\"publisher\":{\"@id\":\"https:\/\/noti-america.com\/site\/venezuela\/#organization\"},\"image\":{\"@id\":\"https:\/\/noti-america.com\/site\/venezuela\/2018\/07\/19\/protestan-trabajadores-larenses-unificados-en-pro-de-mejoras-salariales\/#primaryimage\"},\"thumbnailUrl\":\"https:\/\/noti-america.com\/site\/venezuela\/wp-content\/uploads\/sites\/2\/2018\/07\/marcha-24.jpg\",\"articleSection\":[\"Econom\u00eda\",\"Internacionales\",\"Pol\u00edtica\",\"Sucesos\"],\"inLanguage\":\"es\",\"potentialAction\":[{\"@type\":\"CommentAction\",\"name\":\"Comment\",\"target\":[\"https:\/\/noti-america.com\/site\/venezuela\/2018\/07\/19\/protestan-trabajadores-larenses-unificados-en-pro-de-mejoras-salariales\/#respond\"]}]},{\"@type\":\"WebPage\",\"@id\":\"https:\/\/noti-america.com\/site\/venezuela\/2018\/07\/19\/protestan-trabajadores-larenses-unificados-en-pro-de-mejoras-salariales\/\",\"url\":\"https:\/\/noti-america.com\/site\/venezuela\/2018\/07\/19\/protestan-trabajadores-larenses-unificados-en-pro-de-mejoras-salariales\/\",\"name\":\"Protestan trabajadores larenses unificados en pro de mejoras salariales - Venezuela | Noti-America.com\",\"isPartOf\":{\"@id\":\"https:\/\/noti-america.com\/site\/venezuela\/#website\"},\"primaryImageOfPage\":{\"@id\":\"https:\/\/noti-america.com\/site\/venezuela\/2018\/07\/19\/protestan-trabajadores-larenses-unificados-en-pro-de-mejoras-salariales\/#primaryimage\"},\"image\":{\"@id\":\"https:\/\/noti-america.com\/site\/venezuela\/2018\/07\/19\/protestan-trabajadores-larenses-unificados-en-pro-de-mejoras-salariales\/#primaryimage\"},\"thumbnailUrl\":\"https:\/\/noti-america.com\/site\/venezuela\/wp-content\/uploads\/sites\/2\/2018\/07\/marcha-24.jpg\",\"datePublished\":\"2018-07-19T02:35:01+00:00\",\"dateModified\":\"2018-07-19T02:36:21+00:00\",\"breadcrumb\":{\"@id\":\"https:\/\/noti-america.com\/site\/venezuela\/2018\/07\/19\/protestan-trabajadores-larenses-unificados-en-pro-de-mejoras-salariales\/#breadcrumb\"},\"inLanguage\":\"es\",\"potentialAction\":[{\"@type\":\"ReadAction\",\"target\":[\"https:\/\/noti-america.com\/site\/venezuela\/2018\/07\/19\/protestan-trabajadores-larenses-unificados-en-pro-de-mejoras-salariales\/\"]}]},{\"@type\":\"ImageObject\",\"inLanguage\":\"es\",\"@id\":\"https:\/\/noti-america.com\/site\/venezuela\/2018\/07\/19\/protestan-trabajadores-larenses-unificados-en-pro-de-mejoras-salariales\/#primaryimage\",\"url\":\"https:\/\/noti-america.com\/site\/venezuela\/wp-content\/uploads\/sites\/2\/2018\/07\/marcha-24.jpg\",\"contentUrl\":\"https:\/\/noti-america.com\/site\/venezuela\/wp-content\/uploads\/sites\/2\/2018\/07\/marcha-24.jpg\",\"width\":2100,\"height\":1500},{\"@type\":\"BreadcrumbList\",\"@id\":\"https:\/\/noti-america.com\/site\/venezuela\/2018\/07\/19\/protestan-trabajadores-larenses-unificados-en-pro-de-mejoras-salariales\/#breadcrumb\",\"itemListElement\":[{\"@type\":\"ListItem\",\"position\":1,\"name\":\"Portada\",\"item\":\"https:\/\/noti-america.com\/site\/venezuela\/\"},{\"@type\":\"ListItem\",\"position\":2,\"name\":\"Protestan trabajadores larenses unificados en pro de mejoras salariales\"}]},{\"@type\":\"WebSite\",\"@id\":\"https:\/\/noti-america.com\/site\/venezuela\/#website\",\"url\":\"https:\/\/noti-america.com\/site\/venezuela\/\",\"name\":\"Venezuela | Noti-America.com\",\"description\":\"\",\"publisher\":{\"@id\":\"https:\/\/noti-america.com\/site\/venezuela\/#organization\"},\"potentialAction\":[{\"@type\":\"SearchAction\",\"target\":{\"@type\":\"EntryPoint\",\"urlTemplate\":\"https:\/\/noti-america.com\/site\/venezuela\/?s={search_term_string}\"},\"query-input\":{\"@type\":\"PropertyValueSpecification\",\"valueRequired\":true,\"valueName\":\"search_term_string\"}}],\"inLanguage\":\"es\"},{\"@type\":\"Organization\",\"@id\":\"https:\/\/noti-america.com\/site\/venezuela\/#organization\",\"name\":\"Noti-America LLC | Venezuela\",\"url\":\"https:\/\/noti-america.com\/site\/venezuela\/\",\"logo\":{\"@type\":\"ImageObject\",\"inLanguage\":\"es\",\"@id\":\"https:\/\/noti-america.com\/site\/venezuela\/#\/schema\/logo\/image\/\",\"url\":\"https:\/\/noti-america.com\/site\/venezuela\/wp-content\/uploads\/sites\/2\/2020\/07\/LogoNA-4x3-1.jpg\",\"contentUrl\":\"https:\/\/noti-america.com\/site\/venezuela\/wp-content\/uploads\/sites\/2\/2020\/07\/LogoNA-4x3-1.jpg\",\"width\":1236,\"height\":1080,\"caption\":\"Noti-America LLC | Venezuela\"},\"image\":{\"@id\":\"https:\/\/noti-america.com\/site\/venezuela\/#\/schema\/logo\/image\/\"}},{\"@type\":\"Person\",\"@id\":\"https:\/\/noti-america.com\/site\/venezuela\/#\/schema\/person\/a166d9d45f249dbd09521fbc2e7342d8\",\"name\":\"Yliana Duque\",\"image\":{\"@type\":\"ImageObject\",\"inLanguage\":\"es\",\"@id\":\"https:\/\/secure.gravatar.com\/avatar\/8caf2a4035762b3be44c3a0455581febe2d5273a41ac40dacc575b8aa348fe65?s=96&d=mm&r=g\",\"url\":\"https:\/\/secure.gravatar.com\/avatar\/8caf2a4035762b3be44c3a0455581febe2d5273a41ac40dacc575b8aa348fe65?s=96&d=mm&r=g\",\"contentUrl\":\"https:\/\/secure.gravatar.com\/avatar\/8caf2a4035762b3be44c3a0455581febe2d5273a41ac40dacc575b8aa348fe65?s=96&d=mm&r=g\",\"caption\":\"Yliana Duque\"},\"description\":\"Ejercer el periodismo requiere de pasi\u00f3n y conocimiento en investigaci\u00f3n de campo. Siempre en la b\u00fasqueda de la verdad para aportar claridad y poder discernir sobre el hecho noticioso. Egresada de la Universidad de los Andes. Maestria en Relaciones Internacionales (UCV). Diplomado de Educaci\u00f3n Superior (Universidad Experimental LIbertador (UPEL), y Educaci\u00f3n superior a distancia (UFT). Estudios de Locuci\u00f3n- Actuaci\u00f3n-Publicidad y Mercadeo, Redes. Subdirectora de relaciones p\u00fablicas de la Asamablea Legislativa del Estado Sucre(1995)-Periodista de TELESOL,Telecaribe (Sucre). Jefe de Prensa de la Gobernaci\u00f3n del Estado Amazonas(1997). Periodista Comandancia General del Ej\u00e9rcito, Fuerte Tiuna (1996). Lider de Proyectos en educaci\u00f3n Superior en la Universidad Ferm\u00edn Toro (UFT) (2000). Docente Universitario UFT (2002-2007)-Docente de Educaci\u00f3n Superior a Distancia -titulado. Periodista Diario El Informador. Periodista en Apoyo A\u00e9reo de la Guardia Nacional, Aeropuerto Jacinto Lara. www.Noti-america.com (Venezuela)\",\"sameAs\":[\"https:\/\/x.com\/ylianaduque\"],\"url\":\"https:\/\/noti-america.com\/site\/venezuela\/author\/yduque\/\"}]}<\/script>\n<!-- \/ Yoast SEO Premium plugin. -->","yoast_head_json":{"title":"Protestan trabajadores larenses unificados en pro de mejoras salariales - Venezuela | Noti-America.com","robots":{"index":"index","follow":"follow","max-snippet":"max-snippet:-1","max-image-preview":"max-image-preview:large","max-video-preview":"max-video-preview:-1"},"canonical":"https:\/\/noti-america.com\/site\/venezuela\/2018\/07\/19\/protestan-trabajadores-larenses-unificados-en-pro-de-mejoras-salariales\/","og_locale":"es_ES","og_type":"article","og_title":"Protestan trabajadores larenses unificados en pro de mejoras salariales","og_description":"Realizado por: Yliana Duque y Hector A. Segura Trabajadores de diferentes sectores de la entidad larense salieron en protesta a las deficiencias salariales y las p\u00e9simas condiciones laborales. Desde varios puntos de la ciudad&#46;&#46;&#46;","og_url":"https:\/\/noti-america.com\/site\/venezuela\/2018\/07\/19\/protestan-trabajadores-larenses-unificados-en-pro-de-mejoras-salariales\/","og_site_name":"Venezuela | Noti-America.com","article_published_time":"2018-07-19T02:35:01+00:00","article_modified_time":"2018-07-19T02:36:21+00:00","og_image":[{"width":2100,"height":1500,"url":"https:\/\/noti-america.com\/site\/venezuela\/wp-content\/uploads\/sites\/2\/2018\/07\/marcha-24.jpg","type":"image\/jpeg"}],"author":"Yliana Duque","twitter_card":"summary_large_image","twitter_creator":"@ylianaduque","twitter_misc":{"Escrito por":"Yliana Duque","Tiempo estimado de lectura":"3 minutos"},"schema":{"@context":"https:\/\/schema.org","@graph":[{"@type":"Article","@id":"https:\/\/noti-america.com\/site\/venezuela\/2018\/07\/19\/protestan-trabajadores-larenses-unificados-en-pro-de-mejoras-salariales\/#article","isPartOf":{"@id":"https:\/\/noti-america.com\/site\/venezuela\/2018\/07\/19\/protestan-trabajadores-larenses-unificados-en-pro-de-mejoras-salariales\/"},"author":{"name":"Yliana Duque","@id":"https:\/\/noti-america.com\/site\/venezuela\/#\/schema\/person\/a166d9d45f249dbd09521fbc2e7342d8"},"headline":"Protestan trabajadores larenses unificados en pro de mejoras salariales","datePublished":"2018-07-19T02:35:01+00:00","dateModified":"2018-07-19T02:36:21+00:00","mainEntityOfPage":{"@id":"https:\/\/noti-america.com\/site\/venezuela\/2018\/07\/19\/protestan-trabajadores-larenses-unificados-en-pro-de-mejoras-salariales\/"},"wordCount":512,"commentCount":0,"publisher":{"@id":"https:\/\/noti-america.com\/site\/venezuela\/#organization"},"image":{"@id":"https:\/\/noti-america.com\/site\/venezuela\/2018\/07\/19\/protestan-trabajadores-larenses-unificados-en-pro-de-mejoras-salariales\/#primaryimage"},"thumbnailUrl":"https:\/\/noti-america.com\/site\/venezuela\/wp-content\/uploads\/sites\/2\/2018\/07\/marcha-24.jpg","articleSection":["Econom\u00eda","Internacionales","Pol\u00edtica","Sucesos"],"inLanguage":"es","potentialAction":[{"@type":"CommentAction","name":"Comment","target":["https:\/\/noti-america.com\/site\/venezuela\/2018\/07\/19\/protestan-trabajadores-larenses-unificados-en-pro-de-mejoras-salariales\/#respond"]}]},{"@type":"WebPage","@id":"https:\/\/noti-america.com\/site\/venezuela\/2018\/07\/19\/protestan-trabajadores-larenses-unificados-en-pro-de-mejoras-salariales\/","url":"https:\/\/noti-america.com\/site\/venezuela\/2018\/07\/19\/protestan-trabajadores-larenses-unificados-en-pro-de-mejoras-salariales\/","name":"Protestan trabajadores larenses unificados en pro de mejoras salariales - Venezuela | Noti-America.com","isPartOf":{"@id":"https:\/\/noti-america.com\/site\/venezuela\/#website"},"primaryImageOfPage":{"@id":"https:\/\/noti-america.com\/site\/venezuela\/2018\/07\/19\/protestan-trabajadores-larenses-unificados-en-pro-de-mejoras-salariales\/#primaryimage"},"image":{"@id":"https:\/\/noti-america.com\/site\/venezuela\/2018\/07\/19\/protestan-trabajadores-larenses-unificados-en-pro-de-mejoras-salariales\/#primaryimage"},"thumbnailUrl":"https:\/\/noti-america.com\/site\/venezuela\/wp-content\/uploads\/sites\/2\/2018\/07\/marcha-24.jpg","datePublished":"2018-07-19T02:35:01+00:00","dateModified":"2018-07-19T02:36:21+00:00","breadcrumb":{"@id":"https:\/\/noti-america.com\/site\/venezuela\/2018\/07\/19\/protestan-trabajadores-larenses-unificados-en-pro-de-mejoras-salariales\/#breadcrumb"},"inLanguage":"es","potentialAction":[{"@type":"ReadAction","target":["https:\/\/noti-america.com\/site\/venezuela\/2018\/07\/19\/protestan-trabajadores-larenses-unificados-en-pro-de-mejoras-salariales\/"]}]},{"@type":"ImageObject","inLanguage":"es","@id":"https:\/\/noti-america.com\/site\/venezuela\/2018\/07\/19\/protestan-trabajadores-larenses-unificados-en-pro-de-mejoras-salariales\/#primaryimage","url":"https:\/\/noti-america.com\/site\/venezuela\/wp-content\/uploads\/sites\/2\/2018\/07\/marcha-24.jpg","contentUrl":"https:\/\/noti-america.com\/site\/venezuela\/wp-content\/uploads\/sites\/2\/2018\/07\/marcha-24.jpg","width":2100,"height":1500},{"@type":"BreadcrumbList","@id":"https:\/\/noti-america.com\/site\/venezuela\/2018\/07\/19\/protestan-trabajadores-larenses-unificados-en-pro-de-mejoras-salariales\/#breadcrumb","itemListElement":[{"@type":"ListItem","position":1,"name":"Portada","item":"https:\/\/noti-america.com\/site\/venezuela\/"},{"@type":"ListItem","position":2,"name":"Protestan trabajadores larenses unificados en pro de mejoras salariales"}]},{"@type":"WebSite","@id":"https:\/\/noti-america.com\/site\/venezuela\/#website","url":"https:\/\/noti-america.com\/site\/venezuela\/","name":"Venezuela | Noti-America.com","description":"","publisher":{"@id":"https:\/\/noti-america.com\/site\/venezuela\/#organization"},"potentialAction":[{"@type":"SearchAction","target":{"@type":"EntryPoint","urlTemplate":"https:\/\/noti-america.com\/site\/venezuela\/?s={search_term_string}"},"query-input":{"@type":"PropertyValueSpecification","valueRequired":true,"valueName":"search_term_string"}}],"inLanguage":"es"},{"@type":"Organization","@id":"https:\/\/noti-america.com\/site\/venezuela\/#organization","name":"Noti-America LLC | Venezuela","url":"https:\/\/noti-america.com\/site\/venezuela\/","logo":{"@type":"ImageObject","inLanguage":"es","@id":"https:\/\/noti-america.com\/site\/venezuela\/#\/schema\/logo\/image\/","url":"https:\/\/noti-america.com\/site\/venezuela\/wp-content\/uploads\/sites\/2\/2020\/07\/LogoNA-4x3-1.jpg","contentUrl":"https:\/\/noti-america.com\/site\/venezuela\/wp-content\/uploads\/sites\/2\/2020\/07\/LogoNA-4x3-1.jpg","width":1236,"height":1080,"caption":"Noti-America LLC | Venezuela"},"image":{"@id":"https:\/\/noti-america.com\/site\/venezuela\/#\/schema\/logo\/image\/"}},{"@type":"Person","@id":"https:\/\/noti-america.com\/site\/venezuela\/#\/schema\/person\/a166d9d45f249dbd09521fbc2e7342d8","name":"Yliana Duque","image":{"@type":"ImageObject","inLanguage":"es","@id":"https:\/\/secure.gravatar.com\/avatar\/8caf2a4035762b3be44c3a0455581febe2d5273a41ac40dacc575b8aa348fe65?s=96&d=mm&r=g","url":"https:\/\/secure.gravatar.com\/avatar\/8caf2a4035762b3be44c3a0455581febe2d5273a41ac40dacc575b8aa348fe65?s=96&d=mm&r=g","contentUrl":"https:\/\/secure.gravatar.com\/avatar\/8caf2a4035762b3be44c3a0455581febe2d5273a41ac40dacc575b8aa348fe65?s=96&d=mm&r=g","caption":"Yliana Duque"},"description":"Ejercer el periodismo requiere de pasi\u00f3n y conocimiento en investigaci\u00f3n de campo. Siempre en la b\u00fasqueda de la verdad para aportar claridad y poder discernir sobre el hecho noticioso. Egresada de la Universidad de los Andes. Maestria en Relaciones Internacionales (UCV). Diplomado de Educaci\u00f3n Superior (Universidad Experimental LIbertador (UPEL), y Educaci\u00f3n superior a distancia (UFT). Estudios de Locuci\u00f3n- Actuaci\u00f3n-Publicidad y Mercadeo, Redes. Subdirectora de relaciones p\u00fablicas de la Asamablea Legislativa del Estado Sucre(1995)-Periodista de TELESOL,Telecaribe (Sucre). Jefe de Prensa de la Gobernaci\u00f3n del Estado Amazonas(1997). Periodista Comandancia General del Ej\u00e9rcito, Fuerte Tiuna (1996). Lider de Proyectos en educaci\u00f3n Superior en la Universidad Ferm\u00edn Toro (UFT) (2000). Docente Universitario UFT (2002-2007)-Docente de Educaci\u00f3n Superior a Distancia -titulado. Periodista Diario El Informador. Periodista en Apoyo A\u00e9reo de la Guardia Nacional, Aeropuerto Jacinto Lara. www.Noti-america.com (Venezuela)","sameAs":["https:\/\/x.com\/ylianaduque"],"url":"https:\/\/noti-america.com\/site\/venezuela\/author\/yduque\/"}]}},"_links":{"self":[{"href":"https:\/\/noti-america.com\/site\/venezuela\/wp-json\/wp\/v2\/posts\/2560","targetHints":{"allow":["GET"]}}],"collection":[{"href":"https:\/\/noti-america.com\/site\/venezuela\/wp-json\/wp\/v2\/posts"}],"about":[{"href":"https:\/\/noti-america.com\/site\/venezuela\/wp-json\/wp\/v2\/types\/post"}],"author":[{"embeddable":true,"href":"https:\/\/noti-america.com\/site\/venezuela\/wp-json\/wp\/v2\/users\/11"}],"replies":[{"embeddable":true,"href":"https:\/\/noti-america.com\/site\/venezuela\/wp-json\/wp\/v2\/comments?post=2560"}],"version-history":[{"count":1,"href":"https:\/\/noti-america.com\/site\/venezuela\/wp-json\/wp\/v2\/posts\/2560\/revisions"}],"predecessor-version":[{"id":2573,"href":"https:\/\/noti-america.com\/site\/venezuela\/wp-json\/wp\/v2\/posts\/2560\/revisions\/2573"}],"wp:featuredmedia":[{"embeddable":true,"href":"https:\/\/noti-america.com\/site\/venezuela\/wp-json\/wp\/v2\/media\/2568"}],"wp:attachment":[{"href":"https:\/\/noti-america.com\/site\/venezuela\/wp-json\/wp\/v2\/media?parent=2560"}],"wp:term":[{"taxonomy":"category","embeddable":true,"href":"https:\/\/noti-america.com\/site\/venezuela\/wp-json\/wp\/v2\/categories?post=2560"},{"taxonomy":"post_tag","embeddable":true,"href":"https:\/\/noti-america.com\/site\/venezuela\/wp-json\/wp\/v2\/tags?post=2560"}],"curies":[{"name":"wp","href":"https:\/\/api.w.org\/{rel}","templated":true}]}}