{"id":25276,"date":"2023-02-12T20:11:35","date_gmt":"2023-02-12T20:11:35","guid":{"rendered":"https:\/\/noti-america.com\/site\/venezuela\/?p=25276"},"modified":"2023-02-12T20:11:35","modified_gmt":"2023-02-12T20:11:35","slug":"juventud-de-unt-en-lagunillas-realizo-diversas-actividades-por-el-dia-de-la-juventud-inf-video","status":"publish","type":"post","link":"https:\/\/noti-america.com\/site\/venezuela\/2023\/02\/12\/juventud-de-unt-en-lagunillas-realizo-diversas-actividades-por-el-dia-de-la-juventud-inf-video\/","title":{"rendered":"JUVENTUD DE UNT EN LAGUNILLAS REALIZ\u00d3 DIVERSAS ACTIVIDADES POR EL D\u00cdA DE LA JUVENTUD . +Inf ( Video)"},"content":{"rendered":"\r\n<p><img loading=\"lazy\" decoding=\"async\" class=\"alignnone size-medium wp-image-25304\" src=\"https:\/\/noti-america.com\/site\/venezuela\/wp-content\/uploads\/sites\/2\/2023\/02\/IMG-20230211-WA0399-300x169.jpg\" alt=\"\" width=\"300\" height=\"169\" srcset=\"https:\/\/noti-america.com\/site\/venezuela\/wp-content\/uploads\/sites\/2\/2023\/02\/IMG-20230211-WA0399-300x169.jpg 300w, https:\/\/noti-america.com\/site\/venezuela\/wp-content\/uploads\/sites\/2\/2023\/02\/IMG-20230211-WA0399-1024x576.jpg 1024w, https:\/\/noti-america.com\/site\/venezuela\/wp-content\/uploads\/sites\/2\/2023\/02\/IMG-20230211-WA0399-768x432.jpg 768w, https:\/\/noti-america.com\/site\/venezuela\/wp-content\/uploads\/sites\/2\/2023\/02\/IMG-20230211-WA0399-600x338.jpg 600w, https:\/\/noti-america.com\/site\/venezuela\/wp-content\/uploads\/sites\/2\/2023\/02\/IMG-20230211-WA0399.jpg 1280w\" sizes=\"auto, (max-width: 300px) 100vw, 300px\" \/><\/p>\r\n<p><strong>Los J\u00f3venes por la Democracia Social de un UNT en Lagunillas realizaron diversas actividades en el marco del D\u00eda de la Juventud en Venezuela.<\/strong><br \/><br \/>Los integrantes de la JDS planificaron diversas actividades deportivas en las instalaciones del complejo Sierra Maestra en la parroquia Libertad.<\/p>\r\n<p><img loading=\"lazy\" decoding=\"async\" class=\"alignnone size-medium wp-image-25314\" src=\"https:\/\/noti-america.com\/site\/venezuela\/wp-content\/uploads\/sites\/2\/2023\/02\/IMG-20230212-WA0149-300x225.jpg\" alt=\"\" width=\"300\" height=\"225\" srcset=\"https:\/\/noti-america.com\/site\/venezuela\/wp-content\/uploads\/sites\/2\/2023\/02\/IMG-20230212-WA0149-300x225.jpg 300w, https:\/\/noti-america.com\/site\/venezuela\/wp-content\/uploads\/sites\/2\/2023\/02\/IMG-20230212-WA0149-1024x768.jpg 1024w, https:\/\/noti-america.com\/site\/venezuela\/wp-content\/uploads\/sites\/2\/2023\/02\/IMG-20230212-WA0149-768x576.jpg 768w, https:\/\/noti-america.com\/site\/venezuela\/wp-content\/uploads\/sites\/2\/2023\/02\/IMG-20230212-WA0149-1536x1152.jpg 1536w, https:\/\/noti-america.com\/site\/venezuela\/wp-content\/uploads\/sites\/2\/2023\/02\/IMG-20230212-WA0149-600x450.jpg 600w, https:\/\/noti-america.com\/site\/venezuela\/wp-content\/uploads\/sites\/2\/2023\/02\/IMG-20230212-WA0149.jpg 1600w\" sizes=\"auto, (max-width: 300px) 100vw, 300px\" \/><br \/>Pero antes del evento realizaron una jornada de limpieza en los distintos espacios de esta infraestructura deportiva.<\/p>\r\n<p><img loading=\"lazy\" decoding=\"async\" class=\"alignnone size-medium wp-image-25306\" src=\"https:\/\/noti-america.com\/site\/venezuela\/wp-content\/uploads\/sites\/2\/2023\/02\/IMG-20230211-WA0436-135x300.jpg\" alt=\"\" width=\"135\" height=\"300\" srcset=\"https:\/\/noti-america.com\/site\/venezuela\/wp-content\/uploads\/sites\/2\/2023\/02\/IMG-20230211-WA0436-135x300.jpg 135w, https:\/\/noti-america.com\/site\/venezuela\/wp-content\/uploads\/sites\/2\/2023\/02\/IMG-20230211-WA0436-461x1024.jpg 461w, https:\/\/noti-america.com\/site\/venezuela\/wp-content\/uploads\/sites\/2\/2023\/02\/IMG-20230211-WA0436.jpg 468w\" sizes=\"auto, (max-width: 135px) 100vw, 135px\" \/><img loading=\"lazy\" decoding=\"async\" class=\"size-medium wp-image-25307 alignnone\" src=\"https:\/\/noti-america.com\/site\/venezuela\/wp-content\/uploads\/sites\/2\/2023\/02\/IMG-20230211-WA0439-135x300.jpg\" alt=\"\" width=\"135\" height=\"300\" srcset=\"https:\/\/noti-america.com\/site\/venezuela\/wp-content\/uploads\/sites\/2\/2023\/02\/IMG-20230211-WA0439-135x300.jpg 135w, https:\/\/noti-america.com\/site\/venezuela\/wp-content\/uploads\/sites\/2\/2023\/02\/IMG-20230211-WA0439-461x1024.jpg 461w, https:\/\/noti-america.com\/site\/venezuela\/wp-content\/uploads\/sites\/2\/2023\/02\/IMG-20230211-WA0439.jpg 468w\" sizes=\"auto, (max-width: 135px) 100vw, 135px\" \/> <br \/>Jhonatan Morales, presidente de la JDS en Lagunillas, explic\u00f3 que este s\u00e1bado, 11 de febrero, se realizaron varias actividades en el marco del D\u00eda de la Juventud.<br \/><br \/>Con encuentros deportivos en disciplinas como futsala, boxeo, k\u00e1rate, carreras, entre otras, la organizaci\u00f3n pol\u00edtica juvenil logr\u00f3 reunir a unos 300 j\u00f3venes de la localidad.<br \/><img loading=\"lazy\" decoding=\"async\" class=\"size-medium wp-image-25313 aligncenter\" src=\"https:\/\/noti-america.com\/site\/venezuela\/wp-content\/uploads\/sites\/2\/2023\/02\/Screenshot_20230212-092039-262x300.jpg\" alt=\"\" width=\"262\" height=\"300\" srcset=\"https:\/\/noti-america.com\/site\/venezuela\/wp-content\/uploads\/sites\/2\/2023\/02\/Screenshot_20230212-092039-262x300.jpg 262w, https:\/\/noti-america.com\/site\/venezuela\/wp-content\/uploads\/sites\/2\/2023\/02\/Screenshot_20230212-092039-600x687.jpg 600w, https:\/\/noti-america.com\/site\/venezuela\/wp-content\/uploads\/sites\/2\/2023\/02\/Screenshot_20230212-092039.jpg 710w\" sizes=\"auto, (max-width: 262px) 100vw, 262px\" \/><br \/><em>\u201cSe realizaron varias competencias con 7 disciplinas deportivas para j\u00f3venes, adolescentes y ni\u00f1os. Cabe destacar que para lograr este evento se realiz\u00f3 la limpieza en todas las \u00e1reas del complejo deportivo Sierra Maestra con la incorporaci\u00f3n de los integrantes de la JDS en Lagunillas\u201d, dijo.<\/em><\/p>\r\n<p><img loading=\"lazy\" decoding=\"async\" class=\"alignnone size-medium wp-image-25311\" src=\"https:\/\/noti-america.com\/site\/venezuela\/wp-content\/uploads\/sites\/2\/2023\/02\/IMG-20230211-WA0393-300x135.jpg\" alt=\"\" width=\"300\" height=\"135\" srcset=\"https:\/\/noti-america.com\/site\/venezuela\/wp-content\/uploads\/sites\/2\/2023\/02\/IMG-20230211-WA0393-300x135.jpg 300w, https:\/\/noti-america.com\/site\/venezuela\/wp-content\/uploads\/sites\/2\/2023\/02\/IMG-20230211-WA0393-1024x461.jpg 1024w, https:\/\/noti-america.com\/site\/venezuela\/wp-content\/uploads\/sites\/2\/2023\/02\/IMG-20230211-WA0393-768x346.jpg 768w, https:\/\/noti-america.com\/site\/venezuela\/wp-content\/uploads\/sites\/2\/2023\/02\/IMG-20230211-WA0393-600x270.jpg 600w, https:\/\/noti-america.com\/site\/venezuela\/wp-content\/uploads\/sites\/2\/2023\/02\/IMG-20230211-WA0393.jpg 1040w\" sizes=\"auto, (max-width: 300px) 100vw, 300px\" \/><br \/><br \/>Adem\u00e1s, se realiz\u00f3 una bailoterapia en las mismas instalaciones con un nutrido grupo de f\u00e9minas del sector.<br \/><img loading=\"lazy\" decoding=\"async\" class=\"alignnone size-medium wp-image-25309\" src=\"https:\/\/noti-america.com\/site\/venezuela\/wp-content\/uploads\/sites\/2\/2023\/02\/IMG-20230211-WA0111-300x169.jpg\" alt=\"\" width=\"300\" height=\"169\" srcset=\"https:\/\/noti-america.com\/site\/venezuela\/wp-content\/uploads\/sites\/2\/2023\/02\/IMG-20230211-WA0111-300x169.jpg 300w, https:\/\/noti-america.com\/site\/venezuela\/wp-content\/uploads\/sites\/2\/2023\/02\/IMG-20230211-WA0111-1024x576.jpg 1024w, https:\/\/noti-america.com\/site\/venezuela\/wp-content\/uploads\/sites\/2\/2023\/02\/IMG-20230211-WA0111-768x432.jpg 768w, https:\/\/noti-america.com\/site\/venezuela\/wp-content\/uploads\/sites\/2\/2023\/02\/IMG-20230211-WA0111-600x338.jpg 600w, https:\/\/noti-america.com\/site\/venezuela\/wp-content\/uploads\/sites\/2\/2023\/02\/IMG-20230211-WA0111.jpg 1280w\" sizes=\"auto, (max-width: 300px) 100vw, 300px\" \/><br \/>Por otro lado, en horas de la tarde se realiz\u00f3 la entrega de meriendas a las personas que se encontraban en el centro de Ciudad Ojeda.<\/p>\r\n<p><img loading=\"lazy\" decoding=\"async\" class=\"size-medium wp-image-25315 aligncenter\" src=\"https:\/\/noti-america.com\/site\/venezuela\/wp-content\/uploads\/sites\/2\/2023\/02\/IMG-20230211-WA0387-300x169.jpg\" alt=\"\" width=\"300\" height=\"169\" srcset=\"https:\/\/noti-america.com\/site\/venezuela\/wp-content\/uploads\/sites\/2\/2023\/02\/IMG-20230211-WA0387-300x169.jpg 300w, https:\/\/noti-america.com\/site\/venezuela\/wp-content\/uploads\/sites\/2\/2023\/02\/IMG-20230211-WA0387-1024x576.jpg 1024w, https:\/\/noti-america.com\/site\/venezuela\/wp-content\/uploads\/sites\/2\/2023\/02\/IMG-20230211-WA0387-768x432.jpg 768w, https:\/\/noti-america.com\/site\/venezuela\/wp-content\/uploads\/sites\/2\/2023\/02\/IMG-20230211-WA0387-600x338.jpg 600w, https:\/\/noti-america.com\/site\/venezuela\/wp-content\/uploads\/sites\/2\/2023\/02\/IMG-20230211-WA0387.jpg 1280w\" sizes=\"auto, (max-width: 300px) 100vw, 300px\" \/><br \/><br \/><em><strong>Al respecto, Margarita de Mosquera, primera dama del municipio Lagunillas, precis\u00f3 que recibi\u00f3 la invitaci\u00f3n de los j\u00f3venes de la JDS quienes han estado en constante lucha en pro de la localidad y la lucha por la democracia<\/strong><\/em>.<br \/><br \/>La primera dama manifest\u00f3 que resulta muy importante la labor de la juventud de la JDS, promoviendo el deporte y las actividades recreativas que permitan la integraci\u00f3n de los j\u00f3venes del municipio.<br \/><br \/>Jos\u00e9 Villarreal, miembro de la JDS Zulia, manifest\u00f3 estar muy satisfecho con el evento desplegado por los chicos de Lagunillas en una actividad macro deportiva ejemplar.<\/p>\r\n<p><img loading=\"lazy\" decoding=\"async\" class=\"size-medium wp-image-25318 aligncenter\" src=\"https:\/\/noti-america.com\/site\/venezuela\/wp-content\/uploads\/sites\/2\/2023\/02\/Screenshot_20230212-0927362-1-300x176.jpg\" alt=\"\" width=\"300\" height=\"176\" srcset=\"https:\/\/noti-america.com\/site\/venezuela\/wp-content\/uploads\/sites\/2\/2023\/02\/Screenshot_20230212-0927362-1-300x176.jpg 300w, https:\/\/noti-america.com\/site\/venezuela\/wp-content\/uploads\/sites\/2\/2023\/02\/Screenshot_20230212-0927362-1-600x352.jpg 600w, https:\/\/noti-america.com\/site\/venezuela\/wp-content\/uploads\/sites\/2\/2023\/02\/Screenshot_20230212-0927362-1.jpg 692w\" sizes=\"auto, (max-width: 300px) 100vw, 300px\" \/><br \/><em>\u201cUna vez m\u00e1s UNT demostrando en Lagunillas, con su l\u00edder Jos\u00e9 Mosquera, que uno de los objetivos de la gesti\u00f3n es reivindicar el deporte y darle apoyo a la juventud\u201d, dijo.<\/em><\/p>\r\n<p><div class=\"video-container\"><iframe loading=\"lazy\" title=\"JUVENTUD DE UNT EN LAGUNILLAS REALIZ\u00d3 DIVERSAS ACTIVIDADES POR EL &quot;D\u00cdA DE LA JUVENTUD&quot;\" width=\"500\" height=\"281\" src=\"https:\/\/www.youtube.com\/embed\/_TktA1YG4p4?feature=oembed&#038;wmode=opaque\" frameborder=\"0\" allow=\"accelerometer; autoplay; clipboard-write; encrypted-media; gyroscope; picture-in-picture; web-share\" referrerpolicy=\"strict-origin-when-cross-origin\" allowfullscreen><\/iframe><\/div><\/p>\r\n<p><br \/><strong>Los j\u00f3venes de la JDS aprovecharon la ocasi\u00f3n para exigir al CNE que se municipalice el registro electoral, para que as\u00ed miles de j\u00f3venes puedan tener la oportunidad de ejercer el derecho al voto.<\/strong><br \/><br \/><strong>Por Hendrik Garc\u00eda &amp; Primera Edici\u00f3n COL<\/strong><\/p>\r\n","protected":false},"excerpt":{"rendered":"<p>Los J\u00f3venes por la Democracia Social de un UNT en Lagunillas realizaron diversas actividades en el marco del D\u00eda de la Juventud en Venezuela. Los integrantes de la JDS planificaron diversas actividades deportivas en&#46;&#46;&#46;<\/p>\n","protected":false},"author":40,"featured_media":0,"comment_status":"open","ping_status":"open","sticky":false,"template":"","format":"standard","meta":{"_acf_changed":false,"om_disable_all_campaigns":false,"rop_custom_images_group":[],"rop_custom_messages_group":[],"rop_publish_now":"initial","rop_publish_now_accounts":{"twitter_242054905_242054905":""},"rop_publish_now_history":[],"rop_publish_now_status":"pending","_uf_show_specific_survey":0,"_uf_disable_surveys":false,"footnotes":""},"categories":[164,16,156],"tags":[],"class_list":["post-25276","post","type-post","status-publish","format-standard","hentry","category-comunidades","category-deportes","category-venezuela"],"acf":[],"aioseo_notices":[],"yoast_head":"<!-- This site is optimized with the Yoast SEO Premium plugin v24.9 (Yoast SEO v27.2) - https:\/\/yoast.com\/product\/yoast-seo-premium-wordpress\/ -->\n<title>JUVENTUD DE UNT EN LAGUNILLAS REALIZ\u00d3 DIVERSAS ACTIVIDADES POR EL D\u00cdA DE LA JUVENTUD . +Inf ( Video) - Venezuela | Noti-America.com<\/title>\n<meta name=\"robots\" content=\"index, follow, max-snippet:-1, max-image-preview:large, max-video-preview:-1\" \/>\n<link rel=\"canonical\" href=\"https:\/\/noti-america.com\/site\/venezuela\/2023\/02\/12\/juventud-de-unt-en-lagunillas-realizo-diversas-actividades-por-el-dia-de-la-juventud-inf-video\/\" \/>\n<meta property=\"og:locale\" content=\"es_ES\" \/>\n<meta property=\"og:type\" content=\"article\" \/>\n<meta property=\"og:title\" content=\"JUVENTUD DE UNT EN LAGUNILLAS REALIZ\u00d3 DIVERSAS ACTIVIDADES POR EL D\u00cdA DE LA JUVENTUD . +Inf ( Video)\" \/>\n<meta property=\"og:description\" content=\"Los J\u00f3venes por la Democracia Social de un UNT en Lagunillas realizaron diversas actividades en el marco del D\u00eda de la Juventud en Venezuela. Los integrantes de la JDS planificaron diversas actividades deportivas en&#046;&#046;&#046;\" \/>\n<meta property=\"og:url\" content=\"https:\/\/noti-america.com\/site\/venezuela\/2023\/02\/12\/juventud-de-unt-en-lagunillas-realizo-diversas-actividades-por-el-dia-de-la-juventud-inf-video\/\" \/>\n<meta property=\"og:site_name\" content=\"Venezuela | Noti-America.com\" \/>\n<meta property=\"article:published_time\" content=\"2023-02-12T20:11:35+00:00\" \/>\n<meta property=\"og:image\" content=\"https:\/\/noti-america.com\/site\/venezuela\/wp-content\/uploads\/sites\/2\/2023\/02\/IMG-20230211-WA0399-300x169.jpg\" \/>\n<meta name=\"author\" content=\"Hendrick Garcia\" \/>\n<meta name=\"twitter:card\" content=\"summary_large_image\" \/>\n<meta name=\"twitter:label1\" content=\"Escrito por\" \/>\n\t<meta name=\"twitter:data1\" content=\"Hendrick Garcia\" \/>\n\t<meta name=\"twitter:label2\" content=\"Tiempo estimado de lectura\" \/>\n\t<meta name=\"twitter:data2\" content=\"4 minutos\" \/>\n<script type=\"application\/ld+json\" class=\"yoast-schema-graph\">{\"@context\":\"https:\/\/schema.org\",\"@graph\":[{\"@type\":\"Article\",\"@id\":\"https:\/\/noti-america.com\/site\/venezuela\/2023\/02\/12\/juventud-de-unt-en-lagunillas-realizo-diversas-actividades-por-el-dia-de-la-juventud-inf-video\/#article\",\"isPartOf\":{\"@id\":\"https:\/\/noti-america.com\/site\/venezuela\/2023\/02\/12\/juventud-de-unt-en-lagunillas-realizo-diversas-actividades-por-el-dia-de-la-juventud-inf-video\/\"},\"author\":{\"name\":\"Hendrick Garcia\",\"@id\":\"https:\/\/noti-america.com\/site\/venezuela\/#\/schema\/person\/2f37ed06a1cd058e8d611b3d42cce678\"},\"headline\":\"JUVENTUD DE UNT EN LAGUNILLAS REALIZ\u00d3 DIVERSAS ACTIVIDADES POR EL D\u00cdA DE LA JUVENTUD . +Inf ( Video)\",\"datePublished\":\"2023-02-12T20:11:35+00:00\",\"mainEntityOfPage\":{\"@id\":\"https:\/\/noti-america.com\/site\/venezuela\/2023\/02\/12\/juventud-de-unt-en-lagunillas-realizo-diversas-actividades-por-el-dia-de-la-juventud-inf-video\/\"},\"wordCount\":416,\"commentCount\":0,\"publisher\":{\"@id\":\"https:\/\/noti-america.com\/site\/venezuela\/#organization\"},\"image\":{\"@id\":\"https:\/\/noti-america.com\/site\/venezuela\/2023\/02\/12\/juventud-de-unt-en-lagunillas-realizo-diversas-actividades-por-el-dia-de-la-juventud-inf-video\/#primaryimage\"},\"thumbnailUrl\":\"https:\/\/noti-america.com\/site\/venezuela\/wp-content\/uploads\/sites\/2\/2023\/02\/IMG-20230211-WA0399-300x169.jpg\",\"articleSection\":[\"Comunidades\",\"Deportes\",\"Venezuela\"],\"inLanguage\":\"es\",\"potentialAction\":[{\"@type\":\"CommentAction\",\"name\":\"Comment\",\"target\":[\"https:\/\/noti-america.com\/site\/venezuela\/2023\/02\/12\/juventud-de-unt-en-lagunillas-realizo-diversas-actividades-por-el-dia-de-la-juventud-inf-video\/#respond\"]}]},{\"@type\":\"WebPage\",\"@id\":\"https:\/\/noti-america.com\/site\/venezuela\/2023\/02\/12\/juventud-de-unt-en-lagunillas-realizo-diversas-actividades-por-el-dia-de-la-juventud-inf-video\/\",\"url\":\"https:\/\/noti-america.com\/site\/venezuela\/2023\/02\/12\/juventud-de-unt-en-lagunillas-realizo-diversas-actividades-por-el-dia-de-la-juventud-inf-video\/\",\"name\":\"JUVENTUD DE UNT EN LAGUNILLAS REALIZ\u00d3 DIVERSAS ACTIVIDADES POR EL D\u00cdA DE LA JUVENTUD . +Inf ( Video) - Venezuela | Noti-America.com\",\"isPartOf\":{\"@id\":\"https:\/\/noti-america.com\/site\/venezuela\/#website\"},\"primaryImageOfPage\":{\"@id\":\"https:\/\/noti-america.com\/site\/venezuela\/2023\/02\/12\/juventud-de-unt-en-lagunillas-realizo-diversas-actividades-por-el-dia-de-la-juventud-inf-video\/#primaryimage\"},\"image\":{\"@id\":\"https:\/\/noti-america.com\/site\/venezuela\/2023\/02\/12\/juventud-de-unt-en-lagunillas-realizo-diversas-actividades-por-el-dia-de-la-juventud-inf-video\/#primaryimage\"},\"thumbnailUrl\":\"https:\/\/noti-america.com\/site\/venezuela\/wp-content\/uploads\/sites\/2\/2023\/02\/IMG-20230211-WA0399-300x169.jpg\",\"datePublished\":\"2023-02-12T20:11:35+00:00\",\"breadcrumb\":{\"@id\":\"https:\/\/noti-america.com\/site\/venezuela\/2023\/02\/12\/juventud-de-unt-en-lagunillas-realizo-diversas-actividades-por-el-dia-de-la-juventud-inf-video\/#breadcrumb\"},\"inLanguage\":\"es\",\"potentialAction\":[{\"@type\":\"ReadAction\",\"target\":[\"https:\/\/noti-america.com\/site\/venezuela\/2023\/02\/12\/juventud-de-unt-en-lagunillas-realizo-diversas-actividades-por-el-dia-de-la-juventud-inf-video\/\"]}]},{\"@type\":\"ImageObject\",\"inLanguage\":\"es\",\"@id\":\"https:\/\/noti-america.com\/site\/venezuela\/2023\/02\/12\/juventud-de-unt-en-lagunillas-realizo-diversas-actividades-por-el-dia-de-la-juventud-inf-video\/#primaryimage\",\"url\":\"https:\/\/noti-america.com\/site\/venezuela\/wp-content\/uploads\/sites\/2\/2023\/02\/IMG-20230211-WA0399.jpg\",\"contentUrl\":\"https:\/\/noti-america.com\/site\/venezuela\/wp-content\/uploads\/sites\/2\/2023\/02\/IMG-20230211-WA0399.jpg\",\"width\":1280,\"height\":720},{\"@type\":\"BreadcrumbList\",\"@id\":\"https:\/\/noti-america.com\/site\/venezuela\/2023\/02\/12\/juventud-de-unt-en-lagunillas-realizo-diversas-actividades-por-el-dia-de-la-juventud-inf-video\/#breadcrumb\",\"itemListElement\":[{\"@type\":\"ListItem\",\"position\":1,\"name\":\"Portada\",\"item\":\"https:\/\/noti-america.com\/site\/venezuela\/\"},{\"@type\":\"ListItem\",\"position\":2,\"name\":\"JUVENTUD DE UNT EN LAGUNILLAS REALIZ\u00d3 DIVERSAS ACTIVIDADES POR EL D\u00cdA DE LA JUVENTUD . +Inf ( Video)\"}]},{\"@type\":\"WebSite\",\"@id\":\"https:\/\/noti-america.com\/site\/venezuela\/#website\",\"url\":\"https:\/\/noti-america.com\/site\/venezuela\/\",\"name\":\"Venezuela | Noti-America.com\",\"description\":\"\",\"publisher\":{\"@id\":\"https:\/\/noti-america.com\/site\/venezuela\/#organization\"},\"potentialAction\":[{\"@type\":\"SearchAction\",\"target\":{\"@type\":\"EntryPoint\",\"urlTemplate\":\"https:\/\/noti-america.com\/site\/venezuela\/?s={search_term_string}\"},\"query-input\":{\"@type\":\"PropertyValueSpecification\",\"valueRequired\":true,\"valueName\":\"search_term_string\"}}],\"inLanguage\":\"es\"},{\"@type\":\"Organization\",\"@id\":\"https:\/\/noti-america.com\/site\/venezuela\/#organization\",\"name\":\"Noti-America LLC | Venezuela\",\"url\":\"https:\/\/noti-america.com\/site\/venezuela\/\",\"logo\":{\"@type\":\"ImageObject\",\"inLanguage\":\"es\",\"@id\":\"https:\/\/noti-america.com\/site\/venezuela\/#\/schema\/logo\/image\/\",\"url\":\"https:\/\/noti-america.com\/site\/venezuela\/wp-content\/uploads\/sites\/2\/2020\/07\/LogoNA-4x3-1.jpg\",\"contentUrl\":\"https:\/\/noti-america.com\/site\/venezuela\/wp-content\/uploads\/sites\/2\/2020\/07\/LogoNA-4x3-1.jpg\",\"width\":1236,\"height\":1080,\"caption\":\"Noti-America LLC | Venezuela\"},\"image\":{\"@id\":\"https:\/\/noti-america.com\/site\/venezuela\/#\/schema\/logo\/image\/\"}},{\"@type\":\"Person\",\"@id\":\"https:\/\/noti-america.com\/site\/venezuela\/#\/schema\/person\/2f37ed06a1cd058e8d611b3d42cce678\",\"name\":\"Hendrick Garcia\",\"image\":{\"@type\":\"ImageObject\",\"inLanguage\":\"es\",\"@id\":\"https:\/\/secure.gravatar.com\/avatar\/07f13ce868ede7f0937b7abbada276f430e4ed25cfff75dbe7f98f95ac02358c?s=96&d=mm&r=g\",\"url\":\"https:\/\/secure.gravatar.com\/avatar\/07f13ce868ede7f0937b7abbada276f430e4ed25cfff75dbe7f98f95ac02358c?s=96&d=mm&r=g\",\"contentUrl\":\"https:\/\/secure.gravatar.com\/avatar\/07f13ce868ede7f0937b7abbada276f430e4ed25cfff75dbe7f98f95ac02358c?s=96&d=mm&r=g\",\"caption\":\"Hendrick Garcia\"},\"url\":\"https:\/\/noti-america.com\/site\/venezuela\/author\/hegarcia\/\"}]}<\/script>\n<!-- \/ Yoast SEO Premium plugin. -->","yoast_head_json":{"title":"JUVENTUD DE UNT EN LAGUNILLAS REALIZ\u00d3 DIVERSAS ACTIVIDADES POR EL D\u00cdA DE LA JUVENTUD . +Inf ( Video) - Venezuela | Noti-America.com","robots":{"index":"index","follow":"follow","max-snippet":"max-snippet:-1","max-image-preview":"max-image-preview:large","max-video-preview":"max-video-preview:-1"},"canonical":"https:\/\/noti-america.com\/site\/venezuela\/2023\/02\/12\/juventud-de-unt-en-lagunillas-realizo-diversas-actividades-por-el-dia-de-la-juventud-inf-video\/","og_locale":"es_ES","og_type":"article","og_title":"JUVENTUD DE UNT EN LAGUNILLAS REALIZ\u00d3 DIVERSAS ACTIVIDADES POR EL D\u00cdA DE LA JUVENTUD . +Inf ( Video)","og_description":"Los J\u00f3venes por la Democracia Social de un UNT en Lagunillas realizaron diversas actividades en el marco del D\u00eda de la Juventud en Venezuela. Los integrantes de la JDS planificaron diversas actividades deportivas en&#46;&#46;&#46;","og_url":"https:\/\/noti-america.com\/site\/venezuela\/2023\/02\/12\/juventud-de-unt-en-lagunillas-realizo-diversas-actividades-por-el-dia-de-la-juventud-inf-video\/","og_site_name":"Venezuela | Noti-America.com","article_published_time":"2023-02-12T20:11:35+00:00","og_image":[{"url":"https:\/\/noti-america.com\/site\/venezuela\/wp-content\/uploads\/sites\/2\/2023\/02\/IMG-20230211-WA0399-300x169.jpg","type":"","width":"","height":""}],"author":"Hendrick Garcia","twitter_card":"summary_large_image","twitter_misc":{"Escrito por":"Hendrick Garcia","Tiempo estimado de lectura":"4 minutos"},"schema":{"@context":"https:\/\/schema.org","@graph":[{"@type":"Article","@id":"https:\/\/noti-america.com\/site\/venezuela\/2023\/02\/12\/juventud-de-unt-en-lagunillas-realizo-diversas-actividades-por-el-dia-de-la-juventud-inf-video\/#article","isPartOf":{"@id":"https:\/\/noti-america.com\/site\/venezuela\/2023\/02\/12\/juventud-de-unt-en-lagunillas-realizo-diversas-actividades-por-el-dia-de-la-juventud-inf-video\/"},"author":{"name":"Hendrick Garcia","@id":"https:\/\/noti-america.com\/site\/venezuela\/#\/schema\/person\/2f37ed06a1cd058e8d611b3d42cce678"},"headline":"JUVENTUD DE UNT EN LAGUNILLAS REALIZ\u00d3 DIVERSAS ACTIVIDADES POR EL D\u00cdA DE LA JUVENTUD . +Inf ( Video)","datePublished":"2023-02-12T20:11:35+00:00","mainEntityOfPage":{"@id":"https:\/\/noti-america.com\/site\/venezuela\/2023\/02\/12\/juventud-de-unt-en-lagunillas-realizo-diversas-actividades-por-el-dia-de-la-juventud-inf-video\/"},"wordCount":416,"commentCount":0,"publisher":{"@id":"https:\/\/noti-america.com\/site\/venezuela\/#organization"},"image":{"@id":"https:\/\/noti-america.com\/site\/venezuela\/2023\/02\/12\/juventud-de-unt-en-lagunillas-realizo-diversas-actividades-por-el-dia-de-la-juventud-inf-video\/#primaryimage"},"thumbnailUrl":"https:\/\/noti-america.com\/site\/venezuela\/wp-content\/uploads\/sites\/2\/2023\/02\/IMG-20230211-WA0399-300x169.jpg","articleSection":["Comunidades","Deportes","Venezuela"],"inLanguage":"es","potentialAction":[{"@type":"CommentAction","name":"Comment","target":["https:\/\/noti-america.com\/site\/venezuela\/2023\/02\/12\/juventud-de-unt-en-lagunillas-realizo-diversas-actividades-por-el-dia-de-la-juventud-inf-video\/#respond"]}]},{"@type":"WebPage","@id":"https:\/\/noti-america.com\/site\/venezuela\/2023\/02\/12\/juventud-de-unt-en-lagunillas-realizo-diversas-actividades-por-el-dia-de-la-juventud-inf-video\/","url":"https:\/\/noti-america.com\/site\/venezuela\/2023\/02\/12\/juventud-de-unt-en-lagunillas-realizo-diversas-actividades-por-el-dia-de-la-juventud-inf-video\/","name":"JUVENTUD DE UNT EN LAGUNILLAS REALIZ\u00d3 DIVERSAS ACTIVIDADES POR EL D\u00cdA DE LA JUVENTUD . +Inf ( Video) - Venezuela | Noti-America.com","isPartOf":{"@id":"https:\/\/noti-america.com\/site\/venezuela\/#website"},"primaryImageOfPage":{"@id":"https:\/\/noti-america.com\/site\/venezuela\/2023\/02\/12\/juventud-de-unt-en-lagunillas-realizo-diversas-actividades-por-el-dia-de-la-juventud-inf-video\/#primaryimage"},"image":{"@id":"https:\/\/noti-america.com\/site\/venezuela\/2023\/02\/12\/juventud-de-unt-en-lagunillas-realizo-diversas-actividades-por-el-dia-de-la-juventud-inf-video\/#primaryimage"},"thumbnailUrl":"https:\/\/noti-america.com\/site\/venezuela\/wp-content\/uploads\/sites\/2\/2023\/02\/IMG-20230211-WA0399-300x169.jpg","datePublished":"2023-02-12T20:11:35+00:00","breadcrumb":{"@id":"https:\/\/noti-america.com\/site\/venezuela\/2023\/02\/12\/juventud-de-unt-en-lagunillas-realizo-diversas-actividades-por-el-dia-de-la-juventud-inf-video\/#breadcrumb"},"inLanguage":"es","potentialAction":[{"@type":"ReadAction","target":["https:\/\/noti-america.com\/site\/venezuela\/2023\/02\/12\/juventud-de-unt-en-lagunillas-realizo-diversas-actividades-por-el-dia-de-la-juventud-inf-video\/"]}]},{"@type":"ImageObject","inLanguage":"es","@id":"https:\/\/noti-america.com\/site\/venezuela\/2023\/02\/12\/juventud-de-unt-en-lagunillas-realizo-diversas-actividades-por-el-dia-de-la-juventud-inf-video\/#primaryimage","url":"https:\/\/noti-america.com\/site\/venezuela\/wp-content\/uploads\/sites\/2\/2023\/02\/IMG-20230211-WA0399.jpg","contentUrl":"https:\/\/noti-america.com\/site\/venezuela\/wp-content\/uploads\/sites\/2\/2023\/02\/IMG-20230211-WA0399.jpg","width":1280,"height":720},{"@type":"BreadcrumbList","@id":"https:\/\/noti-america.com\/site\/venezuela\/2023\/02\/12\/juventud-de-unt-en-lagunillas-realizo-diversas-actividades-por-el-dia-de-la-juventud-inf-video\/#breadcrumb","itemListElement":[{"@type":"ListItem","position":1,"name":"Portada","item":"https:\/\/noti-america.com\/site\/venezuela\/"},{"@type":"ListItem","position":2,"name":"JUVENTUD DE UNT EN LAGUNILLAS REALIZ\u00d3 DIVERSAS ACTIVIDADES POR EL D\u00cdA DE LA JUVENTUD . +Inf ( Video)"}]},{"@type":"WebSite","@id":"https:\/\/noti-america.com\/site\/venezuela\/#website","url":"https:\/\/noti-america.com\/site\/venezuela\/","name":"Venezuela | Noti-America.com","description":"","publisher":{"@id":"https:\/\/noti-america.com\/site\/venezuela\/#organization"},"potentialAction":[{"@type":"SearchAction","target":{"@type":"EntryPoint","urlTemplate":"https:\/\/noti-america.com\/site\/venezuela\/?s={search_term_string}"},"query-input":{"@type":"PropertyValueSpecification","valueRequired":true,"valueName":"search_term_string"}}],"inLanguage":"es"},{"@type":"Organization","@id":"https:\/\/noti-america.com\/site\/venezuela\/#organization","name":"Noti-America LLC | Venezuela","url":"https:\/\/noti-america.com\/site\/venezuela\/","logo":{"@type":"ImageObject","inLanguage":"es","@id":"https:\/\/noti-america.com\/site\/venezuela\/#\/schema\/logo\/image\/","url":"https:\/\/noti-america.com\/site\/venezuela\/wp-content\/uploads\/sites\/2\/2020\/07\/LogoNA-4x3-1.jpg","contentUrl":"https:\/\/noti-america.com\/site\/venezuela\/wp-content\/uploads\/sites\/2\/2020\/07\/LogoNA-4x3-1.jpg","width":1236,"height":1080,"caption":"Noti-America LLC | Venezuela"},"image":{"@id":"https:\/\/noti-america.com\/site\/venezuela\/#\/schema\/logo\/image\/"}},{"@type":"Person","@id":"https:\/\/noti-america.com\/site\/venezuela\/#\/schema\/person\/2f37ed06a1cd058e8d611b3d42cce678","name":"Hendrick Garcia","image":{"@type":"ImageObject","inLanguage":"es","@id":"https:\/\/secure.gravatar.com\/avatar\/07f13ce868ede7f0937b7abbada276f430e4ed25cfff75dbe7f98f95ac02358c?s=96&d=mm&r=g","url":"https:\/\/secure.gravatar.com\/avatar\/07f13ce868ede7f0937b7abbada276f430e4ed25cfff75dbe7f98f95ac02358c?s=96&d=mm&r=g","contentUrl":"https:\/\/secure.gravatar.com\/avatar\/07f13ce868ede7f0937b7abbada276f430e4ed25cfff75dbe7f98f95ac02358c?s=96&d=mm&r=g","caption":"Hendrick Garcia"},"url":"https:\/\/noti-america.com\/site\/venezuela\/author\/hegarcia\/"}]}},"_links":{"self":[{"href":"https:\/\/noti-america.com\/site\/venezuela\/wp-json\/wp\/v2\/posts\/25276","targetHints":{"allow":["GET"]}}],"collection":[{"href":"https:\/\/noti-america.com\/site\/venezuela\/wp-json\/wp\/v2\/posts"}],"about":[{"href":"https:\/\/noti-america.com\/site\/venezuela\/wp-json\/wp\/v2\/types\/post"}],"author":[{"embeddable":true,"href":"https:\/\/noti-america.com\/site\/venezuela\/wp-json\/wp\/v2\/users\/40"}],"replies":[{"embeddable":true,"href":"https:\/\/noti-america.com\/site\/venezuela\/wp-json\/wp\/v2\/comments?post=25276"}],"version-history":[{"count":2,"href":"https:\/\/noti-america.com\/site\/venezuela\/wp-json\/wp\/v2\/posts\/25276\/revisions"}],"predecessor-version":[{"id":25319,"href":"https:\/\/noti-america.com\/site\/venezuela\/wp-json\/wp\/v2\/posts\/25276\/revisions\/25319"}],"wp:attachment":[{"href":"https:\/\/noti-america.com\/site\/venezuela\/wp-json\/wp\/v2\/media?parent=25276"}],"wp:term":[{"taxonomy":"category","embeddable":true,"href":"https:\/\/noti-america.com\/site\/venezuela\/wp-json\/wp\/v2\/categories?post=25276"},{"taxonomy":"post_tag","embeddable":true,"href":"https:\/\/noti-america.com\/site\/venezuela\/wp-json\/wp\/v2\/tags?post=25276"}],"curies":[{"name":"wp","href":"https:\/\/api.w.org\/{rel}","templated":true}]}}