{"id":24810,"date":"2023-01-20T14:52:47","date_gmt":"2023-01-20T14:52:47","guid":{"rendered":"https:\/\/noti-america.com\/site\/venezuela\/?p=24810"},"modified":"2023-01-20T14:52:47","modified_gmt":"2023-01-20T14:52:47","slug":"gobierno-venezolano-anuncia-ampliacion-de-rutas-aereas-desde-madrid","status":"publish","type":"post","link":"https:\/\/noti-america.com\/site\/venezuela\/2023\/01\/20\/gobierno-venezolano-anuncia-ampliacion-de-rutas-aereas-desde-madrid\/","title":{"rendered":"Gobierno venezolano anuncia ampliaci\u00f3n de rutas a\u00e9reas desde Madrid"},"content":{"rendered":"<p>NOTI-AMERICA.COM | VENEZUELA \u2013 Este jueves 19-Ene, el ministro de Turismo, Al\u00ed Padr\u00f3n, inform\u00f3 que el Gobierno venezolano, ampliar\u00e1 las rutas desde Madrid, Espa\u00f1a, hacia distintos destinos del pa\u00eds a trav\u00e9s de vuelos ch\u00e1rter cada 10 d\u00edas.<\/p>\n<p>El anuncio fue hecho luego de un encuentro con el primer ejecutivo y el vicepresidente de la aerol\u00ednea espa\u00f1ola Plus Ultra, Roberto Roselli y Julio Mart\u00ednez, respectivamente, en el marco de la Feria Internacional de Turismo (Fitur) 2023, celebrada en Espa\u00f1a.<\/p>\n<p>\u00abAnunciamos, junto a Roberto Roselli, CEO (consejero delegado); y Julio Mart\u00ednez, vicepresidente de Plus Ultra, la ampliaci\u00f3n de las rutas desde Madrid hacia diferentes destinos de Venezuela, implementando vuelos ch\u00e1rter, uno cada 10 d\u00edas, con la ruta Madrid-Porlamar\u00bb, indic\u00f3. M\u00e1s temprano, inform\u00f3 de otra \u00abfruct\u00edfera\u00bb reuni\u00f3n de trabajo con el director de Relaciones Institucionales de la aerol\u00ednea Air Europa, Manuel Panadero L\u00f3pez.<\/p>\n<p>\u00ab\u00a1Tendremos buenas noticias para la ampliaci\u00f3n de la conectividad a\u00e9rea con Europa!\u00bb, asegur\u00f3 Padr\u00f3n, y comparti\u00f3 im\u00e1genes de los encuentros sostenidos junto a la delegaci\u00f3n venezolana presente en Fitur. El ministro no ofreci\u00f3 detalles sobre el contenido de la reuni\u00f3n con Air Europa, ni si se alcanz\u00f3 un acuerdo con el fin de trabajar en la ampliaci\u00f3n de la conectividad.<\/p>\n<p>Durante la jornada, la delegaci\u00f3n venezolana tambi\u00e9n sostuvo reuniones con la Asociaci\u00f3n Internacional para la Cooperaci\u00f3n Tur\u00edstica (Asicotur) y con representantes de los gobiernos de Nicaragua, Palestina y Colombia con los que convers\u00f3 sobre posibles acuerdos en materia de turismo, siempre seg\u00fan Padr\u00f3n.<\/p>\n<p>El gobierno venezolano promovi\u00f3 este martes ante la Organizaci\u00f3n Mundial del Turismo (OMT) su plan para expandir el sector y posicionar al pa\u00eds como un destino atractivo, durante un encuentro en Madrid con el director Regional para las Am\u00e9ricas del organismo, Gustavo Santos.<\/p>\n<p>&nbsp;<\/p>\n<p>&nbsp;<\/p>\n<p>&nbsp;<\/p>\n<p>&nbsp;<\/p>\n<p>&nbsp;<\/p>\n<p>&nbsp;<\/p>\n<p><em><strong>Fuente:\u00a0El Nacional<\/strong><\/em><\/p>\n<div class=\"post-views content-post post-332817 entry-meta\"><\/div>\n","protected":false},"excerpt":{"rendered":"<p>NOTI-AMERICA.COM | VENEZUELA \u2013 Este jueves 19-Ene, el ministro de Turismo, Al\u00ed Padr\u00f3n, inform\u00f3 que el Gobierno venezolano, ampliar\u00e1 las rutas desde Madrid, Espa\u00f1a, hacia distintos destinos del pa\u00eds a trav\u00e9s de vuelos ch\u00e1rter&#46;&#46;&#46;<\/p>\n","protected":false},"author":133,"featured_media":24811,"comment_status":"open","ping_status":"open","sticky":false,"template":"","format":"image","meta":{"_acf_changed":false,"om_disable_all_campaigns":false,"rop_custom_images_group":[],"rop_custom_messages_group":[],"rop_publish_now":"initial","rop_publish_now_accounts":{"twitter_242054905_242054905":""},"rop_publish_now_history":[],"rop_publish_now_status":"pending","_uf_show_specific_survey":0,"_uf_disable_surveys":false,"footnotes":""},"categories":[204,156],"tags":[],"class_list":["post-24810","post","type-post","status-publish","format-image","has-post-thumbnail","hentry","category-nacionales","category-venezuela","post_format-post-format-image"],"acf":[],"aioseo_notices":[],"yoast_head":"<!-- This site is optimized with the Yoast SEO Premium plugin v24.9 (Yoast SEO v27.2) - https:\/\/yoast.com\/product\/yoast-seo-premium-wordpress\/ -->\n<title>Gobierno venezolano anuncia ampliaci\u00f3n de rutas a\u00e9reas desde Madrid - Venezuela | Noti-America.com<\/title>\n<meta name=\"robots\" content=\"index, follow, max-snippet:-1, max-image-preview:large, max-video-preview:-1\" \/>\n<link rel=\"canonical\" href=\"https:\/\/noti-america.com\/site\/venezuela\/2023\/01\/20\/gobierno-venezolano-anuncia-ampliacion-de-rutas-aereas-desde-madrid\/\" \/>\n<meta property=\"og:locale\" content=\"es_ES\" \/>\n<meta property=\"og:type\" content=\"article\" \/>\n<meta property=\"og:title\" content=\"Gobierno venezolano anuncia ampliaci\u00f3n de rutas a\u00e9reas desde Madrid\" \/>\n<meta property=\"og:description\" content=\"NOTI-AMERICA.COM | VENEZUELA \u2013 Este jueves 19-Ene, el ministro de Turismo, Al\u00ed Padr\u00f3n, inform\u00f3 que el Gobierno venezolano, ampliar\u00e1 las rutas desde Madrid, Espa\u00f1a, hacia distintos destinos del pa\u00eds a trav\u00e9s de vuelos ch\u00e1rter&#046;&#046;&#046;\" \/>\n<meta property=\"og:url\" content=\"https:\/\/noti-america.com\/site\/venezuela\/2023\/01\/20\/gobierno-venezolano-anuncia-ampliacion-de-rutas-aereas-desde-madrid\/\" \/>\n<meta property=\"og:site_name\" content=\"Venezuela | Noti-America.com\" \/>\n<meta property=\"article:author\" content=\"Mar\u00eda Valentina Noguera\" \/>\n<meta property=\"article:published_time\" content=\"2023-01-20T14:52:47+00:00\" \/>\n<meta property=\"og:image\" content=\"https:\/\/noti-america.com\/site\/venezuela\/wp-content\/uploads\/sites\/2\/2023\/01\/ali-padron-reunion-madrid-ali-padron-768x576-1.jpeg\" \/>\n\t<meta property=\"og:image:width\" content=\"768\" \/>\n\t<meta property=\"og:image:height\" content=\"576\" \/>\n\t<meta property=\"og:image:type\" content=\"image\/jpeg\" \/>\n<meta name=\"author\" content=\"Maria Valentina Noguera Medina\" \/>\n<meta name=\"twitter:card\" content=\"summary_large_image\" \/>\n<meta name=\"twitter:label1\" content=\"Escrito por\" \/>\n\t<meta name=\"twitter:data1\" content=\"Maria Valentina Noguera Medina\" \/>\n\t<meta name=\"twitter:label2\" content=\"Tiempo estimado de lectura\" \/>\n\t<meta name=\"twitter:data2\" content=\"2 minutos\" \/>\n<script type=\"application\/ld+json\" class=\"yoast-schema-graph\">{\"@context\":\"https:\/\/schema.org\",\"@graph\":[{\"@type\":\"Article\",\"@id\":\"https:\/\/noti-america.com\/site\/venezuela\/2023\/01\/20\/gobierno-venezolano-anuncia-ampliacion-de-rutas-aereas-desde-madrid\/#article\",\"isPartOf\":{\"@id\":\"https:\/\/noti-america.com\/site\/venezuela\/2023\/01\/20\/gobierno-venezolano-anuncia-ampliacion-de-rutas-aereas-desde-madrid\/\"},\"author\":{\"name\":\"Maria Valentina Noguera Medina\",\"@id\":\"https:\/\/noti-america.com\/site\/venezuela\/#\/schema\/person\/22806efcc2cfc4b45efb0e17be210ea8\"},\"headline\":\"Gobierno venezolano anuncia ampliaci\u00f3n de rutas a\u00e9reas desde Madrid\",\"datePublished\":\"2023-01-20T14:52:47+00:00\",\"mainEntityOfPage\":{\"@id\":\"https:\/\/noti-america.com\/site\/venezuela\/2023\/01\/20\/gobierno-venezolano-anuncia-ampliacion-de-rutas-aereas-desde-madrid\/\"},\"wordCount\":338,\"commentCount\":0,\"publisher\":{\"@id\":\"https:\/\/noti-america.com\/site\/venezuela\/#organization\"},\"image\":{\"@id\":\"https:\/\/noti-america.com\/site\/venezuela\/2023\/01\/20\/gobierno-venezolano-anuncia-ampliacion-de-rutas-aereas-desde-madrid\/#primaryimage\"},\"thumbnailUrl\":\"https:\/\/noti-america.com\/site\/venezuela\/wp-content\/uploads\/sites\/2\/2023\/01\/ali-padron-reunion-madrid-ali-padron-768x576-1.jpeg\",\"articleSection\":[\"Nacionales\",\"Venezuela\"],\"inLanguage\":\"es\",\"potentialAction\":[{\"@type\":\"CommentAction\",\"name\":\"Comment\",\"target\":[\"https:\/\/noti-america.com\/site\/venezuela\/2023\/01\/20\/gobierno-venezolano-anuncia-ampliacion-de-rutas-aereas-desde-madrid\/#respond\"]}]},{\"@type\":\"WebPage\",\"@id\":\"https:\/\/noti-america.com\/site\/venezuela\/2023\/01\/20\/gobierno-venezolano-anuncia-ampliacion-de-rutas-aereas-desde-madrid\/\",\"url\":\"https:\/\/noti-america.com\/site\/venezuela\/2023\/01\/20\/gobierno-venezolano-anuncia-ampliacion-de-rutas-aereas-desde-madrid\/\",\"name\":\"Gobierno venezolano anuncia ampliaci\u00f3n de rutas a\u00e9reas desde Madrid - Venezuela | Noti-America.com\",\"isPartOf\":{\"@id\":\"https:\/\/noti-america.com\/site\/venezuela\/#website\"},\"primaryImageOfPage\":{\"@id\":\"https:\/\/noti-america.com\/site\/venezuela\/2023\/01\/20\/gobierno-venezolano-anuncia-ampliacion-de-rutas-aereas-desde-madrid\/#primaryimage\"},\"image\":{\"@id\":\"https:\/\/noti-america.com\/site\/venezuela\/2023\/01\/20\/gobierno-venezolano-anuncia-ampliacion-de-rutas-aereas-desde-madrid\/#primaryimage\"},\"thumbnailUrl\":\"https:\/\/noti-america.com\/site\/venezuela\/wp-content\/uploads\/sites\/2\/2023\/01\/ali-padron-reunion-madrid-ali-padron-768x576-1.jpeg\",\"datePublished\":\"2023-01-20T14:52:47+00:00\",\"breadcrumb\":{\"@id\":\"https:\/\/noti-america.com\/site\/venezuela\/2023\/01\/20\/gobierno-venezolano-anuncia-ampliacion-de-rutas-aereas-desde-madrid\/#breadcrumb\"},\"inLanguage\":\"es\",\"potentialAction\":[{\"@type\":\"ReadAction\",\"target\":[\"https:\/\/noti-america.com\/site\/venezuela\/2023\/01\/20\/gobierno-venezolano-anuncia-ampliacion-de-rutas-aereas-desde-madrid\/\"]}]},{\"@type\":\"ImageObject\",\"inLanguage\":\"es\",\"@id\":\"https:\/\/noti-america.com\/site\/venezuela\/2023\/01\/20\/gobierno-venezolano-anuncia-ampliacion-de-rutas-aereas-desde-madrid\/#primaryimage\",\"url\":\"https:\/\/noti-america.com\/site\/venezuela\/wp-content\/uploads\/sites\/2\/2023\/01\/ali-padron-reunion-madrid-ali-padron-768x576-1.jpeg\",\"contentUrl\":\"https:\/\/noti-america.com\/site\/venezuela\/wp-content\/uploads\/sites\/2\/2023\/01\/ali-padron-reunion-madrid-ali-padron-768x576-1.jpeg\",\"width\":768,\"height\":576},{\"@type\":\"BreadcrumbList\",\"@id\":\"https:\/\/noti-america.com\/site\/venezuela\/2023\/01\/20\/gobierno-venezolano-anuncia-ampliacion-de-rutas-aereas-desde-madrid\/#breadcrumb\",\"itemListElement\":[{\"@type\":\"ListItem\",\"position\":1,\"name\":\"Portada\",\"item\":\"https:\/\/noti-america.com\/site\/venezuela\/\"},{\"@type\":\"ListItem\",\"position\":2,\"name\":\"Gobierno venezolano anuncia ampliaci\u00f3n de rutas a\u00e9reas desde Madrid\"}]},{\"@type\":\"WebSite\",\"@id\":\"https:\/\/noti-america.com\/site\/venezuela\/#website\",\"url\":\"https:\/\/noti-america.com\/site\/venezuela\/\",\"name\":\"Venezuela | Noti-America.com\",\"description\":\"\",\"publisher\":{\"@id\":\"https:\/\/noti-america.com\/site\/venezuela\/#organization\"},\"potentialAction\":[{\"@type\":\"SearchAction\",\"target\":{\"@type\":\"EntryPoint\",\"urlTemplate\":\"https:\/\/noti-america.com\/site\/venezuela\/?s={search_term_string}\"},\"query-input\":{\"@type\":\"PropertyValueSpecification\",\"valueRequired\":true,\"valueName\":\"search_term_string\"}}],\"inLanguage\":\"es\"},{\"@type\":\"Organization\",\"@id\":\"https:\/\/noti-america.com\/site\/venezuela\/#organization\",\"name\":\"Noti-America LLC | Venezuela\",\"url\":\"https:\/\/noti-america.com\/site\/venezuela\/\",\"logo\":{\"@type\":\"ImageObject\",\"inLanguage\":\"es\",\"@id\":\"https:\/\/noti-america.com\/site\/venezuela\/#\/schema\/logo\/image\/\",\"url\":\"https:\/\/noti-america.com\/site\/venezuela\/wp-content\/uploads\/sites\/2\/2020\/07\/LogoNA-4x3-1.jpg\",\"contentUrl\":\"https:\/\/noti-america.com\/site\/venezuela\/wp-content\/uploads\/sites\/2\/2020\/07\/LogoNA-4x3-1.jpg\",\"width\":1236,\"height\":1080,\"caption\":\"Noti-America LLC | Venezuela\"},\"image\":{\"@id\":\"https:\/\/noti-america.com\/site\/venezuela\/#\/schema\/logo\/image\/\"}},{\"@type\":\"Person\",\"@id\":\"https:\/\/noti-america.com\/site\/venezuela\/#\/schema\/person\/22806efcc2cfc4b45efb0e17be210ea8\",\"name\":\"Maria Valentina Noguera Medina\",\"image\":{\"@type\":\"ImageObject\",\"inLanguage\":\"es\",\"@id\":\"https:\/\/secure.gravatar.com\/avatar\/4ec5eb9d099f2608a49c9df6f7341f66f04f819cdffa09d56a7a0e91d2819d56?s=96&d=mm&r=g\",\"url\":\"https:\/\/secure.gravatar.com\/avatar\/4ec5eb9d099f2608a49c9df6f7341f66f04f819cdffa09d56a7a0e91d2819d56?s=96&d=mm&r=g\",\"contentUrl\":\"https:\/\/secure.gravatar.com\/avatar\/4ec5eb9d099f2608a49c9df6f7341f66f04f819cdffa09d56a7a0e91d2819d56?s=96&d=mm&r=g\",\"caption\":\"Maria Valentina Noguera Medina\"},\"description\":\"Periodista - noti-america - Promar Community Manager - Talento Plus Dise\u00f1adora\/ creadora de contenido...\",\"sameAs\":[\"Mar\u00eda Valentina Noguera\",\"https:\/\/www.facebook.com\/mariavalentina.noguera\",\"https:\/\/www.linkedin.com\/in\/mara-valentina-noguera-medina-373075165\/\",\"https:\/\/www.pinterest.es\/valentinanoguera95\/\",\"https:\/\/www.youtube.com\/channel\/UCdek6mbUZ-Tqqw0I63i4nmQ\"],\"url\":\"https:\/\/noti-america.com\/site\/venezuela\/author\/mnoguera\/\"}]}<\/script>\n<!-- \/ Yoast SEO Premium plugin. -->","yoast_head_json":{"title":"Gobierno venezolano anuncia ampliaci\u00f3n de rutas a\u00e9reas desde Madrid - Venezuela | Noti-America.com","robots":{"index":"index","follow":"follow","max-snippet":"max-snippet:-1","max-image-preview":"max-image-preview:large","max-video-preview":"max-video-preview:-1"},"canonical":"https:\/\/noti-america.com\/site\/venezuela\/2023\/01\/20\/gobierno-venezolano-anuncia-ampliacion-de-rutas-aereas-desde-madrid\/","og_locale":"es_ES","og_type":"article","og_title":"Gobierno venezolano anuncia ampliaci\u00f3n de rutas a\u00e9reas desde Madrid","og_description":"NOTI-AMERICA.COM | VENEZUELA \u2013 Este jueves 19-Ene, el ministro de Turismo, Al\u00ed Padr\u00f3n, inform\u00f3 que el Gobierno venezolano, ampliar\u00e1 las rutas desde Madrid, Espa\u00f1a, hacia distintos destinos del pa\u00eds a trav\u00e9s de vuelos ch\u00e1rter&#46;&#46;&#46;","og_url":"https:\/\/noti-america.com\/site\/venezuela\/2023\/01\/20\/gobierno-venezolano-anuncia-ampliacion-de-rutas-aereas-desde-madrid\/","og_site_name":"Venezuela | Noti-America.com","article_author":"Mar\u00eda Valentina Noguera","article_published_time":"2023-01-20T14:52:47+00:00","og_image":[{"width":768,"height":576,"url":"https:\/\/noti-america.com\/site\/venezuela\/wp-content\/uploads\/sites\/2\/2023\/01\/ali-padron-reunion-madrid-ali-padron-768x576-1.jpeg","type":"image\/jpeg"}],"author":"Maria Valentina Noguera Medina","twitter_card":"summary_large_image","twitter_misc":{"Escrito por":"Maria Valentina Noguera Medina","Tiempo estimado de lectura":"2 minutos"},"schema":{"@context":"https:\/\/schema.org","@graph":[{"@type":"Article","@id":"https:\/\/noti-america.com\/site\/venezuela\/2023\/01\/20\/gobierno-venezolano-anuncia-ampliacion-de-rutas-aereas-desde-madrid\/#article","isPartOf":{"@id":"https:\/\/noti-america.com\/site\/venezuela\/2023\/01\/20\/gobierno-venezolano-anuncia-ampliacion-de-rutas-aereas-desde-madrid\/"},"author":{"name":"Maria Valentina Noguera Medina","@id":"https:\/\/noti-america.com\/site\/venezuela\/#\/schema\/person\/22806efcc2cfc4b45efb0e17be210ea8"},"headline":"Gobierno venezolano anuncia ampliaci\u00f3n de rutas a\u00e9reas desde Madrid","datePublished":"2023-01-20T14:52:47+00:00","mainEntityOfPage":{"@id":"https:\/\/noti-america.com\/site\/venezuela\/2023\/01\/20\/gobierno-venezolano-anuncia-ampliacion-de-rutas-aereas-desde-madrid\/"},"wordCount":338,"commentCount":0,"publisher":{"@id":"https:\/\/noti-america.com\/site\/venezuela\/#organization"},"image":{"@id":"https:\/\/noti-america.com\/site\/venezuela\/2023\/01\/20\/gobierno-venezolano-anuncia-ampliacion-de-rutas-aereas-desde-madrid\/#primaryimage"},"thumbnailUrl":"https:\/\/noti-america.com\/site\/venezuela\/wp-content\/uploads\/sites\/2\/2023\/01\/ali-padron-reunion-madrid-ali-padron-768x576-1.jpeg","articleSection":["Nacionales","Venezuela"],"inLanguage":"es","potentialAction":[{"@type":"CommentAction","name":"Comment","target":["https:\/\/noti-america.com\/site\/venezuela\/2023\/01\/20\/gobierno-venezolano-anuncia-ampliacion-de-rutas-aereas-desde-madrid\/#respond"]}]},{"@type":"WebPage","@id":"https:\/\/noti-america.com\/site\/venezuela\/2023\/01\/20\/gobierno-venezolano-anuncia-ampliacion-de-rutas-aereas-desde-madrid\/","url":"https:\/\/noti-america.com\/site\/venezuela\/2023\/01\/20\/gobierno-venezolano-anuncia-ampliacion-de-rutas-aereas-desde-madrid\/","name":"Gobierno venezolano anuncia ampliaci\u00f3n de rutas a\u00e9reas desde Madrid - Venezuela | Noti-America.com","isPartOf":{"@id":"https:\/\/noti-america.com\/site\/venezuela\/#website"},"primaryImageOfPage":{"@id":"https:\/\/noti-america.com\/site\/venezuela\/2023\/01\/20\/gobierno-venezolano-anuncia-ampliacion-de-rutas-aereas-desde-madrid\/#primaryimage"},"image":{"@id":"https:\/\/noti-america.com\/site\/venezuela\/2023\/01\/20\/gobierno-venezolano-anuncia-ampliacion-de-rutas-aereas-desde-madrid\/#primaryimage"},"thumbnailUrl":"https:\/\/noti-america.com\/site\/venezuela\/wp-content\/uploads\/sites\/2\/2023\/01\/ali-padron-reunion-madrid-ali-padron-768x576-1.jpeg","datePublished":"2023-01-20T14:52:47+00:00","breadcrumb":{"@id":"https:\/\/noti-america.com\/site\/venezuela\/2023\/01\/20\/gobierno-venezolano-anuncia-ampliacion-de-rutas-aereas-desde-madrid\/#breadcrumb"},"inLanguage":"es","potentialAction":[{"@type":"ReadAction","target":["https:\/\/noti-america.com\/site\/venezuela\/2023\/01\/20\/gobierno-venezolano-anuncia-ampliacion-de-rutas-aereas-desde-madrid\/"]}]},{"@type":"ImageObject","inLanguage":"es","@id":"https:\/\/noti-america.com\/site\/venezuela\/2023\/01\/20\/gobierno-venezolano-anuncia-ampliacion-de-rutas-aereas-desde-madrid\/#primaryimage","url":"https:\/\/noti-america.com\/site\/venezuela\/wp-content\/uploads\/sites\/2\/2023\/01\/ali-padron-reunion-madrid-ali-padron-768x576-1.jpeg","contentUrl":"https:\/\/noti-america.com\/site\/venezuela\/wp-content\/uploads\/sites\/2\/2023\/01\/ali-padron-reunion-madrid-ali-padron-768x576-1.jpeg","width":768,"height":576},{"@type":"BreadcrumbList","@id":"https:\/\/noti-america.com\/site\/venezuela\/2023\/01\/20\/gobierno-venezolano-anuncia-ampliacion-de-rutas-aereas-desde-madrid\/#breadcrumb","itemListElement":[{"@type":"ListItem","position":1,"name":"Portada","item":"https:\/\/noti-america.com\/site\/venezuela\/"},{"@type":"ListItem","position":2,"name":"Gobierno venezolano anuncia ampliaci\u00f3n de rutas a\u00e9reas desde Madrid"}]},{"@type":"WebSite","@id":"https:\/\/noti-america.com\/site\/venezuela\/#website","url":"https:\/\/noti-america.com\/site\/venezuela\/","name":"Venezuela | Noti-America.com","description":"","publisher":{"@id":"https:\/\/noti-america.com\/site\/venezuela\/#organization"},"potentialAction":[{"@type":"SearchAction","target":{"@type":"EntryPoint","urlTemplate":"https:\/\/noti-america.com\/site\/venezuela\/?s={search_term_string}"},"query-input":{"@type":"PropertyValueSpecification","valueRequired":true,"valueName":"search_term_string"}}],"inLanguage":"es"},{"@type":"Organization","@id":"https:\/\/noti-america.com\/site\/venezuela\/#organization","name":"Noti-America LLC | Venezuela","url":"https:\/\/noti-america.com\/site\/venezuela\/","logo":{"@type":"ImageObject","inLanguage":"es","@id":"https:\/\/noti-america.com\/site\/venezuela\/#\/schema\/logo\/image\/","url":"https:\/\/noti-america.com\/site\/venezuela\/wp-content\/uploads\/sites\/2\/2020\/07\/LogoNA-4x3-1.jpg","contentUrl":"https:\/\/noti-america.com\/site\/venezuela\/wp-content\/uploads\/sites\/2\/2020\/07\/LogoNA-4x3-1.jpg","width":1236,"height":1080,"caption":"Noti-America LLC | Venezuela"},"image":{"@id":"https:\/\/noti-america.com\/site\/venezuela\/#\/schema\/logo\/image\/"}},{"@type":"Person","@id":"https:\/\/noti-america.com\/site\/venezuela\/#\/schema\/person\/22806efcc2cfc4b45efb0e17be210ea8","name":"Maria Valentina Noguera Medina","image":{"@type":"ImageObject","inLanguage":"es","@id":"https:\/\/secure.gravatar.com\/avatar\/4ec5eb9d099f2608a49c9df6f7341f66f04f819cdffa09d56a7a0e91d2819d56?s=96&d=mm&r=g","url":"https:\/\/secure.gravatar.com\/avatar\/4ec5eb9d099f2608a49c9df6f7341f66f04f819cdffa09d56a7a0e91d2819d56?s=96&d=mm&r=g","contentUrl":"https:\/\/secure.gravatar.com\/avatar\/4ec5eb9d099f2608a49c9df6f7341f66f04f819cdffa09d56a7a0e91d2819d56?s=96&d=mm&r=g","caption":"Maria Valentina Noguera Medina"},"description":"Periodista - noti-america - Promar Community Manager - Talento Plus Dise\u00f1adora\/ creadora de contenido...","sameAs":["Mar\u00eda Valentina Noguera","https:\/\/www.facebook.com\/mariavalentina.noguera","https:\/\/www.linkedin.com\/in\/mara-valentina-noguera-medina-373075165\/","https:\/\/www.pinterest.es\/valentinanoguera95\/","https:\/\/www.youtube.com\/channel\/UCdek6mbUZ-Tqqw0I63i4nmQ"],"url":"https:\/\/noti-america.com\/site\/venezuela\/author\/mnoguera\/"}]}},"_links":{"self":[{"href":"https:\/\/noti-america.com\/site\/venezuela\/wp-json\/wp\/v2\/posts\/24810","targetHints":{"allow":["GET"]}}],"collection":[{"href":"https:\/\/noti-america.com\/site\/venezuela\/wp-json\/wp\/v2\/posts"}],"about":[{"href":"https:\/\/noti-america.com\/site\/venezuela\/wp-json\/wp\/v2\/types\/post"}],"author":[{"embeddable":true,"href":"https:\/\/noti-america.com\/site\/venezuela\/wp-json\/wp\/v2\/users\/133"}],"replies":[{"embeddable":true,"href":"https:\/\/noti-america.com\/site\/venezuela\/wp-json\/wp\/v2\/comments?post=24810"}],"version-history":[{"count":1,"href":"https:\/\/noti-america.com\/site\/venezuela\/wp-json\/wp\/v2\/posts\/24810\/revisions"}],"predecessor-version":[{"id":24812,"href":"https:\/\/noti-america.com\/site\/venezuela\/wp-json\/wp\/v2\/posts\/24810\/revisions\/24812"}],"wp:featuredmedia":[{"embeddable":true,"href":"https:\/\/noti-america.com\/site\/venezuela\/wp-json\/wp\/v2\/media\/24811"}],"wp:attachment":[{"href":"https:\/\/noti-america.com\/site\/venezuela\/wp-json\/wp\/v2\/media?parent=24810"}],"wp:term":[{"taxonomy":"category","embeddable":true,"href":"https:\/\/noti-america.com\/site\/venezuela\/wp-json\/wp\/v2\/categories?post=24810"},{"taxonomy":"post_tag","embeddable":true,"href":"https:\/\/noti-america.com\/site\/venezuela\/wp-json\/wp\/v2\/tags?post=24810"}],"curies":[{"name":"wp","href":"https:\/\/api.w.org\/{rel}","templated":true}]}}