{"id":24757,"date":"2023-01-23T20:53:19","date_gmt":"2023-01-23T20:53:19","guid":{"rendered":"https:\/\/noti-america.com\/site\/venezuela\/?p=24757"},"modified":"2023-01-23T20:53:19","modified_gmt":"2023-01-23T20:53:19","slug":"seguimos-reorganizando-y-reestructurando-la-gestion-municipal","status":"publish","type":"post","link":"https:\/\/noti-america.com\/site\/venezuela\/2023\/01\/23\/seguimos-reorganizando-y-reestructurando-la-gestion-municipal\/","title":{"rendered":"Seguimos reorganizando y reestructurando la gesti\u00f3n municipal"},"content":{"rendered":"\r\n<p><img loading=\"lazy\" decoding=\"async\" class=\"alignnone size-medium wp-image-24861\" src=\"https:\/\/noti-america.com\/site\/venezuela\/wp-content\/uploads\/sites\/2\/2023\/01\/IMG-20230123-WA0340-300x256.jpg\" alt=\"\" width=\"300\" height=\"256\" srcset=\"https:\/\/noti-america.com\/site\/venezuela\/wp-content\/uploads\/sites\/2\/2023\/01\/IMG-20230123-WA0340-300x256.jpg 300w, https:\/\/noti-america.com\/site\/venezuela\/wp-content\/uploads\/sites\/2\/2023\/01\/IMG-20230123-WA0340-1024x875.jpg 1024w, https:\/\/noti-america.com\/site\/venezuela\/wp-content\/uploads\/sites\/2\/2023\/01\/IMG-20230123-WA0340-768x656.jpg 768w, https:\/\/noti-america.com\/site\/venezuela\/wp-content\/uploads\/sites\/2\/2023\/01\/IMG-20230123-WA0340-600x513.jpg 600w, https:\/\/noti-america.com\/site\/venezuela\/wp-content\/uploads\/sites\/2\/2023\/01\/IMG-20230123-WA0340.jpg 1280w\" sizes=\"auto, (max-width: 300px) 100vw, 300px\" \/>El d\u00eda de hoy fue designando el Supervisor de la Policia Municipal, Pedro Moreno, como Director de Seguridad Ciudadana. <br \/><br \/>Sustituyendo en el cargo al Dr. Mario Douglas Serrano, quien se desempe\u00f1\u00f3 de una manera ejemplar, y a partir de hoy estar\u00e1 cumpliendo con otras funciones dentro de la alcald\u00eda de Lagunillas.<br \/><br \/>Deseamos el mayor de los \u00e9xitos al Supervisor Pedro Moreno en sus nuevas funciones.<br \/><br \/>El supervisor Pedro Jos\u00e9 Moreno egres\u00f3 de la Academia de PoliLagunillas en el a\u00f1o 2001 perteneciente a la Quinta Promoci\u00f3n \u00abGeneral Jos\u00e9 Antonio P\u00e1ez\u00bb. <br \/>Moreno se desempe\u00f1aba en PoliLagunillas como coordinador del Parque de Armas y Municiones desde el a\u00f1o 2020.<br \/><br \/>Fuente: Nota de Prensa <br \/>Prensa Alcald\u00eda de Lagunillas<\/p>\r\n","protected":false},"excerpt":{"rendered":"<p>El d\u00eda de hoy fue designando el Supervisor de la Policia Municipal, Pedro Moreno, como Director de Seguridad Ciudadana. Sustituyendo en el cargo al Dr. Mario Douglas Serrano, quien se desempe\u00f1\u00f3 de una manera&#46;&#46;&#46;<\/p>\n","protected":false},"author":40,"featured_media":24861,"comment_status":"open","ping_status":"open","sticky":false,"template":"","format":"standard","meta":{"_acf_changed":false,"om_disable_all_campaigns":false,"rop_custom_images_group":[],"rop_custom_messages_group":[],"rop_publish_now":"initial","rop_publish_now_accounts":{"twitter_242054905_242054905":""},"rop_publish_now_history":[],"rop_publish_now_status":"pending","_uf_show_specific_survey":0,"_uf_disable_surveys":false,"footnotes":""},"categories":[164,155,156],"tags":[221,1164,222],"class_list":["post-24757","post","type-post","status-publish","format-standard","has-post-thumbnail","hentry","category-comunidades","category-politica-opinion","category-venezuela","tag-ciudad-ojeda","tag-seguridad-ciudadana","tag-zulia"],"acf":[],"aioseo_notices":[],"yoast_head":"<!-- This site is optimized with the Yoast SEO Premium plugin v24.9 (Yoast SEO v27.2) - https:\/\/yoast.com\/product\/yoast-seo-premium-wordpress\/ -->\n<title>Seguimos reorganizando y reestructurando la gesti\u00f3n municipal - Venezuela | Noti-America.com<\/title>\n<meta name=\"robots\" content=\"index, follow, max-snippet:-1, max-image-preview:large, max-video-preview:-1\" \/>\n<link rel=\"canonical\" href=\"https:\/\/noti-america.com\/site\/venezuela\/2023\/01\/23\/seguimos-reorganizando-y-reestructurando-la-gestion-municipal\/\" \/>\n<meta property=\"og:locale\" content=\"es_ES\" \/>\n<meta property=\"og:type\" content=\"article\" \/>\n<meta property=\"og:title\" content=\"Seguimos reorganizando y reestructurando la gesti\u00f3n municipal\" \/>\n<meta property=\"og:description\" content=\"El d\u00eda de hoy fue designando el Supervisor de la Policia Municipal, Pedro Moreno, como Director de Seguridad Ciudadana. Sustituyendo en el cargo al Dr. Mario Douglas Serrano, quien se desempe\u00f1\u00f3 de una manera&#046;&#046;&#046;\" \/>\n<meta property=\"og:url\" content=\"https:\/\/noti-america.com\/site\/venezuela\/2023\/01\/23\/seguimos-reorganizando-y-reestructurando-la-gestion-municipal\/\" \/>\n<meta property=\"og:site_name\" content=\"Venezuela | Noti-America.com\" \/>\n<meta property=\"article:published_time\" content=\"2023-01-23T20:53:19+00:00\" \/>\n<meta property=\"og:image\" content=\"https:\/\/noti-america.com\/site\/venezuela\/wp-content\/uploads\/sites\/2\/2023\/01\/IMG-20230123-WA0340.jpg\" \/>\n\t<meta property=\"og:image:width\" content=\"1280\" \/>\n\t<meta property=\"og:image:height\" content=\"1094\" \/>\n\t<meta property=\"og:image:type\" content=\"image\/jpeg\" \/>\n<meta name=\"author\" content=\"Hendrick Garcia\" \/>\n<meta name=\"twitter:card\" content=\"summary_large_image\" \/>\n<meta name=\"twitter:label1\" content=\"Escrito por\" \/>\n\t<meta name=\"twitter:data1\" content=\"Hendrick Garcia\" \/>\n\t<meta name=\"twitter:label2\" content=\"Tiempo estimado de lectura\" \/>\n\t<meta name=\"twitter:data2\" content=\"1 minuto\" \/>\n<script type=\"application\/ld+json\" class=\"yoast-schema-graph\">{\"@context\":\"https:\/\/schema.org\",\"@graph\":[{\"@type\":\"Article\",\"@id\":\"https:\/\/noti-america.com\/site\/venezuela\/2023\/01\/23\/seguimos-reorganizando-y-reestructurando-la-gestion-municipal\/#article\",\"isPartOf\":{\"@id\":\"https:\/\/noti-america.com\/site\/venezuela\/2023\/01\/23\/seguimos-reorganizando-y-reestructurando-la-gestion-municipal\/\"},\"author\":{\"name\":\"Hendrick Garcia\",\"@id\":\"https:\/\/noti-america.com\/site\/venezuela\/#\/schema\/person\/2f37ed06a1cd058e8d611b3d42cce678\"},\"headline\":\"Seguimos reorganizando y reestructurando la gesti\u00f3n municipal\",\"datePublished\":\"2023-01-23T20:53:19+00:00\",\"mainEntityOfPage\":{\"@id\":\"https:\/\/noti-america.com\/site\/venezuela\/2023\/01\/23\/seguimos-reorganizando-y-reestructurando-la-gestion-municipal\/\"},\"wordCount\":128,\"commentCount\":0,\"publisher\":{\"@id\":\"https:\/\/noti-america.com\/site\/venezuela\/#organization\"},\"image\":{\"@id\":\"https:\/\/noti-america.com\/site\/venezuela\/2023\/01\/23\/seguimos-reorganizando-y-reestructurando-la-gestion-municipal\/#primaryimage\"},\"thumbnailUrl\":\"https:\/\/noti-america.com\/site\/venezuela\/wp-content\/uploads\/sites\/2\/2023\/01\/IMG-20230123-WA0340.jpg\",\"keywords\":[\"ciudad ojeda\",\"Seguridad ciudadana\",\"zulia\"],\"articleSection\":[\"Comunidades\",\"Pol\u00edtica\",\"Venezuela\"],\"inLanguage\":\"es\",\"potentialAction\":[{\"@type\":\"CommentAction\",\"name\":\"Comment\",\"target\":[\"https:\/\/noti-america.com\/site\/venezuela\/2023\/01\/23\/seguimos-reorganizando-y-reestructurando-la-gestion-municipal\/#respond\"]}]},{\"@type\":\"WebPage\",\"@id\":\"https:\/\/noti-america.com\/site\/venezuela\/2023\/01\/23\/seguimos-reorganizando-y-reestructurando-la-gestion-municipal\/\",\"url\":\"https:\/\/noti-america.com\/site\/venezuela\/2023\/01\/23\/seguimos-reorganizando-y-reestructurando-la-gestion-municipal\/\",\"name\":\"Seguimos reorganizando y reestructurando la gesti\u00f3n municipal - Venezuela | Noti-America.com\",\"isPartOf\":{\"@id\":\"https:\/\/noti-america.com\/site\/venezuela\/#website\"},\"primaryImageOfPage\":{\"@id\":\"https:\/\/noti-america.com\/site\/venezuela\/2023\/01\/23\/seguimos-reorganizando-y-reestructurando-la-gestion-municipal\/#primaryimage\"},\"image\":{\"@id\":\"https:\/\/noti-america.com\/site\/venezuela\/2023\/01\/23\/seguimos-reorganizando-y-reestructurando-la-gestion-municipal\/#primaryimage\"},\"thumbnailUrl\":\"https:\/\/noti-america.com\/site\/venezuela\/wp-content\/uploads\/sites\/2\/2023\/01\/IMG-20230123-WA0340.jpg\",\"datePublished\":\"2023-01-23T20:53:19+00:00\",\"breadcrumb\":{\"@id\":\"https:\/\/noti-america.com\/site\/venezuela\/2023\/01\/23\/seguimos-reorganizando-y-reestructurando-la-gestion-municipal\/#breadcrumb\"},\"inLanguage\":\"es\",\"potentialAction\":[{\"@type\":\"ReadAction\",\"target\":[\"https:\/\/noti-america.com\/site\/venezuela\/2023\/01\/23\/seguimos-reorganizando-y-reestructurando-la-gestion-municipal\/\"]}]},{\"@type\":\"ImageObject\",\"inLanguage\":\"es\",\"@id\":\"https:\/\/noti-america.com\/site\/venezuela\/2023\/01\/23\/seguimos-reorganizando-y-reestructurando-la-gestion-municipal\/#primaryimage\",\"url\":\"https:\/\/noti-america.com\/site\/venezuela\/wp-content\/uploads\/sites\/2\/2023\/01\/IMG-20230123-WA0340.jpg\",\"contentUrl\":\"https:\/\/noti-america.com\/site\/venezuela\/wp-content\/uploads\/sites\/2\/2023\/01\/IMG-20230123-WA0340.jpg\",\"width\":1280,\"height\":1094},{\"@type\":\"BreadcrumbList\",\"@id\":\"https:\/\/noti-america.com\/site\/venezuela\/2023\/01\/23\/seguimos-reorganizando-y-reestructurando-la-gestion-municipal\/#breadcrumb\",\"itemListElement\":[{\"@type\":\"ListItem\",\"position\":1,\"name\":\"Portada\",\"item\":\"https:\/\/noti-america.com\/site\/venezuela\/\"},{\"@type\":\"ListItem\",\"position\":2,\"name\":\"Seguimos reorganizando y reestructurando la gesti\u00f3n municipal\"}]},{\"@type\":\"WebSite\",\"@id\":\"https:\/\/noti-america.com\/site\/venezuela\/#website\",\"url\":\"https:\/\/noti-america.com\/site\/venezuela\/\",\"name\":\"Venezuela | Noti-America.com\",\"description\":\"\",\"publisher\":{\"@id\":\"https:\/\/noti-america.com\/site\/venezuela\/#organization\"},\"potentialAction\":[{\"@type\":\"SearchAction\",\"target\":{\"@type\":\"EntryPoint\",\"urlTemplate\":\"https:\/\/noti-america.com\/site\/venezuela\/?s={search_term_string}\"},\"query-input\":{\"@type\":\"PropertyValueSpecification\",\"valueRequired\":true,\"valueName\":\"search_term_string\"}}],\"inLanguage\":\"es\"},{\"@type\":\"Organization\",\"@id\":\"https:\/\/noti-america.com\/site\/venezuela\/#organization\",\"name\":\"Noti-America LLC | Venezuela\",\"url\":\"https:\/\/noti-america.com\/site\/venezuela\/\",\"logo\":{\"@type\":\"ImageObject\",\"inLanguage\":\"es\",\"@id\":\"https:\/\/noti-america.com\/site\/venezuela\/#\/schema\/logo\/image\/\",\"url\":\"https:\/\/noti-america.com\/site\/venezuela\/wp-content\/uploads\/sites\/2\/2020\/07\/LogoNA-4x3-1.jpg\",\"contentUrl\":\"https:\/\/noti-america.com\/site\/venezuela\/wp-content\/uploads\/sites\/2\/2020\/07\/LogoNA-4x3-1.jpg\",\"width\":1236,\"height\":1080,\"caption\":\"Noti-America LLC | Venezuela\"},\"image\":{\"@id\":\"https:\/\/noti-america.com\/site\/venezuela\/#\/schema\/logo\/image\/\"}},{\"@type\":\"Person\",\"@id\":\"https:\/\/noti-america.com\/site\/venezuela\/#\/schema\/person\/2f37ed06a1cd058e8d611b3d42cce678\",\"name\":\"Hendrick Garcia\",\"image\":{\"@type\":\"ImageObject\",\"inLanguage\":\"es\",\"@id\":\"https:\/\/secure.gravatar.com\/avatar\/07f13ce868ede7f0937b7abbada276f430e4ed25cfff75dbe7f98f95ac02358c?s=96&d=mm&r=g\",\"url\":\"https:\/\/secure.gravatar.com\/avatar\/07f13ce868ede7f0937b7abbada276f430e4ed25cfff75dbe7f98f95ac02358c?s=96&d=mm&r=g\",\"contentUrl\":\"https:\/\/secure.gravatar.com\/avatar\/07f13ce868ede7f0937b7abbada276f430e4ed25cfff75dbe7f98f95ac02358c?s=96&d=mm&r=g\",\"caption\":\"Hendrick Garcia\"},\"url\":\"https:\/\/noti-america.com\/site\/venezuela\/author\/hegarcia\/\"}]}<\/script>\n<!-- \/ Yoast SEO Premium plugin. -->","yoast_head_json":{"title":"Seguimos reorganizando y reestructurando la gesti\u00f3n municipal - Venezuela | Noti-America.com","robots":{"index":"index","follow":"follow","max-snippet":"max-snippet:-1","max-image-preview":"max-image-preview:large","max-video-preview":"max-video-preview:-1"},"canonical":"https:\/\/noti-america.com\/site\/venezuela\/2023\/01\/23\/seguimos-reorganizando-y-reestructurando-la-gestion-municipal\/","og_locale":"es_ES","og_type":"article","og_title":"Seguimos reorganizando y reestructurando la gesti\u00f3n municipal","og_description":"El d\u00eda de hoy fue designando el Supervisor de la Policia Municipal, Pedro Moreno, como Director de Seguridad Ciudadana. Sustituyendo en el cargo al Dr. Mario Douglas Serrano, quien se desempe\u00f1\u00f3 de una manera&#46;&#46;&#46;","og_url":"https:\/\/noti-america.com\/site\/venezuela\/2023\/01\/23\/seguimos-reorganizando-y-reestructurando-la-gestion-municipal\/","og_site_name":"Venezuela | Noti-America.com","article_published_time":"2023-01-23T20:53:19+00:00","og_image":[{"width":1280,"height":1094,"url":"https:\/\/noti-america.com\/site\/venezuela\/wp-content\/uploads\/sites\/2\/2023\/01\/IMG-20230123-WA0340.jpg","type":"image\/jpeg"}],"author":"Hendrick Garcia","twitter_card":"summary_large_image","twitter_misc":{"Escrito por":"Hendrick Garcia","Tiempo estimado de lectura":"1 minuto"},"schema":{"@context":"https:\/\/schema.org","@graph":[{"@type":"Article","@id":"https:\/\/noti-america.com\/site\/venezuela\/2023\/01\/23\/seguimos-reorganizando-y-reestructurando-la-gestion-municipal\/#article","isPartOf":{"@id":"https:\/\/noti-america.com\/site\/venezuela\/2023\/01\/23\/seguimos-reorganizando-y-reestructurando-la-gestion-municipal\/"},"author":{"name":"Hendrick Garcia","@id":"https:\/\/noti-america.com\/site\/venezuela\/#\/schema\/person\/2f37ed06a1cd058e8d611b3d42cce678"},"headline":"Seguimos reorganizando y reestructurando la gesti\u00f3n municipal","datePublished":"2023-01-23T20:53:19+00:00","mainEntityOfPage":{"@id":"https:\/\/noti-america.com\/site\/venezuela\/2023\/01\/23\/seguimos-reorganizando-y-reestructurando-la-gestion-municipal\/"},"wordCount":128,"commentCount":0,"publisher":{"@id":"https:\/\/noti-america.com\/site\/venezuela\/#organization"},"image":{"@id":"https:\/\/noti-america.com\/site\/venezuela\/2023\/01\/23\/seguimos-reorganizando-y-reestructurando-la-gestion-municipal\/#primaryimage"},"thumbnailUrl":"https:\/\/noti-america.com\/site\/venezuela\/wp-content\/uploads\/sites\/2\/2023\/01\/IMG-20230123-WA0340.jpg","keywords":["ciudad ojeda","Seguridad ciudadana","zulia"],"articleSection":["Comunidades","Pol\u00edtica","Venezuela"],"inLanguage":"es","potentialAction":[{"@type":"CommentAction","name":"Comment","target":["https:\/\/noti-america.com\/site\/venezuela\/2023\/01\/23\/seguimos-reorganizando-y-reestructurando-la-gestion-municipal\/#respond"]}]},{"@type":"WebPage","@id":"https:\/\/noti-america.com\/site\/venezuela\/2023\/01\/23\/seguimos-reorganizando-y-reestructurando-la-gestion-municipal\/","url":"https:\/\/noti-america.com\/site\/venezuela\/2023\/01\/23\/seguimos-reorganizando-y-reestructurando-la-gestion-municipal\/","name":"Seguimos reorganizando y reestructurando la gesti\u00f3n municipal - Venezuela | Noti-America.com","isPartOf":{"@id":"https:\/\/noti-america.com\/site\/venezuela\/#website"},"primaryImageOfPage":{"@id":"https:\/\/noti-america.com\/site\/venezuela\/2023\/01\/23\/seguimos-reorganizando-y-reestructurando-la-gestion-municipal\/#primaryimage"},"image":{"@id":"https:\/\/noti-america.com\/site\/venezuela\/2023\/01\/23\/seguimos-reorganizando-y-reestructurando-la-gestion-municipal\/#primaryimage"},"thumbnailUrl":"https:\/\/noti-america.com\/site\/venezuela\/wp-content\/uploads\/sites\/2\/2023\/01\/IMG-20230123-WA0340.jpg","datePublished":"2023-01-23T20:53:19+00:00","breadcrumb":{"@id":"https:\/\/noti-america.com\/site\/venezuela\/2023\/01\/23\/seguimos-reorganizando-y-reestructurando-la-gestion-municipal\/#breadcrumb"},"inLanguage":"es","potentialAction":[{"@type":"ReadAction","target":["https:\/\/noti-america.com\/site\/venezuela\/2023\/01\/23\/seguimos-reorganizando-y-reestructurando-la-gestion-municipal\/"]}]},{"@type":"ImageObject","inLanguage":"es","@id":"https:\/\/noti-america.com\/site\/venezuela\/2023\/01\/23\/seguimos-reorganizando-y-reestructurando-la-gestion-municipal\/#primaryimage","url":"https:\/\/noti-america.com\/site\/venezuela\/wp-content\/uploads\/sites\/2\/2023\/01\/IMG-20230123-WA0340.jpg","contentUrl":"https:\/\/noti-america.com\/site\/venezuela\/wp-content\/uploads\/sites\/2\/2023\/01\/IMG-20230123-WA0340.jpg","width":1280,"height":1094},{"@type":"BreadcrumbList","@id":"https:\/\/noti-america.com\/site\/venezuela\/2023\/01\/23\/seguimos-reorganizando-y-reestructurando-la-gestion-municipal\/#breadcrumb","itemListElement":[{"@type":"ListItem","position":1,"name":"Portada","item":"https:\/\/noti-america.com\/site\/venezuela\/"},{"@type":"ListItem","position":2,"name":"Seguimos reorganizando y reestructurando la gesti\u00f3n municipal"}]},{"@type":"WebSite","@id":"https:\/\/noti-america.com\/site\/venezuela\/#website","url":"https:\/\/noti-america.com\/site\/venezuela\/","name":"Venezuela | Noti-America.com","description":"","publisher":{"@id":"https:\/\/noti-america.com\/site\/venezuela\/#organization"},"potentialAction":[{"@type":"SearchAction","target":{"@type":"EntryPoint","urlTemplate":"https:\/\/noti-america.com\/site\/venezuela\/?s={search_term_string}"},"query-input":{"@type":"PropertyValueSpecification","valueRequired":true,"valueName":"search_term_string"}}],"inLanguage":"es"},{"@type":"Organization","@id":"https:\/\/noti-america.com\/site\/venezuela\/#organization","name":"Noti-America LLC | Venezuela","url":"https:\/\/noti-america.com\/site\/venezuela\/","logo":{"@type":"ImageObject","inLanguage":"es","@id":"https:\/\/noti-america.com\/site\/venezuela\/#\/schema\/logo\/image\/","url":"https:\/\/noti-america.com\/site\/venezuela\/wp-content\/uploads\/sites\/2\/2020\/07\/LogoNA-4x3-1.jpg","contentUrl":"https:\/\/noti-america.com\/site\/venezuela\/wp-content\/uploads\/sites\/2\/2020\/07\/LogoNA-4x3-1.jpg","width":1236,"height":1080,"caption":"Noti-America LLC | Venezuela"},"image":{"@id":"https:\/\/noti-america.com\/site\/venezuela\/#\/schema\/logo\/image\/"}},{"@type":"Person","@id":"https:\/\/noti-america.com\/site\/venezuela\/#\/schema\/person\/2f37ed06a1cd058e8d611b3d42cce678","name":"Hendrick Garcia","image":{"@type":"ImageObject","inLanguage":"es","@id":"https:\/\/secure.gravatar.com\/avatar\/07f13ce868ede7f0937b7abbada276f430e4ed25cfff75dbe7f98f95ac02358c?s=96&d=mm&r=g","url":"https:\/\/secure.gravatar.com\/avatar\/07f13ce868ede7f0937b7abbada276f430e4ed25cfff75dbe7f98f95ac02358c?s=96&d=mm&r=g","contentUrl":"https:\/\/secure.gravatar.com\/avatar\/07f13ce868ede7f0937b7abbada276f430e4ed25cfff75dbe7f98f95ac02358c?s=96&d=mm&r=g","caption":"Hendrick Garcia"},"url":"https:\/\/noti-america.com\/site\/venezuela\/author\/hegarcia\/"}]}},"_links":{"self":[{"href":"https:\/\/noti-america.com\/site\/venezuela\/wp-json\/wp\/v2\/posts\/24757","targetHints":{"allow":["GET"]}}],"collection":[{"href":"https:\/\/noti-america.com\/site\/venezuela\/wp-json\/wp\/v2\/posts"}],"about":[{"href":"https:\/\/noti-america.com\/site\/venezuela\/wp-json\/wp\/v2\/types\/post"}],"author":[{"embeddable":true,"href":"https:\/\/noti-america.com\/site\/venezuela\/wp-json\/wp\/v2\/users\/40"}],"replies":[{"embeddable":true,"href":"https:\/\/noti-america.com\/site\/venezuela\/wp-json\/wp\/v2\/comments?post=24757"}],"version-history":[{"count":2,"href":"https:\/\/noti-america.com\/site\/venezuela\/wp-json\/wp\/v2\/posts\/24757\/revisions"}],"predecessor-version":[{"id":24862,"href":"https:\/\/noti-america.com\/site\/venezuela\/wp-json\/wp\/v2\/posts\/24757\/revisions\/24862"}],"wp:featuredmedia":[{"embeddable":true,"href":"https:\/\/noti-america.com\/site\/venezuela\/wp-json\/wp\/v2\/media\/24861"}],"wp:attachment":[{"href":"https:\/\/noti-america.com\/site\/venezuela\/wp-json\/wp\/v2\/media?parent=24757"}],"wp:term":[{"taxonomy":"category","embeddable":true,"href":"https:\/\/noti-america.com\/site\/venezuela\/wp-json\/wp\/v2\/categories?post=24757"},{"taxonomy":"post_tag","embeddable":true,"href":"https:\/\/noti-america.com\/site\/venezuela\/wp-json\/wp\/v2\/tags?post=24757"}],"curies":[{"name":"wp","href":"https:\/\/api.w.org\/{rel}","templated":true}]}}