{"id":24724,"date":"2023-01-18T02:34:42","date_gmt":"2023-01-18T02:34:42","guid":{"rendered":"https:\/\/noti-america.com\/site\/venezuela\/?p=24724"},"modified":"2023-01-18T02:34:42","modified_gmt":"2023-01-18T02:34:42","slug":"gobernador-rosales-inicio-los-trabajos-de-construccion-y-recuperacion-de-la-emblematica-av-los-haticos","status":"publish","type":"post","link":"https:\/\/noti-america.com\/site\/venezuela\/2023\/01\/18\/gobernador-rosales-inicio-los-trabajos-de-construccion-y-recuperacion-de-la-emblematica-av-los-haticos\/","title":{"rendered":"Gobernador Rosales inici\u00f3 los trabajos de construcci\u00f3n y recuperaci\u00f3n de la emblem\u00e1tica Av. Los Haticos"},"content":{"rendered":"\r\n<p><img loading=\"lazy\" decoding=\"async\" class=\"alignnone size-medium wp-image-24758\" src=\"https:\/\/noti-america.com\/site\/venezuela\/wp-content\/uploads\/sites\/2\/2023\/01\/IMG-20230117-WA0250-300x169.jpg\" alt=\"\" width=\"300\" height=\"169\" srcset=\"https:\/\/noti-america.com\/site\/venezuela\/wp-content\/uploads\/sites\/2\/2023\/01\/IMG-20230117-WA0250-300x169.jpg 300w, https:\/\/noti-america.com\/site\/venezuela\/wp-content\/uploads\/sites\/2\/2023\/01\/IMG-20230117-WA0250-1024x576.jpg 1024w, https:\/\/noti-america.com\/site\/venezuela\/wp-content\/uploads\/sites\/2\/2023\/01\/IMG-20230117-WA0250-768x432.jpg 768w, https:\/\/noti-america.com\/site\/venezuela\/wp-content\/uploads\/sites\/2\/2023\/01\/IMG-20230117-WA0250-600x338.jpg 600w, https:\/\/noti-america.com\/site\/venezuela\/wp-content\/uploads\/sites\/2\/2023\/01\/IMG-20230117-WA0250.jpg 1280w\" sizes=\"auto, (max-width: 300px) 100vw, 300px\" \/><br \/>El Gobernador del estado Zulia, Manuel Rosales, inici\u00f3 este martes, 17 de enero, los trabajos de construcci\u00f3n, recuperaci\u00f3n y modernizaci\u00f3n del Corredor Vial Los Haticos, para comenzar con fuerza la transformaci\u00f3n de nuestra regi\u00f3n, para el progreso y desarrollo de los zulianos.<br \/><br \/>Rosales, acompa\u00f1ado de los miembros del gabinete de infraestructura y social, recorri\u00f3 parte de esta v\u00eda y record\u00f3 todo lo que significa para Maracaibo y el Zulia est\u00e1 avenida, donde inici\u00f3 el desarrollo petrolero, industrial y comercial con la llegada de los alemanes, turistas y visitantes que disfrutaban entonces del Lago. <br \/><img loading=\"lazy\" decoding=\"async\" class=\"alignnone size-medium wp-image-24760\" src=\"https:\/\/noti-america.com\/site\/venezuela\/wp-content\/uploads\/sites\/2\/2023\/01\/IMG-20230117-WA0255-300x169.jpg\" alt=\"\" width=\"300\" height=\"169\" srcset=\"https:\/\/noti-america.com\/site\/venezuela\/wp-content\/uploads\/sites\/2\/2023\/01\/IMG-20230117-WA0255-300x169.jpg 300w, https:\/\/noti-america.com\/site\/venezuela\/wp-content\/uploads\/sites\/2\/2023\/01\/IMG-20230117-WA0255-1024x576.jpg 1024w, https:\/\/noti-america.com\/site\/venezuela\/wp-content\/uploads\/sites\/2\/2023\/01\/IMG-20230117-WA0255-768x432.jpg 768w, https:\/\/noti-america.com\/site\/venezuela\/wp-content\/uploads\/sites\/2\/2023\/01\/IMG-20230117-WA0255-600x338.jpg 600w, https:\/\/noti-america.com\/site\/venezuela\/wp-content\/uploads\/sites\/2\/2023\/01\/IMG-20230117-WA0255.jpg 1280w\" sizes=\"auto, (max-width: 300px) 100vw, 300px\" \/><br \/>\u00abPor aqu\u00ed pas\u00f3 el primer tranv\u00eda: eran dos estructuras haladas por 18 burros, que recorr\u00eda precisamente el camino entre el mercado p\u00fablico, ubicado en lo que ahora es el casco central, hasta lo que por entonces era llamado caser\u00edo de Los Haticos. Hoy est\u00e1 abandonada, destru\u00edda. En nuestra pasada gesti\u00f3n convertimos esto en un corredor vial y, en el tiempo, lo que vino despu\u00e9s fue el desastre. Aqu\u00ed hay bateas obstaculizadas, tramos de v\u00eda totalmente cerrados y paralizados\u00bb.<\/p>\r\n<p><img loading=\"lazy\" decoding=\"async\" class=\"alignnone size-medium wp-image-24761\" src=\"https:\/\/noti-america.com\/site\/venezuela\/wp-content\/uploads\/sites\/2\/2023\/01\/IMG-20230117-WA0249-300x225.jpg\" alt=\"\" width=\"300\" height=\"225\" srcset=\"https:\/\/noti-america.com\/site\/venezuela\/wp-content\/uploads\/sites\/2\/2023\/01\/IMG-20230117-WA0249-300x225.jpg 300w, https:\/\/noti-america.com\/site\/venezuela\/wp-content\/uploads\/sites\/2\/2023\/01\/IMG-20230117-WA0249-1024x768.jpg 1024w, https:\/\/noti-america.com\/site\/venezuela\/wp-content\/uploads\/sites\/2\/2023\/01\/IMG-20230117-WA0249-768x576.jpg 768w, https:\/\/noti-america.com\/site\/venezuela\/wp-content\/uploads\/sites\/2\/2023\/01\/IMG-20230117-WA0249-600x450.jpg 600w, https:\/\/noti-america.com\/site\/venezuela\/wp-content\/uploads\/sites\/2\/2023\/01\/IMG-20230117-WA0249.jpg 1032w\" sizes=\"auto, (max-width: 300px) 100vw, 300px\" \/><br \/>Rosales anunci\u00f3 que la Gobernaci\u00f3n del Zulia comenzar\u00e1 a trabajar, por etapas, \u00abporque esto tiene un problema de fondo: no son solo las bateas, asfalto, concreto y colectores. No, esto tiene un problema que se conecta con varias estaciones de bombeo: Maracaibo, La Arreaga, Varadero, incluso, con La Silva y hay una serie de sistemas que se conectan con Los Haticos y est\u00e1n obstruidos, que se perdieron, en s\u00edntesis, esta es una situaci\u00f3n delicada que no se puede solucionar en el breve tiempo\u00bb.<\/p>\r\n<p><img loading=\"lazy\" decoding=\"async\" class=\"alignnone size-medium wp-image-24762\" src=\"https:\/\/noti-america.com\/site\/venezuela\/wp-content\/uploads\/sites\/2\/2023\/01\/IMG-20230117-WA0247-300x225.jpg\" alt=\"\" width=\"300\" height=\"225\" srcset=\"https:\/\/noti-america.com\/site\/venezuela\/wp-content\/uploads\/sites\/2\/2023\/01\/IMG-20230117-WA0247-300x225.jpg 300w, https:\/\/noti-america.com\/site\/venezuela\/wp-content\/uploads\/sites\/2\/2023\/01\/IMG-20230117-WA0247-1024x768.jpg 1024w, https:\/\/noti-america.com\/site\/venezuela\/wp-content\/uploads\/sites\/2\/2023\/01\/IMG-20230117-WA0247-768x576.jpg 768w, https:\/\/noti-america.com\/site\/venezuela\/wp-content\/uploads\/sites\/2\/2023\/01\/IMG-20230117-WA0247-600x450.jpg 600w, https:\/\/noti-america.com\/site\/venezuela\/wp-content\/uploads\/sites\/2\/2023\/01\/IMG-20230117-WA0247.jpg 1032w\" sizes=\"auto, (max-width: 300px) 100vw, 300px\" \/><br \/>Tras reiterados reclamos, por parte de las comunidades a lo largo del citado corredor vial, por la acumulaci\u00f3n de desechos s\u00f3lidos, el mandatario regional se comunic\u00f3 con el Alcalde de Maracaibo, para desplegar un operativo especial para la recolecci\u00f3n de los desechos en Los Haticos. <br \/><br \/>Por otra parte, destac\u00f3 que tratar\u00e1 de recuperar espacios, \u00e1reas, el sistema de transporte de la Avenida Los Haticos y revisar todo el dise\u00f1o, la madeja que tiene que ver con el sistema de recolecci\u00f3n de aguas servidas y aguas blancas. \u00abAqu\u00ed estamos en este nuevo proceso de atenci\u00f3n a los problemas del estado Zulia\u00bb, puntualiz\u00f3 Rosales.<br \/><br \/>Explic\u00f3 que esta arteria vial que conecta los municipios Maracaibo y San Francisco, tiene una longitud de 4.5 kil\u00f3metros y 8.5 metros por canal, y las labores que inician hoy\u00a0 preven la construcci\u00f3n de bateas de concreto, asfaltado de tramos deteriorados de la v\u00eda, sustituci\u00f3n de colector de 10 pulgadas, soluci\u00f3n de drenajes, reacondicionamiento de bocas de visitas, iluminaci\u00f3n del corredor, demarcaci\u00f3n, se\u00f1alizaci\u00f3n, colocaci\u00f3n de ojos de gato, arborizaci\u00f3n y paisajismo.<\/p>\r\n<p><img loading=\"lazy\" decoding=\"async\" class=\"alignnone size-medium wp-image-24763\" src=\"https:\/\/noti-america.com\/site\/venezuela\/wp-content\/uploads\/sites\/2\/2023\/01\/IMG-20230117-WA0262-300x169.jpg\" alt=\"\" width=\"300\" height=\"169\" srcset=\"https:\/\/noti-america.com\/site\/venezuela\/wp-content\/uploads\/sites\/2\/2023\/01\/IMG-20230117-WA0262-300x169.jpg 300w, https:\/\/noti-america.com\/site\/venezuela\/wp-content\/uploads\/sites\/2\/2023\/01\/IMG-20230117-WA0262-1024x576.jpg 1024w, https:\/\/noti-america.com\/site\/venezuela\/wp-content\/uploads\/sites\/2\/2023\/01\/IMG-20230117-WA0262-768x432.jpg 768w, https:\/\/noti-america.com\/site\/venezuela\/wp-content\/uploads\/sites\/2\/2023\/01\/IMG-20230117-WA0262-600x338.jpg 600w, https:\/\/noti-america.com\/site\/venezuela\/wp-content\/uploads\/sites\/2\/2023\/01\/IMG-20230117-WA0262.jpg 1280w\" sizes=\"auto, (max-width: 300px) 100vw, 300px\" \/><br \/>\u00abDentro de los objetivos de la obra est\u00e1 optimizar la transitabilidad y la conectividad vial con el resto de los municipios, as\u00ed como proporcionar seguridad a los usuarios y transe\u00fantes, mejorar las condiciones sanitarias y ambientales, para proporcionar una mejor calidad de vida a los habitantes del sector y visitantes\u00bb, explic\u00f3 el Gobernador Rosales.<br \/><br \/>Una vez culminen los trabajos en el Corredor Vial Los Haticos se beneficiar\u00e1n directamente los usuarios de las rutas de transporte p\u00fablico, comerciantes e industriales de la zona, habitantes de la zonas aleda\u00f1as y municipios for\u00e1neos.<br \/><br \/>Fuente: Nota de Prensa<\/p>\r\n","protected":false},"excerpt":{"rendered":"<p>El Gobernador del estado Zulia, Manuel Rosales, inici\u00f3 este martes, 17 de enero, los trabajos de construcci\u00f3n, recuperaci\u00f3n y modernizaci\u00f3n del Corredor Vial Los Haticos, para comenzar con fuerza la transformaci\u00f3n de nuestra regi\u00f3n,&#46;&#46;&#46;<\/p>\n","protected":false},"author":40,"featured_media":24759,"comment_status":"open","ping_status":"open","sticky":false,"template":"","format":"standard","meta":{"_acf_changed":false,"om_disable_all_campaigns":false,"rop_custom_images_group":[],"rop_custom_messages_group":[],"rop_publish_now":"initial","rop_publish_now_accounts":{"twitter_242054905_242054905":""},"rop_publish_now_history":[],"rop_publish_now_status":"pending","_uf_show_specific_survey":0,"_uf_disable_surveys":false,"footnotes":""},"categories":[164,155,156],"tags":[222],"class_list":["post-24724","post","type-post","status-publish","format-standard","has-post-thumbnail","hentry","category-comunidades","category-politica-opinion","category-venezuela","tag-zulia"],"acf":[],"aioseo_notices":[],"yoast_head":"<!-- This site is optimized with the Yoast SEO Premium plugin v24.9 (Yoast SEO v27.2) - https:\/\/yoast.com\/product\/yoast-seo-premium-wordpress\/ -->\n<title>Gobernador Rosales inici\u00f3 los trabajos de construcci\u00f3n y recuperaci\u00f3n de la emblem\u00e1tica Av. Los Haticos - Venezuela | Noti-America.com<\/title>\n<meta name=\"robots\" content=\"index, follow, max-snippet:-1, max-image-preview:large, max-video-preview:-1\" \/>\n<link rel=\"canonical\" href=\"https:\/\/noti-america.com\/site\/venezuela\/2023\/01\/18\/gobernador-rosales-inicio-los-trabajos-de-construccion-y-recuperacion-de-la-emblematica-av-los-haticos\/\" \/>\n<meta property=\"og:locale\" content=\"es_ES\" \/>\n<meta property=\"og:type\" content=\"article\" \/>\n<meta property=\"og:title\" content=\"Gobernador Rosales inici\u00f3 los trabajos de construcci\u00f3n y recuperaci\u00f3n de la emblem\u00e1tica Av. Los Haticos\" \/>\n<meta property=\"og:description\" content=\"El Gobernador del estado Zulia, Manuel Rosales, inici\u00f3 este martes, 17 de enero, los trabajos de construcci\u00f3n, recuperaci\u00f3n y modernizaci\u00f3n del Corredor Vial Los Haticos, para comenzar con fuerza la transformaci\u00f3n de nuestra regi\u00f3n,&#046;&#046;&#046;\" \/>\n<meta property=\"og:url\" content=\"https:\/\/noti-america.com\/site\/venezuela\/2023\/01\/18\/gobernador-rosales-inicio-los-trabajos-de-construccion-y-recuperacion-de-la-emblematica-av-los-haticos\/\" \/>\n<meta property=\"og:site_name\" content=\"Venezuela | Noti-America.com\" \/>\n<meta property=\"article:published_time\" content=\"2023-01-18T02:34:42+00:00\" \/>\n<meta property=\"og:image\" content=\"https:\/\/noti-america.com\/site\/venezuela\/wp-content\/uploads\/sites\/2\/2023\/01\/IMG-20230117-WA0261.jpg\" \/>\n\t<meta property=\"og:image:width\" content=\"1280\" \/>\n\t<meta property=\"og:image:height\" content=\"720\" \/>\n\t<meta property=\"og:image:type\" content=\"image\/jpeg\" \/>\n<meta name=\"author\" content=\"Hendrick Garcia\" \/>\n<meta name=\"twitter:card\" content=\"summary_large_image\" \/>\n<meta name=\"twitter:label1\" content=\"Escrito por\" \/>\n\t<meta name=\"twitter:data1\" content=\"Hendrick Garcia\" \/>\n\t<meta name=\"twitter:label2\" content=\"Tiempo estimado de lectura\" \/>\n\t<meta name=\"twitter:data2\" content=\"4 minutos\" \/>\n<script type=\"application\/ld+json\" class=\"yoast-schema-graph\">{\"@context\":\"https:\/\/schema.org\",\"@graph\":[{\"@type\":\"Article\",\"@id\":\"https:\/\/noti-america.com\/site\/venezuela\/2023\/01\/18\/gobernador-rosales-inicio-los-trabajos-de-construccion-y-recuperacion-de-la-emblematica-av-los-haticos\/#article\",\"isPartOf\":{\"@id\":\"https:\/\/noti-america.com\/site\/venezuela\/2023\/01\/18\/gobernador-rosales-inicio-los-trabajos-de-construccion-y-recuperacion-de-la-emblematica-av-los-haticos\/\"},\"author\":{\"name\":\"Hendrick Garcia\",\"@id\":\"https:\/\/noti-america.com\/site\/venezuela\/#\/schema\/person\/2f37ed06a1cd058e8d611b3d42cce678\"},\"headline\":\"Gobernador Rosales inici\u00f3 los trabajos de construcci\u00f3n y recuperaci\u00f3n de la emblem\u00e1tica Av. Los Haticos\",\"datePublished\":\"2023-01-18T02:34:42+00:00\",\"mainEntityOfPage\":{\"@id\":\"https:\/\/noti-america.com\/site\/venezuela\/2023\/01\/18\/gobernador-rosales-inicio-los-trabajos-de-construccion-y-recuperacion-de-la-emblematica-av-los-haticos\/\"},\"wordCount\":575,\"commentCount\":0,\"publisher\":{\"@id\":\"https:\/\/noti-america.com\/site\/venezuela\/#organization\"},\"image\":{\"@id\":\"https:\/\/noti-america.com\/site\/venezuela\/2023\/01\/18\/gobernador-rosales-inicio-los-trabajos-de-construccion-y-recuperacion-de-la-emblematica-av-los-haticos\/#primaryimage\"},\"thumbnailUrl\":\"https:\/\/noti-america.com\/site\/venezuela\/wp-content\/uploads\/sites\/2\/2023\/01\/IMG-20230117-WA0261.jpg\",\"keywords\":[\"zulia\"],\"articleSection\":[\"Comunidades\",\"Pol\u00edtica\",\"Venezuela\"],\"inLanguage\":\"es\",\"potentialAction\":[{\"@type\":\"CommentAction\",\"name\":\"Comment\",\"target\":[\"https:\/\/noti-america.com\/site\/venezuela\/2023\/01\/18\/gobernador-rosales-inicio-los-trabajos-de-construccion-y-recuperacion-de-la-emblematica-av-los-haticos\/#respond\"]}]},{\"@type\":\"WebPage\",\"@id\":\"https:\/\/noti-america.com\/site\/venezuela\/2023\/01\/18\/gobernador-rosales-inicio-los-trabajos-de-construccion-y-recuperacion-de-la-emblematica-av-los-haticos\/\",\"url\":\"https:\/\/noti-america.com\/site\/venezuela\/2023\/01\/18\/gobernador-rosales-inicio-los-trabajos-de-construccion-y-recuperacion-de-la-emblematica-av-los-haticos\/\",\"name\":\"Gobernador Rosales inici\u00f3 los trabajos de construcci\u00f3n y recuperaci\u00f3n de la emblem\u00e1tica Av. Los Haticos - Venezuela | Noti-America.com\",\"isPartOf\":{\"@id\":\"https:\/\/noti-america.com\/site\/venezuela\/#website\"},\"primaryImageOfPage\":{\"@id\":\"https:\/\/noti-america.com\/site\/venezuela\/2023\/01\/18\/gobernador-rosales-inicio-los-trabajos-de-construccion-y-recuperacion-de-la-emblematica-av-los-haticos\/#primaryimage\"},\"image\":{\"@id\":\"https:\/\/noti-america.com\/site\/venezuela\/2023\/01\/18\/gobernador-rosales-inicio-los-trabajos-de-construccion-y-recuperacion-de-la-emblematica-av-los-haticos\/#primaryimage\"},\"thumbnailUrl\":\"https:\/\/noti-america.com\/site\/venezuela\/wp-content\/uploads\/sites\/2\/2023\/01\/IMG-20230117-WA0261.jpg\",\"datePublished\":\"2023-01-18T02:34:42+00:00\",\"breadcrumb\":{\"@id\":\"https:\/\/noti-america.com\/site\/venezuela\/2023\/01\/18\/gobernador-rosales-inicio-los-trabajos-de-construccion-y-recuperacion-de-la-emblematica-av-los-haticos\/#breadcrumb\"},\"inLanguage\":\"es\",\"potentialAction\":[{\"@type\":\"ReadAction\",\"target\":[\"https:\/\/noti-america.com\/site\/venezuela\/2023\/01\/18\/gobernador-rosales-inicio-los-trabajos-de-construccion-y-recuperacion-de-la-emblematica-av-los-haticos\/\"]}]},{\"@type\":\"ImageObject\",\"inLanguage\":\"es\",\"@id\":\"https:\/\/noti-america.com\/site\/venezuela\/2023\/01\/18\/gobernador-rosales-inicio-los-trabajos-de-construccion-y-recuperacion-de-la-emblematica-av-los-haticos\/#primaryimage\",\"url\":\"https:\/\/noti-america.com\/site\/venezuela\/wp-content\/uploads\/sites\/2\/2023\/01\/IMG-20230117-WA0261.jpg\",\"contentUrl\":\"https:\/\/noti-america.com\/site\/venezuela\/wp-content\/uploads\/sites\/2\/2023\/01\/IMG-20230117-WA0261.jpg\",\"width\":1280,\"height\":720},{\"@type\":\"BreadcrumbList\",\"@id\":\"https:\/\/noti-america.com\/site\/venezuela\/2023\/01\/18\/gobernador-rosales-inicio-los-trabajos-de-construccion-y-recuperacion-de-la-emblematica-av-los-haticos\/#breadcrumb\",\"itemListElement\":[{\"@type\":\"ListItem\",\"position\":1,\"name\":\"Portada\",\"item\":\"https:\/\/noti-america.com\/site\/venezuela\/\"},{\"@type\":\"ListItem\",\"position\":2,\"name\":\"Gobernador Rosales inici\u00f3 los trabajos de construcci\u00f3n y recuperaci\u00f3n de la emblem\u00e1tica Av. Los Haticos\"}]},{\"@type\":\"WebSite\",\"@id\":\"https:\/\/noti-america.com\/site\/venezuela\/#website\",\"url\":\"https:\/\/noti-america.com\/site\/venezuela\/\",\"name\":\"Venezuela | Noti-America.com\",\"description\":\"\",\"publisher\":{\"@id\":\"https:\/\/noti-america.com\/site\/venezuela\/#organization\"},\"potentialAction\":[{\"@type\":\"SearchAction\",\"target\":{\"@type\":\"EntryPoint\",\"urlTemplate\":\"https:\/\/noti-america.com\/site\/venezuela\/?s={search_term_string}\"},\"query-input\":{\"@type\":\"PropertyValueSpecification\",\"valueRequired\":true,\"valueName\":\"search_term_string\"}}],\"inLanguage\":\"es\"},{\"@type\":\"Organization\",\"@id\":\"https:\/\/noti-america.com\/site\/venezuela\/#organization\",\"name\":\"Noti-America LLC | Venezuela\",\"url\":\"https:\/\/noti-america.com\/site\/venezuela\/\",\"logo\":{\"@type\":\"ImageObject\",\"inLanguage\":\"es\",\"@id\":\"https:\/\/noti-america.com\/site\/venezuela\/#\/schema\/logo\/image\/\",\"url\":\"https:\/\/noti-america.com\/site\/venezuela\/wp-content\/uploads\/sites\/2\/2020\/07\/LogoNA-4x3-1.jpg\",\"contentUrl\":\"https:\/\/noti-america.com\/site\/venezuela\/wp-content\/uploads\/sites\/2\/2020\/07\/LogoNA-4x3-1.jpg\",\"width\":1236,\"height\":1080,\"caption\":\"Noti-America LLC | Venezuela\"},\"image\":{\"@id\":\"https:\/\/noti-america.com\/site\/venezuela\/#\/schema\/logo\/image\/\"}},{\"@type\":\"Person\",\"@id\":\"https:\/\/noti-america.com\/site\/venezuela\/#\/schema\/person\/2f37ed06a1cd058e8d611b3d42cce678\",\"name\":\"Hendrick Garcia\",\"image\":{\"@type\":\"ImageObject\",\"inLanguage\":\"es\",\"@id\":\"https:\/\/secure.gravatar.com\/avatar\/07f13ce868ede7f0937b7abbada276f430e4ed25cfff75dbe7f98f95ac02358c?s=96&d=mm&r=g\",\"url\":\"https:\/\/secure.gravatar.com\/avatar\/07f13ce868ede7f0937b7abbada276f430e4ed25cfff75dbe7f98f95ac02358c?s=96&d=mm&r=g\",\"contentUrl\":\"https:\/\/secure.gravatar.com\/avatar\/07f13ce868ede7f0937b7abbada276f430e4ed25cfff75dbe7f98f95ac02358c?s=96&d=mm&r=g\",\"caption\":\"Hendrick Garcia\"},\"url\":\"https:\/\/noti-america.com\/site\/venezuela\/author\/hegarcia\/\"}]}<\/script>\n<!-- \/ Yoast SEO Premium plugin. -->","yoast_head_json":{"title":"Gobernador Rosales inici\u00f3 los trabajos de construcci\u00f3n y recuperaci\u00f3n de la emblem\u00e1tica Av. Los Haticos - Venezuela | Noti-America.com","robots":{"index":"index","follow":"follow","max-snippet":"max-snippet:-1","max-image-preview":"max-image-preview:large","max-video-preview":"max-video-preview:-1"},"canonical":"https:\/\/noti-america.com\/site\/venezuela\/2023\/01\/18\/gobernador-rosales-inicio-los-trabajos-de-construccion-y-recuperacion-de-la-emblematica-av-los-haticos\/","og_locale":"es_ES","og_type":"article","og_title":"Gobernador Rosales inici\u00f3 los trabajos de construcci\u00f3n y recuperaci\u00f3n de la emblem\u00e1tica Av. Los Haticos","og_description":"El Gobernador del estado Zulia, Manuel Rosales, inici\u00f3 este martes, 17 de enero, los trabajos de construcci\u00f3n, recuperaci\u00f3n y modernizaci\u00f3n del Corredor Vial Los Haticos, para comenzar con fuerza la transformaci\u00f3n de nuestra regi\u00f3n,&#46;&#46;&#46;","og_url":"https:\/\/noti-america.com\/site\/venezuela\/2023\/01\/18\/gobernador-rosales-inicio-los-trabajos-de-construccion-y-recuperacion-de-la-emblematica-av-los-haticos\/","og_site_name":"Venezuela | Noti-America.com","article_published_time":"2023-01-18T02:34:42+00:00","og_image":[{"width":1280,"height":720,"url":"https:\/\/noti-america.com\/site\/venezuela\/wp-content\/uploads\/sites\/2\/2023\/01\/IMG-20230117-WA0261.jpg","type":"image\/jpeg"}],"author":"Hendrick Garcia","twitter_card":"summary_large_image","twitter_misc":{"Escrito por":"Hendrick Garcia","Tiempo estimado de lectura":"4 minutos"},"schema":{"@context":"https:\/\/schema.org","@graph":[{"@type":"Article","@id":"https:\/\/noti-america.com\/site\/venezuela\/2023\/01\/18\/gobernador-rosales-inicio-los-trabajos-de-construccion-y-recuperacion-de-la-emblematica-av-los-haticos\/#article","isPartOf":{"@id":"https:\/\/noti-america.com\/site\/venezuela\/2023\/01\/18\/gobernador-rosales-inicio-los-trabajos-de-construccion-y-recuperacion-de-la-emblematica-av-los-haticos\/"},"author":{"name":"Hendrick Garcia","@id":"https:\/\/noti-america.com\/site\/venezuela\/#\/schema\/person\/2f37ed06a1cd058e8d611b3d42cce678"},"headline":"Gobernador Rosales inici\u00f3 los trabajos de construcci\u00f3n y recuperaci\u00f3n de la emblem\u00e1tica Av. Los Haticos","datePublished":"2023-01-18T02:34:42+00:00","mainEntityOfPage":{"@id":"https:\/\/noti-america.com\/site\/venezuela\/2023\/01\/18\/gobernador-rosales-inicio-los-trabajos-de-construccion-y-recuperacion-de-la-emblematica-av-los-haticos\/"},"wordCount":575,"commentCount":0,"publisher":{"@id":"https:\/\/noti-america.com\/site\/venezuela\/#organization"},"image":{"@id":"https:\/\/noti-america.com\/site\/venezuela\/2023\/01\/18\/gobernador-rosales-inicio-los-trabajos-de-construccion-y-recuperacion-de-la-emblematica-av-los-haticos\/#primaryimage"},"thumbnailUrl":"https:\/\/noti-america.com\/site\/venezuela\/wp-content\/uploads\/sites\/2\/2023\/01\/IMG-20230117-WA0261.jpg","keywords":["zulia"],"articleSection":["Comunidades","Pol\u00edtica","Venezuela"],"inLanguage":"es","potentialAction":[{"@type":"CommentAction","name":"Comment","target":["https:\/\/noti-america.com\/site\/venezuela\/2023\/01\/18\/gobernador-rosales-inicio-los-trabajos-de-construccion-y-recuperacion-de-la-emblematica-av-los-haticos\/#respond"]}]},{"@type":"WebPage","@id":"https:\/\/noti-america.com\/site\/venezuela\/2023\/01\/18\/gobernador-rosales-inicio-los-trabajos-de-construccion-y-recuperacion-de-la-emblematica-av-los-haticos\/","url":"https:\/\/noti-america.com\/site\/venezuela\/2023\/01\/18\/gobernador-rosales-inicio-los-trabajos-de-construccion-y-recuperacion-de-la-emblematica-av-los-haticos\/","name":"Gobernador Rosales inici\u00f3 los trabajos de construcci\u00f3n y recuperaci\u00f3n de la emblem\u00e1tica Av. Los Haticos - Venezuela | Noti-America.com","isPartOf":{"@id":"https:\/\/noti-america.com\/site\/venezuela\/#website"},"primaryImageOfPage":{"@id":"https:\/\/noti-america.com\/site\/venezuela\/2023\/01\/18\/gobernador-rosales-inicio-los-trabajos-de-construccion-y-recuperacion-de-la-emblematica-av-los-haticos\/#primaryimage"},"image":{"@id":"https:\/\/noti-america.com\/site\/venezuela\/2023\/01\/18\/gobernador-rosales-inicio-los-trabajos-de-construccion-y-recuperacion-de-la-emblematica-av-los-haticos\/#primaryimage"},"thumbnailUrl":"https:\/\/noti-america.com\/site\/venezuela\/wp-content\/uploads\/sites\/2\/2023\/01\/IMG-20230117-WA0261.jpg","datePublished":"2023-01-18T02:34:42+00:00","breadcrumb":{"@id":"https:\/\/noti-america.com\/site\/venezuela\/2023\/01\/18\/gobernador-rosales-inicio-los-trabajos-de-construccion-y-recuperacion-de-la-emblematica-av-los-haticos\/#breadcrumb"},"inLanguage":"es","potentialAction":[{"@type":"ReadAction","target":["https:\/\/noti-america.com\/site\/venezuela\/2023\/01\/18\/gobernador-rosales-inicio-los-trabajos-de-construccion-y-recuperacion-de-la-emblematica-av-los-haticos\/"]}]},{"@type":"ImageObject","inLanguage":"es","@id":"https:\/\/noti-america.com\/site\/venezuela\/2023\/01\/18\/gobernador-rosales-inicio-los-trabajos-de-construccion-y-recuperacion-de-la-emblematica-av-los-haticos\/#primaryimage","url":"https:\/\/noti-america.com\/site\/venezuela\/wp-content\/uploads\/sites\/2\/2023\/01\/IMG-20230117-WA0261.jpg","contentUrl":"https:\/\/noti-america.com\/site\/venezuela\/wp-content\/uploads\/sites\/2\/2023\/01\/IMG-20230117-WA0261.jpg","width":1280,"height":720},{"@type":"BreadcrumbList","@id":"https:\/\/noti-america.com\/site\/venezuela\/2023\/01\/18\/gobernador-rosales-inicio-los-trabajos-de-construccion-y-recuperacion-de-la-emblematica-av-los-haticos\/#breadcrumb","itemListElement":[{"@type":"ListItem","position":1,"name":"Portada","item":"https:\/\/noti-america.com\/site\/venezuela\/"},{"@type":"ListItem","position":2,"name":"Gobernador Rosales inici\u00f3 los trabajos de construcci\u00f3n y recuperaci\u00f3n de la emblem\u00e1tica Av. Los Haticos"}]},{"@type":"WebSite","@id":"https:\/\/noti-america.com\/site\/venezuela\/#website","url":"https:\/\/noti-america.com\/site\/venezuela\/","name":"Venezuela | Noti-America.com","description":"","publisher":{"@id":"https:\/\/noti-america.com\/site\/venezuela\/#organization"},"potentialAction":[{"@type":"SearchAction","target":{"@type":"EntryPoint","urlTemplate":"https:\/\/noti-america.com\/site\/venezuela\/?s={search_term_string}"},"query-input":{"@type":"PropertyValueSpecification","valueRequired":true,"valueName":"search_term_string"}}],"inLanguage":"es"},{"@type":"Organization","@id":"https:\/\/noti-america.com\/site\/venezuela\/#organization","name":"Noti-America LLC | Venezuela","url":"https:\/\/noti-america.com\/site\/venezuela\/","logo":{"@type":"ImageObject","inLanguage":"es","@id":"https:\/\/noti-america.com\/site\/venezuela\/#\/schema\/logo\/image\/","url":"https:\/\/noti-america.com\/site\/venezuela\/wp-content\/uploads\/sites\/2\/2020\/07\/LogoNA-4x3-1.jpg","contentUrl":"https:\/\/noti-america.com\/site\/venezuela\/wp-content\/uploads\/sites\/2\/2020\/07\/LogoNA-4x3-1.jpg","width":1236,"height":1080,"caption":"Noti-America LLC | Venezuela"},"image":{"@id":"https:\/\/noti-america.com\/site\/venezuela\/#\/schema\/logo\/image\/"}},{"@type":"Person","@id":"https:\/\/noti-america.com\/site\/venezuela\/#\/schema\/person\/2f37ed06a1cd058e8d611b3d42cce678","name":"Hendrick Garcia","image":{"@type":"ImageObject","inLanguage":"es","@id":"https:\/\/secure.gravatar.com\/avatar\/07f13ce868ede7f0937b7abbada276f430e4ed25cfff75dbe7f98f95ac02358c?s=96&d=mm&r=g","url":"https:\/\/secure.gravatar.com\/avatar\/07f13ce868ede7f0937b7abbada276f430e4ed25cfff75dbe7f98f95ac02358c?s=96&d=mm&r=g","contentUrl":"https:\/\/secure.gravatar.com\/avatar\/07f13ce868ede7f0937b7abbada276f430e4ed25cfff75dbe7f98f95ac02358c?s=96&d=mm&r=g","caption":"Hendrick Garcia"},"url":"https:\/\/noti-america.com\/site\/venezuela\/author\/hegarcia\/"}]}},"_links":{"self":[{"href":"https:\/\/noti-america.com\/site\/venezuela\/wp-json\/wp\/v2\/posts\/24724","targetHints":{"allow":["GET"]}}],"collection":[{"href":"https:\/\/noti-america.com\/site\/venezuela\/wp-json\/wp\/v2\/posts"}],"about":[{"href":"https:\/\/noti-america.com\/site\/venezuela\/wp-json\/wp\/v2\/types\/post"}],"author":[{"embeddable":true,"href":"https:\/\/noti-america.com\/site\/venezuela\/wp-json\/wp\/v2\/users\/40"}],"replies":[{"embeddable":true,"href":"https:\/\/noti-america.com\/site\/venezuela\/wp-json\/wp\/v2\/comments?post=24724"}],"version-history":[{"count":2,"href":"https:\/\/noti-america.com\/site\/venezuela\/wp-json\/wp\/v2\/posts\/24724\/revisions"}],"predecessor-version":[{"id":24764,"href":"https:\/\/noti-america.com\/site\/venezuela\/wp-json\/wp\/v2\/posts\/24724\/revisions\/24764"}],"wp:featuredmedia":[{"embeddable":true,"href":"https:\/\/noti-america.com\/site\/venezuela\/wp-json\/wp\/v2\/media\/24759"}],"wp:attachment":[{"href":"https:\/\/noti-america.com\/site\/venezuela\/wp-json\/wp\/v2\/media?parent=24724"}],"wp:term":[{"taxonomy":"category","embeddable":true,"href":"https:\/\/noti-america.com\/site\/venezuela\/wp-json\/wp\/v2\/categories?post=24724"},{"taxonomy":"post_tag","embeddable":true,"href":"https:\/\/noti-america.com\/site\/venezuela\/wp-json\/wp\/v2\/tags?post=24724"}],"curies":[{"name":"wp","href":"https:\/\/api.w.org\/{rel}","templated":true}]}}