{"id":24085,"date":"2022-12-13T02:18:17","date_gmt":"2022-12-13T02:18:17","guid":{"rendered":"https:\/\/noti-america.com\/site\/venezuela\/?p=24085"},"modified":"2022-12-13T02:18:17","modified_gmt":"2022-12-13T02:18:17","slug":"jose-mata-y-samuel-betancourt-la-sacan-del-estadio","status":"publish","type":"post","link":"https:\/\/noti-america.com\/site\/venezuela\/2022\/12\/13\/jose-mata-y-samuel-betancourt-la-sacan-del-estadio\/","title":{"rendered":"Jos\u00e9 Mata y Samuel Betancourt la sacan del estadio"},"content":{"rendered":"<p><strong>Jos\u00e9 Mata y Samuel Betancourt<\/strong>, brillaron en la semana de la moda que se realiz\u00f3 recientemente en <strong>Venezuela<\/strong>, espec\u00edficamente en Valencia, ambos llegaron con un look fuera de lo com\u00fan, rob\u00e1ndose las miradas de los asistentes marcando tendencia.<\/p>\n<p>&nbsp;<\/p>\n<p>Fueron elegidos por el dise\u00f1ador <strong>\u00c1ngel S\u00e1nchez<\/strong>, para hacer el trabajo fotogr\u00e1fico de su \u00faltima colecci\u00f3n. Con una larga trayectoria estos venezolanos han traspaso fronteras y no para de cosechar \u00e9xitos por el trabajo que vienen realizando, en Instagram \u00a0han ganado muchos corazones por su profesionalismo.<\/p>\n<p>&nbsp;<\/p>\n<p>Esta 2022 fue de viajes, \u00e9xitos y reconocimientos para los artistas. Estuvieron en <strong>Los Roques, Canaima y Europa<\/strong>, donde importantes modelos estuvieron posando bajo el lente de ambos profesionales, causando revuelo por la creativa de los artistas nacionales en personajes de <strong>Disney<\/strong>.<\/p>\n<p>&nbsp;<\/p>\n<p>El pr\u00f3ximo a\u00f1o vienen recargados con nuevos proyectos para seguir represando muy bien la tierra que los vio nacer.<\/p>\n","protected":false},"excerpt":{"rendered":"<p>Jos\u00e9 Mata y Samuel Betancourt, brillaron en la semana de la moda que se realiz\u00f3 recientemente en Venezuela, espec\u00edficamente en Valencia, ambos llegaron con un look fuera de lo com\u00fan, rob\u00e1ndose las miradas de&#46;&#46;&#46;<\/p>\n","protected":false},"author":127,"featured_media":24086,"comment_status":"open","ping_status":"open","sticky":false,"template":"","format":"standard","meta":{"_acf_changed":false,"om_disable_all_campaigns":false,"rop_custom_images_group":[],"rop_custom_messages_group":[],"rop_publish_now":"initial","rop_publish_now_accounts":{"twitter_242054905_242054905":""},"rop_publish_now_history":[],"rop_publish_now_status":"pending","_uf_show_specific_survey":0,"_uf_disable_surveys":false,"footnotes":""},"categories":[130],"tags":[1139],"class_list":["post-24085","post","type-post","status-publish","format-standard","has-post-thumbnail","hentry","category-farandula","tag-josemata"],"acf":[],"aioseo_notices":[],"yoast_head":"<!-- This site is optimized with the Yoast SEO Premium plugin v24.9 (Yoast SEO v27.2) - https:\/\/yoast.com\/product\/yoast-seo-premium-wordpress\/ -->\n<title>Jos\u00e9 Mata y Samuel Betancourt la sacan del estadio - Venezuela | Noti-America.com<\/title>\n<meta name=\"robots\" content=\"index, follow, max-snippet:-1, max-image-preview:large, max-video-preview:-1\" \/>\n<link rel=\"canonical\" href=\"https:\/\/noti-america.com\/site\/venezuela\/2022\/12\/13\/jose-mata-y-samuel-betancourt-la-sacan-del-estadio\/\" \/>\n<meta property=\"og:locale\" content=\"es_ES\" \/>\n<meta property=\"og:type\" content=\"article\" \/>\n<meta property=\"og:title\" content=\"Jos\u00e9 Mata y Samuel Betancourt la sacan del estadio\" \/>\n<meta property=\"og:description\" content=\"Jos\u00e9 Mata y Samuel Betancourt, brillaron en la semana de la moda que se realiz\u00f3 recientemente en Venezuela, espec\u00edficamente en Valencia, ambos llegaron con un look fuera de lo com\u00fan, rob\u00e1ndose las miradas de&#046;&#046;&#046;\" \/>\n<meta property=\"og:url\" content=\"https:\/\/noti-america.com\/site\/venezuela\/2022\/12\/13\/jose-mata-y-samuel-betancourt-la-sacan-del-estadio\/\" \/>\n<meta property=\"og:site_name\" content=\"Venezuela | Noti-America.com\" \/>\n<meta property=\"article:published_time\" content=\"2022-12-13T02:18:17+00:00\" \/>\n<meta property=\"og:image\" content=\"https:\/\/noti-america.com\/site\/venezuela\/wp-content\/uploads\/sites\/2\/2022\/12\/JOSE-MATA.jpg\" \/>\n\t<meta property=\"og:image:width\" content=\"1030\" \/>\n\t<meta property=\"og:image:height\" content=\"1280\" \/>\n\t<meta property=\"og:image:type\" content=\"image\/jpeg\" \/>\n<meta name=\"author\" content=\"Yoelvzla\" \/>\n<meta name=\"twitter:card\" content=\"summary_large_image\" \/>\n<meta name=\"twitter:label1\" content=\"Escrito por\" \/>\n\t<meta name=\"twitter:data1\" content=\"Yoelvzla\" \/>\n\t<meta name=\"twitter:label2\" content=\"Tiempo estimado de lectura\" \/>\n\t<meta name=\"twitter:data2\" content=\"1 minuto\" \/>\n<script type=\"application\/ld+json\" class=\"yoast-schema-graph\">{\"@context\":\"https:\/\/schema.org\",\"@graph\":[{\"@type\":\"Article\",\"@id\":\"https:\/\/noti-america.com\/site\/venezuela\/2022\/12\/13\/jose-mata-y-samuel-betancourt-la-sacan-del-estadio\/#article\",\"isPartOf\":{\"@id\":\"https:\/\/noti-america.com\/site\/venezuela\/2022\/12\/13\/jose-mata-y-samuel-betancourt-la-sacan-del-estadio\/\"},\"author\":{\"name\":\"Yoelvzla\",\"@id\":\"https:\/\/noti-america.com\/site\/venezuela\/#\/schema\/person\/376ccc7b3cc7a8d5a43c3ece07a43857\"},\"headline\":\"Jos\u00e9 Mata y Samuel Betancourt la sacan del estadio\",\"datePublished\":\"2022-12-13T02:18:17+00:00\",\"mainEntityOfPage\":{\"@id\":\"https:\/\/noti-america.com\/site\/venezuela\/2022\/12\/13\/jose-mata-y-samuel-betancourt-la-sacan-del-estadio\/\"},\"wordCount\":165,\"commentCount\":0,\"publisher\":{\"@id\":\"https:\/\/noti-america.com\/site\/venezuela\/#organization\"},\"image\":{\"@id\":\"https:\/\/noti-america.com\/site\/venezuela\/2022\/12\/13\/jose-mata-y-samuel-betancourt-la-sacan-del-estadio\/#primaryimage\"},\"thumbnailUrl\":\"https:\/\/noti-america.com\/site\/venezuela\/wp-content\/uploads\/sites\/2\/2022\/12\/JOSE-MATA.jpg\",\"keywords\":[\"JoseMata\"],\"articleSection\":[\"Far\u00e1ndula\"],\"inLanguage\":\"es\",\"potentialAction\":[{\"@type\":\"CommentAction\",\"name\":\"Comment\",\"target\":[\"https:\/\/noti-america.com\/site\/venezuela\/2022\/12\/13\/jose-mata-y-samuel-betancourt-la-sacan-del-estadio\/#respond\"]}]},{\"@type\":\"WebPage\",\"@id\":\"https:\/\/noti-america.com\/site\/venezuela\/2022\/12\/13\/jose-mata-y-samuel-betancourt-la-sacan-del-estadio\/\",\"url\":\"https:\/\/noti-america.com\/site\/venezuela\/2022\/12\/13\/jose-mata-y-samuel-betancourt-la-sacan-del-estadio\/\",\"name\":\"Jos\u00e9 Mata y Samuel Betancourt la sacan del estadio - Venezuela | Noti-America.com\",\"isPartOf\":{\"@id\":\"https:\/\/noti-america.com\/site\/venezuela\/#website\"},\"primaryImageOfPage\":{\"@id\":\"https:\/\/noti-america.com\/site\/venezuela\/2022\/12\/13\/jose-mata-y-samuel-betancourt-la-sacan-del-estadio\/#primaryimage\"},\"image\":{\"@id\":\"https:\/\/noti-america.com\/site\/venezuela\/2022\/12\/13\/jose-mata-y-samuel-betancourt-la-sacan-del-estadio\/#primaryimage\"},\"thumbnailUrl\":\"https:\/\/noti-america.com\/site\/venezuela\/wp-content\/uploads\/sites\/2\/2022\/12\/JOSE-MATA.jpg\",\"datePublished\":\"2022-12-13T02:18:17+00:00\",\"breadcrumb\":{\"@id\":\"https:\/\/noti-america.com\/site\/venezuela\/2022\/12\/13\/jose-mata-y-samuel-betancourt-la-sacan-del-estadio\/#breadcrumb\"},\"inLanguage\":\"es\",\"potentialAction\":[{\"@type\":\"ReadAction\",\"target\":[\"https:\/\/noti-america.com\/site\/venezuela\/2022\/12\/13\/jose-mata-y-samuel-betancourt-la-sacan-del-estadio\/\"]}]},{\"@type\":\"ImageObject\",\"inLanguage\":\"es\",\"@id\":\"https:\/\/noti-america.com\/site\/venezuela\/2022\/12\/13\/jose-mata-y-samuel-betancourt-la-sacan-del-estadio\/#primaryimage\",\"url\":\"https:\/\/noti-america.com\/site\/venezuela\/wp-content\/uploads\/sites\/2\/2022\/12\/JOSE-MATA.jpg\",\"contentUrl\":\"https:\/\/noti-america.com\/site\/venezuela\/wp-content\/uploads\/sites\/2\/2022\/12\/JOSE-MATA.jpg\",\"width\":1030,\"height\":1280},{\"@type\":\"BreadcrumbList\",\"@id\":\"https:\/\/noti-america.com\/site\/venezuela\/2022\/12\/13\/jose-mata-y-samuel-betancourt-la-sacan-del-estadio\/#breadcrumb\",\"itemListElement\":[{\"@type\":\"ListItem\",\"position\":1,\"name\":\"Portada\",\"item\":\"https:\/\/noti-america.com\/site\/venezuela\/\"},{\"@type\":\"ListItem\",\"position\":2,\"name\":\"Jos\u00e9 Mata y Samuel Betancourt la sacan del estadio\"}]},{\"@type\":\"WebSite\",\"@id\":\"https:\/\/noti-america.com\/site\/venezuela\/#website\",\"url\":\"https:\/\/noti-america.com\/site\/venezuela\/\",\"name\":\"Venezuela | Noti-America.com\",\"description\":\"\",\"publisher\":{\"@id\":\"https:\/\/noti-america.com\/site\/venezuela\/#organization\"},\"potentialAction\":[{\"@type\":\"SearchAction\",\"target\":{\"@type\":\"EntryPoint\",\"urlTemplate\":\"https:\/\/noti-america.com\/site\/venezuela\/?s={search_term_string}\"},\"query-input\":{\"@type\":\"PropertyValueSpecification\",\"valueRequired\":true,\"valueName\":\"search_term_string\"}}],\"inLanguage\":\"es\"},{\"@type\":\"Organization\",\"@id\":\"https:\/\/noti-america.com\/site\/venezuela\/#organization\",\"name\":\"Noti-America LLC | Venezuela\",\"url\":\"https:\/\/noti-america.com\/site\/venezuela\/\",\"logo\":{\"@type\":\"ImageObject\",\"inLanguage\":\"es\",\"@id\":\"https:\/\/noti-america.com\/site\/venezuela\/#\/schema\/logo\/image\/\",\"url\":\"https:\/\/noti-america.com\/site\/venezuela\/wp-content\/uploads\/sites\/2\/2020\/07\/LogoNA-4x3-1.jpg\",\"contentUrl\":\"https:\/\/noti-america.com\/site\/venezuela\/wp-content\/uploads\/sites\/2\/2020\/07\/LogoNA-4x3-1.jpg\",\"width\":1236,\"height\":1080,\"caption\":\"Noti-America LLC | Venezuela\"},\"image\":{\"@id\":\"https:\/\/noti-america.com\/site\/venezuela\/#\/schema\/logo\/image\/\"}},{\"@type\":\"Person\",\"@id\":\"https:\/\/noti-america.com\/site\/venezuela\/#\/schema\/person\/376ccc7b3cc7a8d5a43c3ece07a43857\",\"name\":\"Yoelvzla\",\"image\":{\"@type\":\"ImageObject\",\"inLanguage\":\"es\",\"@id\":\"https:\/\/secure.gravatar.com\/avatar\/13a96a72123e0e9aa76fe82e8847f726c63a1c5ef6a8d0fadd844c1a5a83b212?s=96&d=mm&r=g\",\"url\":\"https:\/\/secure.gravatar.com\/avatar\/13a96a72123e0e9aa76fe82e8847f726c63a1c5ef6a8d0fadd844c1a5a83b212?s=96&d=mm&r=g\",\"contentUrl\":\"https:\/\/secure.gravatar.com\/avatar\/13a96a72123e0e9aa76fe82e8847f726c63a1c5ef6a8d0fadd844c1a5a83b212?s=96&d=mm&r=g\",\"caption\":\"Yoelvzla\"},\"url\":\"https:\/\/noti-america.com\/site\/venezuela\/author\/ydiaz\/\"}]}<\/script>\n<!-- \/ Yoast SEO Premium plugin. -->","yoast_head_json":{"title":"Jos\u00e9 Mata y Samuel Betancourt la sacan del estadio - Venezuela | Noti-America.com","robots":{"index":"index","follow":"follow","max-snippet":"max-snippet:-1","max-image-preview":"max-image-preview:large","max-video-preview":"max-video-preview:-1"},"canonical":"https:\/\/noti-america.com\/site\/venezuela\/2022\/12\/13\/jose-mata-y-samuel-betancourt-la-sacan-del-estadio\/","og_locale":"es_ES","og_type":"article","og_title":"Jos\u00e9 Mata y Samuel Betancourt la sacan del estadio","og_description":"Jos\u00e9 Mata y Samuel Betancourt, brillaron en la semana de la moda que se realiz\u00f3 recientemente en Venezuela, espec\u00edficamente en Valencia, ambos llegaron con un look fuera de lo com\u00fan, rob\u00e1ndose las miradas de&#46;&#46;&#46;","og_url":"https:\/\/noti-america.com\/site\/venezuela\/2022\/12\/13\/jose-mata-y-samuel-betancourt-la-sacan-del-estadio\/","og_site_name":"Venezuela | Noti-America.com","article_published_time":"2022-12-13T02:18:17+00:00","og_image":[{"width":1030,"height":1280,"url":"https:\/\/noti-america.com\/site\/venezuela\/wp-content\/uploads\/sites\/2\/2022\/12\/JOSE-MATA.jpg","type":"image\/jpeg"}],"author":"Yoelvzla","twitter_card":"summary_large_image","twitter_misc":{"Escrito por":"Yoelvzla","Tiempo estimado de lectura":"1 minuto"},"schema":{"@context":"https:\/\/schema.org","@graph":[{"@type":"Article","@id":"https:\/\/noti-america.com\/site\/venezuela\/2022\/12\/13\/jose-mata-y-samuel-betancourt-la-sacan-del-estadio\/#article","isPartOf":{"@id":"https:\/\/noti-america.com\/site\/venezuela\/2022\/12\/13\/jose-mata-y-samuel-betancourt-la-sacan-del-estadio\/"},"author":{"name":"Yoelvzla","@id":"https:\/\/noti-america.com\/site\/venezuela\/#\/schema\/person\/376ccc7b3cc7a8d5a43c3ece07a43857"},"headline":"Jos\u00e9 Mata y Samuel Betancourt la sacan del estadio","datePublished":"2022-12-13T02:18:17+00:00","mainEntityOfPage":{"@id":"https:\/\/noti-america.com\/site\/venezuela\/2022\/12\/13\/jose-mata-y-samuel-betancourt-la-sacan-del-estadio\/"},"wordCount":165,"commentCount":0,"publisher":{"@id":"https:\/\/noti-america.com\/site\/venezuela\/#organization"},"image":{"@id":"https:\/\/noti-america.com\/site\/venezuela\/2022\/12\/13\/jose-mata-y-samuel-betancourt-la-sacan-del-estadio\/#primaryimage"},"thumbnailUrl":"https:\/\/noti-america.com\/site\/venezuela\/wp-content\/uploads\/sites\/2\/2022\/12\/JOSE-MATA.jpg","keywords":["JoseMata"],"articleSection":["Far\u00e1ndula"],"inLanguage":"es","potentialAction":[{"@type":"CommentAction","name":"Comment","target":["https:\/\/noti-america.com\/site\/venezuela\/2022\/12\/13\/jose-mata-y-samuel-betancourt-la-sacan-del-estadio\/#respond"]}]},{"@type":"WebPage","@id":"https:\/\/noti-america.com\/site\/venezuela\/2022\/12\/13\/jose-mata-y-samuel-betancourt-la-sacan-del-estadio\/","url":"https:\/\/noti-america.com\/site\/venezuela\/2022\/12\/13\/jose-mata-y-samuel-betancourt-la-sacan-del-estadio\/","name":"Jos\u00e9 Mata y Samuel Betancourt la sacan del estadio - Venezuela | Noti-America.com","isPartOf":{"@id":"https:\/\/noti-america.com\/site\/venezuela\/#website"},"primaryImageOfPage":{"@id":"https:\/\/noti-america.com\/site\/venezuela\/2022\/12\/13\/jose-mata-y-samuel-betancourt-la-sacan-del-estadio\/#primaryimage"},"image":{"@id":"https:\/\/noti-america.com\/site\/venezuela\/2022\/12\/13\/jose-mata-y-samuel-betancourt-la-sacan-del-estadio\/#primaryimage"},"thumbnailUrl":"https:\/\/noti-america.com\/site\/venezuela\/wp-content\/uploads\/sites\/2\/2022\/12\/JOSE-MATA.jpg","datePublished":"2022-12-13T02:18:17+00:00","breadcrumb":{"@id":"https:\/\/noti-america.com\/site\/venezuela\/2022\/12\/13\/jose-mata-y-samuel-betancourt-la-sacan-del-estadio\/#breadcrumb"},"inLanguage":"es","potentialAction":[{"@type":"ReadAction","target":["https:\/\/noti-america.com\/site\/venezuela\/2022\/12\/13\/jose-mata-y-samuel-betancourt-la-sacan-del-estadio\/"]}]},{"@type":"ImageObject","inLanguage":"es","@id":"https:\/\/noti-america.com\/site\/venezuela\/2022\/12\/13\/jose-mata-y-samuel-betancourt-la-sacan-del-estadio\/#primaryimage","url":"https:\/\/noti-america.com\/site\/venezuela\/wp-content\/uploads\/sites\/2\/2022\/12\/JOSE-MATA.jpg","contentUrl":"https:\/\/noti-america.com\/site\/venezuela\/wp-content\/uploads\/sites\/2\/2022\/12\/JOSE-MATA.jpg","width":1030,"height":1280},{"@type":"BreadcrumbList","@id":"https:\/\/noti-america.com\/site\/venezuela\/2022\/12\/13\/jose-mata-y-samuel-betancourt-la-sacan-del-estadio\/#breadcrumb","itemListElement":[{"@type":"ListItem","position":1,"name":"Portada","item":"https:\/\/noti-america.com\/site\/venezuela\/"},{"@type":"ListItem","position":2,"name":"Jos\u00e9 Mata y Samuel Betancourt la sacan del estadio"}]},{"@type":"WebSite","@id":"https:\/\/noti-america.com\/site\/venezuela\/#website","url":"https:\/\/noti-america.com\/site\/venezuela\/","name":"Venezuela | Noti-America.com","description":"","publisher":{"@id":"https:\/\/noti-america.com\/site\/venezuela\/#organization"},"potentialAction":[{"@type":"SearchAction","target":{"@type":"EntryPoint","urlTemplate":"https:\/\/noti-america.com\/site\/venezuela\/?s={search_term_string}"},"query-input":{"@type":"PropertyValueSpecification","valueRequired":true,"valueName":"search_term_string"}}],"inLanguage":"es"},{"@type":"Organization","@id":"https:\/\/noti-america.com\/site\/venezuela\/#organization","name":"Noti-America LLC | Venezuela","url":"https:\/\/noti-america.com\/site\/venezuela\/","logo":{"@type":"ImageObject","inLanguage":"es","@id":"https:\/\/noti-america.com\/site\/venezuela\/#\/schema\/logo\/image\/","url":"https:\/\/noti-america.com\/site\/venezuela\/wp-content\/uploads\/sites\/2\/2020\/07\/LogoNA-4x3-1.jpg","contentUrl":"https:\/\/noti-america.com\/site\/venezuela\/wp-content\/uploads\/sites\/2\/2020\/07\/LogoNA-4x3-1.jpg","width":1236,"height":1080,"caption":"Noti-America LLC | Venezuela"},"image":{"@id":"https:\/\/noti-america.com\/site\/venezuela\/#\/schema\/logo\/image\/"}},{"@type":"Person","@id":"https:\/\/noti-america.com\/site\/venezuela\/#\/schema\/person\/376ccc7b3cc7a8d5a43c3ece07a43857","name":"Yoelvzla","image":{"@type":"ImageObject","inLanguage":"es","@id":"https:\/\/secure.gravatar.com\/avatar\/13a96a72123e0e9aa76fe82e8847f726c63a1c5ef6a8d0fadd844c1a5a83b212?s=96&d=mm&r=g","url":"https:\/\/secure.gravatar.com\/avatar\/13a96a72123e0e9aa76fe82e8847f726c63a1c5ef6a8d0fadd844c1a5a83b212?s=96&d=mm&r=g","contentUrl":"https:\/\/secure.gravatar.com\/avatar\/13a96a72123e0e9aa76fe82e8847f726c63a1c5ef6a8d0fadd844c1a5a83b212?s=96&d=mm&r=g","caption":"Yoelvzla"},"url":"https:\/\/noti-america.com\/site\/venezuela\/author\/ydiaz\/"}]}},"_links":{"self":[{"href":"https:\/\/noti-america.com\/site\/venezuela\/wp-json\/wp\/v2\/posts\/24085","targetHints":{"allow":["GET"]}}],"collection":[{"href":"https:\/\/noti-america.com\/site\/venezuela\/wp-json\/wp\/v2\/posts"}],"about":[{"href":"https:\/\/noti-america.com\/site\/venezuela\/wp-json\/wp\/v2\/types\/post"}],"author":[{"embeddable":true,"href":"https:\/\/noti-america.com\/site\/venezuela\/wp-json\/wp\/v2\/users\/127"}],"replies":[{"embeddable":true,"href":"https:\/\/noti-america.com\/site\/venezuela\/wp-json\/wp\/v2\/comments?post=24085"}],"version-history":[{"count":1,"href":"https:\/\/noti-america.com\/site\/venezuela\/wp-json\/wp\/v2\/posts\/24085\/revisions"}],"predecessor-version":[{"id":24087,"href":"https:\/\/noti-america.com\/site\/venezuela\/wp-json\/wp\/v2\/posts\/24085\/revisions\/24087"}],"wp:featuredmedia":[{"embeddable":true,"href":"https:\/\/noti-america.com\/site\/venezuela\/wp-json\/wp\/v2\/media\/24086"}],"wp:attachment":[{"href":"https:\/\/noti-america.com\/site\/venezuela\/wp-json\/wp\/v2\/media?parent=24085"}],"wp:term":[{"taxonomy":"category","embeddable":true,"href":"https:\/\/noti-america.com\/site\/venezuela\/wp-json\/wp\/v2\/categories?post=24085"},{"taxonomy":"post_tag","embeddable":true,"href":"https:\/\/noti-america.com\/site\/venezuela\/wp-json\/wp\/v2\/tags?post=24085"}],"curies":[{"name":"wp","href":"https:\/\/api.w.org\/{rel}","templated":true}]}}