{"id":23958,"date":"2022-12-08T13:21:58","date_gmt":"2022-12-08T13:21:58","guid":{"rendered":"https:\/\/noti-america.com\/site\/venezuela\/?p=23958"},"modified":"2022-12-08T13:21:58","modified_gmt":"2022-12-08T13:21:58","slug":"confirman-que-el-gobierno-venezolano-establecera-precios-maximos-de-venta-a-productos-de-consumo-masivo","status":"publish","type":"post","link":"https:\/\/noti-america.com\/site\/venezuela\/2022\/12\/08\/confirman-que-el-gobierno-venezolano-establecera-precios-maximos-de-venta-a-productos-de-consumo-masivo\/","title":{"rendered":"Confirman que el Gobierno venezolano establecer\u00e1 precios m\u00e1ximos de venta a productos de consumo masivo"},"content":{"rendered":"<p style=\"text-align: justify\">La semana pasada, la Superintendencia para la Defensa de los Derechos Socioecon\u00f3micos (Sundde) public\u00f3, y borr\u00f3 despu\u00e9s, una lista de precios m\u00e1ximos de venta al p\u00fablico.<\/p>\n<p style=\"text-align: justify\">El Gobierno de Venezuela acord\u00f3, luego de dos a\u00f1os,\u00a0<strong>retomar la pol\u00edtica de control de precios en m\u00e1s de 40 productos de consumo masivo<\/strong>, inform\u00f3 este mi\u00e9rcoles el diputado oficialista Jes\u00fas Far\u00eda, presidente de la Comisi\u00f3n de Econom\u00eda y Finanzas del Parlamento.<\/p>\n<p style=\"text-align: justify\">\u00abEl Gobierno ha adoptado un conjunto de decisiones\u00a0<strong>para establecer precios m\u00e1ximos de venta al p\u00fablico en m\u00e1s de 40 productos de consumo masivo<\/strong>\u00a0de la poblaci\u00f3n\u00bb, indic\u00f3 el legislador ante periodistas, sin precisar cu\u00e1les art\u00edculos estar\u00e1n dentro de este control ni cu\u00e1ndo entrar\u00e1 en vigor.<\/p>\n<p style=\"text-align: justify\">Asegur\u00f3 que la medida fue discutida y acordada con productores en vista de una reciente<strong>\u00a0\u00abalteraci\u00f3n en la din\u00e1mica de precios\u00bb<\/strong>, algo que alert\u00f3 al Gobierno pues, enfatiz\u00f3 que se mantienen \u00abatentos contra la especulaci\u00f3n\u00bb.<\/p>\n<p style=\"text-align: justify\">\u00ab<strong>Despu\u00e9s de conversaciones con diferentes sectores<\/strong>\u00a0(\u2026) se acordaron un conjunto de precios que deben constituir el tope al cual se venden esos productos, tomando en consideraci\u00f3n los costos de producci\u00f3n, tambi\u00e9n ganancias razonables, como lo establece la ley\u00bb, prosigui\u00f3.<\/p>\n<p style=\"text-align: justify\">Far\u00eda espera que los sectores productivos y los actores de la cadena de comercializaci\u00f3n\u00a0<strong>respeten estos acuerdos<\/strong>, si bien adelant\u00f3 que el Ejecutivo har\u00e1 \u00abtodo lo posible\u00bb para que esos precios sean acatados.<\/p>\n<p style=\"text-align: justify\">La semana pasada, la Superintendencia para la Defensa de los Derechos Socioecon\u00f3micos (Sundde) public\u00f3, y borr\u00f3 despu\u00e9s,\u00a0<strong>una lista de precios m\u00e1ximos de venta al p\u00fablico<\/strong>\u00a0-en productos como el arroz, la harina, el aceite y el az\u00facar-, algo que no ocurr\u00eda desde abril de 2020, cuando fijaron tarifas sobre 27 alimentos.<\/p>\n<p style=\"text-align: justify\">La llamada revoluci\u00f3n bolivariana empez\u00f3 a fijar precios en 2015, una pol\u00edtica que se fue endureciendo hasta 2018, cuando los controles comenzaron a flexibilizarse, seguido por un trienio de liberalizaci\u00f3n econ\u00f3mica en medio de la cual se resolvi\u00f3 la escasez de alimentos y f\u00e1rmacos que afect\u00f3 a la poblaci\u00f3n durante un quinquenio.<\/p>\n<p>Fuente: Banca y Negocios<\/p>\n","protected":false},"excerpt":{"rendered":"<p>La semana pasada, la Superintendencia para la Defensa de los Derechos Socioecon\u00f3micos (Sundde) public\u00f3, y borr\u00f3 despu\u00e9s, una lista de precios m\u00e1ximos de venta al p\u00fablico. El Gobierno de Venezuela acord\u00f3, luego de dos&#46;&#46;&#46;<\/p>\n","protected":false},"author":1,"featured_media":23959,"comment_status":"open","ping_status":"open","sticky":false,"template":"","format":"standard","meta":{"_acf_changed":false,"om_disable_all_campaigns":false,"rop_custom_images_group":[],"rop_custom_messages_group":[],"rop_publish_now":"initial","rop_publish_now_accounts":{"twitter_242054905_242054905":""},"rop_publish_now_history":[],"rop_publish_now_status":"pending","_uf_show_specific_survey":0,"_uf_disable_surveys":false,"footnotes":""},"categories":[5],"tags":[278,651,1133,1132],"class_list":["post-23958","post","type-post","status-publish","format-standard","has-post-thumbnail","hentry","category-economia","tag-alimentos","tag-economia-nacional","tag-precios","tag-sundde"],"acf":[],"aioseo_notices":[],"yoast_head":"<!-- This site is optimized with the Yoast SEO Premium plugin v24.9 (Yoast SEO v27.2) - https:\/\/yoast.com\/product\/yoast-seo-premium-wordpress\/ -->\n<title>Confirman que el Gobierno venezolano establecer\u00e1 precios m\u00e1ximos de venta a productos de consumo masivo - Venezuela | Noti-America.com<\/title>\n<meta name=\"robots\" content=\"index, follow, max-snippet:-1, max-image-preview:large, max-video-preview:-1\" \/>\n<link rel=\"canonical\" href=\"https:\/\/noti-america.com\/site\/venezuela\/2022\/12\/08\/confirman-que-el-gobierno-venezolano-establecera-precios-maximos-de-venta-a-productos-de-consumo-masivo\/\" \/>\n<meta property=\"og:locale\" content=\"es_ES\" \/>\n<meta property=\"og:type\" content=\"article\" \/>\n<meta property=\"og:title\" content=\"Confirman que el Gobierno venezolano establecer\u00e1 precios m\u00e1ximos de venta a productos de consumo masivo\" \/>\n<meta property=\"og:description\" content=\"La semana pasada, la Superintendencia para la Defensa de los Derechos Socioecon\u00f3micos (Sundde) public\u00f3, y borr\u00f3 despu\u00e9s, una lista de precios m\u00e1ximos de venta al p\u00fablico. El Gobierno de Venezuela acord\u00f3, luego de dos&#046;&#046;&#046;\" \/>\n<meta property=\"og:url\" content=\"https:\/\/noti-america.com\/site\/venezuela\/2022\/12\/08\/confirman-que-el-gobierno-venezolano-establecera-precios-maximos-de-venta-a-productos-de-consumo-masivo\/\" \/>\n<meta property=\"og:site_name\" content=\"Venezuela | Noti-America.com\" \/>\n<meta property=\"article:published_time\" content=\"2022-12-08T13:21:58+00:00\" \/>\n<meta property=\"og:image\" content=\"https:\/\/noti-america.com\/site\/venezuela\/wp-content\/uploads\/sites\/2\/2022\/12\/maquila-10.jpg\" \/>\n\t<meta property=\"og:image:width\" content=\"1024\" \/>\n\t<meta property=\"og:image:height\" content=\"676\" \/>\n\t<meta property=\"og:image:type\" content=\"image\/jpeg\" \/>\n<meta name=\"author\" content=\"Rosmer Herrera\" \/>\n<meta name=\"twitter:card\" content=\"summary_large_image\" \/>\n<meta name=\"twitter:label1\" content=\"Escrito por\" \/>\n\t<meta name=\"twitter:data1\" content=\"Rosmer Herrera\" \/>\n\t<meta name=\"twitter:label2\" content=\"Tiempo estimado de lectura\" \/>\n\t<meta name=\"twitter:data2\" content=\"2 minutos\" \/>\n<script type=\"application\/ld+json\" class=\"yoast-schema-graph\">{\"@context\":\"https:\/\/schema.org\",\"@graph\":[{\"@type\":\"Article\",\"@id\":\"https:\/\/noti-america.com\/site\/venezuela\/2022\/12\/08\/confirman-que-el-gobierno-venezolano-establecera-precios-maximos-de-venta-a-productos-de-consumo-masivo\/#article\",\"isPartOf\":{\"@id\":\"https:\/\/noti-america.com\/site\/venezuela\/2022\/12\/08\/confirman-que-el-gobierno-venezolano-establecera-precios-maximos-de-venta-a-productos-de-consumo-masivo\/\"},\"author\":{\"name\":\"Rosmer Herrera\",\"@id\":\"https:\/\/noti-america.com\/site\/venezuela\/#\/schema\/person\/fd58dbfb92a257e9dc5761bf69a855ff\"},\"headline\":\"Confirman que el Gobierno venezolano establecer\u00e1 precios m\u00e1ximos de venta a productos de consumo masivo\",\"datePublished\":\"2022-12-08T13:21:58+00:00\",\"mainEntityOfPage\":{\"@id\":\"https:\/\/noti-america.com\/site\/venezuela\/2022\/12\/08\/confirman-que-el-gobierno-venezolano-establecera-precios-maximos-de-venta-a-productos-de-consumo-masivo\/\"},\"wordCount\":380,\"commentCount\":0,\"publisher\":{\"@id\":\"https:\/\/noti-america.com\/site\/venezuela\/#organization\"},\"image\":{\"@id\":\"https:\/\/noti-america.com\/site\/venezuela\/2022\/12\/08\/confirman-que-el-gobierno-venezolano-establecera-precios-maximos-de-venta-a-productos-de-consumo-masivo\/#primaryimage\"},\"thumbnailUrl\":\"https:\/\/noti-america.com\/site\/venezuela\/wp-content\/uploads\/sites\/2\/2022\/12\/maquila-10.jpg\",\"keywords\":[\"Alimentos\",\"Econom\u00eda Nacional\",\"Precios\",\"SUNDDE\"],\"articleSection\":[\"Econom\u00eda\"],\"inLanguage\":\"es\",\"potentialAction\":[{\"@type\":\"CommentAction\",\"name\":\"Comment\",\"target\":[\"https:\/\/noti-america.com\/site\/venezuela\/2022\/12\/08\/confirman-que-el-gobierno-venezolano-establecera-precios-maximos-de-venta-a-productos-de-consumo-masivo\/#respond\"]}]},{\"@type\":\"WebPage\",\"@id\":\"https:\/\/noti-america.com\/site\/venezuela\/2022\/12\/08\/confirman-que-el-gobierno-venezolano-establecera-precios-maximos-de-venta-a-productos-de-consumo-masivo\/\",\"url\":\"https:\/\/noti-america.com\/site\/venezuela\/2022\/12\/08\/confirman-que-el-gobierno-venezolano-establecera-precios-maximos-de-venta-a-productos-de-consumo-masivo\/\",\"name\":\"Confirman que el Gobierno venezolano establecer\u00e1 precios m\u00e1ximos de venta a productos de consumo masivo - Venezuela | Noti-America.com\",\"isPartOf\":{\"@id\":\"https:\/\/noti-america.com\/site\/venezuela\/#website\"},\"primaryImageOfPage\":{\"@id\":\"https:\/\/noti-america.com\/site\/venezuela\/2022\/12\/08\/confirman-que-el-gobierno-venezolano-establecera-precios-maximos-de-venta-a-productos-de-consumo-masivo\/#primaryimage\"},\"image\":{\"@id\":\"https:\/\/noti-america.com\/site\/venezuela\/2022\/12\/08\/confirman-que-el-gobierno-venezolano-establecera-precios-maximos-de-venta-a-productos-de-consumo-masivo\/#primaryimage\"},\"thumbnailUrl\":\"https:\/\/noti-america.com\/site\/venezuela\/wp-content\/uploads\/sites\/2\/2022\/12\/maquila-10.jpg\",\"datePublished\":\"2022-12-08T13:21:58+00:00\",\"breadcrumb\":{\"@id\":\"https:\/\/noti-america.com\/site\/venezuela\/2022\/12\/08\/confirman-que-el-gobierno-venezolano-establecera-precios-maximos-de-venta-a-productos-de-consumo-masivo\/#breadcrumb\"},\"inLanguage\":\"es\",\"potentialAction\":[{\"@type\":\"ReadAction\",\"target\":[\"https:\/\/noti-america.com\/site\/venezuela\/2022\/12\/08\/confirman-que-el-gobierno-venezolano-establecera-precios-maximos-de-venta-a-productos-de-consumo-masivo\/\"]}]},{\"@type\":\"ImageObject\",\"inLanguage\":\"es\",\"@id\":\"https:\/\/noti-america.com\/site\/venezuela\/2022\/12\/08\/confirman-que-el-gobierno-venezolano-establecera-precios-maximos-de-venta-a-productos-de-consumo-masivo\/#primaryimage\",\"url\":\"https:\/\/noti-america.com\/site\/venezuela\/wp-content\/uploads\/sites\/2\/2022\/12\/maquila-10.jpg\",\"contentUrl\":\"https:\/\/noti-america.com\/site\/venezuela\/wp-content\/uploads\/sites\/2\/2022\/12\/maquila-10.jpg\",\"width\":1024,\"height\":676},{\"@type\":\"BreadcrumbList\",\"@id\":\"https:\/\/noti-america.com\/site\/venezuela\/2022\/12\/08\/confirman-que-el-gobierno-venezolano-establecera-precios-maximos-de-venta-a-productos-de-consumo-masivo\/#breadcrumb\",\"itemListElement\":[{\"@type\":\"ListItem\",\"position\":1,\"name\":\"Portada\",\"item\":\"https:\/\/noti-america.com\/site\/venezuela\/\"},{\"@type\":\"ListItem\",\"position\":2,\"name\":\"Confirman que el Gobierno venezolano establecer\u00e1 precios m\u00e1ximos de venta a productos de consumo masivo\"}]},{\"@type\":\"WebSite\",\"@id\":\"https:\/\/noti-america.com\/site\/venezuela\/#website\",\"url\":\"https:\/\/noti-america.com\/site\/venezuela\/\",\"name\":\"Venezuela | Noti-America.com\",\"description\":\"\",\"publisher\":{\"@id\":\"https:\/\/noti-america.com\/site\/venezuela\/#organization\"},\"potentialAction\":[{\"@type\":\"SearchAction\",\"target\":{\"@type\":\"EntryPoint\",\"urlTemplate\":\"https:\/\/noti-america.com\/site\/venezuela\/?s={search_term_string}\"},\"query-input\":{\"@type\":\"PropertyValueSpecification\",\"valueRequired\":true,\"valueName\":\"search_term_string\"}}],\"inLanguage\":\"es\"},{\"@type\":\"Organization\",\"@id\":\"https:\/\/noti-america.com\/site\/venezuela\/#organization\",\"name\":\"Noti-America LLC | Venezuela\",\"url\":\"https:\/\/noti-america.com\/site\/venezuela\/\",\"logo\":{\"@type\":\"ImageObject\",\"inLanguage\":\"es\",\"@id\":\"https:\/\/noti-america.com\/site\/venezuela\/#\/schema\/logo\/image\/\",\"url\":\"https:\/\/noti-america.com\/site\/venezuela\/wp-content\/uploads\/sites\/2\/2020\/07\/LogoNA-4x3-1.jpg\",\"contentUrl\":\"https:\/\/noti-america.com\/site\/venezuela\/wp-content\/uploads\/sites\/2\/2020\/07\/LogoNA-4x3-1.jpg\",\"width\":1236,\"height\":1080,\"caption\":\"Noti-America LLC | Venezuela\"},\"image\":{\"@id\":\"https:\/\/noti-america.com\/site\/venezuela\/#\/schema\/logo\/image\/\"}},{\"@type\":\"Person\",\"@id\":\"https:\/\/noti-america.com\/site\/venezuela\/#\/schema\/person\/fd58dbfb92a257e9dc5761bf69a855ff\",\"name\":\"Rosmer Herrera\",\"image\":{\"@type\":\"ImageObject\",\"inLanguage\":\"es\",\"@id\":\"https:\/\/secure.gravatar.com\/avatar\/153e75c261394dbf20ff1a1e70ea2be9494f2b40b7fc4e7704084db13220ae08?s=96&d=mm&r=g\",\"url\":\"https:\/\/secure.gravatar.com\/avatar\/153e75c261394dbf20ff1a1e70ea2be9494f2b40b7fc4e7704084db13220ae08?s=96&d=mm&r=g\",\"contentUrl\":\"https:\/\/secure.gravatar.com\/avatar\/153e75c261394dbf20ff1a1e70ea2be9494f2b40b7fc4e7704084db13220ae08?s=96&d=mm&r=g\",\"caption\":\"Rosmer Herrera\"},\"url\":\"https:\/\/noti-america.com\/site\/venezuela\/author\/rosmer33\/\"}]}<\/script>\n<!-- \/ Yoast SEO Premium plugin. -->","yoast_head_json":{"title":"Confirman que el Gobierno venezolano establecer\u00e1 precios m\u00e1ximos de venta a productos de consumo masivo - Venezuela | Noti-America.com","robots":{"index":"index","follow":"follow","max-snippet":"max-snippet:-1","max-image-preview":"max-image-preview:large","max-video-preview":"max-video-preview:-1"},"canonical":"https:\/\/noti-america.com\/site\/venezuela\/2022\/12\/08\/confirman-que-el-gobierno-venezolano-establecera-precios-maximos-de-venta-a-productos-de-consumo-masivo\/","og_locale":"es_ES","og_type":"article","og_title":"Confirman que el Gobierno venezolano establecer\u00e1 precios m\u00e1ximos de venta a productos de consumo masivo","og_description":"La semana pasada, la Superintendencia para la Defensa de los Derechos Socioecon\u00f3micos (Sundde) public\u00f3, y borr\u00f3 despu\u00e9s, una lista de precios m\u00e1ximos de venta al p\u00fablico. El Gobierno de Venezuela acord\u00f3, luego de dos&#46;&#46;&#46;","og_url":"https:\/\/noti-america.com\/site\/venezuela\/2022\/12\/08\/confirman-que-el-gobierno-venezolano-establecera-precios-maximos-de-venta-a-productos-de-consumo-masivo\/","og_site_name":"Venezuela | Noti-America.com","article_published_time":"2022-12-08T13:21:58+00:00","og_image":[{"width":1024,"height":676,"url":"https:\/\/noti-america.com\/site\/venezuela\/wp-content\/uploads\/sites\/2\/2022\/12\/maquila-10.jpg","type":"image\/jpeg"}],"author":"Rosmer Herrera","twitter_card":"summary_large_image","twitter_misc":{"Escrito por":"Rosmer Herrera","Tiempo estimado de lectura":"2 minutos"},"schema":{"@context":"https:\/\/schema.org","@graph":[{"@type":"Article","@id":"https:\/\/noti-america.com\/site\/venezuela\/2022\/12\/08\/confirman-que-el-gobierno-venezolano-establecera-precios-maximos-de-venta-a-productos-de-consumo-masivo\/#article","isPartOf":{"@id":"https:\/\/noti-america.com\/site\/venezuela\/2022\/12\/08\/confirman-que-el-gobierno-venezolano-establecera-precios-maximos-de-venta-a-productos-de-consumo-masivo\/"},"author":{"name":"Rosmer Herrera","@id":"https:\/\/noti-america.com\/site\/venezuela\/#\/schema\/person\/fd58dbfb92a257e9dc5761bf69a855ff"},"headline":"Confirman que el Gobierno venezolano establecer\u00e1 precios m\u00e1ximos de venta a productos de consumo masivo","datePublished":"2022-12-08T13:21:58+00:00","mainEntityOfPage":{"@id":"https:\/\/noti-america.com\/site\/venezuela\/2022\/12\/08\/confirman-que-el-gobierno-venezolano-establecera-precios-maximos-de-venta-a-productos-de-consumo-masivo\/"},"wordCount":380,"commentCount":0,"publisher":{"@id":"https:\/\/noti-america.com\/site\/venezuela\/#organization"},"image":{"@id":"https:\/\/noti-america.com\/site\/venezuela\/2022\/12\/08\/confirman-que-el-gobierno-venezolano-establecera-precios-maximos-de-venta-a-productos-de-consumo-masivo\/#primaryimage"},"thumbnailUrl":"https:\/\/noti-america.com\/site\/venezuela\/wp-content\/uploads\/sites\/2\/2022\/12\/maquila-10.jpg","keywords":["Alimentos","Econom\u00eda Nacional","Precios","SUNDDE"],"articleSection":["Econom\u00eda"],"inLanguage":"es","potentialAction":[{"@type":"CommentAction","name":"Comment","target":["https:\/\/noti-america.com\/site\/venezuela\/2022\/12\/08\/confirman-que-el-gobierno-venezolano-establecera-precios-maximos-de-venta-a-productos-de-consumo-masivo\/#respond"]}]},{"@type":"WebPage","@id":"https:\/\/noti-america.com\/site\/venezuela\/2022\/12\/08\/confirman-que-el-gobierno-venezolano-establecera-precios-maximos-de-venta-a-productos-de-consumo-masivo\/","url":"https:\/\/noti-america.com\/site\/venezuela\/2022\/12\/08\/confirman-que-el-gobierno-venezolano-establecera-precios-maximos-de-venta-a-productos-de-consumo-masivo\/","name":"Confirman que el Gobierno venezolano establecer\u00e1 precios m\u00e1ximos de venta a productos de consumo masivo - Venezuela | Noti-America.com","isPartOf":{"@id":"https:\/\/noti-america.com\/site\/venezuela\/#website"},"primaryImageOfPage":{"@id":"https:\/\/noti-america.com\/site\/venezuela\/2022\/12\/08\/confirman-que-el-gobierno-venezolano-establecera-precios-maximos-de-venta-a-productos-de-consumo-masivo\/#primaryimage"},"image":{"@id":"https:\/\/noti-america.com\/site\/venezuela\/2022\/12\/08\/confirman-que-el-gobierno-venezolano-establecera-precios-maximos-de-venta-a-productos-de-consumo-masivo\/#primaryimage"},"thumbnailUrl":"https:\/\/noti-america.com\/site\/venezuela\/wp-content\/uploads\/sites\/2\/2022\/12\/maquila-10.jpg","datePublished":"2022-12-08T13:21:58+00:00","breadcrumb":{"@id":"https:\/\/noti-america.com\/site\/venezuela\/2022\/12\/08\/confirman-que-el-gobierno-venezolano-establecera-precios-maximos-de-venta-a-productos-de-consumo-masivo\/#breadcrumb"},"inLanguage":"es","potentialAction":[{"@type":"ReadAction","target":["https:\/\/noti-america.com\/site\/venezuela\/2022\/12\/08\/confirman-que-el-gobierno-venezolano-establecera-precios-maximos-de-venta-a-productos-de-consumo-masivo\/"]}]},{"@type":"ImageObject","inLanguage":"es","@id":"https:\/\/noti-america.com\/site\/venezuela\/2022\/12\/08\/confirman-que-el-gobierno-venezolano-establecera-precios-maximos-de-venta-a-productos-de-consumo-masivo\/#primaryimage","url":"https:\/\/noti-america.com\/site\/venezuela\/wp-content\/uploads\/sites\/2\/2022\/12\/maquila-10.jpg","contentUrl":"https:\/\/noti-america.com\/site\/venezuela\/wp-content\/uploads\/sites\/2\/2022\/12\/maquila-10.jpg","width":1024,"height":676},{"@type":"BreadcrumbList","@id":"https:\/\/noti-america.com\/site\/venezuela\/2022\/12\/08\/confirman-que-el-gobierno-venezolano-establecera-precios-maximos-de-venta-a-productos-de-consumo-masivo\/#breadcrumb","itemListElement":[{"@type":"ListItem","position":1,"name":"Portada","item":"https:\/\/noti-america.com\/site\/venezuela\/"},{"@type":"ListItem","position":2,"name":"Confirman que el Gobierno venezolano establecer\u00e1 precios m\u00e1ximos de venta a productos de consumo masivo"}]},{"@type":"WebSite","@id":"https:\/\/noti-america.com\/site\/venezuela\/#website","url":"https:\/\/noti-america.com\/site\/venezuela\/","name":"Venezuela | Noti-America.com","description":"","publisher":{"@id":"https:\/\/noti-america.com\/site\/venezuela\/#organization"},"potentialAction":[{"@type":"SearchAction","target":{"@type":"EntryPoint","urlTemplate":"https:\/\/noti-america.com\/site\/venezuela\/?s={search_term_string}"},"query-input":{"@type":"PropertyValueSpecification","valueRequired":true,"valueName":"search_term_string"}}],"inLanguage":"es"},{"@type":"Organization","@id":"https:\/\/noti-america.com\/site\/venezuela\/#organization","name":"Noti-America LLC | Venezuela","url":"https:\/\/noti-america.com\/site\/venezuela\/","logo":{"@type":"ImageObject","inLanguage":"es","@id":"https:\/\/noti-america.com\/site\/venezuela\/#\/schema\/logo\/image\/","url":"https:\/\/noti-america.com\/site\/venezuela\/wp-content\/uploads\/sites\/2\/2020\/07\/LogoNA-4x3-1.jpg","contentUrl":"https:\/\/noti-america.com\/site\/venezuela\/wp-content\/uploads\/sites\/2\/2020\/07\/LogoNA-4x3-1.jpg","width":1236,"height":1080,"caption":"Noti-America LLC | Venezuela"},"image":{"@id":"https:\/\/noti-america.com\/site\/venezuela\/#\/schema\/logo\/image\/"}},{"@type":"Person","@id":"https:\/\/noti-america.com\/site\/venezuela\/#\/schema\/person\/fd58dbfb92a257e9dc5761bf69a855ff","name":"Rosmer Herrera","image":{"@type":"ImageObject","inLanguage":"es","@id":"https:\/\/secure.gravatar.com\/avatar\/153e75c261394dbf20ff1a1e70ea2be9494f2b40b7fc4e7704084db13220ae08?s=96&d=mm&r=g","url":"https:\/\/secure.gravatar.com\/avatar\/153e75c261394dbf20ff1a1e70ea2be9494f2b40b7fc4e7704084db13220ae08?s=96&d=mm&r=g","contentUrl":"https:\/\/secure.gravatar.com\/avatar\/153e75c261394dbf20ff1a1e70ea2be9494f2b40b7fc4e7704084db13220ae08?s=96&d=mm&r=g","caption":"Rosmer Herrera"},"url":"https:\/\/noti-america.com\/site\/venezuela\/author\/rosmer33\/"}]}},"_links":{"self":[{"href":"https:\/\/noti-america.com\/site\/venezuela\/wp-json\/wp\/v2\/posts\/23958","targetHints":{"allow":["GET"]}}],"collection":[{"href":"https:\/\/noti-america.com\/site\/venezuela\/wp-json\/wp\/v2\/posts"}],"about":[{"href":"https:\/\/noti-america.com\/site\/venezuela\/wp-json\/wp\/v2\/types\/post"}],"author":[{"embeddable":true,"href":"https:\/\/noti-america.com\/site\/venezuela\/wp-json\/wp\/v2\/users\/1"}],"replies":[{"embeddable":true,"href":"https:\/\/noti-america.com\/site\/venezuela\/wp-json\/wp\/v2\/comments?post=23958"}],"version-history":[{"count":1,"href":"https:\/\/noti-america.com\/site\/venezuela\/wp-json\/wp\/v2\/posts\/23958\/revisions"}],"predecessor-version":[{"id":23960,"href":"https:\/\/noti-america.com\/site\/venezuela\/wp-json\/wp\/v2\/posts\/23958\/revisions\/23960"}],"wp:featuredmedia":[{"embeddable":true,"href":"https:\/\/noti-america.com\/site\/venezuela\/wp-json\/wp\/v2\/media\/23959"}],"wp:attachment":[{"href":"https:\/\/noti-america.com\/site\/venezuela\/wp-json\/wp\/v2\/media?parent=23958"}],"wp:term":[{"taxonomy":"category","embeddable":true,"href":"https:\/\/noti-america.com\/site\/venezuela\/wp-json\/wp\/v2\/categories?post=23958"},{"taxonomy":"post_tag","embeddable":true,"href":"https:\/\/noti-america.com\/site\/venezuela\/wp-json\/wp\/v2\/tags?post=23958"}],"curies":[{"name":"wp","href":"https:\/\/api.w.org\/{rel}","templated":true}]}}