{"id":2382,"date":"2018-06-29T02:10:09","date_gmt":"2018-06-29T02:10:09","guid":{"rendered":"http:\/\/noti-america.com\/site\/venezuela\/?p=2382"},"modified":"2018-06-29T02:10:09","modified_gmt":"2018-06-29T02:10:09","slug":"gremio-medico-de-lara-de-brazos-caidos-con-miras-a-renuncia-masiva","status":"publish","type":"post","link":"https:\/\/noti-america.com\/site\/venezuela\/2018\/06\/29\/gremio-medico-de-lara-de-brazos-caidos-con-miras-a-renuncia-masiva\/","title":{"rendered":"Gremio M\u00e9dico de Lara de \u00abbrazos ca\u00eddos\u00bb con miras a renuncia masiva"},"content":{"rendered":"<p>El gremio m\u00e9dico del Estado Lara, llev\u00f3 a cabo una Asamblea extraordinaria donde se determin\u00f3 asumir acciones radicales para exigir un salario digno, encabezado por el Dr. Jos\u00e9 Ren\u00e9 Rivas, Presidente del Colegio de M\u00e9dicos de dicha entidad y con la comparecencia de todos los representantes de los sindicatos de la salud.<\/p>\n<blockquote><p><strong>La protesta est\u00e1 amparada por el cumplimiento del art\u00edculo 91 de la constituci\u00f3n sobre el <em>derecho al salario justo y digno<\/em><\/strong><\/p><\/blockquote>\n<p>Desde este mi\u00e9rcoles si dio inicio a las asambleas y subsecuentes paros escalonados, a fin de discutir las medidas a tomar ante la carente atenci\u00f3n gubernamental, con respecto a la crisis que atraviesa el sector salud, conformado por trabajadores del Seguro Social, Sanidad e IPAS-ME.<\/p>\n<p>Se atender\u00e1n s\u00f3lo emergencias, y cirug\u00edas de emergencia, fueron suspendidas cirug\u00edas electivas, y citas m\u00e9dicas.<\/p>\n<p>Asimismo exigen el aumento de sus salarios y la homologaci\u00f3n a otros profesionales, adem\u00e1s de estar dispuestos a dialogar para que se reconozcan los sueldos que merecen todos los trabajadores del sector\u00a0a trav\u00e9s de la gobernadora Carmen Mel\u00e9ndez y la secretaria de salud.<\/p>\n<p><img decoding=\"async\" class=\"alignright\" src=\"http:\/\/en-cdnmed.agilecontent.com\/\/resources\/jpg\/4\/2\/1530211632524.jpg\" alt=\"Asamblea-sector-salud\" \/>En este sentido, Ren\u00e9 Rivas, presidente del Colegio de M\u00e9dicos del estado Lara, anunci\u00f3 que los trabajadores del sector salud en dicha entidad pudieran\u00a0ir a un paro laboral a partir de este jueves debido a los bajos salarios que reciben.<\/p>\n<p><img decoding=\"async\" src=\"https:\/\/pbs.twimg.com\/media\/DgyU_qfXkAAjWHT.jpg\" \/><\/p>\n<p>De acuerdo con los representantes de la comisi\u00f3n de Conflicto la Asamblea intergremial de los trabajadores de la salud p\u00fablica, no descartan la idea de responder con un despido masivo de no resolverse la grave situaci\u00f3n salarial, as\u00ed lo confirm\u00f3 el voto mayoritario de m\u00e1s de 1000 integrantes del gremio, entre m\u00e9dicos, enfermeras, obreros, administrativos, registro y estad\u00edsticas, odont\u00f3logos y bioanalistas.<\/p>\n<p>Se destac\u00f3 que est\u00e1n unificados los criterios de protesta en toda la regi\u00f3n ya que a conformidad con lo exigido, tambi\u00e9n estar\u00e1n de \u00abbrazos ca\u00eddos\u00bb el personal de las zonas for\u00e1neas, es decir todos los municipios del Estado Lara.<\/p>\n<div style=\"width: 1034px\" class=\"wp-caption alignnone\"><img loading=\"lazy\" decoding=\"async\" src=\"https:\/\/pbs.twimg.com\/media\/Dgydks2W0AUlsjM.jpg\" alt=\"\" width=\"1024\" height=\"576\" \/><p class=\"wp-caption-text\">M\u00e9dicos y gremio de la salud, cierra la Avenida Vargas en protesta a un salario digno<\/p><\/div>\n<p>Finalmente, Rivas realiz\u00f3 un llamado a la doctora Linda Amaro, viceministra de recursos, tecnolog\u00eda y regulaci\u00f3n del Ministerio para la Salud, para que se re\u00fana con todos los miembros del gremio.<\/p>\n<p><img decoding=\"async\" src=\"https:\/\/pbs.twimg.com\/media\/DgyVBATXkAAzH8D.jpg\" \/><\/p>\n<blockquote class=\"twitter-tweet\" data-width=\"500\" data-dnt=\"true\">\n<p lang=\"es\" dir=\"ltr\"><a href=\"https:\/\/twitter.com\/hashtag\/Venezuela?src=hash&amp;ref_src=twsrc%5Etfw\">#Venezuela<\/a> <a href=\"https:\/\/twitter.com\/hashtag\/27Jun?src=hash&amp;ref_src=twsrc%5Etfw\">#27Jun<\/a> Ahora en la avenida Antonio Pinto Salinas sigue la protesta de docentes y personal de enfermer\u00eda del hospital Heriberto Romero de Santa Cruz de Mora, en <a href=\"https:\/\/twitter.com\/hashtag\/M%C3%A9rida?src=hash&amp;ref_src=twsrc%5Etfw\">#M\u00e9rida<\/a>. V\u00eda <a href=\"https:\/\/twitter.com\/leoperiodista?ref_src=twsrc%5Etfw\">@leoperiodista<\/a> <a href=\"https:\/\/twitter.com\/hashtag\/TVVNoticias?src=hash&amp;ref_src=twsrc%5Etfw\">#TVVNoticias<\/a> <a href=\"https:\/\/twitter.com\/hashtag\/TVVenezuela?src=hash&amp;ref_src=twsrc%5Etfw\">#TVVenezuela<\/a> <a href=\"https:\/\/t.co\/JWkYIsCnGf\">pic.twitter.com\/JWkYIsCnGf<\/a><\/p>\n<p>&mdash; TVV Noticias (@TVVnoticias) <a href=\"https:\/\/twitter.com\/TVVnoticias\/status\/1011989704508674049?ref_src=twsrc%5Etfw\">June 27, 2018<\/a><\/p><\/blockquote>\n<p><script async src=\"https:\/\/platform.twitter.com\/widgets.js\" charset=\"utf-8\"><\/script><\/p>\n<blockquote class=\"twitter-tweet\" data-width=\"500\" data-dnt=\"true\">\n<p lang=\"es\" dir=\"ltr\"><a href=\"https:\/\/twitter.com\/hashtag\/27jun?src=hash&amp;ref_src=twsrc%5Etfw\">#27jun<\/a> <a href=\"https:\/\/twitter.com\/hashtag\/Lara?src=hash&amp;ref_src=twsrc%5Etfw\">#Lara<\/a> Ahora los carros de la GNB son usados como rutas chivos para trasladar a la gente. Es esto una violaci\u00f3n a las leyes? <a href=\"https:\/\/t.co\/NefapRsM1x\">pic.twitter.com\/NefapRsM1x<\/a><\/p>\n<p>&mdash; Carlos Iv\u00e1n Su\u00e1rez (@carlosi_suarez) <a href=\"https:\/\/twitter.com\/carlosi_suarez\/status\/1011957985076236288?ref_src=twsrc%5Etfw\">June 27, 2018<\/a><\/p><\/blockquote>\n<p><script async src=\"https:\/\/platform.twitter.com\/widgets.js\" charset=\"utf-8\"><\/script><\/p>\n<p>&nbsp;<\/p>\n<p>&nbsp;<\/p>\n<p>&nbsp;<\/p>\n<p>&nbsp;<\/p>\n<p>&nbsp;<\/p>\n<blockquote class=\"twitter-tweet\" data-width=\"500\" data-dnt=\"true\">\n<p lang=\"es\" dir=\"ltr\">\u00a1NO SE COMPRAN NI SE VENDEN! Enfermera del Universitario de Caracas: &quot;No nos van a comprar con una caja de clap&quot; (VIDEO) <a href=\"https:\/\/t.co\/9YuQLQhsSa\">https:\/\/t.co\/9YuQLQhsSa<\/a> <a href=\"https:\/\/t.co\/qK6oBjvXUw\">pic.twitter.com\/qK6oBjvXUw<\/a><\/p>\n<p>&mdash; SuNoticiero (@SuNoticiero) <a href=\"https:\/\/twitter.com\/SuNoticiero\/status\/1012465768741720066?ref_src=twsrc%5Etfw\">June 28, 2018<\/a><\/p><\/blockquote>\n<p><script async src=\"https:\/\/platform.twitter.com\/widgets.js\" charset=\"utf-8\"><\/script><\/p>\n","protected":false},"excerpt":{"rendered":"<p>El gremio m\u00e9dico del Estado Lara, llev\u00f3 a cabo una Asamblea extraordinaria donde se determin\u00f3 asumir acciones radicales para exigir un salario digno, encabezado por el Dr. Jos\u00e9 Ren\u00e9 Rivas, Presidente del Colegio de&#46;&#46;&#46;<\/p>\n","protected":false},"author":11,"featured_media":2386,"comment_status":"open","ping_status":"open","sticky":false,"template":"","format":"standard","meta":{"_acf_changed":false,"om_disable_all_campaigns":false,"rop_custom_images_group":[],"rop_custom_messages_group":[],"rop_publish_now":"initial","rop_publish_now_accounts":{"twitter_242054905_242054905":""},"rop_publish_now_history":[],"rop_publish_now_status":"pending","_uf_show_specific_survey":0,"_uf_disable_surveys":false,"footnotes":""},"categories":[4],"tags":[],"class_list":["post-2382","post","type-post","status-publish","format-standard","has-post-thumbnail","hentry","category-internacionales"],"acf":[],"aioseo_notices":[],"yoast_head":"<!-- This site is optimized with the Yoast SEO Premium plugin v24.9 (Yoast SEO v27.2) - https:\/\/yoast.com\/product\/yoast-seo-premium-wordpress\/ -->\n<title>Gremio M\u00e9dico de Lara de &quot;brazos ca\u00eddos&quot; con miras a renuncia masiva - Venezuela | Noti-America.com<\/title>\n<meta name=\"robots\" content=\"index, follow, max-snippet:-1, max-image-preview:large, max-video-preview:-1\" \/>\n<link rel=\"canonical\" href=\"https:\/\/noti-america.com\/site\/venezuela\/2018\/06\/29\/gremio-medico-de-lara-de-brazos-caidos-con-miras-a-renuncia-masiva\/\" \/>\n<meta property=\"og:locale\" content=\"es_ES\" \/>\n<meta property=\"og:type\" content=\"article\" \/>\n<meta property=\"og:title\" content=\"Gremio M\u00e9dico de Lara de &quot;brazos ca\u00eddos&quot; con miras a renuncia masiva\" \/>\n<meta property=\"og:description\" content=\"El gremio m\u00e9dico del Estado Lara, llev\u00f3 a cabo una Asamblea extraordinaria donde se determin\u00f3 asumir acciones radicales para exigir un salario digno, encabezado por el Dr. Jos\u00e9 Ren\u00e9 Rivas, Presidente del Colegio de&#046;&#046;&#046;\" \/>\n<meta property=\"og:url\" content=\"https:\/\/noti-america.com\/site\/venezuela\/2018\/06\/29\/gremio-medico-de-lara-de-brazos-caidos-con-miras-a-renuncia-masiva\/\" \/>\n<meta property=\"og:site_name\" content=\"Venezuela | Noti-America.com\" \/>\n<meta property=\"article:published_time\" content=\"2018-06-29T02:10:09+00:00\" \/>\n<meta property=\"og:image\" content=\"https:\/\/noti-america.com\/site\/venezuela\/wp-content\/uploads\/sites\/2\/2018\/06\/paro-medico.jpg\" \/>\n\t<meta property=\"og:image:width\" content=\"1140\" \/>\n\t<meta property=\"og:image:height\" content=\"750\" \/>\n\t<meta property=\"og:image:type\" content=\"image\/jpeg\" \/>\n<meta name=\"author\" content=\"Yliana Duque\" \/>\n<meta name=\"twitter:card\" content=\"summary_large_image\" \/>\n<meta name=\"twitter:creator\" content=\"@ylianaduque\" \/>\n<meta name=\"twitter:label1\" content=\"Escrito por\" \/>\n\t<meta name=\"twitter:data1\" content=\"Yliana Duque\" \/>\n\t<meta name=\"twitter:label2\" content=\"Tiempo estimado de lectura\" \/>\n\t<meta name=\"twitter:data2\" content=\"2 minutos\" \/>\n<script type=\"application\/ld+json\" class=\"yoast-schema-graph\">{\"@context\":\"https:\/\/schema.org\",\"@graph\":[{\"@type\":\"Article\",\"@id\":\"https:\/\/noti-america.com\/site\/venezuela\/2018\/06\/29\/gremio-medico-de-lara-de-brazos-caidos-con-miras-a-renuncia-masiva\/#article\",\"isPartOf\":{\"@id\":\"https:\/\/noti-america.com\/site\/venezuela\/2018\/06\/29\/gremio-medico-de-lara-de-brazos-caidos-con-miras-a-renuncia-masiva\/\"},\"author\":{\"name\":\"Yliana Duque\",\"@id\":\"https:\/\/noti-america.com\/site\/venezuela\/#\/schema\/person\/a166d9d45f249dbd09521fbc2e7342d8\"},\"headline\":\"Gremio M\u00e9dico de Lara de \u00abbrazos ca\u00eddos\u00bb con miras a renuncia masiva\",\"datePublished\":\"2018-06-29T02:10:09+00:00\",\"mainEntityOfPage\":{\"@id\":\"https:\/\/noti-america.com\/site\/venezuela\/2018\/06\/29\/gremio-medico-de-lara-de-brazos-caidos-con-miras-a-renuncia-masiva\/\"},\"wordCount\":437,\"commentCount\":0,\"publisher\":{\"@id\":\"https:\/\/noti-america.com\/site\/venezuela\/#organization\"},\"image\":{\"@id\":\"https:\/\/noti-america.com\/site\/venezuela\/2018\/06\/29\/gremio-medico-de-lara-de-brazos-caidos-con-miras-a-renuncia-masiva\/#primaryimage\"},\"thumbnailUrl\":\"https:\/\/noti-america.com\/site\/venezuela\/wp-content\/uploads\/sites\/2\/2018\/06\/paro-medico.jpg\",\"articleSection\":[\"Internacionales\"],\"inLanguage\":\"es\",\"potentialAction\":[{\"@type\":\"CommentAction\",\"name\":\"Comment\",\"target\":[\"https:\/\/noti-america.com\/site\/venezuela\/2018\/06\/29\/gremio-medico-de-lara-de-brazos-caidos-con-miras-a-renuncia-masiva\/#respond\"]}]},{\"@type\":\"WebPage\",\"@id\":\"https:\/\/noti-america.com\/site\/venezuela\/2018\/06\/29\/gremio-medico-de-lara-de-brazos-caidos-con-miras-a-renuncia-masiva\/\",\"url\":\"https:\/\/noti-america.com\/site\/venezuela\/2018\/06\/29\/gremio-medico-de-lara-de-brazos-caidos-con-miras-a-renuncia-masiva\/\",\"name\":\"Gremio M\u00e9dico de Lara de \\\"brazos ca\u00eddos\\\" con miras a renuncia masiva - Venezuela | Noti-America.com\",\"isPartOf\":{\"@id\":\"https:\/\/noti-america.com\/site\/venezuela\/#website\"},\"primaryImageOfPage\":{\"@id\":\"https:\/\/noti-america.com\/site\/venezuela\/2018\/06\/29\/gremio-medico-de-lara-de-brazos-caidos-con-miras-a-renuncia-masiva\/#primaryimage\"},\"image\":{\"@id\":\"https:\/\/noti-america.com\/site\/venezuela\/2018\/06\/29\/gremio-medico-de-lara-de-brazos-caidos-con-miras-a-renuncia-masiva\/#primaryimage\"},\"thumbnailUrl\":\"https:\/\/noti-america.com\/site\/venezuela\/wp-content\/uploads\/sites\/2\/2018\/06\/paro-medico.jpg\",\"datePublished\":\"2018-06-29T02:10:09+00:00\",\"breadcrumb\":{\"@id\":\"https:\/\/noti-america.com\/site\/venezuela\/2018\/06\/29\/gremio-medico-de-lara-de-brazos-caidos-con-miras-a-renuncia-masiva\/#breadcrumb\"},\"inLanguage\":\"es\",\"potentialAction\":[{\"@type\":\"ReadAction\",\"target\":[\"https:\/\/noti-america.com\/site\/venezuela\/2018\/06\/29\/gremio-medico-de-lara-de-brazos-caidos-con-miras-a-renuncia-masiva\/\"]}]},{\"@type\":\"ImageObject\",\"inLanguage\":\"es\",\"@id\":\"https:\/\/noti-america.com\/site\/venezuela\/2018\/06\/29\/gremio-medico-de-lara-de-brazos-caidos-con-miras-a-renuncia-masiva\/#primaryimage\",\"url\":\"https:\/\/noti-america.com\/site\/venezuela\/wp-content\/uploads\/sites\/2\/2018\/06\/paro-medico.jpg\",\"contentUrl\":\"https:\/\/noti-america.com\/site\/venezuela\/wp-content\/uploads\/sites\/2\/2018\/06\/paro-medico.jpg\",\"width\":1140,\"height\":750},{\"@type\":\"BreadcrumbList\",\"@id\":\"https:\/\/noti-america.com\/site\/venezuela\/2018\/06\/29\/gremio-medico-de-lara-de-brazos-caidos-con-miras-a-renuncia-masiva\/#breadcrumb\",\"itemListElement\":[{\"@type\":\"ListItem\",\"position\":1,\"name\":\"Portada\",\"item\":\"https:\/\/noti-america.com\/site\/venezuela\/\"},{\"@type\":\"ListItem\",\"position\":2,\"name\":\"Gremio M\u00e9dico de Lara de \u00abbrazos ca\u00eddos\u00bb con miras a renuncia masiva\"}]},{\"@type\":\"WebSite\",\"@id\":\"https:\/\/noti-america.com\/site\/venezuela\/#website\",\"url\":\"https:\/\/noti-america.com\/site\/venezuela\/\",\"name\":\"Venezuela | Noti-America.com\",\"description\":\"\",\"publisher\":{\"@id\":\"https:\/\/noti-america.com\/site\/venezuela\/#organization\"},\"potentialAction\":[{\"@type\":\"SearchAction\",\"target\":{\"@type\":\"EntryPoint\",\"urlTemplate\":\"https:\/\/noti-america.com\/site\/venezuela\/?s={search_term_string}\"},\"query-input\":{\"@type\":\"PropertyValueSpecification\",\"valueRequired\":true,\"valueName\":\"search_term_string\"}}],\"inLanguage\":\"es\"},{\"@type\":\"Organization\",\"@id\":\"https:\/\/noti-america.com\/site\/venezuela\/#organization\",\"name\":\"Noti-America LLC | Venezuela\",\"url\":\"https:\/\/noti-america.com\/site\/venezuela\/\",\"logo\":{\"@type\":\"ImageObject\",\"inLanguage\":\"es\",\"@id\":\"https:\/\/noti-america.com\/site\/venezuela\/#\/schema\/logo\/image\/\",\"url\":\"https:\/\/noti-america.com\/site\/venezuela\/wp-content\/uploads\/sites\/2\/2020\/07\/LogoNA-4x3-1.jpg\",\"contentUrl\":\"https:\/\/noti-america.com\/site\/venezuela\/wp-content\/uploads\/sites\/2\/2020\/07\/LogoNA-4x3-1.jpg\",\"width\":1236,\"height\":1080,\"caption\":\"Noti-America LLC | Venezuela\"},\"image\":{\"@id\":\"https:\/\/noti-america.com\/site\/venezuela\/#\/schema\/logo\/image\/\"}},{\"@type\":\"Person\",\"@id\":\"https:\/\/noti-america.com\/site\/venezuela\/#\/schema\/person\/a166d9d45f249dbd09521fbc2e7342d8\",\"name\":\"Yliana Duque\",\"image\":{\"@type\":\"ImageObject\",\"inLanguage\":\"es\",\"@id\":\"https:\/\/secure.gravatar.com\/avatar\/8caf2a4035762b3be44c3a0455581febe2d5273a41ac40dacc575b8aa348fe65?s=96&d=mm&r=g\",\"url\":\"https:\/\/secure.gravatar.com\/avatar\/8caf2a4035762b3be44c3a0455581febe2d5273a41ac40dacc575b8aa348fe65?s=96&d=mm&r=g\",\"contentUrl\":\"https:\/\/secure.gravatar.com\/avatar\/8caf2a4035762b3be44c3a0455581febe2d5273a41ac40dacc575b8aa348fe65?s=96&d=mm&r=g\",\"caption\":\"Yliana Duque\"},\"description\":\"Ejercer el periodismo requiere de pasi\u00f3n y conocimiento en investigaci\u00f3n de campo. Siempre en la b\u00fasqueda de la verdad para aportar claridad y poder discernir sobre el hecho noticioso. Egresada de la Universidad de los Andes. Maestria en Relaciones Internacionales (UCV). Diplomado de Educaci\u00f3n Superior (Universidad Experimental LIbertador (UPEL), y Educaci\u00f3n superior a distancia (UFT). Estudios de Locuci\u00f3n- Actuaci\u00f3n-Publicidad y Mercadeo, Redes. Subdirectora de relaciones p\u00fablicas de la Asamablea Legislativa del Estado Sucre(1995)-Periodista de TELESOL,Telecaribe (Sucre). Jefe de Prensa de la Gobernaci\u00f3n del Estado Amazonas(1997). Periodista Comandancia General del Ej\u00e9rcito, Fuerte Tiuna (1996). Lider de Proyectos en educaci\u00f3n Superior en la Universidad Ferm\u00edn Toro (UFT) (2000). Docente Universitario UFT (2002-2007)-Docente de Educaci\u00f3n Superior a Distancia -titulado. Periodista Diario El Informador. Periodista en Apoyo A\u00e9reo de la Guardia Nacional, Aeropuerto Jacinto Lara. www.Noti-america.com (Venezuela)\",\"sameAs\":[\"https:\/\/x.com\/ylianaduque\"],\"url\":\"https:\/\/noti-america.com\/site\/venezuela\/author\/yduque\/\"}]}<\/script>\n<!-- \/ Yoast SEO Premium plugin. -->","yoast_head_json":{"title":"Gremio M\u00e9dico de Lara de \"brazos ca\u00eddos\" con miras a renuncia masiva - Venezuela | Noti-America.com","robots":{"index":"index","follow":"follow","max-snippet":"max-snippet:-1","max-image-preview":"max-image-preview:large","max-video-preview":"max-video-preview:-1"},"canonical":"https:\/\/noti-america.com\/site\/venezuela\/2018\/06\/29\/gremio-medico-de-lara-de-brazos-caidos-con-miras-a-renuncia-masiva\/","og_locale":"es_ES","og_type":"article","og_title":"Gremio M\u00e9dico de Lara de \"brazos ca\u00eddos\" con miras a renuncia masiva","og_description":"El gremio m\u00e9dico del Estado Lara, llev\u00f3 a cabo una Asamblea extraordinaria donde se determin\u00f3 asumir acciones radicales para exigir un salario digno, encabezado por el Dr. Jos\u00e9 Ren\u00e9 Rivas, Presidente del Colegio de&#46;&#46;&#46;","og_url":"https:\/\/noti-america.com\/site\/venezuela\/2018\/06\/29\/gremio-medico-de-lara-de-brazos-caidos-con-miras-a-renuncia-masiva\/","og_site_name":"Venezuela | Noti-America.com","article_published_time":"2018-06-29T02:10:09+00:00","og_image":[{"width":1140,"height":750,"url":"https:\/\/noti-america.com\/site\/venezuela\/wp-content\/uploads\/sites\/2\/2018\/06\/paro-medico.jpg","type":"image\/jpeg"}],"author":"Yliana Duque","twitter_card":"summary_large_image","twitter_creator":"@ylianaduque","twitter_misc":{"Escrito por":"Yliana Duque","Tiempo estimado de lectura":"2 minutos"},"schema":{"@context":"https:\/\/schema.org","@graph":[{"@type":"Article","@id":"https:\/\/noti-america.com\/site\/venezuela\/2018\/06\/29\/gremio-medico-de-lara-de-brazos-caidos-con-miras-a-renuncia-masiva\/#article","isPartOf":{"@id":"https:\/\/noti-america.com\/site\/venezuela\/2018\/06\/29\/gremio-medico-de-lara-de-brazos-caidos-con-miras-a-renuncia-masiva\/"},"author":{"name":"Yliana Duque","@id":"https:\/\/noti-america.com\/site\/venezuela\/#\/schema\/person\/a166d9d45f249dbd09521fbc2e7342d8"},"headline":"Gremio M\u00e9dico de Lara de \u00abbrazos ca\u00eddos\u00bb con miras a renuncia masiva","datePublished":"2018-06-29T02:10:09+00:00","mainEntityOfPage":{"@id":"https:\/\/noti-america.com\/site\/venezuela\/2018\/06\/29\/gremio-medico-de-lara-de-brazos-caidos-con-miras-a-renuncia-masiva\/"},"wordCount":437,"commentCount":0,"publisher":{"@id":"https:\/\/noti-america.com\/site\/venezuela\/#organization"},"image":{"@id":"https:\/\/noti-america.com\/site\/venezuela\/2018\/06\/29\/gremio-medico-de-lara-de-brazos-caidos-con-miras-a-renuncia-masiva\/#primaryimage"},"thumbnailUrl":"https:\/\/noti-america.com\/site\/venezuela\/wp-content\/uploads\/sites\/2\/2018\/06\/paro-medico.jpg","articleSection":["Internacionales"],"inLanguage":"es","potentialAction":[{"@type":"CommentAction","name":"Comment","target":["https:\/\/noti-america.com\/site\/venezuela\/2018\/06\/29\/gremio-medico-de-lara-de-brazos-caidos-con-miras-a-renuncia-masiva\/#respond"]}]},{"@type":"WebPage","@id":"https:\/\/noti-america.com\/site\/venezuela\/2018\/06\/29\/gremio-medico-de-lara-de-brazos-caidos-con-miras-a-renuncia-masiva\/","url":"https:\/\/noti-america.com\/site\/venezuela\/2018\/06\/29\/gremio-medico-de-lara-de-brazos-caidos-con-miras-a-renuncia-masiva\/","name":"Gremio M\u00e9dico de Lara de \"brazos ca\u00eddos\" con miras a renuncia masiva - Venezuela | Noti-America.com","isPartOf":{"@id":"https:\/\/noti-america.com\/site\/venezuela\/#website"},"primaryImageOfPage":{"@id":"https:\/\/noti-america.com\/site\/venezuela\/2018\/06\/29\/gremio-medico-de-lara-de-brazos-caidos-con-miras-a-renuncia-masiva\/#primaryimage"},"image":{"@id":"https:\/\/noti-america.com\/site\/venezuela\/2018\/06\/29\/gremio-medico-de-lara-de-brazos-caidos-con-miras-a-renuncia-masiva\/#primaryimage"},"thumbnailUrl":"https:\/\/noti-america.com\/site\/venezuela\/wp-content\/uploads\/sites\/2\/2018\/06\/paro-medico.jpg","datePublished":"2018-06-29T02:10:09+00:00","breadcrumb":{"@id":"https:\/\/noti-america.com\/site\/venezuela\/2018\/06\/29\/gremio-medico-de-lara-de-brazos-caidos-con-miras-a-renuncia-masiva\/#breadcrumb"},"inLanguage":"es","potentialAction":[{"@type":"ReadAction","target":["https:\/\/noti-america.com\/site\/venezuela\/2018\/06\/29\/gremio-medico-de-lara-de-brazos-caidos-con-miras-a-renuncia-masiva\/"]}]},{"@type":"ImageObject","inLanguage":"es","@id":"https:\/\/noti-america.com\/site\/venezuela\/2018\/06\/29\/gremio-medico-de-lara-de-brazos-caidos-con-miras-a-renuncia-masiva\/#primaryimage","url":"https:\/\/noti-america.com\/site\/venezuela\/wp-content\/uploads\/sites\/2\/2018\/06\/paro-medico.jpg","contentUrl":"https:\/\/noti-america.com\/site\/venezuela\/wp-content\/uploads\/sites\/2\/2018\/06\/paro-medico.jpg","width":1140,"height":750},{"@type":"BreadcrumbList","@id":"https:\/\/noti-america.com\/site\/venezuela\/2018\/06\/29\/gremio-medico-de-lara-de-brazos-caidos-con-miras-a-renuncia-masiva\/#breadcrumb","itemListElement":[{"@type":"ListItem","position":1,"name":"Portada","item":"https:\/\/noti-america.com\/site\/venezuela\/"},{"@type":"ListItem","position":2,"name":"Gremio M\u00e9dico de Lara de \u00abbrazos ca\u00eddos\u00bb con miras a renuncia masiva"}]},{"@type":"WebSite","@id":"https:\/\/noti-america.com\/site\/venezuela\/#website","url":"https:\/\/noti-america.com\/site\/venezuela\/","name":"Venezuela | Noti-America.com","description":"","publisher":{"@id":"https:\/\/noti-america.com\/site\/venezuela\/#organization"},"potentialAction":[{"@type":"SearchAction","target":{"@type":"EntryPoint","urlTemplate":"https:\/\/noti-america.com\/site\/venezuela\/?s={search_term_string}"},"query-input":{"@type":"PropertyValueSpecification","valueRequired":true,"valueName":"search_term_string"}}],"inLanguage":"es"},{"@type":"Organization","@id":"https:\/\/noti-america.com\/site\/venezuela\/#organization","name":"Noti-America LLC | Venezuela","url":"https:\/\/noti-america.com\/site\/venezuela\/","logo":{"@type":"ImageObject","inLanguage":"es","@id":"https:\/\/noti-america.com\/site\/venezuela\/#\/schema\/logo\/image\/","url":"https:\/\/noti-america.com\/site\/venezuela\/wp-content\/uploads\/sites\/2\/2020\/07\/LogoNA-4x3-1.jpg","contentUrl":"https:\/\/noti-america.com\/site\/venezuela\/wp-content\/uploads\/sites\/2\/2020\/07\/LogoNA-4x3-1.jpg","width":1236,"height":1080,"caption":"Noti-America LLC | Venezuela"},"image":{"@id":"https:\/\/noti-america.com\/site\/venezuela\/#\/schema\/logo\/image\/"}},{"@type":"Person","@id":"https:\/\/noti-america.com\/site\/venezuela\/#\/schema\/person\/a166d9d45f249dbd09521fbc2e7342d8","name":"Yliana Duque","image":{"@type":"ImageObject","inLanguage":"es","@id":"https:\/\/secure.gravatar.com\/avatar\/8caf2a4035762b3be44c3a0455581febe2d5273a41ac40dacc575b8aa348fe65?s=96&d=mm&r=g","url":"https:\/\/secure.gravatar.com\/avatar\/8caf2a4035762b3be44c3a0455581febe2d5273a41ac40dacc575b8aa348fe65?s=96&d=mm&r=g","contentUrl":"https:\/\/secure.gravatar.com\/avatar\/8caf2a4035762b3be44c3a0455581febe2d5273a41ac40dacc575b8aa348fe65?s=96&d=mm&r=g","caption":"Yliana Duque"},"description":"Ejercer el periodismo requiere de pasi\u00f3n y conocimiento en investigaci\u00f3n de campo. Siempre en la b\u00fasqueda de la verdad para aportar claridad y poder discernir sobre el hecho noticioso. Egresada de la Universidad de los Andes. Maestria en Relaciones Internacionales (UCV). Diplomado de Educaci\u00f3n Superior (Universidad Experimental LIbertador (UPEL), y Educaci\u00f3n superior a distancia (UFT). Estudios de Locuci\u00f3n- Actuaci\u00f3n-Publicidad y Mercadeo, Redes. Subdirectora de relaciones p\u00fablicas de la Asamablea Legislativa del Estado Sucre(1995)-Periodista de TELESOL,Telecaribe (Sucre). Jefe de Prensa de la Gobernaci\u00f3n del Estado Amazonas(1997). Periodista Comandancia General del Ej\u00e9rcito, Fuerte Tiuna (1996). Lider de Proyectos en educaci\u00f3n Superior en la Universidad Ferm\u00edn Toro (UFT) (2000). Docente Universitario UFT (2002-2007)-Docente de Educaci\u00f3n Superior a Distancia -titulado. Periodista Diario El Informador. Periodista en Apoyo A\u00e9reo de la Guardia Nacional, Aeropuerto Jacinto Lara. www.Noti-america.com (Venezuela)","sameAs":["https:\/\/x.com\/ylianaduque"],"url":"https:\/\/noti-america.com\/site\/venezuela\/author\/yduque\/"}]}},"_links":{"self":[{"href":"https:\/\/noti-america.com\/site\/venezuela\/wp-json\/wp\/v2\/posts\/2382","targetHints":{"allow":["GET"]}}],"collection":[{"href":"https:\/\/noti-america.com\/site\/venezuela\/wp-json\/wp\/v2\/posts"}],"about":[{"href":"https:\/\/noti-america.com\/site\/venezuela\/wp-json\/wp\/v2\/types\/post"}],"author":[{"embeddable":true,"href":"https:\/\/noti-america.com\/site\/venezuela\/wp-json\/wp\/v2\/users\/11"}],"replies":[{"embeddable":true,"href":"https:\/\/noti-america.com\/site\/venezuela\/wp-json\/wp\/v2\/comments?post=2382"}],"version-history":[{"count":1,"href":"https:\/\/noti-america.com\/site\/venezuela\/wp-json\/wp\/v2\/posts\/2382\/revisions"}],"predecessor-version":[{"id":2388,"href":"https:\/\/noti-america.com\/site\/venezuela\/wp-json\/wp\/v2\/posts\/2382\/revisions\/2388"}],"wp:featuredmedia":[{"embeddable":true,"href":"https:\/\/noti-america.com\/site\/venezuela\/wp-json\/wp\/v2\/media\/2386"}],"wp:attachment":[{"href":"https:\/\/noti-america.com\/site\/venezuela\/wp-json\/wp\/v2\/media?parent=2382"}],"wp:term":[{"taxonomy":"category","embeddable":true,"href":"https:\/\/noti-america.com\/site\/venezuela\/wp-json\/wp\/v2\/categories?post=2382"},{"taxonomy":"post_tag","embeddable":true,"href":"https:\/\/noti-america.com\/site\/venezuela\/wp-json\/wp\/v2\/tags?post=2382"}],"curies":[{"name":"wp","href":"https:\/\/api.w.org\/{rel}","templated":true}]}}