{"id":23754,"date":"2022-11-29T15:28:21","date_gmt":"2022-11-29T15:28:21","guid":{"rendered":"https:\/\/noti-america.com\/site\/venezuela\/?p=23754"},"modified":"2022-11-29T15:28:21","modified_gmt":"2022-11-29T15:28:21","slug":"gobierno-de-espana-considera-reabrir-embajada-en-caracas-tras-reanudacion-del-dialogo-en-mexico","status":"publish","type":"post","link":"https:\/\/noti-america.com\/site\/venezuela\/2022\/11\/29\/gobierno-de-espana-considera-reabrir-embajada-en-caracas-tras-reanudacion-del-dialogo-en-mexico\/","title":{"rendered":"Gobierno de Espa\u00f1a considera reabrir embajada en Caracas tras reanudaci\u00f3n del dialogo en M\u00e9xico"},"content":{"rendered":"<div><\/div>\n<div>NOTI-AMERICA.COM | VENEZUELA \u2013 El gobierno de Espa\u00f1a est\u00e1 considerando la posibilidad de reabrir su embajada en Caracas. La posibilidad se da tras el reinicio de las negociaciones entre la administraci\u00f3n de Nicol\u00e1s Maduro y la Plataforma Unitaria en M\u00e9xico.<\/div>\n<div>\n<p>El ministro espa\u00f1ol de Asuntos Exteriores, Jos\u00e9 Manuel Albares, ha asegurado que si existe una situaci\u00f3n de di\u00e1logo entre venezolanos \u201ccomo empezamos a ver\u201d, la retirada del embajador en ese pa\u00eds \u201ces una decisi\u00f3n susceptible de revertirse\u201d.<\/p>\n<p>\u201cEspa\u00f1a no quiere verse sin embajador en un pa\u00eds hermano de Am\u00e9rica Latina, ni en Venezuela ni en ning\u00fan otro\u201d, se\u00f1ala Albares en una entrevista este s\u00e1bado en el diario\u00a0El Pa\u00eds. En la conversaci\u00f3n, Albares explica que si el di\u00e1logo entre el Gobierno y la oposici\u00f3n arranca \u201cser\u00eda una muy buena se\u00f1al\u201d para que Espa\u00f1a regrese su embajador al pa\u00eds.<\/p>\n<p>Albares asegura que Espa\u00f1a se ha puesto a disposici\u00f3n \u201cen todo lo que pueda ser \u00fatil\u201d en la negociaci\u00f3n de M\u00e9xico entre el gobierno venezolano y la oposici\u00f3n. Dichas negociaciones comenzaron este fin de semana en la capital mexicana despu\u00e9s de que se suspendieran formalmente en octubre de 2021.<\/p>\n<p>\u201cLas medidas que aprob\u00f3 la UE ten\u00edan como objetivo impulsar el di\u00e1logo entre venezolanos; si este se da y se avanza por la senda correcta, ninguna de esa medidas tiene vocaci\u00f3n de permanencia\u201d, asevera el responsable de la diplomacia espa\u00f1ola. Espa\u00f1a no tiene un embajador en Caracas desde noviembre 2020. El \u00faltimo diplom\u00e1tico, Jes\u00fas Silva, fue relevado por Juan Fern\u00e1ndez Trigo en calidad de encargado de negocios, en protesta por la situaci\u00f3n pol\u00edtica del pa\u00eds.<\/p>\n<p>La embajada venezolana en Madrid tampoco cuenta con un embajador acreditado. Esto, despu\u00e9s de que el anterior responsable, Mario Isea, fuera relevado tras cumplir m\u00e1s de siete a\u00f1os en el puesto.<\/p>\n<\/div>\n","protected":false},"excerpt":{"rendered":"<p>NOTI-AMERICA.COM | VENEZUELA \u2013 El gobierno de Espa\u00f1a est\u00e1 considerando la posibilidad de reabrir su embajada en Caracas. La posibilidad se da tras el reinicio de las negociaciones entre la administraci\u00f3n de Nicol\u00e1s Maduro&#46;&#46;&#46;<\/p>\n","protected":false},"author":133,"featured_media":23755,"comment_status":"open","ping_status":"open","sticky":false,"template":"","format":"image","meta":{"_acf_changed":false,"om_disable_all_campaigns":false,"rop_custom_images_group":[],"rop_custom_messages_group":[],"rop_publish_now":"initial","rop_publish_now_accounts":{"twitter_242054905_242054905":""},"rop_publish_now_history":[],"rop_publish_now_status":"pending","_uf_show_specific_survey":0,"_uf_disable_surveys":false,"footnotes":""},"categories":[508,155,156],"tags":[],"class_list":["post-23754","post","type-post","status-publish","format-image","has-post-thumbnail","hentry","category-acturalidad","category-politica-opinion","category-venezuela","post_format-post-format-image"],"acf":[],"aioseo_notices":[],"yoast_head":"<!-- This site is optimized with the Yoast SEO Premium plugin v24.9 (Yoast SEO v27.2) - https:\/\/yoast.com\/product\/yoast-seo-premium-wordpress\/ -->\n<title>Gobierno de Espa\u00f1a considera reabrir embajada en Caracas tras reanudaci\u00f3n del dialogo en M\u00e9xico - Venezuela | Noti-America.com<\/title>\n<meta name=\"robots\" content=\"index, follow, max-snippet:-1, max-image-preview:large, max-video-preview:-1\" \/>\n<link rel=\"canonical\" href=\"https:\/\/noti-america.com\/site\/venezuela\/2022\/11\/29\/gobierno-de-espana-considera-reabrir-embajada-en-caracas-tras-reanudacion-del-dialogo-en-mexico\/\" \/>\n<meta property=\"og:locale\" content=\"es_ES\" \/>\n<meta property=\"og:type\" content=\"article\" \/>\n<meta property=\"og:title\" content=\"Gobierno de Espa\u00f1a considera reabrir embajada en Caracas tras reanudaci\u00f3n del dialogo en M\u00e9xico\" \/>\n<meta property=\"og:description\" content=\"NOTI-AMERICA.COM | VENEZUELA \u2013 El gobierno de Espa\u00f1a est\u00e1 considerando la posibilidad de reabrir su embajada en Caracas. La posibilidad se da tras el reinicio de las negociaciones entre la administraci\u00f3n de Nicol\u00e1s Maduro&#046;&#046;&#046;\" \/>\n<meta property=\"og:url\" content=\"https:\/\/noti-america.com\/site\/venezuela\/2022\/11\/29\/gobierno-de-espana-considera-reabrir-embajada-en-caracas-tras-reanudacion-del-dialogo-en-mexico\/\" \/>\n<meta property=\"og:site_name\" content=\"Venezuela | Noti-America.com\" \/>\n<meta property=\"article:author\" content=\"Mar\u00eda Valentina Noguera\" \/>\n<meta property=\"article:published_time\" content=\"2022-11-29T15:28:21+00:00\" \/>\n<meta property=\"og:image\" content=\"https:\/\/noti-america.com\/site\/venezuela\/wp-content\/uploads\/sites\/2\/2022\/11\/ministro-espanol-de-exteriores-Juan-Manuel-Albares.jpeg\" \/>\n\t<meta property=\"og:image:width\" content=\"696\" \/>\n\t<meta property=\"og:image:height\" content=\"392\" \/>\n\t<meta property=\"og:image:type\" content=\"image\/jpeg\" \/>\n<meta name=\"author\" content=\"Maria Valentina Noguera Medina\" \/>\n<meta name=\"twitter:card\" content=\"summary_large_image\" \/>\n<meta name=\"twitter:label1\" content=\"Escrito por\" \/>\n\t<meta name=\"twitter:data1\" content=\"Maria Valentina Noguera Medina\" \/>\n\t<meta name=\"twitter:label2\" content=\"Tiempo estimado de lectura\" \/>\n\t<meta name=\"twitter:data2\" content=\"2 minutos\" \/>\n<script type=\"application\/ld+json\" class=\"yoast-schema-graph\">{\"@context\":\"https:\/\/schema.org\",\"@graph\":[{\"@type\":\"Article\",\"@id\":\"https:\/\/noti-america.com\/site\/venezuela\/2022\/11\/29\/gobierno-de-espana-considera-reabrir-embajada-en-caracas-tras-reanudacion-del-dialogo-en-mexico\/#article\",\"isPartOf\":{\"@id\":\"https:\/\/noti-america.com\/site\/venezuela\/2022\/11\/29\/gobierno-de-espana-considera-reabrir-embajada-en-caracas-tras-reanudacion-del-dialogo-en-mexico\/\"},\"author\":{\"name\":\"Maria Valentina Noguera Medina\",\"@id\":\"https:\/\/noti-america.com\/site\/venezuela\/#\/schema\/person\/22806efcc2cfc4b45efb0e17be210ea8\"},\"headline\":\"Gobierno de Espa\u00f1a considera reabrir embajada en Caracas tras reanudaci\u00f3n del dialogo en M\u00e9xico\",\"datePublished\":\"2022-11-29T15:28:21+00:00\",\"mainEntityOfPage\":{\"@id\":\"https:\/\/noti-america.com\/site\/venezuela\/2022\/11\/29\/gobierno-de-espana-considera-reabrir-embajada-en-caracas-tras-reanudacion-del-dialogo-en-mexico\/\"},\"wordCount\":350,\"commentCount\":0,\"publisher\":{\"@id\":\"https:\/\/noti-america.com\/site\/venezuela\/#organization\"},\"image\":{\"@id\":\"https:\/\/noti-america.com\/site\/venezuela\/2022\/11\/29\/gobierno-de-espana-considera-reabrir-embajada-en-caracas-tras-reanudacion-del-dialogo-en-mexico\/#primaryimage\"},\"thumbnailUrl\":\"https:\/\/noti-america.com\/site\/venezuela\/wp-content\/uploads\/sites\/2\/2022\/11\/ministro-espanol-de-exteriores-Juan-Manuel-Albares.jpeg\",\"articleSection\":[\"Actualidad\",\"Pol\u00edtica\",\"Venezuela\"],\"inLanguage\":\"es\",\"potentialAction\":[{\"@type\":\"CommentAction\",\"name\":\"Comment\",\"target\":[\"https:\/\/noti-america.com\/site\/venezuela\/2022\/11\/29\/gobierno-de-espana-considera-reabrir-embajada-en-caracas-tras-reanudacion-del-dialogo-en-mexico\/#respond\"]}]},{\"@type\":\"WebPage\",\"@id\":\"https:\/\/noti-america.com\/site\/venezuela\/2022\/11\/29\/gobierno-de-espana-considera-reabrir-embajada-en-caracas-tras-reanudacion-del-dialogo-en-mexico\/\",\"url\":\"https:\/\/noti-america.com\/site\/venezuela\/2022\/11\/29\/gobierno-de-espana-considera-reabrir-embajada-en-caracas-tras-reanudacion-del-dialogo-en-mexico\/\",\"name\":\"Gobierno de Espa\u00f1a considera reabrir embajada en Caracas tras reanudaci\u00f3n del dialogo en M\u00e9xico - Venezuela | Noti-America.com\",\"isPartOf\":{\"@id\":\"https:\/\/noti-america.com\/site\/venezuela\/#website\"},\"primaryImageOfPage\":{\"@id\":\"https:\/\/noti-america.com\/site\/venezuela\/2022\/11\/29\/gobierno-de-espana-considera-reabrir-embajada-en-caracas-tras-reanudacion-del-dialogo-en-mexico\/#primaryimage\"},\"image\":{\"@id\":\"https:\/\/noti-america.com\/site\/venezuela\/2022\/11\/29\/gobierno-de-espana-considera-reabrir-embajada-en-caracas-tras-reanudacion-del-dialogo-en-mexico\/#primaryimage\"},\"thumbnailUrl\":\"https:\/\/noti-america.com\/site\/venezuela\/wp-content\/uploads\/sites\/2\/2022\/11\/ministro-espanol-de-exteriores-Juan-Manuel-Albares.jpeg\",\"datePublished\":\"2022-11-29T15:28:21+00:00\",\"breadcrumb\":{\"@id\":\"https:\/\/noti-america.com\/site\/venezuela\/2022\/11\/29\/gobierno-de-espana-considera-reabrir-embajada-en-caracas-tras-reanudacion-del-dialogo-en-mexico\/#breadcrumb\"},\"inLanguage\":\"es\",\"potentialAction\":[{\"@type\":\"ReadAction\",\"target\":[\"https:\/\/noti-america.com\/site\/venezuela\/2022\/11\/29\/gobierno-de-espana-considera-reabrir-embajada-en-caracas-tras-reanudacion-del-dialogo-en-mexico\/\"]}]},{\"@type\":\"ImageObject\",\"inLanguage\":\"es\",\"@id\":\"https:\/\/noti-america.com\/site\/venezuela\/2022\/11\/29\/gobierno-de-espana-considera-reabrir-embajada-en-caracas-tras-reanudacion-del-dialogo-en-mexico\/#primaryimage\",\"url\":\"https:\/\/noti-america.com\/site\/venezuela\/wp-content\/uploads\/sites\/2\/2022\/11\/ministro-espanol-de-exteriores-Juan-Manuel-Albares.jpeg\",\"contentUrl\":\"https:\/\/noti-america.com\/site\/venezuela\/wp-content\/uploads\/sites\/2\/2022\/11\/ministro-espanol-de-exteriores-Juan-Manuel-Albares.jpeg\",\"width\":696,\"height\":392},{\"@type\":\"BreadcrumbList\",\"@id\":\"https:\/\/noti-america.com\/site\/venezuela\/2022\/11\/29\/gobierno-de-espana-considera-reabrir-embajada-en-caracas-tras-reanudacion-del-dialogo-en-mexico\/#breadcrumb\",\"itemListElement\":[{\"@type\":\"ListItem\",\"position\":1,\"name\":\"Portada\",\"item\":\"https:\/\/noti-america.com\/site\/venezuela\/\"},{\"@type\":\"ListItem\",\"position\":2,\"name\":\"Gobierno de Espa\u00f1a considera reabrir embajada en Caracas tras reanudaci\u00f3n del dialogo en M\u00e9xico\"}]},{\"@type\":\"WebSite\",\"@id\":\"https:\/\/noti-america.com\/site\/venezuela\/#website\",\"url\":\"https:\/\/noti-america.com\/site\/venezuela\/\",\"name\":\"Venezuela | Noti-America.com\",\"description\":\"\",\"publisher\":{\"@id\":\"https:\/\/noti-america.com\/site\/venezuela\/#organization\"},\"potentialAction\":[{\"@type\":\"SearchAction\",\"target\":{\"@type\":\"EntryPoint\",\"urlTemplate\":\"https:\/\/noti-america.com\/site\/venezuela\/?s={search_term_string}\"},\"query-input\":{\"@type\":\"PropertyValueSpecification\",\"valueRequired\":true,\"valueName\":\"search_term_string\"}}],\"inLanguage\":\"es\"},{\"@type\":\"Organization\",\"@id\":\"https:\/\/noti-america.com\/site\/venezuela\/#organization\",\"name\":\"Noti-America LLC | Venezuela\",\"url\":\"https:\/\/noti-america.com\/site\/venezuela\/\",\"logo\":{\"@type\":\"ImageObject\",\"inLanguage\":\"es\",\"@id\":\"https:\/\/noti-america.com\/site\/venezuela\/#\/schema\/logo\/image\/\",\"url\":\"https:\/\/noti-america.com\/site\/venezuela\/wp-content\/uploads\/sites\/2\/2020\/07\/LogoNA-4x3-1.jpg\",\"contentUrl\":\"https:\/\/noti-america.com\/site\/venezuela\/wp-content\/uploads\/sites\/2\/2020\/07\/LogoNA-4x3-1.jpg\",\"width\":1236,\"height\":1080,\"caption\":\"Noti-America LLC | Venezuela\"},\"image\":{\"@id\":\"https:\/\/noti-america.com\/site\/venezuela\/#\/schema\/logo\/image\/\"}},{\"@type\":\"Person\",\"@id\":\"https:\/\/noti-america.com\/site\/venezuela\/#\/schema\/person\/22806efcc2cfc4b45efb0e17be210ea8\",\"name\":\"Maria Valentina Noguera Medina\",\"image\":{\"@type\":\"ImageObject\",\"inLanguage\":\"es\",\"@id\":\"https:\/\/secure.gravatar.com\/avatar\/4ec5eb9d099f2608a49c9df6f7341f66f04f819cdffa09d56a7a0e91d2819d56?s=96&d=mm&r=g\",\"url\":\"https:\/\/secure.gravatar.com\/avatar\/4ec5eb9d099f2608a49c9df6f7341f66f04f819cdffa09d56a7a0e91d2819d56?s=96&d=mm&r=g\",\"contentUrl\":\"https:\/\/secure.gravatar.com\/avatar\/4ec5eb9d099f2608a49c9df6f7341f66f04f819cdffa09d56a7a0e91d2819d56?s=96&d=mm&r=g\",\"caption\":\"Maria Valentina Noguera Medina\"},\"description\":\"Periodista - noti-america - Promar Community Manager - Talento Plus Dise\u00f1adora\/ creadora de contenido...\",\"sameAs\":[\"Mar\u00eda Valentina Noguera\",\"https:\/\/www.facebook.com\/mariavalentina.noguera\",\"https:\/\/www.linkedin.com\/in\/mara-valentina-noguera-medina-373075165\/\",\"https:\/\/www.pinterest.es\/valentinanoguera95\/\",\"https:\/\/www.youtube.com\/channel\/UCdek6mbUZ-Tqqw0I63i4nmQ\"],\"url\":\"https:\/\/noti-america.com\/site\/venezuela\/author\/mnoguera\/\"}]}<\/script>\n<!-- \/ Yoast SEO Premium plugin. -->","yoast_head_json":{"title":"Gobierno de Espa\u00f1a considera reabrir embajada en Caracas tras reanudaci\u00f3n del dialogo en M\u00e9xico - Venezuela | Noti-America.com","robots":{"index":"index","follow":"follow","max-snippet":"max-snippet:-1","max-image-preview":"max-image-preview:large","max-video-preview":"max-video-preview:-1"},"canonical":"https:\/\/noti-america.com\/site\/venezuela\/2022\/11\/29\/gobierno-de-espana-considera-reabrir-embajada-en-caracas-tras-reanudacion-del-dialogo-en-mexico\/","og_locale":"es_ES","og_type":"article","og_title":"Gobierno de Espa\u00f1a considera reabrir embajada en Caracas tras reanudaci\u00f3n del dialogo en M\u00e9xico","og_description":"NOTI-AMERICA.COM | VENEZUELA \u2013 El gobierno de Espa\u00f1a est\u00e1 considerando la posibilidad de reabrir su embajada en Caracas. La posibilidad se da tras el reinicio de las negociaciones entre la administraci\u00f3n de Nicol\u00e1s Maduro&#46;&#46;&#46;","og_url":"https:\/\/noti-america.com\/site\/venezuela\/2022\/11\/29\/gobierno-de-espana-considera-reabrir-embajada-en-caracas-tras-reanudacion-del-dialogo-en-mexico\/","og_site_name":"Venezuela | Noti-America.com","article_author":"Mar\u00eda Valentina Noguera","article_published_time":"2022-11-29T15:28:21+00:00","og_image":[{"width":696,"height":392,"url":"https:\/\/noti-america.com\/site\/venezuela\/wp-content\/uploads\/sites\/2\/2022\/11\/ministro-espanol-de-exteriores-Juan-Manuel-Albares.jpeg","type":"image\/jpeg"}],"author":"Maria Valentina Noguera Medina","twitter_card":"summary_large_image","twitter_misc":{"Escrito por":"Maria Valentina Noguera Medina","Tiempo estimado de lectura":"2 minutos"},"schema":{"@context":"https:\/\/schema.org","@graph":[{"@type":"Article","@id":"https:\/\/noti-america.com\/site\/venezuela\/2022\/11\/29\/gobierno-de-espana-considera-reabrir-embajada-en-caracas-tras-reanudacion-del-dialogo-en-mexico\/#article","isPartOf":{"@id":"https:\/\/noti-america.com\/site\/venezuela\/2022\/11\/29\/gobierno-de-espana-considera-reabrir-embajada-en-caracas-tras-reanudacion-del-dialogo-en-mexico\/"},"author":{"name":"Maria Valentina Noguera Medina","@id":"https:\/\/noti-america.com\/site\/venezuela\/#\/schema\/person\/22806efcc2cfc4b45efb0e17be210ea8"},"headline":"Gobierno de Espa\u00f1a considera reabrir embajada en Caracas tras reanudaci\u00f3n del dialogo en M\u00e9xico","datePublished":"2022-11-29T15:28:21+00:00","mainEntityOfPage":{"@id":"https:\/\/noti-america.com\/site\/venezuela\/2022\/11\/29\/gobierno-de-espana-considera-reabrir-embajada-en-caracas-tras-reanudacion-del-dialogo-en-mexico\/"},"wordCount":350,"commentCount":0,"publisher":{"@id":"https:\/\/noti-america.com\/site\/venezuela\/#organization"},"image":{"@id":"https:\/\/noti-america.com\/site\/venezuela\/2022\/11\/29\/gobierno-de-espana-considera-reabrir-embajada-en-caracas-tras-reanudacion-del-dialogo-en-mexico\/#primaryimage"},"thumbnailUrl":"https:\/\/noti-america.com\/site\/venezuela\/wp-content\/uploads\/sites\/2\/2022\/11\/ministro-espanol-de-exteriores-Juan-Manuel-Albares.jpeg","articleSection":["Actualidad","Pol\u00edtica","Venezuela"],"inLanguage":"es","potentialAction":[{"@type":"CommentAction","name":"Comment","target":["https:\/\/noti-america.com\/site\/venezuela\/2022\/11\/29\/gobierno-de-espana-considera-reabrir-embajada-en-caracas-tras-reanudacion-del-dialogo-en-mexico\/#respond"]}]},{"@type":"WebPage","@id":"https:\/\/noti-america.com\/site\/venezuela\/2022\/11\/29\/gobierno-de-espana-considera-reabrir-embajada-en-caracas-tras-reanudacion-del-dialogo-en-mexico\/","url":"https:\/\/noti-america.com\/site\/venezuela\/2022\/11\/29\/gobierno-de-espana-considera-reabrir-embajada-en-caracas-tras-reanudacion-del-dialogo-en-mexico\/","name":"Gobierno de Espa\u00f1a considera reabrir embajada en Caracas tras reanudaci\u00f3n del dialogo en M\u00e9xico - Venezuela | Noti-America.com","isPartOf":{"@id":"https:\/\/noti-america.com\/site\/venezuela\/#website"},"primaryImageOfPage":{"@id":"https:\/\/noti-america.com\/site\/venezuela\/2022\/11\/29\/gobierno-de-espana-considera-reabrir-embajada-en-caracas-tras-reanudacion-del-dialogo-en-mexico\/#primaryimage"},"image":{"@id":"https:\/\/noti-america.com\/site\/venezuela\/2022\/11\/29\/gobierno-de-espana-considera-reabrir-embajada-en-caracas-tras-reanudacion-del-dialogo-en-mexico\/#primaryimage"},"thumbnailUrl":"https:\/\/noti-america.com\/site\/venezuela\/wp-content\/uploads\/sites\/2\/2022\/11\/ministro-espanol-de-exteriores-Juan-Manuel-Albares.jpeg","datePublished":"2022-11-29T15:28:21+00:00","breadcrumb":{"@id":"https:\/\/noti-america.com\/site\/venezuela\/2022\/11\/29\/gobierno-de-espana-considera-reabrir-embajada-en-caracas-tras-reanudacion-del-dialogo-en-mexico\/#breadcrumb"},"inLanguage":"es","potentialAction":[{"@type":"ReadAction","target":["https:\/\/noti-america.com\/site\/venezuela\/2022\/11\/29\/gobierno-de-espana-considera-reabrir-embajada-en-caracas-tras-reanudacion-del-dialogo-en-mexico\/"]}]},{"@type":"ImageObject","inLanguage":"es","@id":"https:\/\/noti-america.com\/site\/venezuela\/2022\/11\/29\/gobierno-de-espana-considera-reabrir-embajada-en-caracas-tras-reanudacion-del-dialogo-en-mexico\/#primaryimage","url":"https:\/\/noti-america.com\/site\/venezuela\/wp-content\/uploads\/sites\/2\/2022\/11\/ministro-espanol-de-exteriores-Juan-Manuel-Albares.jpeg","contentUrl":"https:\/\/noti-america.com\/site\/venezuela\/wp-content\/uploads\/sites\/2\/2022\/11\/ministro-espanol-de-exteriores-Juan-Manuel-Albares.jpeg","width":696,"height":392},{"@type":"BreadcrumbList","@id":"https:\/\/noti-america.com\/site\/venezuela\/2022\/11\/29\/gobierno-de-espana-considera-reabrir-embajada-en-caracas-tras-reanudacion-del-dialogo-en-mexico\/#breadcrumb","itemListElement":[{"@type":"ListItem","position":1,"name":"Portada","item":"https:\/\/noti-america.com\/site\/venezuela\/"},{"@type":"ListItem","position":2,"name":"Gobierno de Espa\u00f1a considera reabrir embajada en Caracas tras reanudaci\u00f3n del dialogo en M\u00e9xico"}]},{"@type":"WebSite","@id":"https:\/\/noti-america.com\/site\/venezuela\/#website","url":"https:\/\/noti-america.com\/site\/venezuela\/","name":"Venezuela | Noti-America.com","description":"","publisher":{"@id":"https:\/\/noti-america.com\/site\/venezuela\/#organization"},"potentialAction":[{"@type":"SearchAction","target":{"@type":"EntryPoint","urlTemplate":"https:\/\/noti-america.com\/site\/venezuela\/?s={search_term_string}"},"query-input":{"@type":"PropertyValueSpecification","valueRequired":true,"valueName":"search_term_string"}}],"inLanguage":"es"},{"@type":"Organization","@id":"https:\/\/noti-america.com\/site\/venezuela\/#organization","name":"Noti-America LLC | Venezuela","url":"https:\/\/noti-america.com\/site\/venezuela\/","logo":{"@type":"ImageObject","inLanguage":"es","@id":"https:\/\/noti-america.com\/site\/venezuela\/#\/schema\/logo\/image\/","url":"https:\/\/noti-america.com\/site\/venezuela\/wp-content\/uploads\/sites\/2\/2020\/07\/LogoNA-4x3-1.jpg","contentUrl":"https:\/\/noti-america.com\/site\/venezuela\/wp-content\/uploads\/sites\/2\/2020\/07\/LogoNA-4x3-1.jpg","width":1236,"height":1080,"caption":"Noti-America LLC | Venezuela"},"image":{"@id":"https:\/\/noti-america.com\/site\/venezuela\/#\/schema\/logo\/image\/"}},{"@type":"Person","@id":"https:\/\/noti-america.com\/site\/venezuela\/#\/schema\/person\/22806efcc2cfc4b45efb0e17be210ea8","name":"Maria Valentina Noguera Medina","image":{"@type":"ImageObject","inLanguage":"es","@id":"https:\/\/secure.gravatar.com\/avatar\/4ec5eb9d099f2608a49c9df6f7341f66f04f819cdffa09d56a7a0e91d2819d56?s=96&d=mm&r=g","url":"https:\/\/secure.gravatar.com\/avatar\/4ec5eb9d099f2608a49c9df6f7341f66f04f819cdffa09d56a7a0e91d2819d56?s=96&d=mm&r=g","contentUrl":"https:\/\/secure.gravatar.com\/avatar\/4ec5eb9d099f2608a49c9df6f7341f66f04f819cdffa09d56a7a0e91d2819d56?s=96&d=mm&r=g","caption":"Maria Valentina Noguera Medina"},"description":"Periodista - noti-america - Promar Community Manager - Talento Plus Dise\u00f1adora\/ creadora de contenido...","sameAs":["Mar\u00eda Valentina Noguera","https:\/\/www.facebook.com\/mariavalentina.noguera","https:\/\/www.linkedin.com\/in\/mara-valentina-noguera-medina-373075165\/","https:\/\/www.pinterest.es\/valentinanoguera95\/","https:\/\/www.youtube.com\/channel\/UCdek6mbUZ-Tqqw0I63i4nmQ"],"url":"https:\/\/noti-america.com\/site\/venezuela\/author\/mnoguera\/"}]}},"_links":{"self":[{"href":"https:\/\/noti-america.com\/site\/venezuela\/wp-json\/wp\/v2\/posts\/23754","targetHints":{"allow":["GET"]}}],"collection":[{"href":"https:\/\/noti-america.com\/site\/venezuela\/wp-json\/wp\/v2\/posts"}],"about":[{"href":"https:\/\/noti-america.com\/site\/venezuela\/wp-json\/wp\/v2\/types\/post"}],"author":[{"embeddable":true,"href":"https:\/\/noti-america.com\/site\/venezuela\/wp-json\/wp\/v2\/users\/133"}],"replies":[{"embeddable":true,"href":"https:\/\/noti-america.com\/site\/venezuela\/wp-json\/wp\/v2\/comments?post=23754"}],"version-history":[{"count":1,"href":"https:\/\/noti-america.com\/site\/venezuela\/wp-json\/wp\/v2\/posts\/23754\/revisions"}],"predecessor-version":[{"id":23756,"href":"https:\/\/noti-america.com\/site\/venezuela\/wp-json\/wp\/v2\/posts\/23754\/revisions\/23756"}],"wp:featuredmedia":[{"embeddable":true,"href":"https:\/\/noti-america.com\/site\/venezuela\/wp-json\/wp\/v2\/media\/23755"}],"wp:attachment":[{"href":"https:\/\/noti-america.com\/site\/venezuela\/wp-json\/wp\/v2\/media?parent=23754"}],"wp:term":[{"taxonomy":"category","embeddable":true,"href":"https:\/\/noti-america.com\/site\/venezuela\/wp-json\/wp\/v2\/categories?post=23754"},{"taxonomy":"post_tag","embeddable":true,"href":"https:\/\/noti-america.com\/site\/venezuela\/wp-json\/wp\/v2\/tags?post=23754"}],"curies":[{"name":"wp","href":"https:\/\/api.w.org\/{rel}","templated":true}]}}