{"id":23519,"date":"2022-11-21T15:22:38","date_gmt":"2022-11-21T15:22:38","guid":{"rendered":"https:\/\/noti-america.com\/site\/venezuela\/?p=23519"},"modified":"2022-11-21T15:22:38","modified_gmt":"2022-11-21T15:22:38","slug":"gobierno-colombiano-y-eln-reanudan-dialogo-de-paz-este-21-de-noviembre-en-venezuela","status":"publish","type":"post","link":"https:\/\/noti-america.com\/site\/venezuela\/2022\/11\/21\/gobierno-colombiano-y-eln-reanudan-dialogo-de-paz-este-21-de-noviembre-en-venezuela\/","title":{"rendered":"Gobierno colombiano y ELN reanudan di\u00e1logo de paz este 21 de Noviembre en Venezuela"},"content":{"rendered":"<p>NOTI-AMERICA.COM | VENEZUELA \u2013 Este lunes 21 de noviembre, ser\u00e1 instalada la mesa de di\u00e1logo entre el Gobierno de Colombia y la guerrilla del Ej\u00e9rcito de Liberaci\u00f3n Nacional (ELN), en la ciudad de Caracas, Venezuela, para reanudar \u00a0el proceso de negociaciones de paz suspendido en 2018.<\/p>\n<p>A escasas horas del evento, que se celebra m\u00e1s de un mes despu\u00e9s del anuncio de la reanudaci\u00f3n, persisten algunas dudas, entre ellas, la metodolog\u00eda y, principalmente, la composici\u00f3n total de los equipos, que se conocer\u00e1 hoy finalmente. Del lado del Gobierno del presidente Gustavo Petro est\u00e1n confirmados los nombres de Otty Pati\u00f1o, exguerrillero del M-19, que ser\u00e1 el jefe del equipo negociador, y del presidente de la Federaci\u00f3n Colombiana de Ganaderos (Fedegan), Jos\u00e9 F\u00e9lix Lafourie, enconado enemigo de la guerrilla.<\/p>\n<p>Por el ELN, estar\u00e1n Israel Ram\u00edrez Pineda, alias \u00abPablo Beltr\u00e1n\u00bb, -segundo al mando de esa guerrilla- como jefe de delegaci\u00f3n. El resto de participantes no fueron anunciados.<\/p>\n<p>Venezuela juega un papel fundamental en el di\u00e1logo por un hecho que lo diferencia de los otros dos pa\u00edses garantes -Cuba y Noruega- por su vecindad con Colombia, que facilita la fuerte presencia del ELN en estados fronterizos, donde miembros de la guerrilla han echado ra\u00edces en los \u00faltimos a\u00f1os. De los ocho frentes de guerra del ELN, el Nororiental -uno de los m\u00e1s poderosos- opera tambi\u00e9n en la regi\u00f3n venezolana de Zulia (noroeste), y el Oriental, en Apure (suroeste).<\/p>\n<p>La \u00faltima reuni\u00f3n entre las partes fue el 1 de agosto de 2018 en La Habana, durante el Gobierno de Juan Manuel Santos, que concluy\u00f3 sin conseguir ning\u00fan acuerdo, seis d\u00edas antes de la llegada al poder del expresidente Iv\u00e1n Duque, que puso los di\u00e1logos en el congelador.<\/p>\n","protected":false},"excerpt":{"rendered":"<p>NOTI-AMERICA.COM | VENEZUELA \u2013 Este lunes 21 de noviembre, ser\u00e1 instalada la mesa de di\u00e1logo entre el Gobierno de Colombia y la guerrilla del Ej\u00e9rcito de Liberaci\u00f3n Nacional (ELN), en la ciudad de Caracas,&#46;&#46;&#46;<\/p>\n","protected":false},"author":133,"featured_media":23520,"comment_status":"open","ping_status":"open","sticky":false,"template":"","format":"image","meta":{"_acf_changed":false,"om_disable_all_campaigns":false,"rop_custom_images_group":[],"rop_custom_messages_group":[],"rop_publish_now":"initial","rop_publish_now_accounts":{"twitter_242054905_242054905":""},"rop_publish_now_history":[],"rop_publish_now_status":"pending","_uf_show_specific_survey":0,"_uf_disable_surveys":false,"footnotes":""},"categories":[204,156],"tags":[],"class_list":["post-23519","post","type-post","status-publish","format-image","has-post-thumbnail","hentry","category-nacionales","category-venezuela","post_format-post-format-image"],"acf":[],"aioseo_notices":[],"yoast_head":"<!-- This site is optimized with the Yoast SEO Premium plugin v24.9 (Yoast SEO v27.2) - https:\/\/yoast.com\/product\/yoast-seo-premium-wordpress\/ -->\n<title>Gobierno colombiano y ELN reanudan di\u00e1logo de paz este 21 de Noviembre en Venezuela - Venezuela | Noti-America.com<\/title>\n<meta name=\"robots\" content=\"index, follow, max-snippet:-1, max-image-preview:large, max-video-preview:-1\" \/>\n<link rel=\"canonical\" href=\"https:\/\/noti-america.com\/site\/venezuela\/2022\/11\/21\/gobierno-colombiano-y-eln-reanudan-dialogo-de-paz-este-21-de-noviembre-en-venezuela\/\" \/>\n<meta property=\"og:locale\" content=\"es_ES\" \/>\n<meta property=\"og:type\" content=\"article\" \/>\n<meta property=\"og:title\" content=\"Gobierno colombiano y ELN reanudan di\u00e1logo de paz este 21 de Noviembre en Venezuela\" \/>\n<meta property=\"og:description\" content=\"NOTI-AMERICA.COM | VENEZUELA \u2013 Este lunes 21 de noviembre, ser\u00e1 instalada la mesa de di\u00e1logo entre el Gobierno de Colombia y la guerrilla del Ej\u00e9rcito de Liberaci\u00f3n Nacional (ELN), en la ciudad de Caracas,&#046;&#046;&#046;\" \/>\n<meta property=\"og:url\" content=\"https:\/\/noti-america.com\/site\/venezuela\/2022\/11\/21\/gobierno-colombiano-y-eln-reanudan-dialogo-de-paz-este-21-de-noviembre-en-venezuela\/\" \/>\n<meta property=\"og:site_name\" content=\"Venezuela | Noti-America.com\" \/>\n<meta property=\"article:author\" content=\"Mar\u00eda Valentina Noguera\" \/>\n<meta property=\"article:published_time\" content=\"2022-11-21T15:22:38+00:00\" \/>\n<meta property=\"og:image\" content=\"https:\/\/noti-america.com\/site\/venezuela\/wp-content\/uploads\/sites\/2\/2022\/11\/dialogo-de-paz-colombia-ap.jpeg\" \/>\n\t<meta property=\"og:image:width\" content=\"1000\" \/>\n\t<meta property=\"og:image:height\" content=\"667\" \/>\n\t<meta property=\"og:image:type\" content=\"image\/jpeg\" \/>\n<meta name=\"author\" content=\"Maria Valentina Noguera Medina\" \/>\n<meta name=\"twitter:card\" content=\"summary_large_image\" \/>\n<meta name=\"twitter:label1\" content=\"Escrito por\" \/>\n\t<meta name=\"twitter:data1\" content=\"Maria Valentina Noguera Medina\" \/>\n\t<meta name=\"twitter:label2\" content=\"Tiempo estimado de lectura\" \/>\n\t<meta name=\"twitter:data2\" content=\"2 minutos\" \/>\n<script type=\"application\/ld+json\" class=\"yoast-schema-graph\">{\"@context\":\"https:\/\/schema.org\",\"@graph\":[{\"@type\":\"Article\",\"@id\":\"https:\/\/noti-america.com\/site\/venezuela\/2022\/11\/21\/gobierno-colombiano-y-eln-reanudan-dialogo-de-paz-este-21-de-noviembre-en-venezuela\/#article\",\"isPartOf\":{\"@id\":\"https:\/\/noti-america.com\/site\/venezuela\/2022\/11\/21\/gobierno-colombiano-y-eln-reanudan-dialogo-de-paz-este-21-de-noviembre-en-venezuela\/\"},\"author\":{\"name\":\"Maria Valentina Noguera Medina\",\"@id\":\"https:\/\/noti-america.com\/site\/venezuela\/#\/schema\/person\/22806efcc2cfc4b45efb0e17be210ea8\"},\"headline\":\"Gobierno colombiano y ELN reanudan di\u00e1logo de paz este 21 de Noviembre en Venezuela\",\"datePublished\":\"2022-11-21T15:22:38+00:00\",\"mainEntityOfPage\":{\"@id\":\"https:\/\/noti-america.com\/site\/venezuela\/2022\/11\/21\/gobierno-colombiano-y-eln-reanudan-dialogo-de-paz-este-21-de-noviembre-en-venezuela\/\"},\"wordCount\":319,\"commentCount\":0,\"publisher\":{\"@id\":\"https:\/\/noti-america.com\/site\/venezuela\/#organization\"},\"image\":{\"@id\":\"https:\/\/noti-america.com\/site\/venezuela\/2022\/11\/21\/gobierno-colombiano-y-eln-reanudan-dialogo-de-paz-este-21-de-noviembre-en-venezuela\/#primaryimage\"},\"thumbnailUrl\":\"https:\/\/noti-america.com\/site\/venezuela\/wp-content\/uploads\/sites\/2\/2022\/11\/dialogo-de-paz-colombia-ap.jpeg\",\"articleSection\":[\"Nacionales\",\"Venezuela\"],\"inLanguage\":\"es\",\"potentialAction\":[{\"@type\":\"CommentAction\",\"name\":\"Comment\",\"target\":[\"https:\/\/noti-america.com\/site\/venezuela\/2022\/11\/21\/gobierno-colombiano-y-eln-reanudan-dialogo-de-paz-este-21-de-noviembre-en-venezuela\/#respond\"]}]},{\"@type\":\"WebPage\",\"@id\":\"https:\/\/noti-america.com\/site\/venezuela\/2022\/11\/21\/gobierno-colombiano-y-eln-reanudan-dialogo-de-paz-este-21-de-noviembre-en-venezuela\/\",\"url\":\"https:\/\/noti-america.com\/site\/venezuela\/2022\/11\/21\/gobierno-colombiano-y-eln-reanudan-dialogo-de-paz-este-21-de-noviembre-en-venezuela\/\",\"name\":\"Gobierno colombiano y ELN reanudan di\u00e1logo de paz este 21 de Noviembre en Venezuela - Venezuela | Noti-America.com\",\"isPartOf\":{\"@id\":\"https:\/\/noti-america.com\/site\/venezuela\/#website\"},\"primaryImageOfPage\":{\"@id\":\"https:\/\/noti-america.com\/site\/venezuela\/2022\/11\/21\/gobierno-colombiano-y-eln-reanudan-dialogo-de-paz-este-21-de-noviembre-en-venezuela\/#primaryimage\"},\"image\":{\"@id\":\"https:\/\/noti-america.com\/site\/venezuela\/2022\/11\/21\/gobierno-colombiano-y-eln-reanudan-dialogo-de-paz-este-21-de-noviembre-en-venezuela\/#primaryimage\"},\"thumbnailUrl\":\"https:\/\/noti-america.com\/site\/venezuela\/wp-content\/uploads\/sites\/2\/2022\/11\/dialogo-de-paz-colombia-ap.jpeg\",\"datePublished\":\"2022-11-21T15:22:38+00:00\",\"breadcrumb\":{\"@id\":\"https:\/\/noti-america.com\/site\/venezuela\/2022\/11\/21\/gobierno-colombiano-y-eln-reanudan-dialogo-de-paz-este-21-de-noviembre-en-venezuela\/#breadcrumb\"},\"inLanguage\":\"es\",\"potentialAction\":[{\"@type\":\"ReadAction\",\"target\":[\"https:\/\/noti-america.com\/site\/venezuela\/2022\/11\/21\/gobierno-colombiano-y-eln-reanudan-dialogo-de-paz-este-21-de-noviembre-en-venezuela\/\"]}]},{\"@type\":\"ImageObject\",\"inLanguage\":\"es\",\"@id\":\"https:\/\/noti-america.com\/site\/venezuela\/2022\/11\/21\/gobierno-colombiano-y-eln-reanudan-dialogo-de-paz-este-21-de-noviembre-en-venezuela\/#primaryimage\",\"url\":\"https:\/\/noti-america.com\/site\/venezuela\/wp-content\/uploads\/sites\/2\/2022\/11\/dialogo-de-paz-colombia-ap.jpeg\",\"contentUrl\":\"https:\/\/noti-america.com\/site\/venezuela\/wp-content\/uploads\/sites\/2\/2022\/11\/dialogo-de-paz-colombia-ap.jpeg\",\"width\":1000,\"height\":667},{\"@type\":\"BreadcrumbList\",\"@id\":\"https:\/\/noti-america.com\/site\/venezuela\/2022\/11\/21\/gobierno-colombiano-y-eln-reanudan-dialogo-de-paz-este-21-de-noviembre-en-venezuela\/#breadcrumb\",\"itemListElement\":[{\"@type\":\"ListItem\",\"position\":1,\"name\":\"Portada\",\"item\":\"https:\/\/noti-america.com\/site\/venezuela\/\"},{\"@type\":\"ListItem\",\"position\":2,\"name\":\"Gobierno colombiano y ELN reanudan di\u00e1logo de paz este 21 de Noviembre en Venezuela\"}]},{\"@type\":\"WebSite\",\"@id\":\"https:\/\/noti-america.com\/site\/venezuela\/#website\",\"url\":\"https:\/\/noti-america.com\/site\/venezuela\/\",\"name\":\"Venezuela | Noti-America.com\",\"description\":\"\",\"publisher\":{\"@id\":\"https:\/\/noti-america.com\/site\/venezuela\/#organization\"},\"potentialAction\":[{\"@type\":\"SearchAction\",\"target\":{\"@type\":\"EntryPoint\",\"urlTemplate\":\"https:\/\/noti-america.com\/site\/venezuela\/?s={search_term_string}\"},\"query-input\":{\"@type\":\"PropertyValueSpecification\",\"valueRequired\":true,\"valueName\":\"search_term_string\"}}],\"inLanguage\":\"es\"},{\"@type\":\"Organization\",\"@id\":\"https:\/\/noti-america.com\/site\/venezuela\/#organization\",\"name\":\"Noti-America LLC | Venezuela\",\"url\":\"https:\/\/noti-america.com\/site\/venezuela\/\",\"logo\":{\"@type\":\"ImageObject\",\"inLanguage\":\"es\",\"@id\":\"https:\/\/noti-america.com\/site\/venezuela\/#\/schema\/logo\/image\/\",\"url\":\"https:\/\/noti-america.com\/site\/venezuela\/wp-content\/uploads\/sites\/2\/2020\/07\/LogoNA-4x3-1.jpg\",\"contentUrl\":\"https:\/\/noti-america.com\/site\/venezuela\/wp-content\/uploads\/sites\/2\/2020\/07\/LogoNA-4x3-1.jpg\",\"width\":1236,\"height\":1080,\"caption\":\"Noti-America LLC | Venezuela\"},\"image\":{\"@id\":\"https:\/\/noti-america.com\/site\/venezuela\/#\/schema\/logo\/image\/\"}},{\"@type\":\"Person\",\"@id\":\"https:\/\/noti-america.com\/site\/venezuela\/#\/schema\/person\/22806efcc2cfc4b45efb0e17be210ea8\",\"name\":\"Maria Valentina Noguera Medina\",\"image\":{\"@type\":\"ImageObject\",\"inLanguage\":\"es\",\"@id\":\"https:\/\/secure.gravatar.com\/avatar\/4ec5eb9d099f2608a49c9df6f7341f66f04f819cdffa09d56a7a0e91d2819d56?s=96&d=mm&r=g\",\"url\":\"https:\/\/secure.gravatar.com\/avatar\/4ec5eb9d099f2608a49c9df6f7341f66f04f819cdffa09d56a7a0e91d2819d56?s=96&d=mm&r=g\",\"contentUrl\":\"https:\/\/secure.gravatar.com\/avatar\/4ec5eb9d099f2608a49c9df6f7341f66f04f819cdffa09d56a7a0e91d2819d56?s=96&d=mm&r=g\",\"caption\":\"Maria Valentina Noguera Medina\"},\"description\":\"Periodista - noti-america - Promar Community Manager - Talento Plus Dise\u00f1adora\/ creadora de contenido...\",\"sameAs\":[\"Mar\u00eda Valentina Noguera\",\"https:\/\/www.facebook.com\/mariavalentina.noguera\",\"https:\/\/www.linkedin.com\/in\/mara-valentina-noguera-medina-373075165\/\",\"https:\/\/www.pinterest.es\/valentinanoguera95\/\",\"https:\/\/www.youtube.com\/channel\/UCdek6mbUZ-Tqqw0I63i4nmQ\"],\"url\":\"https:\/\/noti-america.com\/site\/venezuela\/author\/mnoguera\/\"}]}<\/script>\n<!-- \/ Yoast SEO Premium plugin. -->","yoast_head_json":{"title":"Gobierno colombiano y ELN reanudan di\u00e1logo de paz este 21 de Noviembre en Venezuela - Venezuela | Noti-America.com","robots":{"index":"index","follow":"follow","max-snippet":"max-snippet:-1","max-image-preview":"max-image-preview:large","max-video-preview":"max-video-preview:-1"},"canonical":"https:\/\/noti-america.com\/site\/venezuela\/2022\/11\/21\/gobierno-colombiano-y-eln-reanudan-dialogo-de-paz-este-21-de-noviembre-en-venezuela\/","og_locale":"es_ES","og_type":"article","og_title":"Gobierno colombiano y ELN reanudan di\u00e1logo de paz este 21 de Noviembre en Venezuela","og_description":"NOTI-AMERICA.COM | VENEZUELA \u2013 Este lunes 21 de noviembre, ser\u00e1 instalada la mesa de di\u00e1logo entre el Gobierno de Colombia y la guerrilla del Ej\u00e9rcito de Liberaci\u00f3n Nacional (ELN), en la ciudad de Caracas,&#46;&#46;&#46;","og_url":"https:\/\/noti-america.com\/site\/venezuela\/2022\/11\/21\/gobierno-colombiano-y-eln-reanudan-dialogo-de-paz-este-21-de-noviembre-en-venezuela\/","og_site_name":"Venezuela | Noti-America.com","article_author":"Mar\u00eda Valentina Noguera","article_published_time":"2022-11-21T15:22:38+00:00","og_image":[{"width":1000,"height":667,"url":"https:\/\/noti-america.com\/site\/venezuela\/wp-content\/uploads\/sites\/2\/2022\/11\/dialogo-de-paz-colombia-ap.jpeg","type":"image\/jpeg"}],"author":"Maria Valentina Noguera Medina","twitter_card":"summary_large_image","twitter_misc":{"Escrito por":"Maria Valentina Noguera Medina","Tiempo estimado de lectura":"2 minutos"},"schema":{"@context":"https:\/\/schema.org","@graph":[{"@type":"Article","@id":"https:\/\/noti-america.com\/site\/venezuela\/2022\/11\/21\/gobierno-colombiano-y-eln-reanudan-dialogo-de-paz-este-21-de-noviembre-en-venezuela\/#article","isPartOf":{"@id":"https:\/\/noti-america.com\/site\/venezuela\/2022\/11\/21\/gobierno-colombiano-y-eln-reanudan-dialogo-de-paz-este-21-de-noviembre-en-venezuela\/"},"author":{"name":"Maria Valentina Noguera Medina","@id":"https:\/\/noti-america.com\/site\/venezuela\/#\/schema\/person\/22806efcc2cfc4b45efb0e17be210ea8"},"headline":"Gobierno colombiano y ELN reanudan di\u00e1logo de paz este 21 de Noviembre en Venezuela","datePublished":"2022-11-21T15:22:38+00:00","mainEntityOfPage":{"@id":"https:\/\/noti-america.com\/site\/venezuela\/2022\/11\/21\/gobierno-colombiano-y-eln-reanudan-dialogo-de-paz-este-21-de-noviembre-en-venezuela\/"},"wordCount":319,"commentCount":0,"publisher":{"@id":"https:\/\/noti-america.com\/site\/venezuela\/#organization"},"image":{"@id":"https:\/\/noti-america.com\/site\/venezuela\/2022\/11\/21\/gobierno-colombiano-y-eln-reanudan-dialogo-de-paz-este-21-de-noviembre-en-venezuela\/#primaryimage"},"thumbnailUrl":"https:\/\/noti-america.com\/site\/venezuela\/wp-content\/uploads\/sites\/2\/2022\/11\/dialogo-de-paz-colombia-ap.jpeg","articleSection":["Nacionales","Venezuela"],"inLanguage":"es","potentialAction":[{"@type":"CommentAction","name":"Comment","target":["https:\/\/noti-america.com\/site\/venezuela\/2022\/11\/21\/gobierno-colombiano-y-eln-reanudan-dialogo-de-paz-este-21-de-noviembre-en-venezuela\/#respond"]}]},{"@type":"WebPage","@id":"https:\/\/noti-america.com\/site\/venezuela\/2022\/11\/21\/gobierno-colombiano-y-eln-reanudan-dialogo-de-paz-este-21-de-noviembre-en-venezuela\/","url":"https:\/\/noti-america.com\/site\/venezuela\/2022\/11\/21\/gobierno-colombiano-y-eln-reanudan-dialogo-de-paz-este-21-de-noviembre-en-venezuela\/","name":"Gobierno colombiano y ELN reanudan di\u00e1logo de paz este 21 de Noviembre en Venezuela - Venezuela | Noti-America.com","isPartOf":{"@id":"https:\/\/noti-america.com\/site\/venezuela\/#website"},"primaryImageOfPage":{"@id":"https:\/\/noti-america.com\/site\/venezuela\/2022\/11\/21\/gobierno-colombiano-y-eln-reanudan-dialogo-de-paz-este-21-de-noviembre-en-venezuela\/#primaryimage"},"image":{"@id":"https:\/\/noti-america.com\/site\/venezuela\/2022\/11\/21\/gobierno-colombiano-y-eln-reanudan-dialogo-de-paz-este-21-de-noviembre-en-venezuela\/#primaryimage"},"thumbnailUrl":"https:\/\/noti-america.com\/site\/venezuela\/wp-content\/uploads\/sites\/2\/2022\/11\/dialogo-de-paz-colombia-ap.jpeg","datePublished":"2022-11-21T15:22:38+00:00","breadcrumb":{"@id":"https:\/\/noti-america.com\/site\/venezuela\/2022\/11\/21\/gobierno-colombiano-y-eln-reanudan-dialogo-de-paz-este-21-de-noviembre-en-venezuela\/#breadcrumb"},"inLanguage":"es","potentialAction":[{"@type":"ReadAction","target":["https:\/\/noti-america.com\/site\/venezuela\/2022\/11\/21\/gobierno-colombiano-y-eln-reanudan-dialogo-de-paz-este-21-de-noviembre-en-venezuela\/"]}]},{"@type":"ImageObject","inLanguage":"es","@id":"https:\/\/noti-america.com\/site\/venezuela\/2022\/11\/21\/gobierno-colombiano-y-eln-reanudan-dialogo-de-paz-este-21-de-noviembre-en-venezuela\/#primaryimage","url":"https:\/\/noti-america.com\/site\/venezuela\/wp-content\/uploads\/sites\/2\/2022\/11\/dialogo-de-paz-colombia-ap.jpeg","contentUrl":"https:\/\/noti-america.com\/site\/venezuela\/wp-content\/uploads\/sites\/2\/2022\/11\/dialogo-de-paz-colombia-ap.jpeg","width":1000,"height":667},{"@type":"BreadcrumbList","@id":"https:\/\/noti-america.com\/site\/venezuela\/2022\/11\/21\/gobierno-colombiano-y-eln-reanudan-dialogo-de-paz-este-21-de-noviembre-en-venezuela\/#breadcrumb","itemListElement":[{"@type":"ListItem","position":1,"name":"Portada","item":"https:\/\/noti-america.com\/site\/venezuela\/"},{"@type":"ListItem","position":2,"name":"Gobierno colombiano y ELN reanudan di\u00e1logo de paz este 21 de Noviembre en Venezuela"}]},{"@type":"WebSite","@id":"https:\/\/noti-america.com\/site\/venezuela\/#website","url":"https:\/\/noti-america.com\/site\/venezuela\/","name":"Venezuela | Noti-America.com","description":"","publisher":{"@id":"https:\/\/noti-america.com\/site\/venezuela\/#organization"},"potentialAction":[{"@type":"SearchAction","target":{"@type":"EntryPoint","urlTemplate":"https:\/\/noti-america.com\/site\/venezuela\/?s={search_term_string}"},"query-input":{"@type":"PropertyValueSpecification","valueRequired":true,"valueName":"search_term_string"}}],"inLanguage":"es"},{"@type":"Organization","@id":"https:\/\/noti-america.com\/site\/venezuela\/#organization","name":"Noti-America LLC | Venezuela","url":"https:\/\/noti-america.com\/site\/venezuela\/","logo":{"@type":"ImageObject","inLanguage":"es","@id":"https:\/\/noti-america.com\/site\/venezuela\/#\/schema\/logo\/image\/","url":"https:\/\/noti-america.com\/site\/venezuela\/wp-content\/uploads\/sites\/2\/2020\/07\/LogoNA-4x3-1.jpg","contentUrl":"https:\/\/noti-america.com\/site\/venezuela\/wp-content\/uploads\/sites\/2\/2020\/07\/LogoNA-4x3-1.jpg","width":1236,"height":1080,"caption":"Noti-America LLC | Venezuela"},"image":{"@id":"https:\/\/noti-america.com\/site\/venezuela\/#\/schema\/logo\/image\/"}},{"@type":"Person","@id":"https:\/\/noti-america.com\/site\/venezuela\/#\/schema\/person\/22806efcc2cfc4b45efb0e17be210ea8","name":"Maria Valentina Noguera Medina","image":{"@type":"ImageObject","inLanguage":"es","@id":"https:\/\/secure.gravatar.com\/avatar\/4ec5eb9d099f2608a49c9df6f7341f66f04f819cdffa09d56a7a0e91d2819d56?s=96&d=mm&r=g","url":"https:\/\/secure.gravatar.com\/avatar\/4ec5eb9d099f2608a49c9df6f7341f66f04f819cdffa09d56a7a0e91d2819d56?s=96&d=mm&r=g","contentUrl":"https:\/\/secure.gravatar.com\/avatar\/4ec5eb9d099f2608a49c9df6f7341f66f04f819cdffa09d56a7a0e91d2819d56?s=96&d=mm&r=g","caption":"Maria Valentina Noguera Medina"},"description":"Periodista - noti-america - Promar Community Manager - Talento Plus Dise\u00f1adora\/ creadora de contenido...","sameAs":["Mar\u00eda Valentina Noguera","https:\/\/www.facebook.com\/mariavalentina.noguera","https:\/\/www.linkedin.com\/in\/mara-valentina-noguera-medina-373075165\/","https:\/\/www.pinterest.es\/valentinanoguera95\/","https:\/\/www.youtube.com\/channel\/UCdek6mbUZ-Tqqw0I63i4nmQ"],"url":"https:\/\/noti-america.com\/site\/venezuela\/author\/mnoguera\/"}]}},"_links":{"self":[{"href":"https:\/\/noti-america.com\/site\/venezuela\/wp-json\/wp\/v2\/posts\/23519","targetHints":{"allow":["GET"]}}],"collection":[{"href":"https:\/\/noti-america.com\/site\/venezuela\/wp-json\/wp\/v2\/posts"}],"about":[{"href":"https:\/\/noti-america.com\/site\/venezuela\/wp-json\/wp\/v2\/types\/post"}],"author":[{"embeddable":true,"href":"https:\/\/noti-america.com\/site\/venezuela\/wp-json\/wp\/v2\/users\/133"}],"replies":[{"embeddable":true,"href":"https:\/\/noti-america.com\/site\/venezuela\/wp-json\/wp\/v2\/comments?post=23519"}],"version-history":[{"count":1,"href":"https:\/\/noti-america.com\/site\/venezuela\/wp-json\/wp\/v2\/posts\/23519\/revisions"}],"predecessor-version":[{"id":23521,"href":"https:\/\/noti-america.com\/site\/venezuela\/wp-json\/wp\/v2\/posts\/23519\/revisions\/23521"}],"wp:featuredmedia":[{"embeddable":true,"href":"https:\/\/noti-america.com\/site\/venezuela\/wp-json\/wp\/v2\/media\/23520"}],"wp:attachment":[{"href":"https:\/\/noti-america.com\/site\/venezuela\/wp-json\/wp\/v2\/media?parent=23519"}],"wp:term":[{"taxonomy":"category","embeddable":true,"href":"https:\/\/noti-america.com\/site\/venezuela\/wp-json\/wp\/v2\/categories?post=23519"},{"taxonomy":"post_tag","embeddable":true,"href":"https:\/\/noti-america.com\/site\/venezuela\/wp-json\/wp\/v2\/tags?post=23519"}],"curies":[{"name":"wp","href":"https:\/\/api.w.org\/{rel}","templated":true}]}}