{"id":22791,"date":"2022-10-25T14:25:13","date_gmt":"2022-10-25T14:25:13","guid":{"rendered":"https:\/\/noti-america.com\/site\/venezuela\/?p=22791"},"modified":"2022-10-25T14:25:13","modified_gmt":"2022-10-25T14:25:13","slug":"cuerpos-de-seguridad-activan-busqueda-de-sospechoso-de-asesinato-de-nina-en-guacara","status":"publish","type":"post","link":"https:\/\/noti-america.com\/site\/venezuela\/2022\/10\/25\/cuerpos-de-seguridad-activan-busqueda-de-sospechoso-de-asesinato-de-nina-en-guacara\/","title":{"rendered":"Cuerpos de seguridad activan b\u00fasqueda de sospechoso de asesinato de ni\u00f1a en Guacara"},"content":{"rendered":"<p>NOTI-AMERICA.COM | VENEZUELA -D<span style=\"text-align: justify\">urante la ma\u00f1ana de este lunes 24 de octubre, un terrible hallazgo conmocion\u00f3 la opini\u00f3n p\u00fablica en Carabobo, cuando el CICPC inform\u00f3 sobre el caso de Franyelis Raquel Veliz Rodr\u00edguez de solo cinco a\u00f1os de edad, quien result\u00f3 asesinada en el municipio Guacara.<\/span><\/p>\n<p style=\"text-align: justify\">Temprano las pesquisas arrojan que la menor identificada como Franyelis Raquel Veliz Rodr\u00edguez, se encontraba sola en la residencia mientras que su progenitora, Yesika Rodr\u00edguez (30) estaba ingiriendo alcohol junto a su hijastro de 15 a\u00f1os de edad en casa de unos vecinos.<\/p>\n<p style=\"text-align: justify\">De igual forma, se dio a conocer que los cuerpos de seguridad, tanto estadales como municipales, encontraron el cuerpo de la v\u00edctima a las 4:30 de la madrugada en un pozo s\u00e9ptico, la cual present\u00f3 m\u00faltiples heridas por arma blanca en diferentes partes del cuerpo.<\/p>\n<p style=\"text-align: justify\">Al respecto, el alcalde de Guacara manifest\u00f3 sentirse consternado con lo sucedido, \u201clamentablemente, iniciamos la semana con una noticia que nos entristece a todos, ya que en horas de la madrugada recibimos una denuncia en el sector Tronconero que se trataba de un atroz infanticidio. En este momento nos encontramos realizando todas las investigaciones pertinentes para dar con el presunto homicida y sus c\u00f3mplices\u201d.<\/p>\n<p>&nbsp;<\/p>\n<p>&nbsp;<\/p>\n<p>&nbsp;<\/p>\n<p>Fuente: Carabobo es Noticia<\/p>\n","protected":false},"excerpt":{"rendered":"<p>NOTI-AMERICA.COM | VENEZUELA -Durante la ma\u00f1ana de este lunes 24 de octubre, un terrible hallazgo conmocion\u00f3 la opini\u00f3n p\u00fablica en Carabobo, cuando el CICPC inform\u00f3 sobre el caso de Franyelis Raquel Veliz Rodr\u00edguez de&#46;&#46;&#46;<\/p>\n","protected":false},"author":133,"featured_media":22792,"comment_status":"open","ping_status":"open","sticky":false,"template":"","format":"image","meta":{"_acf_changed":false,"om_disable_all_campaigns":false,"rop_custom_images_group":[],"rop_custom_messages_group":[],"rop_publish_now":"initial","rop_publish_now_accounts":{"twitter_242054905_242054905":""},"rop_publish_now_history":[],"rop_publish_now_status":"pending","_uf_show_specific_survey":0,"_uf_disable_surveys":false,"footnotes":""},"categories":[508,11,156],"tags":[],"class_list":["post-22791","post","type-post","status-publish","format-image","has-post-thumbnail","hentry","category-acturalidad","category-sucesos","category-venezuela","post_format-post-format-image"],"acf":[],"aioseo_notices":[],"yoast_head":"<!-- This site is optimized with the Yoast SEO Premium plugin v24.9 (Yoast SEO v27.2) - https:\/\/yoast.com\/product\/yoast-seo-premium-wordpress\/ -->\n<title>Cuerpos de seguridad activan b\u00fasqueda de sospechoso de asesinato de ni\u00f1a en Guacara - Venezuela | Noti-America.com<\/title>\n<meta name=\"robots\" content=\"index, follow, max-snippet:-1, max-image-preview:large, max-video-preview:-1\" \/>\n<link rel=\"canonical\" href=\"https:\/\/noti-america.com\/site\/venezuela\/2022\/10\/25\/cuerpos-de-seguridad-activan-busqueda-de-sospechoso-de-asesinato-de-nina-en-guacara\/\" \/>\n<meta property=\"og:locale\" content=\"es_ES\" \/>\n<meta property=\"og:type\" content=\"article\" \/>\n<meta property=\"og:title\" content=\"Cuerpos de seguridad activan b\u00fasqueda de sospechoso de asesinato de ni\u00f1a en Guacara\" \/>\n<meta property=\"og:description\" content=\"NOTI-AMERICA.COM | VENEZUELA -Durante la ma\u00f1ana de este lunes 24 de octubre, un terrible hallazgo conmocion\u00f3 la opini\u00f3n p\u00fablica en Carabobo, cuando el CICPC inform\u00f3 sobre el caso de Franyelis Raquel Veliz Rodr\u00edguez de&#046;&#046;&#046;\" \/>\n<meta property=\"og:url\" content=\"https:\/\/noti-america.com\/site\/venezuela\/2022\/10\/25\/cuerpos-de-seguridad-activan-busqueda-de-sospechoso-de-asesinato-de-nina-en-guacara\/\" \/>\n<meta property=\"og:site_name\" content=\"Venezuela | Noti-America.com\" \/>\n<meta property=\"article:author\" content=\"Mar\u00eda Valentina Noguera\" \/>\n<meta property=\"article:published_time\" content=\"2022-10-25T14:25:13+00:00\" \/>\n<meta property=\"og:image\" content=\"https:\/\/noti-america.com\/site\/venezuela\/wp-content\/uploads\/sites\/2\/2022\/10\/Hallan-nina-muerta-en-Guacara-696x482-1.jpg\" \/>\n\t<meta property=\"og:image:width\" content=\"696\" \/>\n\t<meta property=\"og:image:height\" content=\"482\" \/>\n\t<meta property=\"og:image:type\" content=\"image\/jpeg\" \/>\n<meta name=\"author\" content=\"Maria Valentina Noguera Medina\" \/>\n<meta name=\"twitter:card\" content=\"summary_large_image\" \/>\n<meta name=\"twitter:label1\" content=\"Escrito por\" \/>\n\t<meta name=\"twitter:data1\" content=\"Maria Valentina Noguera Medina\" \/>\n\t<meta name=\"twitter:label2\" content=\"Tiempo estimado de lectura\" \/>\n\t<meta name=\"twitter:data2\" content=\"1 minuto\" \/>\n<script type=\"application\/ld+json\" class=\"yoast-schema-graph\">{\"@context\":\"https:\/\/schema.org\",\"@graph\":[{\"@type\":\"Article\",\"@id\":\"https:\/\/noti-america.com\/site\/venezuela\/2022\/10\/25\/cuerpos-de-seguridad-activan-busqueda-de-sospechoso-de-asesinato-de-nina-en-guacara\/#article\",\"isPartOf\":{\"@id\":\"https:\/\/noti-america.com\/site\/venezuela\/2022\/10\/25\/cuerpos-de-seguridad-activan-busqueda-de-sospechoso-de-asesinato-de-nina-en-guacara\/\"},\"author\":{\"name\":\"Maria Valentina Noguera Medina\",\"@id\":\"https:\/\/noti-america.com\/site\/venezuela\/#\/schema\/person\/22806efcc2cfc4b45efb0e17be210ea8\"},\"headline\":\"Cuerpos de seguridad activan b\u00fasqueda de sospechoso de asesinato de ni\u00f1a en Guacara\",\"datePublished\":\"2022-10-25T14:25:13+00:00\",\"mainEntityOfPage\":{\"@id\":\"https:\/\/noti-america.com\/site\/venezuela\/2022\/10\/25\/cuerpos-de-seguridad-activan-busqueda-de-sospechoso-de-asesinato-de-nina-en-guacara\/\"},\"wordCount\":228,\"commentCount\":0,\"publisher\":{\"@id\":\"https:\/\/noti-america.com\/site\/venezuela\/#organization\"},\"image\":{\"@id\":\"https:\/\/noti-america.com\/site\/venezuela\/2022\/10\/25\/cuerpos-de-seguridad-activan-busqueda-de-sospechoso-de-asesinato-de-nina-en-guacara\/#primaryimage\"},\"thumbnailUrl\":\"https:\/\/noti-america.com\/site\/venezuela\/wp-content\/uploads\/sites\/2\/2022\/10\/Hallan-nina-muerta-en-Guacara-696x482-1.jpg\",\"articleSection\":[\"Actualidad\",\"Sucesos\",\"Venezuela\"],\"inLanguage\":\"es\",\"potentialAction\":[{\"@type\":\"CommentAction\",\"name\":\"Comment\",\"target\":[\"https:\/\/noti-america.com\/site\/venezuela\/2022\/10\/25\/cuerpos-de-seguridad-activan-busqueda-de-sospechoso-de-asesinato-de-nina-en-guacara\/#respond\"]}]},{\"@type\":\"WebPage\",\"@id\":\"https:\/\/noti-america.com\/site\/venezuela\/2022\/10\/25\/cuerpos-de-seguridad-activan-busqueda-de-sospechoso-de-asesinato-de-nina-en-guacara\/\",\"url\":\"https:\/\/noti-america.com\/site\/venezuela\/2022\/10\/25\/cuerpos-de-seguridad-activan-busqueda-de-sospechoso-de-asesinato-de-nina-en-guacara\/\",\"name\":\"Cuerpos de seguridad activan b\u00fasqueda de sospechoso de asesinato de ni\u00f1a en Guacara - Venezuela | Noti-America.com\",\"isPartOf\":{\"@id\":\"https:\/\/noti-america.com\/site\/venezuela\/#website\"},\"primaryImageOfPage\":{\"@id\":\"https:\/\/noti-america.com\/site\/venezuela\/2022\/10\/25\/cuerpos-de-seguridad-activan-busqueda-de-sospechoso-de-asesinato-de-nina-en-guacara\/#primaryimage\"},\"image\":{\"@id\":\"https:\/\/noti-america.com\/site\/venezuela\/2022\/10\/25\/cuerpos-de-seguridad-activan-busqueda-de-sospechoso-de-asesinato-de-nina-en-guacara\/#primaryimage\"},\"thumbnailUrl\":\"https:\/\/noti-america.com\/site\/venezuela\/wp-content\/uploads\/sites\/2\/2022\/10\/Hallan-nina-muerta-en-Guacara-696x482-1.jpg\",\"datePublished\":\"2022-10-25T14:25:13+00:00\",\"breadcrumb\":{\"@id\":\"https:\/\/noti-america.com\/site\/venezuela\/2022\/10\/25\/cuerpos-de-seguridad-activan-busqueda-de-sospechoso-de-asesinato-de-nina-en-guacara\/#breadcrumb\"},\"inLanguage\":\"es\",\"potentialAction\":[{\"@type\":\"ReadAction\",\"target\":[\"https:\/\/noti-america.com\/site\/venezuela\/2022\/10\/25\/cuerpos-de-seguridad-activan-busqueda-de-sospechoso-de-asesinato-de-nina-en-guacara\/\"]}]},{\"@type\":\"ImageObject\",\"inLanguage\":\"es\",\"@id\":\"https:\/\/noti-america.com\/site\/venezuela\/2022\/10\/25\/cuerpos-de-seguridad-activan-busqueda-de-sospechoso-de-asesinato-de-nina-en-guacara\/#primaryimage\",\"url\":\"https:\/\/noti-america.com\/site\/venezuela\/wp-content\/uploads\/sites\/2\/2022\/10\/Hallan-nina-muerta-en-Guacara-696x482-1.jpg\",\"contentUrl\":\"https:\/\/noti-america.com\/site\/venezuela\/wp-content\/uploads\/sites\/2\/2022\/10\/Hallan-nina-muerta-en-Guacara-696x482-1.jpg\",\"width\":696,\"height\":482},{\"@type\":\"BreadcrumbList\",\"@id\":\"https:\/\/noti-america.com\/site\/venezuela\/2022\/10\/25\/cuerpos-de-seguridad-activan-busqueda-de-sospechoso-de-asesinato-de-nina-en-guacara\/#breadcrumb\",\"itemListElement\":[{\"@type\":\"ListItem\",\"position\":1,\"name\":\"Portada\",\"item\":\"https:\/\/noti-america.com\/site\/venezuela\/\"},{\"@type\":\"ListItem\",\"position\":2,\"name\":\"Cuerpos de seguridad activan b\u00fasqueda de sospechoso de asesinato de ni\u00f1a en Guacara\"}]},{\"@type\":\"WebSite\",\"@id\":\"https:\/\/noti-america.com\/site\/venezuela\/#website\",\"url\":\"https:\/\/noti-america.com\/site\/venezuela\/\",\"name\":\"Venezuela | Noti-America.com\",\"description\":\"\",\"publisher\":{\"@id\":\"https:\/\/noti-america.com\/site\/venezuela\/#organization\"},\"potentialAction\":[{\"@type\":\"SearchAction\",\"target\":{\"@type\":\"EntryPoint\",\"urlTemplate\":\"https:\/\/noti-america.com\/site\/venezuela\/?s={search_term_string}\"},\"query-input\":{\"@type\":\"PropertyValueSpecification\",\"valueRequired\":true,\"valueName\":\"search_term_string\"}}],\"inLanguage\":\"es\"},{\"@type\":\"Organization\",\"@id\":\"https:\/\/noti-america.com\/site\/venezuela\/#organization\",\"name\":\"Noti-America LLC | Venezuela\",\"url\":\"https:\/\/noti-america.com\/site\/venezuela\/\",\"logo\":{\"@type\":\"ImageObject\",\"inLanguage\":\"es\",\"@id\":\"https:\/\/noti-america.com\/site\/venezuela\/#\/schema\/logo\/image\/\",\"url\":\"https:\/\/noti-america.com\/site\/venezuela\/wp-content\/uploads\/sites\/2\/2020\/07\/LogoNA-4x3-1.jpg\",\"contentUrl\":\"https:\/\/noti-america.com\/site\/venezuela\/wp-content\/uploads\/sites\/2\/2020\/07\/LogoNA-4x3-1.jpg\",\"width\":1236,\"height\":1080,\"caption\":\"Noti-America LLC | Venezuela\"},\"image\":{\"@id\":\"https:\/\/noti-america.com\/site\/venezuela\/#\/schema\/logo\/image\/\"}},{\"@type\":\"Person\",\"@id\":\"https:\/\/noti-america.com\/site\/venezuela\/#\/schema\/person\/22806efcc2cfc4b45efb0e17be210ea8\",\"name\":\"Maria Valentina Noguera Medina\",\"image\":{\"@type\":\"ImageObject\",\"inLanguage\":\"es\",\"@id\":\"https:\/\/secure.gravatar.com\/avatar\/4ec5eb9d099f2608a49c9df6f7341f66f04f819cdffa09d56a7a0e91d2819d56?s=96&d=mm&r=g\",\"url\":\"https:\/\/secure.gravatar.com\/avatar\/4ec5eb9d099f2608a49c9df6f7341f66f04f819cdffa09d56a7a0e91d2819d56?s=96&d=mm&r=g\",\"contentUrl\":\"https:\/\/secure.gravatar.com\/avatar\/4ec5eb9d099f2608a49c9df6f7341f66f04f819cdffa09d56a7a0e91d2819d56?s=96&d=mm&r=g\",\"caption\":\"Maria Valentina Noguera Medina\"},\"description\":\"Periodista - noti-america - Promar Community Manager - Talento Plus Dise\u00f1adora\/ creadora de contenido...\",\"sameAs\":[\"Mar\u00eda Valentina Noguera\",\"https:\/\/www.facebook.com\/mariavalentina.noguera\",\"https:\/\/www.linkedin.com\/in\/mara-valentina-noguera-medina-373075165\/\",\"https:\/\/www.pinterest.es\/valentinanoguera95\/\",\"https:\/\/www.youtube.com\/channel\/UCdek6mbUZ-Tqqw0I63i4nmQ\"],\"url\":\"https:\/\/noti-america.com\/site\/venezuela\/author\/mnoguera\/\"}]}<\/script>\n<!-- \/ Yoast SEO Premium plugin. -->","yoast_head_json":{"title":"Cuerpos de seguridad activan b\u00fasqueda de sospechoso de asesinato de ni\u00f1a en Guacara - Venezuela | Noti-America.com","robots":{"index":"index","follow":"follow","max-snippet":"max-snippet:-1","max-image-preview":"max-image-preview:large","max-video-preview":"max-video-preview:-1"},"canonical":"https:\/\/noti-america.com\/site\/venezuela\/2022\/10\/25\/cuerpos-de-seguridad-activan-busqueda-de-sospechoso-de-asesinato-de-nina-en-guacara\/","og_locale":"es_ES","og_type":"article","og_title":"Cuerpos de seguridad activan b\u00fasqueda de sospechoso de asesinato de ni\u00f1a en Guacara","og_description":"NOTI-AMERICA.COM | VENEZUELA -Durante la ma\u00f1ana de este lunes 24 de octubre, un terrible hallazgo conmocion\u00f3 la opini\u00f3n p\u00fablica en Carabobo, cuando el CICPC inform\u00f3 sobre el caso de Franyelis Raquel Veliz Rodr\u00edguez de&#46;&#46;&#46;","og_url":"https:\/\/noti-america.com\/site\/venezuela\/2022\/10\/25\/cuerpos-de-seguridad-activan-busqueda-de-sospechoso-de-asesinato-de-nina-en-guacara\/","og_site_name":"Venezuela | Noti-America.com","article_author":"Mar\u00eda Valentina Noguera","article_published_time":"2022-10-25T14:25:13+00:00","og_image":[{"width":696,"height":482,"url":"https:\/\/noti-america.com\/site\/venezuela\/wp-content\/uploads\/sites\/2\/2022\/10\/Hallan-nina-muerta-en-Guacara-696x482-1.jpg","type":"image\/jpeg"}],"author":"Maria Valentina Noguera Medina","twitter_card":"summary_large_image","twitter_misc":{"Escrito por":"Maria Valentina Noguera Medina","Tiempo estimado de lectura":"1 minuto"},"schema":{"@context":"https:\/\/schema.org","@graph":[{"@type":"Article","@id":"https:\/\/noti-america.com\/site\/venezuela\/2022\/10\/25\/cuerpos-de-seguridad-activan-busqueda-de-sospechoso-de-asesinato-de-nina-en-guacara\/#article","isPartOf":{"@id":"https:\/\/noti-america.com\/site\/venezuela\/2022\/10\/25\/cuerpos-de-seguridad-activan-busqueda-de-sospechoso-de-asesinato-de-nina-en-guacara\/"},"author":{"name":"Maria Valentina Noguera Medina","@id":"https:\/\/noti-america.com\/site\/venezuela\/#\/schema\/person\/22806efcc2cfc4b45efb0e17be210ea8"},"headline":"Cuerpos de seguridad activan b\u00fasqueda de sospechoso de asesinato de ni\u00f1a en Guacara","datePublished":"2022-10-25T14:25:13+00:00","mainEntityOfPage":{"@id":"https:\/\/noti-america.com\/site\/venezuela\/2022\/10\/25\/cuerpos-de-seguridad-activan-busqueda-de-sospechoso-de-asesinato-de-nina-en-guacara\/"},"wordCount":228,"commentCount":0,"publisher":{"@id":"https:\/\/noti-america.com\/site\/venezuela\/#organization"},"image":{"@id":"https:\/\/noti-america.com\/site\/venezuela\/2022\/10\/25\/cuerpos-de-seguridad-activan-busqueda-de-sospechoso-de-asesinato-de-nina-en-guacara\/#primaryimage"},"thumbnailUrl":"https:\/\/noti-america.com\/site\/venezuela\/wp-content\/uploads\/sites\/2\/2022\/10\/Hallan-nina-muerta-en-Guacara-696x482-1.jpg","articleSection":["Actualidad","Sucesos","Venezuela"],"inLanguage":"es","potentialAction":[{"@type":"CommentAction","name":"Comment","target":["https:\/\/noti-america.com\/site\/venezuela\/2022\/10\/25\/cuerpos-de-seguridad-activan-busqueda-de-sospechoso-de-asesinato-de-nina-en-guacara\/#respond"]}]},{"@type":"WebPage","@id":"https:\/\/noti-america.com\/site\/venezuela\/2022\/10\/25\/cuerpos-de-seguridad-activan-busqueda-de-sospechoso-de-asesinato-de-nina-en-guacara\/","url":"https:\/\/noti-america.com\/site\/venezuela\/2022\/10\/25\/cuerpos-de-seguridad-activan-busqueda-de-sospechoso-de-asesinato-de-nina-en-guacara\/","name":"Cuerpos de seguridad activan b\u00fasqueda de sospechoso de asesinato de ni\u00f1a en Guacara - Venezuela | Noti-America.com","isPartOf":{"@id":"https:\/\/noti-america.com\/site\/venezuela\/#website"},"primaryImageOfPage":{"@id":"https:\/\/noti-america.com\/site\/venezuela\/2022\/10\/25\/cuerpos-de-seguridad-activan-busqueda-de-sospechoso-de-asesinato-de-nina-en-guacara\/#primaryimage"},"image":{"@id":"https:\/\/noti-america.com\/site\/venezuela\/2022\/10\/25\/cuerpos-de-seguridad-activan-busqueda-de-sospechoso-de-asesinato-de-nina-en-guacara\/#primaryimage"},"thumbnailUrl":"https:\/\/noti-america.com\/site\/venezuela\/wp-content\/uploads\/sites\/2\/2022\/10\/Hallan-nina-muerta-en-Guacara-696x482-1.jpg","datePublished":"2022-10-25T14:25:13+00:00","breadcrumb":{"@id":"https:\/\/noti-america.com\/site\/venezuela\/2022\/10\/25\/cuerpos-de-seguridad-activan-busqueda-de-sospechoso-de-asesinato-de-nina-en-guacara\/#breadcrumb"},"inLanguage":"es","potentialAction":[{"@type":"ReadAction","target":["https:\/\/noti-america.com\/site\/venezuela\/2022\/10\/25\/cuerpos-de-seguridad-activan-busqueda-de-sospechoso-de-asesinato-de-nina-en-guacara\/"]}]},{"@type":"ImageObject","inLanguage":"es","@id":"https:\/\/noti-america.com\/site\/venezuela\/2022\/10\/25\/cuerpos-de-seguridad-activan-busqueda-de-sospechoso-de-asesinato-de-nina-en-guacara\/#primaryimage","url":"https:\/\/noti-america.com\/site\/venezuela\/wp-content\/uploads\/sites\/2\/2022\/10\/Hallan-nina-muerta-en-Guacara-696x482-1.jpg","contentUrl":"https:\/\/noti-america.com\/site\/venezuela\/wp-content\/uploads\/sites\/2\/2022\/10\/Hallan-nina-muerta-en-Guacara-696x482-1.jpg","width":696,"height":482},{"@type":"BreadcrumbList","@id":"https:\/\/noti-america.com\/site\/venezuela\/2022\/10\/25\/cuerpos-de-seguridad-activan-busqueda-de-sospechoso-de-asesinato-de-nina-en-guacara\/#breadcrumb","itemListElement":[{"@type":"ListItem","position":1,"name":"Portada","item":"https:\/\/noti-america.com\/site\/venezuela\/"},{"@type":"ListItem","position":2,"name":"Cuerpos de seguridad activan b\u00fasqueda de sospechoso de asesinato de ni\u00f1a en Guacara"}]},{"@type":"WebSite","@id":"https:\/\/noti-america.com\/site\/venezuela\/#website","url":"https:\/\/noti-america.com\/site\/venezuela\/","name":"Venezuela | Noti-America.com","description":"","publisher":{"@id":"https:\/\/noti-america.com\/site\/venezuela\/#organization"},"potentialAction":[{"@type":"SearchAction","target":{"@type":"EntryPoint","urlTemplate":"https:\/\/noti-america.com\/site\/venezuela\/?s={search_term_string}"},"query-input":{"@type":"PropertyValueSpecification","valueRequired":true,"valueName":"search_term_string"}}],"inLanguage":"es"},{"@type":"Organization","@id":"https:\/\/noti-america.com\/site\/venezuela\/#organization","name":"Noti-America LLC | Venezuela","url":"https:\/\/noti-america.com\/site\/venezuela\/","logo":{"@type":"ImageObject","inLanguage":"es","@id":"https:\/\/noti-america.com\/site\/venezuela\/#\/schema\/logo\/image\/","url":"https:\/\/noti-america.com\/site\/venezuela\/wp-content\/uploads\/sites\/2\/2020\/07\/LogoNA-4x3-1.jpg","contentUrl":"https:\/\/noti-america.com\/site\/venezuela\/wp-content\/uploads\/sites\/2\/2020\/07\/LogoNA-4x3-1.jpg","width":1236,"height":1080,"caption":"Noti-America LLC | Venezuela"},"image":{"@id":"https:\/\/noti-america.com\/site\/venezuela\/#\/schema\/logo\/image\/"}},{"@type":"Person","@id":"https:\/\/noti-america.com\/site\/venezuela\/#\/schema\/person\/22806efcc2cfc4b45efb0e17be210ea8","name":"Maria Valentina Noguera Medina","image":{"@type":"ImageObject","inLanguage":"es","@id":"https:\/\/secure.gravatar.com\/avatar\/4ec5eb9d099f2608a49c9df6f7341f66f04f819cdffa09d56a7a0e91d2819d56?s=96&d=mm&r=g","url":"https:\/\/secure.gravatar.com\/avatar\/4ec5eb9d099f2608a49c9df6f7341f66f04f819cdffa09d56a7a0e91d2819d56?s=96&d=mm&r=g","contentUrl":"https:\/\/secure.gravatar.com\/avatar\/4ec5eb9d099f2608a49c9df6f7341f66f04f819cdffa09d56a7a0e91d2819d56?s=96&d=mm&r=g","caption":"Maria Valentina Noguera Medina"},"description":"Periodista - noti-america - Promar Community Manager - Talento Plus Dise\u00f1adora\/ creadora de contenido...","sameAs":["Mar\u00eda Valentina Noguera","https:\/\/www.facebook.com\/mariavalentina.noguera","https:\/\/www.linkedin.com\/in\/mara-valentina-noguera-medina-373075165\/","https:\/\/www.pinterest.es\/valentinanoguera95\/","https:\/\/www.youtube.com\/channel\/UCdek6mbUZ-Tqqw0I63i4nmQ"],"url":"https:\/\/noti-america.com\/site\/venezuela\/author\/mnoguera\/"}]}},"_links":{"self":[{"href":"https:\/\/noti-america.com\/site\/venezuela\/wp-json\/wp\/v2\/posts\/22791","targetHints":{"allow":["GET"]}}],"collection":[{"href":"https:\/\/noti-america.com\/site\/venezuela\/wp-json\/wp\/v2\/posts"}],"about":[{"href":"https:\/\/noti-america.com\/site\/venezuela\/wp-json\/wp\/v2\/types\/post"}],"author":[{"embeddable":true,"href":"https:\/\/noti-america.com\/site\/venezuela\/wp-json\/wp\/v2\/users\/133"}],"replies":[{"embeddable":true,"href":"https:\/\/noti-america.com\/site\/venezuela\/wp-json\/wp\/v2\/comments?post=22791"}],"version-history":[{"count":1,"href":"https:\/\/noti-america.com\/site\/venezuela\/wp-json\/wp\/v2\/posts\/22791\/revisions"}],"predecessor-version":[{"id":22793,"href":"https:\/\/noti-america.com\/site\/venezuela\/wp-json\/wp\/v2\/posts\/22791\/revisions\/22793"}],"wp:featuredmedia":[{"embeddable":true,"href":"https:\/\/noti-america.com\/site\/venezuela\/wp-json\/wp\/v2\/media\/22792"}],"wp:attachment":[{"href":"https:\/\/noti-america.com\/site\/venezuela\/wp-json\/wp\/v2\/media?parent=22791"}],"wp:term":[{"taxonomy":"category","embeddable":true,"href":"https:\/\/noti-america.com\/site\/venezuela\/wp-json\/wp\/v2\/categories?post=22791"},{"taxonomy":"post_tag","embeddable":true,"href":"https:\/\/noti-america.com\/site\/venezuela\/wp-json\/wp\/v2\/tags?post=22791"}],"curies":[{"name":"wp","href":"https:\/\/api.w.org\/{rel}","templated":true}]}}