{"id":22365,"date":"2022-10-09T12:32:21","date_gmt":"2022-10-09T12:32:21","guid":{"rendered":"https:\/\/noti-america.com\/site\/venezuela\/?p=22365"},"modified":"2022-10-09T12:32:21","modified_gmt":"2022-10-09T12:32:21","slug":"carlos-baute-no-voy-a-venezuela-por-dinero","status":"publish","type":"post","link":"https:\/\/noti-america.com\/site\/venezuela\/2022\/10\/09\/carlos-baute-no-voy-a-venezuela-por-dinero\/","title":{"rendered":"Carlos Baute: No voy a Venezuela por dinero"},"content":{"rendered":"<p>NOTI-AMERICA.COM | Despu\u00e9s de m\u00e1s de una d\u00e9cada, el cantante de 48 a\u00f1os de edad se reencontrar\u00e1 con el p\u00fablico venezolano el 27 de noviembre en el Hotel Eurobuilding. No lo niega: siente algo de temor por los se\u00f1alamientos de Diosdado Cabello, pero pueden m\u00e1s las ganas de compartir con los venezolanos y de pasar tiempo con la familia que a\u00fan le queda en el pa\u00eds. \u00abMe encantar\u00eda ir a La Guaira a surfear\u00bb, dice<\/p>\n<p>Han pasado m\u00e1s de doce a\u00f1os desde la \u00faltima vez que estuvo en Venezuela y, desde ese momento, una de las cosas que m\u00e1s ha anhelado ha sido volver. Carlos Baute cumplir\u00e1 su deseo gracias al tour Colgando en tus manos. Sobre su espect\u00e1culo es de lo que se oye hablar en su oficina de Alcobendas, municipio de la Comunidad de Madrid, a las afueras de la capital espa\u00f1ola. All\u00ed prepara sus pr\u00f3ximos viajes y afina los detalles de sus conciertos sin perder el foco en la vuelta a su pa\u00eds.<\/p>\n<p>La nostalgia por Venezuela permanece aunque ya han pasado m\u00e1s de veinte a\u00f1os desde que decidi\u00f3 emigrar para consolidar una carrera internacional. Reconoce que a\u00f1ora su cultura, a pesar de que algunos todav\u00eda le reprochan haber dejado su tierra y no hacer honor a su canci\u00f3n \u00abYo me quedo en Venezuela\u00bb.<\/p>\n<p>Recuerda que ese tema se estren\u00f3 muchos a\u00f1os antes de tomar la decisi\u00f3n de emigrar. Afirma que no fue por la situaci\u00f3n pol\u00edtica sino por la necesidad de crecer profesionalmente. Sin embargo, admite que el tema representa una relaci\u00f3n de amor y odio con el p\u00fablico de su pa\u00eds y un punto importante en su carrera. Pero no es algo que le quite el sue\u00f1o, ahora espera con emoci\u00f3n su regreso. Se reencontrar\u00e1 con el p\u00fablico venezolano el 27 de noviembre en el Hotel Eurobuilding de Caracas.<\/p>\n<p>&nbsp;<\/p>\n<p>&nbsp;<\/p>\n<p>&nbsp;<\/p>\n<p>&nbsp;<\/p>\n<p>Fuente : El Nacional<\/p>\n<p>&nbsp;<\/p>\n<p>&nbsp;<\/p>\n<p>&nbsp;<\/p>\n<p>&nbsp;<\/p>\n","protected":false},"excerpt":{"rendered":"<p>NOTI-AMERICA.COM | Despu\u00e9s de m\u00e1s de una d\u00e9cada, el cantante de 48 a\u00f1os de edad se reencontrar\u00e1 con el p\u00fablico venezolano el 27 de noviembre en el Hotel Eurobuilding. No lo niega: siente algo&#46;&#46;&#46;<\/p>\n","protected":false},"author":133,"featured_media":22366,"comment_status":"open","ping_status":"open","sticky":false,"template":"","format":"image","meta":{"_acf_changed":false,"om_disable_all_campaigns":false,"rop_custom_images_group":[],"rop_custom_messages_group":[],"rop_publish_now":"initial","rop_publish_now_accounts":{"twitter_242054905_242054905":""},"rop_publish_now_history":[],"rop_publish_now_status":"pending","_uf_show_specific_survey":0,"_uf_disable_surveys":false,"footnotes":""},"categories":[508,498,156],"tags":[],"class_list":["post-22365","post","type-post","status-publish","format-image","has-post-thumbnail","hentry","category-acturalidad","category-entretenimiento","category-venezuela","post_format-post-format-image"],"acf":[],"aioseo_notices":[],"yoast_head":"<!-- This site is optimized with the Yoast SEO Premium plugin v24.9 (Yoast SEO v27.2) - https:\/\/yoast.com\/product\/yoast-seo-premium-wordpress\/ -->\n<title>Carlos Baute: No voy a Venezuela por dinero - Venezuela | Noti-America.com<\/title>\n<meta name=\"robots\" content=\"index, follow, max-snippet:-1, max-image-preview:large, max-video-preview:-1\" \/>\n<link rel=\"canonical\" href=\"https:\/\/noti-america.com\/site\/venezuela\/2022\/10\/09\/carlos-baute-no-voy-a-venezuela-por-dinero\/\" \/>\n<meta property=\"og:locale\" content=\"es_ES\" \/>\n<meta property=\"og:type\" content=\"article\" \/>\n<meta property=\"og:title\" content=\"Carlos Baute: No voy a Venezuela por dinero\" \/>\n<meta property=\"og:description\" content=\"NOTI-AMERICA.COM | Despu\u00e9s de m\u00e1s de una d\u00e9cada, el cantante de 48 a\u00f1os de edad se reencontrar\u00e1 con el p\u00fablico venezolano el 27 de noviembre en el Hotel Eurobuilding. No lo niega: siente algo&#046;&#046;&#046;\" \/>\n<meta property=\"og:url\" content=\"https:\/\/noti-america.com\/site\/venezuela\/2022\/10\/09\/carlos-baute-no-voy-a-venezuela-por-dinero\/\" \/>\n<meta property=\"og:site_name\" content=\"Venezuela | Noti-America.com\" \/>\n<meta property=\"article:author\" content=\"Mar\u00eda Valentina Noguera\" \/>\n<meta property=\"article:published_time\" content=\"2022-10-09T12:32:21+00:00\" \/>\n<meta property=\"og:image\" content=\"https:\/\/noti-america.com\/site\/venezuela\/wp-content\/uploads\/sites\/2\/2022\/10\/68D53D47-9543-4D26-BC59-54AD3EDEC0EB-696x464-1.jpeg\" \/>\n\t<meta property=\"og:image:width\" content=\"696\" \/>\n\t<meta property=\"og:image:height\" content=\"464\" \/>\n\t<meta property=\"og:image:type\" content=\"image\/jpeg\" \/>\n<meta name=\"author\" content=\"Maria Valentina Noguera Medina\" \/>\n<meta name=\"twitter:card\" content=\"summary_large_image\" \/>\n<meta name=\"twitter:label1\" content=\"Escrito por\" \/>\n\t<meta name=\"twitter:data1\" content=\"Maria Valentina Noguera Medina\" \/>\n\t<meta name=\"twitter:label2\" content=\"Tiempo estimado de lectura\" \/>\n\t<meta name=\"twitter:data2\" content=\"2 minutos\" \/>\n<script type=\"application\/ld+json\" class=\"yoast-schema-graph\">{\"@context\":\"https:\/\/schema.org\",\"@graph\":[{\"@type\":\"Article\",\"@id\":\"https:\/\/noti-america.com\/site\/venezuela\/2022\/10\/09\/carlos-baute-no-voy-a-venezuela-por-dinero\/#article\",\"isPartOf\":{\"@id\":\"https:\/\/noti-america.com\/site\/venezuela\/2022\/10\/09\/carlos-baute-no-voy-a-venezuela-por-dinero\/\"},\"author\":{\"name\":\"Maria Valentina Noguera Medina\",\"@id\":\"https:\/\/noti-america.com\/site\/venezuela\/#\/schema\/person\/22806efcc2cfc4b45efb0e17be210ea8\"},\"headline\":\"Carlos Baute: No voy a Venezuela por dinero\",\"datePublished\":\"2022-10-09T12:32:21+00:00\",\"mainEntityOfPage\":{\"@id\":\"https:\/\/noti-america.com\/site\/venezuela\/2022\/10\/09\/carlos-baute-no-voy-a-venezuela-por-dinero\/\"},\"wordCount\":352,\"commentCount\":0,\"publisher\":{\"@id\":\"https:\/\/noti-america.com\/site\/venezuela\/#organization\"},\"image\":{\"@id\":\"https:\/\/noti-america.com\/site\/venezuela\/2022\/10\/09\/carlos-baute-no-voy-a-venezuela-por-dinero\/#primaryimage\"},\"thumbnailUrl\":\"https:\/\/noti-america.com\/site\/venezuela\/wp-content\/uploads\/sites\/2\/2022\/10\/68D53D47-9543-4D26-BC59-54AD3EDEC0EB-696x464-1.jpeg\",\"articleSection\":[\"Actualidad\",\"Entretenimiento\",\"Venezuela\"],\"inLanguage\":\"es\",\"potentialAction\":[{\"@type\":\"CommentAction\",\"name\":\"Comment\",\"target\":[\"https:\/\/noti-america.com\/site\/venezuela\/2022\/10\/09\/carlos-baute-no-voy-a-venezuela-por-dinero\/#respond\"]}]},{\"@type\":\"WebPage\",\"@id\":\"https:\/\/noti-america.com\/site\/venezuela\/2022\/10\/09\/carlos-baute-no-voy-a-venezuela-por-dinero\/\",\"url\":\"https:\/\/noti-america.com\/site\/venezuela\/2022\/10\/09\/carlos-baute-no-voy-a-venezuela-por-dinero\/\",\"name\":\"Carlos Baute: No voy a Venezuela por dinero - Venezuela | Noti-America.com\",\"isPartOf\":{\"@id\":\"https:\/\/noti-america.com\/site\/venezuela\/#website\"},\"primaryImageOfPage\":{\"@id\":\"https:\/\/noti-america.com\/site\/venezuela\/2022\/10\/09\/carlos-baute-no-voy-a-venezuela-por-dinero\/#primaryimage\"},\"image\":{\"@id\":\"https:\/\/noti-america.com\/site\/venezuela\/2022\/10\/09\/carlos-baute-no-voy-a-venezuela-por-dinero\/#primaryimage\"},\"thumbnailUrl\":\"https:\/\/noti-america.com\/site\/venezuela\/wp-content\/uploads\/sites\/2\/2022\/10\/68D53D47-9543-4D26-BC59-54AD3EDEC0EB-696x464-1.jpeg\",\"datePublished\":\"2022-10-09T12:32:21+00:00\",\"breadcrumb\":{\"@id\":\"https:\/\/noti-america.com\/site\/venezuela\/2022\/10\/09\/carlos-baute-no-voy-a-venezuela-por-dinero\/#breadcrumb\"},\"inLanguage\":\"es\",\"potentialAction\":[{\"@type\":\"ReadAction\",\"target\":[\"https:\/\/noti-america.com\/site\/venezuela\/2022\/10\/09\/carlos-baute-no-voy-a-venezuela-por-dinero\/\"]}]},{\"@type\":\"ImageObject\",\"inLanguage\":\"es\",\"@id\":\"https:\/\/noti-america.com\/site\/venezuela\/2022\/10\/09\/carlos-baute-no-voy-a-venezuela-por-dinero\/#primaryimage\",\"url\":\"https:\/\/noti-america.com\/site\/venezuela\/wp-content\/uploads\/sites\/2\/2022\/10\/68D53D47-9543-4D26-BC59-54AD3EDEC0EB-696x464-1.jpeg\",\"contentUrl\":\"https:\/\/noti-america.com\/site\/venezuela\/wp-content\/uploads\/sites\/2\/2022\/10\/68D53D47-9543-4D26-BC59-54AD3EDEC0EB-696x464-1.jpeg\",\"width\":696,\"height\":464},{\"@type\":\"BreadcrumbList\",\"@id\":\"https:\/\/noti-america.com\/site\/venezuela\/2022\/10\/09\/carlos-baute-no-voy-a-venezuela-por-dinero\/#breadcrumb\",\"itemListElement\":[{\"@type\":\"ListItem\",\"position\":1,\"name\":\"Portada\",\"item\":\"https:\/\/noti-america.com\/site\/venezuela\/\"},{\"@type\":\"ListItem\",\"position\":2,\"name\":\"Carlos Baute: No voy a Venezuela por dinero\"}]},{\"@type\":\"WebSite\",\"@id\":\"https:\/\/noti-america.com\/site\/venezuela\/#website\",\"url\":\"https:\/\/noti-america.com\/site\/venezuela\/\",\"name\":\"Venezuela | Noti-America.com\",\"description\":\"\",\"publisher\":{\"@id\":\"https:\/\/noti-america.com\/site\/venezuela\/#organization\"},\"potentialAction\":[{\"@type\":\"SearchAction\",\"target\":{\"@type\":\"EntryPoint\",\"urlTemplate\":\"https:\/\/noti-america.com\/site\/venezuela\/?s={search_term_string}\"},\"query-input\":{\"@type\":\"PropertyValueSpecification\",\"valueRequired\":true,\"valueName\":\"search_term_string\"}}],\"inLanguage\":\"es\"},{\"@type\":\"Organization\",\"@id\":\"https:\/\/noti-america.com\/site\/venezuela\/#organization\",\"name\":\"Noti-America LLC | Venezuela\",\"url\":\"https:\/\/noti-america.com\/site\/venezuela\/\",\"logo\":{\"@type\":\"ImageObject\",\"inLanguage\":\"es\",\"@id\":\"https:\/\/noti-america.com\/site\/venezuela\/#\/schema\/logo\/image\/\",\"url\":\"https:\/\/noti-america.com\/site\/venezuela\/wp-content\/uploads\/sites\/2\/2020\/07\/LogoNA-4x3-1.jpg\",\"contentUrl\":\"https:\/\/noti-america.com\/site\/venezuela\/wp-content\/uploads\/sites\/2\/2020\/07\/LogoNA-4x3-1.jpg\",\"width\":1236,\"height\":1080,\"caption\":\"Noti-America LLC | Venezuela\"},\"image\":{\"@id\":\"https:\/\/noti-america.com\/site\/venezuela\/#\/schema\/logo\/image\/\"}},{\"@type\":\"Person\",\"@id\":\"https:\/\/noti-america.com\/site\/venezuela\/#\/schema\/person\/22806efcc2cfc4b45efb0e17be210ea8\",\"name\":\"Maria Valentina Noguera Medina\",\"image\":{\"@type\":\"ImageObject\",\"inLanguage\":\"es\",\"@id\":\"https:\/\/secure.gravatar.com\/avatar\/4ec5eb9d099f2608a49c9df6f7341f66f04f819cdffa09d56a7a0e91d2819d56?s=96&d=mm&r=g\",\"url\":\"https:\/\/secure.gravatar.com\/avatar\/4ec5eb9d099f2608a49c9df6f7341f66f04f819cdffa09d56a7a0e91d2819d56?s=96&d=mm&r=g\",\"contentUrl\":\"https:\/\/secure.gravatar.com\/avatar\/4ec5eb9d099f2608a49c9df6f7341f66f04f819cdffa09d56a7a0e91d2819d56?s=96&d=mm&r=g\",\"caption\":\"Maria Valentina Noguera Medina\"},\"description\":\"Periodista - noti-america - Promar Community Manager - Talento Plus Dise\u00f1adora\/ creadora de contenido...\",\"sameAs\":[\"Mar\u00eda Valentina Noguera\",\"https:\/\/www.facebook.com\/mariavalentina.noguera\",\"https:\/\/www.linkedin.com\/in\/mara-valentina-noguera-medina-373075165\/\",\"https:\/\/www.pinterest.es\/valentinanoguera95\/\",\"https:\/\/www.youtube.com\/channel\/UCdek6mbUZ-Tqqw0I63i4nmQ\"],\"url\":\"https:\/\/noti-america.com\/site\/venezuela\/author\/mnoguera\/\"}]}<\/script>\n<!-- \/ Yoast SEO Premium plugin. -->","yoast_head_json":{"title":"Carlos Baute: No voy a Venezuela por dinero - Venezuela | Noti-America.com","robots":{"index":"index","follow":"follow","max-snippet":"max-snippet:-1","max-image-preview":"max-image-preview:large","max-video-preview":"max-video-preview:-1"},"canonical":"https:\/\/noti-america.com\/site\/venezuela\/2022\/10\/09\/carlos-baute-no-voy-a-venezuela-por-dinero\/","og_locale":"es_ES","og_type":"article","og_title":"Carlos Baute: No voy a Venezuela por dinero","og_description":"NOTI-AMERICA.COM | Despu\u00e9s de m\u00e1s de una d\u00e9cada, el cantante de 48 a\u00f1os de edad se reencontrar\u00e1 con el p\u00fablico venezolano el 27 de noviembre en el Hotel Eurobuilding. No lo niega: siente algo&#46;&#46;&#46;","og_url":"https:\/\/noti-america.com\/site\/venezuela\/2022\/10\/09\/carlos-baute-no-voy-a-venezuela-por-dinero\/","og_site_name":"Venezuela | Noti-America.com","article_author":"Mar\u00eda Valentina Noguera","article_published_time":"2022-10-09T12:32:21+00:00","og_image":[{"width":696,"height":464,"url":"https:\/\/noti-america.com\/site\/venezuela\/wp-content\/uploads\/sites\/2\/2022\/10\/68D53D47-9543-4D26-BC59-54AD3EDEC0EB-696x464-1.jpeg","type":"image\/jpeg"}],"author":"Maria Valentina Noguera Medina","twitter_card":"summary_large_image","twitter_misc":{"Escrito por":"Maria Valentina Noguera Medina","Tiempo estimado de lectura":"2 minutos"},"schema":{"@context":"https:\/\/schema.org","@graph":[{"@type":"Article","@id":"https:\/\/noti-america.com\/site\/venezuela\/2022\/10\/09\/carlos-baute-no-voy-a-venezuela-por-dinero\/#article","isPartOf":{"@id":"https:\/\/noti-america.com\/site\/venezuela\/2022\/10\/09\/carlos-baute-no-voy-a-venezuela-por-dinero\/"},"author":{"name":"Maria Valentina Noguera Medina","@id":"https:\/\/noti-america.com\/site\/venezuela\/#\/schema\/person\/22806efcc2cfc4b45efb0e17be210ea8"},"headline":"Carlos Baute: No voy a Venezuela por dinero","datePublished":"2022-10-09T12:32:21+00:00","mainEntityOfPage":{"@id":"https:\/\/noti-america.com\/site\/venezuela\/2022\/10\/09\/carlos-baute-no-voy-a-venezuela-por-dinero\/"},"wordCount":352,"commentCount":0,"publisher":{"@id":"https:\/\/noti-america.com\/site\/venezuela\/#organization"},"image":{"@id":"https:\/\/noti-america.com\/site\/venezuela\/2022\/10\/09\/carlos-baute-no-voy-a-venezuela-por-dinero\/#primaryimage"},"thumbnailUrl":"https:\/\/noti-america.com\/site\/venezuela\/wp-content\/uploads\/sites\/2\/2022\/10\/68D53D47-9543-4D26-BC59-54AD3EDEC0EB-696x464-1.jpeg","articleSection":["Actualidad","Entretenimiento","Venezuela"],"inLanguage":"es","potentialAction":[{"@type":"CommentAction","name":"Comment","target":["https:\/\/noti-america.com\/site\/venezuela\/2022\/10\/09\/carlos-baute-no-voy-a-venezuela-por-dinero\/#respond"]}]},{"@type":"WebPage","@id":"https:\/\/noti-america.com\/site\/venezuela\/2022\/10\/09\/carlos-baute-no-voy-a-venezuela-por-dinero\/","url":"https:\/\/noti-america.com\/site\/venezuela\/2022\/10\/09\/carlos-baute-no-voy-a-venezuela-por-dinero\/","name":"Carlos Baute: No voy a Venezuela por dinero - Venezuela | Noti-America.com","isPartOf":{"@id":"https:\/\/noti-america.com\/site\/venezuela\/#website"},"primaryImageOfPage":{"@id":"https:\/\/noti-america.com\/site\/venezuela\/2022\/10\/09\/carlos-baute-no-voy-a-venezuela-por-dinero\/#primaryimage"},"image":{"@id":"https:\/\/noti-america.com\/site\/venezuela\/2022\/10\/09\/carlos-baute-no-voy-a-venezuela-por-dinero\/#primaryimage"},"thumbnailUrl":"https:\/\/noti-america.com\/site\/venezuela\/wp-content\/uploads\/sites\/2\/2022\/10\/68D53D47-9543-4D26-BC59-54AD3EDEC0EB-696x464-1.jpeg","datePublished":"2022-10-09T12:32:21+00:00","breadcrumb":{"@id":"https:\/\/noti-america.com\/site\/venezuela\/2022\/10\/09\/carlos-baute-no-voy-a-venezuela-por-dinero\/#breadcrumb"},"inLanguage":"es","potentialAction":[{"@type":"ReadAction","target":["https:\/\/noti-america.com\/site\/venezuela\/2022\/10\/09\/carlos-baute-no-voy-a-venezuela-por-dinero\/"]}]},{"@type":"ImageObject","inLanguage":"es","@id":"https:\/\/noti-america.com\/site\/venezuela\/2022\/10\/09\/carlos-baute-no-voy-a-venezuela-por-dinero\/#primaryimage","url":"https:\/\/noti-america.com\/site\/venezuela\/wp-content\/uploads\/sites\/2\/2022\/10\/68D53D47-9543-4D26-BC59-54AD3EDEC0EB-696x464-1.jpeg","contentUrl":"https:\/\/noti-america.com\/site\/venezuela\/wp-content\/uploads\/sites\/2\/2022\/10\/68D53D47-9543-4D26-BC59-54AD3EDEC0EB-696x464-1.jpeg","width":696,"height":464},{"@type":"BreadcrumbList","@id":"https:\/\/noti-america.com\/site\/venezuela\/2022\/10\/09\/carlos-baute-no-voy-a-venezuela-por-dinero\/#breadcrumb","itemListElement":[{"@type":"ListItem","position":1,"name":"Portada","item":"https:\/\/noti-america.com\/site\/venezuela\/"},{"@type":"ListItem","position":2,"name":"Carlos Baute: No voy a Venezuela por dinero"}]},{"@type":"WebSite","@id":"https:\/\/noti-america.com\/site\/venezuela\/#website","url":"https:\/\/noti-america.com\/site\/venezuela\/","name":"Venezuela | Noti-America.com","description":"","publisher":{"@id":"https:\/\/noti-america.com\/site\/venezuela\/#organization"},"potentialAction":[{"@type":"SearchAction","target":{"@type":"EntryPoint","urlTemplate":"https:\/\/noti-america.com\/site\/venezuela\/?s={search_term_string}"},"query-input":{"@type":"PropertyValueSpecification","valueRequired":true,"valueName":"search_term_string"}}],"inLanguage":"es"},{"@type":"Organization","@id":"https:\/\/noti-america.com\/site\/venezuela\/#organization","name":"Noti-America LLC | Venezuela","url":"https:\/\/noti-america.com\/site\/venezuela\/","logo":{"@type":"ImageObject","inLanguage":"es","@id":"https:\/\/noti-america.com\/site\/venezuela\/#\/schema\/logo\/image\/","url":"https:\/\/noti-america.com\/site\/venezuela\/wp-content\/uploads\/sites\/2\/2020\/07\/LogoNA-4x3-1.jpg","contentUrl":"https:\/\/noti-america.com\/site\/venezuela\/wp-content\/uploads\/sites\/2\/2020\/07\/LogoNA-4x3-1.jpg","width":1236,"height":1080,"caption":"Noti-America LLC | Venezuela"},"image":{"@id":"https:\/\/noti-america.com\/site\/venezuela\/#\/schema\/logo\/image\/"}},{"@type":"Person","@id":"https:\/\/noti-america.com\/site\/venezuela\/#\/schema\/person\/22806efcc2cfc4b45efb0e17be210ea8","name":"Maria Valentina Noguera Medina","image":{"@type":"ImageObject","inLanguage":"es","@id":"https:\/\/secure.gravatar.com\/avatar\/4ec5eb9d099f2608a49c9df6f7341f66f04f819cdffa09d56a7a0e91d2819d56?s=96&d=mm&r=g","url":"https:\/\/secure.gravatar.com\/avatar\/4ec5eb9d099f2608a49c9df6f7341f66f04f819cdffa09d56a7a0e91d2819d56?s=96&d=mm&r=g","contentUrl":"https:\/\/secure.gravatar.com\/avatar\/4ec5eb9d099f2608a49c9df6f7341f66f04f819cdffa09d56a7a0e91d2819d56?s=96&d=mm&r=g","caption":"Maria Valentina Noguera Medina"},"description":"Periodista - noti-america - Promar Community Manager - Talento Plus Dise\u00f1adora\/ creadora de contenido...","sameAs":["Mar\u00eda Valentina Noguera","https:\/\/www.facebook.com\/mariavalentina.noguera","https:\/\/www.linkedin.com\/in\/mara-valentina-noguera-medina-373075165\/","https:\/\/www.pinterest.es\/valentinanoguera95\/","https:\/\/www.youtube.com\/channel\/UCdek6mbUZ-Tqqw0I63i4nmQ"],"url":"https:\/\/noti-america.com\/site\/venezuela\/author\/mnoguera\/"}]}},"_links":{"self":[{"href":"https:\/\/noti-america.com\/site\/venezuela\/wp-json\/wp\/v2\/posts\/22365","targetHints":{"allow":["GET"]}}],"collection":[{"href":"https:\/\/noti-america.com\/site\/venezuela\/wp-json\/wp\/v2\/posts"}],"about":[{"href":"https:\/\/noti-america.com\/site\/venezuela\/wp-json\/wp\/v2\/types\/post"}],"author":[{"embeddable":true,"href":"https:\/\/noti-america.com\/site\/venezuela\/wp-json\/wp\/v2\/users\/133"}],"replies":[{"embeddable":true,"href":"https:\/\/noti-america.com\/site\/venezuela\/wp-json\/wp\/v2\/comments?post=22365"}],"version-history":[{"count":1,"href":"https:\/\/noti-america.com\/site\/venezuela\/wp-json\/wp\/v2\/posts\/22365\/revisions"}],"predecessor-version":[{"id":22367,"href":"https:\/\/noti-america.com\/site\/venezuela\/wp-json\/wp\/v2\/posts\/22365\/revisions\/22367"}],"wp:featuredmedia":[{"embeddable":true,"href":"https:\/\/noti-america.com\/site\/venezuela\/wp-json\/wp\/v2\/media\/22366"}],"wp:attachment":[{"href":"https:\/\/noti-america.com\/site\/venezuela\/wp-json\/wp\/v2\/media?parent=22365"}],"wp:term":[{"taxonomy":"category","embeddable":true,"href":"https:\/\/noti-america.com\/site\/venezuela\/wp-json\/wp\/v2\/categories?post=22365"},{"taxonomy":"post_tag","embeddable":true,"href":"https:\/\/noti-america.com\/site\/venezuela\/wp-json\/wp\/v2\/tags?post=22365"}],"curies":[{"name":"wp","href":"https:\/\/api.w.org\/{rel}","templated":true}]}}