{"id":21412,"date":"2022-08-28T23:38:00","date_gmt":"2022-08-28T23:38:00","guid":{"rendered":"https:\/\/noti-america.com\/site\/venezuela\/?p=21412"},"modified":"2022-08-28T23:38:00","modified_gmt":"2022-08-28T23:38:00","slug":"zulia-activo-extiende-sus-actividades-al-centro-comercial-sambil-maracaibo","status":"publish","type":"post","link":"https:\/\/noti-america.com\/site\/venezuela\/2022\/08\/28\/zulia-activo-extiende-sus-actividades-al-centro-comercial-sambil-maracaibo\/","title":{"rendered":"Zulia Activo extiende sus actividades al Centro Comercial Sambil Maracaibo"},"content":{"rendered":"\r\n<p><img loading=\"lazy\" decoding=\"async\" class=\"alignnone size-medium wp-image-21427\" src=\"https:\/\/noti-america.com\/site\/venezuela\/wp-content\/uploads\/sites\/2\/2022\/08\/IMG-20220828-WA0172-300x190.jpg\" alt=\"\" width=\"300\" height=\"190\" srcset=\"https:\/\/noti-america.com\/site\/venezuela\/wp-content\/uploads\/sites\/2\/2022\/08\/IMG-20220828-WA0172-300x190.jpg 300w, https:\/\/noti-america.com\/site\/venezuela\/wp-content\/uploads\/sites\/2\/2022\/08\/IMG-20220828-WA0172-768x488.jpg 768w, https:\/\/noti-america.com\/site\/venezuela\/wp-content\/uploads\/sites\/2\/2022\/08\/IMG-20220828-WA0172-600x381.jpg 600w, https:\/\/noti-america.com\/site\/venezuela\/wp-content\/uploads\/sites\/2\/2022\/08\/IMG-20220828-WA0172.jpg 827w\" sizes=\"auto, (max-width: 300px) 100vw, 300px\" \/><br \/>La Gobernaci\u00f3n del Zulia en alianza con el Centro Comercial Sambil Maracaibo, realizar\u00e1 todos los domingos el programa Zulia Activo en los espacios de este importante centro comercial. Tambi\u00e9n ampliar\u00e1 sus horizontes a diversos lugares de las parroquias marabinas. As\u00ed lo inform\u00f3 Juan Pablo Lombardi, secretario del Despacho del Gobernador. <br \/><br \/>\u00abComo todos los domingos Zulia Activo cont\u00f3 con la participaci\u00f3n de m\u00e1s de 200 personas, entrenadores y promotores como Espinaca, Baila con Wil, Angarita Prit y FitCombat Zulia\u00bbse\u00f1al\u00f3 Lombardi.<\/p>\r\n<p><img loading=\"lazy\" decoding=\"async\" class=\"alignnone size-medium wp-image-21428\" src=\"https:\/\/noti-america.com\/site\/venezuela\/wp-content\/uploads\/sites\/2\/2022\/08\/IMG-20220828-WA0173-300x143.jpg\" alt=\"\" width=\"300\" height=\"143\" srcset=\"https:\/\/noti-america.com\/site\/venezuela\/wp-content\/uploads\/sites\/2\/2022\/08\/IMG-20220828-WA0173-300x143.jpg 300w, https:\/\/noti-america.com\/site\/venezuela\/wp-content\/uploads\/sites\/2\/2022\/08\/IMG-20220828-WA0173-1024x489.jpg 1024w, https:\/\/noti-america.com\/site\/venezuela\/wp-content\/uploads\/sites\/2\/2022\/08\/IMG-20220828-WA0173-768x367.jpg 768w, https:\/\/noti-america.com\/site\/venezuela\/wp-content\/uploads\/sites\/2\/2022\/08\/IMG-20220828-WA0173-720x340.jpg 720w, https:\/\/noti-america.com\/site\/venezuela\/wp-content\/uploads\/sites\/2\/2022\/08\/IMG-20220828-WA0173-600x287.jpg 600w, https:\/\/noti-america.com\/site\/venezuela\/wp-content\/uploads\/sites\/2\/2022\/08\/IMG-20220828-WA0173.jpg 1080w\" sizes=\"auto, (max-width: 300px) 100vw, 300px\" \/> <br \/><br \/>Acot\u00f3 que \u00abZulia Activo es una actividad que venimos realizando a inmediaciones de la Plaza de la Rep\u00fablica y hemos decidido extenderlo a distintas parroquias del municipio Maracaibo\u00bb.<br \/><br \/>De igual manera se conoci\u00f3 que la Gobernaci\u00f3n del Zulia concret\u00f3 una importante alianza con el gimnasio 10 altitud, quienes brindar\u00e1n los entrenamientos a la comunidades. <br \/><br \/>\u00abLa invitaci\u00f3n es a participar con la familia y amigos de \u00e9stas actividades deportivas y recreativas que ofrece el Ejecutivo regional en los distintos puntos donde se desarrollar\u00e1 el programa Zulia Activo\u00bb, concluy\u00f3 el Secretario del Despacho del gobernador Manuel Rosales.<\/p>\r\n<p>&nbsp;<\/p>\r\n<p>Fuente: N\/P<\/p>\r\n","protected":false},"excerpt":{"rendered":"<p>La Gobernaci\u00f3n del Zulia en alianza con el Centro Comercial Sambil Maracaibo, realizar\u00e1 todos los domingos el programa Zulia Activo en los espacios de este importante centro comercial. Tambi\u00e9n ampliar\u00e1 sus horizontes a diversos&#46;&#46;&#46;<\/p>\n","protected":false},"author":40,"featured_media":21428,"comment_status":"open","ping_status":"open","sticky":false,"template":"","format":"standard","meta":{"_acf_changed":false,"om_disable_all_campaigns":false,"rop_custom_images_group":[],"rop_custom_messages_group":[],"rop_publish_now":"initial","rop_publish_now_accounts":{"twitter_242054905_242054905":""},"rop_publish_now_history":[],"rop_publish_now_status":"pending","_uf_show_specific_survey":0,"_uf_disable_surveys":false,"footnotes":""},"categories":[16,156,13],"tags":[222],"class_list":["post-21412","post","type-post","status-publish","format-standard","has-post-thumbnail","hentry","category-deportes","category-venezuela","category-vida-y-salud","tag-zulia"],"acf":[],"aioseo_notices":[],"yoast_head":"<!-- This site is optimized with the Yoast SEO Premium plugin v24.9 (Yoast SEO v27.2) - https:\/\/yoast.com\/product\/yoast-seo-premium-wordpress\/ -->\n<title>Zulia Activo extiende sus actividades al Centro Comercial Sambil Maracaibo - Venezuela | Noti-America.com<\/title>\n<meta name=\"robots\" content=\"index, follow, max-snippet:-1, max-image-preview:large, max-video-preview:-1\" \/>\n<link rel=\"canonical\" href=\"https:\/\/noti-america.com\/site\/venezuela\/2022\/08\/28\/zulia-activo-extiende-sus-actividades-al-centro-comercial-sambil-maracaibo\/\" \/>\n<meta property=\"og:locale\" content=\"es_ES\" \/>\n<meta property=\"og:type\" content=\"article\" \/>\n<meta property=\"og:title\" content=\"Zulia Activo extiende sus actividades al Centro Comercial Sambil Maracaibo\" \/>\n<meta property=\"og:description\" content=\"La Gobernaci\u00f3n del Zulia en alianza con el Centro Comercial Sambil Maracaibo, realizar\u00e1 todos los domingos el programa Zulia Activo en los espacios de este importante centro comercial. Tambi\u00e9n ampliar\u00e1 sus horizontes a diversos&#046;&#046;&#046;\" \/>\n<meta property=\"og:url\" content=\"https:\/\/noti-america.com\/site\/venezuela\/2022\/08\/28\/zulia-activo-extiende-sus-actividades-al-centro-comercial-sambil-maracaibo\/\" \/>\n<meta property=\"og:site_name\" content=\"Venezuela | Noti-America.com\" \/>\n<meta property=\"article:published_time\" content=\"2022-08-28T23:38:00+00:00\" \/>\n<meta property=\"og:image\" content=\"https:\/\/noti-america.com\/site\/venezuela\/wp-content\/uploads\/sites\/2\/2022\/08\/IMG-20220828-WA0173.jpg\" \/>\n\t<meta property=\"og:image:width\" content=\"1080\" \/>\n\t<meta property=\"og:image:height\" content=\"516\" \/>\n\t<meta property=\"og:image:type\" content=\"image\/jpeg\" \/>\n<meta name=\"author\" content=\"Hendrick Garcia\" \/>\n<meta name=\"twitter:card\" content=\"summary_large_image\" \/>\n<meta name=\"twitter:label1\" content=\"Escrito por\" \/>\n\t<meta name=\"twitter:data1\" content=\"Hendrick Garcia\" \/>\n\t<meta name=\"twitter:label2\" content=\"Tiempo estimado de lectura\" \/>\n\t<meta name=\"twitter:data2\" content=\"2 minutos\" \/>\n<script type=\"application\/ld+json\" class=\"yoast-schema-graph\">{\"@context\":\"https:\/\/schema.org\",\"@graph\":[{\"@type\":\"Article\",\"@id\":\"https:\/\/noti-america.com\/site\/venezuela\/2022\/08\/28\/zulia-activo-extiende-sus-actividades-al-centro-comercial-sambil-maracaibo\/#article\",\"isPartOf\":{\"@id\":\"https:\/\/noti-america.com\/site\/venezuela\/2022\/08\/28\/zulia-activo-extiende-sus-actividades-al-centro-comercial-sambil-maracaibo\/\"},\"author\":{\"name\":\"Hendrick Garcia\",\"@id\":\"https:\/\/noti-america.com\/site\/venezuela\/#\/schema\/person\/2f37ed06a1cd058e8d611b3d42cce678\"},\"headline\":\"Zulia Activo extiende sus actividades al Centro Comercial Sambil Maracaibo\",\"datePublished\":\"2022-08-28T23:38:00+00:00\",\"mainEntityOfPage\":{\"@id\":\"https:\/\/noti-america.com\/site\/venezuela\/2022\/08\/28\/zulia-activo-extiende-sus-actividades-al-centro-comercial-sambil-maracaibo\/\"},\"wordCount\":196,\"commentCount\":0,\"publisher\":{\"@id\":\"https:\/\/noti-america.com\/site\/venezuela\/#organization\"},\"image\":{\"@id\":\"https:\/\/noti-america.com\/site\/venezuela\/2022\/08\/28\/zulia-activo-extiende-sus-actividades-al-centro-comercial-sambil-maracaibo\/#primaryimage\"},\"thumbnailUrl\":\"https:\/\/noti-america.com\/site\/venezuela\/wp-content\/uploads\/sites\/2\/2022\/08\/IMG-20220828-WA0173.jpg\",\"keywords\":[\"zulia\"],\"articleSection\":[\"Deportes\",\"Venezuela\",\"Vida y Salud\"],\"inLanguage\":\"es\",\"potentialAction\":[{\"@type\":\"CommentAction\",\"name\":\"Comment\",\"target\":[\"https:\/\/noti-america.com\/site\/venezuela\/2022\/08\/28\/zulia-activo-extiende-sus-actividades-al-centro-comercial-sambil-maracaibo\/#respond\"]}]},{\"@type\":\"WebPage\",\"@id\":\"https:\/\/noti-america.com\/site\/venezuela\/2022\/08\/28\/zulia-activo-extiende-sus-actividades-al-centro-comercial-sambil-maracaibo\/\",\"url\":\"https:\/\/noti-america.com\/site\/venezuela\/2022\/08\/28\/zulia-activo-extiende-sus-actividades-al-centro-comercial-sambil-maracaibo\/\",\"name\":\"Zulia Activo extiende sus actividades al Centro Comercial Sambil Maracaibo - Venezuela | Noti-America.com\",\"isPartOf\":{\"@id\":\"https:\/\/noti-america.com\/site\/venezuela\/#website\"},\"primaryImageOfPage\":{\"@id\":\"https:\/\/noti-america.com\/site\/venezuela\/2022\/08\/28\/zulia-activo-extiende-sus-actividades-al-centro-comercial-sambil-maracaibo\/#primaryimage\"},\"image\":{\"@id\":\"https:\/\/noti-america.com\/site\/venezuela\/2022\/08\/28\/zulia-activo-extiende-sus-actividades-al-centro-comercial-sambil-maracaibo\/#primaryimage\"},\"thumbnailUrl\":\"https:\/\/noti-america.com\/site\/venezuela\/wp-content\/uploads\/sites\/2\/2022\/08\/IMG-20220828-WA0173.jpg\",\"datePublished\":\"2022-08-28T23:38:00+00:00\",\"breadcrumb\":{\"@id\":\"https:\/\/noti-america.com\/site\/venezuela\/2022\/08\/28\/zulia-activo-extiende-sus-actividades-al-centro-comercial-sambil-maracaibo\/#breadcrumb\"},\"inLanguage\":\"es\",\"potentialAction\":[{\"@type\":\"ReadAction\",\"target\":[\"https:\/\/noti-america.com\/site\/venezuela\/2022\/08\/28\/zulia-activo-extiende-sus-actividades-al-centro-comercial-sambil-maracaibo\/\"]}]},{\"@type\":\"ImageObject\",\"inLanguage\":\"es\",\"@id\":\"https:\/\/noti-america.com\/site\/venezuela\/2022\/08\/28\/zulia-activo-extiende-sus-actividades-al-centro-comercial-sambil-maracaibo\/#primaryimage\",\"url\":\"https:\/\/noti-america.com\/site\/venezuela\/wp-content\/uploads\/sites\/2\/2022\/08\/IMG-20220828-WA0173.jpg\",\"contentUrl\":\"https:\/\/noti-america.com\/site\/venezuela\/wp-content\/uploads\/sites\/2\/2022\/08\/IMG-20220828-WA0173.jpg\",\"width\":1080,\"height\":516},{\"@type\":\"BreadcrumbList\",\"@id\":\"https:\/\/noti-america.com\/site\/venezuela\/2022\/08\/28\/zulia-activo-extiende-sus-actividades-al-centro-comercial-sambil-maracaibo\/#breadcrumb\",\"itemListElement\":[{\"@type\":\"ListItem\",\"position\":1,\"name\":\"Portada\",\"item\":\"https:\/\/noti-america.com\/site\/venezuela\/\"},{\"@type\":\"ListItem\",\"position\":2,\"name\":\"Zulia Activo extiende sus actividades al Centro Comercial Sambil Maracaibo\"}]},{\"@type\":\"WebSite\",\"@id\":\"https:\/\/noti-america.com\/site\/venezuela\/#website\",\"url\":\"https:\/\/noti-america.com\/site\/venezuela\/\",\"name\":\"Venezuela | Noti-America.com\",\"description\":\"\",\"publisher\":{\"@id\":\"https:\/\/noti-america.com\/site\/venezuela\/#organization\"},\"potentialAction\":[{\"@type\":\"SearchAction\",\"target\":{\"@type\":\"EntryPoint\",\"urlTemplate\":\"https:\/\/noti-america.com\/site\/venezuela\/?s={search_term_string}\"},\"query-input\":{\"@type\":\"PropertyValueSpecification\",\"valueRequired\":true,\"valueName\":\"search_term_string\"}}],\"inLanguage\":\"es\"},{\"@type\":\"Organization\",\"@id\":\"https:\/\/noti-america.com\/site\/venezuela\/#organization\",\"name\":\"Noti-America LLC | Venezuela\",\"url\":\"https:\/\/noti-america.com\/site\/venezuela\/\",\"logo\":{\"@type\":\"ImageObject\",\"inLanguage\":\"es\",\"@id\":\"https:\/\/noti-america.com\/site\/venezuela\/#\/schema\/logo\/image\/\",\"url\":\"https:\/\/noti-america.com\/site\/venezuela\/wp-content\/uploads\/sites\/2\/2020\/07\/LogoNA-4x3-1.jpg\",\"contentUrl\":\"https:\/\/noti-america.com\/site\/venezuela\/wp-content\/uploads\/sites\/2\/2020\/07\/LogoNA-4x3-1.jpg\",\"width\":1236,\"height\":1080,\"caption\":\"Noti-America LLC | Venezuela\"},\"image\":{\"@id\":\"https:\/\/noti-america.com\/site\/venezuela\/#\/schema\/logo\/image\/\"}},{\"@type\":\"Person\",\"@id\":\"https:\/\/noti-america.com\/site\/venezuela\/#\/schema\/person\/2f37ed06a1cd058e8d611b3d42cce678\",\"name\":\"Hendrick Garcia\",\"image\":{\"@type\":\"ImageObject\",\"inLanguage\":\"es\",\"@id\":\"https:\/\/secure.gravatar.com\/avatar\/07f13ce868ede7f0937b7abbada276f430e4ed25cfff75dbe7f98f95ac02358c?s=96&d=mm&r=g\",\"url\":\"https:\/\/secure.gravatar.com\/avatar\/07f13ce868ede7f0937b7abbada276f430e4ed25cfff75dbe7f98f95ac02358c?s=96&d=mm&r=g\",\"contentUrl\":\"https:\/\/secure.gravatar.com\/avatar\/07f13ce868ede7f0937b7abbada276f430e4ed25cfff75dbe7f98f95ac02358c?s=96&d=mm&r=g\",\"caption\":\"Hendrick Garcia\"},\"url\":\"https:\/\/noti-america.com\/site\/venezuela\/author\/hegarcia\/\"}]}<\/script>\n<!-- \/ Yoast SEO Premium plugin. -->","yoast_head_json":{"title":"Zulia Activo extiende sus actividades al Centro Comercial Sambil Maracaibo - Venezuela | Noti-America.com","robots":{"index":"index","follow":"follow","max-snippet":"max-snippet:-1","max-image-preview":"max-image-preview:large","max-video-preview":"max-video-preview:-1"},"canonical":"https:\/\/noti-america.com\/site\/venezuela\/2022\/08\/28\/zulia-activo-extiende-sus-actividades-al-centro-comercial-sambil-maracaibo\/","og_locale":"es_ES","og_type":"article","og_title":"Zulia Activo extiende sus actividades al Centro Comercial Sambil Maracaibo","og_description":"La Gobernaci\u00f3n del Zulia en alianza con el Centro Comercial Sambil Maracaibo, realizar\u00e1 todos los domingos el programa Zulia Activo en los espacios de este importante centro comercial. Tambi\u00e9n ampliar\u00e1 sus horizontes a diversos&#46;&#46;&#46;","og_url":"https:\/\/noti-america.com\/site\/venezuela\/2022\/08\/28\/zulia-activo-extiende-sus-actividades-al-centro-comercial-sambil-maracaibo\/","og_site_name":"Venezuela | Noti-America.com","article_published_time":"2022-08-28T23:38:00+00:00","og_image":[{"width":1080,"height":516,"url":"https:\/\/noti-america.com\/site\/venezuela\/wp-content\/uploads\/sites\/2\/2022\/08\/IMG-20220828-WA0173.jpg","type":"image\/jpeg"}],"author":"Hendrick Garcia","twitter_card":"summary_large_image","twitter_misc":{"Escrito por":"Hendrick Garcia","Tiempo estimado de lectura":"2 minutos"},"schema":{"@context":"https:\/\/schema.org","@graph":[{"@type":"Article","@id":"https:\/\/noti-america.com\/site\/venezuela\/2022\/08\/28\/zulia-activo-extiende-sus-actividades-al-centro-comercial-sambil-maracaibo\/#article","isPartOf":{"@id":"https:\/\/noti-america.com\/site\/venezuela\/2022\/08\/28\/zulia-activo-extiende-sus-actividades-al-centro-comercial-sambil-maracaibo\/"},"author":{"name":"Hendrick Garcia","@id":"https:\/\/noti-america.com\/site\/venezuela\/#\/schema\/person\/2f37ed06a1cd058e8d611b3d42cce678"},"headline":"Zulia Activo extiende sus actividades al Centro Comercial Sambil Maracaibo","datePublished":"2022-08-28T23:38:00+00:00","mainEntityOfPage":{"@id":"https:\/\/noti-america.com\/site\/venezuela\/2022\/08\/28\/zulia-activo-extiende-sus-actividades-al-centro-comercial-sambil-maracaibo\/"},"wordCount":196,"commentCount":0,"publisher":{"@id":"https:\/\/noti-america.com\/site\/venezuela\/#organization"},"image":{"@id":"https:\/\/noti-america.com\/site\/venezuela\/2022\/08\/28\/zulia-activo-extiende-sus-actividades-al-centro-comercial-sambil-maracaibo\/#primaryimage"},"thumbnailUrl":"https:\/\/noti-america.com\/site\/venezuela\/wp-content\/uploads\/sites\/2\/2022\/08\/IMG-20220828-WA0173.jpg","keywords":["zulia"],"articleSection":["Deportes","Venezuela","Vida y Salud"],"inLanguage":"es","potentialAction":[{"@type":"CommentAction","name":"Comment","target":["https:\/\/noti-america.com\/site\/venezuela\/2022\/08\/28\/zulia-activo-extiende-sus-actividades-al-centro-comercial-sambil-maracaibo\/#respond"]}]},{"@type":"WebPage","@id":"https:\/\/noti-america.com\/site\/venezuela\/2022\/08\/28\/zulia-activo-extiende-sus-actividades-al-centro-comercial-sambil-maracaibo\/","url":"https:\/\/noti-america.com\/site\/venezuela\/2022\/08\/28\/zulia-activo-extiende-sus-actividades-al-centro-comercial-sambil-maracaibo\/","name":"Zulia Activo extiende sus actividades al Centro Comercial Sambil Maracaibo - Venezuela | Noti-America.com","isPartOf":{"@id":"https:\/\/noti-america.com\/site\/venezuela\/#website"},"primaryImageOfPage":{"@id":"https:\/\/noti-america.com\/site\/venezuela\/2022\/08\/28\/zulia-activo-extiende-sus-actividades-al-centro-comercial-sambil-maracaibo\/#primaryimage"},"image":{"@id":"https:\/\/noti-america.com\/site\/venezuela\/2022\/08\/28\/zulia-activo-extiende-sus-actividades-al-centro-comercial-sambil-maracaibo\/#primaryimage"},"thumbnailUrl":"https:\/\/noti-america.com\/site\/venezuela\/wp-content\/uploads\/sites\/2\/2022\/08\/IMG-20220828-WA0173.jpg","datePublished":"2022-08-28T23:38:00+00:00","breadcrumb":{"@id":"https:\/\/noti-america.com\/site\/venezuela\/2022\/08\/28\/zulia-activo-extiende-sus-actividades-al-centro-comercial-sambil-maracaibo\/#breadcrumb"},"inLanguage":"es","potentialAction":[{"@type":"ReadAction","target":["https:\/\/noti-america.com\/site\/venezuela\/2022\/08\/28\/zulia-activo-extiende-sus-actividades-al-centro-comercial-sambil-maracaibo\/"]}]},{"@type":"ImageObject","inLanguage":"es","@id":"https:\/\/noti-america.com\/site\/venezuela\/2022\/08\/28\/zulia-activo-extiende-sus-actividades-al-centro-comercial-sambil-maracaibo\/#primaryimage","url":"https:\/\/noti-america.com\/site\/venezuela\/wp-content\/uploads\/sites\/2\/2022\/08\/IMG-20220828-WA0173.jpg","contentUrl":"https:\/\/noti-america.com\/site\/venezuela\/wp-content\/uploads\/sites\/2\/2022\/08\/IMG-20220828-WA0173.jpg","width":1080,"height":516},{"@type":"BreadcrumbList","@id":"https:\/\/noti-america.com\/site\/venezuela\/2022\/08\/28\/zulia-activo-extiende-sus-actividades-al-centro-comercial-sambil-maracaibo\/#breadcrumb","itemListElement":[{"@type":"ListItem","position":1,"name":"Portada","item":"https:\/\/noti-america.com\/site\/venezuela\/"},{"@type":"ListItem","position":2,"name":"Zulia Activo extiende sus actividades al Centro Comercial Sambil Maracaibo"}]},{"@type":"WebSite","@id":"https:\/\/noti-america.com\/site\/venezuela\/#website","url":"https:\/\/noti-america.com\/site\/venezuela\/","name":"Venezuela | Noti-America.com","description":"","publisher":{"@id":"https:\/\/noti-america.com\/site\/venezuela\/#organization"},"potentialAction":[{"@type":"SearchAction","target":{"@type":"EntryPoint","urlTemplate":"https:\/\/noti-america.com\/site\/venezuela\/?s={search_term_string}"},"query-input":{"@type":"PropertyValueSpecification","valueRequired":true,"valueName":"search_term_string"}}],"inLanguage":"es"},{"@type":"Organization","@id":"https:\/\/noti-america.com\/site\/venezuela\/#organization","name":"Noti-America LLC | Venezuela","url":"https:\/\/noti-america.com\/site\/venezuela\/","logo":{"@type":"ImageObject","inLanguage":"es","@id":"https:\/\/noti-america.com\/site\/venezuela\/#\/schema\/logo\/image\/","url":"https:\/\/noti-america.com\/site\/venezuela\/wp-content\/uploads\/sites\/2\/2020\/07\/LogoNA-4x3-1.jpg","contentUrl":"https:\/\/noti-america.com\/site\/venezuela\/wp-content\/uploads\/sites\/2\/2020\/07\/LogoNA-4x3-1.jpg","width":1236,"height":1080,"caption":"Noti-America LLC | Venezuela"},"image":{"@id":"https:\/\/noti-america.com\/site\/venezuela\/#\/schema\/logo\/image\/"}},{"@type":"Person","@id":"https:\/\/noti-america.com\/site\/venezuela\/#\/schema\/person\/2f37ed06a1cd058e8d611b3d42cce678","name":"Hendrick Garcia","image":{"@type":"ImageObject","inLanguage":"es","@id":"https:\/\/secure.gravatar.com\/avatar\/07f13ce868ede7f0937b7abbada276f430e4ed25cfff75dbe7f98f95ac02358c?s=96&d=mm&r=g","url":"https:\/\/secure.gravatar.com\/avatar\/07f13ce868ede7f0937b7abbada276f430e4ed25cfff75dbe7f98f95ac02358c?s=96&d=mm&r=g","contentUrl":"https:\/\/secure.gravatar.com\/avatar\/07f13ce868ede7f0937b7abbada276f430e4ed25cfff75dbe7f98f95ac02358c?s=96&d=mm&r=g","caption":"Hendrick Garcia"},"url":"https:\/\/noti-america.com\/site\/venezuela\/author\/hegarcia\/"}]}},"_links":{"self":[{"href":"https:\/\/noti-america.com\/site\/venezuela\/wp-json\/wp\/v2\/posts\/21412","targetHints":{"allow":["GET"]}}],"collection":[{"href":"https:\/\/noti-america.com\/site\/venezuela\/wp-json\/wp\/v2\/posts"}],"about":[{"href":"https:\/\/noti-america.com\/site\/venezuela\/wp-json\/wp\/v2\/types\/post"}],"author":[{"embeddable":true,"href":"https:\/\/noti-america.com\/site\/venezuela\/wp-json\/wp\/v2\/users\/40"}],"replies":[{"embeddable":true,"href":"https:\/\/noti-america.com\/site\/venezuela\/wp-json\/wp\/v2\/comments?post=21412"}],"version-history":[{"count":2,"href":"https:\/\/noti-america.com\/site\/venezuela\/wp-json\/wp\/v2\/posts\/21412\/revisions"}],"predecessor-version":[{"id":21430,"href":"https:\/\/noti-america.com\/site\/venezuela\/wp-json\/wp\/v2\/posts\/21412\/revisions\/21430"}],"wp:featuredmedia":[{"embeddable":true,"href":"https:\/\/noti-america.com\/site\/venezuela\/wp-json\/wp\/v2\/media\/21428"}],"wp:attachment":[{"href":"https:\/\/noti-america.com\/site\/venezuela\/wp-json\/wp\/v2\/media?parent=21412"}],"wp:term":[{"taxonomy":"category","embeddable":true,"href":"https:\/\/noti-america.com\/site\/venezuela\/wp-json\/wp\/v2\/categories?post=21412"},{"taxonomy":"post_tag","embeddable":true,"href":"https:\/\/noti-america.com\/site\/venezuela\/wp-json\/wp\/v2\/tags?post=21412"}],"curies":[{"name":"wp","href":"https:\/\/api.w.org\/{rel}","templated":true}]}}