{"id":21206,"date":"2022-08-17T20:01:33","date_gmt":"2022-08-17T20:01:33","guid":{"rendered":"https:\/\/noti-america.com\/site\/venezuela\/?p=21206"},"modified":"2022-08-17T20:02:38","modified_gmt":"2022-08-17T20:02:38","slug":"un-nuevo-tiempo-lagunillas-activo-el-programa-activa-vida-y-salud-para-la-comunidad-4","status":"publish","type":"post","link":"https:\/\/noti-america.com\/site\/venezuela\/2022\/08\/17\/un-nuevo-tiempo-lagunillas-activo-el-programa-activa-vida-y-salud-para-la-comunidad-4\/","title":{"rendered":"Un Nuevo Tiempo Lagunillas activ\u00f3 el programa \u00abActiva , Vida y Salud\u00bb para la comunidad"},"content":{"rendered":"\r\n<p><img loading=\"lazy\" decoding=\"async\" class=\"size-medium wp-image-21197\" src=\"https:\/\/noti-america.com\/site\/venezuela\/wp-content\/uploads\/sites\/2\/2022\/08\/IMG_20220817_085255-300x225.jpg\" alt=\"\" width=\"300\" height=\"225\" srcset=\"https:\/\/noti-america.com\/site\/venezuela\/wp-content\/uploads\/sites\/2\/2022\/08\/IMG_20220817_085255-300x225.jpg 300w, https:\/\/noti-america.com\/site\/venezuela\/wp-content\/uploads\/sites\/2\/2022\/08\/IMG_20220817_085255-1024x768.jpg 1024w, https:\/\/noti-america.com\/site\/venezuela\/wp-content\/uploads\/sites\/2\/2022\/08\/IMG_20220817_085255-768x576.jpg 768w, https:\/\/noti-america.com\/site\/venezuela\/wp-content\/uploads\/sites\/2\/2022\/08\/IMG_20220817_085255-1536x1152.jpg 1536w, https:\/\/noti-america.com\/site\/venezuela\/wp-content\/uploads\/sites\/2\/2022\/08\/IMG_20220817_085255-2048x1536.jpg 2048w, https:\/\/noti-america.com\/site\/venezuela\/wp-content\/uploads\/sites\/2\/2022\/08\/IMG_20220817_085255-600x450.jpg 600w\" sizes=\"auto, (max-width: 300px) 100vw, 300px\" \/><\/p>\r\n<p>Hoy mi\u00e9rcoles 17 de agosto el partido Un Nuevo Tiempo activ\u00f3 el programa Vida y Salud desde la sede del partido ubicada en la calle Miranda.<br \/><br \/>Los directivos en pleno se hicieron presentes en este importante programa para la salud y vida que significa mantener el cuerpo sano que ampl\u00eda la vida de las personas.<br \/><br \/>En este sentido Yuleima de Vel\u00e1squez, Secretaria General de UNT Lagunillas, acompa\u00f1ada por los ediles Hiulis Rivero\u00a0 y Hendrik Garc\u00eda y Licce Duran la SEC. General de la parroquia Alonso de Ojeda,\u00a0 quienes junto\u00a0 adem\u00e1s miembros de la \u00abtolda\u00a0 azul\u00bb y la ciudadan\u00eda en general se hicieron presentes en esta importante actividad.<\/p>\r\n<div id=\"attachment_21196\" style=\"width: 310px\" class=\"wp-caption alignnone\"><img loading=\"lazy\" decoding=\"async\" aria-describedby=\"caption-attachment-21196\" class=\"size-medium wp-image-21196\" src=\"https:\/\/noti-america.com\/site\/venezuela\/wp-content\/uploads\/sites\/2\/2022\/08\/IMG_20220817_083032-300x225.jpg\" alt=\"\" width=\"300\" height=\"225\" srcset=\"https:\/\/noti-america.com\/site\/venezuela\/wp-content\/uploads\/sites\/2\/2022\/08\/IMG_20220817_083032-300x225.jpg 300w, https:\/\/noti-america.com\/site\/venezuela\/wp-content\/uploads\/sites\/2\/2022\/08\/IMG_20220817_083032-1024x768.jpg 1024w, https:\/\/noti-america.com\/site\/venezuela\/wp-content\/uploads\/sites\/2\/2022\/08\/IMG_20220817_083032-768x576.jpg 768w, https:\/\/noti-america.com\/site\/venezuela\/wp-content\/uploads\/sites\/2\/2022\/08\/IMG_20220817_083032-1536x1152.jpg 1536w, https:\/\/noti-america.com\/site\/venezuela\/wp-content\/uploads\/sites\/2\/2022\/08\/IMG_20220817_083032-2048x1536.jpg 2048w, https:\/\/noti-america.com\/site\/venezuela\/wp-content\/uploads\/sites\/2\/2022\/08\/IMG_20220817_083032-600x450.jpg 600w\" sizes=\"auto, (max-width: 300px) 100vw, 300px\" \/><p id=\"caption-attachment-21196\" class=\"wp-caption-text\"><span style=\"font-size: 16px\">La secretaria general Yuleima de Vel\u00e1squez manifest\u00f3 que este programa es para el rescate del ejercicio saludable a trav\u00e9s de las caminatas en las ma\u00f1ana de las personas, j\u00f3venes, adultas para mantenerse sanos.<\/span><\/p><\/div>\r\n<div id=\"attachment_21198\" style=\"width: 310px\" class=\"wp-caption alignnone\"><img loading=\"lazy\" decoding=\"async\" aria-describedby=\"caption-attachment-21198\" class=\"size-medium wp-image-21198\" src=\"https:\/\/noti-america.com\/site\/venezuela\/wp-content\/uploads\/sites\/2\/2022\/08\/IMG_20220817_074422-300x225.jpg\" alt=\"\" width=\"300\" height=\"225\" srcset=\"https:\/\/noti-america.com\/site\/venezuela\/wp-content\/uploads\/sites\/2\/2022\/08\/IMG_20220817_074422-300x225.jpg 300w, https:\/\/noti-america.com\/site\/venezuela\/wp-content\/uploads\/sites\/2\/2022\/08\/IMG_20220817_074422-1024x768.jpg 1024w, https:\/\/noti-america.com\/site\/venezuela\/wp-content\/uploads\/sites\/2\/2022\/08\/IMG_20220817_074422-768x576.jpg 768w, https:\/\/noti-america.com\/site\/venezuela\/wp-content\/uploads\/sites\/2\/2022\/08\/IMG_20220817_074422-1536x1152.jpg 1536w, https:\/\/noti-america.com\/site\/venezuela\/wp-content\/uploads\/sites\/2\/2022\/08\/IMG_20220817_074422-2048x1536.jpg 2048w, https:\/\/noti-america.com\/site\/venezuela\/wp-content\/uploads\/sites\/2\/2022\/08\/IMG_20220817_074422-600x450.jpg 600w\" sizes=\"auto, (max-width: 300px) 100vw, 300px\" \/><p id=\"caption-attachment-21198\" class=\"wp-caption-text\"><span style=\"font-size: 16px\">Tambi\u00e9n tendremos bailoterapia que es un ejercicio cardio para mantener un buen ritmo del cuerpo en cuanto al fortalecimiento de sus m\u00fasculos, precis\u00f3 Hiulis Rivero.<\/span><\/p><\/div>\r\n<p>Precis\u00f3 que para las personas que asistan al inicio del programa Vida y Salud tendremos hidrataci\u00f3n y frutas como un aperitivo y reconstituyente de energ\u00eda.<br \/><br \/>Fuente: Prensa UNT Lagunillas.<\/p>\r\n","protected":false},"excerpt":{"rendered":"<p>Hoy mi\u00e9rcoles 17 de agosto el partido Un Nuevo Tiempo activ\u00f3 el programa Vida y Salud desde la sede del partido ubicada en la calle Miranda. Los directivos en pleno se hicieron presentes en&#46;&#46;&#46;<\/p>\n","protected":false},"author":40,"featured_media":21199,"comment_status":"open","ping_status":"open","sticky":false,"template":"","format":"standard","meta":{"_acf_changed":false,"om_disable_all_campaigns":false,"rop_custom_images_group":[],"rop_custom_messages_group":[],"rop_publish_now":"initial","rop_publish_now_accounts":{"twitter_242054905_242054905":""},"rop_publish_now_history":[],"rop_publish_now_status":"pending","_uf_show_specific_survey":0,"_uf_disable_surveys":false,"footnotes":""},"categories":[164,3,156,13],"tags":[221,222],"class_list":["post-21206","post","type-post","status-publish","format-standard","has-post-thumbnail","hentry","category-comunidades","category-politica","category-venezuela","category-vida-y-salud","tag-ciudad-ojeda","tag-zulia"],"acf":[],"aioseo_notices":[],"yoast_head":"<!-- This site is optimized with the Yoast SEO Premium plugin v24.9 (Yoast SEO v27.2) - https:\/\/yoast.com\/product\/yoast-seo-premium-wordpress\/ -->\n<title>Un Nuevo Tiempo Lagunillas activ\u00f3 el programa &quot;Activa , Vida y Salud&quot; para la comunidad - Venezuela | Noti-America.com<\/title>\n<meta name=\"robots\" content=\"index, follow, max-snippet:-1, max-image-preview:large, max-video-preview:-1\" \/>\n<link rel=\"canonical\" href=\"https:\/\/noti-america.com\/site\/venezuela\/2022\/08\/17\/un-nuevo-tiempo-lagunillas-activo-el-programa-activa-vida-y-salud-para-la-comunidad-4\/\" \/>\n<meta property=\"og:locale\" content=\"es_ES\" \/>\n<meta property=\"og:type\" content=\"article\" \/>\n<meta property=\"og:title\" content=\"Un Nuevo Tiempo Lagunillas activ\u00f3 el programa &quot;Activa , Vida y Salud&quot; para la comunidad\" \/>\n<meta property=\"og:description\" content=\"Hoy mi\u00e9rcoles 17 de agosto el partido Un Nuevo Tiempo activ\u00f3 el programa Vida y Salud desde la sede del partido ubicada en la calle Miranda. Los directivos en pleno se hicieron presentes en&#046;&#046;&#046;\" \/>\n<meta property=\"og:url\" content=\"https:\/\/noti-america.com\/site\/venezuela\/2022\/08\/17\/un-nuevo-tiempo-lagunillas-activo-el-programa-activa-vida-y-salud-para-la-comunidad-4\/\" \/>\n<meta property=\"og:site_name\" content=\"Venezuela | Noti-America.com\" \/>\n<meta property=\"article:published_time\" content=\"2022-08-17T20:01:33+00:00\" \/>\n<meta property=\"article:modified_time\" content=\"2022-08-17T20:02:38+00:00\" \/>\n<meta property=\"og:image\" content=\"https:\/\/noti-america.com\/site\/venezuela\/wp-content\/uploads\/sites\/2\/2022\/08\/IMG_20220817_083017-scaled.jpg\" \/>\n\t<meta property=\"og:image:width\" content=\"2560\" \/>\n\t<meta property=\"og:image:height\" content=\"1920\" \/>\n\t<meta property=\"og:image:type\" content=\"image\/jpeg\" \/>\n<meta name=\"author\" content=\"Hendrick Garcia\" \/>\n<meta name=\"twitter:card\" content=\"summary_large_image\" \/>\n<meta name=\"twitter:label1\" content=\"Escrito por\" \/>\n\t<meta name=\"twitter:data1\" content=\"Hendrick Garcia\" \/>\n\t<meta name=\"twitter:label2\" content=\"Tiempo estimado de lectura\" \/>\n\t<meta name=\"twitter:data2\" content=\"2 minutos\" \/>\n<script type=\"application\/ld+json\" class=\"yoast-schema-graph\">{\"@context\":\"https:\/\/schema.org\",\"@graph\":[{\"@type\":\"Article\",\"@id\":\"https:\/\/noti-america.com\/site\/venezuela\/2022\/08\/17\/un-nuevo-tiempo-lagunillas-activo-el-programa-activa-vida-y-salud-para-la-comunidad-4\/#article\",\"isPartOf\":{\"@id\":\"https:\/\/noti-america.com\/site\/venezuela\/2022\/08\/17\/un-nuevo-tiempo-lagunillas-activo-el-programa-activa-vida-y-salud-para-la-comunidad-4\/\"},\"author\":{\"name\":\"Hendrick Garcia\",\"@id\":\"https:\/\/noti-america.com\/site\/venezuela\/#\/schema\/person\/2f37ed06a1cd058e8d611b3d42cce678\"},\"headline\":\"Un Nuevo Tiempo Lagunillas activ\u00f3 el programa \u00abActiva , Vida y Salud\u00bb para la comunidad\",\"datePublished\":\"2022-08-17T20:01:33+00:00\",\"dateModified\":\"2022-08-17T20:02:38+00:00\",\"mainEntityOfPage\":{\"@id\":\"https:\/\/noti-america.com\/site\/venezuela\/2022\/08\/17\/un-nuevo-tiempo-lagunillas-activo-el-programa-activa-vida-y-salud-para-la-comunidad-4\/\"},\"wordCount\":236,\"commentCount\":0,\"publisher\":{\"@id\":\"https:\/\/noti-america.com\/site\/venezuela\/#organization\"},\"image\":{\"@id\":\"https:\/\/noti-america.com\/site\/venezuela\/2022\/08\/17\/un-nuevo-tiempo-lagunillas-activo-el-programa-activa-vida-y-salud-para-la-comunidad-4\/#primaryimage\"},\"thumbnailUrl\":\"https:\/\/noti-america.com\/site\/venezuela\/wp-content\/uploads\/sites\/2\/2022\/08\/IMG_20220817_083017-scaled.jpg\",\"keywords\":[\"ciudad ojeda\",\"zulia\"],\"articleSection\":[\"Comunidades\",\"Pol\u00edtica\",\"Venezuela\",\"Vida y Salud\"],\"inLanguage\":\"es\",\"potentialAction\":[{\"@type\":\"CommentAction\",\"name\":\"Comment\",\"target\":[\"https:\/\/noti-america.com\/site\/venezuela\/2022\/08\/17\/un-nuevo-tiempo-lagunillas-activo-el-programa-activa-vida-y-salud-para-la-comunidad-4\/#respond\"]}]},{\"@type\":\"WebPage\",\"@id\":\"https:\/\/noti-america.com\/site\/venezuela\/2022\/08\/17\/un-nuevo-tiempo-lagunillas-activo-el-programa-activa-vida-y-salud-para-la-comunidad-4\/\",\"url\":\"https:\/\/noti-america.com\/site\/venezuela\/2022\/08\/17\/un-nuevo-tiempo-lagunillas-activo-el-programa-activa-vida-y-salud-para-la-comunidad-4\/\",\"name\":\"Un Nuevo Tiempo Lagunillas activ\u00f3 el programa \\\"Activa , Vida y Salud\\\" para la comunidad - Venezuela | Noti-America.com\",\"isPartOf\":{\"@id\":\"https:\/\/noti-america.com\/site\/venezuela\/#website\"},\"primaryImageOfPage\":{\"@id\":\"https:\/\/noti-america.com\/site\/venezuela\/2022\/08\/17\/un-nuevo-tiempo-lagunillas-activo-el-programa-activa-vida-y-salud-para-la-comunidad-4\/#primaryimage\"},\"image\":{\"@id\":\"https:\/\/noti-america.com\/site\/venezuela\/2022\/08\/17\/un-nuevo-tiempo-lagunillas-activo-el-programa-activa-vida-y-salud-para-la-comunidad-4\/#primaryimage\"},\"thumbnailUrl\":\"https:\/\/noti-america.com\/site\/venezuela\/wp-content\/uploads\/sites\/2\/2022\/08\/IMG_20220817_083017-scaled.jpg\",\"datePublished\":\"2022-08-17T20:01:33+00:00\",\"dateModified\":\"2022-08-17T20:02:38+00:00\",\"breadcrumb\":{\"@id\":\"https:\/\/noti-america.com\/site\/venezuela\/2022\/08\/17\/un-nuevo-tiempo-lagunillas-activo-el-programa-activa-vida-y-salud-para-la-comunidad-4\/#breadcrumb\"},\"inLanguage\":\"es\",\"potentialAction\":[{\"@type\":\"ReadAction\",\"target\":[\"https:\/\/noti-america.com\/site\/venezuela\/2022\/08\/17\/un-nuevo-tiempo-lagunillas-activo-el-programa-activa-vida-y-salud-para-la-comunidad-4\/\"]}]},{\"@type\":\"ImageObject\",\"inLanguage\":\"es\",\"@id\":\"https:\/\/noti-america.com\/site\/venezuela\/2022\/08\/17\/un-nuevo-tiempo-lagunillas-activo-el-programa-activa-vida-y-salud-para-la-comunidad-4\/#primaryimage\",\"url\":\"https:\/\/noti-america.com\/site\/venezuela\/wp-content\/uploads\/sites\/2\/2022\/08\/IMG_20220817_083017-scaled.jpg\",\"contentUrl\":\"https:\/\/noti-america.com\/site\/venezuela\/wp-content\/uploads\/sites\/2\/2022\/08\/IMG_20220817_083017-scaled.jpg\",\"width\":2560,\"height\":1920,\"caption\":\"Exif_JPEG_420\"},{\"@type\":\"BreadcrumbList\",\"@id\":\"https:\/\/noti-america.com\/site\/venezuela\/2022\/08\/17\/un-nuevo-tiempo-lagunillas-activo-el-programa-activa-vida-y-salud-para-la-comunidad-4\/#breadcrumb\",\"itemListElement\":[{\"@type\":\"ListItem\",\"position\":1,\"name\":\"Portada\",\"item\":\"https:\/\/noti-america.com\/site\/venezuela\/\"},{\"@type\":\"ListItem\",\"position\":2,\"name\":\"Un Nuevo Tiempo Lagunillas activ\u00f3 el programa \u00abActiva , Vida y Salud\u00bb para la comunidad\"}]},{\"@type\":\"WebSite\",\"@id\":\"https:\/\/noti-america.com\/site\/venezuela\/#website\",\"url\":\"https:\/\/noti-america.com\/site\/venezuela\/\",\"name\":\"Venezuela | Noti-America.com\",\"description\":\"\",\"publisher\":{\"@id\":\"https:\/\/noti-america.com\/site\/venezuela\/#organization\"},\"potentialAction\":[{\"@type\":\"SearchAction\",\"target\":{\"@type\":\"EntryPoint\",\"urlTemplate\":\"https:\/\/noti-america.com\/site\/venezuela\/?s={search_term_string}\"},\"query-input\":{\"@type\":\"PropertyValueSpecification\",\"valueRequired\":true,\"valueName\":\"search_term_string\"}}],\"inLanguage\":\"es\"},{\"@type\":\"Organization\",\"@id\":\"https:\/\/noti-america.com\/site\/venezuela\/#organization\",\"name\":\"Noti-America LLC | Venezuela\",\"url\":\"https:\/\/noti-america.com\/site\/venezuela\/\",\"logo\":{\"@type\":\"ImageObject\",\"inLanguage\":\"es\",\"@id\":\"https:\/\/noti-america.com\/site\/venezuela\/#\/schema\/logo\/image\/\",\"url\":\"https:\/\/noti-america.com\/site\/venezuela\/wp-content\/uploads\/sites\/2\/2020\/07\/LogoNA-4x3-1.jpg\",\"contentUrl\":\"https:\/\/noti-america.com\/site\/venezuela\/wp-content\/uploads\/sites\/2\/2020\/07\/LogoNA-4x3-1.jpg\",\"width\":1236,\"height\":1080,\"caption\":\"Noti-America LLC | Venezuela\"},\"image\":{\"@id\":\"https:\/\/noti-america.com\/site\/venezuela\/#\/schema\/logo\/image\/\"}},{\"@type\":\"Person\",\"@id\":\"https:\/\/noti-america.com\/site\/venezuela\/#\/schema\/person\/2f37ed06a1cd058e8d611b3d42cce678\",\"name\":\"Hendrick Garcia\",\"image\":{\"@type\":\"ImageObject\",\"inLanguage\":\"es\",\"@id\":\"https:\/\/secure.gravatar.com\/avatar\/07f13ce868ede7f0937b7abbada276f430e4ed25cfff75dbe7f98f95ac02358c?s=96&d=mm&r=g\",\"url\":\"https:\/\/secure.gravatar.com\/avatar\/07f13ce868ede7f0937b7abbada276f430e4ed25cfff75dbe7f98f95ac02358c?s=96&d=mm&r=g\",\"contentUrl\":\"https:\/\/secure.gravatar.com\/avatar\/07f13ce868ede7f0937b7abbada276f430e4ed25cfff75dbe7f98f95ac02358c?s=96&d=mm&r=g\",\"caption\":\"Hendrick Garcia\"},\"url\":\"https:\/\/noti-america.com\/site\/venezuela\/author\/hegarcia\/\"}]}<\/script>\n<!-- \/ Yoast SEO Premium plugin. -->","yoast_head_json":{"title":"Un Nuevo Tiempo Lagunillas activ\u00f3 el programa \"Activa , Vida y Salud\" para la comunidad - Venezuela | Noti-America.com","robots":{"index":"index","follow":"follow","max-snippet":"max-snippet:-1","max-image-preview":"max-image-preview:large","max-video-preview":"max-video-preview:-1"},"canonical":"https:\/\/noti-america.com\/site\/venezuela\/2022\/08\/17\/un-nuevo-tiempo-lagunillas-activo-el-programa-activa-vida-y-salud-para-la-comunidad-4\/","og_locale":"es_ES","og_type":"article","og_title":"Un Nuevo Tiempo Lagunillas activ\u00f3 el programa \"Activa , Vida y Salud\" para la comunidad","og_description":"Hoy mi\u00e9rcoles 17 de agosto el partido Un Nuevo Tiempo activ\u00f3 el programa Vida y Salud desde la sede del partido ubicada en la calle Miranda. Los directivos en pleno se hicieron presentes en&#46;&#46;&#46;","og_url":"https:\/\/noti-america.com\/site\/venezuela\/2022\/08\/17\/un-nuevo-tiempo-lagunillas-activo-el-programa-activa-vida-y-salud-para-la-comunidad-4\/","og_site_name":"Venezuela | Noti-America.com","article_published_time":"2022-08-17T20:01:33+00:00","article_modified_time":"2022-08-17T20:02:38+00:00","og_image":[{"width":2560,"height":1920,"url":"https:\/\/noti-america.com\/site\/venezuela\/wp-content\/uploads\/sites\/2\/2022\/08\/IMG_20220817_083017-scaled.jpg","type":"image\/jpeg"}],"author":"Hendrick Garcia","twitter_card":"summary_large_image","twitter_misc":{"Escrito por":"Hendrick Garcia","Tiempo estimado de lectura":"2 minutos"},"schema":{"@context":"https:\/\/schema.org","@graph":[{"@type":"Article","@id":"https:\/\/noti-america.com\/site\/venezuela\/2022\/08\/17\/un-nuevo-tiempo-lagunillas-activo-el-programa-activa-vida-y-salud-para-la-comunidad-4\/#article","isPartOf":{"@id":"https:\/\/noti-america.com\/site\/venezuela\/2022\/08\/17\/un-nuevo-tiempo-lagunillas-activo-el-programa-activa-vida-y-salud-para-la-comunidad-4\/"},"author":{"name":"Hendrick Garcia","@id":"https:\/\/noti-america.com\/site\/venezuela\/#\/schema\/person\/2f37ed06a1cd058e8d611b3d42cce678"},"headline":"Un Nuevo Tiempo Lagunillas activ\u00f3 el programa \u00abActiva , Vida y Salud\u00bb para la comunidad","datePublished":"2022-08-17T20:01:33+00:00","dateModified":"2022-08-17T20:02:38+00:00","mainEntityOfPage":{"@id":"https:\/\/noti-america.com\/site\/venezuela\/2022\/08\/17\/un-nuevo-tiempo-lagunillas-activo-el-programa-activa-vida-y-salud-para-la-comunidad-4\/"},"wordCount":236,"commentCount":0,"publisher":{"@id":"https:\/\/noti-america.com\/site\/venezuela\/#organization"},"image":{"@id":"https:\/\/noti-america.com\/site\/venezuela\/2022\/08\/17\/un-nuevo-tiempo-lagunillas-activo-el-programa-activa-vida-y-salud-para-la-comunidad-4\/#primaryimage"},"thumbnailUrl":"https:\/\/noti-america.com\/site\/venezuela\/wp-content\/uploads\/sites\/2\/2022\/08\/IMG_20220817_083017-scaled.jpg","keywords":["ciudad ojeda","zulia"],"articleSection":["Comunidades","Pol\u00edtica","Venezuela","Vida y Salud"],"inLanguage":"es","potentialAction":[{"@type":"CommentAction","name":"Comment","target":["https:\/\/noti-america.com\/site\/venezuela\/2022\/08\/17\/un-nuevo-tiempo-lagunillas-activo-el-programa-activa-vida-y-salud-para-la-comunidad-4\/#respond"]}]},{"@type":"WebPage","@id":"https:\/\/noti-america.com\/site\/venezuela\/2022\/08\/17\/un-nuevo-tiempo-lagunillas-activo-el-programa-activa-vida-y-salud-para-la-comunidad-4\/","url":"https:\/\/noti-america.com\/site\/venezuela\/2022\/08\/17\/un-nuevo-tiempo-lagunillas-activo-el-programa-activa-vida-y-salud-para-la-comunidad-4\/","name":"Un Nuevo Tiempo Lagunillas activ\u00f3 el programa \"Activa , Vida y Salud\" para la comunidad - Venezuela | Noti-America.com","isPartOf":{"@id":"https:\/\/noti-america.com\/site\/venezuela\/#website"},"primaryImageOfPage":{"@id":"https:\/\/noti-america.com\/site\/venezuela\/2022\/08\/17\/un-nuevo-tiempo-lagunillas-activo-el-programa-activa-vida-y-salud-para-la-comunidad-4\/#primaryimage"},"image":{"@id":"https:\/\/noti-america.com\/site\/venezuela\/2022\/08\/17\/un-nuevo-tiempo-lagunillas-activo-el-programa-activa-vida-y-salud-para-la-comunidad-4\/#primaryimage"},"thumbnailUrl":"https:\/\/noti-america.com\/site\/venezuela\/wp-content\/uploads\/sites\/2\/2022\/08\/IMG_20220817_083017-scaled.jpg","datePublished":"2022-08-17T20:01:33+00:00","dateModified":"2022-08-17T20:02:38+00:00","breadcrumb":{"@id":"https:\/\/noti-america.com\/site\/venezuela\/2022\/08\/17\/un-nuevo-tiempo-lagunillas-activo-el-programa-activa-vida-y-salud-para-la-comunidad-4\/#breadcrumb"},"inLanguage":"es","potentialAction":[{"@type":"ReadAction","target":["https:\/\/noti-america.com\/site\/venezuela\/2022\/08\/17\/un-nuevo-tiempo-lagunillas-activo-el-programa-activa-vida-y-salud-para-la-comunidad-4\/"]}]},{"@type":"ImageObject","inLanguage":"es","@id":"https:\/\/noti-america.com\/site\/venezuela\/2022\/08\/17\/un-nuevo-tiempo-lagunillas-activo-el-programa-activa-vida-y-salud-para-la-comunidad-4\/#primaryimage","url":"https:\/\/noti-america.com\/site\/venezuela\/wp-content\/uploads\/sites\/2\/2022\/08\/IMG_20220817_083017-scaled.jpg","contentUrl":"https:\/\/noti-america.com\/site\/venezuela\/wp-content\/uploads\/sites\/2\/2022\/08\/IMG_20220817_083017-scaled.jpg","width":2560,"height":1920,"caption":"Exif_JPEG_420"},{"@type":"BreadcrumbList","@id":"https:\/\/noti-america.com\/site\/venezuela\/2022\/08\/17\/un-nuevo-tiempo-lagunillas-activo-el-programa-activa-vida-y-salud-para-la-comunidad-4\/#breadcrumb","itemListElement":[{"@type":"ListItem","position":1,"name":"Portada","item":"https:\/\/noti-america.com\/site\/venezuela\/"},{"@type":"ListItem","position":2,"name":"Un Nuevo Tiempo Lagunillas activ\u00f3 el programa \u00abActiva , Vida y Salud\u00bb para la comunidad"}]},{"@type":"WebSite","@id":"https:\/\/noti-america.com\/site\/venezuela\/#website","url":"https:\/\/noti-america.com\/site\/venezuela\/","name":"Venezuela | Noti-America.com","description":"","publisher":{"@id":"https:\/\/noti-america.com\/site\/venezuela\/#organization"},"potentialAction":[{"@type":"SearchAction","target":{"@type":"EntryPoint","urlTemplate":"https:\/\/noti-america.com\/site\/venezuela\/?s={search_term_string}"},"query-input":{"@type":"PropertyValueSpecification","valueRequired":true,"valueName":"search_term_string"}}],"inLanguage":"es"},{"@type":"Organization","@id":"https:\/\/noti-america.com\/site\/venezuela\/#organization","name":"Noti-America LLC | Venezuela","url":"https:\/\/noti-america.com\/site\/venezuela\/","logo":{"@type":"ImageObject","inLanguage":"es","@id":"https:\/\/noti-america.com\/site\/venezuela\/#\/schema\/logo\/image\/","url":"https:\/\/noti-america.com\/site\/venezuela\/wp-content\/uploads\/sites\/2\/2020\/07\/LogoNA-4x3-1.jpg","contentUrl":"https:\/\/noti-america.com\/site\/venezuela\/wp-content\/uploads\/sites\/2\/2020\/07\/LogoNA-4x3-1.jpg","width":1236,"height":1080,"caption":"Noti-America LLC | Venezuela"},"image":{"@id":"https:\/\/noti-america.com\/site\/venezuela\/#\/schema\/logo\/image\/"}},{"@type":"Person","@id":"https:\/\/noti-america.com\/site\/venezuela\/#\/schema\/person\/2f37ed06a1cd058e8d611b3d42cce678","name":"Hendrick Garcia","image":{"@type":"ImageObject","inLanguage":"es","@id":"https:\/\/secure.gravatar.com\/avatar\/07f13ce868ede7f0937b7abbada276f430e4ed25cfff75dbe7f98f95ac02358c?s=96&d=mm&r=g","url":"https:\/\/secure.gravatar.com\/avatar\/07f13ce868ede7f0937b7abbada276f430e4ed25cfff75dbe7f98f95ac02358c?s=96&d=mm&r=g","contentUrl":"https:\/\/secure.gravatar.com\/avatar\/07f13ce868ede7f0937b7abbada276f430e4ed25cfff75dbe7f98f95ac02358c?s=96&d=mm&r=g","caption":"Hendrick Garcia"},"url":"https:\/\/noti-america.com\/site\/venezuela\/author\/hegarcia\/"}]}},"_links":{"self":[{"href":"https:\/\/noti-america.com\/site\/venezuela\/wp-json\/wp\/v2\/posts\/21206","targetHints":{"allow":["GET"]}}],"collection":[{"href":"https:\/\/noti-america.com\/site\/venezuela\/wp-json\/wp\/v2\/posts"}],"about":[{"href":"https:\/\/noti-america.com\/site\/venezuela\/wp-json\/wp\/v2\/types\/post"}],"author":[{"embeddable":true,"href":"https:\/\/noti-america.com\/site\/venezuela\/wp-json\/wp\/v2\/users\/40"}],"replies":[{"embeddable":true,"href":"https:\/\/noti-america.com\/site\/venezuela\/wp-json\/wp\/v2\/comments?post=21206"}],"version-history":[{"count":1,"href":"https:\/\/noti-america.com\/site\/venezuela\/wp-json\/wp\/v2\/posts\/21206\/revisions"}],"predecessor-version":[{"id":21207,"href":"https:\/\/noti-america.com\/site\/venezuela\/wp-json\/wp\/v2\/posts\/21206\/revisions\/21207"}],"wp:featuredmedia":[{"embeddable":true,"href":"https:\/\/noti-america.com\/site\/venezuela\/wp-json\/wp\/v2\/media\/21199"}],"wp:attachment":[{"href":"https:\/\/noti-america.com\/site\/venezuela\/wp-json\/wp\/v2\/media?parent=21206"}],"wp:term":[{"taxonomy":"category","embeddable":true,"href":"https:\/\/noti-america.com\/site\/venezuela\/wp-json\/wp\/v2\/categories?post=21206"},{"taxonomy":"post_tag","embeddable":true,"href":"https:\/\/noti-america.com\/site\/venezuela\/wp-json\/wp\/v2\/tags?post=21206"}],"curies":[{"name":"wp","href":"https:\/\/api.w.org\/{rel}","templated":true}]}}