{"id":2097,"date":"2018-05-21T16:27:42","date_gmt":"2018-05-21T16:27:42","guid":{"rendered":"http:\/\/noti-america.com\/site\/venezuela\/?p=2097"},"modified":"2018-05-21T20:29:02","modified_gmt":"2018-05-21T20:29:02","slug":"lunes-en-dictadura-como-lo-estimaron-venezolanos-en-desacato","status":"publish","type":"post","link":"https:\/\/noti-america.com\/site\/venezuela\/2018\/05\/21\/lunes-en-dictadura-como-lo-estimaron-venezolanos-en-desacato\/","title":{"rendered":"Lunes en Dictadura como lo estimaron venezolanos en desacato"},"content":{"rendered":"<blockquote><p><strong><span style=\"color: #333333\"><em>\u00abHoy la ciudad amanecio gris, de luto, la gente apagada, llena de desesperanza y dolor y poco transporte<\/em>\u00ab. <\/span>Se comenta en las redes sociales<\/strong><\/p><\/blockquote>\n<p>La determinante del Consejo Nacional Electoral, encabezado por Tibisay lucena dej\u00f3 ver su posici\u00f3n de apoyo para con el gobierno que ha defendido durante estos \u00faltimos 15 a\u00f1os, al anunciar cifras nada acordes a la realidad que se vivi\u00f3 en Venezuela este domingo de elecciones presidenciales \u00abfatasmal\u00bb.<\/p>\n<blockquote><p><span style=\"color: #333333\"><strong>Las televisoras locales obviaron el tema electoral y s\u00f3lo VTV dedicaba espacio a vanagloriarse de un triunfo, \u00aben tela de juicio\u00bb<\/strong><\/span>, desde\u00f1aron diversas personalidades<\/p><\/blockquote>\n<p>El llamado a NO VOTAR, fue acatado en todo el territorio, con la finalidad de dejar al descubierto los fraudes electorales que se vienen realizando en la \u00faltima d\u00e9cada. Las proyecciones y estimaciones de especialistas y pol\u00edticos opositores, adem\u00e1s de la ciudadan\u00eda en general establecieron un 12% de participaci\u00f3n en todo el pa\u00eds, sin embargo, los anuncios oficiales ofrecieron cifras abiertamente \u00abinfladas\u00bb nada parecidas a la realidad \u00abfantasmal\u00bb del domingo 20 de mayo, tal como lo registraron las miles de im\u00e1genes que se mostraron por las redes sociales.<\/p>\n<p>Multiples irregularidades salieron a la luz p\u00fablica, \u00abvotaron por mi\u00bb, etre esos u vecino que vive en Barquisimeto recibi\u00f3 un mensaje de texto en su celular \u00abfelicit\u00e1dolo por ejercer su derecho a sufragar, en Barinas, con el\u00a0 numero de su c\u00e9dula\u00bb, m\u00e1s claro no puede ser el fraude.<\/p>\n<blockquote class=\"twitter-tweet\" data-width=\"500\" data-dnt=\"true\">\n<p lang=\"es\" dir=\"ltr\">As\u00ed se construy\u00f3 el fraude. &quot;Cuando fui a votar, resulta que ya hab\u00edan puesto mi huella&quot;. Palabras de una de las pocas personas que fue a tratar de votar en el megafraude de Maduro, pero ya hab\u00edan votado por ella. <a href=\"https:\/\/twitter.com\/hashtag\/FraudeElectoral?src=hash&amp;ref_src=twsrc%5Etfw\">#FraudeElectoral<\/a> <a href=\"https:\/\/twitter.com\/hashtag\/FraudeElectoralEnVenezuela?src=hash&amp;ref_src=twsrc%5Etfw\">#FraudeElectoralEnVenezuela<\/a> <a href=\"https:\/\/twitter.com\/hashtag\/Fraude2018?src=hash&amp;ref_src=twsrc%5Etfw\">#Fraude2018<\/a> <a href=\"https:\/\/twitter.com\/hashtag\/NoVote?src=hash&amp;ref_src=twsrc%5Etfw\">#NoVote<\/a> <a href=\"https:\/\/t.co\/NVQi2hvCW4\">pic.twitter.com\/NVQi2hvCW4<\/a><\/p>\n<p>&mdash; Cristian Crespo F. \ud83c\udde8\ud83c\uddfa \u201cLa noche no ser\u00e1 eterna\u201d (@cristiancrespoj) <a href=\"https:\/\/twitter.com\/cristiancrespoj\/status\/998577626196463616?ref_src=twsrc%5Etfw\">May 21, 2018<\/a><\/p><\/blockquote>\n<p><script async src=\"https:\/\/platform.twitter.com\/widgets.js\" charset=\"utf-8\"><\/script><\/p>\n<p>Los comentarios respecto a la situaci\u00f3n en los centros de votaci\u00f3n fue de interes para toda la colectividad, por lo desolada de las calles, lo que permiti\u00f3 una observaci\u00f3n de las condiciones de los puntos para sufragar.<\/p>\n<p>A\u00fan m\u00e1s interesante fue ver a los periodistas y camar\u00f3grafos de Globovisi\u00f3n, Telesur y Venezolana de Televisi\u00f3n hacer lo imposible por no mostrar las inexistentes colas, s\u00f3lo dedicar espacio a entrevistas de personalidades, que tambi\u00e9n mostraban el vac\u00edo de los centros comiciales.<\/p>\n<blockquote class=\"twitter-tweet\" data-width=\"500\" data-dnt=\"true\">\n<p lang=\"es\" dir=\"ltr\">Cometen un error los analistas que dan por ciertos los resultados emitidos por el CNE. Esos votos, al igual que los de la ANC, son de laboratorio. Eso hay que repetirlo constantemente. De lo contrario, sin querer, est\u00e1n legitimando el fraude.<\/p>\n<p>&mdash; Ib\u00e9yise Pacheco (@ibepacheco) <a href=\"https:\/\/twitter.com\/ibepacheco\/status\/998587278745317376?ref_src=twsrc%5Etfw\">May 21, 2018<\/a><\/p><\/blockquote>\n<p><script async src=\"https:\/\/platform.twitter.com\/widgets.js\" charset=\"utf-8\"><\/script><\/p>\n<blockquote><p><strong><span style=\"color: #993300\">Candidato Henri Falc\u00f3n desconoce el proceso electoral de este domingo y sugiere al CNE repetirlos entre octubre y diciembre, \u00abpero sin ventajismo, sin puntos rojos, sin voto asistido y cerrando los centros a las 6 de la tarde\u00bb.<\/span><\/strong><\/p><\/blockquote>\n<p>El llamado a la paz y a la tranquilidad super\u00f3 la capacidad de comprensi\u00f3n de la \u00e9lite gubernamental, ya que las im\u00e1genes elocuentes de los centros electorales vac\u00edos, no son acordes con las estimaciones mostradas por el CNE.<\/p>\n<p>Ante estas circunstancias, se han presentado focos de violencia desde la media noche del 20 de mayo, a consecuencia de las falsas cifras emanadas por este organismo comicial.<\/p>\n<p>Las redes comenzaron a rese\u00f1ar que desde la\u00a01:30am del 21 de mayo, el Sebin y la Guardia Nacional Bolivariaa entraron a las residencias La Churuata y Karimamparu, en Puerto Ord\u00e1z, rompiendo las puertas de acceso a los edificios, dispararon gases lacrim\u00f3genos a manifestantes que tomaron las calles en horas de esta madrugada, porqe los vecinos\u00a0 armaron barricadas tras resultados de los comicios presidenciales.<\/p>\n<p>En el Estado Lara, el municipio palavecino, a este de Barquisimeto, activ\u00f3 su voz de rebeld\u00eda cotra lo que aseguran es una fraude electoral evidente, y salieron a las calles a quemar cauchos y cacerolear.<\/p>\n<p>Igualmente, se resinti\u00f3 el sector oeste de la ciudad, donde acataron el llamado a cacerolear, en desacuerdo a lo que consideran falsos anuncios de una instituci\u00f3n \u00abinfame\u00bb, declararon entre gritos pitos y cacerolas, los barquisimetanos del Barrio Bol\u00edvar y la Villa Crepuscular.<\/p>\n<blockquote><p><em><strong><span style=\"color: #003366\">Hay unos personajes que le deben una gran disculpa al pa\u00eds: los encuestadores. Subestimaron al venezolano, aseguraron que los pobres se vender\u00edan por una bolsa Clap y que sucumbir\u00edan al miedo<\/span><\/strong><\/em>. <strong>Ib\u00e9yise Pacheco, periodista.<\/strong><\/p><\/blockquote>\n<p><img decoding=\"async\" src=\"https:\/\/pbs.twimg.com\/media\/DdsCZ9rV4AAmWPy.jpg\" \/><\/p>\n<div class=\"stream-item-header\">\n<div class=\"ProfileTweet-action ProfileTweet-action--more js-more-ProfileTweet-actions\">\n<div class=\"dropdown\">\n<div class=\"IconContainer js-tooltip\" title=\"M\u00e1s\">\u00abLa verdad verdadera: la participaci\u00f3n no alcanz\u00f3 ni un tercio del registro electoral. CNE sigue abultando numeros para taparle el rabo al dictador\u00bb. As\u00ed se expres\u00f3, el <strong>ex gobernador opositor Andr\u00e9s Vel\u00e1squez<\/strong>, ante lo que seg\u00fan los venezolanos se consider\u00f3 una \u00abelecci\u00f3n fanstasma\u00bb.<\/div>\n<div title=\"M\u00e1s\">Por su parte, la <strong>exmagistrada Blanca Rosa M\u00e1rmol<\/strong>, hizo \u00e9nfasis en que \u00abpueden 5 millones de personas, de ser cierto, decidir la vida de 30 millones? Puede resultar \u201cElecto\u201d como presidente un candidato inhabilitado judicialmente? Puede ejercer como Presidente electo uno sometido a juicio penal por la comisi\u00f3n de delitos?\u00bb.<\/div>\n<div title=\"M\u00e1s\"><\/div>\n<div title=\"M\u00e1s\"><\/div>\n<div title=\"M\u00e1s\"><\/div>\n<\/div>\n<\/div>\n<\/div>\n<p>&nbsp;<\/p>\n","protected":false},"excerpt":{"rendered":"<p>\u00abHoy la ciudad amanecio gris, de luto, la gente apagada, llena de desesperanza y dolor y poco transporte\u00ab. Se comenta en las redes sociales La determinante del Consejo Nacional Electoral, encabezado por Tibisay lucena&#46;&#46;&#46;<\/p>\n","protected":false},"author":11,"featured_media":2098,"comment_status":"open","ping_status":"open","sticky":false,"template":"","format":"standard","meta":{"_acf_changed":false,"om_disable_all_campaigns":false,"rop_custom_images_group":[],"rop_custom_messages_group":[],"rop_publish_now":"initial","rop_publish_now_accounts":{"twitter_242054905_242054905":""},"rop_publish_now_history":[],"rop_publish_now_status":"pending","_uf_show_specific_survey":0,"_uf_disable_surveys":false,"footnotes":""},"categories":[4,3,11],"tags":[],"class_list":["post-2097","post","type-post","status-publish","format-standard","has-post-thumbnail","hentry","category-internacionales","category-politica","category-sucesos"],"acf":[],"aioseo_notices":[],"yoast_head":"<!-- This site is optimized with the Yoast SEO Premium plugin v24.9 (Yoast SEO v27.2) - https:\/\/yoast.com\/product\/yoast-seo-premium-wordpress\/ -->\n<title>Lunes en Dictadura como lo estimaron venezolanos en desacato - Venezuela | Noti-America.com<\/title>\n<meta name=\"robots\" content=\"index, follow, max-snippet:-1, max-image-preview:large, max-video-preview:-1\" \/>\n<link rel=\"canonical\" href=\"https:\/\/noti-america.com\/site\/venezuela\/2018\/05\/21\/lunes-en-dictadura-como-lo-estimaron-venezolanos-en-desacato\/\" \/>\n<meta property=\"og:locale\" content=\"es_ES\" \/>\n<meta property=\"og:type\" content=\"article\" \/>\n<meta property=\"og:title\" content=\"Lunes en Dictadura como lo estimaron venezolanos en desacato\" \/>\n<meta property=\"og:description\" content=\"\u00abHoy la ciudad amanecio gris, de luto, la gente apagada, llena de desesperanza y dolor y poco transporte\u00ab. Se comenta en las redes sociales La determinante del Consejo Nacional Electoral, encabezado por Tibisay lucena&#046;&#046;&#046;\" \/>\n<meta property=\"og:url\" content=\"https:\/\/noti-america.com\/site\/venezuela\/2018\/05\/21\/lunes-en-dictadura-como-lo-estimaron-venezolanos-en-desacato\/\" \/>\n<meta property=\"og:site_name\" content=\"Venezuela | Noti-America.com\" \/>\n<meta property=\"article:published_time\" content=\"2018-05-21T16:27:42+00:00\" \/>\n<meta property=\"article:modified_time\" content=\"2018-05-21T20:29:02+00:00\" \/>\n<meta property=\"og:image\" content=\"https:\/\/noti-america.com\/site\/venezuela\/wp-content\/uploads\/sites\/2\/2018\/05\/fraude-2018.jpg\" \/>\n\t<meta property=\"og:image:width\" content=\"502\" \/>\n\t<meta property=\"og:image:height\" content=\"495\" \/>\n\t<meta property=\"og:image:type\" content=\"image\/jpeg\" \/>\n<meta name=\"author\" content=\"Yliana Duque\" \/>\n<meta name=\"twitter:card\" content=\"summary_large_image\" \/>\n<meta name=\"twitter:creator\" content=\"@ylianaduque\" \/>\n<meta name=\"twitter:label1\" content=\"Escrito por\" \/>\n\t<meta name=\"twitter:data1\" content=\"Yliana Duque\" \/>\n\t<meta name=\"twitter:label2\" content=\"Tiempo estimado de lectura\" \/>\n\t<meta name=\"twitter:data2\" content=\"4 minutos\" \/>\n<script type=\"application\/ld+json\" class=\"yoast-schema-graph\">{\"@context\":\"https:\/\/schema.org\",\"@graph\":[{\"@type\":\"Article\",\"@id\":\"https:\/\/noti-america.com\/site\/venezuela\/2018\/05\/21\/lunes-en-dictadura-como-lo-estimaron-venezolanos-en-desacato\/#article\",\"isPartOf\":{\"@id\":\"https:\/\/noti-america.com\/site\/venezuela\/2018\/05\/21\/lunes-en-dictadura-como-lo-estimaron-venezolanos-en-desacato\/\"},\"author\":{\"name\":\"Yliana Duque\",\"@id\":\"https:\/\/noti-america.com\/site\/venezuela\/#\/schema\/person\/a166d9d45f249dbd09521fbc2e7342d8\"},\"headline\":\"Lunes en Dictadura como lo estimaron venezolanos en desacato\",\"datePublished\":\"2018-05-21T16:27:42+00:00\",\"dateModified\":\"2018-05-21T20:29:02+00:00\",\"mainEntityOfPage\":{\"@id\":\"https:\/\/noti-america.com\/site\/venezuela\/2018\/05\/21\/lunes-en-dictadura-como-lo-estimaron-venezolanos-en-desacato\/\"},\"wordCount\":741,\"commentCount\":0,\"publisher\":{\"@id\":\"https:\/\/noti-america.com\/site\/venezuela\/#organization\"},\"image\":{\"@id\":\"https:\/\/noti-america.com\/site\/venezuela\/2018\/05\/21\/lunes-en-dictadura-como-lo-estimaron-venezolanos-en-desacato\/#primaryimage\"},\"thumbnailUrl\":\"https:\/\/noti-america.com\/site\/venezuela\/wp-content\/uploads\/sites\/2\/2018\/05\/fraude-2018.jpg\",\"articleSection\":[\"Internacionales\",\"Pol\u00edtica\",\"Sucesos\"],\"inLanguage\":\"es\",\"potentialAction\":[{\"@type\":\"CommentAction\",\"name\":\"Comment\",\"target\":[\"https:\/\/noti-america.com\/site\/venezuela\/2018\/05\/21\/lunes-en-dictadura-como-lo-estimaron-venezolanos-en-desacato\/#respond\"]}]},{\"@type\":\"WebPage\",\"@id\":\"https:\/\/noti-america.com\/site\/venezuela\/2018\/05\/21\/lunes-en-dictadura-como-lo-estimaron-venezolanos-en-desacato\/\",\"url\":\"https:\/\/noti-america.com\/site\/venezuela\/2018\/05\/21\/lunes-en-dictadura-como-lo-estimaron-venezolanos-en-desacato\/\",\"name\":\"Lunes en Dictadura como lo estimaron venezolanos en desacato - Venezuela | Noti-America.com\",\"isPartOf\":{\"@id\":\"https:\/\/noti-america.com\/site\/venezuela\/#website\"},\"primaryImageOfPage\":{\"@id\":\"https:\/\/noti-america.com\/site\/venezuela\/2018\/05\/21\/lunes-en-dictadura-como-lo-estimaron-venezolanos-en-desacato\/#primaryimage\"},\"image\":{\"@id\":\"https:\/\/noti-america.com\/site\/venezuela\/2018\/05\/21\/lunes-en-dictadura-como-lo-estimaron-venezolanos-en-desacato\/#primaryimage\"},\"thumbnailUrl\":\"https:\/\/noti-america.com\/site\/venezuela\/wp-content\/uploads\/sites\/2\/2018\/05\/fraude-2018.jpg\",\"datePublished\":\"2018-05-21T16:27:42+00:00\",\"dateModified\":\"2018-05-21T20:29:02+00:00\",\"breadcrumb\":{\"@id\":\"https:\/\/noti-america.com\/site\/venezuela\/2018\/05\/21\/lunes-en-dictadura-como-lo-estimaron-venezolanos-en-desacato\/#breadcrumb\"},\"inLanguage\":\"es\",\"potentialAction\":[{\"@type\":\"ReadAction\",\"target\":[\"https:\/\/noti-america.com\/site\/venezuela\/2018\/05\/21\/lunes-en-dictadura-como-lo-estimaron-venezolanos-en-desacato\/\"]}]},{\"@type\":\"ImageObject\",\"inLanguage\":\"es\",\"@id\":\"https:\/\/noti-america.com\/site\/venezuela\/2018\/05\/21\/lunes-en-dictadura-como-lo-estimaron-venezolanos-en-desacato\/#primaryimage\",\"url\":\"https:\/\/noti-america.com\/site\/venezuela\/wp-content\/uploads\/sites\/2\/2018\/05\/fraude-2018.jpg\",\"contentUrl\":\"https:\/\/noti-america.com\/site\/venezuela\/wp-content\/uploads\/sites\/2\/2018\/05\/fraude-2018.jpg\",\"width\":502,\"height\":495},{\"@type\":\"BreadcrumbList\",\"@id\":\"https:\/\/noti-america.com\/site\/venezuela\/2018\/05\/21\/lunes-en-dictadura-como-lo-estimaron-venezolanos-en-desacato\/#breadcrumb\",\"itemListElement\":[{\"@type\":\"ListItem\",\"position\":1,\"name\":\"Portada\",\"item\":\"https:\/\/noti-america.com\/site\/venezuela\/\"},{\"@type\":\"ListItem\",\"position\":2,\"name\":\"Lunes en Dictadura como lo estimaron venezolanos en desacato\"}]},{\"@type\":\"WebSite\",\"@id\":\"https:\/\/noti-america.com\/site\/venezuela\/#website\",\"url\":\"https:\/\/noti-america.com\/site\/venezuela\/\",\"name\":\"Venezuela | Noti-America.com\",\"description\":\"\",\"publisher\":{\"@id\":\"https:\/\/noti-america.com\/site\/venezuela\/#organization\"},\"potentialAction\":[{\"@type\":\"SearchAction\",\"target\":{\"@type\":\"EntryPoint\",\"urlTemplate\":\"https:\/\/noti-america.com\/site\/venezuela\/?s={search_term_string}\"},\"query-input\":{\"@type\":\"PropertyValueSpecification\",\"valueRequired\":true,\"valueName\":\"search_term_string\"}}],\"inLanguage\":\"es\"},{\"@type\":\"Organization\",\"@id\":\"https:\/\/noti-america.com\/site\/venezuela\/#organization\",\"name\":\"Noti-America LLC | Venezuela\",\"url\":\"https:\/\/noti-america.com\/site\/venezuela\/\",\"logo\":{\"@type\":\"ImageObject\",\"inLanguage\":\"es\",\"@id\":\"https:\/\/noti-america.com\/site\/venezuela\/#\/schema\/logo\/image\/\",\"url\":\"https:\/\/noti-america.com\/site\/venezuela\/wp-content\/uploads\/sites\/2\/2020\/07\/LogoNA-4x3-1.jpg\",\"contentUrl\":\"https:\/\/noti-america.com\/site\/venezuela\/wp-content\/uploads\/sites\/2\/2020\/07\/LogoNA-4x3-1.jpg\",\"width\":1236,\"height\":1080,\"caption\":\"Noti-America LLC | Venezuela\"},\"image\":{\"@id\":\"https:\/\/noti-america.com\/site\/venezuela\/#\/schema\/logo\/image\/\"}},{\"@type\":\"Person\",\"@id\":\"https:\/\/noti-america.com\/site\/venezuela\/#\/schema\/person\/a166d9d45f249dbd09521fbc2e7342d8\",\"name\":\"Yliana Duque\",\"image\":{\"@type\":\"ImageObject\",\"inLanguage\":\"es\",\"@id\":\"https:\/\/secure.gravatar.com\/avatar\/8caf2a4035762b3be44c3a0455581febe2d5273a41ac40dacc575b8aa348fe65?s=96&d=mm&r=g\",\"url\":\"https:\/\/secure.gravatar.com\/avatar\/8caf2a4035762b3be44c3a0455581febe2d5273a41ac40dacc575b8aa348fe65?s=96&d=mm&r=g\",\"contentUrl\":\"https:\/\/secure.gravatar.com\/avatar\/8caf2a4035762b3be44c3a0455581febe2d5273a41ac40dacc575b8aa348fe65?s=96&d=mm&r=g\",\"caption\":\"Yliana Duque\"},\"description\":\"Ejercer el periodismo requiere de pasi\u00f3n y conocimiento en investigaci\u00f3n de campo. Siempre en la b\u00fasqueda de la verdad para aportar claridad y poder discernir sobre el hecho noticioso. Egresada de la Universidad de los Andes. Maestria en Relaciones Internacionales (UCV). Diplomado de Educaci\u00f3n Superior (Universidad Experimental LIbertador (UPEL), y Educaci\u00f3n superior a distancia (UFT). Estudios de Locuci\u00f3n- Actuaci\u00f3n-Publicidad y Mercadeo, Redes. Subdirectora de relaciones p\u00fablicas de la Asamablea Legislativa del Estado Sucre(1995)-Periodista de TELESOL,Telecaribe (Sucre). Jefe de Prensa de la Gobernaci\u00f3n del Estado Amazonas(1997). Periodista Comandancia General del Ej\u00e9rcito, Fuerte Tiuna (1996). Lider de Proyectos en educaci\u00f3n Superior en la Universidad Ferm\u00edn Toro (UFT) (2000). Docente Universitario UFT (2002-2007)-Docente de Educaci\u00f3n Superior a Distancia -titulado. Periodista Diario El Informador. Periodista en Apoyo A\u00e9reo de la Guardia Nacional, Aeropuerto Jacinto Lara. www.Noti-america.com (Venezuela)\",\"sameAs\":[\"https:\/\/x.com\/ylianaduque\"],\"url\":\"https:\/\/noti-america.com\/site\/venezuela\/author\/yduque\/\"}]}<\/script>\n<!-- \/ Yoast SEO Premium plugin. -->","yoast_head_json":{"title":"Lunes en Dictadura como lo estimaron venezolanos en desacato - Venezuela | Noti-America.com","robots":{"index":"index","follow":"follow","max-snippet":"max-snippet:-1","max-image-preview":"max-image-preview:large","max-video-preview":"max-video-preview:-1"},"canonical":"https:\/\/noti-america.com\/site\/venezuela\/2018\/05\/21\/lunes-en-dictadura-como-lo-estimaron-venezolanos-en-desacato\/","og_locale":"es_ES","og_type":"article","og_title":"Lunes en Dictadura como lo estimaron venezolanos en desacato","og_description":"\u00abHoy la ciudad amanecio gris, de luto, la gente apagada, llena de desesperanza y dolor y poco transporte\u00ab. Se comenta en las redes sociales La determinante del Consejo Nacional Electoral, encabezado por Tibisay lucena&#46;&#46;&#46;","og_url":"https:\/\/noti-america.com\/site\/venezuela\/2018\/05\/21\/lunes-en-dictadura-como-lo-estimaron-venezolanos-en-desacato\/","og_site_name":"Venezuela | Noti-America.com","article_published_time":"2018-05-21T16:27:42+00:00","article_modified_time":"2018-05-21T20:29:02+00:00","og_image":[{"width":502,"height":495,"url":"https:\/\/noti-america.com\/site\/venezuela\/wp-content\/uploads\/sites\/2\/2018\/05\/fraude-2018.jpg","type":"image\/jpeg"}],"author":"Yliana Duque","twitter_card":"summary_large_image","twitter_creator":"@ylianaduque","twitter_misc":{"Escrito por":"Yliana Duque","Tiempo estimado de lectura":"4 minutos"},"schema":{"@context":"https:\/\/schema.org","@graph":[{"@type":"Article","@id":"https:\/\/noti-america.com\/site\/venezuela\/2018\/05\/21\/lunes-en-dictadura-como-lo-estimaron-venezolanos-en-desacato\/#article","isPartOf":{"@id":"https:\/\/noti-america.com\/site\/venezuela\/2018\/05\/21\/lunes-en-dictadura-como-lo-estimaron-venezolanos-en-desacato\/"},"author":{"name":"Yliana Duque","@id":"https:\/\/noti-america.com\/site\/venezuela\/#\/schema\/person\/a166d9d45f249dbd09521fbc2e7342d8"},"headline":"Lunes en Dictadura como lo estimaron venezolanos en desacato","datePublished":"2018-05-21T16:27:42+00:00","dateModified":"2018-05-21T20:29:02+00:00","mainEntityOfPage":{"@id":"https:\/\/noti-america.com\/site\/venezuela\/2018\/05\/21\/lunes-en-dictadura-como-lo-estimaron-venezolanos-en-desacato\/"},"wordCount":741,"commentCount":0,"publisher":{"@id":"https:\/\/noti-america.com\/site\/venezuela\/#organization"},"image":{"@id":"https:\/\/noti-america.com\/site\/venezuela\/2018\/05\/21\/lunes-en-dictadura-como-lo-estimaron-venezolanos-en-desacato\/#primaryimage"},"thumbnailUrl":"https:\/\/noti-america.com\/site\/venezuela\/wp-content\/uploads\/sites\/2\/2018\/05\/fraude-2018.jpg","articleSection":["Internacionales","Pol\u00edtica","Sucesos"],"inLanguage":"es","potentialAction":[{"@type":"CommentAction","name":"Comment","target":["https:\/\/noti-america.com\/site\/venezuela\/2018\/05\/21\/lunes-en-dictadura-como-lo-estimaron-venezolanos-en-desacato\/#respond"]}]},{"@type":"WebPage","@id":"https:\/\/noti-america.com\/site\/venezuela\/2018\/05\/21\/lunes-en-dictadura-como-lo-estimaron-venezolanos-en-desacato\/","url":"https:\/\/noti-america.com\/site\/venezuela\/2018\/05\/21\/lunes-en-dictadura-como-lo-estimaron-venezolanos-en-desacato\/","name":"Lunes en Dictadura como lo estimaron venezolanos en desacato - Venezuela | Noti-America.com","isPartOf":{"@id":"https:\/\/noti-america.com\/site\/venezuela\/#website"},"primaryImageOfPage":{"@id":"https:\/\/noti-america.com\/site\/venezuela\/2018\/05\/21\/lunes-en-dictadura-como-lo-estimaron-venezolanos-en-desacato\/#primaryimage"},"image":{"@id":"https:\/\/noti-america.com\/site\/venezuela\/2018\/05\/21\/lunes-en-dictadura-como-lo-estimaron-venezolanos-en-desacato\/#primaryimage"},"thumbnailUrl":"https:\/\/noti-america.com\/site\/venezuela\/wp-content\/uploads\/sites\/2\/2018\/05\/fraude-2018.jpg","datePublished":"2018-05-21T16:27:42+00:00","dateModified":"2018-05-21T20:29:02+00:00","breadcrumb":{"@id":"https:\/\/noti-america.com\/site\/venezuela\/2018\/05\/21\/lunes-en-dictadura-como-lo-estimaron-venezolanos-en-desacato\/#breadcrumb"},"inLanguage":"es","potentialAction":[{"@type":"ReadAction","target":["https:\/\/noti-america.com\/site\/venezuela\/2018\/05\/21\/lunes-en-dictadura-como-lo-estimaron-venezolanos-en-desacato\/"]}]},{"@type":"ImageObject","inLanguage":"es","@id":"https:\/\/noti-america.com\/site\/venezuela\/2018\/05\/21\/lunes-en-dictadura-como-lo-estimaron-venezolanos-en-desacato\/#primaryimage","url":"https:\/\/noti-america.com\/site\/venezuela\/wp-content\/uploads\/sites\/2\/2018\/05\/fraude-2018.jpg","contentUrl":"https:\/\/noti-america.com\/site\/venezuela\/wp-content\/uploads\/sites\/2\/2018\/05\/fraude-2018.jpg","width":502,"height":495},{"@type":"BreadcrumbList","@id":"https:\/\/noti-america.com\/site\/venezuela\/2018\/05\/21\/lunes-en-dictadura-como-lo-estimaron-venezolanos-en-desacato\/#breadcrumb","itemListElement":[{"@type":"ListItem","position":1,"name":"Portada","item":"https:\/\/noti-america.com\/site\/venezuela\/"},{"@type":"ListItem","position":2,"name":"Lunes en Dictadura como lo estimaron venezolanos en desacato"}]},{"@type":"WebSite","@id":"https:\/\/noti-america.com\/site\/venezuela\/#website","url":"https:\/\/noti-america.com\/site\/venezuela\/","name":"Venezuela | Noti-America.com","description":"","publisher":{"@id":"https:\/\/noti-america.com\/site\/venezuela\/#organization"},"potentialAction":[{"@type":"SearchAction","target":{"@type":"EntryPoint","urlTemplate":"https:\/\/noti-america.com\/site\/venezuela\/?s={search_term_string}"},"query-input":{"@type":"PropertyValueSpecification","valueRequired":true,"valueName":"search_term_string"}}],"inLanguage":"es"},{"@type":"Organization","@id":"https:\/\/noti-america.com\/site\/venezuela\/#organization","name":"Noti-America LLC | Venezuela","url":"https:\/\/noti-america.com\/site\/venezuela\/","logo":{"@type":"ImageObject","inLanguage":"es","@id":"https:\/\/noti-america.com\/site\/venezuela\/#\/schema\/logo\/image\/","url":"https:\/\/noti-america.com\/site\/venezuela\/wp-content\/uploads\/sites\/2\/2020\/07\/LogoNA-4x3-1.jpg","contentUrl":"https:\/\/noti-america.com\/site\/venezuela\/wp-content\/uploads\/sites\/2\/2020\/07\/LogoNA-4x3-1.jpg","width":1236,"height":1080,"caption":"Noti-America LLC | Venezuela"},"image":{"@id":"https:\/\/noti-america.com\/site\/venezuela\/#\/schema\/logo\/image\/"}},{"@type":"Person","@id":"https:\/\/noti-america.com\/site\/venezuela\/#\/schema\/person\/a166d9d45f249dbd09521fbc2e7342d8","name":"Yliana Duque","image":{"@type":"ImageObject","inLanguage":"es","@id":"https:\/\/secure.gravatar.com\/avatar\/8caf2a4035762b3be44c3a0455581febe2d5273a41ac40dacc575b8aa348fe65?s=96&d=mm&r=g","url":"https:\/\/secure.gravatar.com\/avatar\/8caf2a4035762b3be44c3a0455581febe2d5273a41ac40dacc575b8aa348fe65?s=96&d=mm&r=g","contentUrl":"https:\/\/secure.gravatar.com\/avatar\/8caf2a4035762b3be44c3a0455581febe2d5273a41ac40dacc575b8aa348fe65?s=96&d=mm&r=g","caption":"Yliana Duque"},"description":"Ejercer el periodismo requiere de pasi\u00f3n y conocimiento en investigaci\u00f3n de campo. Siempre en la b\u00fasqueda de la verdad para aportar claridad y poder discernir sobre el hecho noticioso. Egresada de la Universidad de los Andes. Maestria en Relaciones Internacionales (UCV). Diplomado de Educaci\u00f3n Superior (Universidad Experimental LIbertador (UPEL), y Educaci\u00f3n superior a distancia (UFT). Estudios de Locuci\u00f3n- Actuaci\u00f3n-Publicidad y Mercadeo, Redes. Subdirectora de relaciones p\u00fablicas de la Asamablea Legislativa del Estado Sucre(1995)-Periodista de TELESOL,Telecaribe (Sucre). Jefe de Prensa de la Gobernaci\u00f3n del Estado Amazonas(1997). Periodista Comandancia General del Ej\u00e9rcito, Fuerte Tiuna (1996). Lider de Proyectos en educaci\u00f3n Superior en la Universidad Ferm\u00edn Toro (UFT) (2000). Docente Universitario UFT (2002-2007)-Docente de Educaci\u00f3n Superior a Distancia -titulado. Periodista Diario El Informador. Periodista en Apoyo A\u00e9reo de la Guardia Nacional, Aeropuerto Jacinto Lara. www.Noti-america.com (Venezuela)","sameAs":["https:\/\/x.com\/ylianaduque"],"url":"https:\/\/noti-america.com\/site\/venezuela\/author\/yduque\/"}]}},"_links":{"self":[{"href":"https:\/\/noti-america.com\/site\/venezuela\/wp-json\/wp\/v2\/posts\/2097","targetHints":{"allow":["GET"]}}],"collection":[{"href":"https:\/\/noti-america.com\/site\/venezuela\/wp-json\/wp\/v2\/posts"}],"about":[{"href":"https:\/\/noti-america.com\/site\/venezuela\/wp-json\/wp\/v2\/types\/post"}],"author":[{"embeddable":true,"href":"https:\/\/noti-america.com\/site\/venezuela\/wp-json\/wp\/v2\/users\/11"}],"replies":[{"embeddable":true,"href":"https:\/\/noti-america.com\/site\/venezuela\/wp-json\/wp\/v2\/comments?post=2097"}],"version-history":[{"count":2,"href":"https:\/\/noti-america.com\/site\/venezuela\/wp-json\/wp\/v2\/posts\/2097\/revisions"}],"predecessor-version":[{"id":2103,"href":"https:\/\/noti-america.com\/site\/venezuela\/wp-json\/wp\/v2\/posts\/2097\/revisions\/2103"}],"wp:featuredmedia":[{"embeddable":true,"href":"https:\/\/noti-america.com\/site\/venezuela\/wp-json\/wp\/v2\/media\/2098"}],"wp:attachment":[{"href":"https:\/\/noti-america.com\/site\/venezuela\/wp-json\/wp\/v2\/media?parent=2097"}],"wp:term":[{"taxonomy":"category","embeddable":true,"href":"https:\/\/noti-america.com\/site\/venezuela\/wp-json\/wp\/v2\/categories?post=2097"},{"taxonomy":"post_tag","embeddable":true,"href":"https:\/\/noti-america.com\/site\/venezuela\/wp-json\/wp\/v2\/tags?post=2097"}],"curies":[{"name":"wp","href":"https:\/\/api.w.org\/{rel}","templated":true}]}}