{"id":2045,"date":"2018-05-16T17:50:57","date_gmt":"2018-05-16T17:50:57","guid":{"rendered":"http:\/\/noti-america.com\/site\/venezuela\/?p=2045"},"modified":"2018-05-16T18:05:50","modified_gmt":"2018-05-16T18:05:50","slug":"gobierno-crea-matrices-de-opinion-para-instigar-a-la-violencia-previo-elecciones","status":"publish","type":"post","link":"https:\/\/noti-america.com\/site\/venezuela\/2018\/05\/16\/gobierno-crea-matrices-de-opinion-para-instigar-a-la-violencia-previo-elecciones\/","title":{"rendered":"Gobierno crea matrices de opini\u00f3n para instigar a la violencia previo elecciones"},"content":{"rendered":"<blockquote><p><em>Varias ciudades y <strong><span style=\"color: #800000\">localidades de Venezuela vienen registrando malestar y protestas<\/span>,<\/strong> consecuencia de la severa crisis econ\u00f3mica y alimentaria, situaciones que s\u00f3lo se observan a trav\u00e9s de la redes sociales porque los pocos <span style=\"color: #800000\">medios impresos y televisivos est\u00e1n impedidos de transmitir informaci\u00f3n\u00a0<\/span><\/em><\/p>\n<ul>\n<li>Ahora resulta que para algunos venezolanos, denunciar a los chavistas y someterlos al escarnio p\u00fablico, es instigaci\u00f3n al odio. Para m\u00ed es el inicio de un acto de justicia. El que no le guste, no lo apoye. <span style=\"color: #008080\"><strong>Indignados Venezuela @indignadosvezla (twitter)<\/strong><\/span><\/li>\n<\/ul>\n<\/blockquote>\n<p>Las redes sociales y medios impresos oficialistas dedicaron espacio a desprestigiar al Diputado opositor Juan Requesens, quien en las instancias de la Asamblea Nacional protagoniz\u00f3 un hecho, aparentemente violento, a causa de\u00a0<strong>empujones y golpes porque las autoridades prohibieron la entrada de periodistas y medios de comunicaci\u00f3n al Hemiciclo de sesiones.<\/strong><\/p>\n<p>La funcionaria no mostr\u00f3 se\u00f1ales de maltrato o moretones, siendo ella quien adem\u00e1s solicit\u00f3 el collar\u00edn en la enfermer\u00eda del Palacio legislativo, y quien al mismo tiempo se diagnostic\u00f3 la lesi\u00f3n.<\/p>\n<blockquote>\n<p style=\"text-align: center\"><span style=\"color: #800000\">Se calienta el pa\u00eds ante fallas electricas,<\/span><\/p>\n<p style=\"text-align: center\"><span style=\"color: #800000\">desmejoras de los servicios de recolecci\u00f3n de desperdicios<\/span><\/p>\n<p style=\"text-align: center\"><span style=\"color: #800000\"> y suministro de agua, entre muchos m\u00e1s<\/span><\/p>\n<p>https:\/\/twitter.com\/MMalaverM\/status\/996777199985483777<\/p><\/blockquote>\n<p>Dichas actuaciones grabadas y monitoreadas por muchos espectadores, se prestaron para ser usadas de acuerdo a los intereses de ambas partes, resalt\u00e1ndose la exageraci\u00f3n por parte de la funcionaria y las declaraciones de personeros y autoridades del gobierno quienes inmediatamente la emprendieron contra no s\u00f3lo Juan Requesens, sino que generalizaron con respecto a las actuaciones de todos los diputados opositores.<\/p>\n<div style=\"width: 650px\" class=\"wp-caption aligncenter\"><img loading=\"lazy\" decoding=\"async\" src=\"https:\/\/www.aporrea.org\/imagenes\/2018\/05\/agresin_de_requesens_a_funcionario_el_15-5.jpg\" alt=\"\" width=\"640\" height=\"480\" \/><p class=\"wp-caption-text\">Las im\u00e1genes expuestas por medios del Estado, destacan una agresi\u00f3n inexistente, mientras que diversos videos desmontan la farsa oficialista.<\/p><\/div>\n<blockquote><p>Opiniones en las redes: @albertoRodNews: \u00abPuro show. Y lo peor, es que mal montado. \u00bfPor qu\u00e9 la f\u00e9mina echa el cuento de c\u00f3mo fue a la enfermer\u00eda de la Asamblea Nacional a pedir un collar\u00edn prestado?\u00bb\u00a0<a class=\"twitter-hashtag pretty-link js-nav\" href=\"https:\/\/twitter.com\/hashtag\/PuroShow?src=hash\"><s>#<\/s><b>PuroShow<\/b><\/a> <a class=\"twitter-hashtag pretty-link js-nav\" href=\"https:\/\/twitter.com\/hashtag\/PadrinoDejaElShow?src=hash\"><s>#<\/s><b>PadrinoDejaElShow<\/b><\/a><\/p><\/blockquote>\n<p>https:\/\/twitter.com\/GabyGabyGG\/status\/996442840283729920<\/p>\n<p style=\"text-align: left\">A raz\u00f3n de las acciones asumidas por los funcionarios de seguridad en el \u00e1rea, surgi\u00f3 el enfrentamiento entre el diputado Requesens y varios Guardias Nacionales entre los que se encuentraba la j\u00f3ven sargento Segundo de la Guardia Nacional Bolivariana (GNB), Surielis Padr\u00f3n Blanco, de 19 a\u00f1os de edad, a quien aseguraron se le propin\u00f3 un fuerte golpe en la cara.<\/p>\n<div class=\"page-header-med\">\n<blockquote><p>Ejemplo de ello los diversos titulares en la web: <strong>(VIDEO) Agresi\u00f3n de G\u00e9nero: Juan Requesens le mete un golpe directo en la cara a funcionaria de la GNB en la AN\u00a0<small>Por:<\/small><span style=\"font-size: 16px\">\u00a0La Iguana- Aporrea.org\u00a0<\/span><small>|\u00a0<time datetime=\"2018-05-15\">Martes, 15\/05\/2018 08:43 PM<\/time>\u00a0|\u00a0<\/small><\/strong><\/p>\n<p>https:\/\/twitter.com\/GabyGabyGG\/status\/996446642868977667<\/p><\/blockquote>\n<\/div>\n<p style=\"text-align: left\">La v\u00edctima, a\u00fan sin emitir una declaraci\u00f3n fue llevada a un centro asistencial, donde al parecer le diagnosticaron efecto latigazo producto del golpe. Sin embargo, y posteriormente en videos presentados en camara lenta, por periodistas en el \u00e1rea, destacan como el codo de otro de los funcionarios durante el forcejeo es el que golpea a la Sargento.<\/p>\n<blockquote class=\"twitter-tweet\" data-width=\"500\" data-dnt=\"true\">\n<p lang=\"es\" dir=\"ltr\">En este video, en c\u00e1mara lenta, se observa a la oficial femenina c\u00f3mo se mete entre un GN y el diputado Juan Requesens. Tambi\u00e9n se observa que el parlamentario no la agrede y que ella se golpea con el codo de otro funcionario <a href=\"https:\/\/t.co\/QinT4EKden\">pic.twitter.com\/QinT4EKden<\/a><\/p>\n<p>&mdash; Gabriela Gonzalez (@GabyGabyGG) <a href=\"https:\/\/twitter.com\/GabyGabyGG\/status\/996538840633499648?ref_src=twsrc%5Etfw\">May 15, 2018<\/a><\/p><\/blockquote>\n<p><script async src=\"https:\/\/platform.twitter.com\/widgets.js\" charset=\"utf-8\"><\/script><\/p>\n<p style=\"text-align: left\">Por este hecho, surgieron acusaciones inmediatas y pronunciamientos como el de la ministra del Poder Popular para la Mujer e Igualdad de G\u00e9nero, Blanca Eekhout, quien a trav\u00e9s de la red social Twitter emiti\u00f3 un rechazo del hecho: \u201cRepudiamos la violencia de g\u00e9nero por parte del dirigente de la derecha fascista Juan Requesens, contra la Sargento Segunda Surielis Padr\u00f3n. \u00a1Exigimos Justicia! \u00a1Castigo a la misoginia!\u201d, escribi\u00f3 en su cuenta @blancaePSUV.<\/p>\n<p style=\"text-align: left\">Seguidamente en el programa Dando y Dando, transmitido por Venezolana de Televisi\u00f3n, el moderador expuso que la joven funcionaria fue atendida en un centro de salud tras ser v\u00edctima de la violencia ejercida por parte del diputado Requesens. \u201c<em><strong>Est\u00e1 siendo atendida en un hospital tiene\u00a0 una lesi\u00f3n cervical, una contusi\u00f3n con latigazo, tiene tambi\u00e9n un traumatismo en el ojo izquierdo producto de un golpe directo que ese diputado le dio en medio de una situaci\u00f3n, que se sab\u00eda iban a provocar hoy en la Asamblea Nacional los diputados de oposici\u00f3n porque (\u2026) quieren boicotear el proceso electora<\/strong><\/em>l\u201d, detall\u00f3.<\/p>\n<p>https:\/\/twitter.com\/jesusmedinae\/status\/996766968001781760<\/p>\n<blockquote class=\"twitter-tweet\" data-width=\"500\" data-dnt=\"true\">\n<p lang=\"es\" dir=\"ltr\">Los pocos manifestantes que estaban concentr\u00e1ndose en Chacaito fueron obligados a irse de la plaza. 10am <a href=\"https:\/\/twitter.com\/hashtag\/16may?src=hash&amp;ref_src=twsrc%5Etfw\">#16may<\/a> <a href=\"https:\/\/t.co\/l2UiCki1VS\">pic.twitter.com\/l2UiCki1VS<\/a><\/p>\n<p>&mdash; Gabriela Gonzalez (@GabyGabyGG) <a href=\"https:\/\/twitter.com\/GabyGabyGG\/status\/996754053072916481?ref_src=twsrc%5Etfw\">May 16, 2018<\/a><\/p><\/blockquote>\n<p><script async src=\"https:\/\/platform.twitter.com\/widgets.js\" charset=\"utf-8\"><\/script><\/p>\n<blockquote class=\"twitter-tweet\" data-width=\"500\" data-dnt=\"true\">\n<p lang=\"es\" dir=\"ltr\">Ahora en la sede la OEA. Haciendo entrega de comunicaci\u00f3n y luego ante la embajada de comunidad Europea. <a href=\"https:\/\/t.co\/zPHWUfIGTS\">pic.twitter.com\/zPHWUfIGTS<\/a><\/p>\n<p>&mdash; Andr\u00e9s Vel\u00e1squez (@AndresVelasqz) <a href=\"https:\/\/twitter.com\/AndresVelasqz\/status\/996778204160503815?ref_src=twsrc%5Etfw\">May 16, 2018<\/a><\/p><\/blockquote>\n<p><script async src=\"https:\/\/platform.twitter.com\/widgets.js\" charset=\"utf-8\"><\/script><\/p>\n","protected":false},"excerpt":{"rendered":"<p>Varias ciudades y localidades de Venezuela vienen registrando malestar y protestas, consecuencia de la severa crisis econ\u00f3mica y alimentaria, situaciones que s\u00f3lo se observan a trav\u00e9s de la redes sociales porque los pocos medios&#46;&#46;&#46;<\/p>\n","protected":false},"author":11,"featured_media":2052,"comment_status":"open","ping_status":"open","sticky":false,"template":"","format":"standard","meta":{"_acf_changed":false,"om_disable_all_campaigns":false,"rop_custom_images_group":[],"rop_custom_messages_group":[],"rop_publish_now":"initial","rop_publish_now_accounts":{"twitter_242054905_242054905":""},"rop_publish_now_history":[],"rop_publish_now_status":"pending","_uf_show_specific_survey":0,"_uf_disable_surveys":false,"footnotes":""},"categories":[4,11],"tags":[],"class_list":["post-2045","post","type-post","status-publish","format-standard","has-post-thumbnail","hentry","category-internacionales","category-sucesos"],"acf":[],"aioseo_notices":[],"yoast_head":"<!-- This site is optimized with the Yoast SEO Premium plugin v24.9 (Yoast SEO v27.2) - https:\/\/yoast.com\/product\/yoast-seo-premium-wordpress\/ -->\n<title>Gobierno crea matrices de opini\u00f3n para instigar a la violencia previo elecciones - Venezuela | Noti-America.com<\/title>\n<meta name=\"robots\" content=\"index, follow, max-snippet:-1, max-image-preview:large, max-video-preview:-1\" \/>\n<link rel=\"canonical\" href=\"https:\/\/noti-america.com\/site\/venezuela\/2018\/05\/16\/gobierno-crea-matrices-de-opinion-para-instigar-a-la-violencia-previo-elecciones\/\" \/>\n<meta property=\"og:locale\" content=\"es_ES\" \/>\n<meta property=\"og:type\" content=\"article\" \/>\n<meta property=\"og:title\" content=\"Gobierno crea matrices de opini\u00f3n para instigar a la violencia previo elecciones\" \/>\n<meta property=\"og:description\" content=\"Varias ciudades y localidades de Venezuela vienen registrando malestar y protestas, consecuencia de la severa crisis econ\u00f3mica y alimentaria, situaciones que s\u00f3lo se observan a trav\u00e9s de la redes sociales porque los pocos medios&#046;&#046;&#046;\" \/>\n<meta property=\"og:url\" content=\"https:\/\/noti-america.com\/site\/venezuela\/2018\/05\/16\/gobierno-crea-matrices-de-opinion-para-instigar-a-la-violencia-previo-elecciones\/\" \/>\n<meta property=\"og:site_name\" content=\"Venezuela | Noti-America.com\" \/>\n<meta property=\"article:published_time\" content=\"2018-05-16T17:50:57+00:00\" \/>\n<meta property=\"article:modified_time\" content=\"2018-05-16T18:05:50+00:00\" \/>\n<meta property=\"og:image\" content=\"https:\/\/noti-america.com\/site\/venezuela\/wp-content\/uploads\/sites\/2\/2018\/05\/padrino-y-GN.jpg\" \/>\n\t<meta property=\"og:image:width\" content=\"601\" \/>\n\t<meta property=\"og:image:height\" content=\"595\" \/>\n\t<meta property=\"og:image:type\" content=\"image\/jpeg\" \/>\n<meta name=\"author\" content=\"Yliana Duque\" \/>\n<meta name=\"twitter:card\" content=\"summary_large_image\" \/>\n<meta name=\"twitter:creator\" content=\"@ylianaduque\" \/>\n<meta name=\"twitter:label1\" content=\"Escrito por\" \/>\n\t<meta name=\"twitter:data1\" content=\"Yliana Duque\" \/>\n\t<meta name=\"twitter:label2\" content=\"Tiempo estimado de lectura\" \/>\n\t<meta name=\"twitter:data2\" content=\"4 minutos\" \/>\n<script type=\"application\/ld+json\" class=\"yoast-schema-graph\">{\"@context\":\"https:\/\/schema.org\",\"@graph\":[{\"@type\":\"Article\",\"@id\":\"https:\/\/noti-america.com\/site\/venezuela\/2018\/05\/16\/gobierno-crea-matrices-de-opinion-para-instigar-a-la-violencia-previo-elecciones\/#article\",\"isPartOf\":{\"@id\":\"https:\/\/noti-america.com\/site\/venezuela\/2018\/05\/16\/gobierno-crea-matrices-de-opinion-para-instigar-a-la-violencia-previo-elecciones\/\"},\"author\":{\"name\":\"Yliana Duque\",\"@id\":\"https:\/\/noti-america.com\/site\/venezuela\/#\/schema\/person\/a166d9d45f249dbd09521fbc2e7342d8\"},\"headline\":\"Gobierno crea matrices de opini\u00f3n para instigar a la violencia previo elecciones\",\"datePublished\":\"2018-05-16T17:50:57+00:00\",\"dateModified\":\"2018-05-16T18:05:50+00:00\",\"mainEntityOfPage\":{\"@id\":\"https:\/\/noti-america.com\/site\/venezuela\/2018\/05\/16\/gobierno-crea-matrices-de-opinion-para-instigar-a-la-violencia-previo-elecciones\/\"},\"wordCount\":726,\"commentCount\":0,\"publisher\":{\"@id\":\"https:\/\/noti-america.com\/site\/venezuela\/#organization\"},\"image\":{\"@id\":\"https:\/\/noti-america.com\/site\/venezuela\/2018\/05\/16\/gobierno-crea-matrices-de-opinion-para-instigar-a-la-violencia-previo-elecciones\/#primaryimage\"},\"thumbnailUrl\":\"https:\/\/noti-america.com\/site\/venezuela\/wp-content\/uploads\/sites\/2\/2018\/05\/padrino-y-GN.jpg\",\"articleSection\":[\"Internacionales\",\"Sucesos\"],\"inLanguage\":\"es\",\"potentialAction\":[{\"@type\":\"CommentAction\",\"name\":\"Comment\",\"target\":[\"https:\/\/noti-america.com\/site\/venezuela\/2018\/05\/16\/gobierno-crea-matrices-de-opinion-para-instigar-a-la-violencia-previo-elecciones\/#respond\"]}]},{\"@type\":\"WebPage\",\"@id\":\"https:\/\/noti-america.com\/site\/venezuela\/2018\/05\/16\/gobierno-crea-matrices-de-opinion-para-instigar-a-la-violencia-previo-elecciones\/\",\"url\":\"https:\/\/noti-america.com\/site\/venezuela\/2018\/05\/16\/gobierno-crea-matrices-de-opinion-para-instigar-a-la-violencia-previo-elecciones\/\",\"name\":\"Gobierno crea matrices de opini\u00f3n para instigar a la violencia previo elecciones - Venezuela | Noti-America.com\",\"isPartOf\":{\"@id\":\"https:\/\/noti-america.com\/site\/venezuela\/#website\"},\"primaryImageOfPage\":{\"@id\":\"https:\/\/noti-america.com\/site\/venezuela\/2018\/05\/16\/gobierno-crea-matrices-de-opinion-para-instigar-a-la-violencia-previo-elecciones\/#primaryimage\"},\"image\":{\"@id\":\"https:\/\/noti-america.com\/site\/venezuela\/2018\/05\/16\/gobierno-crea-matrices-de-opinion-para-instigar-a-la-violencia-previo-elecciones\/#primaryimage\"},\"thumbnailUrl\":\"https:\/\/noti-america.com\/site\/venezuela\/wp-content\/uploads\/sites\/2\/2018\/05\/padrino-y-GN.jpg\",\"datePublished\":\"2018-05-16T17:50:57+00:00\",\"dateModified\":\"2018-05-16T18:05:50+00:00\",\"breadcrumb\":{\"@id\":\"https:\/\/noti-america.com\/site\/venezuela\/2018\/05\/16\/gobierno-crea-matrices-de-opinion-para-instigar-a-la-violencia-previo-elecciones\/#breadcrumb\"},\"inLanguage\":\"es\",\"potentialAction\":[{\"@type\":\"ReadAction\",\"target\":[\"https:\/\/noti-america.com\/site\/venezuela\/2018\/05\/16\/gobierno-crea-matrices-de-opinion-para-instigar-a-la-violencia-previo-elecciones\/\"]}]},{\"@type\":\"ImageObject\",\"inLanguage\":\"es\",\"@id\":\"https:\/\/noti-america.com\/site\/venezuela\/2018\/05\/16\/gobierno-crea-matrices-de-opinion-para-instigar-a-la-violencia-previo-elecciones\/#primaryimage\",\"url\":\"https:\/\/noti-america.com\/site\/venezuela\/wp-content\/uploads\/sites\/2\/2018\/05\/padrino-y-GN.jpg\",\"contentUrl\":\"https:\/\/noti-america.com\/site\/venezuela\/wp-content\/uploads\/sites\/2\/2018\/05\/padrino-y-GN.jpg\",\"width\":601,\"height\":595},{\"@type\":\"BreadcrumbList\",\"@id\":\"https:\/\/noti-america.com\/site\/venezuela\/2018\/05\/16\/gobierno-crea-matrices-de-opinion-para-instigar-a-la-violencia-previo-elecciones\/#breadcrumb\",\"itemListElement\":[{\"@type\":\"ListItem\",\"position\":1,\"name\":\"Portada\",\"item\":\"https:\/\/noti-america.com\/site\/venezuela\/\"},{\"@type\":\"ListItem\",\"position\":2,\"name\":\"Gobierno crea matrices de opini\u00f3n para instigar a la violencia previo elecciones\"}]},{\"@type\":\"WebSite\",\"@id\":\"https:\/\/noti-america.com\/site\/venezuela\/#website\",\"url\":\"https:\/\/noti-america.com\/site\/venezuela\/\",\"name\":\"Venezuela | Noti-America.com\",\"description\":\"\",\"publisher\":{\"@id\":\"https:\/\/noti-america.com\/site\/venezuela\/#organization\"},\"potentialAction\":[{\"@type\":\"SearchAction\",\"target\":{\"@type\":\"EntryPoint\",\"urlTemplate\":\"https:\/\/noti-america.com\/site\/venezuela\/?s={search_term_string}\"},\"query-input\":{\"@type\":\"PropertyValueSpecification\",\"valueRequired\":true,\"valueName\":\"search_term_string\"}}],\"inLanguage\":\"es\"},{\"@type\":\"Organization\",\"@id\":\"https:\/\/noti-america.com\/site\/venezuela\/#organization\",\"name\":\"Noti-America LLC | Venezuela\",\"url\":\"https:\/\/noti-america.com\/site\/venezuela\/\",\"logo\":{\"@type\":\"ImageObject\",\"inLanguage\":\"es\",\"@id\":\"https:\/\/noti-america.com\/site\/venezuela\/#\/schema\/logo\/image\/\",\"url\":\"https:\/\/noti-america.com\/site\/venezuela\/wp-content\/uploads\/sites\/2\/2020\/07\/LogoNA-4x3-1.jpg\",\"contentUrl\":\"https:\/\/noti-america.com\/site\/venezuela\/wp-content\/uploads\/sites\/2\/2020\/07\/LogoNA-4x3-1.jpg\",\"width\":1236,\"height\":1080,\"caption\":\"Noti-America LLC | Venezuela\"},\"image\":{\"@id\":\"https:\/\/noti-america.com\/site\/venezuela\/#\/schema\/logo\/image\/\"}},{\"@type\":\"Person\",\"@id\":\"https:\/\/noti-america.com\/site\/venezuela\/#\/schema\/person\/a166d9d45f249dbd09521fbc2e7342d8\",\"name\":\"Yliana Duque\",\"image\":{\"@type\":\"ImageObject\",\"inLanguage\":\"es\",\"@id\":\"https:\/\/secure.gravatar.com\/avatar\/8caf2a4035762b3be44c3a0455581febe2d5273a41ac40dacc575b8aa348fe65?s=96&d=mm&r=g\",\"url\":\"https:\/\/secure.gravatar.com\/avatar\/8caf2a4035762b3be44c3a0455581febe2d5273a41ac40dacc575b8aa348fe65?s=96&d=mm&r=g\",\"contentUrl\":\"https:\/\/secure.gravatar.com\/avatar\/8caf2a4035762b3be44c3a0455581febe2d5273a41ac40dacc575b8aa348fe65?s=96&d=mm&r=g\",\"caption\":\"Yliana Duque\"},\"description\":\"Ejercer el periodismo requiere de pasi\u00f3n y conocimiento en investigaci\u00f3n de campo. Siempre en la b\u00fasqueda de la verdad para aportar claridad y poder discernir sobre el hecho noticioso. Egresada de la Universidad de los Andes. Maestria en Relaciones Internacionales (UCV). Diplomado de Educaci\u00f3n Superior (Universidad Experimental LIbertador (UPEL), y Educaci\u00f3n superior a distancia (UFT). Estudios de Locuci\u00f3n- Actuaci\u00f3n-Publicidad y Mercadeo, Redes. Subdirectora de relaciones p\u00fablicas de la Asamablea Legislativa del Estado Sucre(1995)-Periodista de TELESOL,Telecaribe (Sucre). Jefe de Prensa de la Gobernaci\u00f3n del Estado Amazonas(1997). Periodista Comandancia General del Ej\u00e9rcito, Fuerte Tiuna (1996). Lider de Proyectos en educaci\u00f3n Superior en la Universidad Ferm\u00edn Toro (UFT) (2000). Docente Universitario UFT (2002-2007)-Docente de Educaci\u00f3n Superior a Distancia -titulado. Periodista Diario El Informador. Periodista en Apoyo A\u00e9reo de la Guardia Nacional, Aeropuerto Jacinto Lara. www.Noti-america.com (Venezuela)\",\"sameAs\":[\"https:\/\/x.com\/ylianaduque\"],\"url\":\"https:\/\/noti-america.com\/site\/venezuela\/author\/yduque\/\"}]}<\/script>\n<!-- \/ Yoast SEO Premium plugin. -->","yoast_head_json":{"title":"Gobierno crea matrices de opini\u00f3n para instigar a la violencia previo elecciones - Venezuela | Noti-America.com","robots":{"index":"index","follow":"follow","max-snippet":"max-snippet:-1","max-image-preview":"max-image-preview:large","max-video-preview":"max-video-preview:-1"},"canonical":"https:\/\/noti-america.com\/site\/venezuela\/2018\/05\/16\/gobierno-crea-matrices-de-opinion-para-instigar-a-la-violencia-previo-elecciones\/","og_locale":"es_ES","og_type":"article","og_title":"Gobierno crea matrices de opini\u00f3n para instigar a la violencia previo elecciones","og_description":"Varias ciudades y localidades de Venezuela vienen registrando malestar y protestas, consecuencia de la severa crisis econ\u00f3mica y alimentaria, situaciones que s\u00f3lo se observan a trav\u00e9s de la redes sociales porque los pocos medios&#46;&#46;&#46;","og_url":"https:\/\/noti-america.com\/site\/venezuela\/2018\/05\/16\/gobierno-crea-matrices-de-opinion-para-instigar-a-la-violencia-previo-elecciones\/","og_site_name":"Venezuela | Noti-America.com","article_published_time":"2018-05-16T17:50:57+00:00","article_modified_time":"2018-05-16T18:05:50+00:00","og_image":[{"width":601,"height":595,"url":"https:\/\/noti-america.com\/site\/venezuela\/wp-content\/uploads\/sites\/2\/2018\/05\/padrino-y-GN.jpg","type":"image\/jpeg"}],"author":"Yliana Duque","twitter_card":"summary_large_image","twitter_creator":"@ylianaduque","twitter_misc":{"Escrito por":"Yliana Duque","Tiempo estimado de lectura":"4 minutos"},"schema":{"@context":"https:\/\/schema.org","@graph":[{"@type":"Article","@id":"https:\/\/noti-america.com\/site\/venezuela\/2018\/05\/16\/gobierno-crea-matrices-de-opinion-para-instigar-a-la-violencia-previo-elecciones\/#article","isPartOf":{"@id":"https:\/\/noti-america.com\/site\/venezuela\/2018\/05\/16\/gobierno-crea-matrices-de-opinion-para-instigar-a-la-violencia-previo-elecciones\/"},"author":{"name":"Yliana Duque","@id":"https:\/\/noti-america.com\/site\/venezuela\/#\/schema\/person\/a166d9d45f249dbd09521fbc2e7342d8"},"headline":"Gobierno crea matrices de opini\u00f3n para instigar a la violencia previo elecciones","datePublished":"2018-05-16T17:50:57+00:00","dateModified":"2018-05-16T18:05:50+00:00","mainEntityOfPage":{"@id":"https:\/\/noti-america.com\/site\/venezuela\/2018\/05\/16\/gobierno-crea-matrices-de-opinion-para-instigar-a-la-violencia-previo-elecciones\/"},"wordCount":726,"commentCount":0,"publisher":{"@id":"https:\/\/noti-america.com\/site\/venezuela\/#organization"},"image":{"@id":"https:\/\/noti-america.com\/site\/venezuela\/2018\/05\/16\/gobierno-crea-matrices-de-opinion-para-instigar-a-la-violencia-previo-elecciones\/#primaryimage"},"thumbnailUrl":"https:\/\/noti-america.com\/site\/venezuela\/wp-content\/uploads\/sites\/2\/2018\/05\/padrino-y-GN.jpg","articleSection":["Internacionales","Sucesos"],"inLanguage":"es","potentialAction":[{"@type":"CommentAction","name":"Comment","target":["https:\/\/noti-america.com\/site\/venezuela\/2018\/05\/16\/gobierno-crea-matrices-de-opinion-para-instigar-a-la-violencia-previo-elecciones\/#respond"]}]},{"@type":"WebPage","@id":"https:\/\/noti-america.com\/site\/venezuela\/2018\/05\/16\/gobierno-crea-matrices-de-opinion-para-instigar-a-la-violencia-previo-elecciones\/","url":"https:\/\/noti-america.com\/site\/venezuela\/2018\/05\/16\/gobierno-crea-matrices-de-opinion-para-instigar-a-la-violencia-previo-elecciones\/","name":"Gobierno crea matrices de opini\u00f3n para instigar a la violencia previo elecciones - Venezuela | Noti-America.com","isPartOf":{"@id":"https:\/\/noti-america.com\/site\/venezuela\/#website"},"primaryImageOfPage":{"@id":"https:\/\/noti-america.com\/site\/venezuela\/2018\/05\/16\/gobierno-crea-matrices-de-opinion-para-instigar-a-la-violencia-previo-elecciones\/#primaryimage"},"image":{"@id":"https:\/\/noti-america.com\/site\/venezuela\/2018\/05\/16\/gobierno-crea-matrices-de-opinion-para-instigar-a-la-violencia-previo-elecciones\/#primaryimage"},"thumbnailUrl":"https:\/\/noti-america.com\/site\/venezuela\/wp-content\/uploads\/sites\/2\/2018\/05\/padrino-y-GN.jpg","datePublished":"2018-05-16T17:50:57+00:00","dateModified":"2018-05-16T18:05:50+00:00","breadcrumb":{"@id":"https:\/\/noti-america.com\/site\/venezuela\/2018\/05\/16\/gobierno-crea-matrices-de-opinion-para-instigar-a-la-violencia-previo-elecciones\/#breadcrumb"},"inLanguage":"es","potentialAction":[{"@type":"ReadAction","target":["https:\/\/noti-america.com\/site\/venezuela\/2018\/05\/16\/gobierno-crea-matrices-de-opinion-para-instigar-a-la-violencia-previo-elecciones\/"]}]},{"@type":"ImageObject","inLanguage":"es","@id":"https:\/\/noti-america.com\/site\/venezuela\/2018\/05\/16\/gobierno-crea-matrices-de-opinion-para-instigar-a-la-violencia-previo-elecciones\/#primaryimage","url":"https:\/\/noti-america.com\/site\/venezuela\/wp-content\/uploads\/sites\/2\/2018\/05\/padrino-y-GN.jpg","contentUrl":"https:\/\/noti-america.com\/site\/venezuela\/wp-content\/uploads\/sites\/2\/2018\/05\/padrino-y-GN.jpg","width":601,"height":595},{"@type":"BreadcrumbList","@id":"https:\/\/noti-america.com\/site\/venezuela\/2018\/05\/16\/gobierno-crea-matrices-de-opinion-para-instigar-a-la-violencia-previo-elecciones\/#breadcrumb","itemListElement":[{"@type":"ListItem","position":1,"name":"Portada","item":"https:\/\/noti-america.com\/site\/venezuela\/"},{"@type":"ListItem","position":2,"name":"Gobierno crea matrices de opini\u00f3n para instigar a la violencia previo elecciones"}]},{"@type":"WebSite","@id":"https:\/\/noti-america.com\/site\/venezuela\/#website","url":"https:\/\/noti-america.com\/site\/venezuela\/","name":"Venezuela | Noti-America.com","description":"","publisher":{"@id":"https:\/\/noti-america.com\/site\/venezuela\/#organization"},"potentialAction":[{"@type":"SearchAction","target":{"@type":"EntryPoint","urlTemplate":"https:\/\/noti-america.com\/site\/venezuela\/?s={search_term_string}"},"query-input":{"@type":"PropertyValueSpecification","valueRequired":true,"valueName":"search_term_string"}}],"inLanguage":"es"},{"@type":"Organization","@id":"https:\/\/noti-america.com\/site\/venezuela\/#organization","name":"Noti-America LLC | Venezuela","url":"https:\/\/noti-america.com\/site\/venezuela\/","logo":{"@type":"ImageObject","inLanguage":"es","@id":"https:\/\/noti-america.com\/site\/venezuela\/#\/schema\/logo\/image\/","url":"https:\/\/noti-america.com\/site\/venezuela\/wp-content\/uploads\/sites\/2\/2020\/07\/LogoNA-4x3-1.jpg","contentUrl":"https:\/\/noti-america.com\/site\/venezuela\/wp-content\/uploads\/sites\/2\/2020\/07\/LogoNA-4x3-1.jpg","width":1236,"height":1080,"caption":"Noti-America LLC | Venezuela"},"image":{"@id":"https:\/\/noti-america.com\/site\/venezuela\/#\/schema\/logo\/image\/"}},{"@type":"Person","@id":"https:\/\/noti-america.com\/site\/venezuela\/#\/schema\/person\/a166d9d45f249dbd09521fbc2e7342d8","name":"Yliana Duque","image":{"@type":"ImageObject","inLanguage":"es","@id":"https:\/\/secure.gravatar.com\/avatar\/8caf2a4035762b3be44c3a0455581febe2d5273a41ac40dacc575b8aa348fe65?s=96&d=mm&r=g","url":"https:\/\/secure.gravatar.com\/avatar\/8caf2a4035762b3be44c3a0455581febe2d5273a41ac40dacc575b8aa348fe65?s=96&d=mm&r=g","contentUrl":"https:\/\/secure.gravatar.com\/avatar\/8caf2a4035762b3be44c3a0455581febe2d5273a41ac40dacc575b8aa348fe65?s=96&d=mm&r=g","caption":"Yliana Duque"},"description":"Ejercer el periodismo requiere de pasi\u00f3n y conocimiento en investigaci\u00f3n de campo. Siempre en la b\u00fasqueda de la verdad para aportar claridad y poder discernir sobre el hecho noticioso. Egresada de la Universidad de los Andes. Maestria en Relaciones Internacionales (UCV). Diplomado de Educaci\u00f3n Superior (Universidad Experimental LIbertador (UPEL), y Educaci\u00f3n superior a distancia (UFT). Estudios de Locuci\u00f3n- Actuaci\u00f3n-Publicidad y Mercadeo, Redes. Subdirectora de relaciones p\u00fablicas de la Asamablea Legislativa del Estado Sucre(1995)-Periodista de TELESOL,Telecaribe (Sucre). Jefe de Prensa de la Gobernaci\u00f3n del Estado Amazonas(1997). Periodista Comandancia General del Ej\u00e9rcito, Fuerte Tiuna (1996). Lider de Proyectos en educaci\u00f3n Superior en la Universidad Ferm\u00edn Toro (UFT) (2000). Docente Universitario UFT (2002-2007)-Docente de Educaci\u00f3n Superior a Distancia -titulado. Periodista Diario El Informador. Periodista en Apoyo A\u00e9reo de la Guardia Nacional, Aeropuerto Jacinto Lara. www.Noti-america.com (Venezuela)","sameAs":["https:\/\/x.com\/ylianaduque"],"url":"https:\/\/noti-america.com\/site\/venezuela\/author\/yduque\/"}]}},"_links":{"self":[{"href":"https:\/\/noti-america.com\/site\/venezuela\/wp-json\/wp\/v2\/posts\/2045","targetHints":{"allow":["GET"]}}],"collection":[{"href":"https:\/\/noti-america.com\/site\/venezuela\/wp-json\/wp\/v2\/posts"}],"about":[{"href":"https:\/\/noti-america.com\/site\/venezuela\/wp-json\/wp\/v2\/types\/post"}],"author":[{"embeddable":true,"href":"https:\/\/noti-america.com\/site\/venezuela\/wp-json\/wp\/v2\/users\/11"}],"replies":[{"embeddable":true,"href":"https:\/\/noti-america.com\/site\/venezuela\/wp-json\/wp\/v2\/comments?post=2045"}],"version-history":[{"count":2,"href":"https:\/\/noti-america.com\/site\/venezuela\/wp-json\/wp\/v2\/posts\/2045\/revisions"}],"predecessor-version":[{"id":2053,"href":"https:\/\/noti-america.com\/site\/venezuela\/wp-json\/wp\/v2\/posts\/2045\/revisions\/2053"}],"wp:featuredmedia":[{"embeddable":true,"href":"https:\/\/noti-america.com\/site\/venezuela\/wp-json\/wp\/v2\/media\/2052"}],"wp:attachment":[{"href":"https:\/\/noti-america.com\/site\/venezuela\/wp-json\/wp\/v2\/media?parent=2045"}],"wp:term":[{"taxonomy":"category","embeddable":true,"href":"https:\/\/noti-america.com\/site\/venezuela\/wp-json\/wp\/v2\/categories?post=2045"},{"taxonomy":"post_tag","embeddable":true,"href":"https:\/\/noti-america.com\/site\/venezuela\/wp-json\/wp\/v2\/tags?post=2045"}],"curies":[{"name":"wp","href":"https:\/\/api.w.org\/{rel}","templated":true}]}}