{"id":20244,"date":"2022-07-15T03:12:31","date_gmt":"2022-07-15T03:12:31","guid":{"rendered":"https:\/\/noti-america.com\/site\/venezuela\/?p=20244"},"modified":"2022-07-15T03:12:31","modified_gmt":"2022-07-15T03:12:31","slug":"reactivaran-servicios-medicos-para-comunidad-universitaria-de-luz-col","status":"publish","type":"post","link":"https:\/\/noti-america.com\/site\/venezuela\/2022\/07\/15\/reactivaran-servicios-medicos-para-comunidad-universitaria-de-luz-col\/","title":{"rendered":"Reactivar\u00e1n servicios m\u00e9dicos para comunidad universitaria de LUZ-COL"},"content":{"rendered":"\r\n<ul>\r\n<li><img loading=\"lazy\" decoding=\"async\" class=\"alignnone size-medium wp-image-20241\" src=\"https:\/\/noti-america.com\/site\/venezuela\/wp-content\/uploads\/sites\/2\/2022\/07\/IMG-20220714-WA0188-300x225.jpg\" alt=\"\" width=\"300\" height=\"225\" srcset=\"https:\/\/noti-america.com\/site\/venezuela\/wp-content\/uploads\/sites\/2\/2022\/07\/IMG-20220714-WA0188-300x225.jpg 300w, https:\/\/noti-america.com\/site\/venezuela\/wp-content\/uploads\/sites\/2\/2022\/07\/IMG-20220714-WA0188-1024x768.jpg 1024w, https:\/\/noti-america.com\/site\/venezuela\/wp-content\/uploads\/sites\/2\/2022\/07\/IMG-20220714-WA0188-768x576.jpg 768w, https:\/\/noti-america.com\/site\/venezuela\/wp-content\/uploads\/sites\/2\/2022\/07\/IMG-20220714-WA0188-600x450.jpg 600w, https:\/\/noti-america.com\/site\/venezuela\/wp-content\/uploads\/sites\/2\/2022\/07\/IMG-20220714-WA0188.jpg 1280w\" sizes=\"auto, (max-width: 300px) 100vw, 300px\" \/><br \/><br \/>La comunidad universitaria del N\u00facleo de la Universidad del Zulia en la Costa Oriental del Lago result\u00f3 beneficiada con una jornada m\u00e9dica integral, como parte de las acciones emprendidas para la reactivaci\u00f3n progresiva del Servicio M\u00e9dico Odontol\u00f3gico.<br \/><br \/>La rectora de LUZ, Dra. Judith Aular de Dur\u00e1n, destac\u00f3 la importancia de poner en marcha nuevamente esta dependencia, en vista de la imperiosa necesidad de brindar atenci\u00f3n en salud primaria a los profesores, empleados, obreros y estudiantes.<br \/><br \/>\u201cUn gran equipo se ha sumado, en conjunto con el decano Dr. Calixto Hern\u00e1ndez y la directora del SMO, Dra. Vanessa Belloso, junto a todo el equipo m\u00e9dico que la acompa\u00f1a, cuyo apoyo ha sido fundamental para el desarrollo de esta actividad tan necesaria en estos momentos\u201d.<br \/><br \/>Asimismo, expres\u00f3 su agradecimiento al alcalde de Cabimas, Dr. Nabil Maalouf y al director de Asuntos Universitarios, Rub\u00e9n P\u00e9rez, quienes contribuyeron con la limpieza y desmalezamiento de los espacios, as\u00ed como a la Cruz Roja y la empresa privada que aportaron los insumos necesarios para la atenci\u00f3n de los pacientes.<br \/><br \/>Entre tanto el decano de LUZ-COL expres\u00f3 su satisfacci\u00f3n por la reactivaci\u00f3n de los servicios de salud para los universitarios, por cuanto resultan de vital importancia en vista de las deficiencias en el sistema de salud venezolano.<br \/><br \/>\u201cEsperamos que pronto se pueda ofrecer una atenci\u00f3n como todos esperamos, de all\u00ed que tambi\u00e9n se realiz\u00f3 una inspecci\u00f3n en la sede del IPPLUZ en Cabimas para la recuperaci\u00f3n de la infraestructura y poder atender a los usuarios en las mejores condiciones\u201d.<br \/><br \/>Entre tanto la directora del SMO, Vanessa Belloso, detall\u00f3 que los pacientes fueron atendidos en las especialidades m\u00e9dicas de ginecolog\u00eda y obstetricia, medicina general, traumatolog\u00eda y geriatr\u00eda.<br \/><br \/>\u201cDe esta manera estamos dando inicio a la reactivaci\u00f3n progresiva del SMO Cabimas, y esperamos que en septiembre podr\u00e1n estar abiertos todos los servicios b\u00e1sicos, as\u00ed como la planificaci\u00f3n de consultas con especialistas de Maracaibo, para ofrecer una excelente atenci\u00f3n a toda la comunidad universitaria\u201d.<\/li>\r\n<\/ul>\r\n<p>Fuente: NP<\/p>\r\n","protected":false},"excerpt":{"rendered":"<p>La comunidad universitaria del N\u00facleo de la Universidad del Zulia en la Costa Oriental del Lago result\u00f3 beneficiada con una jornada m\u00e9dica integral, como parte de las acciones emprendidas para la reactivaci\u00f3n progresiva del&#46;&#46;&#46;<\/p>\n","protected":false},"author":40,"featured_media":20242,"comment_status":"open","ping_status":"open","sticky":false,"template":"","format":"standard","meta":{"_acf_changed":false,"om_disable_all_campaigns":false,"rop_custom_images_group":[],"rop_custom_messages_group":[],"rop_publish_now":"initial","rop_publish_now_accounts":{"twitter_242054905_242054905":""},"rop_publish_now_history":[],"rop_publish_now_status":"pending","_uf_show_specific_survey":0,"_uf_disable_surveys":false,"footnotes":""},"categories":[156,13],"tags":[918,917],"class_list":["post-20244","post","type-post","status-publish","format-standard","has-post-thumbnail","hentry","category-venezuela","category-vida-y-salud","tag-nucleo-col","tag-universidad-del-zulia"],"acf":[],"aioseo_notices":[],"yoast_head":"<!-- This site is optimized with the Yoast SEO Premium plugin v24.9 (Yoast SEO v27.2) - https:\/\/yoast.com\/product\/yoast-seo-premium-wordpress\/ -->\n<title>Reactivar\u00e1n servicios m\u00e9dicos para comunidad universitaria de LUZ-COL - Venezuela | Noti-America.com<\/title>\n<meta name=\"robots\" content=\"index, follow, max-snippet:-1, max-image-preview:large, max-video-preview:-1\" \/>\n<link rel=\"canonical\" href=\"https:\/\/noti-america.com\/site\/venezuela\/2022\/07\/15\/reactivaran-servicios-medicos-para-comunidad-universitaria-de-luz-col\/\" \/>\n<meta property=\"og:locale\" content=\"es_ES\" \/>\n<meta property=\"og:type\" content=\"article\" \/>\n<meta property=\"og:title\" content=\"Reactivar\u00e1n servicios m\u00e9dicos para comunidad universitaria de LUZ-COL\" \/>\n<meta property=\"og:description\" content=\"La comunidad universitaria del N\u00facleo de la Universidad del Zulia en la Costa Oriental del Lago result\u00f3 beneficiada con una jornada m\u00e9dica integral, como parte de las acciones emprendidas para la reactivaci\u00f3n progresiva del&#046;&#046;&#046;\" \/>\n<meta property=\"og:url\" content=\"https:\/\/noti-america.com\/site\/venezuela\/2022\/07\/15\/reactivaran-servicios-medicos-para-comunidad-universitaria-de-luz-col\/\" \/>\n<meta property=\"og:site_name\" content=\"Venezuela | Noti-America.com\" \/>\n<meta property=\"article:published_time\" content=\"2022-07-15T03:12:31+00:00\" \/>\n<meta property=\"og:image\" content=\"https:\/\/noti-america.com\/site\/venezuela\/wp-content\/uploads\/sites\/2\/2022\/07\/IMG-20220714-WA0183.jpg\" \/>\n\t<meta property=\"og:image:width\" content=\"1280\" \/>\n\t<meta property=\"og:image:height\" content=\"960\" \/>\n\t<meta property=\"og:image:type\" content=\"image\/jpeg\" \/>\n<meta name=\"author\" content=\"Hendrick Garcia\" \/>\n<meta name=\"twitter:card\" content=\"summary_large_image\" \/>\n<meta name=\"twitter:label1\" content=\"Escrito por\" \/>\n\t<meta name=\"twitter:data1\" content=\"Hendrick Garcia\" \/>\n\t<meta name=\"twitter:label2\" content=\"Tiempo estimado de lectura\" \/>\n\t<meta name=\"twitter:data2\" content=\"2 minutos\" \/>\n<script type=\"application\/ld+json\" class=\"yoast-schema-graph\">{\"@context\":\"https:\/\/schema.org\",\"@graph\":[{\"@type\":\"Article\",\"@id\":\"https:\/\/noti-america.com\/site\/venezuela\/2022\/07\/15\/reactivaran-servicios-medicos-para-comunidad-universitaria-de-luz-col\/#article\",\"isPartOf\":{\"@id\":\"https:\/\/noti-america.com\/site\/venezuela\/2022\/07\/15\/reactivaran-servicios-medicos-para-comunidad-universitaria-de-luz-col\/\"},\"author\":{\"name\":\"Hendrick Garcia\",\"@id\":\"https:\/\/noti-america.com\/site\/venezuela\/#\/schema\/person\/2f37ed06a1cd058e8d611b3d42cce678\"},\"headline\":\"Reactivar\u00e1n servicios m\u00e9dicos para comunidad universitaria de LUZ-COL\",\"datePublished\":\"2022-07-15T03:12:31+00:00\",\"mainEntityOfPage\":{\"@id\":\"https:\/\/noti-america.com\/site\/venezuela\/2022\/07\/15\/reactivaran-servicios-medicos-para-comunidad-universitaria-de-luz-col\/\"},\"wordCount\":363,\"commentCount\":0,\"publisher\":{\"@id\":\"https:\/\/noti-america.com\/site\/venezuela\/#organization\"},\"image\":{\"@id\":\"https:\/\/noti-america.com\/site\/venezuela\/2022\/07\/15\/reactivaran-servicios-medicos-para-comunidad-universitaria-de-luz-col\/#primaryimage\"},\"thumbnailUrl\":\"https:\/\/noti-america.com\/site\/venezuela\/wp-content\/uploads\/sites\/2\/2022\/07\/IMG-20220714-WA0183.jpg\",\"keywords\":[\"N\u00facleo COL\",\"Universidad del Zulia\"],\"articleSection\":[\"Venezuela\",\"Vida y Salud\"],\"inLanguage\":\"es\",\"potentialAction\":[{\"@type\":\"CommentAction\",\"name\":\"Comment\",\"target\":[\"https:\/\/noti-america.com\/site\/venezuela\/2022\/07\/15\/reactivaran-servicios-medicos-para-comunidad-universitaria-de-luz-col\/#respond\"]}]},{\"@type\":\"WebPage\",\"@id\":\"https:\/\/noti-america.com\/site\/venezuela\/2022\/07\/15\/reactivaran-servicios-medicos-para-comunidad-universitaria-de-luz-col\/\",\"url\":\"https:\/\/noti-america.com\/site\/venezuela\/2022\/07\/15\/reactivaran-servicios-medicos-para-comunidad-universitaria-de-luz-col\/\",\"name\":\"Reactivar\u00e1n servicios m\u00e9dicos para comunidad universitaria de LUZ-COL - Venezuela | Noti-America.com\",\"isPartOf\":{\"@id\":\"https:\/\/noti-america.com\/site\/venezuela\/#website\"},\"primaryImageOfPage\":{\"@id\":\"https:\/\/noti-america.com\/site\/venezuela\/2022\/07\/15\/reactivaran-servicios-medicos-para-comunidad-universitaria-de-luz-col\/#primaryimage\"},\"image\":{\"@id\":\"https:\/\/noti-america.com\/site\/venezuela\/2022\/07\/15\/reactivaran-servicios-medicos-para-comunidad-universitaria-de-luz-col\/#primaryimage\"},\"thumbnailUrl\":\"https:\/\/noti-america.com\/site\/venezuela\/wp-content\/uploads\/sites\/2\/2022\/07\/IMG-20220714-WA0183.jpg\",\"datePublished\":\"2022-07-15T03:12:31+00:00\",\"breadcrumb\":{\"@id\":\"https:\/\/noti-america.com\/site\/venezuela\/2022\/07\/15\/reactivaran-servicios-medicos-para-comunidad-universitaria-de-luz-col\/#breadcrumb\"},\"inLanguage\":\"es\",\"potentialAction\":[{\"@type\":\"ReadAction\",\"target\":[\"https:\/\/noti-america.com\/site\/venezuela\/2022\/07\/15\/reactivaran-servicios-medicos-para-comunidad-universitaria-de-luz-col\/\"]}]},{\"@type\":\"ImageObject\",\"inLanguage\":\"es\",\"@id\":\"https:\/\/noti-america.com\/site\/venezuela\/2022\/07\/15\/reactivaran-servicios-medicos-para-comunidad-universitaria-de-luz-col\/#primaryimage\",\"url\":\"https:\/\/noti-america.com\/site\/venezuela\/wp-content\/uploads\/sites\/2\/2022\/07\/IMG-20220714-WA0183.jpg\",\"contentUrl\":\"https:\/\/noti-america.com\/site\/venezuela\/wp-content\/uploads\/sites\/2\/2022\/07\/IMG-20220714-WA0183.jpg\",\"width\":1280,\"height\":960},{\"@type\":\"BreadcrumbList\",\"@id\":\"https:\/\/noti-america.com\/site\/venezuela\/2022\/07\/15\/reactivaran-servicios-medicos-para-comunidad-universitaria-de-luz-col\/#breadcrumb\",\"itemListElement\":[{\"@type\":\"ListItem\",\"position\":1,\"name\":\"Portada\",\"item\":\"https:\/\/noti-america.com\/site\/venezuela\/\"},{\"@type\":\"ListItem\",\"position\":2,\"name\":\"Reactivar\u00e1n servicios m\u00e9dicos para comunidad universitaria de LUZ-COL\"}]},{\"@type\":\"WebSite\",\"@id\":\"https:\/\/noti-america.com\/site\/venezuela\/#website\",\"url\":\"https:\/\/noti-america.com\/site\/venezuela\/\",\"name\":\"Venezuela | Noti-America.com\",\"description\":\"\",\"publisher\":{\"@id\":\"https:\/\/noti-america.com\/site\/venezuela\/#organization\"},\"potentialAction\":[{\"@type\":\"SearchAction\",\"target\":{\"@type\":\"EntryPoint\",\"urlTemplate\":\"https:\/\/noti-america.com\/site\/venezuela\/?s={search_term_string}\"},\"query-input\":{\"@type\":\"PropertyValueSpecification\",\"valueRequired\":true,\"valueName\":\"search_term_string\"}}],\"inLanguage\":\"es\"},{\"@type\":\"Organization\",\"@id\":\"https:\/\/noti-america.com\/site\/venezuela\/#organization\",\"name\":\"Noti-America LLC | Venezuela\",\"url\":\"https:\/\/noti-america.com\/site\/venezuela\/\",\"logo\":{\"@type\":\"ImageObject\",\"inLanguage\":\"es\",\"@id\":\"https:\/\/noti-america.com\/site\/venezuela\/#\/schema\/logo\/image\/\",\"url\":\"https:\/\/noti-america.com\/site\/venezuela\/wp-content\/uploads\/sites\/2\/2020\/07\/LogoNA-4x3-1.jpg\",\"contentUrl\":\"https:\/\/noti-america.com\/site\/venezuela\/wp-content\/uploads\/sites\/2\/2020\/07\/LogoNA-4x3-1.jpg\",\"width\":1236,\"height\":1080,\"caption\":\"Noti-America LLC | Venezuela\"},\"image\":{\"@id\":\"https:\/\/noti-america.com\/site\/venezuela\/#\/schema\/logo\/image\/\"}},{\"@type\":\"Person\",\"@id\":\"https:\/\/noti-america.com\/site\/venezuela\/#\/schema\/person\/2f37ed06a1cd058e8d611b3d42cce678\",\"name\":\"Hendrick Garcia\",\"image\":{\"@type\":\"ImageObject\",\"inLanguage\":\"es\",\"@id\":\"https:\/\/secure.gravatar.com\/avatar\/07f13ce868ede7f0937b7abbada276f430e4ed25cfff75dbe7f98f95ac02358c?s=96&d=mm&r=g\",\"url\":\"https:\/\/secure.gravatar.com\/avatar\/07f13ce868ede7f0937b7abbada276f430e4ed25cfff75dbe7f98f95ac02358c?s=96&d=mm&r=g\",\"contentUrl\":\"https:\/\/secure.gravatar.com\/avatar\/07f13ce868ede7f0937b7abbada276f430e4ed25cfff75dbe7f98f95ac02358c?s=96&d=mm&r=g\",\"caption\":\"Hendrick Garcia\"},\"url\":\"https:\/\/noti-america.com\/site\/venezuela\/author\/hegarcia\/\"}]}<\/script>\n<!-- \/ Yoast SEO Premium plugin. -->","yoast_head_json":{"title":"Reactivar\u00e1n servicios m\u00e9dicos para comunidad universitaria de LUZ-COL - Venezuela | Noti-America.com","robots":{"index":"index","follow":"follow","max-snippet":"max-snippet:-1","max-image-preview":"max-image-preview:large","max-video-preview":"max-video-preview:-1"},"canonical":"https:\/\/noti-america.com\/site\/venezuela\/2022\/07\/15\/reactivaran-servicios-medicos-para-comunidad-universitaria-de-luz-col\/","og_locale":"es_ES","og_type":"article","og_title":"Reactivar\u00e1n servicios m\u00e9dicos para comunidad universitaria de LUZ-COL","og_description":"La comunidad universitaria del N\u00facleo de la Universidad del Zulia en la Costa Oriental del Lago result\u00f3 beneficiada con una jornada m\u00e9dica integral, como parte de las acciones emprendidas para la reactivaci\u00f3n progresiva del&#46;&#46;&#46;","og_url":"https:\/\/noti-america.com\/site\/venezuela\/2022\/07\/15\/reactivaran-servicios-medicos-para-comunidad-universitaria-de-luz-col\/","og_site_name":"Venezuela | Noti-America.com","article_published_time":"2022-07-15T03:12:31+00:00","og_image":[{"width":1280,"height":960,"url":"https:\/\/noti-america.com\/site\/venezuela\/wp-content\/uploads\/sites\/2\/2022\/07\/IMG-20220714-WA0183.jpg","type":"image\/jpeg"}],"author":"Hendrick Garcia","twitter_card":"summary_large_image","twitter_misc":{"Escrito por":"Hendrick Garcia","Tiempo estimado de lectura":"2 minutos"},"schema":{"@context":"https:\/\/schema.org","@graph":[{"@type":"Article","@id":"https:\/\/noti-america.com\/site\/venezuela\/2022\/07\/15\/reactivaran-servicios-medicos-para-comunidad-universitaria-de-luz-col\/#article","isPartOf":{"@id":"https:\/\/noti-america.com\/site\/venezuela\/2022\/07\/15\/reactivaran-servicios-medicos-para-comunidad-universitaria-de-luz-col\/"},"author":{"name":"Hendrick Garcia","@id":"https:\/\/noti-america.com\/site\/venezuela\/#\/schema\/person\/2f37ed06a1cd058e8d611b3d42cce678"},"headline":"Reactivar\u00e1n servicios m\u00e9dicos para comunidad universitaria de LUZ-COL","datePublished":"2022-07-15T03:12:31+00:00","mainEntityOfPage":{"@id":"https:\/\/noti-america.com\/site\/venezuela\/2022\/07\/15\/reactivaran-servicios-medicos-para-comunidad-universitaria-de-luz-col\/"},"wordCount":363,"commentCount":0,"publisher":{"@id":"https:\/\/noti-america.com\/site\/venezuela\/#organization"},"image":{"@id":"https:\/\/noti-america.com\/site\/venezuela\/2022\/07\/15\/reactivaran-servicios-medicos-para-comunidad-universitaria-de-luz-col\/#primaryimage"},"thumbnailUrl":"https:\/\/noti-america.com\/site\/venezuela\/wp-content\/uploads\/sites\/2\/2022\/07\/IMG-20220714-WA0183.jpg","keywords":["N\u00facleo COL","Universidad del Zulia"],"articleSection":["Venezuela","Vida y Salud"],"inLanguage":"es","potentialAction":[{"@type":"CommentAction","name":"Comment","target":["https:\/\/noti-america.com\/site\/venezuela\/2022\/07\/15\/reactivaran-servicios-medicos-para-comunidad-universitaria-de-luz-col\/#respond"]}]},{"@type":"WebPage","@id":"https:\/\/noti-america.com\/site\/venezuela\/2022\/07\/15\/reactivaran-servicios-medicos-para-comunidad-universitaria-de-luz-col\/","url":"https:\/\/noti-america.com\/site\/venezuela\/2022\/07\/15\/reactivaran-servicios-medicos-para-comunidad-universitaria-de-luz-col\/","name":"Reactivar\u00e1n servicios m\u00e9dicos para comunidad universitaria de LUZ-COL - Venezuela | Noti-America.com","isPartOf":{"@id":"https:\/\/noti-america.com\/site\/venezuela\/#website"},"primaryImageOfPage":{"@id":"https:\/\/noti-america.com\/site\/venezuela\/2022\/07\/15\/reactivaran-servicios-medicos-para-comunidad-universitaria-de-luz-col\/#primaryimage"},"image":{"@id":"https:\/\/noti-america.com\/site\/venezuela\/2022\/07\/15\/reactivaran-servicios-medicos-para-comunidad-universitaria-de-luz-col\/#primaryimage"},"thumbnailUrl":"https:\/\/noti-america.com\/site\/venezuela\/wp-content\/uploads\/sites\/2\/2022\/07\/IMG-20220714-WA0183.jpg","datePublished":"2022-07-15T03:12:31+00:00","breadcrumb":{"@id":"https:\/\/noti-america.com\/site\/venezuela\/2022\/07\/15\/reactivaran-servicios-medicos-para-comunidad-universitaria-de-luz-col\/#breadcrumb"},"inLanguage":"es","potentialAction":[{"@type":"ReadAction","target":["https:\/\/noti-america.com\/site\/venezuela\/2022\/07\/15\/reactivaran-servicios-medicos-para-comunidad-universitaria-de-luz-col\/"]}]},{"@type":"ImageObject","inLanguage":"es","@id":"https:\/\/noti-america.com\/site\/venezuela\/2022\/07\/15\/reactivaran-servicios-medicos-para-comunidad-universitaria-de-luz-col\/#primaryimage","url":"https:\/\/noti-america.com\/site\/venezuela\/wp-content\/uploads\/sites\/2\/2022\/07\/IMG-20220714-WA0183.jpg","contentUrl":"https:\/\/noti-america.com\/site\/venezuela\/wp-content\/uploads\/sites\/2\/2022\/07\/IMG-20220714-WA0183.jpg","width":1280,"height":960},{"@type":"BreadcrumbList","@id":"https:\/\/noti-america.com\/site\/venezuela\/2022\/07\/15\/reactivaran-servicios-medicos-para-comunidad-universitaria-de-luz-col\/#breadcrumb","itemListElement":[{"@type":"ListItem","position":1,"name":"Portada","item":"https:\/\/noti-america.com\/site\/venezuela\/"},{"@type":"ListItem","position":2,"name":"Reactivar\u00e1n servicios m\u00e9dicos para comunidad universitaria de LUZ-COL"}]},{"@type":"WebSite","@id":"https:\/\/noti-america.com\/site\/venezuela\/#website","url":"https:\/\/noti-america.com\/site\/venezuela\/","name":"Venezuela | Noti-America.com","description":"","publisher":{"@id":"https:\/\/noti-america.com\/site\/venezuela\/#organization"},"potentialAction":[{"@type":"SearchAction","target":{"@type":"EntryPoint","urlTemplate":"https:\/\/noti-america.com\/site\/venezuela\/?s={search_term_string}"},"query-input":{"@type":"PropertyValueSpecification","valueRequired":true,"valueName":"search_term_string"}}],"inLanguage":"es"},{"@type":"Organization","@id":"https:\/\/noti-america.com\/site\/venezuela\/#organization","name":"Noti-America LLC | Venezuela","url":"https:\/\/noti-america.com\/site\/venezuela\/","logo":{"@type":"ImageObject","inLanguage":"es","@id":"https:\/\/noti-america.com\/site\/venezuela\/#\/schema\/logo\/image\/","url":"https:\/\/noti-america.com\/site\/venezuela\/wp-content\/uploads\/sites\/2\/2020\/07\/LogoNA-4x3-1.jpg","contentUrl":"https:\/\/noti-america.com\/site\/venezuela\/wp-content\/uploads\/sites\/2\/2020\/07\/LogoNA-4x3-1.jpg","width":1236,"height":1080,"caption":"Noti-America LLC | Venezuela"},"image":{"@id":"https:\/\/noti-america.com\/site\/venezuela\/#\/schema\/logo\/image\/"}},{"@type":"Person","@id":"https:\/\/noti-america.com\/site\/venezuela\/#\/schema\/person\/2f37ed06a1cd058e8d611b3d42cce678","name":"Hendrick Garcia","image":{"@type":"ImageObject","inLanguage":"es","@id":"https:\/\/secure.gravatar.com\/avatar\/07f13ce868ede7f0937b7abbada276f430e4ed25cfff75dbe7f98f95ac02358c?s=96&d=mm&r=g","url":"https:\/\/secure.gravatar.com\/avatar\/07f13ce868ede7f0937b7abbada276f430e4ed25cfff75dbe7f98f95ac02358c?s=96&d=mm&r=g","contentUrl":"https:\/\/secure.gravatar.com\/avatar\/07f13ce868ede7f0937b7abbada276f430e4ed25cfff75dbe7f98f95ac02358c?s=96&d=mm&r=g","caption":"Hendrick Garcia"},"url":"https:\/\/noti-america.com\/site\/venezuela\/author\/hegarcia\/"}]}},"_links":{"self":[{"href":"https:\/\/noti-america.com\/site\/venezuela\/wp-json\/wp\/v2\/posts\/20244","targetHints":{"allow":["GET"]}}],"collection":[{"href":"https:\/\/noti-america.com\/site\/venezuela\/wp-json\/wp\/v2\/posts"}],"about":[{"href":"https:\/\/noti-america.com\/site\/venezuela\/wp-json\/wp\/v2\/types\/post"}],"author":[{"embeddable":true,"href":"https:\/\/noti-america.com\/site\/venezuela\/wp-json\/wp\/v2\/users\/40"}],"replies":[{"embeddable":true,"href":"https:\/\/noti-america.com\/site\/venezuela\/wp-json\/wp\/v2\/comments?post=20244"}],"version-history":[{"count":1,"href":"https:\/\/noti-america.com\/site\/venezuela\/wp-json\/wp\/v2\/posts\/20244\/revisions"}],"predecessor-version":[{"id":20245,"href":"https:\/\/noti-america.com\/site\/venezuela\/wp-json\/wp\/v2\/posts\/20244\/revisions\/20245"}],"wp:featuredmedia":[{"embeddable":true,"href":"https:\/\/noti-america.com\/site\/venezuela\/wp-json\/wp\/v2\/media\/20242"}],"wp:attachment":[{"href":"https:\/\/noti-america.com\/site\/venezuela\/wp-json\/wp\/v2\/media?parent=20244"}],"wp:term":[{"taxonomy":"category","embeddable":true,"href":"https:\/\/noti-america.com\/site\/venezuela\/wp-json\/wp\/v2\/categories?post=20244"},{"taxonomy":"post_tag","embeddable":true,"href":"https:\/\/noti-america.com\/site\/venezuela\/wp-json\/wp\/v2\/tags?post=20244"}],"curies":[{"name":"wp","href":"https:\/\/api.w.org\/{rel}","templated":true}]}}