{"id":20221,"date":"2022-07-15T01:00:04","date_gmt":"2022-07-15T01:00:04","guid":{"rendered":"https:\/\/noti-america.com\/site\/venezuela\/?p=20221"},"modified":"2022-07-15T01:00:04","modified_gmt":"2022-07-15T01:00:04","slug":"ya-no-somos-ni-seremos-pedrito-lama","status":"publish","type":"post","link":"https:\/\/noti-america.com\/site\/venezuela\/2022\/07\/15\/ya-no-somos-ni-seremos-pedrito-lama\/","title":{"rendered":"YA NO SOMOS NI SEREMOS! PEDRITO LAMA"},"content":{"rendered":"<p style=\"text-align: justify\">NOTI-AM\u00c9RICA.- El cantautor y productor Pedrito Lama presenta su nueva propuesta musical con esta versi\u00f3n, y ya prepara su segundo sencillo promocional que ser\u00e1 un adelanto de su pr\u00f3ximo<br \/>\n\u00e1lbum. Pedrito Lama es la nueva revelaci\u00f3n salsera de MP Musical Productions, la casa de los grandes salseros.<\/p>\n<p style=\"text-align: justify\">Y qu\u00e9 mejor manera de arrancar que de la mano de MP, sello que pertenece a JN Music Group, que con la versi\u00f3n de la canci\u00f3n \u00abYa No Somos Ni Seremos\u00bb de Edgar Barrera popularizada por el talentoso mexicano Christian Nodal, con un innovador arreglo moderno y fresco conservando el sonido original de las trompetas mexicanas, producido por Gustavo Matheus, venezolano y ahora residenciado en Rep\u00fablica Dominicana, grabado por excepcionales m\u00fasicos, mezclado por Juan Mario Aracil (Mayito) y Masterizado por Mike Fuller.<\/p>\n<p style=\"text-align: justify\">cantautor y productor Pedrito Lama, nacido en Santo Domingo, Rep\u00fablica Dominicana, presenta su nueva propuesta musical con esta versi\u00f3n, y ya prepara su segundo sencillo promocional que ser\u00e1 un adelanto de su pr\u00f3ximo \u00e1lbum.<\/p>\n<p style=\"text-align: justify\">Pedrito Lama es la nueva revelaci\u00f3n salsera de MP Musical Productions, la casa de los grandes salseros.<\/p>\n<p style=\"text-align: justify\">Siguenos:<br \/>\n@pedritolama<br \/>\n@omertamusica<br \/>\n@cobi.tv<br \/>\n@ada.g.ramos<\/p>\n","protected":false},"excerpt":{"rendered":"<p>NOTI-AM\u00c9RICA.- El cantautor y productor Pedrito Lama presenta su nueva propuesta musical con esta versi\u00f3n, y ya prepara su segundo sencillo promocional que ser\u00e1 un adelanto de su pr\u00f3ximo \u00e1lbum. Pedrito Lama es la&#46;&#46;&#46;<\/p>\n","protected":false},"author":1,"featured_media":20225,"comment_status":"open","ping_status":"open","sticky":false,"template":"","format":"standard","meta":{"_acf_changed":false,"om_disable_all_campaigns":false,"rop_custom_images_group":[],"rop_custom_messages_group":[],"rop_publish_now":"initial","rop_publish_now_accounts":{"twitter_242054905_242054905":""},"rop_publish_now_history":[],"rop_publish_now_status":"pending","_uf_show_specific_survey":0,"_uf_disable_surveys":false,"footnotes":""},"categories":[8],"tags":[],"class_list":["post-20221","post","type-post","status-publish","format-standard","has-post-thumbnail","hentry","category-arte-y-espectaculos"],"acf":[],"aioseo_notices":[],"yoast_head":"<!-- This site is optimized with the Yoast SEO Premium plugin v24.9 (Yoast SEO v27.2) - https:\/\/yoast.com\/product\/yoast-seo-premium-wordpress\/ -->\n<title>YA NO SOMOS NI SEREMOS! PEDRITO LAMA - Venezuela | Noti-America.com<\/title>\n<meta name=\"robots\" content=\"index, follow, max-snippet:-1, max-image-preview:large, max-video-preview:-1\" \/>\n<link rel=\"canonical\" href=\"https:\/\/noti-america.com\/site\/venezuela\/2022\/07\/15\/ya-no-somos-ni-seremos-pedrito-lama\/\" \/>\n<meta property=\"og:locale\" content=\"es_ES\" \/>\n<meta property=\"og:type\" content=\"article\" \/>\n<meta property=\"og:title\" content=\"YA NO SOMOS NI SEREMOS! PEDRITO LAMA\" \/>\n<meta property=\"og:description\" content=\"NOTI-AM\u00c9RICA.- El cantautor y productor Pedrito Lama presenta su nueva propuesta musical con esta versi\u00f3n, y ya prepara su segundo sencillo promocional que ser\u00e1 un adelanto de su pr\u00f3ximo \u00e1lbum. Pedrito Lama es la&#046;&#046;&#046;\" \/>\n<meta property=\"og:url\" content=\"https:\/\/noti-america.com\/site\/venezuela\/2022\/07\/15\/ya-no-somos-ni-seremos-pedrito-lama\/\" \/>\n<meta property=\"og:site_name\" content=\"Venezuela | Noti-America.com\" \/>\n<meta property=\"article:published_time\" content=\"2022-07-15T01:00:04+00:00\" \/>\n<meta property=\"og:image\" content=\"https:\/\/noti-america.com\/site\/venezuela\/wp-content\/uploads\/sites\/2\/2022\/07\/COVER-3000X3000-YA-NO-SOMOS-NI-SEREMOS-PEDRITO-LAMA-3-scaled.jpg\" \/>\n\t<meta property=\"og:image:width\" content=\"2560\" \/>\n\t<meta property=\"og:image:height\" content=\"2560\" \/>\n\t<meta property=\"og:image:type\" content=\"image\/jpeg\" \/>\n<meta name=\"author\" content=\"Rosmer Herrera\" \/>\n<meta name=\"twitter:card\" content=\"summary_large_image\" \/>\n<meta name=\"twitter:label1\" content=\"Escrito por\" \/>\n\t<meta name=\"twitter:data1\" content=\"Rosmer Herrera\" \/>\n\t<meta name=\"twitter:label2\" content=\"Tiempo estimado de lectura\" \/>\n\t<meta name=\"twitter:data2\" content=\"1 minuto\" \/>\n<script type=\"application\/ld+json\" class=\"yoast-schema-graph\">{\"@context\":\"https:\/\/schema.org\",\"@graph\":[{\"@type\":\"Article\",\"@id\":\"https:\/\/noti-america.com\/site\/venezuela\/2022\/07\/15\/ya-no-somos-ni-seremos-pedrito-lama\/#article\",\"isPartOf\":{\"@id\":\"https:\/\/noti-america.com\/site\/venezuela\/2022\/07\/15\/ya-no-somos-ni-seremos-pedrito-lama\/\"},\"author\":{\"name\":\"Rosmer Herrera\",\"@id\":\"https:\/\/noti-america.com\/site\/venezuela\/#\/schema\/person\/fd58dbfb92a257e9dc5761bf69a855ff\"},\"headline\":\"YA NO SOMOS NI SEREMOS! PEDRITO LAMA\",\"datePublished\":\"2022-07-15T01:00:04+00:00\",\"mainEntityOfPage\":{\"@id\":\"https:\/\/noti-america.com\/site\/venezuela\/2022\/07\/15\/ya-no-somos-ni-seremos-pedrito-lama\/\"},\"wordCount\":208,\"commentCount\":0,\"publisher\":{\"@id\":\"https:\/\/noti-america.com\/site\/venezuela\/#organization\"},\"image\":{\"@id\":\"https:\/\/noti-america.com\/site\/venezuela\/2022\/07\/15\/ya-no-somos-ni-seremos-pedrito-lama\/#primaryimage\"},\"thumbnailUrl\":\"https:\/\/noti-america.com\/site\/venezuela\/wp-content\/uploads\/sites\/2\/2022\/07\/COVER-3000X3000-YA-NO-SOMOS-NI-SEREMOS-PEDRITO-LAMA-3-scaled.jpg\",\"articleSection\":[\"Arte y Espect\u00e1culos\"],\"inLanguage\":\"es\",\"potentialAction\":[{\"@type\":\"CommentAction\",\"name\":\"Comment\",\"target\":[\"https:\/\/noti-america.com\/site\/venezuela\/2022\/07\/15\/ya-no-somos-ni-seremos-pedrito-lama\/#respond\"]}]},{\"@type\":\"WebPage\",\"@id\":\"https:\/\/noti-america.com\/site\/venezuela\/2022\/07\/15\/ya-no-somos-ni-seremos-pedrito-lama\/\",\"url\":\"https:\/\/noti-america.com\/site\/venezuela\/2022\/07\/15\/ya-no-somos-ni-seremos-pedrito-lama\/\",\"name\":\"YA NO SOMOS NI SEREMOS! PEDRITO LAMA - Venezuela | Noti-America.com\",\"isPartOf\":{\"@id\":\"https:\/\/noti-america.com\/site\/venezuela\/#website\"},\"primaryImageOfPage\":{\"@id\":\"https:\/\/noti-america.com\/site\/venezuela\/2022\/07\/15\/ya-no-somos-ni-seremos-pedrito-lama\/#primaryimage\"},\"image\":{\"@id\":\"https:\/\/noti-america.com\/site\/venezuela\/2022\/07\/15\/ya-no-somos-ni-seremos-pedrito-lama\/#primaryimage\"},\"thumbnailUrl\":\"https:\/\/noti-america.com\/site\/venezuela\/wp-content\/uploads\/sites\/2\/2022\/07\/COVER-3000X3000-YA-NO-SOMOS-NI-SEREMOS-PEDRITO-LAMA-3-scaled.jpg\",\"datePublished\":\"2022-07-15T01:00:04+00:00\",\"breadcrumb\":{\"@id\":\"https:\/\/noti-america.com\/site\/venezuela\/2022\/07\/15\/ya-no-somos-ni-seremos-pedrito-lama\/#breadcrumb\"},\"inLanguage\":\"es\",\"potentialAction\":[{\"@type\":\"ReadAction\",\"target\":[\"https:\/\/noti-america.com\/site\/venezuela\/2022\/07\/15\/ya-no-somos-ni-seremos-pedrito-lama\/\"]}]},{\"@type\":\"ImageObject\",\"inLanguage\":\"es\",\"@id\":\"https:\/\/noti-america.com\/site\/venezuela\/2022\/07\/15\/ya-no-somos-ni-seremos-pedrito-lama\/#primaryimage\",\"url\":\"https:\/\/noti-america.com\/site\/venezuela\/wp-content\/uploads\/sites\/2\/2022\/07\/COVER-3000X3000-YA-NO-SOMOS-NI-SEREMOS-PEDRITO-LAMA-3-scaled.jpg\",\"contentUrl\":\"https:\/\/noti-america.com\/site\/venezuela\/wp-content\/uploads\/sites\/2\/2022\/07\/COVER-3000X3000-YA-NO-SOMOS-NI-SEREMOS-PEDRITO-LAMA-3-scaled.jpg\",\"width\":2560,\"height\":2560},{\"@type\":\"BreadcrumbList\",\"@id\":\"https:\/\/noti-america.com\/site\/venezuela\/2022\/07\/15\/ya-no-somos-ni-seremos-pedrito-lama\/#breadcrumb\",\"itemListElement\":[{\"@type\":\"ListItem\",\"position\":1,\"name\":\"Portada\",\"item\":\"https:\/\/noti-america.com\/site\/venezuela\/\"},{\"@type\":\"ListItem\",\"position\":2,\"name\":\"YA NO SOMOS NI SEREMOS! PEDRITO LAMA\"}]},{\"@type\":\"WebSite\",\"@id\":\"https:\/\/noti-america.com\/site\/venezuela\/#website\",\"url\":\"https:\/\/noti-america.com\/site\/venezuela\/\",\"name\":\"Venezuela | Noti-America.com\",\"description\":\"\",\"publisher\":{\"@id\":\"https:\/\/noti-america.com\/site\/venezuela\/#organization\"},\"potentialAction\":[{\"@type\":\"SearchAction\",\"target\":{\"@type\":\"EntryPoint\",\"urlTemplate\":\"https:\/\/noti-america.com\/site\/venezuela\/?s={search_term_string}\"},\"query-input\":{\"@type\":\"PropertyValueSpecification\",\"valueRequired\":true,\"valueName\":\"search_term_string\"}}],\"inLanguage\":\"es\"},{\"@type\":\"Organization\",\"@id\":\"https:\/\/noti-america.com\/site\/venezuela\/#organization\",\"name\":\"Noti-America LLC | Venezuela\",\"url\":\"https:\/\/noti-america.com\/site\/venezuela\/\",\"logo\":{\"@type\":\"ImageObject\",\"inLanguage\":\"es\",\"@id\":\"https:\/\/noti-america.com\/site\/venezuela\/#\/schema\/logo\/image\/\",\"url\":\"https:\/\/noti-america.com\/site\/venezuela\/wp-content\/uploads\/sites\/2\/2020\/07\/LogoNA-4x3-1.jpg\",\"contentUrl\":\"https:\/\/noti-america.com\/site\/venezuela\/wp-content\/uploads\/sites\/2\/2020\/07\/LogoNA-4x3-1.jpg\",\"width\":1236,\"height\":1080,\"caption\":\"Noti-America LLC | Venezuela\"},\"image\":{\"@id\":\"https:\/\/noti-america.com\/site\/venezuela\/#\/schema\/logo\/image\/\"}},{\"@type\":\"Person\",\"@id\":\"https:\/\/noti-america.com\/site\/venezuela\/#\/schema\/person\/fd58dbfb92a257e9dc5761bf69a855ff\",\"name\":\"Rosmer Herrera\",\"image\":{\"@type\":\"ImageObject\",\"inLanguage\":\"es\",\"@id\":\"https:\/\/secure.gravatar.com\/avatar\/153e75c261394dbf20ff1a1e70ea2be9494f2b40b7fc4e7704084db13220ae08?s=96&d=mm&r=g\",\"url\":\"https:\/\/secure.gravatar.com\/avatar\/153e75c261394dbf20ff1a1e70ea2be9494f2b40b7fc4e7704084db13220ae08?s=96&d=mm&r=g\",\"contentUrl\":\"https:\/\/secure.gravatar.com\/avatar\/153e75c261394dbf20ff1a1e70ea2be9494f2b40b7fc4e7704084db13220ae08?s=96&d=mm&r=g\",\"caption\":\"Rosmer Herrera\"},\"url\":\"https:\/\/noti-america.com\/site\/venezuela\/author\/rosmer33\/\"}]}<\/script>\n<!-- \/ Yoast SEO Premium plugin. -->","yoast_head_json":{"title":"YA NO SOMOS NI SEREMOS! PEDRITO LAMA - Venezuela | Noti-America.com","robots":{"index":"index","follow":"follow","max-snippet":"max-snippet:-1","max-image-preview":"max-image-preview:large","max-video-preview":"max-video-preview:-1"},"canonical":"https:\/\/noti-america.com\/site\/venezuela\/2022\/07\/15\/ya-no-somos-ni-seremos-pedrito-lama\/","og_locale":"es_ES","og_type":"article","og_title":"YA NO SOMOS NI SEREMOS! PEDRITO LAMA","og_description":"NOTI-AM\u00c9RICA.- El cantautor y productor Pedrito Lama presenta su nueva propuesta musical con esta versi\u00f3n, y ya prepara su segundo sencillo promocional que ser\u00e1 un adelanto de su pr\u00f3ximo \u00e1lbum. Pedrito Lama es la&#46;&#46;&#46;","og_url":"https:\/\/noti-america.com\/site\/venezuela\/2022\/07\/15\/ya-no-somos-ni-seremos-pedrito-lama\/","og_site_name":"Venezuela | Noti-America.com","article_published_time":"2022-07-15T01:00:04+00:00","og_image":[{"width":2560,"height":2560,"url":"https:\/\/noti-america.com\/site\/venezuela\/wp-content\/uploads\/sites\/2\/2022\/07\/COVER-3000X3000-YA-NO-SOMOS-NI-SEREMOS-PEDRITO-LAMA-3-scaled.jpg","type":"image\/jpeg"}],"author":"Rosmer Herrera","twitter_card":"summary_large_image","twitter_misc":{"Escrito por":"Rosmer Herrera","Tiempo estimado de lectura":"1 minuto"},"schema":{"@context":"https:\/\/schema.org","@graph":[{"@type":"Article","@id":"https:\/\/noti-america.com\/site\/venezuela\/2022\/07\/15\/ya-no-somos-ni-seremos-pedrito-lama\/#article","isPartOf":{"@id":"https:\/\/noti-america.com\/site\/venezuela\/2022\/07\/15\/ya-no-somos-ni-seremos-pedrito-lama\/"},"author":{"name":"Rosmer Herrera","@id":"https:\/\/noti-america.com\/site\/venezuela\/#\/schema\/person\/fd58dbfb92a257e9dc5761bf69a855ff"},"headline":"YA NO SOMOS NI SEREMOS! PEDRITO LAMA","datePublished":"2022-07-15T01:00:04+00:00","mainEntityOfPage":{"@id":"https:\/\/noti-america.com\/site\/venezuela\/2022\/07\/15\/ya-no-somos-ni-seremos-pedrito-lama\/"},"wordCount":208,"commentCount":0,"publisher":{"@id":"https:\/\/noti-america.com\/site\/venezuela\/#organization"},"image":{"@id":"https:\/\/noti-america.com\/site\/venezuela\/2022\/07\/15\/ya-no-somos-ni-seremos-pedrito-lama\/#primaryimage"},"thumbnailUrl":"https:\/\/noti-america.com\/site\/venezuela\/wp-content\/uploads\/sites\/2\/2022\/07\/COVER-3000X3000-YA-NO-SOMOS-NI-SEREMOS-PEDRITO-LAMA-3-scaled.jpg","articleSection":["Arte y Espect\u00e1culos"],"inLanguage":"es","potentialAction":[{"@type":"CommentAction","name":"Comment","target":["https:\/\/noti-america.com\/site\/venezuela\/2022\/07\/15\/ya-no-somos-ni-seremos-pedrito-lama\/#respond"]}]},{"@type":"WebPage","@id":"https:\/\/noti-america.com\/site\/venezuela\/2022\/07\/15\/ya-no-somos-ni-seremos-pedrito-lama\/","url":"https:\/\/noti-america.com\/site\/venezuela\/2022\/07\/15\/ya-no-somos-ni-seremos-pedrito-lama\/","name":"YA NO SOMOS NI SEREMOS! PEDRITO LAMA - Venezuela | Noti-America.com","isPartOf":{"@id":"https:\/\/noti-america.com\/site\/venezuela\/#website"},"primaryImageOfPage":{"@id":"https:\/\/noti-america.com\/site\/venezuela\/2022\/07\/15\/ya-no-somos-ni-seremos-pedrito-lama\/#primaryimage"},"image":{"@id":"https:\/\/noti-america.com\/site\/venezuela\/2022\/07\/15\/ya-no-somos-ni-seremos-pedrito-lama\/#primaryimage"},"thumbnailUrl":"https:\/\/noti-america.com\/site\/venezuela\/wp-content\/uploads\/sites\/2\/2022\/07\/COVER-3000X3000-YA-NO-SOMOS-NI-SEREMOS-PEDRITO-LAMA-3-scaled.jpg","datePublished":"2022-07-15T01:00:04+00:00","breadcrumb":{"@id":"https:\/\/noti-america.com\/site\/venezuela\/2022\/07\/15\/ya-no-somos-ni-seremos-pedrito-lama\/#breadcrumb"},"inLanguage":"es","potentialAction":[{"@type":"ReadAction","target":["https:\/\/noti-america.com\/site\/venezuela\/2022\/07\/15\/ya-no-somos-ni-seremos-pedrito-lama\/"]}]},{"@type":"ImageObject","inLanguage":"es","@id":"https:\/\/noti-america.com\/site\/venezuela\/2022\/07\/15\/ya-no-somos-ni-seremos-pedrito-lama\/#primaryimage","url":"https:\/\/noti-america.com\/site\/venezuela\/wp-content\/uploads\/sites\/2\/2022\/07\/COVER-3000X3000-YA-NO-SOMOS-NI-SEREMOS-PEDRITO-LAMA-3-scaled.jpg","contentUrl":"https:\/\/noti-america.com\/site\/venezuela\/wp-content\/uploads\/sites\/2\/2022\/07\/COVER-3000X3000-YA-NO-SOMOS-NI-SEREMOS-PEDRITO-LAMA-3-scaled.jpg","width":2560,"height":2560},{"@type":"BreadcrumbList","@id":"https:\/\/noti-america.com\/site\/venezuela\/2022\/07\/15\/ya-no-somos-ni-seremos-pedrito-lama\/#breadcrumb","itemListElement":[{"@type":"ListItem","position":1,"name":"Portada","item":"https:\/\/noti-america.com\/site\/venezuela\/"},{"@type":"ListItem","position":2,"name":"YA NO SOMOS NI SEREMOS! PEDRITO LAMA"}]},{"@type":"WebSite","@id":"https:\/\/noti-america.com\/site\/venezuela\/#website","url":"https:\/\/noti-america.com\/site\/venezuela\/","name":"Venezuela | Noti-America.com","description":"","publisher":{"@id":"https:\/\/noti-america.com\/site\/venezuela\/#organization"},"potentialAction":[{"@type":"SearchAction","target":{"@type":"EntryPoint","urlTemplate":"https:\/\/noti-america.com\/site\/venezuela\/?s={search_term_string}"},"query-input":{"@type":"PropertyValueSpecification","valueRequired":true,"valueName":"search_term_string"}}],"inLanguage":"es"},{"@type":"Organization","@id":"https:\/\/noti-america.com\/site\/venezuela\/#organization","name":"Noti-America LLC | Venezuela","url":"https:\/\/noti-america.com\/site\/venezuela\/","logo":{"@type":"ImageObject","inLanguage":"es","@id":"https:\/\/noti-america.com\/site\/venezuela\/#\/schema\/logo\/image\/","url":"https:\/\/noti-america.com\/site\/venezuela\/wp-content\/uploads\/sites\/2\/2020\/07\/LogoNA-4x3-1.jpg","contentUrl":"https:\/\/noti-america.com\/site\/venezuela\/wp-content\/uploads\/sites\/2\/2020\/07\/LogoNA-4x3-1.jpg","width":1236,"height":1080,"caption":"Noti-America LLC | Venezuela"},"image":{"@id":"https:\/\/noti-america.com\/site\/venezuela\/#\/schema\/logo\/image\/"}},{"@type":"Person","@id":"https:\/\/noti-america.com\/site\/venezuela\/#\/schema\/person\/fd58dbfb92a257e9dc5761bf69a855ff","name":"Rosmer Herrera","image":{"@type":"ImageObject","inLanguage":"es","@id":"https:\/\/secure.gravatar.com\/avatar\/153e75c261394dbf20ff1a1e70ea2be9494f2b40b7fc4e7704084db13220ae08?s=96&d=mm&r=g","url":"https:\/\/secure.gravatar.com\/avatar\/153e75c261394dbf20ff1a1e70ea2be9494f2b40b7fc4e7704084db13220ae08?s=96&d=mm&r=g","contentUrl":"https:\/\/secure.gravatar.com\/avatar\/153e75c261394dbf20ff1a1e70ea2be9494f2b40b7fc4e7704084db13220ae08?s=96&d=mm&r=g","caption":"Rosmer Herrera"},"url":"https:\/\/noti-america.com\/site\/venezuela\/author\/rosmer33\/"}]}},"_links":{"self":[{"href":"https:\/\/noti-america.com\/site\/venezuela\/wp-json\/wp\/v2\/posts\/20221","targetHints":{"allow":["GET"]}}],"collection":[{"href":"https:\/\/noti-america.com\/site\/venezuela\/wp-json\/wp\/v2\/posts"}],"about":[{"href":"https:\/\/noti-america.com\/site\/venezuela\/wp-json\/wp\/v2\/types\/post"}],"author":[{"embeddable":true,"href":"https:\/\/noti-america.com\/site\/venezuela\/wp-json\/wp\/v2\/users\/1"}],"replies":[{"embeddable":true,"href":"https:\/\/noti-america.com\/site\/venezuela\/wp-json\/wp\/v2\/comments?post=20221"}],"version-history":[{"count":2,"href":"https:\/\/noti-america.com\/site\/venezuela\/wp-json\/wp\/v2\/posts\/20221\/revisions"}],"predecessor-version":[{"id":20228,"href":"https:\/\/noti-america.com\/site\/venezuela\/wp-json\/wp\/v2\/posts\/20221\/revisions\/20228"}],"wp:featuredmedia":[{"embeddable":true,"href":"https:\/\/noti-america.com\/site\/venezuela\/wp-json\/wp\/v2\/media\/20225"}],"wp:attachment":[{"href":"https:\/\/noti-america.com\/site\/venezuela\/wp-json\/wp\/v2\/media?parent=20221"}],"wp:term":[{"taxonomy":"category","embeddable":true,"href":"https:\/\/noti-america.com\/site\/venezuela\/wp-json\/wp\/v2\/categories?post=20221"},{"taxonomy":"post_tag","embeddable":true,"href":"https:\/\/noti-america.com\/site\/venezuela\/wp-json\/wp\/v2\/tags?post=20221"}],"curies":[{"name":"wp","href":"https:\/\/api.w.org\/{rel}","templated":true}]}}