{"id":18304,"date":"2022-02-22T11:53:56","date_gmt":"2022-02-22T11:53:56","guid":{"rendered":"https:\/\/noti-america.com\/site\/venezuela\/2022\/02\/22\/la-obesidad-es-causa-primordial-de-diabetes-tipo-2\/"},"modified":"2022-02-22T15:54:03","modified_gmt":"2022-02-22T15:54:03","slug":"la-obesidad-es-causa-primordial-de-diabetes-tipo-2","status":"publish","type":"post","link":"https:\/\/noti-america.com\/site\/venezuela\/2022\/02\/22\/la-obesidad-es-causa-primordial-de-diabetes-tipo-2\/","title":{"rendered":"La obesidad es causa primordial de diabetes Tipo 2"},"content":{"rendered":"<p style=\"text-align: justify;\">Nota de Prensa<\/p>\n<p class=\"v1MsoNormal\" style=\"text-align: justify;\"><i>Ya sea por factores gen\u00e9ticos, alimentaci\u00f3n y estilo de vida poco saludable o por trastornos conductuales, las personas obesas corren el riesgo de padecer diabetes Tipo 2. Una cirug\u00eda como el bypass g\u00e1strico metab\u00f3lico, les ofrece excelentes resultados para la remisi\u00f3n.<\/i><\/p>\n<p class=\"v1MsoNormal\" style=\"text-align: justify;\">La obesidad es el exceso de tejido graso en el cuerpo, muchas veces producto de un trastorno conductual que implica el consumo excesivo de alimentos, un mal h\u00e1bito que lamentablemente es alentado por el entorno, incluyendo familiares y amigos.<\/p>\n<p class=\"v1MsoNormal\" style=\"text-align: justify;\">Un estilo de vida sedentaria, una alimentaci\u00f3n poco saludable, cambios hormonales y factores gen\u00e9ticos, tambi\u00e9n contribuyen a la aparici\u00f3n de la obesidad.\u00a0Como consecuencia de ello, las personas que la padecen se enfrentan al riesgo de desarrollar diabetes Tipo 2, la cual est\u00e1 directamente relacionada con el aumento exagerado de peso.<\/p>\n<p class=\"v1MsoNormal\" style=\"text-align: justify;\">Explica el doctor\u00a0Wartan Keklikian, m\u00e9dico especialista en obesidad y cirug\u00eda laparosc\u00f3pica de la Unidad Bari\u00e1trica y Metab\u00f3lica (UBAM), que la diabetes Tipo 1 es cong\u00e9nita y empieza en la infancia. \u00abLas personas pr\u00e1cticamente nacen con ella y necesitan inyectarse insulina. Son personas delgadas\u00bb.<\/p>\n<p class=\"v1MsoNormal\" style=\"text-align: justify;\">Pero la diabetes Tipo 2 empieza mucho m\u00e1s adelante en la vida y tiene que ver con la obesidad. \u00abLa padecen personas con sobrepeso u obesas, quienes presentan un s\u00edndrome metab\u00f3lico y, generalmente, no tienen que inyectarse insulina sino tomar hipoglucemiantes orales. En este tipo de diabetes, una cirug\u00eda como el bypass g\u00e1strico metab\u00f3lico ofrece excelentes resultados para la remisi\u00f3n\u00bb, asegura.<\/p>\n<p class=\"v1MsoNormal\" style=\"text-align: justify;\"><b>S\u00edntomas de la diabetes<\/b><\/p>\n<p class=\"v1MsoNormal\" style=\"text-align: justify;\">De acuerdo con el especialista de la UBAM, existen tres s\u00edntomas principales para sospechar que una persona puede tener diabetes: poliuria (orinar mucho); polifagia (comer mucho) y polidipsia (tomar mucha agua), adem\u00e1s de la p\u00e9rdida de peso. \u00abEstas son se\u00f1ales que deben alertarnos para sospechar de una diabetes\u00bb, advierte el doctor Keklikian.<\/p>\n<p class=\"v1MsoNormal\" style=\"text-align: justify;\">Comenta que una persona obesa habitualmente presenta un s\u00edndrome metab\u00f3lico y progresivamente comienza a mostrar una serie de condiciones asociadas a diferentes enfermedades. \u00abPuede empezar con resistencia a la insulina; a los dos a\u00f1os seguir con hipertensi\u00f3n, luego con problemas de colesterol y triglic\u00e9ridos. Todo esto vinculado al aumento de la grasa visceral, presente entre los \u00f3rganos del cuerpo, y que produce hormonas y mol\u00e9culas da\u00f1inas: la leptina, la adipocina y la adiponectina, lo cual genera inflamaci\u00f3n cr\u00f3nica y va llevando a toda esta problem\u00e1tica de salud\u00bb<\/p>\n<p class=\"v1MsoNormal\" style=\"text-align: justify;\">Asegura que no hay un rango de edad espec\u00edfico para padecer de diabetes Tipo 2, pudi\u00e9ndose presentar a cualquier edad en la que el paciente comience a aumentar de peso.<\/p>\n<p class=\"v1MsoNormal\" style=\"text-align: justify;\"><b>El mejor tratamiento posible<\/b><\/p>\n<p class=\"v1MsoNormal\" style=\"text-align: justify;\">Para el especialista de la UBAM, mantener un estilo de vida sano es el primero paso para garantizar un mayor estado de bienestar, lo que implica incluir ejercicios, comida indicada por un nutricionista, con m\u00e1s vegetales, frutas y legumbres, con cereales integrales y tomar m\u00e1s agua.<\/p>\n<p class=\"v1MsoNormal\" style=\"text-align: justify;\">Sin embargo, cuando ya existe un problema de sobrepeso, uno de los procedimientos quir\u00fargicos recomendados para personas con cierto nivel de obesidad, es el bypass g\u00e1strico metab\u00f3lico que, adem\u00e1s de la p\u00e9rdida de peso, permite mejorar la resistencia a la insulina, la diabetes y\/o hipertensi\u00f3n. \u00abEs el mismo principio que el bypass g\u00e1strico. Se bypasea el duodeno -parte del intestino delgado- y esto tiene un efecto directo en la resistencia a la insulina y en la hipertensi\u00f3n. Es el procedimiento m\u00e1s efectivo en remitir estos problemas, no solo por la p\u00e9rdida de peso sino por un mecanismo directamente hormonal\u00bb, se\u00f1ala el doctor Keklikian.<\/p>\n<p class=\"v1MsoNormal\" style=\"text-align: justify;\">\u00abEn la UBAM buscamos el mejor tratamiento para las personas obesas, ya sea por m\u00e9todos nutricionales, por procedimientos simples como el bal\u00f3n g\u00e1strico, o por cirug\u00edas como la manga g\u00e1strica y el bypass g\u00e1strico. Pero tambi\u00e9n estamos enfocados en la prevenci\u00f3n de la obesidad, promoviendo un estilo de vida saludable, una dieta sana y ejercicios regulares\u00bb, se\u00f1ala el especialista.<\/p>\n<p class=\"v1MsoNormal\" style=\"text-align: justify;\">El equipo de especialistas de la UBAM, que incluye un nutricionista deportivo y un psic\u00f3logo, ambos expertos en obesidad, est\u00e1 conformado adem\u00e1s por un calificado grupo de profesionales que atiende a personas de diferentes edades, incluyendo ni\u00f1os y adolescentes que son examinados exhaustivamente por pediatras, endocrin\u00f3logos, gastroenter\u00f3logos y cirujanos pediatras, para tratar la obesidad en este tipo de pacientes, si la tienen, o para prevenirla. Adicionalmente, la Unidad est\u00e1 excelentemente equipada desde el punto de vista tecnol\u00f3gico con los m\u00e1s modernos equipos.<\/p>\n","protected":false},"excerpt":{"rendered":"<p>Nota de Prensa Ya sea por factores gen\u00e9ticos, alimentaci\u00f3n y estilo de vida poco saludable o por trastornos conductuales, las personas obesas corren el riesgo de padecer diabetes Tipo 2. Una cirug\u00eda como el&#46;&#46;&#46;<\/p>\n","protected":false},"author":1,"featured_media":16766,"comment_status":"open","ping_status":"open","sticky":false,"template":"","format":"image","meta":{"_acf_changed":false,"om_disable_all_campaigns":false,"rop_custom_images_group":[],"rop_custom_messages_group":[],"rop_publish_now":"initial","rop_publish_now_accounts":{"twitter_242054905_242054905":""},"rop_publish_now_history":[],"rop_publish_now_status":"pending","_uf_show_specific_survey":0,"_uf_disable_surveys":false,"footnotes":""},"categories":[132,13],"tags":[],"class_list":["post-18304","post","type-post","status-publish","format-image","has-post-thumbnail","hentry","category-actualidad","category-vida-y-salud","post_format-post-format-image"],"acf":[],"aioseo_notices":[],"yoast_head":"<!-- This site is optimized with the Yoast SEO Premium plugin v24.9 (Yoast SEO v27.2) - https:\/\/yoast.com\/product\/yoast-seo-premium-wordpress\/ -->\n<title>La obesidad es causa primordial de diabetes Tipo 2 - Venezuela | Noti-America.com<\/title>\n<meta name=\"robots\" content=\"index, follow, max-snippet:-1, max-image-preview:large, max-video-preview:-1\" \/>\n<link rel=\"canonical\" href=\"https:\/\/noti-america.com\/site\/venezuela\/2022\/02\/22\/la-obesidad-es-causa-primordial-de-diabetes-tipo-2\/\" \/>\n<meta property=\"og:locale\" content=\"es_ES\" \/>\n<meta property=\"og:type\" content=\"article\" \/>\n<meta property=\"og:title\" content=\"La obesidad es causa primordial de diabetes Tipo 2\" \/>\n<meta property=\"og:description\" content=\"Nota de Prensa Ya sea por factores gen\u00e9ticos, alimentaci\u00f3n y estilo de vida poco saludable o por trastornos conductuales, las personas obesas corren el riesgo de padecer diabetes Tipo 2. Una cirug\u00eda como el&#046;&#046;&#046;\" \/>\n<meta property=\"og:url\" content=\"https:\/\/noti-america.com\/site\/venezuela\/2022\/02\/22\/la-obesidad-es-causa-primordial-de-diabetes-tipo-2\/\" \/>\n<meta property=\"og:site_name\" content=\"Venezuela | Noti-America.com\" \/>\n<meta property=\"article:published_time\" content=\"2022-02-22T11:53:56+00:00\" \/>\n<meta property=\"article:modified_time\" content=\"2022-02-22T15:54:03+00:00\" \/>\n<meta property=\"og:image\" content=\"https:\/\/noti-america.com\/site\/venezuela\/wp-content\/uploads\/sites\/2\/2021\/10\/obesity-3247168_960_720.jpg\" \/>\n\t<meta property=\"og:image:width\" content=\"1\" \/>\n\t<meta property=\"og:image:height\" content=\"1\" \/>\n\t<meta property=\"og:image:type\" content=\"image\/jpeg\" \/>\n<meta name=\"author\" content=\"Rosmer Herrera\" \/>\n<meta name=\"twitter:card\" content=\"summary_large_image\" \/>\n<meta name=\"twitter:label1\" content=\"Escrito por\" \/>\n\t<meta name=\"twitter:data1\" content=\"Rosmer Herrera\" \/>\n\t<meta name=\"twitter:label2\" content=\"Tiempo estimado de lectura\" \/>\n\t<meta name=\"twitter:data2\" content=\"4 minutos\" \/>\n<script type=\"application\/ld+json\" class=\"yoast-schema-graph\">{\"@context\":\"https:\/\/schema.org\",\"@graph\":[{\"@type\":\"Article\",\"@id\":\"https:\/\/noti-america.com\/site\/venezuela\/2022\/02\/22\/la-obesidad-es-causa-primordial-de-diabetes-tipo-2\/#article\",\"isPartOf\":{\"@id\":\"https:\/\/noti-america.com\/site\/venezuela\/2022\/02\/22\/la-obesidad-es-causa-primordial-de-diabetes-tipo-2\/\"},\"author\":{\"name\":\"Rosmer Herrera\",\"@id\":\"https:\/\/noti-america.com\/site\/venezuela\/#\/schema\/person\/fd58dbfb92a257e9dc5761bf69a855ff\"},\"headline\":\"La obesidad es causa primordial de diabetes Tipo 2\",\"datePublished\":\"2022-02-22T11:53:56+00:00\",\"dateModified\":\"2022-02-22T15:54:03+00:00\",\"mainEntityOfPage\":{\"@id\":\"https:\/\/noti-america.com\/site\/venezuela\/2022\/02\/22\/la-obesidad-es-causa-primordial-de-diabetes-tipo-2\/\"},\"wordCount\":781,\"commentCount\":0,\"publisher\":{\"@id\":\"https:\/\/noti-america.com\/site\/venezuela\/#organization\"},\"image\":{\"@id\":\"https:\/\/noti-america.com\/site\/venezuela\/2022\/02\/22\/la-obesidad-es-causa-primordial-de-diabetes-tipo-2\/#primaryimage\"},\"thumbnailUrl\":\"https:\/\/noti-america.com\/site\/venezuela\/wp-content\/uploads\/sites\/2\/2021\/10\/obesity-3247168_960_720.jpg\",\"articleSection\":[\"Actualidad\",\"Vida y Salud\"],\"inLanguage\":\"es\",\"potentialAction\":[{\"@type\":\"CommentAction\",\"name\":\"Comment\",\"target\":[\"https:\/\/noti-america.com\/site\/venezuela\/2022\/02\/22\/la-obesidad-es-causa-primordial-de-diabetes-tipo-2\/#respond\"]}]},{\"@type\":\"WebPage\",\"@id\":\"https:\/\/noti-america.com\/site\/venezuela\/2022\/02\/22\/la-obesidad-es-causa-primordial-de-diabetes-tipo-2\/\",\"url\":\"https:\/\/noti-america.com\/site\/venezuela\/2022\/02\/22\/la-obesidad-es-causa-primordial-de-diabetes-tipo-2\/\",\"name\":\"La obesidad es causa primordial de diabetes Tipo 2 - Venezuela | Noti-America.com\",\"isPartOf\":{\"@id\":\"https:\/\/noti-america.com\/site\/venezuela\/#website\"},\"primaryImageOfPage\":{\"@id\":\"https:\/\/noti-america.com\/site\/venezuela\/2022\/02\/22\/la-obesidad-es-causa-primordial-de-diabetes-tipo-2\/#primaryimage\"},\"image\":{\"@id\":\"https:\/\/noti-america.com\/site\/venezuela\/2022\/02\/22\/la-obesidad-es-causa-primordial-de-diabetes-tipo-2\/#primaryimage\"},\"thumbnailUrl\":\"https:\/\/noti-america.com\/site\/venezuela\/wp-content\/uploads\/sites\/2\/2021\/10\/obesity-3247168_960_720.jpg\",\"datePublished\":\"2022-02-22T11:53:56+00:00\",\"dateModified\":\"2022-02-22T15:54:03+00:00\",\"breadcrumb\":{\"@id\":\"https:\/\/noti-america.com\/site\/venezuela\/2022\/02\/22\/la-obesidad-es-causa-primordial-de-diabetes-tipo-2\/#breadcrumb\"},\"inLanguage\":\"es\",\"potentialAction\":[{\"@type\":\"ReadAction\",\"target\":[\"https:\/\/noti-america.com\/site\/venezuela\/2022\/02\/22\/la-obesidad-es-causa-primordial-de-diabetes-tipo-2\/\"]}]},{\"@type\":\"ImageObject\",\"inLanguage\":\"es\",\"@id\":\"https:\/\/noti-america.com\/site\/venezuela\/2022\/02\/22\/la-obesidad-es-causa-primordial-de-diabetes-tipo-2\/#primaryimage\",\"url\":\"https:\/\/noti-america.com\/site\/venezuela\/wp-content\/uploads\/sites\/2\/2021\/10\/obesity-3247168_960_720.jpg\",\"contentUrl\":\"https:\/\/noti-america.com\/site\/venezuela\/wp-content\/uploads\/sites\/2\/2021\/10\/obesity-3247168_960_720.jpg\"},{\"@type\":\"BreadcrumbList\",\"@id\":\"https:\/\/noti-america.com\/site\/venezuela\/2022\/02\/22\/la-obesidad-es-causa-primordial-de-diabetes-tipo-2\/#breadcrumb\",\"itemListElement\":[{\"@type\":\"ListItem\",\"position\":1,\"name\":\"Portada\",\"item\":\"https:\/\/noti-america.com\/site\/venezuela\/\"},{\"@type\":\"ListItem\",\"position\":2,\"name\":\"La obesidad es causa primordial de diabetes Tipo 2\"}]},{\"@type\":\"WebSite\",\"@id\":\"https:\/\/noti-america.com\/site\/venezuela\/#website\",\"url\":\"https:\/\/noti-america.com\/site\/venezuela\/\",\"name\":\"Venezuela | Noti-America.com\",\"description\":\"\",\"publisher\":{\"@id\":\"https:\/\/noti-america.com\/site\/venezuela\/#organization\"},\"potentialAction\":[{\"@type\":\"SearchAction\",\"target\":{\"@type\":\"EntryPoint\",\"urlTemplate\":\"https:\/\/noti-america.com\/site\/venezuela\/?s={search_term_string}\"},\"query-input\":{\"@type\":\"PropertyValueSpecification\",\"valueRequired\":true,\"valueName\":\"search_term_string\"}}],\"inLanguage\":\"es\"},{\"@type\":\"Organization\",\"@id\":\"https:\/\/noti-america.com\/site\/venezuela\/#organization\",\"name\":\"Noti-America LLC | Venezuela\",\"url\":\"https:\/\/noti-america.com\/site\/venezuela\/\",\"logo\":{\"@type\":\"ImageObject\",\"inLanguage\":\"es\",\"@id\":\"https:\/\/noti-america.com\/site\/venezuela\/#\/schema\/logo\/image\/\",\"url\":\"https:\/\/noti-america.com\/site\/venezuela\/wp-content\/uploads\/sites\/2\/2020\/07\/LogoNA-4x3-1.jpg\",\"contentUrl\":\"https:\/\/noti-america.com\/site\/venezuela\/wp-content\/uploads\/sites\/2\/2020\/07\/LogoNA-4x3-1.jpg\",\"width\":1236,\"height\":1080,\"caption\":\"Noti-America LLC | Venezuela\"},\"image\":{\"@id\":\"https:\/\/noti-america.com\/site\/venezuela\/#\/schema\/logo\/image\/\"}},{\"@type\":\"Person\",\"@id\":\"https:\/\/noti-america.com\/site\/venezuela\/#\/schema\/person\/fd58dbfb92a257e9dc5761bf69a855ff\",\"name\":\"Rosmer Herrera\",\"image\":{\"@type\":\"ImageObject\",\"inLanguage\":\"es\",\"@id\":\"https:\/\/secure.gravatar.com\/avatar\/153e75c261394dbf20ff1a1e70ea2be9494f2b40b7fc4e7704084db13220ae08?s=96&d=mm&r=g\",\"url\":\"https:\/\/secure.gravatar.com\/avatar\/153e75c261394dbf20ff1a1e70ea2be9494f2b40b7fc4e7704084db13220ae08?s=96&d=mm&r=g\",\"contentUrl\":\"https:\/\/secure.gravatar.com\/avatar\/153e75c261394dbf20ff1a1e70ea2be9494f2b40b7fc4e7704084db13220ae08?s=96&d=mm&r=g\",\"caption\":\"Rosmer Herrera\"},\"url\":\"https:\/\/noti-america.com\/site\/venezuela\/author\/rosmer33\/\"}]}<\/script>\n<!-- \/ Yoast SEO Premium plugin. -->","yoast_head_json":{"title":"La obesidad es causa primordial de diabetes Tipo 2 - Venezuela | Noti-America.com","robots":{"index":"index","follow":"follow","max-snippet":"max-snippet:-1","max-image-preview":"max-image-preview:large","max-video-preview":"max-video-preview:-1"},"canonical":"https:\/\/noti-america.com\/site\/venezuela\/2022\/02\/22\/la-obesidad-es-causa-primordial-de-diabetes-tipo-2\/","og_locale":"es_ES","og_type":"article","og_title":"La obesidad es causa primordial de diabetes Tipo 2","og_description":"Nota de Prensa Ya sea por factores gen\u00e9ticos, alimentaci\u00f3n y estilo de vida poco saludable o por trastornos conductuales, las personas obesas corren el riesgo de padecer diabetes Tipo 2. Una cirug\u00eda como el&#46;&#46;&#46;","og_url":"https:\/\/noti-america.com\/site\/venezuela\/2022\/02\/22\/la-obesidad-es-causa-primordial-de-diabetes-tipo-2\/","og_site_name":"Venezuela | Noti-America.com","article_published_time":"2022-02-22T11:53:56+00:00","article_modified_time":"2022-02-22T15:54:03+00:00","og_image":[{"url":"https:\/\/noti-america.com\/site\/venezuela\/wp-content\/uploads\/sites\/2\/2021\/10\/obesity-3247168_960_720.jpg","width":1,"height":1,"type":"image\/jpeg"}],"author":"Rosmer Herrera","twitter_card":"summary_large_image","twitter_misc":{"Escrito por":"Rosmer Herrera","Tiempo estimado de lectura":"4 minutos"},"schema":{"@context":"https:\/\/schema.org","@graph":[{"@type":"Article","@id":"https:\/\/noti-america.com\/site\/venezuela\/2022\/02\/22\/la-obesidad-es-causa-primordial-de-diabetes-tipo-2\/#article","isPartOf":{"@id":"https:\/\/noti-america.com\/site\/venezuela\/2022\/02\/22\/la-obesidad-es-causa-primordial-de-diabetes-tipo-2\/"},"author":{"name":"Rosmer Herrera","@id":"https:\/\/noti-america.com\/site\/venezuela\/#\/schema\/person\/fd58dbfb92a257e9dc5761bf69a855ff"},"headline":"La obesidad es causa primordial de diabetes Tipo 2","datePublished":"2022-02-22T11:53:56+00:00","dateModified":"2022-02-22T15:54:03+00:00","mainEntityOfPage":{"@id":"https:\/\/noti-america.com\/site\/venezuela\/2022\/02\/22\/la-obesidad-es-causa-primordial-de-diabetes-tipo-2\/"},"wordCount":781,"commentCount":0,"publisher":{"@id":"https:\/\/noti-america.com\/site\/venezuela\/#organization"},"image":{"@id":"https:\/\/noti-america.com\/site\/venezuela\/2022\/02\/22\/la-obesidad-es-causa-primordial-de-diabetes-tipo-2\/#primaryimage"},"thumbnailUrl":"https:\/\/noti-america.com\/site\/venezuela\/wp-content\/uploads\/sites\/2\/2021\/10\/obesity-3247168_960_720.jpg","articleSection":["Actualidad","Vida y Salud"],"inLanguage":"es","potentialAction":[{"@type":"CommentAction","name":"Comment","target":["https:\/\/noti-america.com\/site\/venezuela\/2022\/02\/22\/la-obesidad-es-causa-primordial-de-diabetes-tipo-2\/#respond"]}]},{"@type":"WebPage","@id":"https:\/\/noti-america.com\/site\/venezuela\/2022\/02\/22\/la-obesidad-es-causa-primordial-de-diabetes-tipo-2\/","url":"https:\/\/noti-america.com\/site\/venezuela\/2022\/02\/22\/la-obesidad-es-causa-primordial-de-diabetes-tipo-2\/","name":"La obesidad es causa primordial de diabetes Tipo 2 - Venezuela | Noti-America.com","isPartOf":{"@id":"https:\/\/noti-america.com\/site\/venezuela\/#website"},"primaryImageOfPage":{"@id":"https:\/\/noti-america.com\/site\/venezuela\/2022\/02\/22\/la-obesidad-es-causa-primordial-de-diabetes-tipo-2\/#primaryimage"},"image":{"@id":"https:\/\/noti-america.com\/site\/venezuela\/2022\/02\/22\/la-obesidad-es-causa-primordial-de-diabetes-tipo-2\/#primaryimage"},"thumbnailUrl":"https:\/\/noti-america.com\/site\/venezuela\/wp-content\/uploads\/sites\/2\/2021\/10\/obesity-3247168_960_720.jpg","datePublished":"2022-02-22T11:53:56+00:00","dateModified":"2022-02-22T15:54:03+00:00","breadcrumb":{"@id":"https:\/\/noti-america.com\/site\/venezuela\/2022\/02\/22\/la-obesidad-es-causa-primordial-de-diabetes-tipo-2\/#breadcrumb"},"inLanguage":"es","potentialAction":[{"@type":"ReadAction","target":["https:\/\/noti-america.com\/site\/venezuela\/2022\/02\/22\/la-obesidad-es-causa-primordial-de-diabetes-tipo-2\/"]}]},{"@type":"ImageObject","inLanguage":"es","@id":"https:\/\/noti-america.com\/site\/venezuela\/2022\/02\/22\/la-obesidad-es-causa-primordial-de-diabetes-tipo-2\/#primaryimage","url":"https:\/\/noti-america.com\/site\/venezuela\/wp-content\/uploads\/sites\/2\/2021\/10\/obesity-3247168_960_720.jpg","contentUrl":"https:\/\/noti-america.com\/site\/venezuela\/wp-content\/uploads\/sites\/2\/2021\/10\/obesity-3247168_960_720.jpg"},{"@type":"BreadcrumbList","@id":"https:\/\/noti-america.com\/site\/venezuela\/2022\/02\/22\/la-obesidad-es-causa-primordial-de-diabetes-tipo-2\/#breadcrumb","itemListElement":[{"@type":"ListItem","position":1,"name":"Portada","item":"https:\/\/noti-america.com\/site\/venezuela\/"},{"@type":"ListItem","position":2,"name":"La obesidad es causa primordial de diabetes Tipo 2"}]},{"@type":"WebSite","@id":"https:\/\/noti-america.com\/site\/venezuela\/#website","url":"https:\/\/noti-america.com\/site\/venezuela\/","name":"Venezuela | Noti-America.com","description":"","publisher":{"@id":"https:\/\/noti-america.com\/site\/venezuela\/#organization"},"potentialAction":[{"@type":"SearchAction","target":{"@type":"EntryPoint","urlTemplate":"https:\/\/noti-america.com\/site\/venezuela\/?s={search_term_string}"},"query-input":{"@type":"PropertyValueSpecification","valueRequired":true,"valueName":"search_term_string"}}],"inLanguage":"es"},{"@type":"Organization","@id":"https:\/\/noti-america.com\/site\/venezuela\/#organization","name":"Noti-America LLC | Venezuela","url":"https:\/\/noti-america.com\/site\/venezuela\/","logo":{"@type":"ImageObject","inLanguage":"es","@id":"https:\/\/noti-america.com\/site\/venezuela\/#\/schema\/logo\/image\/","url":"https:\/\/noti-america.com\/site\/venezuela\/wp-content\/uploads\/sites\/2\/2020\/07\/LogoNA-4x3-1.jpg","contentUrl":"https:\/\/noti-america.com\/site\/venezuela\/wp-content\/uploads\/sites\/2\/2020\/07\/LogoNA-4x3-1.jpg","width":1236,"height":1080,"caption":"Noti-America LLC | Venezuela"},"image":{"@id":"https:\/\/noti-america.com\/site\/venezuela\/#\/schema\/logo\/image\/"}},{"@type":"Person","@id":"https:\/\/noti-america.com\/site\/venezuela\/#\/schema\/person\/fd58dbfb92a257e9dc5761bf69a855ff","name":"Rosmer Herrera","image":{"@type":"ImageObject","inLanguage":"es","@id":"https:\/\/secure.gravatar.com\/avatar\/153e75c261394dbf20ff1a1e70ea2be9494f2b40b7fc4e7704084db13220ae08?s=96&d=mm&r=g","url":"https:\/\/secure.gravatar.com\/avatar\/153e75c261394dbf20ff1a1e70ea2be9494f2b40b7fc4e7704084db13220ae08?s=96&d=mm&r=g","contentUrl":"https:\/\/secure.gravatar.com\/avatar\/153e75c261394dbf20ff1a1e70ea2be9494f2b40b7fc4e7704084db13220ae08?s=96&d=mm&r=g","caption":"Rosmer Herrera"},"url":"https:\/\/noti-america.com\/site\/venezuela\/author\/rosmer33\/"}]}},"_links":{"self":[{"href":"https:\/\/noti-america.com\/site\/venezuela\/wp-json\/wp\/v2\/posts\/18304","targetHints":{"allow":["GET"]}}],"collection":[{"href":"https:\/\/noti-america.com\/site\/venezuela\/wp-json\/wp\/v2\/posts"}],"about":[{"href":"https:\/\/noti-america.com\/site\/venezuela\/wp-json\/wp\/v2\/types\/post"}],"author":[{"embeddable":true,"href":"https:\/\/noti-america.com\/site\/venezuela\/wp-json\/wp\/v2\/users\/1"}],"replies":[{"embeddable":true,"href":"https:\/\/noti-america.com\/site\/venezuela\/wp-json\/wp\/v2\/comments?post=18304"}],"version-history":[{"count":1,"href":"https:\/\/noti-america.com\/site\/venezuela\/wp-json\/wp\/v2\/posts\/18304\/revisions"}],"predecessor-version":[{"id":18306,"href":"https:\/\/noti-america.com\/site\/venezuela\/wp-json\/wp\/v2\/posts\/18304\/revisions\/18306"}],"wp:featuredmedia":[{"embeddable":true,"href":"https:\/\/noti-america.com\/site\/venezuela\/wp-json\/wp\/v2\/media\/16766"}],"wp:attachment":[{"href":"https:\/\/noti-america.com\/site\/venezuela\/wp-json\/wp\/v2\/media?parent=18304"}],"wp:term":[{"taxonomy":"category","embeddable":true,"href":"https:\/\/noti-america.com\/site\/venezuela\/wp-json\/wp\/v2\/categories?post=18304"},{"taxonomy":"post_tag","embeddable":true,"href":"https:\/\/noti-america.com\/site\/venezuela\/wp-json\/wp\/v2\/tags?post=18304"}],"curies":[{"name":"wp","href":"https:\/\/api.w.org\/{rel}","templated":true}]}}