{"id":17025,"date":"2021-11-14T14:03:02","date_gmt":"2021-11-14T14:03:02","guid":{"rendered":"https:\/\/noti-america.com\/site\/venezuela\/2021\/11\/14\/dr-rafael-ramirez-colina-alcalde-por-marlon-s-jimenez-garcia\/"},"modified":"2021-11-14T14:03:02","modified_gmt":"2021-11-14T14:03:02","slug":"dr-rafael-ramirez-colina-alcalde-por-marlon-s-jimenez-garcia","status":"publish","type":"post","link":"https:\/\/noti-america.com\/site\/venezuela\/2021\/11\/14\/dr-rafael-ramirez-colina-alcalde-por-marlon-s-jimenez-garcia\/","title":{"rendered":"Dr. RAFAEL RAM\u00cdREZ COLINA, \u00a1ALCALDE!  Por: Marlon S Jim\u00e9nez Garc\u00eda."},"content":{"rendered":"<p>VENEZUELA | NOTI-AMERICA.COM<\/p>\n<p style=\"text-align: center;\">Dr. RAFAEL RAM\u00cdREZ COLINA, <strong>\u00a1ALCALDE!<\/strong><\/p>\n<p style=\"text-align: center;\">Por: Marlon S Jim\u00e9nez Garc\u00eda.<\/p>\n<p>El Dr.\u00a0 Rafael Ram\u00edrez Colina, ser\u00e1 a partir del 21N el pr\u00f3ximo alcalde de la ciudad de Maracaibo. \u00c9l Dr. Ram\u00edrez Colina no solo es Abogado de profesi\u00f3n y un funcionario p\u00fablico exitoso, sino que ha sido en toda su vida un abnegado luchador social y se ha preparado a trav\u00e9s de su militancia pol\u00edtica en un destacado dirigente con ideolog\u00eda puntal en la defensa de las libertades\u00a0 ciudadanas, demostradas en su ejercicio parlamentario, no solo ante el Consejo Legislativo Regional, sino ante la Asamblea Nacional, donde ha demostrado sus dotes\u00a0 como defensor de la democracia y su postura racional contra el comunismo.<\/p>\n<p>L\u00edder regional del Partido Pol\u00edtico Primero Justicia; partido \u00e9ste fundado en un movimiento nacional de alcance multiplural y universal, con una confluencia sist\u00e9mica entre el humanismo, el cristianismo, la libertad y la democracia; profundizando su accionar pol\u00edtico a trav\u00e9s de una \u201cideolog\u00eda\u201d donde, primariamente, tiene como fundamento meta pol\u00edtico el respeto a la dignidad de la persona humana, la justicia social, el bien com\u00fan, la perfectibilidad de la democracia, las libertades ciudadanas, la pluralidad pol\u00edtica y el progreso estructural de la sociedad; todo con un m\u00e9todo filos\u00f3fico para alcanzar el desarrollo integral en consonancia con el respeto al hombre y a las leyes.<\/p>\n<p>El Dr. Rafael Ram\u00edrez Colina es un hombre preparado integralmente para asumir sin ning\u00fan quiebre espiritual y f\u00edsico la ardua tarea de convertir a la ciudad de Maracaibo en una potencia social, econ\u00f3mica y cultural no solo de Venezuela sino del continente. \u00c9l conoce la din\u00e1mica pol\u00edtica y econ\u00f3mica que subyace en el r\u00e9gimen comunista que, a la mala hora, dirige los destinos del pa\u00eds y asume el reto que el destino le ha asignado.<\/p>\n<p>El Dr. Rafael Ram\u00edrez Colina cree denodadamente en el desarrollo, sin obviar las\u00a0caracter\u00edsticas\u00a0notables que sobre el hombre existe en cada uno de los tipos de sociedad. En sus pensamientos pol\u00edticos e ideol\u00f3gicos en sus escritos y\u00a0discursos, el pr\u00f3ximo alcalde de Maracaibo, no se hace un culto a una entidad abstracta ni una exaltaci\u00f3n del individuo considerado como \u00e1tomo social, sino m\u00e1s bien un imperativo de respeto a la persona humana, al hombre como ser\u00a0concreto\u00a0que lo concibe tambi\u00e9n como ser social. Es decir, el pr\u00f3ximo Alcalde de Maracaibo cree firmemente en solucionar los grandes problemas de la sociedad a partir de una reinterpretaci\u00f3n de la civilizaci\u00f3n cristiana. La propuesta filos\u00f3fico-pol\u00edtica de Primero Justicia est\u00e1 vigente y v\u00e1lida en la tarea por la recuperaci\u00f3n de la \u00b4\u00b4dignidad humana\u00b4\u00b4 como atributo esencial en todos los seres humanos y como eje axiol\u00f3gico de los dif\u00edciles escenarios de la sociedad actual, corrompida por los efectos nocivos del comunismo y de la impericia en el manejo de la acci\u00f3n gubernamental. El Dr. Rafael Ram\u00edrez Colina, tal cual su ideolog\u00eda pol\u00edtica, al dignificar al hombre no renuncia a la perspectiva colectiva y lo entiende como parte de una trama de relaciones, como alguien que \u201ctiende naturalmente a la sociedad y a su\u00a0comuni\u00f3n, en particular a la comunidad pol\u00edtica, y porque se refiere, en el orden propiamente pol\u00edtico y en la medida que el hombre es parte de la sociedad pol\u00edtica, al bien com\u00fan como superior al de los individuos\u201d<\/p>\n<p>El desaf\u00edo m\u00e1ximo del Dr. Rafael Ram\u00edrez Colina, como Alcalde es la inclusi\u00f3n: esto nace de su deterioro visceral por el actual r\u00e9gimen, para que todas las personas humanas sean tratadas como lo merecen serlo en virtud de su propia e inherente dignidad. Nadie queda afuera, <strong>en especial los m\u00e1s d\u00e9biles, los ancianos, los enfermos, los ni\u00f1os.<\/strong><\/p>\n<p>El progreso, que es su principal bandera de acci\u00f3n ejecutiva que es: la\u00a0acci\u00f3n\u00a0de ir hacia adelante, est\u00e1 inequ\u00edvocamente relacionado con la persona y su dignidad humana; el mejoramiento de su calidad de vida y su prosperidad hacen que ocurra una evoluci\u00f3n de un nivel inferior a otro superior. El tema del progreso atrae; en parte, porque es grande el deseo de mejorar y porque buscamos comprender hacia d\u00f3nde vamos para orientar\u00a0correctamente\u00a0las decisiones presentes y futuras. Hablar de progreso es posible desde una perspectiva en la cual podemos\u00a0distinguir\u00a0entre situaciones consideradas como peores y otras vistas como mejores; pasar de las primeras a las segundas es progresar. Es importante\u00a0distinguir\u00a0los diversos par\u00e1metros v\u00e1lidos que permitan conocer el estado existente entre progreso y retroceso; uno de esos par\u00e1metros radica en el grado de respeto que exista hacia el hombre en su relaci\u00f3n con su entorno integral. El respeto a esa relaci\u00f3n y progresar es: acabar con la miseria y el hambre; conseguir los medicamentos que necesitamos; tener un trabajo digno;\u00a0acceder\u00a0a salud, vivienda,\u00a0educaci\u00f3n; combatir a cero la inseguridad personal y de bienes; vivir en libertad y en paz. En eso basa su campa\u00f1a el Dr. Rafael Ram\u00edrez Colina y el equipo multi \u2013 disciplinario que lo acompa\u00f1a; trabajamos con denuedo para lograr ese cambio; he all\u00ed, su esfuerzo en el combate contra los ineptos y corruptos que han desmadrado al pueblo a nivel nacional, regional, municipal y parroquial, y otros <strong>escorpiones<\/strong>, financiados por el r\u00e9gimen, que han saltado a la palestra pol\u00edtica solo para vanagloriar su ego y sus apetencias. Si queremos un Maracaibo y un Estado Zulia \u201cvivible\u201d, con dignidad, con pasi\u00f3n por lo suyo y en progreso permanente, tenemos que salir a votar el 21N por el Dr. Rafael Ram\u00edrez Colina para Alcalde,\u00a0por el candidato a la gobernaci\u00f3n Manuel Rosales Guerrero, por Marcos Rivero, para Concejal en el circuito 3 del Municipio Maracaibo, y por TODOS los dem\u00e1s candidatos en la tarjeta de la UNIDAD, especialmente, por mis hermanos de lucha pol\u00edtica Guillermo Castellano Strup y Hern\u00e1n \u201cNacho\u201d Le\u00f3n, quienes van en esa tarjeta como candidatos a Diputados, al Consejo Legislativo Regional.<\/p>\n<p>Profesor Universitario<\/p>\n<p><a href=\"mailto:Marlons.jimenez55@gmail.com\">Marlons.jimenez55@gmail.com<\/a><\/p>\n<p>@marjimgar<\/p>\n","protected":false},"excerpt":{"rendered":"<p>VENEZUELA | NOTI-AMERICA.COM Dr. RAFAEL RAM\u00cdREZ COLINA, \u00a1ALCALDE! Por: Marlon S Jim\u00e9nez Garc\u00eda. El Dr.\u00a0 Rafael Ram\u00edrez Colina, ser\u00e1 a partir del 21N el pr\u00f3ximo alcalde de la ciudad de Maracaibo. \u00c9l Dr. Ram\u00edrez&#46;&#46;&#46;<\/p>\n","protected":false},"author":2,"featured_media":17026,"comment_status":"open","ping_status":"open","sticky":false,"template":"","format":"image","meta":{"_acf_changed":false,"om_disable_all_campaigns":false,"rop_custom_images_group":[],"rop_custom_messages_group":[],"rop_publish_now":"initial","rop_publish_now_accounts":{"twitter_242054905_242054905":""},"rop_publish_now_history":[],"rop_publish_now_status":"pending","_uf_show_specific_survey":0,"_uf_disable_surveys":false,"footnotes":""},"categories":[3],"tags":[],"class_list":["post-17025","post","type-post","status-publish","format-image","has-post-thumbnail","hentry","category-politica","post_format-post-format-image"],"acf":[],"aioseo_notices":[],"yoast_head":"<!-- This site is optimized with the Yoast SEO Premium plugin v24.9 (Yoast SEO v27.2) - https:\/\/yoast.com\/product\/yoast-seo-premium-wordpress\/ -->\n<title>Dr. RAFAEL RAM\u00cdREZ COLINA, \u00a1ALCALDE! Por: Marlon S Jim\u00e9nez Garc\u00eda. - Venezuela | Noti-America.com<\/title>\n<meta name=\"robots\" content=\"index, follow, max-snippet:-1, max-image-preview:large, max-video-preview:-1\" \/>\n<link rel=\"canonical\" href=\"https:\/\/noti-america.com\/site\/venezuela\/2021\/11\/14\/dr-rafael-ramirez-colina-alcalde-por-marlon-s-jimenez-garcia\/\" \/>\n<meta property=\"og:locale\" content=\"es_ES\" \/>\n<meta property=\"og:type\" content=\"article\" \/>\n<meta property=\"og:title\" content=\"Dr. RAFAEL RAM\u00cdREZ COLINA, \u00a1ALCALDE! Por: Marlon S Jim\u00e9nez Garc\u00eda.\" \/>\n<meta property=\"og:description\" content=\"VENEZUELA | NOTI-AMERICA.COM Dr. RAFAEL RAM\u00cdREZ COLINA, \u00a1ALCALDE! Por: Marlon S Jim\u00e9nez Garc\u00eda. El Dr.\u00a0 Rafael Ram\u00edrez Colina, ser\u00e1 a partir del 21N el pr\u00f3ximo alcalde de la ciudad de Maracaibo. \u00c9l Dr. Ram\u00edrez&#046;&#046;&#046;\" \/>\n<meta property=\"og:url\" content=\"https:\/\/noti-america.com\/site\/venezuela\/2021\/11\/14\/dr-rafael-ramirez-colina-alcalde-por-marlon-s-jimenez-garcia\/\" \/>\n<meta property=\"og:site_name\" content=\"Venezuela | Noti-America.com\" \/>\n<meta property=\"article:published_time\" content=\"2021-11-14T14:03:02+00:00\" \/>\n<meta property=\"og:image\" content=\"https:\/\/noti-america.com\/site\/venezuela\/wp-content\/uploads\/sites\/2\/2021\/11\/MARLON-JIMENEZ2-scaled.jpg\" \/>\n\t<meta property=\"og:image:width\" content=\"1920\" \/>\n\t<meta property=\"og:image:height\" content=\"2560\" \/>\n\t<meta property=\"og:image:type\" content=\"image\/jpeg\" \/>\n<meta name=\"author\" content=\"rloaiza\" \/>\n<meta name=\"twitter:card\" content=\"summary_large_image\" \/>\n<meta name=\"twitter:label1\" content=\"Escrito por\" \/>\n\t<meta name=\"twitter:data1\" content=\"rloaiza\" \/>\n\t<meta name=\"twitter:label2\" content=\"Tiempo estimado de lectura\" \/>\n\t<meta name=\"twitter:data2\" content=\"5 minutos\" \/>\n<script type=\"application\/ld+json\" class=\"yoast-schema-graph\">{\"@context\":\"https:\/\/schema.org\",\"@graph\":[{\"@type\":\"Article\",\"@id\":\"https:\/\/noti-america.com\/site\/venezuela\/2021\/11\/14\/dr-rafael-ramirez-colina-alcalde-por-marlon-s-jimenez-garcia\/#article\",\"isPartOf\":{\"@id\":\"https:\/\/noti-america.com\/site\/venezuela\/2021\/11\/14\/dr-rafael-ramirez-colina-alcalde-por-marlon-s-jimenez-garcia\/\"},\"author\":{\"name\":\"rloaiza\",\"@id\":\"https:\/\/noti-america.com\/site\/venezuela\/#\/schema\/person\/a2e478ba496331ce89bcd0c731cd6533\"},\"headline\":\"Dr. RAFAEL RAM\u00cdREZ COLINA, \u00a1ALCALDE! Por: Marlon S Jim\u00e9nez Garc\u00eda.\",\"datePublished\":\"2021-11-14T14:03:02+00:00\",\"mainEntityOfPage\":{\"@id\":\"https:\/\/noti-america.com\/site\/venezuela\/2021\/11\/14\/dr-rafael-ramirez-colina-alcalde-por-marlon-s-jimenez-garcia\/\"},\"wordCount\":1066,\"commentCount\":0,\"publisher\":{\"@id\":\"https:\/\/noti-america.com\/site\/venezuela\/#organization\"},\"image\":{\"@id\":\"https:\/\/noti-america.com\/site\/venezuela\/2021\/11\/14\/dr-rafael-ramirez-colina-alcalde-por-marlon-s-jimenez-garcia\/#primaryimage\"},\"thumbnailUrl\":\"https:\/\/noti-america.com\/site\/venezuela\/wp-content\/uploads\/sites\/2\/2021\/11\/MARLON-JIMENEZ2-scaled.jpg\",\"articleSection\":[\"Pol\u00edtica\"],\"inLanguage\":\"es\",\"potentialAction\":[{\"@type\":\"CommentAction\",\"name\":\"Comment\",\"target\":[\"https:\/\/noti-america.com\/site\/venezuela\/2021\/11\/14\/dr-rafael-ramirez-colina-alcalde-por-marlon-s-jimenez-garcia\/#respond\"]}]},{\"@type\":\"WebPage\",\"@id\":\"https:\/\/noti-america.com\/site\/venezuela\/2021\/11\/14\/dr-rafael-ramirez-colina-alcalde-por-marlon-s-jimenez-garcia\/\",\"url\":\"https:\/\/noti-america.com\/site\/venezuela\/2021\/11\/14\/dr-rafael-ramirez-colina-alcalde-por-marlon-s-jimenez-garcia\/\",\"name\":\"Dr. RAFAEL RAM\u00cdREZ COLINA, \u00a1ALCALDE! Por: Marlon S Jim\u00e9nez Garc\u00eda. - Venezuela | Noti-America.com\",\"isPartOf\":{\"@id\":\"https:\/\/noti-america.com\/site\/venezuela\/#website\"},\"primaryImageOfPage\":{\"@id\":\"https:\/\/noti-america.com\/site\/venezuela\/2021\/11\/14\/dr-rafael-ramirez-colina-alcalde-por-marlon-s-jimenez-garcia\/#primaryimage\"},\"image\":{\"@id\":\"https:\/\/noti-america.com\/site\/venezuela\/2021\/11\/14\/dr-rafael-ramirez-colina-alcalde-por-marlon-s-jimenez-garcia\/#primaryimage\"},\"thumbnailUrl\":\"https:\/\/noti-america.com\/site\/venezuela\/wp-content\/uploads\/sites\/2\/2021\/11\/MARLON-JIMENEZ2-scaled.jpg\",\"datePublished\":\"2021-11-14T14:03:02+00:00\",\"breadcrumb\":{\"@id\":\"https:\/\/noti-america.com\/site\/venezuela\/2021\/11\/14\/dr-rafael-ramirez-colina-alcalde-por-marlon-s-jimenez-garcia\/#breadcrumb\"},\"inLanguage\":\"es\",\"potentialAction\":[{\"@type\":\"ReadAction\",\"target\":[\"https:\/\/noti-america.com\/site\/venezuela\/2021\/11\/14\/dr-rafael-ramirez-colina-alcalde-por-marlon-s-jimenez-garcia\/\"]}]},{\"@type\":\"ImageObject\",\"inLanguage\":\"es\",\"@id\":\"https:\/\/noti-america.com\/site\/venezuela\/2021\/11\/14\/dr-rafael-ramirez-colina-alcalde-por-marlon-s-jimenez-garcia\/#primaryimage\",\"url\":\"https:\/\/noti-america.com\/site\/venezuela\/wp-content\/uploads\/sites\/2\/2021\/11\/MARLON-JIMENEZ2-scaled.jpg\",\"contentUrl\":\"https:\/\/noti-america.com\/site\/venezuela\/wp-content\/uploads\/sites\/2\/2021\/11\/MARLON-JIMENEZ2-scaled.jpg\",\"width\":1920,\"height\":2560},{\"@type\":\"BreadcrumbList\",\"@id\":\"https:\/\/noti-america.com\/site\/venezuela\/2021\/11\/14\/dr-rafael-ramirez-colina-alcalde-por-marlon-s-jimenez-garcia\/#breadcrumb\",\"itemListElement\":[{\"@type\":\"ListItem\",\"position\":1,\"name\":\"Portada\",\"item\":\"https:\/\/noti-america.com\/site\/venezuela\/\"},{\"@type\":\"ListItem\",\"position\":2,\"name\":\"Dr. RAFAEL RAM\u00cdREZ COLINA, \u00a1ALCALDE! Por: Marlon S Jim\u00e9nez Garc\u00eda.\"}]},{\"@type\":\"WebSite\",\"@id\":\"https:\/\/noti-america.com\/site\/venezuela\/#website\",\"url\":\"https:\/\/noti-america.com\/site\/venezuela\/\",\"name\":\"Venezuela | Noti-America.com\",\"description\":\"\",\"publisher\":{\"@id\":\"https:\/\/noti-america.com\/site\/venezuela\/#organization\"},\"potentialAction\":[{\"@type\":\"SearchAction\",\"target\":{\"@type\":\"EntryPoint\",\"urlTemplate\":\"https:\/\/noti-america.com\/site\/venezuela\/?s={search_term_string}\"},\"query-input\":{\"@type\":\"PropertyValueSpecification\",\"valueRequired\":true,\"valueName\":\"search_term_string\"}}],\"inLanguage\":\"es\"},{\"@type\":\"Organization\",\"@id\":\"https:\/\/noti-america.com\/site\/venezuela\/#organization\",\"name\":\"Noti-America LLC | Venezuela\",\"url\":\"https:\/\/noti-america.com\/site\/venezuela\/\",\"logo\":{\"@type\":\"ImageObject\",\"inLanguage\":\"es\",\"@id\":\"https:\/\/noti-america.com\/site\/venezuela\/#\/schema\/logo\/image\/\",\"url\":\"https:\/\/noti-america.com\/site\/venezuela\/wp-content\/uploads\/sites\/2\/2020\/07\/LogoNA-4x3-1.jpg\",\"contentUrl\":\"https:\/\/noti-america.com\/site\/venezuela\/wp-content\/uploads\/sites\/2\/2020\/07\/LogoNA-4x3-1.jpg\",\"width\":1236,\"height\":1080,\"caption\":\"Noti-America LLC | Venezuela\"},\"image\":{\"@id\":\"https:\/\/noti-america.com\/site\/venezuela\/#\/schema\/logo\/image\/\"}},{\"@type\":\"Person\",\"@id\":\"https:\/\/noti-america.com\/site\/venezuela\/#\/schema\/person\/a2e478ba496331ce89bcd0c731cd6533\",\"name\":\"rloaiza\",\"image\":{\"@type\":\"ImageObject\",\"inLanguage\":\"es\",\"@id\":\"https:\/\/secure.gravatar.com\/avatar\/190058e5d4427934610b99c45aa7a6558806850adedd53ddeddd194b04773e22?s=96&d=mm&r=g\",\"url\":\"https:\/\/secure.gravatar.com\/avatar\/190058e5d4427934610b99c45aa7a6558806850adedd53ddeddd194b04773e22?s=96&d=mm&r=g\",\"contentUrl\":\"https:\/\/secure.gravatar.com\/avatar\/190058e5d4427934610b99c45aa7a6558806850adedd53ddeddd194b04773e22?s=96&d=mm&r=g\",\"caption\":\"rloaiza\"},\"url\":\"https:\/\/noti-america.com\/site\/venezuela\/author\/rloaiza\/\"}]}<\/script>\n<!-- \/ Yoast SEO Premium plugin. -->","yoast_head_json":{"title":"Dr. RAFAEL RAM\u00cdREZ COLINA, \u00a1ALCALDE! Por: Marlon S Jim\u00e9nez Garc\u00eda. - Venezuela | Noti-America.com","robots":{"index":"index","follow":"follow","max-snippet":"max-snippet:-1","max-image-preview":"max-image-preview:large","max-video-preview":"max-video-preview:-1"},"canonical":"https:\/\/noti-america.com\/site\/venezuela\/2021\/11\/14\/dr-rafael-ramirez-colina-alcalde-por-marlon-s-jimenez-garcia\/","og_locale":"es_ES","og_type":"article","og_title":"Dr. RAFAEL RAM\u00cdREZ COLINA, \u00a1ALCALDE! Por: Marlon S Jim\u00e9nez Garc\u00eda.","og_description":"VENEZUELA | NOTI-AMERICA.COM Dr. RAFAEL RAM\u00cdREZ COLINA, \u00a1ALCALDE! Por: Marlon S Jim\u00e9nez Garc\u00eda. El Dr.\u00a0 Rafael Ram\u00edrez Colina, ser\u00e1 a partir del 21N el pr\u00f3ximo alcalde de la ciudad de Maracaibo. \u00c9l Dr. Ram\u00edrez&#46;&#46;&#46;","og_url":"https:\/\/noti-america.com\/site\/venezuela\/2021\/11\/14\/dr-rafael-ramirez-colina-alcalde-por-marlon-s-jimenez-garcia\/","og_site_name":"Venezuela | Noti-America.com","article_published_time":"2021-11-14T14:03:02+00:00","og_image":[{"width":1920,"height":2560,"url":"https:\/\/noti-america.com\/site\/venezuela\/wp-content\/uploads\/sites\/2\/2021\/11\/MARLON-JIMENEZ2-scaled.jpg","type":"image\/jpeg"}],"author":"rloaiza","twitter_card":"summary_large_image","twitter_misc":{"Escrito por":"rloaiza","Tiempo estimado de lectura":"5 minutos"},"schema":{"@context":"https:\/\/schema.org","@graph":[{"@type":"Article","@id":"https:\/\/noti-america.com\/site\/venezuela\/2021\/11\/14\/dr-rafael-ramirez-colina-alcalde-por-marlon-s-jimenez-garcia\/#article","isPartOf":{"@id":"https:\/\/noti-america.com\/site\/venezuela\/2021\/11\/14\/dr-rafael-ramirez-colina-alcalde-por-marlon-s-jimenez-garcia\/"},"author":{"name":"rloaiza","@id":"https:\/\/noti-america.com\/site\/venezuela\/#\/schema\/person\/a2e478ba496331ce89bcd0c731cd6533"},"headline":"Dr. RAFAEL RAM\u00cdREZ COLINA, \u00a1ALCALDE! Por: Marlon S Jim\u00e9nez Garc\u00eda.","datePublished":"2021-11-14T14:03:02+00:00","mainEntityOfPage":{"@id":"https:\/\/noti-america.com\/site\/venezuela\/2021\/11\/14\/dr-rafael-ramirez-colina-alcalde-por-marlon-s-jimenez-garcia\/"},"wordCount":1066,"commentCount":0,"publisher":{"@id":"https:\/\/noti-america.com\/site\/venezuela\/#organization"},"image":{"@id":"https:\/\/noti-america.com\/site\/venezuela\/2021\/11\/14\/dr-rafael-ramirez-colina-alcalde-por-marlon-s-jimenez-garcia\/#primaryimage"},"thumbnailUrl":"https:\/\/noti-america.com\/site\/venezuela\/wp-content\/uploads\/sites\/2\/2021\/11\/MARLON-JIMENEZ2-scaled.jpg","articleSection":["Pol\u00edtica"],"inLanguage":"es","potentialAction":[{"@type":"CommentAction","name":"Comment","target":["https:\/\/noti-america.com\/site\/venezuela\/2021\/11\/14\/dr-rafael-ramirez-colina-alcalde-por-marlon-s-jimenez-garcia\/#respond"]}]},{"@type":"WebPage","@id":"https:\/\/noti-america.com\/site\/venezuela\/2021\/11\/14\/dr-rafael-ramirez-colina-alcalde-por-marlon-s-jimenez-garcia\/","url":"https:\/\/noti-america.com\/site\/venezuela\/2021\/11\/14\/dr-rafael-ramirez-colina-alcalde-por-marlon-s-jimenez-garcia\/","name":"Dr. RAFAEL RAM\u00cdREZ COLINA, \u00a1ALCALDE! Por: Marlon S Jim\u00e9nez Garc\u00eda. - Venezuela | Noti-America.com","isPartOf":{"@id":"https:\/\/noti-america.com\/site\/venezuela\/#website"},"primaryImageOfPage":{"@id":"https:\/\/noti-america.com\/site\/venezuela\/2021\/11\/14\/dr-rafael-ramirez-colina-alcalde-por-marlon-s-jimenez-garcia\/#primaryimage"},"image":{"@id":"https:\/\/noti-america.com\/site\/venezuela\/2021\/11\/14\/dr-rafael-ramirez-colina-alcalde-por-marlon-s-jimenez-garcia\/#primaryimage"},"thumbnailUrl":"https:\/\/noti-america.com\/site\/venezuela\/wp-content\/uploads\/sites\/2\/2021\/11\/MARLON-JIMENEZ2-scaled.jpg","datePublished":"2021-11-14T14:03:02+00:00","breadcrumb":{"@id":"https:\/\/noti-america.com\/site\/venezuela\/2021\/11\/14\/dr-rafael-ramirez-colina-alcalde-por-marlon-s-jimenez-garcia\/#breadcrumb"},"inLanguage":"es","potentialAction":[{"@type":"ReadAction","target":["https:\/\/noti-america.com\/site\/venezuela\/2021\/11\/14\/dr-rafael-ramirez-colina-alcalde-por-marlon-s-jimenez-garcia\/"]}]},{"@type":"ImageObject","inLanguage":"es","@id":"https:\/\/noti-america.com\/site\/venezuela\/2021\/11\/14\/dr-rafael-ramirez-colina-alcalde-por-marlon-s-jimenez-garcia\/#primaryimage","url":"https:\/\/noti-america.com\/site\/venezuela\/wp-content\/uploads\/sites\/2\/2021\/11\/MARLON-JIMENEZ2-scaled.jpg","contentUrl":"https:\/\/noti-america.com\/site\/venezuela\/wp-content\/uploads\/sites\/2\/2021\/11\/MARLON-JIMENEZ2-scaled.jpg","width":1920,"height":2560},{"@type":"BreadcrumbList","@id":"https:\/\/noti-america.com\/site\/venezuela\/2021\/11\/14\/dr-rafael-ramirez-colina-alcalde-por-marlon-s-jimenez-garcia\/#breadcrumb","itemListElement":[{"@type":"ListItem","position":1,"name":"Portada","item":"https:\/\/noti-america.com\/site\/venezuela\/"},{"@type":"ListItem","position":2,"name":"Dr. RAFAEL RAM\u00cdREZ COLINA, \u00a1ALCALDE! Por: Marlon S Jim\u00e9nez Garc\u00eda."}]},{"@type":"WebSite","@id":"https:\/\/noti-america.com\/site\/venezuela\/#website","url":"https:\/\/noti-america.com\/site\/venezuela\/","name":"Venezuela | Noti-America.com","description":"","publisher":{"@id":"https:\/\/noti-america.com\/site\/venezuela\/#organization"},"potentialAction":[{"@type":"SearchAction","target":{"@type":"EntryPoint","urlTemplate":"https:\/\/noti-america.com\/site\/venezuela\/?s={search_term_string}"},"query-input":{"@type":"PropertyValueSpecification","valueRequired":true,"valueName":"search_term_string"}}],"inLanguage":"es"},{"@type":"Organization","@id":"https:\/\/noti-america.com\/site\/venezuela\/#organization","name":"Noti-America LLC | Venezuela","url":"https:\/\/noti-america.com\/site\/venezuela\/","logo":{"@type":"ImageObject","inLanguage":"es","@id":"https:\/\/noti-america.com\/site\/venezuela\/#\/schema\/logo\/image\/","url":"https:\/\/noti-america.com\/site\/venezuela\/wp-content\/uploads\/sites\/2\/2020\/07\/LogoNA-4x3-1.jpg","contentUrl":"https:\/\/noti-america.com\/site\/venezuela\/wp-content\/uploads\/sites\/2\/2020\/07\/LogoNA-4x3-1.jpg","width":1236,"height":1080,"caption":"Noti-America LLC | Venezuela"},"image":{"@id":"https:\/\/noti-america.com\/site\/venezuela\/#\/schema\/logo\/image\/"}},{"@type":"Person","@id":"https:\/\/noti-america.com\/site\/venezuela\/#\/schema\/person\/a2e478ba496331ce89bcd0c731cd6533","name":"rloaiza","image":{"@type":"ImageObject","inLanguage":"es","@id":"https:\/\/secure.gravatar.com\/avatar\/190058e5d4427934610b99c45aa7a6558806850adedd53ddeddd194b04773e22?s=96&d=mm&r=g","url":"https:\/\/secure.gravatar.com\/avatar\/190058e5d4427934610b99c45aa7a6558806850adedd53ddeddd194b04773e22?s=96&d=mm&r=g","contentUrl":"https:\/\/secure.gravatar.com\/avatar\/190058e5d4427934610b99c45aa7a6558806850adedd53ddeddd194b04773e22?s=96&d=mm&r=g","caption":"rloaiza"},"url":"https:\/\/noti-america.com\/site\/venezuela\/author\/rloaiza\/"}]}},"_links":{"self":[{"href":"https:\/\/noti-america.com\/site\/venezuela\/wp-json\/wp\/v2\/posts\/17025","targetHints":{"allow":["GET"]}}],"collection":[{"href":"https:\/\/noti-america.com\/site\/venezuela\/wp-json\/wp\/v2\/posts"}],"about":[{"href":"https:\/\/noti-america.com\/site\/venezuela\/wp-json\/wp\/v2\/types\/post"}],"author":[{"embeddable":true,"href":"https:\/\/noti-america.com\/site\/venezuela\/wp-json\/wp\/v2\/users\/2"}],"replies":[{"embeddable":true,"href":"https:\/\/noti-america.com\/site\/venezuela\/wp-json\/wp\/v2\/comments?post=17025"}],"version-history":[{"count":0,"href":"https:\/\/noti-america.com\/site\/venezuela\/wp-json\/wp\/v2\/posts\/17025\/revisions"}],"wp:featuredmedia":[{"embeddable":true,"href":"https:\/\/noti-america.com\/site\/venezuela\/wp-json\/wp\/v2\/media\/17026"}],"wp:attachment":[{"href":"https:\/\/noti-america.com\/site\/venezuela\/wp-json\/wp\/v2\/media?parent=17025"}],"wp:term":[{"taxonomy":"category","embeddable":true,"href":"https:\/\/noti-america.com\/site\/venezuela\/wp-json\/wp\/v2\/categories?post=17025"},{"taxonomy":"post_tag","embeddable":true,"href":"https:\/\/noti-america.com\/site\/venezuela\/wp-json\/wp\/v2\/tags?post=17025"}],"curies":[{"name":"wp","href":"https:\/\/api.w.org\/{rel}","templated":true}]}}