{"id":1701,"date":"2018-03-22T20:29:21","date_gmt":"2018-03-22T20:29:21","guid":{"rendered":"http:\/\/noti-america.com\/site\/venezuela\/?p=1701"},"modified":"2018-03-22T20:29:21","modified_gmt":"2018-03-22T20:29:21","slug":"arrestan-a-ex-jefe-del-plan-bolivar-2000","status":"publish","type":"post","link":"https:\/\/noti-america.com\/site\/venezuela\/2018\/03\/22\/arrestan-a-ex-jefe-del-plan-bolivar-2000\/","title":{"rendered":"Arrestan a ex jefe del Plan Bol\u00edvar 2000"},"content":{"rendered":"<blockquote><p><strong>Con este nuevo militar detenido, son varios los oficiales afectos al chavismo que en d\u00edas recientes las autoridades han aprehendido por diversos cargos, algunos por presunta conspiraci\u00f3n contra el Gobierno.<\/strong><\/p><\/blockquote>\n<p>Fue detenido el General retirado y\u00a0ex jefe del Plan Bol\u00edvar 2000,<b>\u00a0V\u00edctor Cruz Weffer,\u00a0<\/b>en el Aeropuerto de Maiquet\u00eda, quien ten\u00eda orden de aprehensi\u00f3n por parte del Ministerio P\u00fablico y alerta roja de Interpol por estafa y por estar vinculado al caso de Panam\u00e1 Papers, esto sucedi\u00f3 el martes 20 de marzo, en horas de la noche.<\/p>\n<p>El Fiscal General de la Rep\u00fablica,<b>\u00a0Tarek Willam Saab<\/b>, inform\u00f3 que Cruz Weffer fue detenido con una mujer identificada como\u00a0<b>Dioxana Vel\u00e1squez Fari\u00f1as<\/b>, tambi\u00e9n est\u00e1 solicitada por la Fiscal\u00eda.<\/p>\n<blockquote><p>\u201cVictor Cruz Weffer es judicializado por delitos de corrupci\u00f3n y legitimaci\u00f3n d capitales\u201d, se\u00f1al\u00f3 Tarek William Saab v\u00eda Twitter.<\/p><\/blockquote>\n<h2>Qui\u00e9n es Cruz Weffer<\/h2>\n<p><em>Graduado dos a\u00f1os antes que Ch\u00e1vez, Victor Cruz Weffer ocup\u00f3 el puesto n\u00famero 2 de su promoci\u00f3n 1973 en la Academia Militar. Aunque no form\u00f3 parte del 4 de febrero formaba parte de su c\u00edrculo de confianza<\/em><\/p>\n<hr \/>\n<p>En un trabajo redactado por la periodista venezolana Lisseth Boon, detalla que el militar, nombrado para tres cargos de la\u00a0<strong>burocracia chavista en 1999<\/strong>, sali\u00f3 en 2001 por la puerta de atr\u00e1s, acusado de corrupci\u00f3n por el ascenso en su\u00a0<strong>patrimonio<\/strong>\u00a0de\u00a01.071 millones de bol\u00edvares (aproximadamente<strong>\u00a0un mill\u00f3n de d\u00f3lares para la \u00e9poca<\/strong>), que no pudo justificar ante la\u00a0<strong>Contralor\u00eda General.\u00a0<\/strong><\/p>\n<p>El fiscal designado por la Constituyente, Tarek William Saab, hab\u00eda advertido que su despacho iba tras las personas se\u00f1aladas de corrupci\u00f3n y obtenci\u00f3n il\u00edcita de capitales descubiertas en la investigaci\u00f3n conocida como los Panam\u00e1 Papers.<\/p>\n<p>El\u00a0general retirado V\u00edctor Antonio Cruz Weffer se convirti\u00f3 en el primer detenido\u00a0por estos casos, tras su paso por el Plan Bol\u00edvar 2000,\u00a0la Comandancia del Ej\u00e9rcito, la presidencia de la Fundaci\u00f3n Propatria 2000 y del hoy extinto Fondo Nacional de Desarrollo Urbano (Fondur).<\/p>\n<p>La investigaci\u00f3n de\u00a0<em>Panama Papers<\/em>\u00a0detalla que \u201cel 18 de abril de 2007, el\u00a0<strong>General<\/strong>\u00a0fue imputado por los delitos de<strong>\u00a0enriquecimiento il\u00edcito y ocultamiento de datos<\/strong>\u00a0en su declaraci\u00f3n jurada de patrimonio\u201d.<\/p>\n<p>Hasta 2014 Cruz Weffer dirigi\u00f3 mediante testaferros\u00a0<strong>empresas que contrataron para el Estado venezolano<\/strong>, a pesar de las acusaciones realizadas. As\u00ed lo detalla la investigaci\u00f3n realizada por el grupo de periodistas que trabajaron el entramado de\u00a0<strong>para\u00edsos fiscales<\/strong>.<\/p>\n<h3>Implicaciones judiciales<\/h3>\n<p>El 6 de junio de 1999, en el programa\u00a0<em>Al\u00f3 Presidente<\/em>\u00a0n\u00famero 2, que por aquel entonces se transmit\u00eda por Radio Nacional de Venezuela, un voluntarioso Ch\u00e1vez anunci\u00f3 la construcci\u00f3n de unas primeras 128 viviendas populares en el sector de San Andr\u00e9s vali\u00e9ndose de la fusi\u00f3n de instituciones del Estado, \u201cpara evitar la anarqu\u00eda y la corrupci\u00f3n\u201d. Tambi\u00e9n, el reci\u00e9n estrenado presidente subray\u00f3 que para la edificaci\u00f3n de 1.424 apartamentos en el Valle de Caracas y otros 1.800 para los Valles del Tuy, en Miranda, ser\u00edan invertidos 20 mil millones de bol\u00edvares (33 millones de d\u00f3lares para la \u00e9poca), y que para comenzar s\u00f3lo el primer a\u00f1o, se hab\u00edan aprobado 7 mil millones de bol\u00edvares (11,5 millones de d\u00f3lares). \u201cEso forma parte del Plan Bol\u00edvar 2000 en el que yo me juego la vida\u201d, asegur\u00f3 el exmandatario, cuando la llamada V Rep\u00fablica era toda efervescencia.<\/p>\n<p>En aquel programa radial de 1999, Ch\u00e1vez tambi\u00e9n present\u00f3 al general V\u00edctor Antonio Cruz Weffer como el flamante jefe del Plan Bol\u00edvar 2000, quien se encargar\u00eda de manejar un presupuesto de 73.000 millones de bol\u00edvares ($120.462.046 de la \u00e9poca) entre 1999 y 2000 para ejecutar un proyecto que fungir\u00eda como el primer globo de ensayo de las misiones sociales del gobierno bolivariano.<\/p>\n<p>Pero el oficial, que ocupaba otros tres cargos en la burocracia chavista, no asisti\u00f3 a la inauguraci\u00f3n de estas obras. En diciembre de 2001 sali\u00f3 del gobierno por la puerta de atr\u00e1s en medio de denuncias de corrupci\u00f3n de las cuales ser\u00eda el principal protagonista.<\/p>\n<p><img decoding=\"async\" class=\"aligncenter\" src=\"https:\/\/encrypted-tbn0.gstatic.com\/images?q=tbn:ANd9GcRq_r87AoLjjE26eTeyK-fCFYx45EHa5lrvPHDTn4vVPKyzDT2e\" alt=\"Resultado de imagen para victor cruz weffer\" \/><\/p>\n<p>Apenas llevaba un mes fuera del gobierno cuando Cruz Weffer comenz\u00f3 a ser investigado por el Ministerio P\u00fablico (MP) el 14 de enero de 2002, a partir de una denuncia del Seniat y por una serie de reportajes period\u00edsticos publicados en varios medios nacionales que hac\u00edan referencia a irregularidades cometidas en el Proyecto Plan Bol\u00edvar 2000 y Fondur. Cinco a\u00f1os m\u00e1s tarde, el 18 de abril de 2007, el ex comandante del Ej\u00e9rcito fue imputado por los delitos de enriquecimiento il\u00edcito y ocultamiento de datos en su declaraci\u00f3n jurada de patrimonio.<\/p>\n<ul>\n<li><strong>El siguiente reportaje forma parte de la investigaci\u00f3n global sobre para\u00edsos fiscales #Panam\u00e1Papers coordinado por el Consorcio Internacional de Periodistas de Investigaci\u00f3n (ICIJ) y el diario alem\u00e1n\u00a0<em>S\u00fcddeutsche Zeitung.<\/em><\/strong><\/li>\n<\/ul>\n<h3>Se dirigi\u00f3 a para\u00edsos fiscales<\/h3>\n<p>El 7 de mayo de 2007, tres semanas despu\u00e9s de haber sido imputado por el Ministerio P\u00fablico por delitos incluidos en la Ley contra la Corrupci\u00f3n de Venezuela, Cruz Weffer desvi\u00f3 su trayectoria empresarial a otro continente, a unos 13 mil kil\u00f3metros de distancia de las viviendas populares cuyas cintas rojas no lleg\u00f3 a cortar. En Seychelles, un archipi\u00e9lago de arenas blancas y aguas color esmeralda del Oc\u00e9ano Indico, fue registrada a su nombre la empresa Univers Investment Ltd, con un capital de 50 mil d\u00f3lares.<\/p>\n<p><img loading=\"lazy\" decoding=\"async\" class=\"aligncenter\" src=\"http:\/\/panamapapersvenezuela.com\/wp-content\/uploads\/2016\/03\/Weffer1-300x212.jpg\" alt=\"Weffer1\" width=\"306\" height=\"216\" \/><\/p>\n<div id=\"lipsum\">\n<p>La inscripci\u00f3n de la sociedad de Cruz Weffer en este para\u00edso fiscal, reconocido refugio internacional del turismo de lujo y empresas de malet\u00edn para el lavado de dinero y evasi\u00f3n de impuestos, no ser\u00eda la primera operaci\u00f3n mercantil que efect\u00faa en el extranjero. \u00a0En 2007, la Fiscal\u00eda venezolana confirm\u00f3 el rastreo de transferencias por 330 mil d\u00f3lares realizadas por el oficial imputado hacia cuentas bancarias en el extranjero, seg\u00fan informe de Contralor\u00eda General de la Rep\u00fablica.<\/p>\n<p>A primera vista, el nombre de Cruz Weffer no aparece en la ficha de registro inicial ni en el certificado de continuidad con fecha del 29 de septiembre de 2008 que emiten las autoridades de Seychelles. De hecho, la inscripci\u00f3n de\u00a0<em>Univers Investment\u00a0<\/em>en el archipi\u00e9lago no la hizo directamente el militar venezolano sino Barreto &amp; Partners S\u00e0rl, una firma de administraci\u00f3n de propiedades domiciliada en Suiza, que a su vez es cliente del poderoso bufete de abogados Mossack Fonseca, radicado en Panam\u00e1.<\/p>\n<p>El nombre de Cruz Weffer est\u00e1 encubierto bajo la figura de \u201cbearer\u201d (portador, en ingl\u00e9s), una de las f\u00f3rmulas de registro de empresas que ofrece el bufete paname\u00f1o para garantizar un alto nivel de secretismo. En su caso, se cre\u00f3 una empresa offshore (que no realiza ninguna actividad econ\u00f3mica o comercial en el pa\u00eds donde est\u00e1 registrada y adem\u00e1s no paga impuestos) cuyo intermediario, Barreto &amp; Patners S\u00e0rl (cliente de M&amp;F) actu\u00f3 como representante.<\/p>\n<p>La inscripci\u00f3n de la empresa de Cruz Weffer cumpli\u00f3 las formalidades exigidas por la Seychelle International Business Authority (SIBA), que notific\u00f3 a la sucursal en el archipi\u00e9lago de Mossack Fonseca &amp; Company la incorporaci\u00f3n de\u00a0<em>Univers Investment<\/em>\u00a0el 7 de mayo de 2007, bajo el n\u00famero 036837.<\/p>\n<p>Barreto &amp; Partners S\u00e0rl ha abierto unas 47 empresas de malet\u00edn en para\u00edsos fiscales (6 de accionistas venezolanos en Seychelles) como intermediario de MF. Su sede, domiciliada en la Route de Lussy de St Prex, Suiza, contradice la magnitud del conjunto de compa\u00f1\u00edas que representa, cuyos propietarios se encuentran alrededor del mundo.<\/p>\n<p>En las bases de datos de MF est\u00e1 registrada la relaci\u00f3n del nombre de Cruz Weffer y Univers Investment. Sin embargo, en el intercambio de correos que se da en 2009 entre la casa matriz y la sucursal en Seychelles, trasciende que el SIBA solicit\u00f3 a MF que actualizara los nombres de los accionistas y direcciones de las sociedades registradas en el archipi\u00e9lago por exigencias de la enmienda de la Ley en Seychelles. Deb\u00edan ser entregados antes del 1ero de enero de 2010.<\/p>\n<p>La direcci\u00f3n del accionista \u00fanico (shareholder) de\u00a0<em>Univers Investment,\u00a0<\/em>tal como lo indica la ficha de registro, no se encuentra a orillas del Oc\u00e9ano \u00cdndico sino del Mar Caribe, espec\u00edficamente en Caracas, en las residencias Cascadas La Castellana, situadas en la urbanizaci\u00f3n del mismo nombre. \u00a0Se trata de un exclusivo conjunto residencial que cuenta con vigilancia privada y \u00a0rejas el\u00e9ctricas.<\/p>\n<p>La autora de esta nota contact\u00f3 a Cruz Weffer en la direcci\u00f3n de la empresa en Caracas. Solicitaron una entrevista por escrito el 15 de marzo de 2016, as\u00ed como el 25 de marzo de 2016 con un cuestionario de preguntas sobre las empresas registradas en el extranjero. V\u00eda correo electr\u00f3nico (30-03-2016), el oficial retirado neg\u00f3 haber registrado Univers Investment: \u201cRevisando por Internet pude verificar que Seychelles son un grupo de Islas pertenecientes al Continente Africano, donde jam\u00e1s, pero jam\u00e1s he estado, por tanto mal pude registrar una Sociedad en ese lugar\u201d (sic). Tambi\u00e9n, sugiri\u00f3 que pod\u00eda comprobarse f\u00e1cilmente sus salidas y entradas al pa\u00eds mediante una solicitud al Ministerio de Relaciones Exteriores. Agreg\u00f3 que \u201ca\u00f1os atr\u00e1s\u201d adquiri\u00f3 una empresa registrada en Panam\u00e1 por un monto de $50 para abrir una cuenta en un banco filial del Crediss Suiss (sic) en Ginebra, para solicitar un cr\u00e9dito a la financiadora italiana Credito and Svillupo con el fin de \u00a0desarrollar proyectos de vivienda en Venezuela. Aclar\u00f3 que tanto la empresa como la cuenta est\u00e1n actualmente cerradas.<\/p>\n<\/div>\n<figure id=\"attachment_97\" class=\"wp-caption aligncenter\"><a href=\"http:\/\/panamapapersvenezuela.com\/wp-content\/uploads\/2016\/03\/Weffer5.jpg\" rel=\"attachment wp-att-97\"><img loading=\"lazy\" decoding=\"async\" class=\"wp-image-97\" src=\"http:\/\/panamapapersvenezuela.com\/wp-content\/uploads\/2016\/03\/Weffer5-300x184.jpg\" alt=\"Weffer5\" width=\"600\" height=\"369\" \/><\/a><figcaption class=\"wp-caption-text\">A pie del \u00c1vila de Caracas est\u00e1 la sede de la compa\u00f1\u00eda Univers Investment, registrada en Seychelles en 2007.<\/figcaption><\/figure>\n<div id=\"lipsum\">\n<p>Al contrario de lo que asegura Cruz Weffer, hoy en d\u00eda no es necesario viajar hasta abrir una empresa en un para\u00edso fiscal. Pueden emitirse certificados de propiedad dif\u00edciles de rastrear conocidos como \u201cacciones al portador\u201d a trav\u00e9s de firmas que act\u00faan como intermediarios, como fue el caso de Univers Investment.<\/p>\n<p>La empresa de Cruz Weffer en Seychelles s\u00f3lo tuvo 4 a\u00f1os de duraci\u00f3n, durante los cuales no registr\u00f3 mayor movimiento, seg\u00fan su ficha de registro mercantil. Fue cerrada el 11 de abril de \u00a02011, a\u00f1o en que un tribunal absolvi\u00f3 el juicio por corrupci\u00f3n contra el ex jefe del Plan Bol\u00edvar 2000, medida que fue apelada poco despu\u00e9s por la Fiscal\u00eda.<\/p>\n<p><strong>El consentido de Ch\u00e1vez<\/strong><\/p>\n<p><img decoding=\"async\" src=\"http:\/\/runrun.es\/wp-content\/uploads\/2016\/04\/Patrimonio-Cruz-Weffer.png\" alt=\"Resultado de imagen para victor cruz weffer\" \/><\/p>\n<p>La cuestionada conducci\u00f3n de Cruz Weffer en el Plan Bol\u00edvar 2000 y Fondur se convirti\u00f3 en el primer esc\u00e1ndalo de corrupci\u00f3n del gobierno de Ch\u00e1vez no s\u00f3lo por el monto p\u00fablico que implic\u00f3 (unos 120 millones de d\u00f3lares) sino por involucrar a una de las figuras m\u00e1s leales al presidente fallecido.<\/p>\n<p>Presentado inicialmente por el propio Ch\u00e1vez como un \u201cnovedoso plan revolucionario\u201d, el Plan Bol\u00edvar 2000 comenz\u00f3 a ser blanco de se\u00f1alamientos por irregularidades pr\u00e1cticamente desde su inicio. \u00a0El diario\u00a0<em>El Nacional,<\/em>\u00a0por ejemplo, public\u00f3 que Cruz Weffer hab\u00eda comprado un apartamento en la exclusiva urbanizaci\u00f3n Colinas de Tamanaco por 1,8 millones de d\u00f3lares. El general se limit\u00f3 a decir que era objeto de una campa\u00f1a de difamaci\u00f3n, pero nunca desminti\u00f3 la compra.<\/p>\n<p>A dos a\u00f1os de su creaci\u00f3n, Ch\u00e1vez le fue restando poder a su ejecutor del Plan Bol\u00edvar 2000 hasta que el 24 diciembre de 2011, desde su programa radial Al\u00f3 Presidente, confirm\u00f3 que la remoci\u00f3n de Cruz Weffer de la Comandancia del Ej\u00e9rcito fue una \u201cdecisi\u00f3n de ajustar el alicate, como cualquier otra\u201d.<\/p>\n<p>Graduado dos a\u00f1os antes que Ch\u00e1vez, Cruz Weffer ocup\u00f3 el puesto n\u00famero 2 de su promoci\u00f3n 1973 en la Academia Militar. Aunque no form\u00f3 parte del fundacional 4 de febrero (asonada militar que encabez\u00f3 Ch\u00e1vez en 1992 contra el presidente Carlos Andr\u00e9s P\u00e9rez), formaba parte de su c\u00edrculo de confianza.<\/p>\n<p>\u201cCruz Weffer tuvo un trato privilegiado en los primeros a\u00f1os del gobierno de Ch\u00e1vez. No a cualquiera le daban un sector econ\u00f3mico estrat\u00e9gico como la construcci\u00f3n en Venezuela. El presidente fallecido le ten\u00eda estima, pero el oficial comenz\u00f3 a cometer demasiados excesos y eso no se lo perdon\u00f3\u201d, observa Roc\u00edo San Miguel, directora de la organizaci\u00f3n Control Ciudadado.<\/p>\n<p>La analista resalta que Ch\u00e1vez nunca castig\u00f3 a los uniformados que hubiesen incurrido en irregularidades administrativas, salvo el caso de Ra\u00fal Baduel y al militar del Central Azucarero Ezequiel Zamora (Caeez), general Delf\u00edn G\u00f3mez Parra (condenado en 2011 a 7 a\u00f1os y 7 meses de prisi\u00f3n cuando ya llevaba 5 a\u00f1os y dos meses preso), \u201cCuando Ch\u00e1vez se molestaba con ellos sol\u00eda alejarlos, nombrarlos en embajadas. \u00a0Actuaba como un\u00a0<em>pater familias<\/em>\u00a0en una relaci\u00f3n potestad y dominio hacia sus subordinados\u201d.<\/p>\n<p>San Miguel no descarta una posible \u201cguerra sucia\u201d dentro de las fuerzas armadas que impuls\u00f3 la ca\u00edda en desgracia de Cruz Weffer. \u00a0\u201cNo era moneda de oro para otros militares, por todo el poder que ostentaba\u201d.<\/p>\n<p>Un dato que resalta un informe sobre Venezuela de la firma estadounidense \u00a0Stratford (reproducido por\u00a0<em>Veneconom\u00eda<\/em>\u00a0en noviembre de 2011) podr\u00eda dar pistas sobre las fisuras dentro de las fuerzas armadas antes del golpe del \u00a011 de abril de 2002. El entonces ministro de la Defensa, Jos\u00e9 Vicente Rangel y el alto mando militar emitieron un comunicado p\u00fablico en el que manifestaban su apoyo pleno a Ch\u00e1vez. El documento, que ten\u00eda la intenci\u00f3n de contrarrestar el descontento dentro del Ej\u00e9rcito, no fue firmado por ninguno de los principales comandantes, entre ellos Lucas Rinc\u00f3n y Cruz Weffer, considerados como las fichas militares m\u00e1s importantes de Ch\u00e1vez.<\/p>\n<p>La creciente corrupci\u00f3n dentro el gobierno era una de las principales discrepancias dentro del Ej\u00e9rcito a comienzos de la primera d\u00e9cada del siglo. Basta con revisar las declaraciones de Cruz Weffer en el a\u00f1o 2000 para entender el criterio que ten\u00eda el ex general sobre el manejo de los dineros p\u00fablicos. Cuando a\u00fan era titular de Fondur, manifest\u00f3 estar en desacuerdo con la modalidad de licitaci\u00f3n para escoger las empresas que ejecutar\u00edan las obras. \u201cLas ganan 4 o 5 constructoras que son las mafias de la construcci\u00f3n; en cambio con la adjudicaci\u00f3n directa le estamos dando cabida a m\u00e1s de 400 empresas peque\u00f1as y medianas\u201d, declar\u00f3 a\u00a0<em>El Nacional\u00a0<\/em>el 8-03-2001.<\/p>\n<p><strong>Bajo perfil<\/strong><\/p>\n<p>Aunque Cruz Weffer procur\u00f3 pasar agachado despu\u00e9s de ser separado de los cargos, no dej\u00f3 de trabajar indirectamente para el gobierno chavista. Seg\u00fan el registro del Seguro Social IVSS, hasta 2014 fue presidente de la empresa Grandes desarrollos integrales y organizacionales de soluciones sociales C.A (Grandiosos), una contratista del Estado cuyo objeto social es \u201cla ejecuci\u00f3n y realizaci\u00f3n de obras y proyectos relacionados con la construcci\u00f3n civil, el\u00e9ctrica e industrial\u201d. Un sector sobre el que ya ten\u00eda experiencia el general retirado.<\/p>\n<\/div>\n<figure id=\"attachment_100\" class=\"wp-caption aligncenter\"><a href=\"http:\/\/panamapapersvenezuela.com\/wp-content\/uploads\/2016\/03\/Sede-Grandiosos.jpg\" rel=\"attachment wp-att-98\"><img loading=\"lazy\" decoding=\"async\" class=\"wp-image-100\" src=\"http:\/\/panamapapersvenezuela.com\/wp-content\/uploads\/2016\/03\/Sede-Grandiosos-300x150.jpg\" alt=\"\" width=\"600\" height=\"300\" \/><\/a><figcaption class=\"wp-caption-text\">La empresa Grandes desarrollos integrales y organizacionales de soluciones sociales C.A (Grandiosos) funcionaba en estas oficinas ubicadas en la capital venezolana. Sin embargo, ahora all\u00ed se encuentra un portal de noticias, una productora y una academia de modelaje.<\/figcaption><\/figure>\n<div id=\"lipsum\">\n<p>Seg\u00fan el Registro Nacional de Contratistas (RNC), la vicepresidencia de Grandiosos era ocupada por Jos\u00e9 Antonio P\u00e1ez Jurado, compa\u00f1ero de la Academia Militar de Cruz Weffer pero de la promoci\u00f3n 1972 General de Brigada Pedro Brice\u00f1o M\u00e9ndez.<\/p>\n<p>Grandiosos est\u00e1 desactualizada en el RNC, es decir, est\u00e1 inhabilitada para contratar con el Estado. Tampoco tiene sede, al menos ya no funciona en la direcci\u00f3n que indica el Registro, en la Torre Credicard de El Bosque. Los nuevos ocupantes de la oficina (el portal de noticias\u00a0<em>Entodonoticias.com<\/em>, de abierta l\u00ednea pro oficialista; una productora de televisi\u00f3n y una academia de modelaje) no tienen informaci\u00f3n donde ubicar a la empresa de construcci\u00f3n presidida por Cruz Weffer, que se mud\u00f3 del lugar hace aproximadamente dos a\u00f1os. \u00a0Los tel\u00e9fonos Cantv que indica la ficha RNC no funcionan.<\/p>\n<p>En los a\u00f1os que era investigado mas a\u00fan no imputado por corrupci\u00f3n, Cruz Weffer se dedic\u00f3 a actividades empresariales. Aparece como director ejecutivo de la empresa Pac Rim Group, registrada en Caracas en 2005. Pese a no estar en el Registro Nacional de Contratistas (RNC), esta compa\u00f1\u00eda firm\u00f3 el 12 de mayo del a\u00f1o siguiente de su creaci\u00f3n un contrato de Alianza estrat\u00e9gica con la Gobernaci\u00f3n de Carabobo, bajo la administraci\u00f3n de Luis Felipe Acosta Carl\u00e9s -general de Brigada de la Guardia Nacional Bolivariana (GNB)- para la \u201cconstrucci\u00f3n, equipamiento, gesti\u00f3n administrativa, operaci\u00f3n y mantenimiento del Aeropuerto Internacional Bartolom\u00e9 Salom de Puerto Cabello.<\/p>\n<p>Seg\u00fan el documento, la alianza con la Gobernaci\u00f3n de Carabobo implicaba m\u00e1s: el otorgamiento de la concesi\u00f3n de 50 a\u00f1os a Pac Rim Group, contados desde el 12 de mayo de 2016 hasta el 12 de mayo de 2056. En esa ocasi\u00f3n, la empresa estim\u00f3 una inversi\u00f3n aproximada de 850 millones de d\u00f3lares en infraestructura, equipos y adquisici\u00f3n de terrenos adyacentes para construir la pista del aeropuerto operativo, entre otros gastos. Actualmente, el aeropuerto de Puerto Cabello se encuentra operativo, pero no tiene vuelos comerciales. Pertenece a Bolivariana de Aeropuertos (Baer), adscrito al Ministerio para el Transporte Acu\u00e1tico y A\u00e9reo.<\/p>\n<p>Cruz Weffer tambi\u00e9n registr\u00f3 propiedades en Estados Unidos junto con su ex esposa, Lenis Josefina Le\u00f3n de Cruz antes de ser imputado. Seg\u00fan los registros oficiales de Broward County Florida, el 25 de noviembre de 1996 fueron beneficiarios de una concesi\u00f3n de una propiedad en 16691 Royal Poinciana Dr, Fort Lauderdale, Florida, valorada en $287.300. Esa misma propiedad fue traspasada por la pareja por la pareja a Corey Schmith el 23 de mayo de 2005.<\/p>\n<p>Otra propiedad donde Cruz Weffer tiene domiciliado su nombre en EEUU es el 524 N Paxton Alexandria, Virginia 2230, donde funciona la compa\u00f1\u00eda Cruz and Tran (registrada el 27 de enero 2011) que seg\u00fan el registro Realtor.com est\u00e1 valorada en $ 493.025.<\/p>\n<p>Cruz Weffer admite v\u00eda email que a partir de 2003, cuando pas\u00f3 oficialmente a retiro, se dedic\u00f3 a trabajar independientemente. En Venezuela cre\u00f3 dos empresas de construcci\u00f3n (una activa y otra inactiva) y una tercera en el extranjero, de \u201ccapital y personal bajo\u201d, aclara. Asimismo, es asesor de varias empresas del sector. Detalla que tiene dos cuentas personales y una jur\u00eddica a nombre de Promotora Colinas de Yara que desarrolla un conjunto residencial en Matur\u00edn, Monagas, llamado Puertas del Sur Country.<\/p>\n<\/div>\n<div id=\"lipsum\">\n<p>Agrega en el escrito que en el exterior tiene una cuenta personal abierta recientemente en el Banco Banistmo de Panam\u00e1, \u201cen virtud de que estoy tratando de desarrollar un proyecto de casas de interes social en ese pa\u00eds\u201d, y una cuenta jur\u00eddica a nombre de VK Land Group, administrada \u201cunilateralmente\u201d por su pareja, Krsmer Vel\u00e1squez Fari\u00f1as.<\/p>\n<p><strong>Retardo procesal<\/strong><\/p>\n<p>Desde que comenz\u00f3 a ser investigado por la Fiscal\u00eda en 2002, el proceso judicial contra Cruz Weffer ha estado lleno de intermitencias a lo largo de 14 a\u00f1os: anulaciones, recursos de amparo y apelaciones lo convierten en un caso de retardo procesal \u201cen beneficio del imputado\u201d, describe Juan Carlos Apitz, profesor universitario y ex magistrado del TSJ. \u201cLos accidentes han servido para que el imputado no haya sido finalmente condenado y purgue su condena\u201d.<\/p>\n<figure id=\"attachment_101\" class=\"wp-caption aligncenter\"><a href=\"http:\/\/panamapapersvenezuela.com\/wp-content\/uploads\/2016\/03\/Res-Cagigal-2.jpg\" rel=\"attachment wp-att-101\"><img loading=\"lazy\" decoding=\"async\" class=\"wp-image-101\" src=\"http:\/\/panamapapersvenezuela.com\/wp-content\/uploads\/2016\/03\/Res-Cagigal-2-300x184.jpg\" alt=\"Res Cagigal 2\" width=\"600\" height=\"369\" \/><\/a><figcaption class=\"wp-caption-text\">Residencias Cajigal, El Valle. Primer proyecto de Plan Bol\u00edvar 2000.<\/figcaption><\/figure>\n<p>La \u00faltima decisi\u00f3n judicial que se conoce data del 16 de julio de 2013, cuando la Sala Constitucional del Tribunal Supremo de Justicia ordena el enjuiciamiento contra Cruz Weffer, instruyendo a la Sala de Apelaciones del Circuito Judicial Penal de Caracas a resolver el recurso de apelaci\u00f3n intentado por el Ministerio P\u00fablico. Pero \u201c\u00bfd\u00f3nde est\u00e1 la nueva sentencia? \u00bfqu\u00e9 pas\u00f3 con el expediente de la Corte de Apelaciones?\u201d, se pregunta Apitz.<\/p>\n<p>El juicio contra el ex presidente del Plan Bol\u00edvar 2000 luce \u201cengavetado\u201d, f\u00f3rmula que permite que con el tiempo \u00a0se olviden los delitos y sus respectivas penas, recuerda Apitz. Si se tiene en cuenta que la consumaci\u00f3n de los delitos imputados a Cruz Weffer se remontan a 2002, y el art\u00edculo 108 del C\u00f3digo Penal indica que una acci\u00f3n penal prescribe a los 15 a\u00f1os, en 2017 podr\u00edan quedar sin efecto el proceso penal contra el primer caso de corrupci\u00f3n del gobierno de Ch\u00e1vez.<\/p>\n<hr \/>\n<blockquote><p><em><strong>Cruz Weffer se defiende<\/strong><\/em><\/p>\n<p>El 30 de marzo de 2016 Cruz Weffer afirm\u00f3 v\u00eda correo electr\u00f3nico que la misma Contralor\u00eda General de la Rep\u00fablica reconoci\u00f3, mediante la derogatoria al Departamento de Estado norteamericano, la existencia de un cr\u00e9dito del Sun Trust Bank por 330.000 d\u00f3lares, debidamente declarados y recibidos en transferencia en el Banco del Caribe, equivalentes a Bs. 480.000 cuando no exist\u00eda control de cambio en el pa\u00eds. \u201cLo adquirido con ese dinero -terrenos, equipos, material para cultivos organop\u00f3nicos, tractores, plantas el\u00e9ctricas- se sumaron al incremento patrimonial en vez de ser restados por la m\u00e1s perversa y manifiesta mala intenci\u00f3n. La Contralor\u00eda manifest\u00f3 que no deb\u00edan ser considerados en la declaraci\u00f3n jurada de patrimonio por tratarse de una empresa de mi propiedad, Criadero Villa de Lobos, sin embargo s\u00ed fueron considerados como incremento patrimonial personal\u201d, asegur\u00f3 9 a\u00f1os despu\u00e9s del informe de la CGR.<\/p>\n<p>Tambi\u00e9n, sobre lo que califica como \u201csupuesto delito de ocultamiento de datos\u201d, Cruz Weffer indica que el terreno de Nueva Tucacas, estado Falc\u00f3n, que ciertamente no fue declarado, ten\u00eda un valor entonces de Bs. 12.000, que la propia Contralor\u00eda describe como \u201ctipo rancho, con calles sin aceras ni cloacas ni asfaltadas\u201d, que adem\u00e1s med\u00eda 240 metros cuadrados y asegura que nunca fue hasta el lugar a conocerlas, raz\u00f3n por la cual no la incluy\u00f3 en la declaraci\u00f3n. \u201c\u00bfCu\u00e1l es la mala intenci\u00f3n de ocultar un bien con esas caracter\u00edsticas?\u201d, se pregunta el general retirado.<\/p>\n<p>Fuente:reportaje de Lisseth Boon, Panama Papers<\/p><\/blockquote>\n<\/div>\n","protected":false},"excerpt":{"rendered":"<p>Con este nuevo militar detenido, son varios los oficiales afectos al chavismo que en d\u00edas recientes las autoridades han aprehendido por diversos cargos, algunos por presunta conspiraci\u00f3n contra el Gobierno. Fue detenido el General&#46;&#46;&#46;<\/p>\n","protected":false},"author":11,"featured_media":1702,"comment_status":"open","ping_status":"open","sticky":false,"template":"","format":"standard","meta":{"_acf_changed":false,"om_disable_all_campaigns":false,"rop_custom_images_group":[],"rop_custom_messages_group":[],"rop_publish_now":"initial","rop_publish_now_accounts":{"twitter_242054905_242054905":""},"rop_publish_now_history":[],"rop_publish_now_status":"pending","_uf_show_specific_survey":0,"_uf_disable_surveys":false,"footnotes":""},"categories":[5,4,3,11],"tags":[],"class_list":["post-1701","post","type-post","status-publish","format-standard","has-post-thumbnail","hentry","category-economia","category-internacionales","category-politica","category-sucesos"],"acf":[],"aioseo_notices":[],"yoast_head":"<!-- This site is optimized with the Yoast SEO Premium plugin v24.9 (Yoast SEO v27.2) - https:\/\/yoast.com\/product\/yoast-seo-premium-wordpress\/ -->\n<title>Arrestan a ex jefe del Plan Bol\u00edvar 2000 - Venezuela | Noti-America.com<\/title>\n<meta name=\"robots\" content=\"index, follow, max-snippet:-1, max-image-preview:large, max-video-preview:-1\" \/>\n<link rel=\"canonical\" href=\"https:\/\/noti-america.com\/site\/venezuela\/2018\/03\/22\/arrestan-a-ex-jefe-del-plan-bolivar-2000\/\" \/>\n<meta property=\"og:locale\" content=\"es_ES\" \/>\n<meta property=\"og:type\" content=\"article\" \/>\n<meta property=\"og:title\" content=\"Arrestan a ex jefe del Plan Bol\u00edvar 2000\" \/>\n<meta property=\"og:description\" content=\"Con este nuevo militar detenido, son varios los oficiales afectos al chavismo que en d\u00edas recientes las autoridades han aprehendido por diversos cargos, algunos por presunta conspiraci\u00f3n contra el Gobierno. Fue detenido el General&#046;&#046;&#046;\" \/>\n<meta property=\"og:url\" content=\"https:\/\/noti-america.com\/site\/venezuela\/2018\/03\/22\/arrestan-a-ex-jefe-del-plan-bolivar-2000\/\" \/>\n<meta property=\"og:site_name\" content=\"Venezuela | Noti-America.com\" \/>\n<meta property=\"article:published_time\" content=\"2018-03-22T20:29:21+00:00\" \/>\n<meta property=\"og:image\" content=\"https:\/\/noti-america.com\/site\/venezuela\/wp-content\/uploads\/sites\/2\/2018\/03\/general-victor-cruz-weffer.jpg\" \/>\n\t<meta property=\"og:image:width\" content=\"660\" \/>\n\t<meta property=\"og:image:height\" content=\"400\" \/>\n\t<meta property=\"og:image:type\" content=\"image\/jpeg\" \/>\n<meta name=\"author\" content=\"Yliana Duque\" \/>\n<meta name=\"twitter:card\" content=\"summary_large_image\" \/>\n<meta name=\"twitter:creator\" content=\"@ylianaduque\" \/>\n<meta name=\"twitter:label1\" content=\"Escrito por\" \/>\n\t<meta name=\"twitter:data1\" content=\"Yliana Duque\" \/>\n\t<meta name=\"twitter:label2\" content=\"Tiempo estimado de lectura\" \/>\n\t<meta name=\"twitter:data2\" content=\"18 minutos\" \/>\n<script type=\"application\/ld+json\" class=\"yoast-schema-graph\">{\"@context\":\"https:\/\/schema.org\",\"@graph\":[{\"@type\":\"Article\",\"@id\":\"https:\/\/noti-america.com\/site\/venezuela\/2018\/03\/22\/arrestan-a-ex-jefe-del-plan-bolivar-2000\/#article\",\"isPartOf\":{\"@id\":\"https:\/\/noti-america.com\/site\/venezuela\/2018\/03\/22\/arrestan-a-ex-jefe-del-plan-bolivar-2000\/\"},\"author\":{\"name\":\"Yliana Duque\",\"@id\":\"https:\/\/noti-america.com\/site\/venezuela\/#\/schema\/person\/a166d9d45f249dbd09521fbc2e7342d8\"},\"headline\":\"Arrestan a ex jefe del Plan Bol\u00edvar 2000\",\"datePublished\":\"2018-03-22T20:29:21+00:00\",\"mainEntityOfPage\":{\"@id\":\"https:\/\/noti-america.com\/site\/venezuela\/2018\/03\/22\/arrestan-a-ex-jefe-del-plan-bolivar-2000\/\"},\"wordCount\":3691,\"commentCount\":0,\"publisher\":{\"@id\":\"https:\/\/noti-america.com\/site\/venezuela\/#organization\"},\"image\":{\"@id\":\"https:\/\/noti-america.com\/site\/venezuela\/2018\/03\/22\/arrestan-a-ex-jefe-del-plan-bolivar-2000\/#primaryimage\"},\"thumbnailUrl\":\"https:\/\/noti-america.com\/site\/venezuela\/wp-content\/uploads\/sites\/2\/2018\/03\/general-victor-cruz-weffer.jpg\",\"articleSection\":[\"Econom\u00eda\",\"Internacionales\",\"Pol\u00edtica\",\"Sucesos\"],\"inLanguage\":\"es\",\"potentialAction\":[{\"@type\":\"CommentAction\",\"name\":\"Comment\",\"target\":[\"https:\/\/noti-america.com\/site\/venezuela\/2018\/03\/22\/arrestan-a-ex-jefe-del-plan-bolivar-2000\/#respond\"]}]},{\"@type\":\"WebPage\",\"@id\":\"https:\/\/noti-america.com\/site\/venezuela\/2018\/03\/22\/arrestan-a-ex-jefe-del-plan-bolivar-2000\/\",\"url\":\"https:\/\/noti-america.com\/site\/venezuela\/2018\/03\/22\/arrestan-a-ex-jefe-del-plan-bolivar-2000\/\",\"name\":\"Arrestan a ex jefe del Plan Bol\u00edvar 2000 - Venezuela | Noti-America.com\",\"isPartOf\":{\"@id\":\"https:\/\/noti-america.com\/site\/venezuela\/#website\"},\"primaryImageOfPage\":{\"@id\":\"https:\/\/noti-america.com\/site\/venezuela\/2018\/03\/22\/arrestan-a-ex-jefe-del-plan-bolivar-2000\/#primaryimage\"},\"image\":{\"@id\":\"https:\/\/noti-america.com\/site\/venezuela\/2018\/03\/22\/arrestan-a-ex-jefe-del-plan-bolivar-2000\/#primaryimage\"},\"thumbnailUrl\":\"https:\/\/noti-america.com\/site\/venezuela\/wp-content\/uploads\/sites\/2\/2018\/03\/general-victor-cruz-weffer.jpg\",\"datePublished\":\"2018-03-22T20:29:21+00:00\",\"breadcrumb\":{\"@id\":\"https:\/\/noti-america.com\/site\/venezuela\/2018\/03\/22\/arrestan-a-ex-jefe-del-plan-bolivar-2000\/#breadcrumb\"},\"inLanguage\":\"es\",\"potentialAction\":[{\"@type\":\"ReadAction\",\"target\":[\"https:\/\/noti-america.com\/site\/venezuela\/2018\/03\/22\/arrestan-a-ex-jefe-del-plan-bolivar-2000\/\"]}]},{\"@type\":\"ImageObject\",\"inLanguage\":\"es\",\"@id\":\"https:\/\/noti-america.com\/site\/venezuela\/2018\/03\/22\/arrestan-a-ex-jefe-del-plan-bolivar-2000\/#primaryimage\",\"url\":\"https:\/\/noti-america.com\/site\/venezuela\/wp-content\/uploads\/sites\/2\/2018\/03\/general-victor-cruz-weffer.jpg\",\"contentUrl\":\"https:\/\/noti-america.com\/site\/venezuela\/wp-content\/uploads\/sites\/2\/2018\/03\/general-victor-cruz-weffer.jpg\",\"width\":660,\"height\":400},{\"@type\":\"BreadcrumbList\",\"@id\":\"https:\/\/noti-america.com\/site\/venezuela\/2018\/03\/22\/arrestan-a-ex-jefe-del-plan-bolivar-2000\/#breadcrumb\",\"itemListElement\":[{\"@type\":\"ListItem\",\"position\":1,\"name\":\"Portada\",\"item\":\"https:\/\/noti-america.com\/site\/venezuela\/\"},{\"@type\":\"ListItem\",\"position\":2,\"name\":\"Arrestan a ex jefe del Plan Bol\u00edvar 2000\"}]},{\"@type\":\"WebSite\",\"@id\":\"https:\/\/noti-america.com\/site\/venezuela\/#website\",\"url\":\"https:\/\/noti-america.com\/site\/venezuela\/\",\"name\":\"Venezuela | Noti-America.com\",\"description\":\"\",\"publisher\":{\"@id\":\"https:\/\/noti-america.com\/site\/venezuela\/#organization\"},\"potentialAction\":[{\"@type\":\"SearchAction\",\"target\":{\"@type\":\"EntryPoint\",\"urlTemplate\":\"https:\/\/noti-america.com\/site\/venezuela\/?s={search_term_string}\"},\"query-input\":{\"@type\":\"PropertyValueSpecification\",\"valueRequired\":true,\"valueName\":\"search_term_string\"}}],\"inLanguage\":\"es\"},{\"@type\":\"Organization\",\"@id\":\"https:\/\/noti-america.com\/site\/venezuela\/#organization\",\"name\":\"Noti-America LLC | Venezuela\",\"url\":\"https:\/\/noti-america.com\/site\/venezuela\/\",\"logo\":{\"@type\":\"ImageObject\",\"inLanguage\":\"es\",\"@id\":\"https:\/\/noti-america.com\/site\/venezuela\/#\/schema\/logo\/image\/\",\"url\":\"https:\/\/noti-america.com\/site\/venezuela\/wp-content\/uploads\/sites\/2\/2020\/07\/LogoNA-4x3-1.jpg\",\"contentUrl\":\"https:\/\/noti-america.com\/site\/venezuela\/wp-content\/uploads\/sites\/2\/2020\/07\/LogoNA-4x3-1.jpg\",\"width\":1236,\"height\":1080,\"caption\":\"Noti-America LLC | Venezuela\"},\"image\":{\"@id\":\"https:\/\/noti-america.com\/site\/venezuela\/#\/schema\/logo\/image\/\"}},{\"@type\":\"Person\",\"@id\":\"https:\/\/noti-america.com\/site\/venezuela\/#\/schema\/person\/a166d9d45f249dbd09521fbc2e7342d8\",\"name\":\"Yliana Duque\",\"image\":{\"@type\":\"ImageObject\",\"inLanguage\":\"es\",\"@id\":\"https:\/\/secure.gravatar.com\/avatar\/8caf2a4035762b3be44c3a0455581febe2d5273a41ac40dacc575b8aa348fe65?s=96&d=mm&r=g\",\"url\":\"https:\/\/secure.gravatar.com\/avatar\/8caf2a4035762b3be44c3a0455581febe2d5273a41ac40dacc575b8aa348fe65?s=96&d=mm&r=g\",\"contentUrl\":\"https:\/\/secure.gravatar.com\/avatar\/8caf2a4035762b3be44c3a0455581febe2d5273a41ac40dacc575b8aa348fe65?s=96&d=mm&r=g\",\"caption\":\"Yliana Duque\"},\"description\":\"Ejercer el periodismo requiere de pasi\u00f3n y conocimiento en investigaci\u00f3n de campo. Siempre en la b\u00fasqueda de la verdad para aportar claridad y poder discernir sobre el hecho noticioso. Egresada de la Universidad de los Andes. Maestria en Relaciones Internacionales (UCV). Diplomado de Educaci\u00f3n Superior (Universidad Experimental LIbertador (UPEL), y Educaci\u00f3n superior a distancia (UFT). Estudios de Locuci\u00f3n- Actuaci\u00f3n-Publicidad y Mercadeo, Redes. Subdirectora de relaciones p\u00fablicas de la Asamablea Legislativa del Estado Sucre(1995)-Periodista de TELESOL,Telecaribe (Sucre). Jefe de Prensa de la Gobernaci\u00f3n del Estado Amazonas(1997). Periodista Comandancia General del Ej\u00e9rcito, Fuerte Tiuna (1996). Lider de Proyectos en educaci\u00f3n Superior en la Universidad Ferm\u00edn Toro (UFT) (2000). Docente Universitario UFT (2002-2007)-Docente de Educaci\u00f3n Superior a Distancia -titulado. Periodista Diario El Informador. Periodista en Apoyo A\u00e9reo de la Guardia Nacional, Aeropuerto Jacinto Lara. www.Noti-america.com (Venezuela)\",\"sameAs\":[\"https:\/\/x.com\/ylianaduque\"],\"url\":\"https:\/\/noti-america.com\/site\/venezuela\/author\/yduque\/\"}]}<\/script>\n<!-- \/ Yoast SEO Premium plugin. -->","yoast_head_json":{"title":"Arrestan a ex jefe del Plan Bol\u00edvar 2000 - Venezuela | Noti-America.com","robots":{"index":"index","follow":"follow","max-snippet":"max-snippet:-1","max-image-preview":"max-image-preview:large","max-video-preview":"max-video-preview:-1"},"canonical":"https:\/\/noti-america.com\/site\/venezuela\/2018\/03\/22\/arrestan-a-ex-jefe-del-plan-bolivar-2000\/","og_locale":"es_ES","og_type":"article","og_title":"Arrestan a ex jefe del Plan Bol\u00edvar 2000","og_description":"Con este nuevo militar detenido, son varios los oficiales afectos al chavismo que en d\u00edas recientes las autoridades han aprehendido por diversos cargos, algunos por presunta conspiraci\u00f3n contra el Gobierno. Fue detenido el General&#46;&#46;&#46;","og_url":"https:\/\/noti-america.com\/site\/venezuela\/2018\/03\/22\/arrestan-a-ex-jefe-del-plan-bolivar-2000\/","og_site_name":"Venezuela | Noti-America.com","article_published_time":"2018-03-22T20:29:21+00:00","og_image":[{"width":660,"height":400,"url":"https:\/\/noti-america.com\/site\/venezuela\/wp-content\/uploads\/sites\/2\/2018\/03\/general-victor-cruz-weffer.jpg","type":"image\/jpeg"}],"author":"Yliana Duque","twitter_card":"summary_large_image","twitter_creator":"@ylianaduque","twitter_misc":{"Escrito por":"Yliana Duque","Tiempo estimado de lectura":"18 minutos"},"schema":{"@context":"https:\/\/schema.org","@graph":[{"@type":"Article","@id":"https:\/\/noti-america.com\/site\/venezuela\/2018\/03\/22\/arrestan-a-ex-jefe-del-plan-bolivar-2000\/#article","isPartOf":{"@id":"https:\/\/noti-america.com\/site\/venezuela\/2018\/03\/22\/arrestan-a-ex-jefe-del-plan-bolivar-2000\/"},"author":{"name":"Yliana Duque","@id":"https:\/\/noti-america.com\/site\/venezuela\/#\/schema\/person\/a166d9d45f249dbd09521fbc2e7342d8"},"headline":"Arrestan a ex jefe del Plan Bol\u00edvar 2000","datePublished":"2018-03-22T20:29:21+00:00","mainEntityOfPage":{"@id":"https:\/\/noti-america.com\/site\/venezuela\/2018\/03\/22\/arrestan-a-ex-jefe-del-plan-bolivar-2000\/"},"wordCount":3691,"commentCount":0,"publisher":{"@id":"https:\/\/noti-america.com\/site\/venezuela\/#organization"},"image":{"@id":"https:\/\/noti-america.com\/site\/venezuela\/2018\/03\/22\/arrestan-a-ex-jefe-del-plan-bolivar-2000\/#primaryimage"},"thumbnailUrl":"https:\/\/noti-america.com\/site\/venezuela\/wp-content\/uploads\/sites\/2\/2018\/03\/general-victor-cruz-weffer.jpg","articleSection":["Econom\u00eda","Internacionales","Pol\u00edtica","Sucesos"],"inLanguage":"es","potentialAction":[{"@type":"CommentAction","name":"Comment","target":["https:\/\/noti-america.com\/site\/venezuela\/2018\/03\/22\/arrestan-a-ex-jefe-del-plan-bolivar-2000\/#respond"]}]},{"@type":"WebPage","@id":"https:\/\/noti-america.com\/site\/venezuela\/2018\/03\/22\/arrestan-a-ex-jefe-del-plan-bolivar-2000\/","url":"https:\/\/noti-america.com\/site\/venezuela\/2018\/03\/22\/arrestan-a-ex-jefe-del-plan-bolivar-2000\/","name":"Arrestan a ex jefe del Plan Bol\u00edvar 2000 - Venezuela | Noti-America.com","isPartOf":{"@id":"https:\/\/noti-america.com\/site\/venezuela\/#website"},"primaryImageOfPage":{"@id":"https:\/\/noti-america.com\/site\/venezuela\/2018\/03\/22\/arrestan-a-ex-jefe-del-plan-bolivar-2000\/#primaryimage"},"image":{"@id":"https:\/\/noti-america.com\/site\/venezuela\/2018\/03\/22\/arrestan-a-ex-jefe-del-plan-bolivar-2000\/#primaryimage"},"thumbnailUrl":"https:\/\/noti-america.com\/site\/venezuela\/wp-content\/uploads\/sites\/2\/2018\/03\/general-victor-cruz-weffer.jpg","datePublished":"2018-03-22T20:29:21+00:00","breadcrumb":{"@id":"https:\/\/noti-america.com\/site\/venezuela\/2018\/03\/22\/arrestan-a-ex-jefe-del-plan-bolivar-2000\/#breadcrumb"},"inLanguage":"es","potentialAction":[{"@type":"ReadAction","target":["https:\/\/noti-america.com\/site\/venezuela\/2018\/03\/22\/arrestan-a-ex-jefe-del-plan-bolivar-2000\/"]}]},{"@type":"ImageObject","inLanguage":"es","@id":"https:\/\/noti-america.com\/site\/venezuela\/2018\/03\/22\/arrestan-a-ex-jefe-del-plan-bolivar-2000\/#primaryimage","url":"https:\/\/noti-america.com\/site\/venezuela\/wp-content\/uploads\/sites\/2\/2018\/03\/general-victor-cruz-weffer.jpg","contentUrl":"https:\/\/noti-america.com\/site\/venezuela\/wp-content\/uploads\/sites\/2\/2018\/03\/general-victor-cruz-weffer.jpg","width":660,"height":400},{"@type":"BreadcrumbList","@id":"https:\/\/noti-america.com\/site\/venezuela\/2018\/03\/22\/arrestan-a-ex-jefe-del-plan-bolivar-2000\/#breadcrumb","itemListElement":[{"@type":"ListItem","position":1,"name":"Portada","item":"https:\/\/noti-america.com\/site\/venezuela\/"},{"@type":"ListItem","position":2,"name":"Arrestan a ex jefe del Plan Bol\u00edvar 2000"}]},{"@type":"WebSite","@id":"https:\/\/noti-america.com\/site\/venezuela\/#website","url":"https:\/\/noti-america.com\/site\/venezuela\/","name":"Venezuela | Noti-America.com","description":"","publisher":{"@id":"https:\/\/noti-america.com\/site\/venezuela\/#organization"},"potentialAction":[{"@type":"SearchAction","target":{"@type":"EntryPoint","urlTemplate":"https:\/\/noti-america.com\/site\/venezuela\/?s={search_term_string}"},"query-input":{"@type":"PropertyValueSpecification","valueRequired":true,"valueName":"search_term_string"}}],"inLanguage":"es"},{"@type":"Organization","@id":"https:\/\/noti-america.com\/site\/venezuela\/#organization","name":"Noti-America LLC | Venezuela","url":"https:\/\/noti-america.com\/site\/venezuela\/","logo":{"@type":"ImageObject","inLanguage":"es","@id":"https:\/\/noti-america.com\/site\/venezuela\/#\/schema\/logo\/image\/","url":"https:\/\/noti-america.com\/site\/venezuela\/wp-content\/uploads\/sites\/2\/2020\/07\/LogoNA-4x3-1.jpg","contentUrl":"https:\/\/noti-america.com\/site\/venezuela\/wp-content\/uploads\/sites\/2\/2020\/07\/LogoNA-4x3-1.jpg","width":1236,"height":1080,"caption":"Noti-America LLC | Venezuela"},"image":{"@id":"https:\/\/noti-america.com\/site\/venezuela\/#\/schema\/logo\/image\/"}},{"@type":"Person","@id":"https:\/\/noti-america.com\/site\/venezuela\/#\/schema\/person\/a166d9d45f249dbd09521fbc2e7342d8","name":"Yliana Duque","image":{"@type":"ImageObject","inLanguage":"es","@id":"https:\/\/secure.gravatar.com\/avatar\/8caf2a4035762b3be44c3a0455581febe2d5273a41ac40dacc575b8aa348fe65?s=96&d=mm&r=g","url":"https:\/\/secure.gravatar.com\/avatar\/8caf2a4035762b3be44c3a0455581febe2d5273a41ac40dacc575b8aa348fe65?s=96&d=mm&r=g","contentUrl":"https:\/\/secure.gravatar.com\/avatar\/8caf2a4035762b3be44c3a0455581febe2d5273a41ac40dacc575b8aa348fe65?s=96&d=mm&r=g","caption":"Yliana Duque"},"description":"Ejercer el periodismo requiere de pasi\u00f3n y conocimiento en investigaci\u00f3n de campo. Siempre en la b\u00fasqueda de la verdad para aportar claridad y poder discernir sobre el hecho noticioso. Egresada de la Universidad de los Andes. Maestria en Relaciones Internacionales (UCV). Diplomado de Educaci\u00f3n Superior (Universidad Experimental LIbertador (UPEL), y Educaci\u00f3n superior a distancia (UFT). Estudios de Locuci\u00f3n- Actuaci\u00f3n-Publicidad y Mercadeo, Redes. Subdirectora de relaciones p\u00fablicas de la Asamablea Legislativa del Estado Sucre(1995)-Periodista de TELESOL,Telecaribe (Sucre). Jefe de Prensa de la Gobernaci\u00f3n del Estado Amazonas(1997). Periodista Comandancia General del Ej\u00e9rcito, Fuerte Tiuna (1996). Lider de Proyectos en educaci\u00f3n Superior en la Universidad Ferm\u00edn Toro (UFT) (2000). Docente Universitario UFT (2002-2007)-Docente de Educaci\u00f3n Superior a Distancia -titulado. Periodista Diario El Informador. Periodista en Apoyo A\u00e9reo de la Guardia Nacional, Aeropuerto Jacinto Lara. www.Noti-america.com (Venezuela)","sameAs":["https:\/\/x.com\/ylianaduque"],"url":"https:\/\/noti-america.com\/site\/venezuela\/author\/yduque\/"}]}},"_links":{"self":[{"href":"https:\/\/noti-america.com\/site\/venezuela\/wp-json\/wp\/v2\/posts\/1701","targetHints":{"allow":["GET"]}}],"collection":[{"href":"https:\/\/noti-america.com\/site\/venezuela\/wp-json\/wp\/v2\/posts"}],"about":[{"href":"https:\/\/noti-america.com\/site\/venezuela\/wp-json\/wp\/v2\/types\/post"}],"author":[{"embeddable":true,"href":"https:\/\/noti-america.com\/site\/venezuela\/wp-json\/wp\/v2\/users\/11"}],"replies":[{"embeddable":true,"href":"https:\/\/noti-america.com\/site\/venezuela\/wp-json\/wp\/v2\/comments?post=1701"}],"version-history":[{"count":1,"href":"https:\/\/noti-america.com\/site\/venezuela\/wp-json\/wp\/v2\/posts\/1701\/revisions"}],"predecessor-version":[{"id":1703,"href":"https:\/\/noti-america.com\/site\/venezuela\/wp-json\/wp\/v2\/posts\/1701\/revisions\/1703"}],"wp:featuredmedia":[{"embeddable":true,"href":"https:\/\/noti-america.com\/site\/venezuela\/wp-json\/wp\/v2\/media\/1702"}],"wp:attachment":[{"href":"https:\/\/noti-america.com\/site\/venezuela\/wp-json\/wp\/v2\/media?parent=1701"}],"wp:term":[{"taxonomy":"category","embeddable":true,"href":"https:\/\/noti-america.com\/site\/venezuela\/wp-json\/wp\/v2\/categories?post=1701"},{"taxonomy":"post_tag","embeddable":true,"href":"https:\/\/noti-america.com\/site\/venezuela\/wp-json\/wp\/v2\/tags?post=1701"}],"curies":[{"name":"wp","href":"https:\/\/api.w.org\/{rel}","templated":true}]}}