{"id":1691,"date":"2018-03-17T14:43:18","date_gmt":"2018-03-17T14:43:18","guid":{"rendered":"http:\/\/noti-america.com\/site\/venezuela\/?p=1691"},"modified":"2018-03-17T14:43:18","modified_gmt":"2018-03-17T14:43:18","slug":"estamos-aguevuleados-por-prof-marlon-s-jimenez-garcia","status":"publish","type":"post","link":"https:\/\/noti-america.com\/site\/venezuela\/2018\/03\/17\/estamos-aguevuleados-por-prof-marlon-s-jimenez-garcia\/","title":{"rendered":"\u00bfESTAMOS AGUEVULEADOS?  Por: Prof. Marlon S Jim\u00e9nez Garc\u00eda"},"content":{"rendered":"<p><img loading=\"lazy\" decoding=\"async\" class=\"alignnone size-full wp-image-379\" src=\"http:\/\/noti-america.com\/site\/venezuela\/wp-content\/uploads\/sites\/2\/2017\/08\/maron-jimenez.jpg\" alt=\"\" width=\"259\" height=\"194\" \/><\/p>\n<p>&nbsp;<\/p>\n<p>\u00bfESTAMOS AGUEVULEADOS?<\/p>\n<p>Por: Prof. Marlon S Jim\u00e9nez Garc\u00eda<\/p>\n<p>Profesor Universitario.<\/p>\n<p><a href=\"mailto:Marjimgar54@hotmail.com\">Marjimgar54@hotmail.com<\/a><\/p>\n<p>Ese t\u00e9rmino, es impropio en s\u00ed mismo, no es reconocido por la Real Academia Espa\u00f1ola y tampoco en el \u00e1mbito continental de lengua hispana, pero en nuestra geograf\u00eda nacional, sobre todo en nuestro Estado, es muy utilizado en la jerga\u00a0 popular de manera normal sin ning\u00fan tipo de restricciones de clases sociales.<\/p>\n<p>Estar \u201caguevuleado\u201d o \u201caguevoneado\u201d no es f\u00e1cil definirlo, pero rodos sabemos por referencia situacional su prop\u00f3sito conceptual y eso est\u00e1 relacionado con permanecer: sumiso, pasivo, bobo, sin ning\u00fan tipo de reacci\u00f3n ante lo que est\u00e1 aconteciendo a su alrededor, conformista a ultranza del martirio que sufre. Vivimos momentos dram\u00e1ticos de supervivencia: no hay comida; no hay medicinas; no hay ning\u00fan tipo de asistencia hospitalaria y las enfermedades erradicadas hace m\u00e1s de 60 a\u00f1os est\u00e1n apareciendo en vectores geom\u00e9tricos; la inflaci\u00f3n corroe las entra\u00f1as de nuestro salario; la ausencia de efectivo para la movilizaci\u00f3n diaria es dram\u00e1tica y se convierte en caldo de cultivo para el aumento desproporcionado de la especulaci\u00f3n; el sue\u00f1o ha desaparecido de nuestras vidas por los apagones que sufrimos\u00a0 en el transcurrir del d\u00eda, y el deterioro funcional de nuestros equipos el\u00e9ctricos es cada vez m\u00e1s inclemente; todo eso acarrea paralizaci\u00f3n total del pa\u00eds; el objetivo que el r\u00e9gimen persigue es la estampida de nuestros j\u00f3venes en busca de futuro digno y para los que nos quedamos, la muerte ronda nuestra existencia.<\/p>\n<p>Ahora bien, \u00bfestamos aguevuleados? En apariencia S\u00cd. El r\u00e9gimen con su pol\u00edtica de terror impulsada y sostenida en tiempo y espacio es el actor principal de ello y m\u00e1s con la complicidad de nuestra FAN, que ha coadyuvado con esa peculiar situaci\u00f3n, cuando utilizan las armas de la patria para asesinar a mansalva a quienes salen a las calles a luchar por las libertades ciudadanas, por la democracia y su estado de derecho.. Pero esa forma no es propia del venezolano y el mejor indicador es nuestra diacron\u00eda hist\u00f3rica republicana y continental.<\/p>\n<p>El venezolano es de temple, valiente, audaz, impulsivo estrat\u00e9gicamente e inteligente; espera al engendro y su r\u00e9gimen en la \u201cbajadita\u201d; no ser\u00e1n los comunistas quienes detendr\u00e1n ese esp\u00edritu activo por la consolidaci\u00f3n de un pa\u00eds de futuro y de acentuaci\u00f3n de calidad de vida y no de \u201cmiseria y muerte que nos ofrecen los delincuentes que hoy rigen los destinos de la patria\u201d.<\/p>\n<p>El Frente Amplio tiene la obligaci\u00f3n moral de vencer ese \u201caguevulamiento social\u201d, brindando en su estrategia anti comunista, pol\u00edticas integrales de acci\u00f3n ciudadana que sean espacios para la participaci\u00f3n de toda la sociedad que rechaza de manera vertical, en m\u00e1s de un 87% a los comunistas; \u00e9stas deben relacionarse con el despliegue y llamado a una concientizaci\u00f3n integral de lucha por nuestros derechos y tambi\u00e9n por el despliegue sistem\u00e1tico de nuestros deberes patrios por la defensa de nuestra Constituci\u00f3n Nacional.<\/p>\n","protected":false},"excerpt":{"rendered":"<p>&nbsp; \u00bfESTAMOS AGUEVULEADOS? Por: Prof. Marlon S Jim\u00e9nez Garc\u00eda Profesor Universitario. Marjimgar54@hotmail.com Ese t\u00e9rmino, es impropio en s\u00ed mismo, no es reconocido por la Real Academia Espa\u00f1ola y tampoco en el \u00e1mbito continental de&#46;&#46;&#46;<\/p>\n","protected":false},"author":2,"featured_media":379,"comment_status":"open","ping_status":"open","sticky":false,"template":"","format":"standard","meta":{"_acf_changed":false,"om_disable_all_campaigns":false,"rop_custom_images_group":[],"rop_custom_messages_group":[],"rop_publish_now":"initial","rop_publish_now_accounts":{"twitter_242054905_242054905":""},"rop_publish_now_history":[],"rop_publish_now_status":"pending","_uf_show_specific_survey":0,"_uf_disable_surveys":false,"footnotes":""},"categories":[12,3],"tags":[],"class_list":["post-1691","post","type-post","status-publish","format-standard","has-post-thumbnail","hentry","category-opinion","category-politica"],"acf":[],"aioseo_notices":[],"yoast_head":"<!-- This site is optimized with the Yoast SEO Premium plugin v24.9 (Yoast SEO v27.2) - https:\/\/yoast.com\/product\/yoast-seo-premium-wordpress\/ -->\n<title>\u00bfESTAMOS AGUEVULEADOS? Por: Prof. Marlon S Jim\u00e9nez Garc\u00eda - Venezuela | Noti-America.com<\/title>\n<meta name=\"robots\" content=\"index, follow, max-snippet:-1, max-image-preview:large, max-video-preview:-1\" \/>\n<link rel=\"canonical\" href=\"https:\/\/noti-america.com\/site\/venezuela\/2018\/03\/17\/estamos-aguevuleados-por-prof-marlon-s-jimenez-garcia\/\" \/>\n<meta property=\"og:locale\" content=\"es_ES\" \/>\n<meta property=\"og:type\" content=\"article\" \/>\n<meta property=\"og:title\" content=\"\u00bfESTAMOS AGUEVULEADOS? Por: Prof. Marlon S Jim\u00e9nez Garc\u00eda\" \/>\n<meta property=\"og:description\" content=\"&nbsp; \u00bfESTAMOS AGUEVULEADOS? Por: Prof. Marlon S Jim\u00e9nez Garc\u00eda Profesor Universitario. Marjimgar54@hotmail.com Ese t\u00e9rmino, es impropio en s\u00ed mismo, no es reconocido por la Real Academia Espa\u00f1ola y tampoco en el \u00e1mbito continental de&#046;&#046;&#046;\" \/>\n<meta property=\"og:url\" content=\"https:\/\/noti-america.com\/site\/venezuela\/2018\/03\/17\/estamos-aguevuleados-por-prof-marlon-s-jimenez-garcia\/\" \/>\n<meta property=\"og:site_name\" content=\"Venezuela | Noti-America.com\" \/>\n<meta property=\"article:published_time\" content=\"2018-03-17T14:43:18+00:00\" \/>\n<meta property=\"og:image\" content=\"https:\/\/noti-america.com\/site\/venezuela\/wp-content\/uploads\/sites\/2\/2017\/08\/maron-jimenez.jpg\" \/>\n\t<meta property=\"og:image:width\" content=\"259\" \/>\n\t<meta property=\"og:image:height\" content=\"194\" \/>\n\t<meta property=\"og:image:type\" content=\"image\/jpeg\" \/>\n<meta name=\"author\" content=\"rloaiza\" \/>\n<meta name=\"twitter:card\" content=\"summary_large_image\" \/>\n<meta name=\"twitter:label1\" content=\"Escrito por\" \/>\n\t<meta name=\"twitter:data1\" content=\"rloaiza\" \/>\n\t<meta name=\"twitter:label2\" content=\"Tiempo estimado de lectura\" \/>\n\t<meta name=\"twitter:data2\" content=\"3 minutos\" \/>\n<script type=\"application\/ld+json\" class=\"yoast-schema-graph\">{\"@context\":\"https:\/\/schema.org\",\"@graph\":[{\"@type\":\"Article\",\"@id\":\"https:\/\/noti-america.com\/site\/venezuela\/2018\/03\/17\/estamos-aguevuleados-por-prof-marlon-s-jimenez-garcia\/#article\",\"isPartOf\":{\"@id\":\"https:\/\/noti-america.com\/site\/venezuela\/2018\/03\/17\/estamos-aguevuleados-por-prof-marlon-s-jimenez-garcia\/\"},\"author\":{\"name\":\"rloaiza\",\"@id\":\"https:\/\/noti-america.com\/site\/venezuela\/#\/schema\/person\/a2e478ba496331ce89bcd0c731cd6533\"},\"headline\":\"\u00bfESTAMOS AGUEVULEADOS? Por: Prof. Marlon S Jim\u00e9nez Garc\u00eda\",\"datePublished\":\"2018-03-17T14:43:18+00:00\",\"mainEntityOfPage\":{\"@id\":\"https:\/\/noti-america.com\/site\/venezuela\/2018\/03\/17\/estamos-aguevuleados-por-prof-marlon-s-jimenez-garcia\/\"},\"wordCount\":536,\"commentCount\":0,\"publisher\":{\"@id\":\"https:\/\/noti-america.com\/site\/venezuela\/#organization\"},\"image\":{\"@id\":\"https:\/\/noti-america.com\/site\/venezuela\/2018\/03\/17\/estamos-aguevuleados-por-prof-marlon-s-jimenez-garcia\/#primaryimage\"},\"thumbnailUrl\":\"https:\/\/noti-america.com\/site\/venezuela\/wp-content\/uploads\/sites\/2\/2017\/08\/maron-jimenez.jpg\",\"articleSection\":[\"Opini\u00f3n\",\"Pol\u00edtica\"],\"inLanguage\":\"es\",\"potentialAction\":[{\"@type\":\"CommentAction\",\"name\":\"Comment\",\"target\":[\"https:\/\/noti-america.com\/site\/venezuela\/2018\/03\/17\/estamos-aguevuleados-por-prof-marlon-s-jimenez-garcia\/#respond\"]}]},{\"@type\":\"WebPage\",\"@id\":\"https:\/\/noti-america.com\/site\/venezuela\/2018\/03\/17\/estamos-aguevuleados-por-prof-marlon-s-jimenez-garcia\/\",\"url\":\"https:\/\/noti-america.com\/site\/venezuela\/2018\/03\/17\/estamos-aguevuleados-por-prof-marlon-s-jimenez-garcia\/\",\"name\":\"\u00bfESTAMOS AGUEVULEADOS? Por: Prof. Marlon S Jim\u00e9nez Garc\u00eda - Venezuela | Noti-America.com\",\"isPartOf\":{\"@id\":\"https:\/\/noti-america.com\/site\/venezuela\/#website\"},\"primaryImageOfPage\":{\"@id\":\"https:\/\/noti-america.com\/site\/venezuela\/2018\/03\/17\/estamos-aguevuleados-por-prof-marlon-s-jimenez-garcia\/#primaryimage\"},\"image\":{\"@id\":\"https:\/\/noti-america.com\/site\/venezuela\/2018\/03\/17\/estamos-aguevuleados-por-prof-marlon-s-jimenez-garcia\/#primaryimage\"},\"thumbnailUrl\":\"https:\/\/noti-america.com\/site\/venezuela\/wp-content\/uploads\/sites\/2\/2017\/08\/maron-jimenez.jpg\",\"datePublished\":\"2018-03-17T14:43:18+00:00\",\"breadcrumb\":{\"@id\":\"https:\/\/noti-america.com\/site\/venezuela\/2018\/03\/17\/estamos-aguevuleados-por-prof-marlon-s-jimenez-garcia\/#breadcrumb\"},\"inLanguage\":\"es\",\"potentialAction\":[{\"@type\":\"ReadAction\",\"target\":[\"https:\/\/noti-america.com\/site\/venezuela\/2018\/03\/17\/estamos-aguevuleados-por-prof-marlon-s-jimenez-garcia\/\"]}]},{\"@type\":\"ImageObject\",\"inLanguage\":\"es\",\"@id\":\"https:\/\/noti-america.com\/site\/venezuela\/2018\/03\/17\/estamos-aguevuleados-por-prof-marlon-s-jimenez-garcia\/#primaryimage\",\"url\":\"https:\/\/noti-america.com\/site\/venezuela\/wp-content\/uploads\/sites\/2\/2017\/08\/maron-jimenez.jpg\",\"contentUrl\":\"https:\/\/noti-america.com\/site\/venezuela\/wp-content\/uploads\/sites\/2\/2017\/08\/maron-jimenez.jpg\",\"width\":259,\"height\":194},{\"@type\":\"BreadcrumbList\",\"@id\":\"https:\/\/noti-america.com\/site\/venezuela\/2018\/03\/17\/estamos-aguevuleados-por-prof-marlon-s-jimenez-garcia\/#breadcrumb\",\"itemListElement\":[{\"@type\":\"ListItem\",\"position\":1,\"name\":\"Portada\",\"item\":\"https:\/\/noti-america.com\/site\/venezuela\/\"},{\"@type\":\"ListItem\",\"position\":2,\"name\":\"\u00bfESTAMOS AGUEVULEADOS? Por: Prof. Marlon S Jim\u00e9nez Garc\u00eda\"}]},{\"@type\":\"WebSite\",\"@id\":\"https:\/\/noti-america.com\/site\/venezuela\/#website\",\"url\":\"https:\/\/noti-america.com\/site\/venezuela\/\",\"name\":\"Venezuela | Noti-America.com\",\"description\":\"\",\"publisher\":{\"@id\":\"https:\/\/noti-america.com\/site\/venezuela\/#organization\"},\"potentialAction\":[{\"@type\":\"SearchAction\",\"target\":{\"@type\":\"EntryPoint\",\"urlTemplate\":\"https:\/\/noti-america.com\/site\/venezuela\/?s={search_term_string}\"},\"query-input\":{\"@type\":\"PropertyValueSpecification\",\"valueRequired\":true,\"valueName\":\"search_term_string\"}}],\"inLanguage\":\"es\"},{\"@type\":\"Organization\",\"@id\":\"https:\/\/noti-america.com\/site\/venezuela\/#organization\",\"name\":\"Noti-America LLC | Venezuela\",\"url\":\"https:\/\/noti-america.com\/site\/venezuela\/\",\"logo\":{\"@type\":\"ImageObject\",\"inLanguage\":\"es\",\"@id\":\"https:\/\/noti-america.com\/site\/venezuela\/#\/schema\/logo\/image\/\",\"url\":\"https:\/\/noti-america.com\/site\/venezuela\/wp-content\/uploads\/sites\/2\/2020\/07\/LogoNA-4x3-1.jpg\",\"contentUrl\":\"https:\/\/noti-america.com\/site\/venezuela\/wp-content\/uploads\/sites\/2\/2020\/07\/LogoNA-4x3-1.jpg\",\"width\":1236,\"height\":1080,\"caption\":\"Noti-America LLC | Venezuela\"},\"image\":{\"@id\":\"https:\/\/noti-america.com\/site\/venezuela\/#\/schema\/logo\/image\/\"}},{\"@type\":\"Person\",\"@id\":\"https:\/\/noti-america.com\/site\/venezuela\/#\/schema\/person\/a2e478ba496331ce89bcd0c731cd6533\",\"name\":\"rloaiza\",\"image\":{\"@type\":\"ImageObject\",\"inLanguage\":\"es\",\"@id\":\"https:\/\/secure.gravatar.com\/avatar\/190058e5d4427934610b99c45aa7a6558806850adedd53ddeddd194b04773e22?s=96&d=mm&r=g\",\"url\":\"https:\/\/secure.gravatar.com\/avatar\/190058e5d4427934610b99c45aa7a6558806850adedd53ddeddd194b04773e22?s=96&d=mm&r=g\",\"contentUrl\":\"https:\/\/secure.gravatar.com\/avatar\/190058e5d4427934610b99c45aa7a6558806850adedd53ddeddd194b04773e22?s=96&d=mm&r=g\",\"caption\":\"rloaiza\"},\"url\":\"https:\/\/noti-america.com\/site\/venezuela\/author\/rloaiza\/\"}]}<\/script>\n<!-- \/ Yoast SEO Premium plugin. -->","yoast_head_json":{"title":"\u00bfESTAMOS AGUEVULEADOS? Por: Prof. Marlon S Jim\u00e9nez Garc\u00eda - Venezuela | Noti-America.com","robots":{"index":"index","follow":"follow","max-snippet":"max-snippet:-1","max-image-preview":"max-image-preview:large","max-video-preview":"max-video-preview:-1"},"canonical":"https:\/\/noti-america.com\/site\/venezuela\/2018\/03\/17\/estamos-aguevuleados-por-prof-marlon-s-jimenez-garcia\/","og_locale":"es_ES","og_type":"article","og_title":"\u00bfESTAMOS AGUEVULEADOS? Por: Prof. Marlon S Jim\u00e9nez Garc\u00eda","og_description":"&nbsp; \u00bfESTAMOS AGUEVULEADOS? Por: Prof. Marlon S Jim\u00e9nez Garc\u00eda Profesor Universitario. Marjimgar54@hotmail.com Ese t\u00e9rmino, es impropio en s\u00ed mismo, no es reconocido por la Real Academia Espa\u00f1ola y tampoco en el \u00e1mbito continental de&#46;&#46;&#46;","og_url":"https:\/\/noti-america.com\/site\/venezuela\/2018\/03\/17\/estamos-aguevuleados-por-prof-marlon-s-jimenez-garcia\/","og_site_name":"Venezuela | Noti-America.com","article_published_time":"2018-03-17T14:43:18+00:00","og_image":[{"width":259,"height":194,"url":"https:\/\/noti-america.com\/site\/venezuela\/wp-content\/uploads\/sites\/2\/2017\/08\/maron-jimenez.jpg","type":"image\/jpeg"}],"author":"rloaiza","twitter_card":"summary_large_image","twitter_misc":{"Escrito por":"rloaiza","Tiempo estimado de lectura":"3 minutos"},"schema":{"@context":"https:\/\/schema.org","@graph":[{"@type":"Article","@id":"https:\/\/noti-america.com\/site\/venezuela\/2018\/03\/17\/estamos-aguevuleados-por-prof-marlon-s-jimenez-garcia\/#article","isPartOf":{"@id":"https:\/\/noti-america.com\/site\/venezuela\/2018\/03\/17\/estamos-aguevuleados-por-prof-marlon-s-jimenez-garcia\/"},"author":{"name":"rloaiza","@id":"https:\/\/noti-america.com\/site\/venezuela\/#\/schema\/person\/a2e478ba496331ce89bcd0c731cd6533"},"headline":"\u00bfESTAMOS AGUEVULEADOS? Por: Prof. Marlon S Jim\u00e9nez Garc\u00eda","datePublished":"2018-03-17T14:43:18+00:00","mainEntityOfPage":{"@id":"https:\/\/noti-america.com\/site\/venezuela\/2018\/03\/17\/estamos-aguevuleados-por-prof-marlon-s-jimenez-garcia\/"},"wordCount":536,"commentCount":0,"publisher":{"@id":"https:\/\/noti-america.com\/site\/venezuela\/#organization"},"image":{"@id":"https:\/\/noti-america.com\/site\/venezuela\/2018\/03\/17\/estamos-aguevuleados-por-prof-marlon-s-jimenez-garcia\/#primaryimage"},"thumbnailUrl":"https:\/\/noti-america.com\/site\/venezuela\/wp-content\/uploads\/sites\/2\/2017\/08\/maron-jimenez.jpg","articleSection":["Opini\u00f3n","Pol\u00edtica"],"inLanguage":"es","potentialAction":[{"@type":"CommentAction","name":"Comment","target":["https:\/\/noti-america.com\/site\/venezuela\/2018\/03\/17\/estamos-aguevuleados-por-prof-marlon-s-jimenez-garcia\/#respond"]}]},{"@type":"WebPage","@id":"https:\/\/noti-america.com\/site\/venezuela\/2018\/03\/17\/estamos-aguevuleados-por-prof-marlon-s-jimenez-garcia\/","url":"https:\/\/noti-america.com\/site\/venezuela\/2018\/03\/17\/estamos-aguevuleados-por-prof-marlon-s-jimenez-garcia\/","name":"\u00bfESTAMOS AGUEVULEADOS? Por: Prof. Marlon S Jim\u00e9nez Garc\u00eda - Venezuela | Noti-America.com","isPartOf":{"@id":"https:\/\/noti-america.com\/site\/venezuela\/#website"},"primaryImageOfPage":{"@id":"https:\/\/noti-america.com\/site\/venezuela\/2018\/03\/17\/estamos-aguevuleados-por-prof-marlon-s-jimenez-garcia\/#primaryimage"},"image":{"@id":"https:\/\/noti-america.com\/site\/venezuela\/2018\/03\/17\/estamos-aguevuleados-por-prof-marlon-s-jimenez-garcia\/#primaryimage"},"thumbnailUrl":"https:\/\/noti-america.com\/site\/venezuela\/wp-content\/uploads\/sites\/2\/2017\/08\/maron-jimenez.jpg","datePublished":"2018-03-17T14:43:18+00:00","breadcrumb":{"@id":"https:\/\/noti-america.com\/site\/venezuela\/2018\/03\/17\/estamos-aguevuleados-por-prof-marlon-s-jimenez-garcia\/#breadcrumb"},"inLanguage":"es","potentialAction":[{"@type":"ReadAction","target":["https:\/\/noti-america.com\/site\/venezuela\/2018\/03\/17\/estamos-aguevuleados-por-prof-marlon-s-jimenez-garcia\/"]}]},{"@type":"ImageObject","inLanguage":"es","@id":"https:\/\/noti-america.com\/site\/venezuela\/2018\/03\/17\/estamos-aguevuleados-por-prof-marlon-s-jimenez-garcia\/#primaryimage","url":"https:\/\/noti-america.com\/site\/venezuela\/wp-content\/uploads\/sites\/2\/2017\/08\/maron-jimenez.jpg","contentUrl":"https:\/\/noti-america.com\/site\/venezuela\/wp-content\/uploads\/sites\/2\/2017\/08\/maron-jimenez.jpg","width":259,"height":194},{"@type":"BreadcrumbList","@id":"https:\/\/noti-america.com\/site\/venezuela\/2018\/03\/17\/estamos-aguevuleados-por-prof-marlon-s-jimenez-garcia\/#breadcrumb","itemListElement":[{"@type":"ListItem","position":1,"name":"Portada","item":"https:\/\/noti-america.com\/site\/venezuela\/"},{"@type":"ListItem","position":2,"name":"\u00bfESTAMOS AGUEVULEADOS? Por: Prof. Marlon S Jim\u00e9nez Garc\u00eda"}]},{"@type":"WebSite","@id":"https:\/\/noti-america.com\/site\/venezuela\/#website","url":"https:\/\/noti-america.com\/site\/venezuela\/","name":"Venezuela | Noti-America.com","description":"","publisher":{"@id":"https:\/\/noti-america.com\/site\/venezuela\/#organization"},"potentialAction":[{"@type":"SearchAction","target":{"@type":"EntryPoint","urlTemplate":"https:\/\/noti-america.com\/site\/venezuela\/?s={search_term_string}"},"query-input":{"@type":"PropertyValueSpecification","valueRequired":true,"valueName":"search_term_string"}}],"inLanguage":"es"},{"@type":"Organization","@id":"https:\/\/noti-america.com\/site\/venezuela\/#organization","name":"Noti-America LLC | Venezuela","url":"https:\/\/noti-america.com\/site\/venezuela\/","logo":{"@type":"ImageObject","inLanguage":"es","@id":"https:\/\/noti-america.com\/site\/venezuela\/#\/schema\/logo\/image\/","url":"https:\/\/noti-america.com\/site\/venezuela\/wp-content\/uploads\/sites\/2\/2020\/07\/LogoNA-4x3-1.jpg","contentUrl":"https:\/\/noti-america.com\/site\/venezuela\/wp-content\/uploads\/sites\/2\/2020\/07\/LogoNA-4x3-1.jpg","width":1236,"height":1080,"caption":"Noti-America LLC | Venezuela"},"image":{"@id":"https:\/\/noti-america.com\/site\/venezuela\/#\/schema\/logo\/image\/"}},{"@type":"Person","@id":"https:\/\/noti-america.com\/site\/venezuela\/#\/schema\/person\/a2e478ba496331ce89bcd0c731cd6533","name":"rloaiza","image":{"@type":"ImageObject","inLanguage":"es","@id":"https:\/\/secure.gravatar.com\/avatar\/190058e5d4427934610b99c45aa7a6558806850adedd53ddeddd194b04773e22?s=96&d=mm&r=g","url":"https:\/\/secure.gravatar.com\/avatar\/190058e5d4427934610b99c45aa7a6558806850adedd53ddeddd194b04773e22?s=96&d=mm&r=g","contentUrl":"https:\/\/secure.gravatar.com\/avatar\/190058e5d4427934610b99c45aa7a6558806850adedd53ddeddd194b04773e22?s=96&d=mm&r=g","caption":"rloaiza"},"url":"https:\/\/noti-america.com\/site\/venezuela\/author\/rloaiza\/"}]}},"_links":{"self":[{"href":"https:\/\/noti-america.com\/site\/venezuela\/wp-json\/wp\/v2\/posts\/1691","targetHints":{"allow":["GET"]}}],"collection":[{"href":"https:\/\/noti-america.com\/site\/venezuela\/wp-json\/wp\/v2\/posts"}],"about":[{"href":"https:\/\/noti-america.com\/site\/venezuela\/wp-json\/wp\/v2\/types\/post"}],"author":[{"embeddable":true,"href":"https:\/\/noti-america.com\/site\/venezuela\/wp-json\/wp\/v2\/users\/2"}],"replies":[{"embeddable":true,"href":"https:\/\/noti-america.com\/site\/venezuela\/wp-json\/wp\/v2\/comments?post=1691"}],"version-history":[{"count":1,"href":"https:\/\/noti-america.com\/site\/venezuela\/wp-json\/wp\/v2\/posts\/1691\/revisions"}],"predecessor-version":[{"id":1692,"href":"https:\/\/noti-america.com\/site\/venezuela\/wp-json\/wp\/v2\/posts\/1691\/revisions\/1692"}],"wp:featuredmedia":[{"embeddable":true,"href":"https:\/\/noti-america.com\/site\/venezuela\/wp-json\/wp\/v2\/media\/379"}],"wp:attachment":[{"href":"https:\/\/noti-america.com\/site\/venezuela\/wp-json\/wp\/v2\/media?parent=1691"}],"wp:term":[{"taxonomy":"category","embeddable":true,"href":"https:\/\/noti-america.com\/site\/venezuela\/wp-json\/wp\/v2\/categories?post=1691"},{"taxonomy":"post_tag","embeddable":true,"href":"https:\/\/noti-america.com\/site\/venezuela\/wp-json\/wp\/v2\/tags?post=1691"}],"curies":[{"name":"wp","href":"https:\/\/api.w.org\/{rel}","templated":true}]}}