{"id":16812,"date":"2021-10-31T12:36:59","date_gmt":"2021-10-31T12:36:59","guid":{"rendered":"https:\/\/noti-america.com\/site\/venezuela\/2021\/10\/31\/es-la-informalidad-el-paliativo-a-la-crisis-social-por-vicente-brito\/"},"modified":"2021-10-31T12:36:59","modified_gmt":"2021-10-31T12:36:59","slug":"es-la-informalidad-el-paliativo-a-la-crisis-social-por-vicente-brito","status":"publish","type":"post","link":"https:\/\/noti-america.com\/site\/venezuela\/2021\/10\/31\/es-la-informalidad-el-paliativo-a-la-crisis-social-por-vicente-brito\/","title":{"rendered":"\u00bfES LA INFORMALIDAD EL PALIATIVO A LA CRISIS SOCIAL? Por: Vicente Brito"},"content":{"rendered":"<p>VENEZUELA | NOTI-AMERICA.COM<\/p>\n<blockquote>\n<div dir=\"ltr\">\n<div dir=\"ltr\">\n<div dir=\"ltr\">\n<div dir=\"ltr\">\n<div dir=\"ltr\">\n<p class=\"v1MsoNormal\" align=\"center\"><span style=\"color: #000000; font-size: large;\"><b><span style=\"font-family: verdana, sans-serif;\">\u00bf<\/span><span style=\"font-family: verdana, sans-serif;\">ES LA INFORMALIDAD EL PALIATIVO A LA CRISIS SOCIAL?<\/span><\/b><\/span><\/p>\n<p class=\"v1MsoNormal\" align=\"center\"><b><span style=\"color: #000000; font-family: trebuchet ms, sans-serif; font-size: large;\">\u00a0<\/span><\/b><\/p>\n<p class=\"v1MsoNormal\"><span style=\"color: #000000; font-family: trebuchet ms, sans-serif; font-size: large;\"><b>Cuando analizamos la cantidad tan elevada de venezolanos dedicados a la actividad informal, podemos afirmar que es la forma de obtener un ingreso ante la falta de oportunidades de empleo, es el paliativo a la crisis social causada por la\u00a0 inflaci\u00f3n y sus angustiosos efectos en la p\u00e9rdida de la capacidad de consumo de las familias, siendo tambi\u00e9n la causante de los elevados niveles de pobreza que tenemos en este momento.<\/b><\/span><\/p>\n<p class=\"v1MsoNormal\"><span style=\"color: #000000; font-family: trebuchet ms, sans-serif; font-size: large;\"><b>\u00a0<\/b><\/span><\/p>\n<p class=\"v1MsoNormal\"><span style=\"color: #000000; font-family: trebuchet ms, sans-serif; font-size: large;\"><b>Se estima que entre 9 y 10 millones de venezolanos ejercen esta actividad, incluye a personas que tienen un empleo estable pero en sus ratos libres se dedican a ejercer la informalidad como medio para mejorar sus ingresos y con ello el bienestar y consumo familiar.<\/b><\/span><\/p>\n<p class=\"v1MsoNormal\"><span style=\"color: #000000; font-family: trebuchet ms, sans-serif; font-size: large;\"><b>\u00a0<\/b><\/span><\/p>\n<p class=\"v1MsoNormal\"><span style=\"color: #000000; font-family: trebuchet ms, sans-serif; font-size: large;\"><b>\u00bfCu\u00e1les son las actividades informales de mayor demanda?\u00a0<\/b><\/span><\/p>\n<p class=\"v1MsoNormal\"><span style=\"color: #000000; font-family: trebuchet ms, sans-serif; font-size: large;\"><b>\u00a0<\/b><\/span><\/p>\n<p class=\"v1MsoNormal\"><span style=\"color: #000000; font-family: trebuchet ms, sans-serif; font-size: large;\"><b>Pasamos a considerar las que generan mejores ingresos tales como:<\/b><\/span><\/p>\n<p class=\"v1MsoNormal\"><span style=\"color: #000000; font-family: trebuchet ms, sans-serif; font-size: large;\"><b>\u00a0<\/b><\/span><\/p>\n<p class=\"v1MsoNormal\"><span style=\"color: #000000; font-family: trebuchet ms, sans-serif; font-size: large;\"><b>1. Comercio informal, se estima que ocupa entre 4.5 y 5 millones de personas dedicadas a esta actividad, venden cualquier tipo de mercanc\u00eda o producto y se le considera la m\u00e1s rentable, ya que no est\u00e1n sujetos a ning\u00fan impuesto municipal o nacional y la ejercen en espacios p\u00fablicos o de calle. Se estima que el 60% del total de las ventas comerciales son informales.<\/b><\/span><\/p>\n<p class=\"v1MsoNormal\"><span style=\"color: #000000; font-family: trebuchet ms, sans-serif; font-size: large;\"><b>\u00a0<\/b><\/span><\/p>\n<p class=\"v1MsoNormal\"><span style=\"color: #000000; font-family: trebuchet ms, sans-serif; font-size: large;\"><b>2. Mantenimiento y reparaci\u00f3n de veh\u00edculos, electrodom\u00e9sticos, celulares, televisores, radio, etc. se estima que ocupa entre 1.5 y 1.8 millones de personas.<\/b><\/span><\/p>\n<p class=\"v1MsoNormal\"><span style=\"color: #000000; font-family: trebuchet ms, sans-serif; font-size: large;\"><b>\u00a0<\/b><\/span><\/p>\n<p class=\"v1MsoNormal\"><span style=\"color: #000000; font-family: trebuchet ms, sans-serif; font-size: large;\"><b>3. Plomeros, alba\u00f1iles, pintores, electricistas, jardineros, etc. son trabajadores eventuales o de oportunidades, sus labores las hacen en acuerdos de palabra o escrito\u00a0 para contratar reparaciones o mantenimientos de cualquier \u00edndole, en promedio son bien remunerados, con un ingreso promedio superior a los 150 d\u00f3lares al mes. Se estima que ejercen esta actividad de\u00a01 a\u00a01.5 millones de personas.<\/b><\/span><\/p>\n<p class=\"v1MsoNormal\"><span style=\"color: #000000; font-family: trebuchet ms, sans-serif; font-size: large;\"><b>\u00a0<\/b><\/span><\/p>\n<p class=\"v1MsoNormal\"><span style=\"color: #000000; font-family: trebuchet ms, sans-serif; font-size: large;\"><b>4. Actividades agropecuarias y pesca. Ejercen actividades de acuerdo a los ciclos de siembra y cosecha. As\u00ed como la temporada de pesca. Se estima que ocupan alrededor de un mill\u00f3n de personas. Son los menos remunerados en proporci\u00f3n a las otras actividades informales, aunque en la mayor\u00eda de los casos se les compensa adicionalmente con los alimentos producidos por esta actividad.<\/b><\/span><\/p>\n<p class=\"v1MsoNormal\"><span style=\"color: #000000; font-family: trebuchet ms, sans-serif; font-size: large;\"><b>\u00a0<\/b><\/span><\/p>\n<p class=\"v1MsoNormal\"><span style=\"color: #000000; font-family: trebuchet ms, sans-serif; font-size: large;\"><b>Podemos considerar que la informalidad es la principal fuente de ingresos para la gran mayor\u00eda de los Venezolanos, los cuales carecen de un empleo estable siendo para muchas familias su \u00fanico sustento para cubrir sus necesidades de consumo, principalmente de alimentos, medicinas, ropa y zapatos.\u00a0<\/b><\/span><\/p>\n<p class=\"v1MsoNormal\"><span style=\"color: #000000; font-family: trebuchet ms, sans-serif; font-size: large;\"><b>\u00a0<\/b><\/span><\/p>\n<p class=\"v1MsoNormal\"><span style=\"color: #000000; font-family: trebuchet ms, sans-serif; font-size: large;\"><b>Estamos dentro de los 10 pa\u00edses del mundo que tienen tan elevados niveles del total de su fuerza laboral ejerciendo la informalidad, se estima que alrededor de un 60% del total de los Venezolanos en edad para trabajar est\u00e1n dedicados a esta actividad, siendo sus niveles de ingresos en la mayor\u00eda de los casos superiores al promedio de los que tienen empleos estables y muy por encima de los trabajadores p\u00fablicos salvo el sector petrolero.\u00a0<\/b><\/span><\/p>\n<p class=\"v1MsoNormal\"><span style=\"color: #000000; font-family: trebuchet ms, sans-serif; font-size: large;\"><b>\u00a0<\/b><\/span><\/p>\n<p class=\"v1MsoNormal\"><span style=\"color: #000000; font-family: trebuchet ms, sans-serif; font-size: large;\"><b>Por lo tanto podemos afirmar que la informalidad surge como el paliativo a la crisis social que afecta a los venezolanos.<\/b><\/span><\/p>\n<p class=\"v1MsoNormal\" style=\"text-align: center;\"><b><span style=\"font-family: trebuchet ms, sans-serif;\">Vicente Brito<\/span><\/b><\/p>\n<p class=\"v1MsoNormal\" style=\"text-align: center;\"><span style=\"color: #000000; font-family: trebuchet ms, sans-serif; font-size: large;\"><b>Presidente<\/b><\/span><\/p>\n<p class=\"v1MsoNormal\" style=\"text-align: center;\"><span style=\"color: #000000; font-family: trebuchet ms, sans-serif; font-size: large;\"><b>Red por la defensa al Trabajo,<\/b><\/span><\/p>\n<p class=\"v1MsoNormal\" style=\"text-align: center;\"><span style=\"color: #000000; font-family: trebuchet ms, sans-serif; font-size: large;\"><b>la Propiedad y la Constituci\u00f3n.<\/b><\/span><\/p>\n<\/div>\n<\/div>\n<\/div>\n<\/div>\n<\/div>\n<\/blockquote>\n","protected":false},"excerpt":{"rendered":"<p>VENEZUELA | NOTI-AMERICA.COM \u00bfES LA INFORMALIDAD EL PALIATIVO A LA CRISIS SOCIAL? \u00a0 Cuando analizamos la cantidad tan elevada de venezolanos dedicados a la actividad informal, podemos afirmar que es la forma de obtener&#46;&#46;&#46;<\/p>\n","protected":false},"author":2,"featured_media":16813,"comment_status":"open","ping_status":"open","sticky":false,"template":"","format":"image","meta":{"_acf_changed":false,"om_disable_all_campaigns":false,"rop_custom_images_group":[],"rop_custom_messages_group":[],"rop_publish_now":"initial","rop_publish_now_accounts":{"twitter_242054905_242054905":""},"rop_publish_now_history":[],"rop_publish_now_status":"pending","_uf_show_specific_survey":0,"_uf_disable_surveys":false,"footnotes":""},"categories":[3],"tags":[],"class_list":["post-16812","post","type-post","status-publish","format-image","has-post-thumbnail","hentry","category-politica","post_format-post-format-image"],"acf":[],"aioseo_notices":[],"yoast_head":"<!-- This site is optimized with the Yoast SEO Premium plugin v24.9 (Yoast SEO v27.2) - https:\/\/yoast.com\/product\/yoast-seo-premium-wordpress\/ -->\n<title>\u00bfES LA INFORMALIDAD EL PALIATIVO A LA CRISIS SOCIAL? Por: Vicente Brito - Venezuela | Noti-America.com<\/title>\n<meta name=\"robots\" content=\"index, follow, max-snippet:-1, max-image-preview:large, max-video-preview:-1\" \/>\n<link rel=\"canonical\" href=\"https:\/\/noti-america.com\/site\/venezuela\/2021\/10\/31\/es-la-informalidad-el-paliativo-a-la-crisis-social-por-vicente-brito\/\" \/>\n<meta property=\"og:locale\" content=\"es_ES\" \/>\n<meta property=\"og:type\" content=\"article\" \/>\n<meta property=\"og:title\" content=\"\u00bfES LA INFORMALIDAD EL PALIATIVO A LA CRISIS SOCIAL? Por: Vicente Brito\" \/>\n<meta property=\"og:description\" content=\"VENEZUELA | NOTI-AMERICA.COM \u00bfES LA INFORMALIDAD EL PALIATIVO A LA CRISIS SOCIAL? \u00a0 Cuando analizamos la cantidad tan elevada de venezolanos dedicados a la actividad informal, podemos afirmar que es la forma de obtener&#046;&#046;&#046;\" \/>\n<meta property=\"og:url\" content=\"https:\/\/noti-america.com\/site\/venezuela\/2021\/10\/31\/es-la-informalidad-el-paliativo-a-la-crisis-social-por-vicente-brito\/\" \/>\n<meta property=\"og:site_name\" content=\"Venezuela | Noti-America.com\" \/>\n<meta property=\"article:published_time\" content=\"2021-10-31T12:36:59+00:00\" \/>\n<meta property=\"og:image\" content=\"https:\/\/noti-america.com\/site\/venezuela\/wp-content\/uploads\/sites\/2\/2021\/10\/vicente-brito.png\" \/>\n\t<meta property=\"og:image:width\" content=\"320\" \/>\n\t<meta property=\"og:image:height\" content=\"198\" \/>\n\t<meta property=\"og:image:type\" content=\"image\/png\" \/>\n<meta name=\"author\" content=\"rloaiza\" \/>\n<meta name=\"twitter:card\" content=\"summary_large_image\" \/>\n<meta name=\"twitter:label1\" content=\"Escrito por\" \/>\n\t<meta name=\"twitter:data1\" content=\"rloaiza\" \/>\n\t<meta name=\"twitter:label2\" content=\"Tiempo estimado de lectura\" \/>\n\t<meta name=\"twitter:data2\" content=\"3 minutos\" \/>\n<script type=\"application\/ld+json\" class=\"yoast-schema-graph\">{\"@context\":\"https:\/\/schema.org\",\"@graph\":[{\"@type\":\"Article\",\"@id\":\"https:\/\/noti-america.com\/site\/venezuela\/2021\/10\/31\/es-la-informalidad-el-paliativo-a-la-crisis-social-por-vicente-brito\/#article\",\"isPartOf\":{\"@id\":\"https:\/\/noti-america.com\/site\/venezuela\/2021\/10\/31\/es-la-informalidad-el-paliativo-a-la-crisis-social-por-vicente-brito\/\"},\"author\":{\"name\":\"rloaiza\",\"@id\":\"https:\/\/noti-america.com\/site\/venezuela\/#\/schema\/person\/a2e478ba496331ce89bcd0c731cd6533\"},\"headline\":\"\u00bfES LA INFORMALIDAD EL PALIATIVO A LA CRISIS SOCIAL? Por: Vicente Brito\",\"datePublished\":\"2021-10-31T12:36:59+00:00\",\"mainEntityOfPage\":{\"@id\":\"https:\/\/noti-america.com\/site\/venezuela\/2021\/10\/31\/es-la-informalidad-el-paliativo-a-la-crisis-social-por-vicente-brito\/\"},\"wordCount\":529,\"commentCount\":0,\"publisher\":{\"@id\":\"https:\/\/noti-america.com\/site\/venezuela\/#organization\"},\"image\":{\"@id\":\"https:\/\/noti-america.com\/site\/venezuela\/2021\/10\/31\/es-la-informalidad-el-paliativo-a-la-crisis-social-por-vicente-brito\/#primaryimage\"},\"thumbnailUrl\":\"https:\/\/noti-america.com\/site\/venezuela\/wp-content\/uploads\/sites\/2\/2021\/10\/vicente-brito.png\",\"articleSection\":[\"Pol\u00edtica\"],\"inLanguage\":\"es\",\"potentialAction\":[{\"@type\":\"CommentAction\",\"name\":\"Comment\",\"target\":[\"https:\/\/noti-america.com\/site\/venezuela\/2021\/10\/31\/es-la-informalidad-el-paliativo-a-la-crisis-social-por-vicente-brito\/#respond\"]}]},{\"@type\":\"WebPage\",\"@id\":\"https:\/\/noti-america.com\/site\/venezuela\/2021\/10\/31\/es-la-informalidad-el-paliativo-a-la-crisis-social-por-vicente-brito\/\",\"url\":\"https:\/\/noti-america.com\/site\/venezuela\/2021\/10\/31\/es-la-informalidad-el-paliativo-a-la-crisis-social-por-vicente-brito\/\",\"name\":\"\u00bfES LA INFORMALIDAD EL PALIATIVO A LA CRISIS SOCIAL? Por: Vicente Brito - Venezuela | Noti-America.com\",\"isPartOf\":{\"@id\":\"https:\/\/noti-america.com\/site\/venezuela\/#website\"},\"primaryImageOfPage\":{\"@id\":\"https:\/\/noti-america.com\/site\/venezuela\/2021\/10\/31\/es-la-informalidad-el-paliativo-a-la-crisis-social-por-vicente-brito\/#primaryimage\"},\"image\":{\"@id\":\"https:\/\/noti-america.com\/site\/venezuela\/2021\/10\/31\/es-la-informalidad-el-paliativo-a-la-crisis-social-por-vicente-brito\/#primaryimage\"},\"thumbnailUrl\":\"https:\/\/noti-america.com\/site\/venezuela\/wp-content\/uploads\/sites\/2\/2021\/10\/vicente-brito.png\",\"datePublished\":\"2021-10-31T12:36:59+00:00\",\"breadcrumb\":{\"@id\":\"https:\/\/noti-america.com\/site\/venezuela\/2021\/10\/31\/es-la-informalidad-el-paliativo-a-la-crisis-social-por-vicente-brito\/#breadcrumb\"},\"inLanguage\":\"es\",\"potentialAction\":[{\"@type\":\"ReadAction\",\"target\":[\"https:\/\/noti-america.com\/site\/venezuela\/2021\/10\/31\/es-la-informalidad-el-paliativo-a-la-crisis-social-por-vicente-brito\/\"]}]},{\"@type\":\"ImageObject\",\"inLanguage\":\"es\",\"@id\":\"https:\/\/noti-america.com\/site\/venezuela\/2021\/10\/31\/es-la-informalidad-el-paliativo-a-la-crisis-social-por-vicente-brito\/#primaryimage\",\"url\":\"https:\/\/noti-america.com\/site\/venezuela\/wp-content\/uploads\/sites\/2\/2021\/10\/vicente-brito.png\",\"contentUrl\":\"https:\/\/noti-america.com\/site\/venezuela\/wp-content\/uploads\/sites\/2\/2021\/10\/vicente-brito.png\",\"width\":320,\"height\":198},{\"@type\":\"BreadcrumbList\",\"@id\":\"https:\/\/noti-america.com\/site\/venezuela\/2021\/10\/31\/es-la-informalidad-el-paliativo-a-la-crisis-social-por-vicente-brito\/#breadcrumb\",\"itemListElement\":[{\"@type\":\"ListItem\",\"position\":1,\"name\":\"Portada\",\"item\":\"https:\/\/noti-america.com\/site\/venezuela\/\"},{\"@type\":\"ListItem\",\"position\":2,\"name\":\"\u00bfES LA INFORMALIDAD EL PALIATIVO A LA CRISIS SOCIAL? Por: Vicente Brito\"}]},{\"@type\":\"WebSite\",\"@id\":\"https:\/\/noti-america.com\/site\/venezuela\/#website\",\"url\":\"https:\/\/noti-america.com\/site\/venezuela\/\",\"name\":\"Venezuela | Noti-America.com\",\"description\":\"\",\"publisher\":{\"@id\":\"https:\/\/noti-america.com\/site\/venezuela\/#organization\"},\"potentialAction\":[{\"@type\":\"SearchAction\",\"target\":{\"@type\":\"EntryPoint\",\"urlTemplate\":\"https:\/\/noti-america.com\/site\/venezuela\/?s={search_term_string}\"},\"query-input\":{\"@type\":\"PropertyValueSpecification\",\"valueRequired\":true,\"valueName\":\"search_term_string\"}}],\"inLanguage\":\"es\"},{\"@type\":\"Organization\",\"@id\":\"https:\/\/noti-america.com\/site\/venezuela\/#organization\",\"name\":\"Noti-America LLC | Venezuela\",\"url\":\"https:\/\/noti-america.com\/site\/venezuela\/\",\"logo\":{\"@type\":\"ImageObject\",\"inLanguage\":\"es\",\"@id\":\"https:\/\/noti-america.com\/site\/venezuela\/#\/schema\/logo\/image\/\",\"url\":\"https:\/\/noti-america.com\/site\/venezuela\/wp-content\/uploads\/sites\/2\/2020\/07\/LogoNA-4x3-1.jpg\",\"contentUrl\":\"https:\/\/noti-america.com\/site\/venezuela\/wp-content\/uploads\/sites\/2\/2020\/07\/LogoNA-4x3-1.jpg\",\"width\":1236,\"height\":1080,\"caption\":\"Noti-America LLC | Venezuela\"},\"image\":{\"@id\":\"https:\/\/noti-america.com\/site\/venezuela\/#\/schema\/logo\/image\/\"}},{\"@type\":\"Person\",\"@id\":\"https:\/\/noti-america.com\/site\/venezuela\/#\/schema\/person\/a2e478ba496331ce89bcd0c731cd6533\",\"name\":\"rloaiza\",\"image\":{\"@type\":\"ImageObject\",\"inLanguage\":\"es\",\"@id\":\"https:\/\/secure.gravatar.com\/avatar\/190058e5d4427934610b99c45aa7a6558806850adedd53ddeddd194b04773e22?s=96&d=mm&r=g\",\"url\":\"https:\/\/secure.gravatar.com\/avatar\/190058e5d4427934610b99c45aa7a6558806850adedd53ddeddd194b04773e22?s=96&d=mm&r=g\",\"contentUrl\":\"https:\/\/secure.gravatar.com\/avatar\/190058e5d4427934610b99c45aa7a6558806850adedd53ddeddd194b04773e22?s=96&d=mm&r=g\",\"caption\":\"rloaiza\"},\"url\":\"https:\/\/noti-america.com\/site\/venezuela\/author\/rloaiza\/\"}]}<\/script>\n<!-- \/ Yoast SEO Premium plugin. -->","yoast_head_json":{"title":"\u00bfES LA INFORMALIDAD EL PALIATIVO A LA CRISIS SOCIAL? Por: Vicente Brito - Venezuela | Noti-America.com","robots":{"index":"index","follow":"follow","max-snippet":"max-snippet:-1","max-image-preview":"max-image-preview:large","max-video-preview":"max-video-preview:-1"},"canonical":"https:\/\/noti-america.com\/site\/venezuela\/2021\/10\/31\/es-la-informalidad-el-paliativo-a-la-crisis-social-por-vicente-brito\/","og_locale":"es_ES","og_type":"article","og_title":"\u00bfES LA INFORMALIDAD EL PALIATIVO A LA CRISIS SOCIAL? Por: Vicente Brito","og_description":"VENEZUELA | NOTI-AMERICA.COM \u00bfES LA INFORMALIDAD EL PALIATIVO A LA CRISIS SOCIAL? \u00a0 Cuando analizamos la cantidad tan elevada de venezolanos dedicados a la actividad informal, podemos afirmar que es la forma de obtener&#46;&#46;&#46;","og_url":"https:\/\/noti-america.com\/site\/venezuela\/2021\/10\/31\/es-la-informalidad-el-paliativo-a-la-crisis-social-por-vicente-brito\/","og_site_name":"Venezuela | Noti-America.com","article_published_time":"2021-10-31T12:36:59+00:00","og_image":[{"width":320,"height":198,"url":"https:\/\/noti-america.com\/site\/venezuela\/wp-content\/uploads\/sites\/2\/2021\/10\/vicente-brito.png","type":"image\/png"}],"author":"rloaiza","twitter_card":"summary_large_image","twitter_misc":{"Escrito por":"rloaiza","Tiempo estimado de lectura":"3 minutos"},"schema":{"@context":"https:\/\/schema.org","@graph":[{"@type":"Article","@id":"https:\/\/noti-america.com\/site\/venezuela\/2021\/10\/31\/es-la-informalidad-el-paliativo-a-la-crisis-social-por-vicente-brito\/#article","isPartOf":{"@id":"https:\/\/noti-america.com\/site\/venezuela\/2021\/10\/31\/es-la-informalidad-el-paliativo-a-la-crisis-social-por-vicente-brito\/"},"author":{"name":"rloaiza","@id":"https:\/\/noti-america.com\/site\/venezuela\/#\/schema\/person\/a2e478ba496331ce89bcd0c731cd6533"},"headline":"\u00bfES LA INFORMALIDAD EL PALIATIVO A LA CRISIS SOCIAL? Por: Vicente Brito","datePublished":"2021-10-31T12:36:59+00:00","mainEntityOfPage":{"@id":"https:\/\/noti-america.com\/site\/venezuela\/2021\/10\/31\/es-la-informalidad-el-paliativo-a-la-crisis-social-por-vicente-brito\/"},"wordCount":529,"commentCount":0,"publisher":{"@id":"https:\/\/noti-america.com\/site\/venezuela\/#organization"},"image":{"@id":"https:\/\/noti-america.com\/site\/venezuela\/2021\/10\/31\/es-la-informalidad-el-paliativo-a-la-crisis-social-por-vicente-brito\/#primaryimage"},"thumbnailUrl":"https:\/\/noti-america.com\/site\/venezuela\/wp-content\/uploads\/sites\/2\/2021\/10\/vicente-brito.png","articleSection":["Pol\u00edtica"],"inLanguage":"es","potentialAction":[{"@type":"CommentAction","name":"Comment","target":["https:\/\/noti-america.com\/site\/venezuela\/2021\/10\/31\/es-la-informalidad-el-paliativo-a-la-crisis-social-por-vicente-brito\/#respond"]}]},{"@type":"WebPage","@id":"https:\/\/noti-america.com\/site\/venezuela\/2021\/10\/31\/es-la-informalidad-el-paliativo-a-la-crisis-social-por-vicente-brito\/","url":"https:\/\/noti-america.com\/site\/venezuela\/2021\/10\/31\/es-la-informalidad-el-paliativo-a-la-crisis-social-por-vicente-brito\/","name":"\u00bfES LA INFORMALIDAD EL PALIATIVO A LA CRISIS SOCIAL? Por: Vicente Brito - Venezuela | Noti-America.com","isPartOf":{"@id":"https:\/\/noti-america.com\/site\/venezuela\/#website"},"primaryImageOfPage":{"@id":"https:\/\/noti-america.com\/site\/venezuela\/2021\/10\/31\/es-la-informalidad-el-paliativo-a-la-crisis-social-por-vicente-brito\/#primaryimage"},"image":{"@id":"https:\/\/noti-america.com\/site\/venezuela\/2021\/10\/31\/es-la-informalidad-el-paliativo-a-la-crisis-social-por-vicente-brito\/#primaryimage"},"thumbnailUrl":"https:\/\/noti-america.com\/site\/venezuela\/wp-content\/uploads\/sites\/2\/2021\/10\/vicente-brito.png","datePublished":"2021-10-31T12:36:59+00:00","breadcrumb":{"@id":"https:\/\/noti-america.com\/site\/venezuela\/2021\/10\/31\/es-la-informalidad-el-paliativo-a-la-crisis-social-por-vicente-brito\/#breadcrumb"},"inLanguage":"es","potentialAction":[{"@type":"ReadAction","target":["https:\/\/noti-america.com\/site\/venezuela\/2021\/10\/31\/es-la-informalidad-el-paliativo-a-la-crisis-social-por-vicente-brito\/"]}]},{"@type":"ImageObject","inLanguage":"es","@id":"https:\/\/noti-america.com\/site\/venezuela\/2021\/10\/31\/es-la-informalidad-el-paliativo-a-la-crisis-social-por-vicente-brito\/#primaryimage","url":"https:\/\/noti-america.com\/site\/venezuela\/wp-content\/uploads\/sites\/2\/2021\/10\/vicente-brito.png","contentUrl":"https:\/\/noti-america.com\/site\/venezuela\/wp-content\/uploads\/sites\/2\/2021\/10\/vicente-brito.png","width":320,"height":198},{"@type":"BreadcrumbList","@id":"https:\/\/noti-america.com\/site\/venezuela\/2021\/10\/31\/es-la-informalidad-el-paliativo-a-la-crisis-social-por-vicente-brito\/#breadcrumb","itemListElement":[{"@type":"ListItem","position":1,"name":"Portada","item":"https:\/\/noti-america.com\/site\/venezuela\/"},{"@type":"ListItem","position":2,"name":"\u00bfES LA INFORMALIDAD EL PALIATIVO A LA CRISIS SOCIAL? Por: Vicente Brito"}]},{"@type":"WebSite","@id":"https:\/\/noti-america.com\/site\/venezuela\/#website","url":"https:\/\/noti-america.com\/site\/venezuela\/","name":"Venezuela | Noti-America.com","description":"","publisher":{"@id":"https:\/\/noti-america.com\/site\/venezuela\/#organization"},"potentialAction":[{"@type":"SearchAction","target":{"@type":"EntryPoint","urlTemplate":"https:\/\/noti-america.com\/site\/venezuela\/?s={search_term_string}"},"query-input":{"@type":"PropertyValueSpecification","valueRequired":true,"valueName":"search_term_string"}}],"inLanguage":"es"},{"@type":"Organization","@id":"https:\/\/noti-america.com\/site\/venezuela\/#organization","name":"Noti-America LLC | Venezuela","url":"https:\/\/noti-america.com\/site\/venezuela\/","logo":{"@type":"ImageObject","inLanguage":"es","@id":"https:\/\/noti-america.com\/site\/venezuela\/#\/schema\/logo\/image\/","url":"https:\/\/noti-america.com\/site\/venezuela\/wp-content\/uploads\/sites\/2\/2020\/07\/LogoNA-4x3-1.jpg","contentUrl":"https:\/\/noti-america.com\/site\/venezuela\/wp-content\/uploads\/sites\/2\/2020\/07\/LogoNA-4x3-1.jpg","width":1236,"height":1080,"caption":"Noti-America LLC | Venezuela"},"image":{"@id":"https:\/\/noti-america.com\/site\/venezuela\/#\/schema\/logo\/image\/"}},{"@type":"Person","@id":"https:\/\/noti-america.com\/site\/venezuela\/#\/schema\/person\/a2e478ba496331ce89bcd0c731cd6533","name":"rloaiza","image":{"@type":"ImageObject","inLanguage":"es","@id":"https:\/\/secure.gravatar.com\/avatar\/190058e5d4427934610b99c45aa7a6558806850adedd53ddeddd194b04773e22?s=96&d=mm&r=g","url":"https:\/\/secure.gravatar.com\/avatar\/190058e5d4427934610b99c45aa7a6558806850adedd53ddeddd194b04773e22?s=96&d=mm&r=g","contentUrl":"https:\/\/secure.gravatar.com\/avatar\/190058e5d4427934610b99c45aa7a6558806850adedd53ddeddd194b04773e22?s=96&d=mm&r=g","caption":"rloaiza"},"url":"https:\/\/noti-america.com\/site\/venezuela\/author\/rloaiza\/"}]}},"_links":{"self":[{"href":"https:\/\/noti-america.com\/site\/venezuela\/wp-json\/wp\/v2\/posts\/16812","targetHints":{"allow":["GET"]}}],"collection":[{"href":"https:\/\/noti-america.com\/site\/venezuela\/wp-json\/wp\/v2\/posts"}],"about":[{"href":"https:\/\/noti-america.com\/site\/venezuela\/wp-json\/wp\/v2\/types\/post"}],"author":[{"embeddable":true,"href":"https:\/\/noti-america.com\/site\/venezuela\/wp-json\/wp\/v2\/users\/2"}],"replies":[{"embeddable":true,"href":"https:\/\/noti-america.com\/site\/venezuela\/wp-json\/wp\/v2\/comments?post=16812"}],"version-history":[{"count":0,"href":"https:\/\/noti-america.com\/site\/venezuela\/wp-json\/wp\/v2\/posts\/16812\/revisions"}],"wp:featuredmedia":[{"embeddable":true,"href":"https:\/\/noti-america.com\/site\/venezuela\/wp-json\/wp\/v2\/media\/16813"}],"wp:attachment":[{"href":"https:\/\/noti-america.com\/site\/venezuela\/wp-json\/wp\/v2\/media?parent=16812"}],"wp:term":[{"taxonomy":"category","embeddable":true,"href":"https:\/\/noti-america.com\/site\/venezuela\/wp-json\/wp\/v2\/categories?post=16812"},{"taxonomy":"post_tag","embeddable":true,"href":"https:\/\/noti-america.com\/site\/venezuela\/wp-json\/wp\/v2\/tags?post=16812"}],"curies":[{"name":"wp","href":"https:\/\/api.w.org\/{rel}","templated":true}]}}