{"id":16426,"date":"2021-09-29T10:34:06","date_gmt":"2021-09-29T10:34:06","guid":{"rendered":"https:\/\/noti-america.com\/site\/venezuela\/?p=16426"},"modified":"2021-09-29T10:34:06","modified_gmt":"2021-09-29T10:34:06","slug":"bryan-venz-marca-un-antes-y-un-despues-en-su-musica-con-lucete","status":"publish","type":"post","link":"https:\/\/noti-america.com\/site\/venezuela\/2021\/09\/29\/bryan-venz-marca-un-antes-y-un-despues-en-su-musica-con-lucete\/","title":{"rendered":"Bryan Venz marca un antes y un despu\u00e9s en su m\u00fasica con \u201cL\u00facete\u201d"},"content":{"rendered":"<p><i><span lang=\"ES\">El novel cantante promete cautivar al p\u00fablico con sonidos pegajosos, letras con las que muchos se sentir\u00e1n identificados y un estilo \u00fanico que dar\u00e1 mucho de qu\u00e9 hablar.<\/span><\/i><\/p>\n<p style=\"font-weight: 400\"><strong>Caracas, septiembre 2021.-<\/strong>\u00a0El talento emergente sigue creciendo como la espuma, y\u00a0<strong>Bryan Venz forma parte de esa generaci\u00f3n de relevo que viene a abrirse su propio camino, con una propuesta diferente e interesante.<\/strong><\/p>\n<p><img loading=\"lazy\" decoding=\"async\" class=\"alignnone size-full wp-image-16428\" src=\"https:\/\/noti-america.com\/site\/venezuela\/wp-content\/uploads\/sites\/2\/2021\/09\/IMG_4959.jpg\" alt=\"\" width=\"1080\" height=\"1350\" srcset=\"https:\/\/noti-america.com\/site\/venezuela\/wp-content\/uploads\/sites\/2\/2021\/09\/IMG_4959.jpg 1080w, https:\/\/noti-america.com\/site\/venezuela\/wp-content\/uploads\/sites\/2\/2021\/09\/IMG_4959-240x300.jpg 240w, https:\/\/noti-america.com\/site\/venezuela\/wp-content\/uploads\/sites\/2\/2021\/09\/IMG_4959-819x1024.jpg 819w, https:\/\/noti-america.com\/site\/venezuela\/wp-content\/uploads\/sites\/2\/2021\/09\/IMG_4959-768x960.jpg 768w\" sizes=\"auto, (max-width: 1080px) 100vw, 1080px\" \/><\/p>\n<p style=\"font-weight: 400\">Aunque ya hab\u00eda mostrado parte de su esencia musical anteriormente con los temas \u201c3:00 a.m.\u201d y \u201cAg\u00fcita de coco\u201d feat. Pande Sousa,\u00a0<strong>el sencillo \u201cL\u00facete\u201d fue el escogido para iniciarse en la industria de manera profesional.\u00a0<\/strong><strong>\u201c\u2019L\u00facete\u2019 describe\u00a0muy bien la madurez que he logrado en este corto plazo como cantautor. Hace casi un a\u00f1o que me lanc\u00e9 como artista\u00a0y con esta canci\u00f3n veo materializados los ritmos e intenci\u00f3n que quise plasmar en ella<\/strong>. Muchas personas se sentir\u00e1n identificadas, no solo por el ritmo sino por la letra\u201d, comenta Bryan.<\/p>\n<p style=\"font-weight: 400\"><strong>El single, escrito por el propio artista y producido por Yoswill\u00a0Roldan, \u201ccuenta la historia de un chamo que hace todo lo posible por conquistar a una chica<\/strong>, desde llegar a su casa y escaparse para poder verse, hasta contar algunas vivencias personales e \u00edntimas que han tenido\u201d, dice.<\/p>\n<p style=\"font-weight: 400\"><strong>Adem\u00e1s, la canci\u00f3n viene acompa\u00f1ada de un material audiovisual, dirigido por Kevin Castillo<\/strong>, que complementa a la perfecci\u00f3n la propuesta musical de Bryan.\u00a0<strong>\u201cQuisimos plasmar el sue\u00f1o que tiene una fan de convivir con su artista favorito.<\/strong>\u00a0 El video comienza con ella en su cuarto escuchando la canci\u00f3n \u2018L\u00facete\u2019 mientras se cambia para dormir. Al hacerlo ella comienza a so\u00f1ar que forma parte de mi vida diaria y cumple su fantas\u00eda de estar conmigo\u201d, agrega el int\u00e9rprete.<\/p>\n<p><img loading=\"lazy\" decoding=\"async\" class=\"alignnone size-full wp-image-16429\" src=\"https:\/\/noti-america.com\/site\/venezuela\/wp-content\/uploads\/sites\/2\/2021\/09\/IMG_4949.CR2_.jpg\" alt=\"\" width=\"1080\" height=\"1350\" srcset=\"https:\/\/noti-america.com\/site\/venezuela\/wp-content\/uploads\/sites\/2\/2021\/09\/IMG_4949.CR2_.jpg 1080w, https:\/\/noti-america.com\/site\/venezuela\/wp-content\/uploads\/sites\/2\/2021\/09\/IMG_4949.CR2_-240x300.jpg 240w, https:\/\/noti-america.com\/site\/venezuela\/wp-content\/uploads\/sites\/2\/2021\/09\/IMG_4949.CR2_-819x1024.jpg 819w, https:\/\/noti-america.com\/site\/venezuela\/wp-content\/uploads\/sites\/2\/2021\/09\/IMG_4949.CR2_-768x960.jpg 768w\" sizes=\"auto, (max-width: 1080px) 100vw, 1080px\" \/><\/p>\n<p style=\"font-weight: 400\"><strong>El tema, que se estren\u00f3 el pasado viernes 24 de septiembre, ya est\u00e1 sonando en todas las emisoras radiales a nivel nacional<\/strong>, para que su propuesta llegue a todos los rincones de Venezuela. Tambi\u00e9n pueden encontrarlo en sus plataformas digitales y disfrutar del video en su canal de Youtube.<\/p>\n<p style=\"font-weight: 400\">El novel cantante est\u00e1 enfocado en mostrar su estilo diferente y fresco. \u201c<strong>La verdad me defino como un cantautor de la m\u00fasica\u00a0urbana, pero fusionando el reggaet\u00f3n\u00a0y el dancehall, que son los g\u00e9neros que m\u00e1s me gusta hacer<\/strong>, y creo que el p\u00fablico va a recibir gratamente\u201d, complementa.<\/p>\n<p style=\"font-weight: 400\">En paralelo, Bryan se encuentra trabajando en lo que sigue dentro de su naciente carrera: \u201c<strong>Viene mucha m\u00fasica. Luego de \u2018L\u00facete\u2019\u00a0estrenamos\u00a0otro sencillo, para posteriormente lanzar mi primer EP\u201d<\/strong>, finaliza.<\/p>\n<p><img loading=\"lazy\" decoding=\"async\" class=\"alignnone size-full wp-image-16430\" src=\"https:\/\/noti-america.com\/site\/venezuela\/wp-content\/uploads\/sites\/2\/2021\/09\/IMG_4974.jpg\" alt=\"\" width=\"1080\" height=\"1350\" srcset=\"https:\/\/noti-america.com\/site\/venezuela\/wp-content\/uploads\/sites\/2\/2021\/09\/IMG_4974.jpg 1080w, https:\/\/noti-america.com\/site\/venezuela\/wp-content\/uploads\/sites\/2\/2021\/09\/IMG_4974-240x300.jpg 240w, https:\/\/noti-america.com\/site\/venezuela\/wp-content\/uploads\/sites\/2\/2021\/09\/IMG_4974-819x1024.jpg 819w, https:\/\/noti-america.com\/site\/venezuela\/wp-content\/uploads\/sites\/2\/2021\/09\/IMG_4974-768x960.jpg 768w\" sizes=\"auto, (max-width: 1080px) 100vw, 1080px\" \/><\/p>\n<p style=\"font-weight: 400\"><strong>Para conocer m\u00e1s de Bryan Venz y de todos sus proyectos, no dude en seguirlo a trav\u00e9s de sus redes sociales como @bryanvenz.<\/strong><\/p>\n","protected":false},"excerpt":{"rendered":"<p>El novel cantante promete cautivar al p\u00fablico con sonidos pegajosos, letras con las que muchos se sentir\u00e1n identificados y un estilo \u00fanico que dar\u00e1 mucho de qu\u00e9 hablar. Caracas, septiembre 2021.-\u00a0El talento emergente sigue&#46;&#46;&#46;<\/p>\n","protected":false},"author":1,"featured_media":16427,"comment_status":"open","ping_status":"open","sticky":false,"template":"","format":"standard","meta":{"_acf_changed":false,"om_disable_all_campaigns":false,"rop_custom_images_group":[],"rop_custom_messages_group":[],"rop_publish_now":"initial","rop_publish_now_accounts":{"twitter_242054905_242054905":""},"rop_publish_now_history":[],"rop_publish_now_status":"pending","_uf_show_specific_survey":0,"_uf_disable_surveys":false,"footnotes":""},"categories":[8],"tags":[],"class_list":["post-16426","post","type-post","status-publish","format-standard","has-post-thumbnail","hentry","category-arte-y-espectaculos"],"acf":[],"aioseo_notices":[],"yoast_head":"<!-- This site is optimized with the Yoast SEO Premium plugin v24.9 (Yoast SEO v27.2) - https:\/\/yoast.com\/product\/yoast-seo-premium-wordpress\/ -->\n<title>Bryan Venz marca un antes y un despu\u00e9s en su m\u00fasica con \u201cL\u00facete\u201d - Venezuela | Noti-America.com<\/title>\n<meta name=\"robots\" content=\"index, follow, max-snippet:-1, max-image-preview:large, max-video-preview:-1\" \/>\n<link rel=\"canonical\" href=\"https:\/\/noti-america.com\/site\/venezuela\/2021\/09\/29\/bryan-venz-marca-un-antes-y-un-despues-en-su-musica-con-lucete\/\" \/>\n<meta property=\"og:locale\" content=\"es_ES\" \/>\n<meta property=\"og:type\" content=\"article\" \/>\n<meta property=\"og:title\" content=\"Bryan Venz marca un antes y un despu\u00e9s en su m\u00fasica con \u201cL\u00facete\u201d\" \/>\n<meta property=\"og:description\" content=\"El novel cantante promete cautivar al p\u00fablico con sonidos pegajosos, letras con las que muchos se sentir\u00e1n identificados y un estilo \u00fanico que dar\u00e1 mucho de qu\u00e9 hablar. Caracas, septiembre 2021.-\u00a0El talento emergente sigue&#046;&#046;&#046;\" \/>\n<meta property=\"og:url\" content=\"https:\/\/noti-america.com\/site\/venezuela\/2021\/09\/29\/bryan-venz-marca-un-antes-y-un-despues-en-su-musica-con-lucete\/\" \/>\n<meta property=\"og:site_name\" content=\"Venezuela | Noti-America.com\" \/>\n<meta property=\"article:published_time\" content=\"2021-09-29T10:34:06+00:00\" \/>\n<meta property=\"og:image\" content=\"https:\/\/noti-america.com\/site\/venezuela\/wp-content\/uploads\/sites\/2\/2021\/09\/LUCETE-Bryan-Venz-FINAL-4K.00_00_13_15.Imagen-fija009-scaled.jpg\" \/>\n\t<meta property=\"og:image:width\" content=\"2560\" \/>\n\t<meta property=\"og:image:height\" content=\"1440\" \/>\n\t<meta property=\"og:image:type\" content=\"image\/jpeg\" \/>\n<meta name=\"author\" content=\"Rosmer Herrera\" \/>\n<meta name=\"twitter:card\" content=\"summary_large_image\" \/>\n<meta name=\"twitter:label1\" content=\"Escrito por\" \/>\n\t<meta name=\"twitter:data1\" content=\"Rosmer Herrera\" \/>\n\t<meta name=\"twitter:label2\" content=\"Tiempo estimado de lectura\" \/>\n\t<meta name=\"twitter:data2\" content=\"3 minutos\" \/>\n<script type=\"application\/ld+json\" class=\"yoast-schema-graph\">{\"@context\":\"https:\/\/schema.org\",\"@graph\":[{\"@type\":\"Article\",\"@id\":\"https:\/\/noti-america.com\/site\/venezuela\/2021\/09\/29\/bryan-venz-marca-un-antes-y-un-despues-en-su-musica-con-lucete\/#article\",\"isPartOf\":{\"@id\":\"https:\/\/noti-america.com\/site\/venezuela\/2021\/09\/29\/bryan-venz-marca-un-antes-y-un-despues-en-su-musica-con-lucete\/\"},\"author\":{\"name\":\"Rosmer Herrera\",\"@id\":\"https:\/\/noti-america.com\/site\/venezuela\/#\/schema\/person\/fd58dbfb92a257e9dc5761bf69a855ff\"},\"headline\":\"Bryan Venz marca un antes y un despu\u00e9s en su m\u00fasica con \u201cL\u00facete\u201d\",\"datePublished\":\"2021-09-29T10:34:06+00:00\",\"mainEntityOfPage\":{\"@id\":\"https:\/\/noti-america.com\/site\/venezuela\/2021\/09\/29\/bryan-venz-marca-un-antes-y-un-despues-en-su-musica-con-lucete\/\"},\"wordCount\":477,\"commentCount\":0,\"publisher\":{\"@id\":\"https:\/\/noti-america.com\/site\/venezuela\/#organization\"},\"image\":{\"@id\":\"https:\/\/noti-america.com\/site\/venezuela\/2021\/09\/29\/bryan-venz-marca-un-antes-y-un-despues-en-su-musica-con-lucete\/#primaryimage\"},\"thumbnailUrl\":\"https:\/\/noti-america.com\/site\/venezuela\/wp-content\/uploads\/sites\/2\/2021\/09\/LUCETE-Bryan-Venz-FINAL-4K.00_00_13_15.Imagen-fija009-scaled.jpg\",\"articleSection\":[\"Arte y Espect\u00e1culos\"],\"inLanguage\":\"es\",\"potentialAction\":[{\"@type\":\"CommentAction\",\"name\":\"Comment\",\"target\":[\"https:\/\/noti-america.com\/site\/venezuela\/2021\/09\/29\/bryan-venz-marca-un-antes-y-un-despues-en-su-musica-con-lucete\/#respond\"]}]},{\"@type\":\"WebPage\",\"@id\":\"https:\/\/noti-america.com\/site\/venezuela\/2021\/09\/29\/bryan-venz-marca-un-antes-y-un-despues-en-su-musica-con-lucete\/\",\"url\":\"https:\/\/noti-america.com\/site\/venezuela\/2021\/09\/29\/bryan-venz-marca-un-antes-y-un-despues-en-su-musica-con-lucete\/\",\"name\":\"Bryan Venz marca un antes y un despu\u00e9s en su m\u00fasica con \u201cL\u00facete\u201d - Venezuela | Noti-America.com\",\"isPartOf\":{\"@id\":\"https:\/\/noti-america.com\/site\/venezuela\/#website\"},\"primaryImageOfPage\":{\"@id\":\"https:\/\/noti-america.com\/site\/venezuela\/2021\/09\/29\/bryan-venz-marca-un-antes-y-un-despues-en-su-musica-con-lucete\/#primaryimage\"},\"image\":{\"@id\":\"https:\/\/noti-america.com\/site\/venezuela\/2021\/09\/29\/bryan-venz-marca-un-antes-y-un-despues-en-su-musica-con-lucete\/#primaryimage\"},\"thumbnailUrl\":\"https:\/\/noti-america.com\/site\/venezuela\/wp-content\/uploads\/sites\/2\/2021\/09\/LUCETE-Bryan-Venz-FINAL-4K.00_00_13_15.Imagen-fija009-scaled.jpg\",\"datePublished\":\"2021-09-29T10:34:06+00:00\",\"breadcrumb\":{\"@id\":\"https:\/\/noti-america.com\/site\/venezuela\/2021\/09\/29\/bryan-venz-marca-un-antes-y-un-despues-en-su-musica-con-lucete\/#breadcrumb\"},\"inLanguage\":\"es\",\"potentialAction\":[{\"@type\":\"ReadAction\",\"target\":[\"https:\/\/noti-america.com\/site\/venezuela\/2021\/09\/29\/bryan-venz-marca-un-antes-y-un-despues-en-su-musica-con-lucete\/\"]}]},{\"@type\":\"ImageObject\",\"inLanguage\":\"es\",\"@id\":\"https:\/\/noti-america.com\/site\/venezuela\/2021\/09\/29\/bryan-venz-marca-un-antes-y-un-despues-en-su-musica-con-lucete\/#primaryimage\",\"url\":\"https:\/\/noti-america.com\/site\/venezuela\/wp-content\/uploads\/sites\/2\/2021\/09\/LUCETE-Bryan-Venz-FINAL-4K.00_00_13_15.Imagen-fija009-scaled.jpg\",\"contentUrl\":\"https:\/\/noti-america.com\/site\/venezuela\/wp-content\/uploads\/sites\/2\/2021\/09\/LUCETE-Bryan-Venz-FINAL-4K.00_00_13_15.Imagen-fija009-scaled.jpg\",\"width\":2560,\"height\":1440},{\"@type\":\"BreadcrumbList\",\"@id\":\"https:\/\/noti-america.com\/site\/venezuela\/2021\/09\/29\/bryan-venz-marca-un-antes-y-un-despues-en-su-musica-con-lucete\/#breadcrumb\",\"itemListElement\":[{\"@type\":\"ListItem\",\"position\":1,\"name\":\"Portada\",\"item\":\"https:\/\/noti-america.com\/site\/venezuela\/\"},{\"@type\":\"ListItem\",\"position\":2,\"name\":\"Bryan Venz marca un antes y un despu\u00e9s en su m\u00fasica con \u201cL\u00facete\u201d\"}]},{\"@type\":\"WebSite\",\"@id\":\"https:\/\/noti-america.com\/site\/venezuela\/#website\",\"url\":\"https:\/\/noti-america.com\/site\/venezuela\/\",\"name\":\"Venezuela | Noti-America.com\",\"description\":\"\",\"publisher\":{\"@id\":\"https:\/\/noti-america.com\/site\/venezuela\/#organization\"},\"potentialAction\":[{\"@type\":\"SearchAction\",\"target\":{\"@type\":\"EntryPoint\",\"urlTemplate\":\"https:\/\/noti-america.com\/site\/venezuela\/?s={search_term_string}\"},\"query-input\":{\"@type\":\"PropertyValueSpecification\",\"valueRequired\":true,\"valueName\":\"search_term_string\"}}],\"inLanguage\":\"es\"},{\"@type\":\"Organization\",\"@id\":\"https:\/\/noti-america.com\/site\/venezuela\/#organization\",\"name\":\"Noti-America LLC | Venezuela\",\"url\":\"https:\/\/noti-america.com\/site\/venezuela\/\",\"logo\":{\"@type\":\"ImageObject\",\"inLanguage\":\"es\",\"@id\":\"https:\/\/noti-america.com\/site\/venezuela\/#\/schema\/logo\/image\/\",\"url\":\"https:\/\/noti-america.com\/site\/venezuela\/wp-content\/uploads\/sites\/2\/2020\/07\/LogoNA-4x3-1.jpg\",\"contentUrl\":\"https:\/\/noti-america.com\/site\/venezuela\/wp-content\/uploads\/sites\/2\/2020\/07\/LogoNA-4x3-1.jpg\",\"width\":1236,\"height\":1080,\"caption\":\"Noti-America LLC | Venezuela\"},\"image\":{\"@id\":\"https:\/\/noti-america.com\/site\/venezuela\/#\/schema\/logo\/image\/\"}},{\"@type\":\"Person\",\"@id\":\"https:\/\/noti-america.com\/site\/venezuela\/#\/schema\/person\/fd58dbfb92a257e9dc5761bf69a855ff\",\"name\":\"Rosmer Herrera\",\"image\":{\"@type\":\"ImageObject\",\"inLanguage\":\"es\",\"@id\":\"https:\/\/secure.gravatar.com\/avatar\/153e75c261394dbf20ff1a1e70ea2be9494f2b40b7fc4e7704084db13220ae08?s=96&d=mm&r=g\",\"url\":\"https:\/\/secure.gravatar.com\/avatar\/153e75c261394dbf20ff1a1e70ea2be9494f2b40b7fc4e7704084db13220ae08?s=96&d=mm&r=g\",\"contentUrl\":\"https:\/\/secure.gravatar.com\/avatar\/153e75c261394dbf20ff1a1e70ea2be9494f2b40b7fc4e7704084db13220ae08?s=96&d=mm&r=g\",\"caption\":\"Rosmer Herrera\"},\"url\":\"https:\/\/noti-america.com\/site\/venezuela\/author\/rosmer33\/\"}]}<\/script>\n<!-- \/ Yoast SEO Premium plugin. -->","yoast_head_json":{"title":"Bryan Venz marca un antes y un despu\u00e9s en su m\u00fasica con \u201cL\u00facete\u201d - Venezuela | Noti-America.com","robots":{"index":"index","follow":"follow","max-snippet":"max-snippet:-1","max-image-preview":"max-image-preview:large","max-video-preview":"max-video-preview:-1"},"canonical":"https:\/\/noti-america.com\/site\/venezuela\/2021\/09\/29\/bryan-venz-marca-un-antes-y-un-despues-en-su-musica-con-lucete\/","og_locale":"es_ES","og_type":"article","og_title":"Bryan Venz marca un antes y un despu\u00e9s en su m\u00fasica con \u201cL\u00facete\u201d","og_description":"El novel cantante promete cautivar al p\u00fablico con sonidos pegajosos, letras con las que muchos se sentir\u00e1n identificados y un estilo \u00fanico que dar\u00e1 mucho de qu\u00e9 hablar. Caracas, septiembre 2021.-\u00a0El talento emergente sigue&#46;&#46;&#46;","og_url":"https:\/\/noti-america.com\/site\/venezuela\/2021\/09\/29\/bryan-venz-marca-un-antes-y-un-despues-en-su-musica-con-lucete\/","og_site_name":"Venezuela | Noti-America.com","article_published_time":"2021-09-29T10:34:06+00:00","og_image":[{"width":2560,"height":1440,"url":"https:\/\/noti-america.com\/site\/venezuela\/wp-content\/uploads\/sites\/2\/2021\/09\/LUCETE-Bryan-Venz-FINAL-4K.00_00_13_15.Imagen-fija009-scaled.jpg","type":"image\/jpeg"}],"author":"Rosmer Herrera","twitter_card":"summary_large_image","twitter_misc":{"Escrito por":"Rosmer Herrera","Tiempo estimado de lectura":"3 minutos"},"schema":{"@context":"https:\/\/schema.org","@graph":[{"@type":"Article","@id":"https:\/\/noti-america.com\/site\/venezuela\/2021\/09\/29\/bryan-venz-marca-un-antes-y-un-despues-en-su-musica-con-lucete\/#article","isPartOf":{"@id":"https:\/\/noti-america.com\/site\/venezuela\/2021\/09\/29\/bryan-venz-marca-un-antes-y-un-despues-en-su-musica-con-lucete\/"},"author":{"name":"Rosmer Herrera","@id":"https:\/\/noti-america.com\/site\/venezuela\/#\/schema\/person\/fd58dbfb92a257e9dc5761bf69a855ff"},"headline":"Bryan Venz marca un antes y un despu\u00e9s en su m\u00fasica con \u201cL\u00facete\u201d","datePublished":"2021-09-29T10:34:06+00:00","mainEntityOfPage":{"@id":"https:\/\/noti-america.com\/site\/venezuela\/2021\/09\/29\/bryan-venz-marca-un-antes-y-un-despues-en-su-musica-con-lucete\/"},"wordCount":477,"commentCount":0,"publisher":{"@id":"https:\/\/noti-america.com\/site\/venezuela\/#organization"},"image":{"@id":"https:\/\/noti-america.com\/site\/venezuela\/2021\/09\/29\/bryan-venz-marca-un-antes-y-un-despues-en-su-musica-con-lucete\/#primaryimage"},"thumbnailUrl":"https:\/\/noti-america.com\/site\/venezuela\/wp-content\/uploads\/sites\/2\/2021\/09\/LUCETE-Bryan-Venz-FINAL-4K.00_00_13_15.Imagen-fija009-scaled.jpg","articleSection":["Arte y Espect\u00e1culos"],"inLanguage":"es","potentialAction":[{"@type":"CommentAction","name":"Comment","target":["https:\/\/noti-america.com\/site\/venezuela\/2021\/09\/29\/bryan-venz-marca-un-antes-y-un-despues-en-su-musica-con-lucete\/#respond"]}]},{"@type":"WebPage","@id":"https:\/\/noti-america.com\/site\/venezuela\/2021\/09\/29\/bryan-venz-marca-un-antes-y-un-despues-en-su-musica-con-lucete\/","url":"https:\/\/noti-america.com\/site\/venezuela\/2021\/09\/29\/bryan-venz-marca-un-antes-y-un-despues-en-su-musica-con-lucete\/","name":"Bryan Venz marca un antes y un despu\u00e9s en su m\u00fasica con \u201cL\u00facete\u201d - Venezuela | Noti-America.com","isPartOf":{"@id":"https:\/\/noti-america.com\/site\/venezuela\/#website"},"primaryImageOfPage":{"@id":"https:\/\/noti-america.com\/site\/venezuela\/2021\/09\/29\/bryan-venz-marca-un-antes-y-un-despues-en-su-musica-con-lucete\/#primaryimage"},"image":{"@id":"https:\/\/noti-america.com\/site\/venezuela\/2021\/09\/29\/bryan-venz-marca-un-antes-y-un-despues-en-su-musica-con-lucete\/#primaryimage"},"thumbnailUrl":"https:\/\/noti-america.com\/site\/venezuela\/wp-content\/uploads\/sites\/2\/2021\/09\/LUCETE-Bryan-Venz-FINAL-4K.00_00_13_15.Imagen-fija009-scaled.jpg","datePublished":"2021-09-29T10:34:06+00:00","breadcrumb":{"@id":"https:\/\/noti-america.com\/site\/venezuela\/2021\/09\/29\/bryan-venz-marca-un-antes-y-un-despues-en-su-musica-con-lucete\/#breadcrumb"},"inLanguage":"es","potentialAction":[{"@type":"ReadAction","target":["https:\/\/noti-america.com\/site\/venezuela\/2021\/09\/29\/bryan-venz-marca-un-antes-y-un-despues-en-su-musica-con-lucete\/"]}]},{"@type":"ImageObject","inLanguage":"es","@id":"https:\/\/noti-america.com\/site\/venezuela\/2021\/09\/29\/bryan-venz-marca-un-antes-y-un-despues-en-su-musica-con-lucete\/#primaryimage","url":"https:\/\/noti-america.com\/site\/venezuela\/wp-content\/uploads\/sites\/2\/2021\/09\/LUCETE-Bryan-Venz-FINAL-4K.00_00_13_15.Imagen-fija009-scaled.jpg","contentUrl":"https:\/\/noti-america.com\/site\/venezuela\/wp-content\/uploads\/sites\/2\/2021\/09\/LUCETE-Bryan-Venz-FINAL-4K.00_00_13_15.Imagen-fija009-scaled.jpg","width":2560,"height":1440},{"@type":"BreadcrumbList","@id":"https:\/\/noti-america.com\/site\/venezuela\/2021\/09\/29\/bryan-venz-marca-un-antes-y-un-despues-en-su-musica-con-lucete\/#breadcrumb","itemListElement":[{"@type":"ListItem","position":1,"name":"Portada","item":"https:\/\/noti-america.com\/site\/venezuela\/"},{"@type":"ListItem","position":2,"name":"Bryan Venz marca un antes y un despu\u00e9s en su m\u00fasica con \u201cL\u00facete\u201d"}]},{"@type":"WebSite","@id":"https:\/\/noti-america.com\/site\/venezuela\/#website","url":"https:\/\/noti-america.com\/site\/venezuela\/","name":"Venezuela | Noti-America.com","description":"","publisher":{"@id":"https:\/\/noti-america.com\/site\/venezuela\/#organization"},"potentialAction":[{"@type":"SearchAction","target":{"@type":"EntryPoint","urlTemplate":"https:\/\/noti-america.com\/site\/venezuela\/?s={search_term_string}"},"query-input":{"@type":"PropertyValueSpecification","valueRequired":true,"valueName":"search_term_string"}}],"inLanguage":"es"},{"@type":"Organization","@id":"https:\/\/noti-america.com\/site\/venezuela\/#organization","name":"Noti-America LLC | Venezuela","url":"https:\/\/noti-america.com\/site\/venezuela\/","logo":{"@type":"ImageObject","inLanguage":"es","@id":"https:\/\/noti-america.com\/site\/venezuela\/#\/schema\/logo\/image\/","url":"https:\/\/noti-america.com\/site\/venezuela\/wp-content\/uploads\/sites\/2\/2020\/07\/LogoNA-4x3-1.jpg","contentUrl":"https:\/\/noti-america.com\/site\/venezuela\/wp-content\/uploads\/sites\/2\/2020\/07\/LogoNA-4x3-1.jpg","width":1236,"height":1080,"caption":"Noti-America LLC | Venezuela"},"image":{"@id":"https:\/\/noti-america.com\/site\/venezuela\/#\/schema\/logo\/image\/"}},{"@type":"Person","@id":"https:\/\/noti-america.com\/site\/venezuela\/#\/schema\/person\/fd58dbfb92a257e9dc5761bf69a855ff","name":"Rosmer Herrera","image":{"@type":"ImageObject","inLanguage":"es","@id":"https:\/\/secure.gravatar.com\/avatar\/153e75c261394dbf20ff1a1e70ea2be9494f2b40b7fc4e7704084db13220ae08?s=96&d=mm&r=g","url":"https:\/\/secure.gravatar.com\/avatar\/153e75c261394dbf20ff1a1e70ea2be9494f2b40b7fc4e7704084db13220ae08?s=96&d=mm&r=g","contentUrl":"https:\/\/secure.gravatar.com\/avatar\/153e75c261394dbf20ff1a1e70ea2be9494f2b40b7fc4e7704084db13220ae08?s=96&d=mm&r=g","caption":"Rosmer Herrera"},"url":"https:\/\/noti-america.com\/site\/venezuela\/author\/rosmer33\/"}]}},"_links":{"self":[{"href":"https:\/\/noti-america.com\/site\/venezuela\/wp-json\/wp\/v2\/posts\/16426","targetHints":{"allow":["GET"]}}],"collection":[{"href":"https:\/\/noti-america.com\/site\/venezuela\/wp-json\/wp\/v2\/posts"}],"about":[{"href":"https:\/\/noti-america.com\/site\/venezuela\/wp-json\/wp\/v2\/types\/post"}],"author":[{"embeddable":true,"href":"https:\/\/noti-america.com\/site\/venezuela\/wp-json\/wp\/v2\/users\/1"}],"replies":[{"embeddable":true,"href":"https:\/\/noti-america.com\/site\/venezuela\/wp-json\/wp\/v2\/comments?post=16426"}],"version-history":[{"count":1,"href":"https:\/\/noti-america.com\/site\/venezuela\/wp-json\/wp\/v2\/posts\/16426\/revisions"}],"predecessor-version":[{"id":16431,"href":"https:\/\/noti-america.com\/site\/venezuela\/wp-json\/wp\/v2\/posts\/16426\/revisions\/16431"}],"wp:featuredmedia":[{"embeddable":true,"href":"https:\/\/noti-america.com\/site\/venezuela\/wp-json\/wp\/v2\/media\/16427"}],"wp:attachment":[{"href":"https:\/\/noti-america.com\/site\/venezuela\/wp-json\/wp\/v2\/media?parent=16426"}],"wp:term":[{"taxonomy":"category","embeddable":true,"href":"https:\/\/noti-america.com\/site\/venezuela\/wp-json\/wp\/v2\/categories?post=16426"},{"taxonomy":"post_tag","embeddable":true,"href":"https:\/\/noti-america.com\/site\/venezuela\/wp-json\/wp\/v2\/tags?post=16426"}],"curies":[{"name":"wp","href":"https:\/\/api.w.org\/{rel}","templated":true}]}}