{"id":16423,"date":"2021-09-28T17:51:39","date_gmt":"2021-09-28T17:51:39","guid":{"rendered":"https:\/\/noti-america.com\/site\/venezuela\/2021\/09\/28\/mesa-de-atencion-social-debe-considerar-con-urgencia-la-emergencia-humanitaria-que-vive-venezuela\/"},"modified":"2021-09-28T21:52:15","modified_gmt":"2021-09-28T21:52:15","slug":"mesa-de-atencion-social-debe-considerar-con-urgencia-la-emergencia-humanitaria-que-vive-venezuela","status":"publish","type":"post","link":"https:\/\/noti-america.com\/site\/venezuela\/2021\/09\/28\/mesa-de-atencion-social-debe-considerar-con-urgencia-la-emergencia-humanitaria-que-vive-venezuela\/","title":{"rendered":"Mesa de Atenci\u00f3n Social debe considerar con urgencia la emergencia humanitaria que vive Venezuela"},"content":{"rendered":"<div dir=\"auto\" style=\"text-align: justify;\"><strong><em>El Observatorio Venezolano de Libertad Sindical (OVLIS) subraya, adem\u00e1s, la necesidad imperiosa de que en la Mesa de Atenci\u00f3n Social del di\u00e1logo est\u00e9 representado el movimiento sindical aut\u00f3nomo y clasista y que se impulse un acuerdo que comprometa a todas las partes con el cumplimiento estricto de las recomendaciones de la Comisi\u00f3n de Encuesta de la OIT, mientras que la Confederaci\u00f3n de Trabajadores de Venezuela (CTV) advirti<span class=\"gmail_default\">\u00f3<\/span>\u00a0que no es lo mismo consultar que incorporar a sectores sociales en la discusi\u00f3n, y que no basta con que las organizaciones sindicales sean consultadas por la Mesa de Atenci\u00f3n Social del di\u00e1logo sino que deben ser incorporada y participar con el \u00e1nimo de avanzar en la soluci\u00f3n para que los trabajadores en Venezuela se liberen de la terrible situaci\u00f3n de los \u00faltimos a\u00f1os y comiencen a ver la esperanza.<\/em><\/strong><\/div>\n<div dir=\"auto\" style=\"text-align: justify;\"><\/div>\n<div dir=\"auto\">\n<div dir=\"auto\" style=\"text-align: justify;\"><span style=\"font-size: large;\">(Prensa OVLIS) En los \u00faltimos a\u00f1os la emergencia humanitaria ha acabado con el derecho al trabajo decente, la seguridad social y la libertad sindical, en el pa\u00eds. Situaci\u00f3n que se ha visto agudizada adem\u00e1s por los efectos de la pandemia del COVID-19, asegur\u00f3 en rueda de prensa este jueves 23 de septiembre, el Observatorio Venezolano de Libertad Sindical (OVLIS).<\/span><\/div>\n<div dir=\"auto\" style=\"text-align: justify;\"><span style=\"font-size: large;\">\u00a0<\/span><\/div>\n<div dir=\"auto\" style=\"text-align: justify;\"><span style=\"font-size: large;\">La doctora Jaqueline Richter, directora de OVLIS, manifest\u00f3 que \u201cEl 96% de pobreza de ingreso que refleja la \u00faltima Encuesta Nacional de Condiciones de Vida (Encovi) realizada por investigadores de la UCAB es consecuencia de la destrucci\u00f3n del empleo productivo y de la violaci\u00f3n del derecho al salario, cuya principal manifestaci\u00f3n en la administraci\u00f3n p\u00fablica es la pulverizaci\u00f3n de las remuneraciones (que oscilan entre 2 y 20$ al mes), mientras en el sector privado se expresa fundamentalmente en la bonificaci\u00f3n del salario\u201d.<\/span><\/div>\n<div dir=\"auto\" style=\"text-align: justify;\"><span style=\"font-size: large;\">\u201cLa inexistencia de democracia en el pa\u00eds -expres\u00f3- impide la soluci\u00f3n al problema, pues solo en democracia se puede garantizar la libertad de asociaci\u00f3n, de pensamiento, de expresi\u00f3n, y el derecho a la protesta y a la negociaci\u00f3n colectiva inherentes a la actividad sindical\u201d.<\/span><\/div>\n<div dir=\"auto\" style=\"text-align: justify;\"><span style=\"font-size: large;\">\u00a0<\/span><\/div>\n<div dir=\"auto\" style=\"text-align: justify;\"><span style=\"font-size: large;\">Por ejemplo, precis\u00f3 Richter, \u201cEl 30 de septiembre de 2019, la Comisi\u00f3n de Encuesta de la Organizaci\u00f3n Internacional del Trabajo (OIT), luego de una intensa y rigurosa investigaci\u00f3n, emiti\u00f3 su informe denominado Por la Reconciliaci\u00f3n Nacional y la Justicia Social en la Rep\u00fablica Bolivariana de Venezuela, en el cual ratific\u00f3 el incumplimiento por parte del gobierno de los convenios N\u00b0 26, sobre los m\u00e9todos para la fijaci\u00f3n de salarios m\u00ednimos; N\u00b0 87, sobre la libertad sindical y la protecci\u00f3n del derecho de sindicaci\u00f3n; y N\u00b0 144, sobre la consulta tripartita\u201d.<\/span><\/div>\n<div dir=\"auto\" style=\"text-align: justify;\"><span style=\"font-size: large;\">\u00a0<\/span><\/div>\n<div dir=\"auto\" style=\"text-align: justify;\"><span style=\"font-size: large;\">\u201cEsta Comisi\u00f3n, en sus conclusiones y recomendaciones, reclam\u00f3 el cese a la diversas formas de agresi\u00f3n hacia empleadores y trabajadores, incluidas detenciones arbitrarias y a las pr\u00e1cticas de obstaculizaci\u00f3n del ejercicio de la libertad sindical; as\u00ed mismo, demand\u00f3 medidas efectivas de di\u00e1logo social, y el cumplimiento de las obligaciones de consulta previstas en los convenios N\u00b0 26 y N\u00b0 144, as\u00ed como la instalaci\u00f3n del di\u00e1logo tripartito efectivo con las organizaciones representativas del sector laboral en el pa\u00eds<span class=\"gmail_default\">\u00ab<\/span>.<\/span><\/div>\n<div dir=\"auto\" style=\"text-align: justify;\"><span style=\"font-size: large;\">\u00a0<\/span><\/div>\n<div dir=\"auto\" style=\"text-align: justify;\"><span style=\"font-size: large;\">\u00a0Por su parte, Jos\u00e9 El\u00edas Torres, secretario general (E) de la CTV manifest\u00f3 que\u00a0<span class=\"gmail_default\">\u00ab<\/span>es necesario que las centrales sindicales y las organizaciones no confederadas se pongan de acuerdo y se sienten a dise\u00f1ar una estrategia sobre qu\u00e9 es lo que debe hacerse en materia social, para que en la mesa de negociaciones quede clara la posici\u00f3n del sector social, sindical y gremial. Esta discusi\u00f3n debe darse directamente con los actores del sector sindical.<span class=\"gmail_default\">\u00ab<\/span><\/span><\/div>\n<div dir=\"auto\" style=\"text-align: justify;\"><span style=\"font-size: large;\">\u00a0<\/span><\/div>\n<div dir=\"auto\" style=\"text-align: justify;\"><span style=\"font-size: large;\">En materia salarial expres\u00f3 que\u00a0<span class=\"gmail_default\">\u00ab<\/span>en el art\u00edculo 91 de la Constituci\u00f3n Nacional y en el convenio 26 de la Organizaci\u00f3n Internacional del Trabajo est\u00e1n claros los mecanismos para la mejora salarial, para la definici\u00f3n del salario m\u00ednimo, lo que supone tomar como referencia el costo de la canasta b\u00e1sica, para, a trav\u00e9s del di\u00e1logo tripartito de Estado, empleadores y trabajadores, avanzar hacia la recuperaci\u00f3n del salario en Venezuela.<span class=\"gmail_default\">\u00ab<\/span><\/span><\/div>\n<div dir=\"auto\" style=\"text-align: justify;\"><span style=\"font-size: large;\">\u00a0<\/span><\/div>\n<div dir=\"auto\" style=\"text-align: justify;\"><span style=\"font-size: large;\">Por \u00faltimo, la directora de Ovlis; Jaqueline Richter, advirti\u00f3 que \u201cEn virtud del incumplimiento por parte del gobierno a las recomendaciones de la Comisi\u00f3n de Encuesta de la OIT, del pronunciamiento que por ese motivo adopt\u00f3 el Consejo de Administraci\u00f3n en su reuni\u00f3n de marzo de este a\u00f1o, y dada su importancia para la clase trabajadora venezolana, subrayamos la necesidad imperiosa de que en la Mesa de Atenci\u00f3n Social del di\u00e1logo est\u00e9 representado el movimiento sindical aut\u00f3nomo y clasista y que se impulse un acuerdo que comprometa a todas las partes con el cumplimiento estricto de las recomendaciones de la Comisi\u00f3n de Encuesta de la OIT.<\/span><\/div>\n<\/div>\n","protected":false},"excerpt":{"rendered":"<p>El Observatorio Venezolano de Libertad Sindical (OVLIS) subraya, adem\u00e1s, la necesidad imperiosa de que en la Mesa de Atenci\u00f3n Social del di\u00e1logo est\u00e9 representado el movimiento sindical aut\u00f3nomo y clasista y que se impulse&#46;&#46;&#46;<\/p>\n","protected":false},"author":1,"featured_media":16424,"comment_status":"open","ping_status":"open","sticky":false,"template":"","format":"image","meta":{"_acf_changed":false,"om_disable_all_campaigns":false,"rop_custom_images_group":[],"rop_custom_messages_group":[],"rop_publish_now":"initial","rop_publish_now_accounts":{"twitter_242054905_242054905":""},"rop_publish_now_history":[],"rop_publish_now_status":"pending","_uf_show_specific_survey":0,"_uf_disable_surveys":false,"footnotes":""},"categories":[132,3],"tags":[],"class_list":["post-16423","post","type-post","status-publish","format-image","has-post-thumbnail","hentry","category-actualidad","category-politica","post_format-post-format-image"],"acf":[],"aioseo_notices":[],"yoast_head":"<!-- This site is optimized with the Yoast SEO Premium plugin v24.9 (Yoast SEO v27.2) - https:\/\/yoast.com\/product\/yoast-seo-premium-wordpress\/ -->\n<title>Mesa de Atenci\u00f3n Social debe considerar con urgencia la emergencia humanitaria que vive Venezuela - Venezuela | Noti-America.com<\/title>\n<meta name=\"robots\" content=\"index, follow, max-snippet:-1, max-image-preview:large, max-video-preview:-1\" \/>\n<link rel=\"canonical\" href=\"https:\/\/noti-america.com\/site\/venezuela\/2021\/09\/28\/mesa-de-atencion-social-debe-considerar-con-urgencia-la-emergencia-humanitaria-que-vive-venezuela\/\" \/>\n<meta property=\"og:locale\" content=\"es_ES\" \/>\n<meta property=\"og:type\" content=\"article\" \/>\n<meta property=\"og:title\" content=\"Mesa de Atenci\u00f3n Social debe considerar con urgencia la emergencia humanitaria que vive Venezuela\" \/>\n<meta property=\"og:description\" content=\"El Observatorio Venezolano de Libertad Sindical (OVLIS) subraya, adem\u00e1s, la necesidad imperiosa de que en la Mesa de Atenci\u00f3n Social del di\u00e1logo est\u00e9 representado el movimiento sindical aut\u00f3nomo y clasista y que se impulse&#046;&#046;&#046;\" \/>\n<meta property=\"og:url\" content=\"https:\/\/noti-america.com\/site\/venezuela\/2021\/09\/28\/mesa-de-atencion-social-debe-considerar-con-urgencia-la-emergencia-humanitaria-que-vive-venezuela\/\" \/>\n<meta property=\"og:site_name\" content=\"Venezuela | Noti-America.com\" \/>\n<meta property=\"article:published_time\" content=\"2021-09-28T17:51:39+00:00\" \/>\n<meta property=\"article:modified_time\" content=\"2021-09-28T21:52:15+00:00\" \/>\n<meta property=\"og:image\" content=\"https:\/\/noti-america.com\/site\/venezuela\/wp-content\/uploads\/sites\/2\/2021\/09\/1632849825206.jpg\" \/>\n\t<meta property=\"og:image:width\" content=\"2117\" \/>\n\t<meta property=\"og:image:height\" content=\"706\" \/>\n\t<meta property=\"og:image:type\" content=\"image\/jpeg\" \/>\n<meta name=\"author\" content=\"Rosmer Herrera\" \/>\n<meta name=\"twitter:card\" content=\"summary_large_image\" \/>\n<meta name=\"twitter:label1\" content=\"Escrito por\" \/>\n\t<meta name=\"twitter:data1\" content=\"Rosmer Herrera\" \/>\n\t<meta name=\"twitter:label2\" content=\"Tiempo estimado de lectura\" \/>\n\t<meta name=\"twitter:data2\" content=\"4 minutos\" \/>\n<script type=\"application\/ld+json\" class=\"yoast-schema-graph\">{\"@context\":\"https:\/\/schema.org\",\"@graph\":[{\"@type\":\"Article\",\"@id\":\"https:\/\/noti-america.com\/site\/venezuela\/2021\/09\/28\/mesa-de-atencion-social-debe-considerar-con-urgencia-la-emergencia-humanitaria-que-vive-venezuela\/#article\",\"isPartOf\":{\"@id\":\"https:\/\/noti-america.com\/site\/venezuela\/2021\/09\/28\/mesa-de-atencion-social-debe-considerar-con-urgencia-la-emergencia-humanitaria-que-vive-venezuela\/\"},\"author\":{\"name\":\"Rosmer Herrera\",\"@id\":\"https:\/\/noti-america.com\/site\/venezuela\/#\/schema\/person\/fd58dbfb92a257e9dc5761bf69a855ff\"},\"headline\":\"Mesa de Atenci\u00f3n Social debe considerar con urgencia la emergencia humanitaria que vive Venezuela\",\"datePublished\":\"2021-09-28T17:51:39+00:00\",\"dateModified\":\"2021-09-28T21:52:15+00:00\",\"mainEntityOfPage\":{\"@id\":\"https:\/\/noti-america.com\/site\/venezuela\/2021\/09\/28\/mesa-de-atencion-social-debe-considerar-con-urgencia-la-emergencia-humanitaria-que-vive-venezuela\/\"},\"wordCount\":810,\"commentCount\":0,\"publisher\":{\"@id\":\"https:\/\/noti-america.com\/site\/venezuela\/#organization\"},\"image\":{\"@id\":\"https:\/\/noti-america.com\/site\/venezuela\/2021\/09\/28\/mesa-de-atencion-social-debe-considerar-con-urgencia-la-emergencia-humanitaria-que-vive-venezuela\/#primaryimage\"},\"thumbnailUrl\":\"https:\/\/noti-america.com\/site\/venezuela\/wp-content\/uploads\/sites\/2\/2021\/09\/1632849825206.jpg\",\"articleSection\":[\"Actualidad\",\"Pol\u00edtica\"],\"inLanguage\":\"es\",\"potentialAction\":[{\"@type\":\"CommentAction\",\"name\":\"Comment\",\"target\":[\"https:\/\/noti-america.com\/site\/venezuela\/2021\/09\/28\/mesa-de-atencion-social-debe-considerar-con-urgencia-la-emergencia-humanitaria-que-vive-venezuela\/#respond\"]}]},{\"@type\":\"WebPage\",\"@id\":\"https:\/\/noti-america.com\/site\/venezuela\/2021\/09\/28\/mesa-de-atencion-social-debe-considerar-con-urgencia-la-emergencia-humanitaria-que-vive-venezuela\/\",\"url\":\"https:\/\/noti-america.com\/site\/venezuela\/2021\/09\/28\/mesa-de-atencion-social-debe-considerar-con-urgencia-la-emergencia-humanitaria-que-vive-venezuela\/\",\"name\":\"Mesa de Atenci\u00f3n Social debe considerar con urgencia la emergencia humanitaria que vive Venezuela - Venezuela | Noti-America.com\",\"isPartOf\":{\"@id\":\"https:\/\/noti-america.com\/site\/venezuela\/#website\"},\"primaryImageOfPage\":{\"@id\":\"https:\/\/noti-america.com\/site\/venezuela\/2021\/09\/28\/mesa-de-atencion-social-debe-considerar-con-urgencia-la-emergencia-humanitaria-que-vive-venezuela\/#primaryimage\"},\"image\":{\"@id\":\"https:\/\/noti-america.com\/site\/venezuela\/2021\/09\/28\/mesa-de-atencion-social-debe-considerar-con-urgencia-la-emergencia-humanitaria-que-vive-venezuela\/#primaryimage\"},\"thumbnailUrl\":\"https:\/\/noti-america.com\/site\/venezuela\/wp-content\/uploads\/sites\/2\/2021\/09\/1632849825206.jpg\",\"datePublished\":\"2021-09-28T17:51:39+00:00\",\"dateModified\":\"2021-09-28T21:52:15+00:00\",\"breadcrumb\":{\"@id\":\"https:\/\/noti-america.com\/site\/venezuela\/2021\/09\/28\/mesa-de-atencion-social-debe-considerar-con-urgencia-la-emergencia-humanitaria-que-vive-venezuela\/#breadcrumb\"},\"inLanguage\":\"es\",\"potentialAction\":[{\"@type\":\"ReadAction\",\"target\":[\"https:\/\/noti-america.com\/site\/venezuela\/2021\/09\/28\/mesa-de-atencion-social-debe-considerar-con-urgencia-la-emergencia-humanitaria-que-vive-venezuela\/\"]}]},{\"@type\":\"ImageObject\",\"inLanguage\":\"es\",\"@id\":\"https:\/\/noti-america.com\/site\/venezuela\/2021\/09\/28\/mesa-de-atencion-social-debe-considerar-con-urgencia-la-emergencia-humanitaria-que-vive-venezuela\/#primaryimage\",\"url\":\"https:\/\/noti-america.com\/site\/venezuela\/wp-content\/uploads\/sites\/2\/2021\/09\/1632849825206.jpg\",\"contentUrl\":\"https:\/\/noti-america.com\/site\/venezuela\/wp-content\/uploads\/sites\/2\/2021\/09\/1632849825206.jpg\",\"width\":2117,\"height\":706},{\"@type\":\"BreadcrumbList\",\"@id\":\"https:\/\/noti-america.com\/site\/venezuela\/2021\/09\/28\/mesa-de-atencion-social-debe-considerar-con-urgencia-la-emergencia-humanitaria-que-vive-venezuela\/#breadcrumb\",\"itemListElement\":[{\"@type\":\"ListItem\",\"position\":1,\"name\":\"Portada\",\"item\":\"https:\/\/noti-america.com\/site\/venezuela\/\"},{\"@type\":\"ListItem\",\"position\":2,\"name\":\"Mesa de Atenci\u00f3n Social debe considerar con urgencia la emergencia humanitaria que vive Venezuela\"}]},{\"@type\":\"WebSite\",\"@id\":\"https:\/\/noti-america.com\/site\/venezuela\/#website\",\"url\":\"https:\/\/noti-america.com\/site\/venezuela\/\",\"name\":\"Venezuela | Noti-America.com\",\"description\":\"\",\"publisher\":{\"@id\":\"https:\/\/noti-america.com\/site\/venezuela\/#organization\"},\"potentialAction\":[{\"@type\":\"SearchAction\",\"target\":{\"@type\":\"EntryPoint\",\"urlTemplate\":\"https:\/\/noti-america.com\/site\/venezuela\/?s={search_term_string}\"},\"query-input\":{\"@type\":\"PropertyValueSpecification\",\"valueRequired\":true,\"valueName\":\"search_term_string\"}}],\"inLanguage\":\"es\"},{\"@type\":\"Organization\",\"@id\":\"https:\/\/noti-america.com\/site\/venezuela\/#organization\",\"name\":\"Noti-America LLC | Venezuela\",\"url\":\"https:\/\/noti-america.com\/site\/venezuela\/\",\"logo\":{\"@type\":\"ImageObject\",\"inLanguage\":\"es\",\"@id\":\"https:\/\/noti-america.com\/site\/venezuela\/#\/schema\/logo\/image\/\",\"url\":\"https:\/\/noti-america.com\/site\/venezuela\/wp-content\/uploads\/sites\/2\/2020\/07\/LogoNA-4x3-1.jpg\",\"contentUrl\":\"https:\/\/noti-america.com\/site\/venezuela\/wp-content\/uploads\/sites\/2\/2020\/07\/LogoNA-4x3-1.jpg\",\"width\":1236,\"height\":1080,\"caption\":\"Noti-America LLC | Venezuela\"},\"image\":{\"@id\":\"https:\/\/noti-america.com\/site\/venezuela\/#\/schema\/logo\/image\/\"}},{\"@type\":\"Person\",\"@id\":\"https:\/\/noti-america.com\/site\/venezuela\/#\/schema\/person\/fd58dbfb92a257e9dc5761bf69a855ff\",\"name\":\"Rosmer Herrera\",\"image\":{\"@type\":\"ImageObject\",\"inLanguage\":\"es\",\"@id\":\"https:\/\/secure.gravatar.com\/avatar\/153e75c261394dbf20ff1a1e70ea2be9494f2b40b7fc4e7704084db13220ae08?s=96&d=mm&r=g\",\"url\":\"https:\/\/secure.gravatar.com\/avatar\/153e75c261394dbf20ff1a1e70ea2be9494f2b40b7fc4e7704084db13220ae08?s=96&d=mm&r=g\",\"contentUrl\":\"https:\/\/secure.gravatar.com\/avatar\/153e75c261394dbf20ff1a1e70ea2be9494f2b40b7fc4e7704084db13220ae08?s=96&d=mm&r=g\",\"caption\":\"Rosmer Herrera\"},\"url\":\"https:\/\/noti-america.com\/site\/venezuela\/author\/rosmer33\/\"}]}<\/script>\n<!-- \/ Yoast SEO Premium plugin. -->","yoast_head_json":{"title":"Mesa de Atenci\u00f3n Social debe considerar con urgencia la emergencia humanitaria que vive Venezuela - Venezuela | Noti-America.com","robots":{"index":"index","follow":"follow","max-snippet":"max-snippet:-1","max-image-preview":"max-image-preview:large","max-video-preview":"max-video-preview:-1"},"canonical":"https:\/\/noti-america.com\/site\/venezuela\/2021\/09\/28\/mesa-de-atencion-social-debe-considerar-con-urgencia-la-emergencia-humanitaria-que-vive-venezuela\/","og_locale":"es_ES","og_type":"article","og_title":"Mesa de Atenci\u00f3n Social debe considerar con urgencia la emergencia humanitaria que vive Venezuela","og_description":"El Observatorio Venezolano de Libertad Sindical (OVLIS) subraya, adem\u00e1s, la necesidad imperiosa de que en la Mesa de Atenci\u00f3n Social del di\u00e1logo est\u00e9 representado el movimiento sindical aut\u00f3nomo y clasista y que se impulse&#46;&#46;&#46;","og_url":"https:\/\/noti-america.com\/site\/venezuela\/2021\/09\/28\/mesa-de-atencion-social-debe-considerar-con-urgencia-la-emergencia-humanitaria-que-vive-venezuela\/","og_site_name":"Venezuela | Noti-America.com","article_published_time":"2021-09-28T17:51:39+00:00","article_modified_time":"2021-09-28T21:52:15+00:00","og_image":[{"width":2117,"height":706,"url":"https:\/\/noti-america.com\/site\/venezuela\/wp-content\/uploads\/sites\/2\/2021\/09\/1632849825206.jpg","type":"image\/jpeg"}],"author":"Rosmer Herrera","twitter_card":"summary_large_image","twitter_misc":{"Escrito por":"Rosmer Herrera","Tiempo estimado de lectura":"4 minutos"},"schema":{"@context":"https:\/\/schema.org","@graph":[{"@type":"Article","@id":"https:\/\/noti-america.com\/site\/venezuela\/2021\/09\/28\/mesa-de-atencion-social-debe-considerar-con-urgencia-la-emergencia-humanitaria-que-vive-venezuela\/#article","isPartOf":{"@id":"https:\/\/noti-america.com\/site\/venezuela\/2021\/09\/28\/mesa-de-atencion-social-debe-considerar-con-urgencia-la-emergencia-humanitaria-que-vive-venezuela\/"},"author":{"name":"Rosmer Herrera","@id":"https:\/\/noti-america.com\/site\/venezuela\/#\/schema\/person\/fd58dbfb92a257e9dc5761bf69a855ff"},"headline":"Mesa de Atenci\u00f3n Social debe considerar con urgencia la emergencia humanitaria que vive Venezuela","datePublished":"2021-09-28T17:51:39+00:00","dateModified":"2021-09-28T21:52:15+00:00","mainEntityOfPage":{"@id":"https:\/\/noti-america.com\/site\/venezuela\/2021\/09\/28\/mesa-de-atencion-social-debe-considerar-con-urgencia-la-emergencia-humanitaria-que-vive-venezuela\/"},"wordCount":810,"commentCount":0,"publisher":{"@id":"https:\/\/noti-america.com\/site\/venezuela\/#organization"},"image":{"@id":"https:\/\/noti-america.com\/site\/venezuela\/2021\/09\/28\/mesa-de-atencion-social-debe-considerar-con-urgencia-la-emergencia-humanitaria-que-vive-venezuela\/#primaryimage"},"thumbnailUrl":"https:\/\/noti-america.com\/site\/venezuela\/wp-content\/uploads\/sites\/2\/2021\/09\/1632849825206.jpg","articleSection":["Actualidad","Pol\u00edtica"],"inLanguage":"es","potentialAction":[{"@type":"CommentAction","name":"Comment","target":["https:\/\/noti-america.com\/site\/venezuela\/2021\/09\/28\/mesa-de-atencion-social-debe-considerar-con-urgencia-la-emergencia-humanitaria-que-vive-venezuela\/#respond"]}]},{"@type":"WebPage","@id":"https:\/\/noti-america.com\/site\/venezuela\/2021\/09\/28\/mesa-de-atencion-social-debe-considerar-con-urgencia-la-emergencia-humanitaria-que-vive-venezuela\/","url":"https:\/\/noti-america.com\/site\/venezuela\/2021\/09\/28\/mesa-de-atencion-social-debe-considerar-con-urgencia-la-emergencia-humanitaria-que-vive-venezuela\/","name":"Mesa de Atenci\u00f3n Social debe considerar con urgencia la emergencia humanitaria que vive Venezuela - Venezuela | Noti-America.com","isPartOf":{"@id":"https:\/\/noti-america.com\/site\/venezuela\/#website"},"primaryImageOfPage":{"@id":"https:\/\/noti-america.com\/site\/venezuela\/2021\/09\/28\/mesa-de-atencion-social-debe-considerar-con-urgencia-la-emergencia-humanitaria-que-vive-venezuela\/#primaryimage"},"image":{"@id":"https:\/\/noti-america.com\/site\/venezuela\/2021\/09\/28\/mesa-de-atencion-social-debe-considerar-con-urgencia-la-emergencia-humanitaria-que-vive-venezuela\/#primaryimage"},"thumbnailUrl":"https:\/\/noti-america.com\/site\/venezuela\/wp-content\/uploads\/sites\/2\/2021\/09\/1632849825206.jpg","datePublished":"2021-09-28T17:51:39+00:00","dateModified":"2021-09-28T21:52:15+00:00","breadcrumb":{"@id":"https:\/\/noti-america.com\/site\/venezuela\/2021\/09\/28\/mesa-de-atencion-social-debe-considerar-con-urgencia-la-emergencia-humanitaria-que-vive-venezuela\/#breadcrumb"},"inLanguage":"es","potentialAction":[{"@type":"ReadAction","target":["https:\/\/noti-america.com\/site\/venezuela\/2021\/09\/28\/mesa-de-atencion-social-debe-considerar-con-urgencia-la-emergencia-humanitaria-que-vive-venezuela\/"]}]},{"@type":"ImageObject","inLanguage":"es","@id":"https:\/\/noti-america.com\/site\/venezuela\/2021\/09\/28\/mesa-de-atencion-social-debe-considerar-con-urgencia-la-emergencia-humanitaria-que-vive-venezuela\/#primaryimage","url":"https:\/\/noti-america.com\/site\/venezuela\/wp-content\/uploads\/sites\/2\/2021\/09\/1632849825206.jpg","contentUrl":"https:\/\/noti-america.com\/site\/venezuela\/wp-content\/uploads\/sites\/2\/2021\/09\/1632849825206.jpg","width":2117,"height":706},{"@type":"BreadcrumbList","@id":"https:\/\/noti-america.com\/site\/venezuela\/2021\/09\/28\/mesa-de-atencion-social-debe-considerar-con-urgencia-la-emergencia-humanitaria-que-vive-venezuela\/#breadcrumb","itemListElement":[{"@type":"ListItem","position":1,"name":"Portada","item":"https:\/\/noti-america.com\/site\/venezuela\/"},{"@type":"ListItem","position":2,"name":"Mesa de Atenci\u00f3n Social debe considerar con urgencia la emergencia humanitaria que vive Venezuela"}]},{"@type":"WebSite","@id":"https:\/\/noti-america.com\/site\/venezuela\/#website","url":"https:\/\/noti-america.com\/site\/venezuela\/","name":"Venezuela | Noti-America.com","description":"","publisher":{"@id":"https:\/\/noti-america.com\/site\/venezuela\/#organization"},"potentialAction":[{"@type":"SearchAction","target":{"@type":"EntryPoint","urlTemplate":"https:\/\/noti-america.com\/site\/venezuela\/?s={search_term_string}"},"query-input":{"@type":"PropertyValueSpecification","valueRequired":true,"valueName":"search_term_string"}}],"inLanguage":"es"},{"@type":"Organization","@id":"https:\/\/noti-america.com\/site\/venezuela\/#organization","name":"Noti-America LLC | Venezuela","url":"https:\/\/noti-america.com\/site\/venezuela\/","logo":{"@type":"ImageObject","inLanguage":"es","@id":"https:\/\/noti-america.com\/site\/venezuela\/#\/schema\/logo\/image\/","url":"https:\/\/noti-america.com\/site\/venezuela\/wp-content\/uploads\/sites\/2\/2020\/07\/LogoNA-4x3-1.jpg","contentUrl":"https:\/\/noti-america.com\/site\/venezuela\/wp-content\/uploads\/sites\/2\/2020\/07\/LogoNA-4x3-1.jpg","width":1236,"height":1080,"caption":"Noti-America LLC | Venezuela"},"image":{"@id":"https:\/\/noti-america.com\/site\/venezuela\/#\/schema\/logo\/image\/"}},{"@type":"Person","@id":"https:\/\/noti-america.com\/site\/venezuela\/#\/schema\/person\/fd58dbfb92a257e9dc5761bf69a855ff","name":"Rosmer Herrera","image":{"@type":"ImageObject","inLanguage":"es","@id":"https:\/\/secure.gravatar.com\/avatar\/153e75c261394dbf20ff1a1e70ea2be9494f2b40b7fc4e7704084db13220ae08?s=96&d=mm&r=g","url":"https:\/\/secure.gravatar.com\/avatar\/153e75c261394dbf20ff1a1e70ea2be9494f2b40b7fc4e7704084db13220ae08?s=96&d=mm&r=g","contentUrl":"https:\/\/secure.gravatar.com\/avatar\/153e75c261394dbf20ff1a1e70ea2be9494f2b40b7fc4e7704084db13220ae08?s=96&d=mm&r=g","caption":"Rosmer Herrera"},"url":"https:\/\/noti-america.com\/site\/venezuela\/author\/rosmer33\/"}]}},"_links":{"self":[{"href":"https:\/\/noti-america.com\/site\/venezuela\/wp-json\/wp\/v2\/posts\/16423","targetHints":{"allow":["GET"]}}],"collection":[{"href":"https:\/\/noti-america.com\/site\/venezuela\/wp-json\/wp\/v2\/posts"}],"about":[{"href":"https:\/\/noti-america.com\/site\/venezuela\/wp-json\/wp\/v2\/types\/post"}],"author":[{"embeddable":true,"href":"https:\/\/noti-america.com\/site\/venezuela\/wp-json\/wp\/v2\/users\/1"}],"replies":[{"embeddable":true,"href":"https:\/\/noti-america.com\/site\/venezuela\/wp-json\/wp\/v2\/comments?post=16423"}],"version-history":[{"count":1,"href":"https:\/\/noti-america.com\/site\/venezuela\/wp-json\/wp\/v2\/posts\/16423\/revisions"}],"predecessor-version":[{"id":16425,"href":"https:\/\/noti-america.com\/site\/venezuela\/wp-json\/wp\/v2\/posts\/16423\/revisions\/16425"}],"wp:featuredmedia":[{"embeddable":true,"href":"https:\/\/noti-america.com\/site\/venezuela\/wp-json\/wp\/v2\/media\/16424"}],"wp:attachment":[{"href":"https:\/\/noti-america.com\/site\/venezuela\/wp-json\/wp\/v2\/media?parent=16423"}],"wp:term":[{"taxonomy":"category","embeddable":true,"href":"https:\/\/noti-america.com\/site\/venezuela\/wp-json\/wp\/v2\/categories?post=16423"},{"taxonomy":"post_tag","embeddable":true,"href":"https:\/\/noti-america.com\/site\/venezuela\/wp-json\/wp\/v2\/tags?post=16423"}],"curies":[{"name":"wp","href":"https:\/\/api.w.org\/{rel}","templated":true}]}}