{"id":16293,"date":"2021-09-19T17:47:31","date_gmt":"2021-09-19T17:47:31","guid":{"rendered":"https:\/\/noti-america.com\/site\/venezuela\/2021\/09\/19\/scarano-el-comando-de-campana-cuenta-con-personas-de-experiencia-comprobada\/"},"modified":"2021-09-19T21:47:38","modified_gmt":"2021-09-19T21:47:38","slug":"scarano-el-comando-de-campana-cuenta-con-personas-de-experiencia-comprobada","status":"publish","type":"post","link":"https:\/\/noti-america.com\/site\/venezuela\/2021\/09\/19\/scarano-el-comando-de-campana-cuenta-con-personas-de-experiencia-comprobada\/","title":{"rendered":"Scarano: El comando de campa\u00f1a cuenta con personas de experiencia comprobada"},"content":{"rendered":"<div dir=\"auto\">\u00abContamos con los carabobe\u00f1os m\u00e1s calificados en cada una de las \u00e1reas que hemos nombrado para mejorar nuestro estado\u00bb_<\/div>\n<div dir=\"auto\"><\/div>\n<div dir=\"auto\">Para garantizar la victoria de Enzo Scarano como gobernador de Carabobo, este mi\u00e9rcoles se realiz\u00f3 la primera reuni\u00f3n del comando de campa\u00f1a del candidato unitario.<\/div>\n<div dir=\"auto\"><\/div>\n<div dir=\"auto\">Todas las \u00e1reas de la sociedad estar\u00e1n bien representadas con l\u00edderes al frente que cuentan con toda la capacidad para llevar adelante la responsabilidad que\u00a0les fue asignada, quienes organizar\u00e1n a cada carabobe\u00f1o en funci\u00f3n de buscar a todas las personas que quieran trabajar en pro del rescato del estado Carabobo.<\/div>\n<div dir=\"auto\"><\/div>\n<div dir=\"auto\">Desde ya todos se encuentran trabajando y planificando las estrategias para abarcar cada sector y as\u00ed mismo presentar las propuestas que beneficiar\u00e1n a los ciudadanos en una gesti\u00f3n en la que prevalecer\u00e1 la gerencia, as\u00ed como lo hizo en San Diego.<\/div>\n<div dir=\"auto\"><\/div>\n<div dir=\"auto\">En palabras de Enzo Scarano, este comando posee amplitud de los sectores y se est\u00e1n cubriendo todas las \u00e1reas de la regi\u00f3n. Estos coordinadores cuentan con la preparaci\u00f3n y experiencia para llevar adelante su labor de transmitir el mensaje de rescatar Carabobo, mientras que \u00e9l seguir\u00e1 caminando las comunidades.<\/div>\n<div dir=\"auto\"><\/div>\n<div dir=\"auto\">\u00abEste es un compromiso verdadero que asumimos todos para el rescate de Carabobo. Quiero decirles que falta gente que iremos incorporando y cuenten con que prevalecer\u00e1 su profesi\u00f3n, trabajo social, curriculum y experiencia, sin importar su ideolog\u00eda o color pol\u00edtico\u00bb.<\/div>\n<div dir=\"auto\"><\/div>\n<div dir=\"auto\">El aspirante a la gobernaci\u00f3n record\u00f3 que esta es una campa\u00f1a corta de tiempo, que necesita del compromiso de todos para que los candidatos de la Unidad ganen las 14 alcald\u00edas de la regi\u00f3n.<\/div>\n<div dir=\"auto\"><\/div>\n<div dir=\"auto\">Scarano exalt\u00f3 la amplitud e inclusi\u00f3n en su comando de campa\u00f1a y precis\u00f3 que todos los partidos estar\u00e1n representados y asumir\u00e1n puestos de trabajo dentro del comando.<\/div>\n<div dir=\"auto\"><\/div>\n<div dir=\"auto\">Por su parte, el jefe de campa\u00f1a, Diego Borges, asegur\u00f3 que es fundamental que la sociedad civil se engrane para lograr la defensa del voto en cada una de las mesas dispuestas el pr\u00f3ximo 21 de noviembre.<\/div>\n<div dir=\"auto\"><\/div>\n<div dir=\"auto\">\u00abSolos no podemos, ustedes tienen que convertirse en agentes multiplicadores de esto que est\u00e1 sucediendo, que es hist\u00f3rico. Hoy comenzamos a recuperar Carabobo, cr\u00e9anme\u00bb, manifest\u00f3 Borges.<\/div>\n<div dir=\"auto\"><\/div>\n<div dir=\"auto\">De tal manera que las coordinaciones quedaron conformadas:<\/div>\n<div dir=\"auto\"><\/div>\n<div dir=\"auto\">Jefe de comando de campa\u00f1a: Diego Borges.<\/div>\n<div dir=\"auto\"><\/div>\n<div dir=\"auto\">Coordinador General: Vicente Scarano Brandonisio.<\/div>\n<div dir=\"auto\"><\/div>\n<div dir=\"auto\">Coordinaci\u00f3n Operativa: Manuel Molina Pedroza.<\/div>\n<div dir=\"auto\"><\/div>\n<div dir=\"auto\">Coordinaci\u00f3n de Voluntariado: Gladys Valentiner.<\/div>\n<div dir=\"auto\"><\/div>\n<div dir=\"auto\">Coordinaci\u00f3n de Mujeres: Venezuela Talavera.<\/div>\n<div dir=\"auto\"><\/div>\n<div dir=\"auto\">Coordinaci\u00f3n de Giras: Freymar Torres.<\/div>\n<div dir=\"auto\"><\/div>\n<div dir=\"auto\">Coordinaci\u00f3n de Activismo: Juan Carlos Contreras y Carlos Graffe.<\/div>\n<div dir=\"auto\"><\/div>\n<div dir=\"auto\">Juventud: Marlon D\u00edaz y Anthony Chirinos.<\/div>\n<div dir=\"auto\"><\/div>\n<div dir=\"auto\">Coordinaci\u00f3n de Sectores Empresariales: Leoncio Land\u00e1ez.<\/div>\n<div dir=\"auto\"><\/div>\n<div dir=\"auto\">Coordinaci\u00f3n de Gremios: Julio Garc\u00eda y Franklin L\u00f3pez.<\/div>\n<div dir=\"auto\"><\/div>\n<div dir=\"auto\">Coordinaci\u00f3n de Estrategia Econ\u00f3mica: Carlos \u00d1a\u00f1ez.<\/div>\n<div dir=\"auto\"><\/div>\n<div dir=\"auto\">Coordinador de Sectores Vulnerables: C\u00e9sar Heredia .<\/div>\n<div dir=\"auto\"><\/div>\n<div dir=\"auto\">Coordinaci\u00f3n de Estrategia Pol\u00edtica: Romeo Hern\u00e1ndez Gabache<\/div>\n<div dir=\"auto\"><\/div>\n<div dir=\"auto\">Jefatura de Finanzas: Pedro Ortega.<\/div>\n<div dir=\"auto\"><\/div>\n<div dir=\"auto\">Coordinaci\u00f3n de Finanzas: Isandra Villegas y Mar\u00eda Luisa Maldonado.<\/div>\n<div dir=\"auto\"><\/div>\n<div dir=\"auto\">Coordinador del eje costero: Rosalbo Bortone.<\/div>\n<div dir=\"auto\"><\/div>\n<div dir=\"auto\">Coordinaci\u00f3n de Desarrollo Sustentable: Manuel D\u00edaz.<\/div>\n<div dir=\"auto\"><\/div>\n<div dir=\"auto\">Coordinador de sector Sindical: Johnny Magdalena, Jos\u00e9 Cazorla y Juan Tortolero.<\/div>\n<div dir=\"auto\"><\/div>\n<div dir=\"auto\">Coordinador de Deportes: Tony Garc\u00eda.<\/div>\n<div dir=\"auto\"><\/div>\n<div dir=\"auto\">Coordinaci\u00f3n de Comunicaciones: Gabriela Suniaga y Halim Naim.<\/div>\n<div dir=\"auto\"><\/div>\n<div dir=\"auto\">Enlaces Pol\u00edticos y Sociales: Manuel Barreto.<\/div>\n<div dir=\"auto\"><\/div>\n<div dir=\"auto\">Plan de Gobierno: Rolando Smith y Lucio Herrera.<\/div>\n<div dir=\"auto\"><\/div>\n<div dir=\"auto\">Unidad Jur\u00eddica: Luis Armando Betancourt, Indira Falc\u00f3n y No\u00e9 Mujica.<\/div>\n<div dir=\"auto\"><\/div>\n<div dir=\"auto\">Coordinaci\u00f3n de Derechos Humanos: Adelba Taffin.<\/div>\n<div dir=\"auto\"><\/div>\n<div dir=\"auto\">Coordinador de los Clubes y Centros Sociales: H\u00e9ctor Correa Feo.<\/div>\n<div dir=\"auto\"><\/div>\n<div dir=\"auto\">Coordinador de Columnistas: Rafael Garc\u00eda Marvez.<\/div>\n<div dir=\"auto\"><\/div>\n<div dir=\"auto\">Comisi\u00f3n General de Estrategia: Rub\u00e9n P\u00e9rez Silva.<\/div>\n<div dir=\"auto\"><\/div>\n<div dir=\"auto\">Coordinaci\u00f3n Comerciantes del Norte de Valencia: Esther Montes Fuentes.<\/div>\n","protected":false},"excerpt":{"rendered":"<p>\u00abContamos con los carabobe\u00f1os m\u00e1s calificados en cada una de las \u00e1reas que hemos nombrado para mejorar nuestro estado\u00bb_ Para garantizar la victoria de Enzo Scarano como gobernador de Carabobo, este mi\u00e9rcoles se realiz\u00f3&#46;&#46;&#46;<\/p>\n","protected":false},"author":115,"featured_media":16294,"comment_status":"open","ping_status":"open","sticky":false,"template":"","format":"standard","meta":{"_acf_changed":false,"om_disable_all_campaigns":false,"rop_custom_images_group":[],"rop_custom_messages_group":[],"rop_publish_now":"initial","rop_publish_now_accounts":{"twitter_242054905_242054905":""},"rop_publish_now_history":[],"rop_publish_now_status":"pending","_uf_show_specific_survey":0,"_uf_disable_surveys":false,"footnotes":""},"categories":[155],"tags":[],"class_list":["post-16293","post","type-post","status-publish","format-standard","has-post-thumbnail","hentry","category-politica-opinion"],"acf":[],"aioseo_notices":[],"yoast_head":"<!-- This site is optimized with the Yoast SEO Premium plugin v24.9 (Yoast SEO v27.2) - https:\/\/yoast.com\/product\/yoast-seo-premium-wordpress\/ -->\n<title>Scarano: El comando de campa\u00f1a cuenta con personas de experiencia comprobada - Venezuela | Noti-America.com<\/title>\n<meta name=\"robots\" content=\"index, follow, max-snippet:-1, max-image-preview:large, max-video-preview:-1\" \/>\n<link rel=\"canonical\" href=\"https:\/\/noti-america.com\/site\/venezuela\/2021\/09\/19\/scarano-el-comando-de-campana-cuenta-con-personas-de-experiencia-comprobada\/\" \/>\n<meta property=\"og:locale\" content=\"es_ES\" \/>\n<meta property=\"og:type\" content=\"article\" \/>\n<meta property=\"og:title\" content=\"Scarano: El comando de campa\u00f1a cuenta con personas de experiencia comprobada\" \/>\n<meta property=\"og:description\" content=\"\u00abContamos con los carabobe\u00f1os m\u00e1s calificados en cada una de las \u00e1reas que hemos nombrado para mejorar nuestro estado\u00bb_ Para garantizar la victoria de Enzo Scarano como gobernador de Carabobo, este mi\u00e9rcoles se realiz\u00f3&#046;&#046;&#046;\" \/>\n<meta property=\"og:url\" content=\"https:\/\/noti-america.com\/site\/venezuela\/2021\/09\/19\/scarano-el-comando-de-campana-cuenta-con-personas-de-experiencia-comprobada\/\" \/>\n<meta property=\"og:site_name\" content=\"Venezuela | Noti-America.com\" \/>\n<meta property=\"article:published_time\" content=\"2021-09-19T17:47:31+00:00\" \/>\n<meta property=\"article:modified_time\" content=\"2021-09-19T21:47:38+00:00\" \/>\n<meta property=\"og:image\" content=\"https:\/\/noti-america.com\/site\/venezuela\/wp-content\/uploads\/sites\/2\/2021\/09\/IMG_20210916_104532_034.jpg\" \/>\n\t<meta property=\"og:image:width\" content=\"750\" \/>\n\t<meta property=\"og:image:height\" content=\"422\" \/>\n\t<meta property=\"og:image:type\" content=\"image\/jpeg\" \/>\n<meta name=\"author\" content=\"Yorvis Chirinos\" \/>\n<meta name=\"twitter:card\" content=\"summary_large_image\" \/>\n<meta name=\"twitter:label1\" content=\"Escrito por\" \/>\n\t<meta name=\"twitter:data1\" content=\"Yorvis Chirinos\" \/>\n\t<meta name=\"twitter:label2\" content=\"Tiempo estimado de lectura\" \/>\n\t<meta name=\"twitter:data2\" content=\"3 minutos\" \/>\n<script type=\"application\/ld+json\" class=\"yoast-schema-graph\">{\"@context\":\"https:\/\/schema.org\",\"@graph\":[{\"@type\":\"Article\",\"@id\":\"https:\/\/noti-america.com\/site\/venezuela\/2021\/09\/19\/scarano-el-comando-de-campana-cuenta-con-personas-de-experiencia-comprobada\/#article\",\"isPartOf\":{\"@id\":\"https:\/\/noti-america.com\/site\/venezuela\/2021\/09\/19\/scarano-el-comando-de-campana-cuenta-con-personas-de-experiencia-comprobada\/\"},\"author\":{\"name\":\"Yorvis Chirinos\",\"@id\":\"https:\/\/noti-america.com\/site\/venezuela\/#\/schema\/person\/e26605061ce4ac6a4c3950ac2214c88d\"},\"headline\":\"Scarano: El comando de campa\u00f1a cuenta con personas de experiencia comprobada\",\"datePublished\":\"2021-09-19T17:47:31+00:00\",\"dateModified\":\"2021-09-19T21:47:38+00:00\",\"mainEntityOfPage\":{\"@id\":\"https:\/\/noti-america.com\/site\/venezuela\/2021\/09\/19\/scarano-el-comando-de-campana-cuenta-con-personas-de-experiencia-comprobada\/\"},\"wordCount\":624,\"commentCount\":0,\"publisher\":{\"@id\":\"https:\/\/noti-america.com\/site\/venezuela\/#organization\"},\"image\":{\"@id\":\"https:\/\/noti-america.com\/site\/venezuela\/2021\/09\/19\/scarano-el-comando-de-campana-cuenta-con-personas-de-experiencia-comprobada\/#primaryimage\"},\"thumbnailUrl\":\"https:\/\/noti-america.com\/site\/venezuela\/wp-content\/uploads\/sites\/2\/2021\/09\/IMG_20210916_104532_034.jpg\",\"articleSection\":[\"Pol\u00edtica\"],\"inLanguage\":\"es\",\"potentialAction\":[{\"@type\":\"CommentAction\",\"name\":\"Comment\",\"target\":[\"https:\/\/noti-america.com\/site\/venezuela\/2021\/09\/19\/scarano-el-comando-de-campana-cuenta-con-personas-de-experiencia-comprobada\/#respond\"]}]},{\"@type\":\"WebPage\",\"@id\":\"https:\/\/noti-america.com\/site\/venezuela\/2021\/09\/19\/scarano-el-comando-de-campana-cuenta-con-personas-de-experiencia-comprobada\/\",\"url\":\"https:\/\/noti-america.com\/site\/venezuela\/2021\/09\/19\/scarano-el-comando-de-campana-cuenta-con-personas-de-experiencia-comprobada\/\",\"name\":\"Scarano: El comando de campa\u00f1a cuenta con personas de experiencia comprobada - Venezuela | Noti-America.com\",\"isPartOf\":{\"@id\":\"https:\/\/noti-america.com\/site\/venezuela\/#website\"},\"primaryImageOfPage\":{\"@id\":\"https:\/\/noti-america.com\/site\/venezuela\/2021\/09\/19\/scarano-el-comando-de-campana-cuenta-con-personas-de-experiencia-comprobada\/#primaryimage\"},\"image\":{\"@id\":\"https:\/\/noti-america.com\/site\/venezuela\/2021\/09\/19\/scarano-el-comando-de-campana-cuenta-con-personas-de-experiencia-comprobada\/#primaryimage\"},\"thumbnailUrl\":\"https:\/\/noti-america.com\/site\/venezuela\/wp-content\/uploads\/sites\/2\/2021\/09\/IMG_20210916_104532_034.jpg\",\"datePublished\":\"2021-09-19T17:47:31+00:00\",\"dateModified\":\"2021-09-19T21:47:38+00:00\",\"breadcrumb\":{\"@id\":\"https:\/\/noti-america.com\/site\/venezuela\/2021\/09\/19\/scarano-el-comando-de-campana-cuenta-con-personas-de-experiencia-comprobada\/#breadcrumb\"},\"inLanguage\":\"es\",\"potentialAction\":[{\"@type\":\"ReadAction\",\"target\":[\"https:\/\/noti-america.com\/site\/venezuela\/2021\/09\/19\/scarano-el-comando-de-campana-cuenta-con-personas-de-experiencia-comprobada\/\"]}]},{\"@type\":\"ImageObject\",\"inLanguage\":\"es\",\"@id\":\"https:\/\/noti-america.com\/site\/venezuela\/2021\/09\/19\/scarano-el-comando-de-campana-cuenta-con-personas-de-experiencia-comprobada\/#primaryimage\",\"url\":\"https:\/\/noti-america.com\/site\/venezuela\/wp-content\/uploads\/sites\/2\/2021\/09\/IMG_20210916_104532_034.jpg\",\"contentUrl\":\"https:\/\/noti-america.com\/site\/venezuela\/wp-content\/uploads\/sites\/2\/2021\/09\/IMG_20210916_104532_034.jpg\",\"width\":750,\"height\":422},{\"@type\":\"BreadcrumbList\",\"@id\":\"https:\/\/noti-america.com\/site\/venezuela\/2021\/09\/19\/scarano-el-comando-de-campana-cuenta-con-personas-de-experiencia-comprobada\/#breadcrumb\",\"itemListElement\":[{\"@type\":\"ListItem\",\"position\":1,\"name\":\"Portada\",\"item\":\"https:\/\/noti-america.com\/site\/venezuela\/\"},{\"@type\":\"ListItem\",\"position\":2,\"name\":\"Scarano: El comando de campa\u00f1a cuenta con personas de experiencia comprobada\"}]},{\"@type\":\"WebSite\",\"@id\":\"https:\/\/noti-america.com\/site\/venezuela\/#website\",\"url\":\"https:\/\/noti-america.com\/site\/venezuela\/\",\"name\":\"Venezuela | Noti-America.com\",\"description\":\"\",\"publisher\":{\"@id\":\"https:\/\/noti-america.com\/site\/venezuela\/#organization\"},\"potentialAction\":[{\"@type\":\"SearchAction\",\"target\":{\"@type\":\"EntryPoint\",\"urlTemplate\":\"https:\/\/noti-america.com\/site\/venezuela\/?s={search_term_string}\"},\"query-input\":{\"@type\":\"PropertyValueSpecification\",\"valueRequired\":true,\"valueName\":\"search_term_string\"}}],\"inLanguage\":\"es\"},{\"@type\":\"Organization\",\"@id\":\"https:\/\/noti-america.com\/site\/venezuela\/#organization\",\"name\":\"Noti-America LLC | Venezuela\",\"url\":\"https:\/\/noti-america.com\/site\/venezuela\/\",\"logo\":{\"@type\":\"ImageObject\",\"inLanguage\":\"es\",\"@id\":\"https:\/\/noti-america.com\/site\/venezuela\/#\/schema\/logo\/image\/\",\"url\":\"https:\/\/noti-america.com\/site\/venezuela\/wp-content\/uploads\/sites\/2\/2020\/07\/LogoNA-4x3-1.jpg\",\"contentUrl\":\"https:\/\/noti-america.com\/site\/venezuela\/wp-content\/uploads\/sites\/2\/2020\/07\/LogoNA-4x3-1.jpg\",\"width\":1236,\"height\":1080,\"caption\":\"Noti-America LLC | Venezuela\"},\"image\":{\"@id\":\"https:\/\/noti-america.com\/site\/venezuela\/#\/schema\/logo\/image\/\"}},{\"@type\":\"Person\",\"@id\":\"https:\/\/noti-america.com\/site\/venezuela\/#\/schema\/person\/e26605061ce4ac6a4c3950ac2214c88d\",\"name\":\"Yorvis Chirinos\",\"image\":{\"@type\":\"ImageObject\",\"inLanguage\":\"es\",\"@id\":\"https:\/\/secure.gravatar.com\/avatar\/0a7b4fc99f07257186745713daa39781b31793a8e9a3284f87c9c220d1bfbd94?s=96&d=mm&r=g\",\"url\":\"https:\/\/secure.gravatar.com\/avatar\/0a7b4fc99f07257186745713daa39781b31793a8e9a3284f87c9c220d1bfbd94?s=96&d=mm&r=g\",\"contentUrl\":\"https:\/\/secure.gravatar.com\/avatar\/0a7b4fc99f07257186745713daa39781b31793a8e9a3284f87c9c220d1bfbd94?s=96&d=mm&r=g\",\"caption\":\"Yorvis Chirinos\"},\"url\":\"https:\/\/noti-america.com\/site\/venezuela\/author\/ychirinos\/\"}]}<\/script>\n<!-- \/ Yoast SEO Premium plugin. -->","yoast_head_json":{"title":"Scarano: El comando de campa\u00f1a cuenta con personas de experiencia comprobada - Venezuela | Noti-America.com","robots":{"index":"index","follow":"follow","max-snippet":"max-snippet:-1","max-image-preview":"max-image-preview:large","max-video-preview":"max-video-preview:-1"},"canonical":"https:\/\/noti-america.com\/site\/venezuela\/2021\/09\/19\/scarano-el-comando-de-campana-cuenta-con-personas-de-experiencia-comprobada\/","og_locale":"es_ES","og_type":"article","og_title":"Scarano: El comando de campa\u00f1a cuenta con personas de experiencia comprobada","og_description":"\u00abContamos con los carabobe\u00f1os m\u00e1s calificados en cada una de las \u00e1reas que hemos nombrado para mejorar nuestro estado\u00bb_ Para garantizar la victoria de Enzo Scarano como gobernador de Carabobo, este mi\u00e9rcoles se realiz\u00f3&#46;&#46;&#46;","og_url":"https:\/\/noti-america.com\/site\/venezuela\/2021\/09\/19\/scarano-el-comando-de-campana-cuenta-con-personas-de-experiencia-comprobada\/","og_site_name":"Venezuela | Noti-America.com","article_published_time":"2021-09-19T17:47:31+00:00","article_modified_time":"2021-09-19T21:47:38+00:00","og_image":[{"width":750,"height":422,"url":"https:\/\/noti-america.com\/site\/venezuela\/wp-content\/uploads\/sites\/2\/2021\/09\/IMG_20210916_104532_034.jpg","type":"image\/jpeg"}],"author":"Yorvis Chirinos","twitter_card":"summary_large_image","twitter_misc":{"Escrito por":"Yorvis Chirinos","Tiempo estimado de lectura":"3 minutos"},"schema":{"@context":"https:\/\/schema.org","@graph":[{"@type":"Article","@id":"https:\/\/noti-america.com\/site\/venezuela\/2021\/09\/19\/scarano-el-comando-de-campana-cuenta-con-personas-de-experiencia-comprobada\/#article","isPartOf":{"@id":"https:\/\/noti-america.com\/site\/venezuela\/2021\/09\/19\/scarano-el-comando-de-campana-cuenta-con-personas-de-experiencia-comprobada\/"},"author":{"name":"Yorvis Chirinos","@id":"https:\/\/noti-america.com\/site\/venezuela\/#\/schema\/person\/e26605061ce4ac6a4c3950ac2214c88d"},"headline":"Scarano: El comando de campa\u00f1a cuenta con personas de experiencia comprobada","datePublished":"2021-09-19T17:47:31+00:00","dateModified":"2021-09-19T21:47:38+00:00","mainEntityOfPage":{"@id":"https:\/\/noti-america.com\/site\/venezuela\/2021\/09\/19\/scarano-el-comando-de-campana-cuenta-con-personas-de-experiencia-comprobada\/"},"wordCount":624,"commentCount":0,"publisher":{"@id":"https:\/\/noti-america.com\/site\/venezuela\/#organization"},"image":{"@id":"https:\/\/noti-america.com\/site\/venezuela\/2021\/09\/19\/scarano-el-comando-de-campana-cuenta-con-personas-de-experiencia-comprobada\/#primaryimage"},"thumbnailUrl":"https:\/\/noti-america.com\/site\/venezuela\/wp-content\/uploads\/sites\/2\/2021\/09\/IMG_20210916_104532_034.jpg","articleSection":["Pol\u00edtica"],"inLanguage":"es","potentialAction":[{"@type":"CommentAction","name":"Comment","target":["https:\/\/noti-america.com\/site\/venezuela\/2021\/09\/19\/scarano-el-comando-de-campana-cuenta-con-personas-de-experiencia-comprobada\/#respond"]}]},{"@type":"WebPage","@id":"https:\/\/noti-america.com\/site\/venezuela\/2021\/09\/19\/scarano-el-comando-de-campana-cuenta-con-personas-de-experiencia-comprobada\/","url":"https:\/\/noti-america.com\/site\/venezuela\/2021\/09\/19\/scarano-el-comando-de-campana-cuenta-con-personas-de-experiencia-comprobada\/","name":"Scarano: El comando de campa\u00f1a cuenta con personas de experiencia comprobada - Venezuela | Noti-America.com","isPartOf":{"@id":"https:\/\/noti-america.com\/site\/venezuela\/#website"},"primaryImageOfPage":{"@id":"https:\/\/noti-america.com\/site\/venezuela\/2021\/09\/19\/scarano-el-comando-de-campana-cuenta-con-personas-de-experiencia-comprobada\/#primaryimage"},"image":{"@id":"https:\/\/noti-america.com\/site\/venezuela\/2021\/09\/19\/scarano-el-comando-de-campana-cuenta-con-personas-de-experiencia-comprobada\/#primaryimage"},"thumbnailUrl":"https:\/\/noti-america.com\/site\/venezuela\/wp-content\/uploads\/sites\/2\/2021\/09\/IMG_20210916_104532_034.jpg","datePublished":"2021-09-19T17:47:31+00:00","dateModified":"2021-09-19T21:47:38+00:00","breadcrumb":{"@id":"https:\/\/noti-america.com\/site\/venezuela\/2021\/09\/19\/scarano-el-comando-de-campana-cuenta-con-personas-de-experiencia-comprobada\/#breadcrumb"},"inLanguage":"es","potentialAction":[{"@type":"ReadAction","target":["https:\/\/noti-america.com\/site\/venezuela\/2021\/09\/19\/scarano-el-comando-de-campana-cuenta-con-personas-de-experiencia-comprobada\/"]}]},{"@type":"ImageObject","inLanguage":"es","@id":"https:\/\/noti-america.com\/site\/venezuela\/2021\/09\/19\/scarano-el-comando-de-campana-cuenta-con-personas-de-experiencia-comprobada\/#primaryimage","url":"https:\/\/noti-america.com\/site\/venezuela\/wp-content\/uploads\/sites\/2\/2021\/09\/IMG_20210916_104532_034.jpg","contentUrl":"https:\/\/noti-america.com\/site\/venezuela\/wp-content\/uploads\/sites\/2\/2021\/09\/IMG_20210916_104532_034.jpg","width":750,"height":422},{"@type":"BreadcrumbList","@id":"https:\/\/noti-america.com\/site\/venezuela\/2021\/09\/19\/scarano-el-comando-de-campana-cuenta-con-personas-de-experiencia-comprobada\/#breadcrumb","itemListElement":[{"@type":"ListItem","position":1,"name":"Portada","item":"https:\/\/noti-america.com\/site\/venezuela\/"},{"@type":"ListItem","position":2,"name":"Scarano: El comando de campa\u00f1a cuenta con personas de experiencia comprobada"}]},{"@type":"WebSite","@id":"https:\/\/noti-america.com\/site\/venezuela\/#website","url":"https:\/\/noti-america.com\/site\/venezuela\/","name":"Venezuela | Noti-America.com","description":"","publisher":{"@id":"https:\/\/noti-america.com\/site\/venezuela\/#organization"},"potentialAction":[{"@type":"SearchAction","target":{"@type":"EntryPoint","urlTemplate":"https:\/\/noti-america.com\/site\/venezuela\/?s={search_term_string}"},"query-input":{"@type":"PropertyValueSpecification","valueRequired":true,"valueName":"search_term_string"}}],"inLanguage":"es"},{"@type":"Organization","@id":"https:\/\/noti-america.com\/site\/venezuela\/#organization","name":"Noti-America LLC | Venezuela","url":"https:\/\/noti-america.com\/site\/venezuela\/","logo":{"@type":"ImageObject","inLanguage":"es","@id":"https:\/\/noti-america.com\/site\/venezuela\/#\/schema\/logo\/image\/","url":"https:\/\/noti-america.com\/site\/venezuela\/wp-content\/uploads\/sites\/2\/2020\/07\/LogoNA-4x3-1.jpg","contentUrl":"https:\/\/noti-america.com\/site\/venezuela\/wp-content\/uploads\/sites\/2\/2020\/07\/LogoNA-4x3-1.jpg","width":1236,"height":1080,"caption":"Noti-America LLC | Venezuela"},"image":{"@id":"https:\/\/noti-america.com\/site\/venezuela\/#\/schema\/logo\/image\/"}},{"@type":"Person","@id":"https:\/\/noti-america.com\/site\/venezuela\/#\/schema\/person\/e26605061ce4ac6a4c3950ac2214c88d","name":"Yorvis Chirinos","image":{"@type":"ImageObject","inLanguage":"es","@id":"https:\/\/secure.gravatar.com\/avatar\/0a7b4fc99f07257186745713daa39781b31793a8e9a3284f87c9c220d1bfbd94?s=96&d=mm&r=g","url":"https:\/\/secure.gravatar.com\/avatar\/0a7b4fc99f07257186745713daa39781b31793a8e9a3284f87c9c220d1bfbd94?s=96&d=mm&r=g","contentUrl":"https:\/\/secure.gravatar.com\/avatar\/0a7b4fc99f07257186745713daa39781b31793a8e9a3284f87c9c220d1bfbd94?s=96&d=mm&r=g","caption":"Yorvis Chirinos"},"url":"https:\/\/noti-america.com\/site\/venezuela\/author\/ychirinos\/"}]}},"_links":{"self":[{"href":"https:\/\/noti-america.com\/site\/venezuela\/wp-json\/wp\/v2\/posts\/16293","targetHints":{"allow":["GET"]}}],"collection":[{"href":"https:\/\/noti-america.com\/site\/venezuela\/wp-json\/wp\/v2\/posts"}],"about":[{"href":"https:\/\/noti-america.com\/site\/venezuela\/wp-json\/wp\/v2\/types\/post"}],"author":[{"embeddable":true,"href":"https:\/\/noti-america.com\/site\/venezuela\/wp-json\/wp\/v2\/users\/115"}],"replies":[{"embeddable":true,"href":"https:\/\/noti-america.com\/site\/venezuela\/wp-json\/wp\/v2\/comments?post=16293"}],"version-history":[{"count":1,"href":"https:\/\/noti-america.com\/site\/venezuela\/wp-json\/wp\/v2\/posts\/16293\/revisions"}],"predecessor-version":[{"id":16295,"href":"https:\/\/noti-america.com\/site\/venezuela\/wp-json\/wp\/v2\/posts\/16293\/revisions\/16295"}],"wp:featuredmedia":[{"embeddable":true,"href":"https:\/\/noti-america.com\/site\/venezuela\/wp-json\/wp\/v2\/media\/16294"}],"wp:attachment":[{"href":"https:\/\/noti-america.com\/site\/venezuela\/wp-json\/wp\/v2\/media?parent=16293"}],"wp:term":[{"taxonomy":"category","embeddable":true,"href":"https:\/\/noti-america.com\/site\/venezuela\/wp-json\/wp\/v2\/categories?post=16293"},{"taxonomy":"post_tag","embeddable":true,"href":"https:\/\/noti-america.com\/site\/venezuela\/wp-json\/wp\/v2\/tags?post=16293"}],"curies":[{"name":"wp","href":"https:\/\/api.w.org\/{rel}","templated":true}]}}