{"id":1622,"date":"2018-03-06T03:09:50","date_gmt":"2018-03-06T03:09:50","guid":{"rendered":"http:\/\/noti-america.com\/site\/venezuela\/?p=1622"},"modified":"2018-03-06T03:11:24","modified_gmt":"2018-03-06T03:11:24","slug":"venezuela-entre-la-miseria-y-los-desperdicios-de-basura","status":"publish","type":"post","link":"https:\/\/noti-america.com\/site\/venezuela\/2018\/03\/06\/venezuela-entre-la-miseria-y-los-desperdicios-de-basura\/","title":{"rendered":"Venezuela entre la miseria y los desperdicios de basura"},"content":{"rendered":"<blockquote><p><strong>Hoy en d\u00eda, casi tres millones de venezolanos gozan de su pensi\u00f3n, lastimeramente tratados como basura.<\/strong><\/p><\/blockquote>\n<p>Desde hace semanas la ciudad de Barquisimeto muestra una sucia cara, ante los c\u00famulos de basura y desperdicios en todas sus calles y plazas, sin\u00f3nimo de indolencia institucional, lo que al parecer no interesa para nada a la Gobernadora y el alcalde de Iribarren, ambos reci\u00e9n electos representantes del partido de gobierno, es decir el PSUV. (Partido Socialista Unido de Venezuela).<\/p>\n<p>Recientemente uno de los m\u00e1s importantes centros de acopio y\u00a0 distribuci\u00f3n de alimentos del pa\u00eds, MERCABAR o mejor conocido Mercado Mayorista, con serios problemas administrativos, a causa de los ingresos que \u00e9sta estructura aporta a quien lo dirija, resolvi\u00f3 aumentar los pagos por arriendo de sus galpones y diversas \u00e1reas.<\/p>\n<p>En este sentido, se pudo conocer que los due\u00f1os de los galpones tendr\u00e1n por obligaci\u00f3n, sumado al descontento, cancelar la suma de 51 millones de bol\u00edvares, teni\u00e9ndose en cuenta que hay m\u00e1s de 300 galpones y unas estructuras muy deterioradas, y que a pesar de los anteriores incrementos no se han visto beneficios.<\/p>\n<p>Una de las irregularidades que m\u00e1s confrontan quienes accesan a Mercabar es el elevado precio de pago en el peaje de salida, lo que en varias oportunidades ha sido motivo de protestas para los productores que ofertan las hortalizas y dem\u00e1s productos perecederos, adem\u00e1s de compradores que surten sus comercios y abastos con los insumos que all\u00ed se venden.<img loading=\"lazy\" decoding=\"async\" class=\"alignnone size-medium wp-image-1626\" src=\"http:\/\/noti-america.com\/site\/venezuela\/wp-content\/uploads\/sites\/2\/2018\/03\/P1120238-300x225.jpg\" alt=\"\" width=\"300\" height=\"225\" srcset=\"https:\/\/noti-america.com\/site\/venezuela\/wp-content\/uploads\/sites\/2\/2018\/03\/P1120238-300x225.jpg 300w, https:\/\/noti-america.com\/site\/venezuela\/wp-content\/uploads\/sites\/2\/2018\/03\/P1120238.jpg 640w\" sizes=\"auto, (max-width: 300px) 100vw, 300px\" \/> <img loading=\"lazy\" decoding=\"async\" class=\"alignnone size-medium wp-image-1627\" src=\"http:\/\/noti-america.com\/site\/venezuela\/wp-content\/uploads\/sites\/2\/2018\/03\/P1120239-300x225.jpg\" alt=\"\" width=\"300\" height=\"225\" srcset=\"https:\/\/noti-america.com\/site\/venezuela\/wp-content\/uploads\/sites\/2\/2018\/03\/P1120239-300x225.jpg 300w, https:\/\/noti-america.com\/site\/venezuela\/wp-content\/uploads\/sites\/2\/2018\/03\/P1120239.jpg 640w\" sizes=\"auto, (max-width: 300px) 100vw, 300px\" \/><\/p>\n<p>No obstante, la pregunta que muchos se hacen es a d\u00f3nde van todas los recursos monetarios que son cobrados por la administraci\u00f3n de Mercabar, misma que asumi\u00f3 el Alcalde de Iribarren Luis Jon\u00e1s Reyes, debido a que en su \u00faltima visita a dichas instalaciones emprendi\u00f3 acciones de control de productos acompa\u00f1ado por la Superintendencia Nacional para la Defensa de los Derechos del consumidor,(SUNDEE).<\/p>\n<p>A\u00fan cuando se establecen normas para detener la especulaci\u00f3n dentro de Mercabar el juego por el poder del efectivo hace de las suyas, porque aunque hay m\u00e1s de 6 entidades bancarias el \u00abefectivo\u00bb, sigue siendo uno de los m\u00e1s buscados, y se llega a pagar por \u00e9l hasta 120% por encima de su valor, si requieren de 10 millones prep\u00e1rense para pagar 12 millones por \u00e9l. As\u00ed son las cosas en \u00e9sos predios.<\/p>\n<p><img loading=\"lazy\" decoding=\"async\" class=\"alignnone size-medium wp-image-1623\" src=\"http:\/\/noti-america.com\/site\/venezuela\/wp-content\/uploads\/sites\/2\/2018\/03\/P1120237-300x225.jpg\" alt=\"\" width=\"300\" height=\"225\" srcset=\"https:\/\/noti-america.com\/site\/venezuela\/wp-content\/uploads\/sites\/2\/2018\/03\/P1120237-300x225.jpg 300w, https:\/\/noti-america.com\/site\/venezuela\/wp-content\/uploads\/sites\/2\/2018\/03\/P1120237.jpg 640w\" sizes=\"auto, (max-width: 300px) 100vw, 300px\" \/> La sociedad parece estar perdida y desconcertada producto de las haza\u00f1as de la izquierda para mantener al pa\u00eds dominado bajo su yugo y por haber tocado fondo esta situaci\u00f3n que tanto afecta al venezolano. (El Nacional web)<\/p>\n<blockquote><p><img decoding=\"async\" src=\"https:\/\/pbs.twimg.com\/media\/DXN4tuSWsAAHghN.jpg\" \/><\/p><\/blockquote>\n<p><img loading=\"lazy\" decoding=\"async\" class=\"alignnone size-medium wp-image-1624\" src=\"http:\/\/noti-america.com\/site\/venezuela\/wp-content\/uploads\/sites\/2\/2018\/03\/P1120234-300x225.jpg\" alt=\"\" width=\"300\" height=\"225\" srcset=\"https:\/\/noti-america.com\/site\/venezuela\/wp-content\/uploads\/sites\/2\/2018\/03\/P1120234-300x225.jpg 300w, https:\/\/noti-america.com\/site\/venezuela\/wp-content\/uploads\/sites\/2\/2018\/03\/P1120234.jpg 640w\" sizes=\"auto, (max-width: 300px) 100vw, 300px\" \/><\/p>\n<p>En cuanto a la miseria y la conducta del barquisimetano para esperar por una d\u00e1diva en las entidades bancarias del sector, se hace intolerable para los que TRANSITAN hacia Mercabar, ya que son incontables las mujeres y hombres que deciden pernoctar en las inmediaciones del Banco de Venezuela que funciona en la entrada del mayorista, ocasionando contaminaci\u00f3n y desorden producto de los campamentos improvisados instalados all\u00ed, a pesar de saberse que dicha entidad financiera durante el transcurso de la pasada semana no ten\u00eda efectivo para cancelar sus compromisos a los pensionados y a los que cobran las misiones otorgadas por el Estado.<\/p>\n<p>La decadencia privilegia como decoraci\u00f3n y ornato en todas las vias de la Zona INDUSTRIAL, donde la ni\u00f1ez abandonada a su suerte circula a sus anchas y las mujeres de muy bajos recursos determinan ofrecer favores para conseguir \u00abalgo qu\u00e9 comer\u00bb, as\u00ed sea un pu\u00f1ado de desecho que cae al suelo.<\/p>\n<p><img decoding=\"async\" src=\"https:\/\/pbs.twimg.com\/media\/DXhlOS3WkAAVCsz.jpg\" \/><\/p>\n<p>La visi\u00f3n de la zona industrial y el reconocido mayorista es DESALENTADORA por las extensas colas de pernocta en los bancos y la demostraci\u00f3n de hambre, pobreza y miseria observable en los ancianos, mujeres embarazadas, o con ni\u00f1os en los brazos, obligados a usar las \u00e1reas como ba\u00f1os p\u00fablicos, expuestos sin verguenza y aceptando su suerte.<\/p>\n<blockquote><p>Art\u00edculo de Aporrea:\u00bb<strong>Es sorprendente ver las condiciones a las que son sometidos los venezolanos de la tercera edad para que logren cobrar su pensi\u00f3n. Ch\u00e1vez ten\u00eda una deferencia especial para con ellos y no permit\u00eda que fueron objeto de maltratos o burlas. Pero ya desde hace a\u00f1os, el v\u00eda crucis por el que atraviesan, es, sin duda, imperdonable. Con el agravante de que pareciera que no existe nadie en el gobierno que tenga la intenci\u00f3n de darle un parao a ese problema. La \u00faltima parte de esa tr\u00e1gica pel\u00edcula, es que pernoctan, incluso m\u00e1s de un d\u00eda en los alrededores del banco para poder cobrar los insignificantes 30 mil bol\u00edvares que le dan el banco en efectivo. Gente de m\u00e1s de 60 a\u00f1os de edad, algunos en sillas de rueda, algunos incluso con andaderas y algunos con bolsa de heces pegadas a la barriga, para lograr no solo ser los primeros al otro d\u00eda, sino que no se acabe el efectivo despu\u00e9s de dos o tres horas de cola\u00bb.-Por Rafael Rodr\u00edguez Olmos.<\/strong><\/p>\n<h2><img decoding=\"async\" src=\"https:\/\/pbs.twimg.com\/media\/DXkpzlHWsAAJCKk.jpg\" \/><\/h2>\n<p><img decoding=\"async\" src=\"https:\/\/pbs.twimg.com\/media\/DWhnW-cW4AE3SiF.jpg\" \/><\/p>\n<div style=\"width: 1108px\" class=\"wp-caption alignnone\"><img loading=\"lazy\" decoding=\"async\" src=\"https:\/\/pbs.twimg.com\/media\/DWpc6ViXcAEFTzj.jpg\" alt=\"\" width=\"1098\" height=\"732\" \/><p class=\"wp-caption-text\">Negarse a ver la realidad es evadir las responsabilidades, en suma ingobernabilidad, miseria para quienes los pusieron en el poder<\/p><\/div>\n<h2>LOS ANIMALES PADECEN POR LA GRAVE CRISIS<\/h2>\n<\/blockquote>\n<p>https:\/\/twitter.com\/rauljulialevy\/status\/970679649289240577<\/p>\n<p>https:\/\/twitter.com\/codevida\/status\/969671185645568002<\/p>\n<blockquote class=\"twitter-tweet\" data-width=\"500\" data-dnt=\"true\">\n<p lang=\"es\" dir=\"ltr\">As\u00ed esta el hospital central. Este video lo grabe hoy mientras fui de visita. Los fines de semana ni doctores hoy. Por favor difundan <a href=\"https:\/\/twitter.com\/hashtag\/Valencia?src=hash&amp;ref_src=twsrc%5Etfw\">#Valencia<\/a> <a href=\"https:\/\/twitter.com\/hashtag\/hospital?src=hash&amp;ref_src=twsrc%5Etfw\">#hospital<\/a> central <a href=\"https:\/\/twitter.com\/hashtag\/EmergenciaHumanitaria?src=hash&amp;ref_src=twsrc%5Etfw\">#EmergenciaHumanitaria<\/a> <a href=\"https:\/\/t.co\/4rOeNTE7pS\">pic.twitter.com\/4rOeNTE7pS<\/a><\/p>\n<p>&mdash; Rebeca requena (@Rebecarequena28) <a href=\"https:\/\/twitter.com\/Rebecarequena28\/status\/970468995227938816?ref_src=twsrc%5Etfw\">March 5, 2018<\/a><\/p><\/blockquote>\n<p><script async src=\"https:\/\/platform.twitter.com\/widgets.js\" charset=\"utf-8\"><\/script><\/p>\n","protected":false},"excerpt":{"rendered":"<p>Hoy en d\u00eda, casi tres millones de venezolanos gozan de su pensi\u00f3n, lastimeramente tratados como basura. Desde hace semanas la ciudad de Barquisimeto muestra una sucia cara, ante los c\u00famulos de basura y desperdicios&#46;&#46;&#46;<\/p>\n","protected":false},"author":11,"featured_media":1628,"comment_status":"open","ping_status":"open","sticky":false,"template":"","format":"standard","meta":{"_acf_changed":false,"om_disable_all_campaigns":false,"rop_custom_images_group":[],"rop_custom_messages_group":[],"rop_publish_now":"initial","rop_publish_now_accounts":{"twitter_242054905_242054905":""},"rop_publish_now_history":[],"rop_publish_now_status":"pending","_uf_show_specific_survey":0,"_uf_disable_surveys":false,"footnotes":""},"categories":[5,4,3],"tags":[],"class_list":["post-1622","post","type-post","status-publish","format-standard","has-post-thumbnail","hentry","category-economia","category-internacionales","category-politica"],"acf":[],"aioseo_notices":[],"yoast_head":"<!-- This site is optimized with the Yoast SEO Premium plugin v24.9 (Yoast SEO v27.2) - https:\/\/yoast.com\/product\/yoast-seo-premium-wordpress\/ -->\n<title>Venezuela entre la miseria y los desperdicios de basura - Venezuela | Noti-America.com<\/title>\n<meta name=\"robots\" content=\"index, follow, max-snippet:-1, max-image-preview:large, max-video-preview:-1\" \/>\n<link rel=\"canonical\" href=\"https:\/\/noti-america.com\/site\/venezuela\/2018\/03\/06\/venezuela-entre-la-miseria-y-los-desperdicios-de-basura\/\" \/>\n<meta property=\"og:locale\" content=\"es_ES\" \/>\n<meta property=\"og:type\" content=\"article\" \/>\n<meta property=\"og:title\" content=\"Venezuela entre la miseria y los desperdicios de basura\" \/>\n<meta property=\"og:description\" content=\"Hoy en d\u00eda, casi tres millones de venezolanos gozan de su pensi\u00f3n, lastimeramente tratados como basura. Desde hace semanas la ciudad de Barquisimeto muestra una sucia cara, ante los c\u00famulos de basura y desperdicios&#046;&#046;&#046;\" \/>\n<meta property=\"og:url\" content=\"https:\/\/noti-america.com\/site\/venezuela\/2018\/03\/06\/venezuela-entre-la-miseria-y-los-desperdicios-de-basura\/\" \/>\n<meta property=\"og:site_name\" content=\"Venezuela | Noti-America.com\" \/>\n<meta property=\"article:published_time\" content=\"2018-03-06T03:09:50+00:00\" \/>\n<meta property=\"article:modified_time\" content=\"2018-03-06T03:11:24+00:00\" \/>\n<meta property=\"og:image\" content=\"https:\/\/noti-america.com\/site\/venezuela\/wp-content\/uploads\/sites\/2\/2018\/03\/legado-de-maduro.jpg\" \/>\n\t<meta property=\"og:image:width\" content=\"696\" \/>\n\t<meta property=\"og:image:height\" content=\"464\" \/>\n\t<meta property=\"og:image:type\" content=\"image\/jpeg\" \/>\n<meta name=\"author\" content=\"Yliana Duque\" \/>\n<meta name=\"twitter:card\" content=\"summary_large_image\" \/>\n<meta name=\"twitter:creator\" content=\"@ylianaduque\" \/>\n<meta name=\"twitter:label1\" content=\"Escrito por\" \/>\n\t<meta name=\"twitter:data1\" content=\"Yliana Duque\" \/>\n\t<meta name=\"twitter:label2\" content=\"Tiempo estimado de lectura\" \/>\n\t<meta name=\"twitter:data2\" content=\"4 minutos\" \/>\n<script type=\"application\/ld+json\" class=\"yoast-schema-graph\">{\"@context\":\"https:\/\/schema.org\",\"@graph\":[{\"@type\":\"Article\",\"@id\":\"https:\/\/noti-america.com\/site\/venezuela\/2018\/03\/06\/venezuela-entre-la-miseria-y-los-desperdicios-de-basura\/#article\",\"isPartOf\":{\"@id\":\"https:\/\/noti-america.com\/site\/venezuela\/2018\/03\/06\/venezuela-entre-la-miseria-y-los-desperdicios-de-basura\/\"},\"author\":{\"name\":\"Yliana Duque\",\"@id\":\"https:\/\/noti-america.com\/site\/venezuela\/#\/schema\/person\/a166d9d45f249dbd09521fbc2e7342d8\"},\"headline\":\"Venezuela entre la miseria y los desperdicios de basura\",\"datePublished\":\"2018-03-06T03:09:50+00:00\",\"dateModified\":\"2018-03-06T03:11:24+00:00\",\"mainEntityOfPage\":{\"@id\":\"https:\/\/noti-america.com\/site\/venezuela\/2018\/03\/06\/venezuela-entre-la-miseria-y-los-desperdicios-de-basura\/\"},\"wordCount\":903,\"commentCount\":0,\"publisher\":{\"@id\":\"https:\/\/noti-america.com\/site\/venezuela\/#organization\"},\"image\":{\"@id\":\"https:\/\/noti-america.com\/site\/venezuela\/2018\/03\/06\/venezuela-entre-la-miseria-y-los-desperdicios-de-basura\/#primaryimage\"},\"thumbnailUrl\":\"https:\/\/noti-america.com\/site\/venezuela\/wp-content\/uploads\/sites\/2\/2018\/03\/legado-de-maduro.jpg\",\"articleSection\":[\"Econom\u00eda\",\"Internacionales\",\"Pol\u00edtica\"],\"inLanguage\":\"es\",\"potentialAction\":[{\"@type\":\"CommentAction\",\"name\":\"Comment\",\"target\":[\"https:\/\/noti-america.com\/site\/venezuela\/2018\/03\/06\/venezuela-entre-la-miseria-y-los-desperdicios-de-basura\/#respond\"]}]},{\"@type\":\"WebPage\",\"@id\":\"https:\/\/noti-america.com\/site\/venezuela\/2018\/03\/06\/venezuela-entre-la-miseria-y-los-desperdicios-de-basura\/\",\"url\":\"https:\/\/noti-america.com\/site\/venezuela\/2018\/03\/06\/venezuela-entre-la-miseria-y-los-desperdicios-de-basura\/\",\"name\":\"Venezuela entre la miseria y los desperdicios de basura - Venezuela | Noti-America.com\",\"isPartOf\":{\"@id\":\"https:\/\/noti-america.com\/site\/venezuela\/#website\"},\"primaryImageOfPage\":{\"@id\":\"https:\/\/noti-america.com\/site\/venezuela\/2018\/03\/06\/venezuela-entre-la-miseria-y-los-desperdicios-de-basura\/#primaryimage\"},\"image\":{\"@id\":\"https:\/\/noti-america.com\/site\/venezuela\/2018\/03\/06\/venezuela-entre-la-miseria-y-los-desperdicios-de-basura\/#primaryimage\"},\"thumbnailUrl\":\"https:\/\/noti-america.com\/site\/venezuela\/wp-content\/uploads\/sites\/2\/2018\/03\/legado-de-maduro.jpg\",\"datePublished\":\"2018-03-06T03:09:50+00:00\",\"dateModified\":\"2018-03-06T03:11:24+00:00\",\"breadcrumb\":{\"@id\":\"https:\/\/noti-america.com\/site\/venezuela\/2018\/03\/06\/venezuela-entre-la-miseria-y-los-desperdicios-de-basura\/#breadcrumb\"},\"inLanguage\":\"es\",\"potentialAction\":[{\"@type\":\"ReadAction\",\"target\":[\"https:\/\/noti-america.com\/site\/venezuela\/2018\/03\/06\/venezuela-entre-la-miseria-y-los-desperdicios-de-basura\/\"]}]},{\"@type\":\"ImageObject\",\"inLanguage\":\"es\",\"@id\":\"https:\/\/noti-america.com\/site\/venezuela\/2018\/03\/06\/venezuela-entre-la-miseria-y-los-desperdicios-de-basura\/#primaryimage\",\"url\":\"https:\/\/noti-america.com\/site\/venezuela\/wp-content\/uploads\/sites\/2\/2018\/03\/legado-de-maduro.jpg\",\"contentUrl\":\"https:\/\/noti-america.com\/site\/venezuela\/wp-content\/uploads\/sites\/2\/2018\/03\/legado-de-maduro.jpg\",\"width\":696,\"height\":464},{\"@type\":\"BreadcrumbList\",\"@id\":\"https:\/\/noti-america.com\/site\/venezuela\/2018\/03\/06\/venezuela-entre-la-miseria-y-los-desperdicios-de-basura\/#breadcrumb\",\"itemListElement\":[{\"@type\":\"ListItem\",\"position\":1,\"name\":\"Portada\",\"item\":\"https:\/\/noti-america.com\/site\/venezuela\/\"},{\"@type\":\"ListItem\",\"position\":2,\"name\":\"Venezuela entre la miseria y los desperdicios de basura\"}]},{\"@type\":\"WebSite\",\"@id\":\"https:\/\/noti-america.com\/site\/venezuela\/#website\",\"url\":\"https:\/\/noti-america.com\/site\/venezuela\/\",\"name\":\"Venezuela | Noti-America.com\",\"description\":\"\",\"publisher\":{\"@id\":\"https:\/\/noti-america.com\/site\/venezuela\/#organization\"},\"potentialAction\":[{\"@type\":\"SearchAction\",\"target\":{\"@type\":\"EntryPoint\",\"urlTemplate\":\"https:\/\/noti-america.com\/site\/venezuela\/?s={search_term_string}\"},\"query-input\":{\"@type\":\"PropertyValueSpecification\",\"valueRequired\":true,\"valueName\":\"search_term_string\"}}],\"inLanguage\":\"es\"},{\"@type\":\"Organization\",\"@id\":\"https:\/\/noti-america.com\/site\/venezuela\/#organization\",\"name\":\"Noti-America LLC | Venezuela\",\"url\":\"https:\/\/noti-america.com\/site\/venezuela\/\",\"logo\":{\"@type\":\"ImageObject\",\"inLanguage\":\"es\",\"@id\":\"https:\/\/noti-america.com\/site\/venezuela\/#\/schema\/logo\/image\/\",\"url\":\"https:\/\/noti-america.com\/site\/venezuela\/wp-content\/uploads\/sites\/2\/2020\/07\/LogoNA-4x3-1.jpg\",\"contentUrl\":\"https:\/\/noti-america.com\/site\/venezuela\/wp-content\/uploads\/sites\/2\/2020\/07\/LogoNA-4x3-1.jpg\",\"width\":1236,\"height\":1080,\"caption\":\"Noti-America LLC | Venezuela\"},\"image\":{\"@id\":\"https:\/\/noti-america.com\/site\/venezuela\/#\/schema\/logo\/image\/\"}},{\"@type\":\"Person\",\"@id\":\"https:\/\/noti-america.com\/site\/venezuela\/#\/schema\/person\/a166d9d45f249dbd09521fbc2e7342d8\",\"name\":\"Yliana Duque\",\"image\":{\"@type\":\"ImageObject\",\"inLanguage\":\"es\",\"@id\":\"https:\/\/secure.gravatar.com\/avatar\/8caf2a4035762b3be44c3a0455581febe2d5273a41ac40dacc575b8aa348fe65?s=96&d=mm&r=g\",\"url\":\"https:\/\/secure.gravatar.com\/avatar\/8caf2a4035762b3be44c3a0455581febe2d5273a41ac40dacc575b8aa348fe65?s=96&d=mm&r=g\",\"contentUrl\":\"https:\/\/secure.gravatar.com\/avatar\/8caf2a4035762b3be44c3a0455581febe2d5273a41ac40dacc575b8aa348fe65?s=96&d=mm&r=g\",\"caption\":\"Yliana Duque\"},\"description\":\"Ejercer el periodismo requiere de pasi\u00f3n y conocimiento en investigaci\u00f3n de campo. Siempre en la b\u00fasqueda de la verdad para aportar claridad y poder discernir sobre el hecho noticioso. Egresada de la Universidad de los Andes. Maestria en Relaciones Internacionales (UCV). Diplomado de Educaci\u00f3n Superior (Universidad Experimental LIbertador (UPEL), y Educaci\u00f3n superior a distancia (UFT). Estudios de Locuci\u00f3n- Actuaci\u00f3n-Publicidad y Mercadeo, Redes. Subdirectora de relaciones p\u00fablicas de la Asamablea Legislativa del Estado Sucre(1995)-Periodista de TELESOL,Telecaribe (Sucre). Jefe de Prensa de la Gobernaci\u00f3n del Estado Amazonas(1997). Periodista Comandancia General del Ej\u00e9rcito, Fuerte Tiuna (1996). Lider de Proyectos en educaci\u00f3n Superior en la Universidad Ferm\u00edn Toro (UFT) (2000). Docente Universitario UFT (2002-2007)-Docente de Educaci\u00f3n Superior a Distancia -titulado. Periodista Diario El Informador. Periodista en Apoyo A\u00e9reo de la Guardia Nacional, Aeropuerto Jacinto Lara. www.Noti-america.com (Venezuela)\",\"sameAs\":[\"https:\/\/x.com\/ylianaduque\"],\"url\":\"https:\/\/noti-america.com\/site\/venezuela\/author\/yduque\/\"}]}<\/script>\n<!-- \/ Yoast SEO Premium plugin. -->","yoast_head_json":{"title":"Venezuela entre la miseria y los desperdicios de basura - Venezuela | Noti-America.com","robots":{"index":"index","follow":"follow","max-snippet":"max-snippet:-1","max-image-preview":"max-image-preview:large","max-video-preview":"max-video-preview:-1"},"canonical":"https:\/\/noti-america.com\/site\/venezuela\/2018\/03\/06\/venezuela-entre-la-miseria-y-los-desperdicios-de-basura\/","og_locale":"es_ES","og_type":"article","og_title":"Venezuela entre la miseria y los desperdicios de basura","og_description":"Hoy en d\u00eda, casi tres millones de venezolanos gozan de su pensi\u00f3n, lastimeramente tratados como basura. Desde hace semanas la ciudad de Barquisimeto muestra una sucia cara, ante los c\u00famulos de basura y desperdicios&#46;&#46;&#46;","og_url":"https:\/\/noti-america.com\/site\/venezuela\/2018\/03\/06\/venezuela-entre-la-miseria-y-los-desperdicios-de-basura\/","og_site_name":"Venezuela | Noti-America.com","article_published_time":"2018-03-06T03:09:50+00:00","article_modified_time":"2018-03-06T03:11:24+00:00","og_image":[{"width":696,"height":464,"url":"https:\/\/noti-america.com\/site\/venezuela\/wp-content\/uploads\/sites\/2\/2018\/03\/legado-de-maduro.jpg","type":"image\/jpeg"}],"author":"Yliana Duque","twitter_card":"summary_large_image","twitter_creator":"@ylianaduque","twitter_misc":{"Escrito por":"Yliana Duque","Tiempo estimado de lectura":"4 minutos"},"schema":{"@context":"https:\/\/schema.org","@graph":[{"@type":"Article","@id":"https:\/\/noti-america.com\/site\/venezuela\/2018\/03\/06\/venezuela-entre-la-miseria-y-los-desperdicios-de-basura\/#article","isPartOf":{"@id":"https:\/\/noti-america.com\/site\/venezuela\/2018\/03\/06\/venezuela-entre-la-miseria-y-los-desperdicios-de-basura\/"},"author":{"name":"Yliana Duque","@id":"https:\/\/noti-america.com\/site\/venezuela\/#\/schema\/person\/a166d9d45f249dbd09521fbc2e7342d8"},"headline":"Venezuela entre la miseria y los desperdicios de basura","datePublished":"2018-03-06T03:09:50+00:00","dateModified":"2018-03-06T03:11:24+00:00","mainEntityOfPage":{"@id":"https:\/\/noti-america.com\/site\/venezuela\/2018\/03\/06\/venezuela-entre-la-miseria-y-los-desperdicios-de-basura\/"},"wordCount":903,"commentCount":0,"publisher":{"@id":"https:\/\/noti-america.com\/site\/venezuela\/#organization"},"image":{"@id":"https:\/\/noti-america.com\/site\/venezuela\/2018\/03\/06\/venezuela-entre-la-miseria-y-los-desperdicios-de-basura\/#primaryimage"},"thumbnailUrl":"https:\/\/noti-america.com\/site\/venezuela\/wp-content\/uploads\/sites\/2\/2018\/03\/legado-de-maduro.jpg","articleSection":["Econom\u00eda","Internacionales","Pol\u00edtica"],"inLanguage":"es","potentialAction":[{"@type":"CommentAction","name":"Comment","target":["https:\/\/noti-america.com\/site\/venezuela\/2018\/03\/06\/venezuela-entre-la-miseria-y-los-desperdicios-de-basura\/#respond"]}]},{"@type":"WebPage","@id":"https:\/\/noti-america.com\/site\/venezuela\/2018\/03\/06\/venezuela-entre-la-miseria-y-los-desperdicios-de-basura\/","url":"https:\/\/noti-america.com\/site\/venezuela\/2018\/03\/06\/venezuela-entre-la-miseria-y-los-desperdicios-de-basura\/","name":"Venezuela entre la miseria y los desperdicios de basura - Venezuela | Noti-America.com","isPartOf":{"@id":"https:\/\/noti-america.com\/site\/venezuela\/#website"},"primaryImageOfPage":{"@id":"https:\/\/noti-america.com\/site\/venezuela\/2018\/03\/06\/venezuela-entre-la-miseria-y-los-desperdicios-de-basura\/#primaryimage"},"image":{"@id":"https:\/\/noti-america.com\/site\/venezuela\/2018\/03\/06\/venezuela-entre-la-miseria-y-los-desperdicios-de-basura\/#primaryimage"},"thumbnailUrl":"https:\/\/noti-america.com\/site\/venezuela\/wp-content\/uploads\/sites\/2\/2018\/03\/legado-de-maduro.jpg","datePublished":"2018-03-06T03:09:50+00:00","dateModified":"2018-03-06T03:11:24+00:00","breadcrumb":{"@id":"https:\/\/noti-america.com\/site\/venezuela\/2018\/03\/06\/venezuela-entre-la-miseria-y-los-desperdicios-de-basura\/#breadcrumb"},"inLanguage":"es","potentialAction":[{"@type":"ReadAction","target":["https:\/\/noti-america.com\/site\/venezuela\/2018\/03\/06\/venezuela-entre-la-miseria-y-los-desperdicios-de-basura\/"]}]},{"@type":"ImageObject","inLanguage":"es","@id":"https:\/\/noti-america.com\/site\/venezuela\/2018\/03\/06\/venezuela-entre-la-miseria-y-los-desperdicios-de-basura\/#primaryimage","url":"https:\/\/noti-america.com\/site\/venezuela\/wp-content\/uploads\/sites\/2\/2018\/03\/legado-de-maduro.jpg","contentUrl":"https:\/\/noti-america.com\/site\/venezuela\/wp-content\/uploads\/sites\/2\/2018\/03\/legado-de-maduro.jpg","width":696,"height":464},{"@type":"BreadcrumbList","@id":"https:\/\/noti-america.com\/site\/venezuela\/2018\/03\/06\/venezuela-entre-la-miseria-y-los-desperdicios-de-basura\/#breadcrumb","itemListElement":[{"@type":"ListItem","position":1,"name":"Portada","item":"https:\/\/noti-america.com\/site\/venezuela\/"},{"@type":"ListItem","position":2,"name":"Venezuela entre la miseria y los desperdicios de basura"}]},{"@type":"WebSite","@id":"https:\/\/noti-america.com\/site\/venezuela\/#website","url":"https:\/\/noti-america.com\/site\/venezuela\/","name":"Venezuela | Noti-America.com","description":"","publisher":{"@id":"https:\/\/noti-america.com\/site\/venezuela\/#organization"},"potentialAction":[{"@type":"SearchAction","target":{"@type":"EntryPoint","urlTemplate":"https:\/\/noti-america.com\/site\/venezuela\/?s={search_term_string}"},"query-input":{"@type":"PropertyValueSpecification","valueRequired":true,"valueName":"search_term_string"}}],"inLanguage":"es"},{"@type":"Organization","@id":"https:\/\/noti-america.com\/site\/venezuela\/#organization","name":"Noti-America LLC | Venezuela","url":"https:\/\/noti-america.com\/site\/venezuela\/","logo":{"@type":"ImageObject","inLanguage":"es","@id":"https:\/\/noti-america.com\/site\/venezuela\/#\/schema\/logo\/image\/","url":"https:\/\/noti-america.com\/site\/venezuela\/wp-content\/uploads\/sites\/2\/2020\/07\/LogoNA-4x3-1.jpg","contentUrl":"https:\/\/noti-america.com\/site\/venezuela\/wp-content\/uploads\/sites\/2\/2020\/07\/LogoNA-4x3-1.jpg","width":1236,"height":1080,"caption":"Noti-America LLC | Venezuela"},"image":{"@id":"https:\/\/noti-america.com\/site\/venezuela\/#\/schema\/logo\/image\/"}},{"@type":"Person","@id":"https:\/\/noti-america.com\/site\/venezuela\/#\/schema\/person\/a166d9d45f249dbd09521fbc2e7342d8","name":"Yliana Duque","image":{"@type":"ImageObject","inLanguage":"es","@id":"https:\/\/secure.gravatar.com\/avatar\/8caf2a4035762b3be44c3a0455581febe2d5273a41ac40dacc575b8aa348fe65?s=96&d=mm&r=g","url":"https:\/\/secure.gravatar.com\/avatar\/8caf2a4035762b3be44c3a0455581febe2d5273a41ac40dacc575b8aa348fe65?s=96&d=mm&r=g","contentUrl":"https:\/\/secure.gravatar.com\/avatar\/8caf2a4035762b3be44c3a0455581febe2d5273a41ac40dacc575b8aa348fe65?s=96&d=mm&r=g","caption":"Yliana Duque"},"description":"Ejercer el periodismo requiere de pasi\u00f3n y conocimiento en investigaci\u00f3n de campo. Siempre en la b\u00fasqueda de la verdad para aportar claridad y poder discernir sobre el hecho noticioso. Egresada de la Universidad de los Andes. Maestria en Relaciones Internacionales (UCV). Diplomado de Educaci\u00f3n Superior (Universidad Experimental LIbertador (UPEL), y Educaci\u00f3n superior a distancia (UFT). Estudios de Locuci\u00f3n- Actuaci\u00f3n-Publicidad y Mercadeo, Redes. Subdirectora de relaciones p\u00fablicas de la Asamablea Legislativa del Estado Sucre(1995)-Periodista de TELESOL,Telecaribe (Sucre). Jefe de Prensa de la Gobernaci\u00f3n del Estado Amazonas(1997). Periodista Comandancia General del Ej\u00e9rcito, Fuerte Tiuna (1996). Lider de Proyectos en educaci\u00f3n Superior en la Universidad Ferm\u00edn Toro (UFT) (2000). Docente Universitario UFT (2002-2007)-Docente de Educaci\u00f3n Superior a Distancia -titulado. Periodista Diario El Informador. Periodista en Apoyo A\u00e9reo de la Guardia Nacional, Aeropuerto Jacinto Lara. www.Noti-america.com (Venezuela)","sameAs":["https:\/\/x.com\/ylianaduque"],"url":"https:\/\/noti-america.com\/site\/venezuela\/author\/yduque\/"}]}},"_links":{"self":[{"href":"https:\/\/noti-america.com\/site\/venezuela\/wp-json\/wp\/v2\/posts\/1622","targetHints":{"allow":["GET"]}}],"collection":[{"href":"https:\/\/noti-america.com\/site\/venezuela\/wp-json\/wp\/v2\/posts"}],"about":[{"href":"https:\/\/noti-america.com\/site\/venezuela\/wp-json\/wp\/v2\/types\/post"}],"author":[{"embeddable":true,"href":"https:\/\/noti-america.com\/site\/venezuela\/wp-json\/wp\/v2\/users\/11"}],"replies":[{"embeddable":true,"href":"https:\/\/noti-america.com\/site\/venezuela\/wp-json\/wp\/v2\/comments?post=1622"}],"version-history":[{"count":3,"href":"https:\/\/noti-america.com\/site\/venezuela\/wp-json\/wp\/v2\/posts\/1622\/revisions"}],"predecessor-version":[{"id":1630,"href":"https:\/\/noti-america.com\/site\/venezuela\/wp-json\/wp\/v2\/posts\/1622\/revisions\/1630"}],"wp:featuredmedia":[{"embeddable":true,"href":"https:\/\/noti-america.com\/site\/venezuela\/wp-json\/wp\/v2\/media\/1628"}],"wp:attachment":[{"href":"https:\/\/noti-america.com\/site\/venezuela\/wp-json\/wp\/v2\/media?parent=1622"}],"wp:term":[{"taxonomy":"category","embeddable":true,"href":"https:\/\/noti-america.com\/site\/venezuela\/wp-json\/wp\/v2\/categories?post=1622"},{"taxonomy":"post_tag","embeddable":true,"href":"https:\/\/noti-america.com\/site\/venezuela\/wp-json\/wp\/v2\/tags?post=1622"}],"curies":[{"name":"wp","href":"https:\/\/api.w.org\/{rel}","templated":true}]}}